{"id":1456375,"date":"2021-10-22T13:42:19","date_gmt":"2021-10-22T12:42:19","guid":{"rendered":"https:\/\/www.pressenza.com\/?p=1456375"},"modified":"2021-10-22T13:45:58","modified_gmt":"2021-10-22T12:45:58","slug":"menschen-und-buergerrechtlerinnen-in-tiefer-sorge-um-pressefreiheit-wegen-anhaltender-verfolgung-von-julian-assange","status":"publish","type":"post","link":"https:\/\/www.pressenza.com\/de\/2021\/10\/menschen-und-buergerrechtlerinnen-in-tiefer-sorge-um-pressefreiheit-wegen-anhaltender-verfolgung-von-julian-assange\/","title":{"rendered":"Menschen- und B\u00fcrgerrechtler:innen in tiefer Sorge um Pressefreiheit wegen anhaltender Verfolgung von Julian Assange"},"content":{"rendered":"<p>Eine breite Koalition aus namhaften Organisationen f\u00fcr Menschen- und B\u00fcrgerrechte sowie f\u00fcr Pressefreiheit, darunter <a href=\"https:\/\/www.amnesty.de\/mitmachen\/petition\/vereinigte-staaten-von-amerika-usa-muessen-anklage-gegen-julian-assange-fallen\" target=\"_blank\" rel=\"noreferrer noopener\">Amnesty International<\/a>, <a href=\"https:\/\/www.hrw.org\/news\/2021\/02\/08\/coalition-letter-us-department-justice-drop-assange-prosecution\" target=\"_blank\" rel=\"noreferrer noopener\">Human Rights Watch<\/a> und <a href=\"https:\/\/www.reporter-ohne-grenzen.de\/pressemitteilungen\/meldung\/bericht-ueber-cia-plaene-zur-ermordung-assanges-schockierender-anschlag-auf-die-pressefreiheit\" target=\"_blank\" rel=\"noreferrer noopener\">Reporter ohne Grenzen<\/a>, wandte sich am 15. Oktober 2021 erneut mit einem dringenden Schreiben an den US-Justizminister Merrick Garland (Democratic Party). Sie sehen eine extreme Gefahr f\u00fcr die Pressefreiheit, die von der anhaltenden Verfolgung des <a href=\"https:\/\/wikileaks.org\/\" target=\"_blank\" rel=\"noreferrer noopener\">WikiLeaks<\/a>-Journalisten Julian Assange ausgeht. Durch seine Verfolgung droht eine Kriminalisierung ganz regul\u00e4rer journalistischer T\u00e4tigkeiten, die sich bereits jetzt auf die Pressefreiheit weltweit auswirkt. Im Februar 2021 hatten sie deswegen einen ersten Brief an das US-Justizministerium geschrieben.<\/p>\n<p>Am 27. und 28. Oktober 2021 wird der High Court in London in Berufungsanh\u00f6rungen \u00fcber eine von den USA geforderte Auslieferung von Julian Assange entscheiden. Am 4. Januar 2021 hatte Bezirksrichterin Vanessa Baraitser eine Auslieferung abgelehnt, da in diesem Fall ein Suizid von Julian Assange nach Einsch\u00e4tzung verschiedener unabh\u00e4ngiger Experten nahezu unausweichlich erfolgen w\u00fcrde.<\/p>\n<p><em>Im folgenden dokumentieren wir das aktuelle Schreiben in deutscher \u00dcbersetzung:<\/em><\/p>\n<blockquote><p><em>U.S. Department of Justice<br \/>\n<\/em><em>950 Pennsylvania Avenue, NW<br \/>\n<\/em><em>Washington, DC 20530-0001<\/em><\/p>\n<p>15. Oktober 2021<\/p>\n<p>Sehr geehrter Herr Justizminister Merrick Garland,<\/p>\n<p>wir, die unterzeichnenden Organisationen, die sich f\u00fcr Pressefreiheit, B\u00fcrgerrechte und internationale Menschenrechte einsetzen, schreiben erneut, um unserer tiefen Besorgnis \u00fcber das laufende Straf- und Auslieferungsverfahren gegen den WikiLeaks-Gr\u00fcnder Julian Assange unter dem Espionage Act (US-Spionagegesetz) und dem Computer Fraud and Abuse Act (US-Gesetz gegen Computerbetrug und -missbrauch)<sup><strong>1<\/strong><\/sup> Ausdruck zu verleihen.<\/p>\n<p>Im Februar schrieben Mitglieder dieser Koalition an den amtierenden Justizminister und forderten, dass die strafrechtlichen Anklagen gegen Herrn Assange fallen gelassen werden.<sup><strong>2<\/strong><\/sup> Angesichts eines k\u00fcrzlich ver\u00f6ffentlichten Berichtes in den <em>Yahoo News<\/em>, der alarmierende Diskussionen innerhalb der CIA und der Trump-Regierung vor der Einreichung der Anklage gegen Assange beschreibt, erneuern wir nun diese Aufforderung mit noch gr\u00f6\u00dferer Dringlichkeit.<sup><strong>3 <\/strong><\/sup>Der <em>Yahoo News<\/em>-Bericht verst\u00e4rkt nur unsere Besorgnis \u00fcber die Beweggr\u00fcnde f\u00fcr diese Strafverfolgung und \u00fcber den gef\u00e4hrlichen Pr\u00e4zedenzfall, der geschaffen wird.<\/p>\n<p>Wie wir in unserer fr\u00fcheren Korrespondenz angemerkt haben, haben die Unterzeichner dieses Briefes unterschiedliche Sichtweisen auf Herrn Assange und seine Organisation. Wir sind uns jedoch einig, dass das Strafverfahren gegen ihn eine gro\u00dfe Bedrohung f\u00fcr die Pressefreiheit sowohl in den Vereinigten Staaten als auch im Ausland darstellt. Wir waren entt\u00e4uscht dar\u00fcber, dass das Justizministerium gegen die Entscheidung von Richterin Vanessa Baraitser vom Westminster Magistrates\u2018 Court, den Auslieferungsantrag der Trump-Regierung abzulehnen, Berufung eingelegt hat.<sup><strong>4<\/strong><\/sup> Insbesondere angesichts des j\u00fcngsten Nachrichtenberichts bitten wir Sie dringend, die Berufung zur\u00fcckzuziehen und die zugrundeliegende Anklage fallen zu lassen.<\/p>\n<p>Wie wir in unserem fr\u00fcheren Schreiben erkl\u00e4rt haben, geh\u00f6ren f\u00fcr Journalisten viele der in der Anklageschrift beschriebenen Handlungsweisen zu ihrem routinem\u00e4\u00dfigen Vorgehen: Gespr\u00e4che mit Informationsgebern f\u00fchren, um n\u00e4here Angaben oder weitere Unterlagen bitten und Staatsgeheimnisse entgegennehmen und ver\u00f6ffentlichen. Nachrichtenunternehmen ver\u00f6ffentlichen h\u00e4ufig und notwendigerweise geheime Informationen, um die \u00d6ffentlichkeit \u00fcber Angelegenheiten von gro\u00dfer \u00f6ffentlicher Bedeutung zu informieren. Wir verstehen, dass die Regierung ein legitimes Interesse daran hat, Belange der nationalen Sicherheit zu sch\u00fctzen, aber das Verfahren gegen Herrn Assange gef\u00e4hrdet den Journalismus, der f\u00fcr die Demokratie von entscheidender Bedeutung ist. Unserer Ansicht nach k\u00f6nnte ein Pr\u00e4zedenzfall, der durch die strafrechtliche Verfolgung von Assange geschaffen wird, gegen Verleger und Journalisten eingesetzt werden und deren Arbeit beeintr\u00e4chtigen und die Pressefreiheit untergraben.<\/p>\n<p>Gro\u00dfe Nachrichtenorganisationen teilen diese Sorge. Die Anklagen gegen Assange werden von praktisch allen gro\u00dfen amerikanischen Nachrichtenunternehmen verurteilt,<sup><strong>5<\/strong><\/sup> obwohl viele von ihnen Herrn Assange in der Vergangenheit kritisiert haben.<\/p>\n<p>In Anbetracht dieser Bedenken und angesichts des schockierenden neuen Berichts \u00fcber das Verhalten der Regierung in diesem Fall, fordern wir Sie mit allem Respekt auf, die laufende Berufung gegen die Entscheidung von Richterin Baraitser fallen zu lassen und die Anklage gegen Herrn Assange zur\u00fcckzuziehen.<\/p>\n<p>Hochachtungsvoll<\/p>\n<p><em>(in alphabetischer Reihenfolge)<\/em><\/p>\n<p>Access Now<br \/>\nAmerican Civil Liberties Union<br \/>\nAmnesty International USA<br \/>\nCenter for Constitutional Rights<br \/>\nCommittee to Protect Journalists<br \/>\nDefending Rights &amp; Dissent<br \/>\nDemand Progress Education Fund<br \/>\nElectronic Frontier Foundation<br \/>\nFight for the Future<br \/>\nFirst Amendment Coalition<br \/>\nFree Press<br \/>\nFreedom of the Press Foundation<br \/>\nHuman Rights Watch<br \/>\nIndex on Censorship<br \/>\nKnight First Amendment Institute at Columbia University<br \/>\nNational Coalition Against Censorship<br \/>\nOpen The Government<br \/>\nPartnership for Civil Justice Fund<br \/>\nPEN America<br \/>\nProject on Government Oversight<br \/>\nReporters Without Borders<br \/>\nRootsAction.org<br \/>\nThe Press Freedom Defense Fund of First Look Institute<br \/>\nWhistleblower and Source Protection Program (WHISPeR) at ExposeFacts<\/p><\/blockquote>\n<p><em>Mit herzlichem Dank an die \u00dcbersetzerin Rada Lazic.<\/em><\/p>\n<p><em>Mehr Infos wie Sie Julian Assange unterst\u00fctzen und sich f\u00fcr die Pressefreiheit einsetzen k\u00f6nnen unter <a href=\"https:\/\/freeassange.eu\/#intro\" target=\"_blank\" rel=\"noopener\">FreeAssange.eu<\/a>.<\/em><\/p>\n<hr \/>\n<p><sup><strong>1<\/strong><\/sup> \u201cWikiLeaks Founder Julian Assange Charged in 18-Count Superseding Indictment.\u201d<br \/>\nDepartment of Justice. May 3, 2019. \u02c2<a href=\"https:\/\/www.justice.gov\/opa\/pr\/wikileaks-founder-julian-assange-charged-18-count-superseding-indictment\" target=\"_blank\" rel=\"noopener\">WikiLeaks Founder Julian Assange Charged in 18-Count Superseding Indictment | OPA | Department of Justice<\/a>\u02c3 and<br \/>\n\u201cWikiLeaks Founder Charged in Superseding Indictment.\u201d Department of Justice. June 24, 2020.\u02c2 <a href=\"https:\/\/www.justice.gov\/opa\/pr\/wikileaks-founder-charged-superseding-indictment\" target=\"_blank\" rel=\"noreferrer noopener\">WikiLeaks Founder Charged in Superseding Indictment | OPA | Department of Justice<\/a>\u02c3<br \/>\n<sup><strong>2<\/strong><\/sup> Savage, Charlie. \u201cCivil-Liberties Groups Ask Biden Justice Dept. to Drop Julian Assange Case.\u201d The New York Times. February 8, 2021.<br \/>\n\u02c2<a href=\"https:\/\/www.nytimes.com\/2021\/02\/08\/us\/politics\/julian-assange-indictment.html\" target=\"_blank\" rel=\"noopener\">Biden Administration Urged to Drop Julian Assange Case \u2013 The New York Times (nytimes.<\/a><a href=\"https:\/\/www.nytimes.com\/2021\/02\/08\/us\/politics\/julian-assange-indictment.html\">com<\/a><a href=\"https:\/\/www.nytimes.com\/2021\/02\/08\/us\/politics\/julian-assange-indictment.html\">)<\/a>\u02c3<br \/>\n<sup><strong>3<\/strong><\/sup> Dorfman, Zach; Naylor, Sean D.; Isikoff, Michael. \u201cKidnapping, assassination and a London shoot-out: Inside the CIA\u2019s secret war plans against WikiLeaks.\u201d Yahoo News. September 26, 2021.<br \/>\n\u02c2<a href=\"https:\/\/news.yahoo.com\/kidnapping-assassination-and-a-london-shoot-out-inside-the-ci-as-secret-war-plans-against-wiki-leaks-090057786.html?guccounter=1\" target=\"_blank\" rel=\"noreferrer noopener\">Kidnapping, assassination and a London shoot-out: Inside the CIA\u2019s secret war plans against WikiLeaks (yahoo.com)<\/a>\u02c3<br \/>\n<sup><strong>4<\/strong><\/sup> Order of District Judge (Magistrates\u2019 Court) Vanessa Baraitser In the Westminster Magistrates\u2019 Court, January 4, 2021. \u02c2<a href=\"https:\/\/www.judiciary.uk\/wp-content\/uploads\/2021\/01\/USA-v-Assange-judgment-040121.pdf\" target=\"_blank\" rel=\"noreferrer noopener\">USA -v- Julian Assange judgment (judiciary.uk)<\/a>\u02c3<br \/>\n<sup><strong>5<\/strong><\/sup> Fassett, Camille. \u201cPress freedom advocates and news outlets strongly condemn new charges against Julian Assange.\u201d Freedom of the Press Foundation. May 24, 2019.<br \/>\n\u02c2<a href=\"https:\/\/freedom.press\/news\/press-freedom-advocates-and-news-outlets-advocates-strongly-condemn-new-charges-against-julian-assange\/\" target=\"_blank\" rel=\"noreferrer noopener\">Press freedom advocates and news outlets strongly condemn new charges against Julian Assange<\/a>\u02c3<\/p>\n<p><em>\u00a0<\/em><\/p>\n","protected":false},"excerpt":{"rendered":"<p>Eine breite Koalition aus namhaften Organisationen f\u00fcr Menschen- und B\u00fcrgerrechte sowie f\u00fcr Pressefreiheit, darunter Amnesty International, Human Rights Watch und Reporter ohne Grenzen, wandte sich am 15. Oktober 2021 erneut mit einem dringenden Schreiben an den US-Justizminister Merrick Garland (Democratic&hellip;<\/p>\n","protected":false},"author":1095,"featured_media":1456377,"comment_status":"closed","ping_status":"closed","sticky":false,"template":"","format":"standard","meta":{"footnotes":""},"categories":[9156,9161,9152],"tags":[62723,71510,71511,81480,11998,96005,88049,10332,9767,10853,11997],"class_list":["post-1456375","post","type-post","status-publish","format-standard","has-post-thumbnail","hentry","category-kultur-und-medien","category-menschenrechte","category-nordamerika","tag-freeassange-de","tag-dontextraditeassange-de","tag-freejulianassange-de","tag-joe-biden-de","tag-julian-assange-de","tag-justizministeriums","tag-merrick-garland-de","tag-pressefreiheit","tag-usa-de","tag-whistleblower","tag-wikileaks-de"],"yoast_head":"<!-- This site is optimized with the Yoast SEO plugin v27.1.1 - https:\/\/yoast.com\/product\/yoast-seo-wordpress\/ -->\n<title>Menschen- und B\u00fcrgerrechtler:innen in tiefer Sorge um Pressefreiheit wegen anhaltender Verfolgung von Julian Assange<\/title>\n<meta name=\"description\" content=\"Eine breite Koalition aus namhaften Organisationen f\u00fcr Menschen- und B\u00fcrgerrechte sowie f\u00fcr Pressefreiheit, darunter Amnesty International, Human Rights\" \/>\n<meta name=\"robots\" content=\"index, follow, max-snippet:-1, max-image-preview:large, max-video-preview:-1\" \/>\n<link rel=\"canonical\" href=\"https:\/\/www.pressenza.com\/de\/2021\/10\/menschen-und-buergerrechtlerinnen-in-tiefer-sorge-um-pressefreiheit-wegen-anhaltender-verfolgung-von-julian-assange\/\" \/>\n<meta property=\"og:locale\" content=\"de_DE\" \/>\n<meta property=\"og:type\" content=\"article\" \/>\n<meta property=\"og:title\" content=\"Menschen- und B\u00fcrgerrechtler:innen in tiefer Sorge um Pressefreiheit wegen anhaltender Verfolgung von Julian Assange\" \/>\n<meta property=\"og:description\" content=\"Eine breite Koalition aus namhaften Organisationen f\u00fcr Menschen- und B\u00fcrgerrechte sowie f\u00fcr Pressefreiheit, darunter Amnesty International, Human Rights\" \/>\n<meta property=\"og:url\" content=\"https:\/\/www.pressenza.com\/de\/2021\/10\/menschen-und-buergerrechtlerinnen-in-tiefer-sorge-um-pressefreiheit-wegen-anhaltender-verfolgung-von-julian-assange\/\" \/>\n<meta property=\"og:site_name\" content=\"Pressenza\" \/>\n<meta property=\"article:publisher\" content=\"https:\/\/www.facebook.com\/PressenzaItalia\" \/>\n<meta property=\"article:author\" content=\"https:\/\/www.facebook.com\/Pressenza-Deutschland-sterreich-Schweiz-281675388658060\/timeline\/\" \/>\n<meta property=\"article:published_time\" content=\"2021-10-22T12:42:19+00:00\" \/>\n<meta property=\"article:modified_time\" content=\"2021-10-22T12:45:58+00:00\" \/>\n<meta property=\"og:image\" content=\"https:\/\/www.pressenza.com\/wp-content\/uploads\/2021\/10\/US_Department_of_Justice_building_with_road.original.jpg\" \/>\n\t<meta property=\"og:image:width\" content=\"1280\" \/>\n\t<meta property=\"og:image:height\" content=\"948\" \/>\n\t<meta property=\"og:image:type\" content=\"image\/jpeg\" \/>\n<meta name=\"author\" content=\"Pressenza Berlin\" \/>\n<meta name=\"twitter:card\" content=\"summary_large_image\" \/>\n<meta name=\"twitter:creator\" content=\"@pressenza_ger\" \/>\n<meta name=\"twitter:site\" content=\"@PressenzaIPA\" \/>\n<meta name=\"twitter:label1\" content=\"Verfasst von\" \/>\n\t<meta name=\"twitter:data1\" content=\"Pressenza Berlin\" \/>\n\t<meta name=\"twitter:label2\" content=\"Gesch\u00e4tzte Lesezeit\" \/>\n\t<meta name=\"twitter:data2\" content=\"5\u00a0Minuten\" \/>\n<script type=\"application\/ld+json\" class=\"yoast-schema-graph\">{\"@context\":\"https:\/\/schema.org\",\"@graph\":[{\"@type\":\"Article\",\"@id\":\"https:\/\/www.pressenza.com\/de\/2021\/10\/menschen-und-buergerrechtlerinnen-in-tiefer-sorge-um-pressefreiheit-wegen-anhaltender-verfolgung-von-julian-assange\/#article\",\"isPartOf\":{\"@id\":\"https:\/\/www.pressenza.com\/de\/2021\/10\/menschen-und-buergerrechtlerinnen-in-tiefer-sorge-um-pressefreiheit-wegen-anhaltender-verfolgung-von-julian-assange\/\"},\"author\":{\"name\":\"Pressenza Berlin\",\"@id\":\"https:\/\/www.pressenza.com\/de\/#\/schema\/person\/57bb5480943a496a7722b0248e4b658a\"},\"headline\":\"Menschen- und B\u00fcrgerrechtler:innen in tiefer Sorge um Pressefreiheit wegen anhaltender Verfolgung von Julian Assange\",\"datePublished\":\"2021-10-22T12:42:19+00:00\",\"dateModified\":\"2021-10-22T12:45:58+00:00\",\"mainEntityOfPage\":{\"@id\":\"https:\/\/www.pressenza.com\/de\/2021\/10\/menschen-und-buergerrechtlerinnen-in-tiefer-sorge-um-pressefreiheit-wegen-anhaltender-verfolgung-von-julian-assange\/\"},\"wordCount\":943,\"publisher\":{\"@id\":\"https:\/\/www.pressenza.com\/de\/#organization\"},\"image\":{\"@id\":\"https:\/\/www.pressenza.com\/de\/2021\/10\/menschen-und-buergerrechtlerinnen-in-tiefer-sorge-um-pressefreiheit-wegen-anhaltender-verfolgung-von-julian-assange\/#primaryimage\"},\"thumbnailUrl\":\"https:\/\/www.pressenza.com\/wp-content\/uploads\/2021\/10\/US_Department_of_Justice_building_with_road.original.jpg\",\"keywords\":[\"#FreeAssange\",\"DontExtraditeAssange\",\"FreeJulianAssange\",\"Joe Biden\",\"Julian Assange\",\"Justizministeriums\",\"Merrick Garland\",\"Pressefreiheit\",\"USA\",\"Whistleblower\",\"Wikileaks\"],\"articleSection\":[\"Kultur und Medien\",\"Menschenrechte\",\"Nordamerika\"],\"inLanguage\":\"de\"},{\"@type\":\"WebPage\",\"@id\":\"https:\/\/www.pressenza.com\/de\/2021\/10\/menschen-und-buergerrechtlerinnen-in-tiefer-sorge-um-pressefreiheit-wegen-anhaltender-verfolgung-von-julian-assange\/\",\"url\":\"https:\/\/www.pressenza.com\/de\/2021\/10\/menschen-und-buergerrechtlerinnen-in-tiefer-sorge-um-pressefreiheit-wegen-anhaltender-verfolgung-von-julian-assange\/\",\"name\":\"Menschen- und B\u00fcrgerrechtler:innen in tiefer Sorge um Pressefreiheit wegen anhaltender Verfolgung von Julian Assange\",\"isPartOf\":{\"@id\":\"https:\/\/www.pressenza.com\/de\/#website\"},\"primaryImageOfPage\":{\"@id\":\"https:\/\/www.pressenza.com\/de\/2021\/10\/menschen-und-buergerrechtlerinnen-in-tiefer-sorge-um-pressefreiheit-wegen-anhaltender-verfolgung-von-julian-assange\/#primaryimage\"},\"image\":{\"@id\":\"https:\/\/www.pressenza.com\/de\/2021\/10\/menschen-und-buergerrechtlerinnen-in-tiefer-sorge-um-pressefreiheit-wegen-anhaltender-verfolgung-von-julian-assange\/#primaryimage\"},\"thumbnailUrl\":\"https:\/\/www.pressenza.com\/wp-content\/uploads\/2021\/10\/US_Department_of_Justice_building_with_road.original.jpg\",\"datePublished\":\"2021-10-22T12:42:19+00:00\",\"dateModified\":\"2021-10-22T12:45:58+00:00\",\"description\":\"Eine breite Koalition aus namhaften Organisationen f\u00fcr Menschen- und B\u00fcrgerrechte sowie f\u00fcr Pressefreiheit, darunter Amnesty International, Human Rights\",\"breadcrumb\":{\"@id\":\"https:\/\/www.pressenza.com\/de\/2021\/10\/menschen-und-buergerrechtlerinnen-in-tiefer-sorge-um-pressefreiheit-wegen-anhaltender-verfolgung-von-julian-assange\/#breadcrumb\"},\"inLanguage\":\"de\",\"potentialAction\":[{\"@type\":\"ReadAction\",\"target\":[\"https:\/\/www.pressenza.com\/de\/2021\/10\/menschen-und-buergerrechtlerinnen-in-tiefer-sorge-um-pressefreiheit-wegen-anhaltender-verfolgung-von-julian-assange\/\"]}]},{\"@type\":\"ImageObject\",\"inLanguage\":\"de\",\"@id\":\"https:\/\/www.pressenza.com\/de\/2021\/10\/menschen-und-buergerrechtlerinnen-in-tiefer-sorge-um-pressefreiheit-wegen-anhaltender-verfolgung-von-julian-assange\/#primaryimage\",\"url\":\"https:\/\/www.pressenza.com\/wp-content\/uploads\/2021\/10\/US_Department_of_Justice_building_with_road.original.jpg\",\"contentUrl\":\"https:\/\/www.pressenza.com\/wp-content\/uploads\/2021\/10\/US_Department_of_Justice_building_with_road.original.jpg\",\"width\":1280,\"height\":948},{\"@type\":\"BreadcrumbList\",\"@id\":\"https:\/\/www.pressenza.com\/de\/2021\/10\/menschen-und-buergerrechtlerinnen-in-tiefer-sorge-um-pressefreiheit-wegen-anhaltender-verfolgung-von-julian-assange\/#breadcrumb\",\"itemListElement\":[{\"@type\":\"ListItem\",\"position\":1,\"name\":\"Accueil\",\"item\":\"https:\/\/www.pressenza.com\/de\/\"},{\"@type\":\"ListItem\",\"position\":2,\"name\":\"Menschen- und B\u00fcrgerrechtler:innen in tiefer Sorge um Pressefreiheit wegen anhaltender Verfolgung von Julian Assange\"}]},{\"@type\":\"WebSite\",\"@id\":\"https:\/\/www.pressenza.com\/de\/#website\",\"url\":\"https:\/\/www.pressenza.com\/de\/\",\"name\":\"Pressenza\",\"description\":\"International Press Agency\",\"publisher\":{\"@id\":\"https:\/\/www.pressenza.com\/de\/#organization\"},\"potentialAction\":[{\"@type\":\"SearchAction\",\"target\":{\"@type\":\"EntryPoint\",\"urlTemplate\":\"https:\/\/www.pressenza.com\/de\/?s={search_term_string}\"},\"query-input\":{\"@type\":\"PropertyValueSpecification\",\"valueRequired\":true,\"valueName\":\"search_term_string\"}}],\"inLanguage\":\"de\"},{\"@type\":\"Organization\",\"@id\":\"https:\/\/www.pressenza.com\/de\/#organization\",\"name\":\"Pressenza\",\"url\":\"https:\/\/www.pressenza.com\/de\/\",\"logo\":{\"@type\":\"ImageObject\",\"inLanguage\":\"de\",\"@id\":\"https:\/\/www.pressenza.com\/de\/#\/schema\/logo\/image\/\",\"url\":\"https:\/\/www.pressenza.com\/wp-content\/uploads\/2022\/10\/pressenza_logo_200x200.jpg\",\"contentUrl\":\"https:\/\/www.pressenza.com\/wp-content\/uploads\/2022\/10\/pressenza_logo_200x200.jpg\",\"width\":200,\"height\":200,\"caption\":\"Pressenza\"},\"image\":{\"@id\":\"https:\/\/www.pressenza.com\/de\/#\/schema\/logo\/image\/\"},\"sameAs\":[\"https:\/\/www.facebook.com\/PressenzaItalia\",\"https:\/\/x.com\/PressenzaIPA\"]},{\"@type\":\"Person\",\"@id\":\"https:\/\/www.pressenza.com\/de\/#\/schema\/person\/57bb5480943a496a7722b0248e4b658a\",\"name\":\"Pressenza Berlin\",\"description\":\"News from the Pressenza Bureau in Berlin, Germany\",\"sameAs\":[\"https:\/\/www.facebook.com\/Pressenza-Deutschland-sterreich-Schweiz-281675388658060\/timeline\/\",\"https:\/\/x.com\/pressenza_ger\"],\"url\":\"https:\/\/www.pressenza.com\/de\/author\/pressenza-berlin\/\"}]}<\/script>\n<!-- \/ Yoast SEO plugin. -->","yoast_head_json":{"title":"Menschen- und B\u00fcrgerrechtler:innen in tiefer Sorge um Pressefreiheit wegen anhaltender Verfolgung von Julian Assange","description":"Eine breite Koalition aus namhaften Organisationen f\u00fcr Menschen- und B\u00fcrgerrechte sowie f\u00fcr Pressefreiheit, darunter Amnesty International, Human Rights","robots":{"index":"index","follow":"follow","max-snippet":"max-snippet:-1","max-image-preview":"max-image-preview:large","max-video-preview":"max-video-preview:-1"},"canonical":"https:\/\/www.pressenza.com\/de\/2021\/10\/menschen-und-buergerrechtlerinnen-in-tiefer-sorge-um-pressefreiheit-wegen-anhaltender-verfolgung-von-julian-assange\/","og_locale":"de_DE","og_type":"article","og_title":"Menschen- und B\u00fcrgerrechtler:innen in tiefer Sorge um Pressefreiheit wegen anhaltender Verfolgung von Julian Assange","og_description":"Eine breite Koalition aus namhaften Organisationen f\u00fcr Menschen- und B\u00fcrgerrechte sowie f\u00fcr Pressefreiheit, darunter Amnesty International, Human Rights","og_url":"https:\/\/www.pressenza.com\/de\/2021\/10\/menschen-und-buergerrechtlerinnen-in-tiefer-sorge-um-pressefreiheit-wegen-anhaltender-verfolgung-von-julian-assange\/","og_site_name":"Pressenza","article_publisher":"https:\/\/www.facebook.com\/PressenzaItalia","article_author":"https:\/\/www.facebook.com\/Pressenza-Deutschland-sterreich-Schweiz-281675388658060\/timeline\/","article_published_time":"2021-10-22T12:42:19+00:00","article_modified_time":"2021-10-22T12:45:58+00:00","og_image":[{"width":1280,"height":948,"url":"https:\/\/www.pressenza.com\/wp-content\/uploads\/2021\/10\/US_Department_of_Justice_building_with_road.original.jpg","type":"image\/jpeg"}],"author":"Pressenza Berlin","twitter_card":"summary_large_image","twitter_creator":"@pressenza_ger","twitter_site":"@PressenzaIPA","twitter_misc":{"Verfasst von":"Pressenza Berlin","Gesch\u00e4tzte Lesezeit":"5\u00a0Minuten"},"schema":{"@context":"https:\/\/schema.org","@graph":[{"@type":"Article","@id":"https:\/\/www.pressenza.com\/de\/2021\/10\/menschen-und-buergerrechtlerinnen-in-tiefer-sorge-um-pressefreiheit-wegen-anhaltender-verfolgung-von-julian-assange\/#article","isPartOf":{"@id":"https:\/\/www.pressenza.com\/de\/2021\/10\/menschen-und-buergerrechtlerinnen-in-tiefer-sorge-um-pressefreiheit-wegen-anhaltender-verfolgung-von-julian-assange\/"},"author":{"name":"Pressenza Berlin","@id":"https:\/\/www.pressenza.com\/de\/#\/schema\/person\/57bb5480943a496a7722b0248e4b658a"},"headline":"Menschen- und B\u00fcrgerrechtler:innen in tiefer Sorge um Pressefreiheit wegen anhaltender Verfolgung von Julian Assange","datePublished":"2021-10-22T12:42:19+00:00","dateModified":"2021-10-22T12:45:58+00:00","mainEntityOfPage":{"@id":"https:\/\/www.pressenza.com\/de\/2021\/10\/menschen-und-buergerrechtlerinnen-in-tiefer-sorge-um-pressefreiheit-wegen-anhaltender-verfolgung-von-julian-assange\/"},"wordCount":943,"publisher":{"@id":"https:\/\/www.pressenza.com\/de\/#organization"},"image":{"@id":"https:\/\/www.pressenza.com\/de\/2021\/10\/menschen-und-buergerrechtlerinnen-in-tiefer-sorge-um-pressefreiheit-wegen-anhaltender-verfolgung-von-julian-assange\/#primaryimage"},"thumbnailUrl":"https:\/\/www.pressenza.com\/wp-content\/uploads\/2021\/10\/US_Department_of_Justice_building_with_road.original.jpg","keywords":["#FreeAssange","DontExtraditeAssange","FreeJulianAssange","Joe Biden","Julian Assange","Justizministeriums","Merrick Garland","Pressefreiheit","USA","Whistleblower","Wikileaks"],"articleSection":["Kultur und Medien","Menschenrechte","Nordamerika"],"inLanguage":"de"},{"@type":"WebPage","@id":"https:\/\/www.pressenza.com\/de\/2021\/10\/menschen-und-buergerrechtlerinnen-in-tiefer-sorge-um-pressefreiheit-wegen-anhaltender-verfolgung-von-julian-assange\/","url":"https:\/\/www.pressenza.com\/de\/2021\/10\/menschen-und-buergerrechtlerinnen-in-tiefer-sorge-um-pressefreiheit-wegen-anhaltender-verfolgung-von-julian-assange\/","name":"Menschen- und B\u00fcrgerrechtler:innen in tiefer Sorge um Pressefreiheit wegen anhaltender Verfolgung von Julian Assange","isPartOf":{"@id":"https:\/\/www.pressenza.com\/de\/#website"},"primaryImageOfPage":{"@id":"https:\/\/www.pressenza.com\/de\/2021\/10\/menschen-und-buergerrechtlerinnen-in-tiefer-sorge-um-pressefreiheit-wegen-anhaltender-verfolgung-von-julian-assange\/#primaryimage"},"image":{"@id":"https:\/\/www.pressenza.com\/de\/2021\/10\/menschen-und-buergerrechtlerinnen-in-tiefer-sorge-um-pressefreiheit-wegen-anhaltender-verfolgung-von-julian-assange\/#primaryimage"},"thumbnailUrl":"https:\/\/www.pressenza.com\/wp-content\/uploads\/2021\/10\/US_Department_of_Justice_building_with_road.original.jpg","datePublished":"2021-10-22T12:42:19+00:00","dateModified":"2021-10-22T12:45:58+00:00","description":"Eine breite Koalition aus namhaften Organisationen f\u00fcr Menschen- und B\u00fcrgerrechte sowie f\u00fcr Pressefreiheit, darunter Amnesty International, Human Rights","breadcrumb":{"@id":"https:\/\/www.pressenza.com\/de\/2021\/10\/menschen-und-buergerrechtlerinnen-in-tiefer-sorge-um-pressefreiheit-wegen-anhaltender-verfolgung-von-julian-assange\/#breadcrumb"},"inLanguage":"de","potentialAction":[{"@type":"ReadAction","target":["https:\/\/www.pressenza.com\/de\/2021\/10\/menschen-und-buergerrechtlerinnen-in-tiefer-sorge-um-pressefreiheit-wegen-anhaltender-verfolgung-von-julian-assange\/"]}]},{"@type":"ImageObject","inLanguage":"de","@id":"https:\/\/www.pressenza.com\/de\/2021\/10\/menschen-und-buergerrechtlerinnen-in-tiefer-sorge-um-pressefreiheit-wegen-anhaltender-verfolgung-von-julian-assange\/#primaryimage","url":"https:\/\/www.pressenza.com\/wp-content\/uploads\/2021\/10\/US_Department_of_Justice_building_with_road.original.jpg","contentUrl":"https:\/\/www.pressenza.com\/wp-content\/uploads\/2021\/10\/US_Department_of_Justice_building_with_road.original.jpg","width":1280,"height":948},{"@type":"BreadcrumbList","@id":"https:\/\/www.pressenza.com\/de\/2021\/10\/menschen-und-buergerrechtlerinnen-in-tiefer-sorge-um-pressefreiheit-wegen-anhaltender-verfolgung-von-julian-assange\/#breadcrumb","itemListElement":[{"@type":"ListItem","position":1,"name":"Accueil","item":"https:\/\/www.pressenza.com\/de\/"},{"@type":"ListItem","position":2,"name":"Menschen- und B\u00fcrgerrechtler:innen in tiefer Sorge um Pressefreiheit wegen anhaltender Verfolgung von Julian Assange"}]},{"@type":"WebSite","@id":"https:\/\/www.pressenza.com\/de\/#website","url":"https:\/\/www.pressenza.com\/de\/","name":"Pressenza","description":"International Press Agency","publisher":{"@id":"https:\/\/www.pressenza.com\/de\/#organization"},"potentialAction":[{"@type":"SearchAction","target":{"@type":"EntryPoint","urlTemplate":"https:\/\/www.pressenza.com\/de\/?s={search_term_string}"},"query-input":{"@type":"PropertyValueSpecification","valueRequired":true,"valueName":"search_term_string"}}],"inLanguage":"de"},{"@type":"Organization","@id":"https:\/\/www.pressenza.com\/de\/#organization","name":"Pressenza","url":"https:\/\/www.pressenza.com\/de\/","logo":{"@type":"ImageObject","inLanguage":"de","@id":"https:\/\/www.pressenza.com\/de\/#\/schema\/logo\/image\/","url":"https:\/\/www.pressenza.com\/wp-content\/uploads\/2022\/10\/pressenza_logo_200x200.jpg","contentUrl":"https:\/\/www.pressenza.com\/wp-content\/uploads\/2022\/10\/pressenza_logo_200x200.jpg","width":200,"height":200,"caption":"Pressenza"},"image":{"@id":"https:\/\/www.pressenza.com\/de\/#\/schema\/logo\/image\/"},"sameAs":["https:\/\/www.facebook.com\/PressenzaItalia","https:\/\/x.com\/PressenzaIPA"]},{"@type":"Person","@id":"https:\/\/www.pressenza.com\/de\/#\/schema\/person\/57bb5480943a496a7722b0248e4b658a","name":"Pressenza Berlin","description":"News from the Pressenza Bureau in Berlin, Germany","sameAs":["https:\/\/www.facebook.com\/Pressenza-Deutschland-sterreich-Schweiz-281675388658060\/timeline\/","https:\/\/x.com\/pressenza_ger"],"url":"https:\/\/www.pressenza.com\/de\/author\/pressenza-berlin\/"}]}},"place":"FreeAssange.eu","original_article_url":"https:\/\/blog.freeassange.eu\/2021\/10\/21\/brandbrief-an-us-justizministerium\/","_links":{"self":[{"href":"https:\/\/www.pressenza.com\/de\/wp-json\/wp\/v2\/posts\/1456375","targetHints":{"allow":["GET"]}}],"collection":[{"href":"https:\/\/www.pressenza.com\/de\/wp-json\/wp\/v2\/posts"}],"about":[{"href":"https:\/\/www.pressenza.com\/de\/wp-json\/wp\/v2\/types\/post"}],"author":[{"embeddable":true,"href":"https:\/\/www.pressenza.com\/de\/wp-json\/wp\/v2\/users\/1095"}],"replies":[{"embeddable":true,"href":"https:\/\/www.pressenza.com\/de\/wp-json\/wp\/v2\/comments?post=1456375"}],"version-history":[{"count":0,"href":"https:\/\/www.pressenza.com\/de\/wp-json\/wp\/v2\/posts\/1456375\/revisions"}],"wp:featuredmedia":[{"embeddable":true,"href":"https:\/\/www.pressenza.com\/de\/wp-json\/wp\/v2\/media\/1456377"}],"wp:attachment":[{"href":"https:\/\/www.pressenza.com\/de\/wp-json\/wp\/v2\/media?parent=1456375"}],"wp:term":[{"taxonomy":"category","embeddable":true,"href":"https:\/\/www.pressenza.com\/de\/wp-json\/wp\/v2\/categories?post=1456375"},{"taxonomy":"post_tag","embeddable":true,"href":"https:\/\/www.pressenza.com\/de\/wp-json\/wp\/v2\/tags?post=1456375"}],"curies":[{"name":"wp","href":"https:\/\/api.w.org\/{rel}","templated":true}]}}