{"id":1443950,"date":"2021-10-07T06:08:01","date_gmt":"2021-10-07T05:08:01","guid":{"rendered":"https:\/\/www.pressenza.com\/?p=1443950"},"modified":"2021-10-07T06:08:01","modified_gmt":"2021-10-07T05:08:01","slug":"klimaschutz-ist-handarbeit","status":"publish","type":"post","link":"https:\/\/www.pressenza.com\/de\/2021\/10\/klimaschutz-ist-handarbeit\/","title":{"rendered":"\u201eKlimaschutz ist handarbeit!\u201c"},"content":{"rendered":"<p>Am 30.9.2021 brachten Kimasch\u00fctzer*innen einen Kohlebagger im nordrhein-westf\u00e4lischen Tagebau zum Stillstand, hunderte protestieren im bedrohten Dorf L\u00fctzerath gegen den von RWE geplanten Abriss des Dorfes und die drohende Versch\u00e4rfung des Klima-Kollaps. ethecon Stiftung Ethik &amp; \u00d6konomie solidarisiert sich mit den Aktivist*innen.<\/p>\n<p>Am 21. September verk\u00fcndete ethecon, die Gro\u00dfaktion\u00e4r*innen und Vorst\u00e4nde von RWE mit dem ethecon Dead Planet Award 2021 an den Pranger zu stellen.<\/p>\n<p>In den fr\u00fchen Morgenstunden des 01. Oktober, p\u00fcnktlich zu Beginn der Rodungssaison von RWE, besetzten Klimasch\u00fctzer*innen einen Braunkohlebagger von RWE und ketteten sich dort an. Hunderte demonstrierten am Vormittag wenige hundert Meter entfernt gegen die Zerst\u00f6rung des bedrohten Dorfes L\u00fctzerath und f\u00fcr den sofortigen Stopp des Braunkohle-Abbaus. Nur mit einem sofortigen Ausstieg aus der Kohle kann die Bunderegierung noch einhalten, wozu sie sich im Klima-Abkommen von Paris verpflichtet hat: Die globale Erderw\u00e4rmung auf 1,5 Grad Celsius zu begrenzen und damit den drohenden Niedergang des Blauen Planeten vielleicht noch aufhalten. \u201eDas erste, was wir daf\u00fcr tun m\u00fcssen\u201c so Klimatologin Carola Rackete auf Twitter, \u201eist das Dorf L\u00fctzerath zu retten.\u201c<\/p>\n<p>Die RWE AG st\u00f6\u00dft mit ihrer Kohle-Verstromung mehr CO2 aus, als jeder andere europ\u00e4ische Konzern und tr\u00e4gt damit massiv zum Kollaps des Erdklimas und der \u00d6kosysteme bei. Durch erpresserischen Lobbyismus unterwandert der Konzern seit \u00fcber hundert Jahren die Demokratie. 2020 verschob RWE den Ausstieg aus der Kohle-Energie auf das Jahr 2038 und setzte sich damit \u00fcber das Pariser Klima-Abkommen hinweg.<\/p>\n<p>\u201eF\u00fcr ihre Profite riskieren die Vorst\u00e4nde und Gro\u00dfaktion\u00e4r*innen von RWE unermessliches Leid und die Unbewohnbarkeit unseres Planeten\u201c so ethecon Gesch\u00e4ftsf\u00fchrer Niklas Hoves. \u201eIn erster Linie verantwortlich f\u00fcr das Handeln des Kohle-Konzerns sind die Vorst\u00e4nde und Gro\u00dfaktion\u00e4r*innen. Stellvertretend stellen wir Markus Krebber (Vorsitzender des Vorstands), Werner Brandt (Vorsitzender des Aufsichtsrats), Larry Fink (Gro\u00dfaktion\u00e4r\/BLACKROCK) und Armin Laschet (Ministerpr\u00e4sident NRW) \u00f6ffentlich an den Pranger.\u201c<\/p>\n","protected":false},"excerpt":{"rendered":"<p>Am 30.9.2021 brachten Kimasch\u00fctzer*innen einen Kohlebagger im nordrhein-westf\u00e4lischen Tagebau zum Stillstand, hunderte protestieren im bedrohten Dorf L\u00fctzerath gegen den von RWE geplanten Abriss des Dorfes und die drohende Versch\u00e4rfung des Klima-Kollaps. ethecon Stiftung Ethik &amp; \u00d6konomie solidarisiert sich mit den&hellip;<\/p>\n","protected":false},"author":1095,"featured_media":1443952,"comment_status":"closed","ping_status":"closed","sticky":false,"template":"","format":"standard","meta":{"footnotes":""},"categories":[9157,9168,9145,9158],"tags":[30248,74150,48641,30246,95464],"class_list":["post-1443950","post","type-post","status-publish","format-standard","has-post-thumbnail","hentry","category-oekologie-und-umwelt","category-politik","category-pressemitteilungen","category-wirtschaft","tag-braunkohle","tag-co2-de","tag-erderwaermung","tag-klimaschutz","tag-rwe-ag"],"yoast_head":"<!-- This site is optimized with the Yoast SEO plugin v27.1.1 - https:\/\/yoast.com\/product\/yoast-seo-wordpress\/ -->\n<title>\u201eKlimaschutz ist handarbeit!\u201c<\/title>\n<meta name=\"description\" content=\"Am 30.9.2021 brachten Kimasch\u00fctzer*innen einen Kohlebagger im nordrhein-westf\u00e4lischen Tagebau zum Stillstand, hunderte protestieren im bedrohten Dorf\" \/>\n<meta name=\"robots\" content=\"index, follow, max-snippet:-1, max-image-preview:large, max-video-preview:-1\" \/>\n<link rel=\"canonical\" href=\"https:\/\/www.pressenza.com\/de\/2021\/10\/klimaschutz-ist-handarbeit\/\" \/>\n<meta property=\"og:locale\" content=\"de_DE\" \/>\n<meta property=\"og:type\" content=\"article\" \/>\n<meta property=\"og:title\" content=\"\u201eKlimaschutz ist handarbeit!\u201c\" \/>\n<meta property=\"og:description\" content=\"Am 30.9.2021 brachten Kimasch\u00fctzer*innen einen Kohlebagger im nordrhein-westf\u00e4lischen Tagebau zum Stillstand, hunderte protestieren im bedrohten Dorf\" \/>\n<meta property=\"og:url\" content=\"https:\/\/www.pressenza.com\/de\/2021\/10\/klimaschutz-ist-handarbeit\/\" \/>\n<meta property=\"og:site_name\" content=\"Pressenza\" \/>\n<meta property=\"article:publisher\" content=\"https:\/\/www.facebook.com\/PressenzaItalia\" \/>\n<meta property=\"article:author\" content=\"https:\/\/www.facebook.com\/Pressenza-Deutschland-sterreich-Schweiz-281675388658060\/timeline\/\" \/>\n<meta property=\"article:published_time\" content=\"2021-10-07T05:08:01+00:00\" \/>\n<meta property=\"og:image\" content=\"https:\/\/www.pressenza.com\/wp-content\/uploads\/2021\/10\/Alle_D__rfer_bleiben_vigil_L__tzerath_2020_09_27_02-5714-960-640-80-c.v1.jpg\" \/>\n\t<meta property=\"og:image:width\" content=\"1920\" \/>\n\t<meta property=\"og:image:height\" content=\"1281\" \/>\n\t<meta property=\"og:image:type\" content=\"image\/jpeg\" \/>\n<meta name=\"author\" content=\"Pressenza Berlin\" \/>\n<meta name=\"twitter:card\" content=\"summary_large_image\" \/>\n<meta name=\"twitter:creator\" content=\"@pressenza_ger\" \/>\n<meta name=\"twitter:site\" content=\"@PressenzaIPA\" \/>\n<meta name=\"twitter:label1\" content=\"Verfasst von\" \/>\n\t<meta name=\"twitter:data1\" content=\"Pressenza Berlin\" \/>\n\t<meta name=\"twitter:label2\" content=\"Gesch\u00e4tzte Lesezeit\" \/>\n\t<meta name=\"twitter:data2\" content=\"2\u00a0Minuten\" \/>\n<script type=\"application\/ld+json\" class=\"yoast-schema-graph\">{\"@context\":\"https:\/\/schema.org\",\"@graph\":[{\"@type\":\"Article\",\"@id\":\"https:\/\/www.pressenza.com\/de\/2021\/10\/klimaschutz-ist-handarbeit\/#article\",\"isPartOf\":{\"@id\":\"https:\/\/www.pressenza.com\/de\/2021\/10\/klimaschutz-ist-handarbeit\/\"},\"author\":{\"name\":\"Pressenza Berlin\",\"@id\":\"https:\/\/www.pressenza.com\/de\/#\/schema\/person\/57bb5480943a496a7722b0248e4b658a\"},\"headline\":\"\u201eKlimaschutz ist handarbeit!\u201c\",\"datePublished\":\"2021-10-07T05:08:01+00:00\",\"mainEntityOfPage\":{\"@id\":\"https:\/\/www.pressenza.com\/de\/2021\/10\/klimaschutz-ist-handarbeit\/\"},\"wordCount\":330,\"publisher\":{\"@id\":\"https:\/\/www.pressenza.com\/de\/#organization\"},\"image\":{\"@id\":\"https:\/\/www.pressenza.com\/de\/2021\/10\/klimaschutz-ist-handarbeit\/#primaryimage\"},\"thumbnailUrl\":\"https:\/\/www.pressenza.com\/wp-content\/uploads\/2021\/10\/Alle_D__rfer_bleiben_vigil_L__tzerath_2020_09_27_02-5714-960-640-80-c.v1.jpg\",\"keywords\":[\"Braunkohle\",\"CO2\",\"Erderw\u00e4rmung\",\"Klimaschutz\",\"RWE AG\"],\"articleSection\":[\"\u00d6kologie und Umwelt\",\"Politik\",\"Pressemitteilungen\",\"Wirtschaft\"],\"inLanguage\":\"de\"},{\"@type\":\"WebPage\",\"@id\":\"https:\/\/www.pressenza.com\/de\/2021\/10\/klimaschutz-ist-handarbeit\/\",\"url\":\"https:\/\/www.pressenza.com\/de\/2021\/10\/klimaschutz-ist-handarbeit\/\",\"name\":\"\u201eKlimaschutz ist handarbeit!\u201c\",\"isPartOf\":{\"@id\":\"https:\/\/www.pressenza.com\/de\/#website\"},\"primaryImageOfPage\":{\"@id\":\"https:\/\/www.pressenza.com\/de\/2021\/10\/klimaschutz-ist-handarbeit\/#primaryimage\"},\"image\":{\"@id\":\"https:\/\/www.pressenza.com\/de\/2021\/10\/klimaschutz-ist-handarbeit\/#primaryimage\"},\"thumbnailUrl\":\"https:\/\/www.pressenza.com\/wp-content\/uploads\/2021\/10\/Alle_D__rfer_bleiben_vigil_L__tzerath_2020_09_27_02-5714-960-640-80-c.v1.jpg\",\"datePublished\":\"2021-10-07T05:08:01+00:00\",\"description\":\"Am 30.9.2021 brachten Kimasch\u00fctzer*innen einen Kohlebagger im nordrhein-westf\u00e4lischen Tagebau zum Stillstand, hunderte protestieren im bedrohten Dorf\",\"breadcrumb\":{\"@id\":\"https:\/\/www.pressenza.com\/de\/2021\/10\/klimaschutz-ist-handarbeit\/#breadcrumb\"},\"inLanguage\":\"de\",\"potentialAction\":[{\"@type\":\"ReadAction\",\"target\":[\"https:\/\/www.pressenza.com\/de\/2021\/10\/klimaschutz-ist-handarbeit\/\"]}]},{\"@type\":\"ImageObject\",\"inLanguage\":\"de\",\"@id\":\"https:\/\/www.pressenza.com\/de\/2021\/10\/klimaschutz-ist-handarbeit\/#primaryimage\",\"url\":\"https:\/\/www.pressenza.com\/wp-content\/uploads\/2021\/10\/Alle_D__rfer_bleiben_vigil_L__tzerath_2020_09_27_02-5714-960-640-80-c.v1.jpg\",\"contentUrl\":\"https:\/\/www.pressenza.com\/wp-content\/uploads\/2021\/10\/Alle_D__rfer_bleiben_vigil_L__tzerath_2020_09_27_02-5714-960-640-80-c.v1.jpg\",\"width\":1920,\"height\":1281},{\"@type\":\"BreadcrumbList\",\"@id\":\"https:\/\/www.pressenza.com\/de\/2021\/10\/klimaschutz-ist-handarbeit\/#breadcrumb\",\"itemListElement\":[{\"@type\":\"ListItem\",\"position\":1,\"name\":\"Accueil\",\"item\":\"https:\/\/www.pressenza.com\/de\/\"},{\"@type\":\"ListItem\",\"position\":2,\"name\":\"\u201eKlimaschutz ist handarbeit!\u201c\"}]},{\"@type\":\"WebSite\",\"@id\":\"https:\/\/www.pressenza.com\/de\/#website\",\"url\":\"https:\/\/www.pressenza.com\/de\/\",\"name\":\"Pressenza\",\"description\":\"International Press Agency\",\"publisher\":{\"@id\":\"https:\/\/www.pressenza.com\/de\/#organization\"},\"potentialAction\":[{\"@type\":\"SearchAction\",\"target\":{\"@type\":\"EntryPoint\",\"urlTemplate\":\"https:\/\/www.pressenza.com\/de\/?s={search_term_string}\"},\"query-input\":{\"@type\":\"PropertyValueSpecification\",\"valueRequired\":true,\"valueName\":\"search_term_string\"}}],\"inLanguage\":\"de\"},{\"@type\":\"Organization\",\"@id\":\"https:\/\/www.pressenza.com\/de\/#organization\",\"name\":\"Pressenza\",\"url\":\"https:\/\/www.pressenza.com\/de\/\",\"logo\":{\"@type\":\"ImageObject\",\"inLanguage\":\"de\",\"@id\":\"https:\/\/www.pressenza.com\/de\/#\/schema\/logo\/image\/\",\"url\":\"https:\/\/www.pressenza.com\/wp-content\/uploads\/2022\/10\/pressenza_logo_200x200.jpg\",\"contentUrl\":\"https:\/\/www.pressenza.com\/wp-content\/uploads\/2022\/10\/pressenza_logo_200x200.jpg\",\"width\":200,\"height\":200,\"caption\":\"Pressenza\"},\"image\":{\"@id\":\"https:\/\/www.pressenza.com\/de\/#\/schema\/logo\/image\/\"},\"sameAs\":[\"https:\/\/www.facebook.com\/PressenzaItalia\",\"https:\/\/x.com\/PressenzaIPA\"]},{\"@type\":\"Person\",\"@id\":\"https:\/\/www.pressenza.com\/de\/#\/schema\/person\/57bb5480943a496a7722b0248e4b658a\",\"name\":\"Pressenza Berlin\",\"description\":\"News from the Pressenza Bureau in Berlin, Germany\",\"sameAs\":[\"https:\/\/www.facebook.com\/Pressenza-Deutschland-sterreich-Schweiz-281675388658060\/timeline\/\",\"https:\/\/x.com\/pressenza_ger\"],\"url\":\"https:\/\/www.pressenza.com\/de\/author\/pressenza-berlin\/\"}]}<\/script>\n<!-- \/ Yoast SEO plugin. -->","yoast_head_json":{"title":"\u201eKlimaschutz ist handarbeit!\u201c","description":"Am 30.9.2021 brachten Kimasch\u00fctzer*innen einen Kohlebagger im nordrhein-westf\u00e4lischen Tagebau zum Stillstand, hunderte protestieren im bedrohten Dorf","robots":{"index":"index","follow":"follow","max-snippet":"max-snippet:-1","max-image-preview":"max-image-preview:large","max-video-preview":"max-video-preview:-1"},"canonical":"https:\/\/www.pressenza.com\/de\/2021\/10\/klimaschutz-ist-handarbeit\/","og_locale":"de_DE","og_type":"article","og_title":"\u201eKlimaschutz ist handarbeit!\u201c","og_description":"Am 30.9.2021 brachten Kimasch\u00fctzer*innen einen Kohlebagger im nordrhein-westf\u00e4lischen Tagebau zum Stillstand, hunderte protestieren im bedrohten Dorf","og_url":"https:\/\/www.pressenza.com\/de\/2021\/10\/klimaschutz-ist-handarbeit\/","og_site_name":"Pressenza","article_publisher":"https:\/\/www.facebook.com\/PressenzaItalia","article_author":"https:\/\/www.facebook.com\/Pressenza-Deutschland-sterreich-Schweiz-281675388658060\/timeline\/","article_published_time":"2021-10-07T05:08:01+00:00","og_image":[{"width":1920,"height":1281,"url":"https:\/\/www.pressenza.com\/wp-content\/uploads\/2021\/10\/Alle_D__rfer_bleiben_vigil_L__tzerath_2020_09_27_02-5714-960-640-80-c.v1.jpg","type":"image\/jpeg"}],"author":"Pressenza Berlin","twitter_card":"summary_large_image","twitter_creator":"@pressenza_ger","twitter_site":"@PressenzaIPA","twitter_misc":{"Verfasst von":"Pressenza Berlin","Gesch\u00e4tzte Lesezeit":"2\u00a0Minuten"},"schema":{"@context":"https:\/\/schema.org","@graph":[{"@type":"Article","@id":"https:\/\/www.pressenza.com\/de\/2021\/10\/klimaschutz-ist-handarbeit\/#article","isPartOf":{"@id":"https:\/\/www.pressenza.com\/de\/2021\/10\/klimaschutz-ist-handarbeit\/"},"author":{"name":"Pressenza Berlin","@id":"https:\/\/www.pressenza.com\/de\/#\/schema\/person\/57bb5480943a496a7722b0248e4b658a"},"headline":"\u201eKlimaschutz ist handarbeit!\u201c","datePublished":"2021-10-07T05:08:01+00:00","mainEntityOfPage":{"@id":"https:\/\/www.pressenza.com\/de\/2021\/10\/klimaschutz-ist-handarbeit\/"},"wordCount":330,"publisher":{"@id":"https:\/\/www.pressenza.com\/de\/#organization"},"image":{"@id":"https:\/\/www.pressenza.com\/de\/2021\/10\/klimaschutz-ist-handarbeit\/#primaryimage"},"thumbnailUrl":"https:\/\/www.pressenza.com\/wp-content\/uploads\/2021\/10\/Alle_D__rfer_bleiben_vigil_L__tzerath_2020_09_27_02-5714-960-640-80-c.v1.jpg","keywords":["Braunkohle","CO2","Erderw\u00e4rmung","Klimaschutz","RWE AG"],"articleSection":["\u00d6kologie und Umwelt","Politik","Pressemitteilungen","Wirtschaft"],"inLanguage":"de"},{"@type":"WebPage","@id":"https:\/\/www.pressenza.com\/de\/2021\/10\/klimaschutz-ist-handarbeit\/","url":"https:\/\/www.pressenza.com\/de\/2021\/10\/klimaschutz-ist-handarbeit\/","name":"\u201eKlimaschutz ist handarbeit!\u201c","isPartOf":{"@id":"https:\/\/www.pressenza.com\/de\/#website"},"primaryImageOfPage":{"@id":"https:\/\/www.pressenza.com\/de\/2021\/10\/klimaschutz-ist-handarbeit\/#primaryimage"},"image":{"@id":"https:\/\/www.pressenza.com\/de\/2021\/10\/klimaschutz-ist-handarbeit\/#primaryimage"},"thumbnailUrl":"https:\/\/www.pressenza.com\/wp-content\/uploads\/2021\/10\/Alle_D__rfer_bleiben_vigil_L__tzerath_2020_09_27_02-5714-960-640-80-c.v1.jpg","datePublished":"2021-10-07T05:08:01+00:00","description":"Am 30.9.2021 brachten Kimasch\u00fctzer*innen einen Kohlebagger im nordrhein-westf\u00e4lischen Tagebau zum Stillstand, hunderte protestieren im bedrohten Dorf","breadcrumb":{"@id":"https:\/\/www.pressenza.com\/de\/2021\/10\/klimaschutz-ist-handarbeit\/#breadcrumb"},"inLanguage":"de","potentialAction":[{"@type":"ReadAction","target":["https:\/\/www.pressenza.com\/de\/2021\/10\/klimaschutz-ist-handarbeit\/"]}]},{"@type":"ImageObject","inLanguage":"de","@id":"https:\/\/www.pressenza.com\/de\/2021\/10\/klimaschutz-ist-handarbeit\/#primaryimage","url":"https:\/\/www.pressenza.com\/wp-content\/uploads\/2021\/10\/Alle_D__rfer_bleiben_vigil_L__tzerath_2020_09_27_02-5714-960-640-80-c.v1.jpg","contentUrl":"https:\/\/www.pressenza.com\/wp-content\/uploads\/2021\/10\/Alle_D__rfer_bleiben_vigil_L__tzerath_2020_09_27_02-5714-960-640-80-c.v1.jpg","width":1920,"height":1281},{"@type":"BreadcrumbList","@id":"https:\/\/www.pressenza.com\/de\/2021\/10\/klimaschutz-ist-handarbeit\/#breadcrumb","itemListElement":[{"@type":"ListItem","position":1,"name":"Accueil","item":"https:\/\/www.pressenza.com\/de\/"},{"@type":"ListItem","position":2,"name":"\u201eKlimaschutz ist handarbeit!\u201c"}]},{"@type":"WebSite","@id":"https:\/\/www.pressenza.com\/de\/#website","url":"https:\/\/www.pressenza.com\/de\/","name":"Pressenza","description":"International Press Agency","publisher":{"@id":"https:\/\/www.pressenza.com\/de\/#organization"},"potentialAction":[{"@type":"SearchAction","target":{"@type":"EntryPoint","urlTemplate":"https:\/\/www.pressenza.com\/de\/?s={search_term_string}"},"query-input":{"@type":"PropertyValueSpecification","valueRequired":true,"valueName":"search_term_string"}}],"inLanguage":"de"},{"@type":"Organization","@id":"https:\/\/www.pressenza.com\/de\/#organization","name":"Pressenza","url":"https:\/\/www.pressenza.com\/de\/","logo":{"@type":"ImageObject","inLanguage":"de","@id":"https:\/\/www.pressenza.com\/de\/#\/schema\/logo\/image\/","url":"https:\/\/www.pressenza.com\/wp-content\/uploads\/2022\/10\/pressenza_logo_200x200.jpg","contentUrl":"https:\/\/www.pressenza.com\/wp-content\/uploads\/2022\/10\/pressenza_logo_200x200.jpg","width":200,"height":200,"caption":"Pressenza"},"image":{"@id":"https:\/\/www.pressenza.com\/de\/#\/schema\/logo\/image\/"},"sameAs":["https:\/\/www.facebook.com\/PressenzaItalia","https:\/\/x.com\/PressenzaIPA"]},{"@type":"Person","@id":"https:\/\/www.pressenza.com\/de\/#\/schema\/person\/57bb5480943a496a7722b0248e4b658a","name":"Pressenza Berlin","description":"News from the Pressenza Bureau in Berlin, Germany","sameAs":["https:\/\/www.facebook.com\/Pressenza-Deutschland-sterreich-Schweiz-281675388658060\/timeline\/","https:\/\/x.com\/pressenza_ger"],"url":"https:\/\/www.pressenza.com\/de\/author\/pressenza-berlin\/"}]}},"place":"","original_article_url":"","_links":{"self":[{"href":"https:\/\/www.pressenza.com\/de\/wp-json\/wp\/v2\/posts\/1443950","targetHints":{"allow":["GET"]}}],"collection":[{"href":"https:\/\/www.pressenza.com\/de\/wp-json\/wp\/v2\/posts"}],"about":[{"href":"https:\/\/www.pressenza.com\/de\/wp-json\/wp\/v2\/types\/post"}],"author":[{"embeddable":true,"href":"https:\/\/www.pressenza.com\/de\/wp-json\/wp\/v2\/users\/1095"}],"replies":[{"embeddable":true,"href":"https:\/\/www.pressenza.com\/de\/wp-json\/wp\/v2\/comments?post=1443950"}],"version-history":[{"count":0,"href":"https:\/\/www.pressenza.com\/de\/wp-json\/wp\/v2\/posts\/1443950\/revisions"}],"wp:featuredmedia":[{"embeddable":true,"href":"https:\/\/www.pressenza.com\/de\/wp-json\/wp\/v2\/media\/1443952"}],"wp:attachment":[{"href":"https:\/\/www.pressenza.com\/de\/wp-json\/wp\/v2\/media?parent=1443950"}],"wp:term":[{"taxonomy":"category","embeddable":true,"href":"https:\/\/www.pressenza.com\/de\/wp-json\/wp\/v2\/categories?post=1443950"},{"taxonomy":"post_tag","embeddable":true,"href":"https:\/\/www.pressenza.com\/de\/wp-json\/wp\/v2\/tags?post=1443950"}],"curies":[{"name":"wp","href":"https:\/\/api.w.org\/{rel}","templated":true}]}}