{"id":1430323,"date":"2021-09-16T05:41:49","date_gmt":"2021-09-16T04:41:49","guid":{"rendered":"https:\/\/www.pressenza.com\/?p=1430323"},"modified":"2021-09-16T05:41:49","modified_gmt":"2021-09-16T04:41:49","slug":"grundeinkommen-ist-finanzierbar-warnung-vor-falschmeldung-grundeinkommen-nicht-finanzierbar","status":"publish","type":"post","link":"https:\/\/www.pressenza.com\/de\/2021\/09\/grundeinkommen-ist-finanzierbar-warnung-vor-falschmeldung-grundeinkommen-nicht-finanzierbar\/","title":{"rendered":"Grundeinkommen ist finanzierbar: Warnung vor Falschmeldung \u201eGrundeinkommen nicht finanzierbar\u201c"},"content":{"rendered":"<p>Es wurde schon oft versucht nachzuweisen, dass das Grundeinkommen nicht zu finanzieren sei. So j\u00fcngst auch mit einem Forschungsbericht im Auftrag des Beirats des Bundesministeriums der Finanzen.<\/p>\n<p>Die Ergebnisse dieses ifo-Forschungsberichts werden von interessierter Seite als Wahrheiten in politischen Statements vorgetragen.<\/p>\n<p>Allerdings sind Ansatz und Aussagen des Forschungsberichts nicht \u00fcberzeugend. \u201eEs wurden bestimmte Finanzierungskonzepte vorgegeben bzw. umstrittene Simulationsmethoden verwendet, die zur Aussage \u201anicht finanzierbar\u2018 f\u00fchren. Ver\u00e4ndert man dagegen nur zwei Stellschrauben, ergibt sich selbst nach den weiteren Vorgaben des Forschungsberichts, dass das Grundeinkommen finanzierbar ist \u2013 sogar mit hohem \u00dcberschuss\u201c, erl\u00e4utert Ronald Blaschke vom Netzwerkrat des Netzwerks Grundeinkommen, der einen kritischen Beitrag zum ifo-Forschungsbericht verfasste. So k\u00f6nne das BGE zum Beispiel als Negative Einkommensteuer finanziert und die der BGE-Finanzierungsberechnung aufgeb\u00fcrdete \u00dcbernahme der Kosten der Sozialversicherungsbeitr\u00e4ge f\u00fcr die sogenannten Arbeitnehmer*innen r\u00fcckg\u00e4ngig gemacht werden. Damit w\u00e4re das Grundeinkommen finanzierbar.<\/p>\n<p>Die Autoren des Forschungsberichts erkl\u00e4ren dar\u00fcber hinaus selbst: Ob die realen Verhaltenseffekte hinsichtlich eines BGEs gr\u00f6\u00dfer oder kleiner sind, als mit den Simulationsmethoden ermittelt, sei \u201etheoretisch als auch empirisch insgesamt offen\u201c.<\/p>\n<p>\u201eDie Ergebnisse des Forschungsberichts k\u00f6nnen grunds\u00e4tzlich angezweifelt werden.\u00a0Gr\u00fcnde daf\u00fcr liegen sowohl in den gew\u00e4hlten Simulationsmethoden und -modellen als auch in der Ausblendung der verschiedenen Finanzierungs- und Gestaltungsm\u00f6glichkeiten und damit verbundenen unterschiedlichen Wirkungen des BGE. Alternative und komplement\u00e4re Finanzierungsquellen blieben vollkommen unber\u00fccksichtigt. Das alles ist unredlich\u201c, fasst Ronald Blaschke zusammen.<\/p>\n<p>Der Netzwerkrat des Netzwerks Grundeinkommen vertritt folgende Auffassung:<\/p>\n<p>\u201eWer einen ernsthaften und demokratischen politischen Diskurs \u00fcber eine Ver\u00e4nderung der Gesellschaft mit einem Grundeinkommen f\u00fchren m\u00f6chte, nimmt aufmerksam die unterschiedlichen Konzeptionen und Positionen bez\u00fcglich eines BGEs zur Kenntnis. Er beteiligt die sozialen Bewegungen und gesellschaftlichen Akteure auf diesem Gebiet an der Diskussion und Forschung. Die Grundeinkommensbewegung und deren Verb\u00fcndete in Zivilgesellschaft, Politik und\u00a0Wissenschaft sind dazu bereit.\u201c<\/p>\n<p>F\u00fcr Nachfragen, auch zur laufenden Europ\u00e4ischen B\u00fcrgerinitiative Grundeinkommen,<\/p>\n<p>Ronald Blaschke, blaschke@grundeinkommen.de, + 0177 8941473<\/p>\n<p>Zur Kritik am Ansatz und an den Aussagen des Forschungsberichts:<\/p>\n<p><a href=\"https:\/\/www.grundeinkommen.de\/03\/09\/2021\/grundeinkommen-ist-finanzierbar.html\">https:\/\/www.grundeinkommen.de\/03\/09\/2021\/grundeinkommen-ist-finanzierbar<\/a><\/p>\n<p>Zur Europ\u00e4ischen B\u00fcrgerinitiative Grundeinkommen:<\/p>\n<p><a href=\"https:\/\/www.ebi-grundeinkommen.de\/\">https:\/\/www.ebi-grundeinkommen.de\/<\/a><\/p>\n<p>Zum Grundeinkommen generell:<\/p>\n<p>Das bedingungslose Grundeinkommen ist ein Einkommen f\u00fcr alle Menschen,<\/p>\n<ul>\n<li>das Existenz sichernd ist und gesellschaftliche Teilhabe erm\u00f6glicht,<\/li>\n<li>auf das ein individuellen Rechtsanspruch besteht,<\/li>\n<li>das ohne Bed\u00fcrftigkeitspr\u00fcfung und<\/li>\n<li>ohne Zwang zu Arbeit oder anderen Gegenleistungen garantiert wird.<\/li>\n<\/ul>\n<p><a href=\"http:\/\/www.grundeinkommen.de\/grundeinkommen\/idee\">www.grundeinkommen.de\/grundeinkommen\/idee<\/a><\/p>\n","protected":false},"excerpt":{"rendered":"<p>Es wurde schon oft versucht nachzuweisen, dass das Grundeinkommen nicht zu finanzieren sei. So j\u00fcngst auch mit einem Forschungsbericht im Auftrag des Beirats des Bundesministeriums der Finanzen. Die Ergebnisse dieses ifo-Forschungsberichts werden von interessierter Seite als Wahrheiten in politischen Statements&hellip;<\/p>\n","protected":false},"author":1095,"featured_media":1430745,"comment_status":"closed","ping_status":"closed","sticky":false,"template":"","format":"standard","meta":{"footnotes":""},"categories":[9161,9168,9145,9158,9169],"tags":[11709,73953,94877,9822,42283],"class_list":["post-1430323","post","type-post","status-publish","format-standard","has-post-thumbnail","hentry","category-menschenrechte","category-politik","category-pressemitteilungen","category-wirtschaft","category-wissenschaft-und-technologie","tag-bge","tag-finanzierung","tag-forschungsbericht","tag-grundeinkommen","tag-zivilgesellschaft"],"yoast_head":"<!-- This site is optimized with the Yoast SEO plugin v27.1.1 - https:\/\/yoast.com\/product\/yoast-seo-wordpress\/ -->\n<title>Grundeinkommen ist finanzierbar: Warnung vor Falschmeldung \u201eGrundeinkommen nicht finanzierbar\u201c<\/title>\n<meta name=\"description\" content=\"Es wurde schon oft versucht nachzuweisen, dass das Grundeinkommen nicht zu finanzieren sei. So j\u00fcngst auch mit einem Forschungsbericht im Auftrag des\" \/>\n<meta name=\"robots\" content=\"index, follow, max-snippet:-1, max-image-preview:large, max-video-preview:-1\" \/>\n<link rel=\"canonical\" href=\"https:\/\/www.pressenza.com\/de\/2021\/09\/grundeinkommen-ist-finanzierbar-warnung-vor-falschmeldung-grundeinkommen-nicht-finanzierbar\/\" \/>\n<meta property=\"og:locale\" content=\"de_DE\" \/>\n<meta property=\"og:type\" content=\"article\" \/>\n<meta property=\"og:title\" content=\"Grundeinkommen ist finanzierbar: Warnung vor Falschmeldung \u201eGrundeinkommen nicht finanzierbar\u201c\" \/>\n<meta property=\"og:description\" content=\"Es wurde schon oft versucht nachzuweisen, dass das Grundeinkommen nicht zu finanzieren sei. So j\u00fcngst auch mit einem Forschungsbericht im Auftrag des\" \/>\n<meta property=\"og:url\" content=\"https:\/\/www.pressenza.com\/de\/2021\/09\/grundeinkommen-ist-finanzierbar-warnung-vor-falschmeldung-grundeinkommen-nicht-finanzierbar\/\" \/>\n<meta property=\"og:site_name\" content=\"Pressenza\" \/>\n<meta property=\"article:publisher\" content=\"https:\/\/www.facebook.com\/PressenzaItalia\" \/>\n<meta property=\"article:author\" content=\"https:\/\/www.facebook.com\/Pressenza-Deutschland-sterreich-Schweiz-281675388658060\/timeline\/\" \/>\n<meta property=\"article:published_time\" content=\"2021-09-16T04:41:49+00:00\" \/>\n<meta property=\"og:image\" content=\"https:\/\/www.pressenza.com\/wp-content\/uploads\/2021\/09\/800px-Grundeinkommen_statt_Existenzangst_BGE_Berlin_2013.v1.jpg\" \/>\n\t<meta property=\"og:image:width\" content=\"1920\" \/>\n\t<meta property=\"og:image:height\" content=\"1440\" \/>\n\t<meta property=\"og:image:type\" content=\"image\/jpeg\" \/>\n<meta name=\"author\" content=\"Pressenza Berlin\" \/>\n<meta name=\"twitter:card\" content=\"summary_large_image\" \/>\n<meta name=\"twitter:creator\" content=\"@pressenza_ger\" \/>\n<meta name=\"twitter:site\" content=\"@PressenzaIPA\" \/>\n<meta name=\"twitter:label1\" content=\"Verfasst von\" \/>\n\t<meta name=\"twitter:data1\" content=\"Pressenza Berlin\" \/>\n\t<meta name=\"twitter:label2\" content=\"Gesch\u00e4tzte Lesezeit\" \/>\n\t<meta name=\"twitter:data2\" content=\"2\u00a0Minuten\" \/>\n<script type=\"application\/ld+json\" class=\"yoast-schema-graph\">{\"@context\":\"https:\/\/schema.org\",\"@graph\":[{\"@type\":\"Article\",\"@id\":\"https:\/\/www.pressenza.com\/de\/2021\/09\/grundeinkommen-ist-finanzierbar-warnung-vor-falschmeldung-grundeinkommen-nicht-finanzierbar\/#article\",\"isPartOf\":{\"@id\":\"https:\/\/www.pressenza.com\/de\/2021\/09\/grundeinkommen-ist-finanzierbar-warnung-vor-falschmeldung-grundeinkommen-nicht-finanzierbar\/\"},\"author\":{\"name\":\"Pressenza Berlin\",\"@id\":\"https:\/\/www.pressenza.com\/de\/#\/schema\/person\/57bb5480943a496a7722b0248e4b658a\"},\"headline\":\"Grundeinkommen ist finanzierbar: Warnung vor Falschmeldung \u201eGrundeinkommen nicht finanzierbar\u201c\",\"datePublished\":\"2021-09-16T04:41:49+00:00\",\"mainEntityOfPage\":{\"@id\":\"https:\/\/www.pressenza.com\/de\/2021\/09\/grundeinkommen-ist-finanzierbar-warnung-vor-falschmeldung-grundeinkommen-nicht-finanzierbar\/\"},\"wordCount\":409,\"publisher\":{\"@id\":\"https:\/\/www.pressenza.com\/de\/#organization\"},\"image\":{\"@id\":\"https:\/\/www.pressenza.com\/de\/2021\/09\/grundeinkommen-ist-finanzierbar-warnung-vor-falschmeldung-grundeinkommen-nicht-finanzierbar\/#primaryimage\"},\"thumbnailUrl\":\"https:\/\/www.pressenza.com\/wp-content\/uploads\/2021\/09\/800px-Grundeinkommen_statt_Existenzangst_BGE_Berlin_2013.v1.jpg\",\"keywords\":[\"BGE\",\"Finanzierung\",\"Forschungsbericht\",\"Grundeinkommen\",\"Zivilgesellschaft\"],\"articleSection\":[\"Menschenrechte\",\"Politik\",\"Pressemitteilungen\",\"Wirtschaft\",\"Wissenschaft und Technologie\"],\"inLanguage\":\"de\"},{\"@type\":\"WebPage\",\"@id\":\"https:\/\/www.pressenza.com\/de\/2021\/09\/grundeinkommen-ist-finanzierbar-warnung-vor-falschmeldung-grundeinkommen-nicht-finanzierbar\/\",\"url\":\"https:\/\/www.pressenza.com\/de\/2021\/09\/grundeinkommen-ist-finanzierbar-warnung-vor-falschmeldung-grundeinkommen-nicht-finanzierbar\/\",\"name\":\"Grundeinkommen ist finanzierbar: Warnung vor Falschmeldung \u201eGrundeinkommen nicht finanzierbar\u201c\",\"isPartOf\":{\"@id\":\"https:\/\/www.pressenza.com\/de\/#website\"},\"primaryImageOfPage\":{\"@id\":\"https:\/\/www.pressenza.com\/de\/2021\/09\/grundeinkommen-ist-finanzierbar-warnung-vor-falschmeldung-grundeinkommen-nicht-finanzierbar\/#primaryimage\"},\"image\":{\"@id\":\"https:\/\/www.pressenza.com\/de\/2021\/09\/grundeinkommen-ist-finanzierbar-warnung-vor-falschmeldung-grundeinkommen-nicht-finanzierbar\/#primaryimage\"},\"thumbnailUrl\":\"https:\/\/www.pressenza.com\/wp-content\/uploads\/2021\/09\/800px-Grundeinkommen_statt_Existenzangst_BGE_Berlin_2013.v1.jpg\",\"datePublished\":\"2021-09-16T04:41:49+00:00\",\"description\":\"Es wurde schon oft versucht nachzuweisen, dass das Grundeinkommen nicht zu finanzieren sei. So j\u00fcngst auch mit einem Forschungsbericht im Auftrag des\",\"breadcrumb\":{\"@id\":\"https:\/\/www.pressenza.com\/de\/2021\/09\/grundeinkommen-ist-finanzierbar-warnung-vor-falschmeldung-grundeinkommen-nicht-finanzierbar\/#breadcrumb\"},\"inLanguage\":\"de\",\"potentialAction\":[{\"@type\":\"ReadAction\",\"target\":[\"https:\/\/www.pressenza.com\/de\/2021\/09\/grundeinkommen-ist-finanzierbar-warnung-vor-falschmeldung-grundeinkommen-nicht-finanzierbar\/\"]}]},{\"@type\":\"ImageObject\",\"inLanguage\":\"de\",\"@id\":\"https:\/\/www.pressenza.com\/de\/2021\/09\/grundeinkommen-ist-finanzierbar-warnung-vor-falschmeldung-grundeinkommen-nicht-finanzierbar\/#primaryimage\",\"url\":\"https:\/\/www.pressenza.com\/wp-content\/uploads\/2021\/09\/800px-Grundeinkommen_statt_Existenzangst_BGE_Berlin_2013.v1.jpg\",\"contentUrl\":\"https:\/\/www.pressenza.com\/wp-content\/uploads\/2021\/09\/800px-Grundeinkommen_statt_Existenzangst_BGE_Berlin_2013.v1.jpg\",\"width\":1920,\"height\":1440},{\"@type\":\"BreadcrumbList\",\"@id\":\"https:\/\/www.pressenza.com\/de\/2021\/09\/grundeinkommen-ist-finanzierbar-warnung-vor-falschmeldung-grundeinkommen-nicht-finanzierbar\/#breadcrumb\",\"itemListElement\":[{\"@type\":\"ListItem\",\"position\":1,\"name\":\"Accueil\",\"item\":\"https:\/\/www.pressenza.com\/de\/\"},{\"@type\":\"ListItem\",\"position\":2,\"name\":\"Grundeinkommen ist finanzierbar: Warnung vor Falschmeldung \u201eGrundeinkommen nicht finanzierbar\u201c\"}]},{\"@type\":\"WebSite\",\"@id\":\"https:\/\/www.pressenza.com\/de\/#website\",\"url\":\"https:\/\/www.pressenza.com\/de\/\",\"name\":\"Pressenza\",\"description\":\"International Press Agency\",\"publisher\":{\"@id\":\"https:\/\/www.pressenza.com\/de\/#organization\"},\"potentialAction\":[{\"@type\":\"SearchAction\",\"target\":{\"@type\":\"EntryPoint\",\"urlTemplate\":\"https:\/\/www.pressenza.com\/de\/?s={search_term_string}\"},\"query-input\":{\"@type\":\"PropertyValueSpecification\",\"valueRequired\":true,\"valueName\":\"search_term_string\"}}],\"inLanguage\":\"de\"},{\"@type\":\"Organization\",\"@id\":\"https:\/\/www.pressenza.com\/de\/#organization\",\"name\":\"Pressenza\",\"url\":\"https:\/\/www.pressenza.com\/de\/\",\"logo\":{\"@type\":\"ImageObject\",\"inLanguage\":\"de\",\"@id\":\"https:\/\/www.pressenza.com\/de\/#\/schema\/logo\/image\/\",\"url\":\"https:\/\/www.pressenza.com\/wp-content\/uploads\/2022\/10\/pressenza_logo_200x200.jpg\",\"contentUrl\":\"https:\/\/www.pressenza.com\/wp-content\/uploads\/2022\/10\/pressenza_logo_200x200.jpg\",\"width\":200,\"height\":200,\"caption\":\"Pressenza\"},\"image\":{\"@id\":\"https:\/\/www.pressenza.com\/de\/#\/schema\/logo\/image\/\"},\"sameAs\":[\"https:\/\/www.facebook.com\/PressenzaItalia\",\"https:\/\/x.com\/PressenzaIPA\"]},{\"@type\":\"Person\",\"@id\":\"https:\/\/www.pressenza.com\/de\/#\/schema\/person\/57bb5480943a496a7722b0248e4b658a\",\"name\":\"Pressenza Berlin\",\"description\":\"News from the Pressenza Bureau in Berlin, Germany\",\"sameAs\":[\"https:\/\/www.facebook.com\/Pressenza-Deutschland-sterreich-Schweiz-281675388658060\/timeline\/\",\"https:\/\/x.com\/pressenza_ger\"],\"url\":\"https:\/\/www.pressenza.com\/de\/author\/pressenza-berlin\/\"}]}<\/script>\n<!-- \/ Yoast SEO plugin. -->","yoast_head_json":{"title":"Grundeinkommen ist finanzierbar: Warnung vor Falschmeldung \u201eGrundeinkommen nicht finanzierbar\u201c","description":"Es wurde schon oft versucht nachzuweisen, dass das Grundeinkommen nicht zu finanzieren sei. So j\u00fcngst auch mit einem Forschungsbericht im Auftrag des","robots":{"index":"index","follow":"follow","max-snippet":"max-snippet:-1","max-image-preview":"max-image-preview:large","max-video-preview":"max-video-preview:-1"},"canonical":"https:\/\/www.pressenza.com\/de\/2021\/09\/grundeinkommen-ist-finanzierbar-warnung-vor-falschmeldung-grundeinkommen-nicht-finanzierbar\/","og_locale":"de_DE","og_type":"article","og_title":"Grundeinkommen ist finanzierbar: Warnung vor Falschmeldung \u201eGrundeinkommen nicht finanzierbar\u201c","og_description":"Es wurde schon oft versucht nachzuweisen, dass das Grundeinkommen nicht zu finanzieren sei. So j\u00fcngst auch mit einem Forschungsbericht im Auftrag des","og_url":"https:\/\/www.pressenza.com\/de\/2021\/09\/grundeinkommen-ist-finanzierbar-warnung-vor-falschmeldung-grundeinkommen-nicht-finanzierbar\/","og_site_name":"Pressenza","article_publisher":"https:\/\/www.facebook.com\/PressenzaItalia","article_author":"https:\/\/www.facebook.com\/Pressenza-Deutschland-sterreich-Schweiz-281675388658060\/timeline\/","article_published_time":"2021-09-16T04:41:49+00:00","og_image":[{"width":1920,"height":1440,"url":"https:\/\/www.pressenza.com\/wp-content\/uploads\/2021\/09\/800px-Grundeinkommen_statt_Existenzangst_BGE_Berlin_2013.v1.jpg","type":"image\/jpeg"}],"author":"Pressenza Berlin","twitter_card":"summary_large_image","twitter_creator":"@pressenza_ger","twitter_site":"@PressenzaIPA","twitter_misc":{"Verfasst von":"Pressenza Berlin","Gesch\u00e4tzte Lesezeit":"2\u00a0Minuten"},"schema":{"@context":"https:\/\/schema.org","@graph":[{"@type":"Article","@id":"https:\/\/www.pressenza.com\/de\/2021\/09\/grundeinkommen-ist-finanzierbar-warnung-vor-falschmeldung-grundeinkommen-nicht-finanzierbar\/#article","isPartOf":{"@id":"https:\/\/www.pressenza.com\/de\/2021\/09\/grundeinkommen-ist-finanzierbar-warnung-vor-falschmeldung-grundeinkommen-nicht-finanzierbar\/"},"author":{"name":"Pressenza Berlin","@id":"https:\/\/www.pressenza.com\/de\/#\/schema\/person\/57bb5480943a496a7722b0248e4b658a"},"headline":"Grundeinkommen ist finanzierbar: Warnung vor Falschmeldung \u201eGrundeinkommen nicht finanzierbar\u201c","datePublished":"2021-09-16T04:41:49+00:00","mainEntityOfPage":{"@id":"https:\/\/www.pressenza.com\/de\/2021\/09\/grundeinkommen-ist-finanzierbar-warnung-vor-falschmeldung-grundeinkommen-nicht-finanzierbar\/"},"wordCount":409,"publisher":{"@id":"https:\/\/www.pressenza.com\/de\/#organization"},"image":{"@id":"https:\/\/www.pressenza.com\/de\/2021\/09\/grundeinkommen-ist-finanzierbar-warnung-vor-falschmeldung-grundeinkommen-nicht-finanzierbar\/#primaryimage"},"thumbnailUrl":"https:\/\/www.pressenza.com\/wp-content\/uploads\/2021\/09\/800px-Grundeinkommen_statt_Existenzangst_BGE_Berlin_2013.v1.jpg","keywords":["BGE","Finanzierung","Forschungsbericht","Grundeinkommen","Zivilgesellschaft"],"articleSection":["Menschenrechte","Politik","Pressemitteilungen","Wirtschaft","Wissenschaft und Technologie"],"inLanguage":"de"},{"@type":"WebPage","@id":"https:\/\/www.pressenza.com\/de\/2021\/09\/grundeinkommen-ist-finanzierbar-warnung-vor-falschmeldung-grundeinkommen-nicht-finanzierbar\/","url":"https:\/\/www.pressenza.com\/de\/2021\/09\/grundeinkommen-ist-finanzierbar-warnung-vor-falschmeldung-grundeinkommen-nicht-finanzierbar\/","name":"Grundeinkommen ist finanzierbar: Warnung vor Falschmeldung \u201eGrundeinkommen nicht finanzierbar\u201c","isPartOf":{"@id":"https:\/\/www.pressenza.com\/de\/#website"},"primaryImageOfPage":{"@id":"https:\/\/www.pressenza.com\/de\/2021\/09\/grundeinkommen-ist-finanzierbar-warnung-vor-falschmeldung-grundeinkommen-nicht-finanzierbar\/#primaryimage"},"image":{"@id":"https:\/\/www.pressenza.com\/de\/2021\/09\/grundeinkommen-ist-finanzierbar-warnung-vor-falschmeldung-grundeinkommen-nicht-finanzierbar\/#primaryimage"},"thumbnailUrl":"https:\/\/www.pressenza.com\/wp-content\/uploads\/2021\/09\/800px-Grundeinkommen_statt_Existenzangst_BGE_Berlin_2013.v1.jpg","datePublished":"2021-09-16T04:41:49+00:00","description":"Es wurde schon oft versucht nachzuweisen, dass das Grundeinkommen nicht zu finanzieren sei. So j\u00fcngst auch mit einem Forschungsbericht im Auftrag des","breadcrumb":{"@id":"https:\/\/www.pressenza.com\/de\/2021\/09\/grundeinkommen-ist-finanzierbar-warnung-vor-falschmeldung-grundeinkommen-nicht-finanzierbar\/#breadcrumb"},"inLanguage":"de","potentialAction":[{"@type":"ReadAction","target":["https:\/\/www.pressenza.com\/de\/2021\/09\/grundeinkommen-ist-finanzierbar-warnung-vor-falschmeldung-grundeinkommen-nicht-finanzierbar\/"]}]},{"@type":"ImageObject","inLanguage":"de","@id":"https:\/\/www.pressenza.com\/de\/2021\/09\/grundeinkommen-ist-finanzierbar-warnung-vor-falschmeldung-grundeinkommen-nicht-finanzierbar\/#primaryimage","url":"https:\/\/www.pressenza.com\/wp-content\/uploads\/2021\/09\/800px-Grundeinkommen_statt_Existenzangst_BGE_Berlin_2013.v1.jpg","contentUrl":"https:\/\/www.pressenza.com\/wp-content\/uploads\/2021\/09\/800px-Grundeinkommen_statt_Existenzangst_BGE_Berlin_2013.v1.jpg","width":1920,"height":1440},{"@type":"BreadcrumbList","@id":"https:\/\/www.pressenza.com\/de\/2021\/09\/grundeinkommen-ist-finanzierbar-warnung-vor-falschmeldung-grundeinkommen-nicht-finanzierbar\/#breadcrumb","itemListElement":[{"@type":"ListItem","position":1,"name":"Accueil","item":"https:\/\/www.pressenza.com\/de\/"},{"@type":"ListItem","position":2,"name":"Grundeinkommen ist finanzierbar: Warnung vor Falschmeldung \u201eGrundeinkommen nicht finanzierbar\u201c"}]},{"@type":"WebSite","@id":"https:\/\/www.pressenza.com\/de\/#website","url":"https:\/\/www.pressenza.com\/de\/","name":"Pressenza","description":"International Press Agency","publisher":{"@id":"https:\/\/www.pressenza.com\/de\/#organization"},"potentialAction":[{"@type":"SearchAction","target":{"@type":"EntryPoint","urlTemplate":"https:\/\/www.pressenza.com\/de\/?s={search_term_string}"},"query-input":{"@type":"PropertyValueSpecification","valueRequired":true,"valueName":"search_term_string"}}],"inLanguage":"de"},{"@type":"Organization","@id":"https:\/\/www.pressenza.com\/de\/#organization","name":"Pressenza","url":"https:\/\/www.pressenza.com\/de\/","logo":{"@type":"ImageObject","inLanguage":"de","@id":"https:\/\/www.pressenza.com\/de\/#\/schema\/logo\/image\/","url":"https:\/\/www.pressenza.com\/wp-content\/uploads\/2022\/10\/pressenza_logo_200x200.jpg","contentUrl":"https:\/\/www.pressenza.com\/wp-content\/uploads\/2022\/10\/pressenza_logo_200x200.jpg","width":200,"height":200,"caption":"Pressenza"},"image":{"@id":"https:\/\/www.pressenza.com\/de\/#\/schema\/logo\/image\/"},"sameAs":["https:\/\/www.facebook.com\/PressenzaItalia","https:\/\/x.com\/PressenzaIPA"]},{"@type":"Person","@id":"https:\/\/www.pressenza.com\/de\/#\/schema\/person\/57bb5480943a496a7722b0248e4b658a","name":"Pressenza Berlin","description":"News from the Pressenza Bureau in Berlin, Germany","sameAs":["https:\/\/www.facebook.com\/Pressenza-Deutschland-sterreich-Schweiz-281675388658060\/timeline\/","https:\/\/x.com\/pressenza_ger"],"url":"https:\/\/www.pressenza.com\/de\/author\/pressenza-berlin\/"}]}},"place":"Netzwerk Grundeinkommen","original_article_url":"","_links":{"self":[{"href":"https:\/\/www.pressenza.com\/de\/wp-json\/wp\/v2\/posts\/1430323","targetHints":{"allow":["GET"]}}],"collection":[{"href":"https:\/\/www.pressenza.com\/de\/wp-json\/wp\/v2\/posts"}],"about":[{"href":"https:\/\/www.pressenza.com\/de\/wp-json\/wp\/v2\/types\/post"}],"author":[{"embeddable":true,"href":"https:\/\/www.pressenza.com\/de\/wp-json\/wp\/v2\/users\/1095"}],"replies":[{"embeddable":true,"href":"https:\/\/www.pressenza.com\/de\/wp-json\/wp\/v2\/comments?post=1430323"}],"version-history":[{"count":0,"href":"https:\/\/www.pressenza.com\/de\/wp-json\/wp\/v2\/posts\/1430323\/revisions"}],"wp:featuredmedia":[{"embeddable":true,"href":"https:\/\/www.pressenza.com\/de\/wp-json\/wp\/v2\/media\/1430745"}],"wp:attachment":[{"href":"https:\/\/www.pressenza.com\/de\/wp-json\/wp\/v2\/media?parent=1430323"}],"wp:term":[{"taxonomy":"category","embeddable":true,"href":"https:\/\/www.pressenza.com\/de\/wp-json\/wp\/v2\/categories?post=1430323"},{"taxonomy":"post_tag","embeddable":true,"href":"https:\/\/www.pressenza.com\/de\/wp-json\/wp\/v2\/tags?post=1430323"}],"curies":[{"name":"wp","href":"https:\/\/api.w.org\/{rel}","templated":true}]}}