{"id":1427599,"date":"2021-09-12T09:20:35","date_gmt":"2021-09-12T08:20:35","guid":{"rendered":"https:\/\/www.pressenza.com\/?p=1427599"},"modified":"2021-09-12T09:20:35","modified_gmt":"2021-09-12T08:20:35","slug":"aussenpolitik-zum-phaenomen-der-verdraengung","status":"publish","type":"post","link":"https:\/\/www.pressenza.com\/de\/2021\/09\/aussenpolitik-zum-phaenomen-der-verdraengung\/","title":{"rendered":"Au\u00dfenpolitik: Zum Ph\u00e4nomen der Verdr\u00e4ngung"},"content":{"rendered":"<p><strong>Alle Pl\u00e4ne, in einem Land Politik machen zu wollen, h\u00e4ngen davon ab, ob der Frieden gesichert ist. Kommt es zu kriegerischen Zust\u00e4nden, ist die zivilisatorische Gestaltung eines Gemeinwesens gef\u00e4hrdet.<\/strong><\/p>\n<p><strong>Milit\u00e4rische Aktionen als Normalit\u00e4t<\/strong><\/p>\n<p>Nun kann man unterschiedlicher Meinung dar\u00fcber sein, welche Art der Au\u00dfenpolitik den Frieden sichert, aber man kann nicht mehr dar\u00fcber streiten, wenn man sich bereits in einer Entwicklung befindet, die als eine Form der <a href=\"https:\/\/neue-debatte.com\/2019\/07\/07\/wie-der-kapitalismus-krisen-erzeugt-und-kriege-vorbereitet-teil-1\/\">Vorbereitung kriegerischer Auseinandersetzungen<\/a> bezeichnet werden kann. Umso schwieriger wird es, wenn die Beteiligung an milit\u00e4rischen Aktionen bereits zu den Standards z\u00e4hlt, die als Normalit\u00e4t bezeichnet werden.<\/p>\n<p>In diesem Kontext sei der Verweis erlaubt, dass von der bereits vor zwanzig Jahren aktiv unterst\u00fctzten Aktion in Afghanistan, der Duldung von <a href=\"https:\/\/neue-debatte.com\/2020\/08\/31\/das-besteck-des-regime-change\/\">Regime-Change-Interventionen<\/a> in Libyen, der Herbeif\u00fchrung einer milit\u00e4rischen Konfrontation in der Ukraine, des Milit\u00e4reinsatzes in Mali und der Beteiligung an Aktionen im syrischen Krieg von einer Friedenspolitik nicht mehr die Rede sein kann.<\/p>\n<p><strong>Das Bild, das w\u00e4hrend dieser Aktionen der Bev\u00f6lkerung gezeichnet wurde, ist das von einem Feindbild, das insofern tats\u00e4chlich immer wieder verifiziert werden konnte, als dass auf die Mittel einer ein Friedenskonzept unterst\u00fctzenden Diplomatie von vornherein verzichtet wurde.<\/strong><\/p>\n<p>Dass nun vor den Bundestagswahlen, die zu Recht als richtungsentscheidend bezeichnet werden, von den existierenden Feindbildern als einer Art Staatsr\u00e4son ausgegangen wird, ist ein Beleg f\u00fcr die Sackgasse, in die man sich begeben hat.<\/p>\n<p>In diesem Punkt sind die miteinander um den Regierungsauftrag ringenden Parteien einer Meinung: Sie alle scheinen sich einig zu sein, dass die Politik der Konfrontation, f\u00fcr die sich die US-Administration entschieden hat, nicht angezweifelt wird. Es geht sogar so weit, dass die Kritik daran als ein Kriterium f\u00fcr die Regierungsunf\u00e4higkeit apostrophiert wird.<\/p>\n<p><span id=\"Aluhut-Traeger_wie_Willy_Brandt_%E2%80%A6\" class=\"ez-toc-section\"><\/span><strong>Aluhut-Tr\u00e4ger wie Willy Brandt \u2026<\/strong><\/p>\n<p>Das Bild, das w\u00e4hrend dieser Aktionen der Bev\u00f6lkerung Glaubt man den immer wieder ver\u00f6ffentlichten Umfragen, dann ist \u00fcber diese wichtige Frage ein Gro\u00dfteil der Bev\u00f6lkerung nicht nur beunruhigt, sondern sie lehnt sie sogar ab. Dennoch setzen sich die staatstragenden Parteien dar\u00fcber hinweg, als handele es sich um eine Petitesse.<\/p>\n<p>Dass es auch anders ginge, hat die j\u00fcngere Geschichte nachdr\u00fccklich bewiesen. Und selbst diese Erfahrung, dass es m\u00f6glich ist, mit anderen M\u00e4chten, die sich anders definieren und die ein anderes Weltbild haben, zu Vereinbarungen zu kommen, die friedenssichernd sind, wird ignoriert und als Verschw\u00f6rungstheorie diskreditiert. wurde, ist das von einem <a href=\"https:\/\/neue-debatte.com\/2020\/09\/22\/russland-kontainer-die-zerstorung-eines-feindbildes\/\">Feindbild<\/a>, das insofern tats\u00e4chlich immer wieder verifiziert werden konnte, als dass auf die Mittel einer ein Friedenskonzept unterst\u00fctzenden Diplomatie von vornherein verzichtet wurde.<\/p>\n<p>Aus der Weltsicht derer, die sich nun f\u00fcr die Au\u00dfenpolitik verantwortlich f\u00fchlen oder nach einem Zugriff darauf streben, w\u00e4ren Figuren wie Charles de Gaulle oder Willy Brandt heute Tr\u00e4ger von Alu-H\u00fcten, die man nicht f\u00fcr voll nehmen kann (1).<\/p>\n<p><span id=\"Die_Unreife_fuer_Aussenpolitik\" class=\"ez-toc-section\"><\/span><strong>Die Unreife f\u00fcr Au\u00dfenpolitik<\/strong><\/p>\n<p>So absurd die Lage scheint, in den Zentren des bundesrepublikanischen politischen Establishments scheint man nicht nur die Geschichte vergessen zu haben, sondern man nimmt das Risiko wachsender milit\u00e4rischer Konfrontationen billigend in Kauf, um sich dem sicherlich nicht angenehmen Unterfangen zu entziehen, der <a href=\"https:\/\/neue-debatte.com\/2020\/11\/01\/usa-von-jamestown-bis-zur-supermacht\/\">schlitternden Gro\u00dfmacht USA<\/a> die Stirn bieten zu m\u00fcssen.<\/p>\n<p>Von der Perspektive her ist das desastr\u00f6s. Und da ein kollektiver Aufschrei ausbleibt, der der in den Umfragen ermittelten Haltung entspr\u00e4che, kann man davon ausgehen, dass viele Menschen glauben, durch die Verdr\u00e4ngung dieser Frage k\u00f6nne man das Problem aus der Welt schaffen. Es ist aber nicht so. Wer den Frieden will, muss sich einer anderen Politik widmen, die auf einen Kl\u00e4rungsprozess mit den USA hinausl\u00e4uft. Der st\u00e4ndige, von doppelten Standards bis zum Erbrechen kontaminierte Verweis auf die Existenz von Missst\u00e4nden im vermeintlich gegnerischen Lager macht die Lage nicht besser.<\/p>\n<p>Ein Land, das sich als souver\u00e4n bezeichnet, muss lernen, eine Haltung zu entwickeln, die der eigenen Interessenlage entspricht. Und eine Elite, die das hintertreibt und hintertreiben kann, ist ein Symptom f\u00fcr die eigene Unreife.<\/p>\n<hr class=\"wp-block-separator\" \/>\n<p><span id=\"Quellen_und_Anmerkungen\" class=\"ez-toc-section\"><\/span><strong>Quellen und Anmerkungen<\/strong><\/p>\n<p>(1) <strong>Charles de Gaulle<\/strong> (1890-1970) war Politiker und General. Er f\u00fchrte im Zweiten Weltkrieg aus dem Exil den Widerstand des Freien Frankreichs gegen die deutsche Besatzung an. Von 1944 bis 1946 war er Pr\u00e4sident der provisorischen Regierung Frankreichs. Im Zuge des Algerienkriegs wurde er 1958 mit der Bildung einer Regierung als Ministerpr\u00e4sident beauftragt. Er setzte eine Verfassungsreform durch, mit der die F\u00fcnfte Republik begr\u00fcndet wurde. Von Januar 1959 bis April 1969 war er Pr\u00e4sident Frankreichs. Die auf ihn zur\u00fcckgehende politische Ideologie des Gaullismus beeinflusst die franz\u00f6sische Politik bis heute. Die Bedeutung Charles de Gaulles wird unterschiedlich bewertet. Die einen sehen in ihm einen gro\u00dfen Staatsmann der franz\u00f6sischen Geschichte, der auch wichtige Impulse zur Entwicklung eines unabh\u00e4ngigen Europas setzte, andere halten ihn f\u00fcr \u00fcberbewertet.<\/p>\n","protected":false},"excerpt":{"rendered":"<p>Alle Pl\u00e4ne, in einem Land Politik machen zu wollen, h\u00e4ngen davon ab, ob der Frieden gesichert ist. Kommt es zu kriegerischen Zust\u00e4nden, ist die zivilisatorische Gestaltung eines Gemeinwesens gef\u00e4hrdet. Milit\u00e4rische Aktionen als Normalit\u00e4t Nun kann man unterschiedlicher Meinung dar\u00fcber sein,&hellip;<\/p>\n","protected":false},"author":1342,"featured_media":1427601,"comment_status":"closed","ping_status":"closed","sticky":false,"template":"","format":"standard","meta":{"footnotes":""},"categories":[9167,9168],"tags":[94721,94722,54494,9440,37699,10604],"class_list":["post-1427599","post","type-post","status-publish","format-standard","has-post-thumbnail","hentry","category-frieden-und-abruestung","category-politik","tag-aussenpolitik","tag-charles-de-gaulle-de","tag-diplomatie","tag-geschichte","tag-kriege","tag-militaer"],"yoast_head":"<!-- This site is optimized with the Yoast SEO plugin v27.1.1 - https:\/\/yoast.com\/product\/yoast-seo-wordpress\/ -->\n<title>Au\u00dfenpolitik: Zum Ph\u00e4nomen der Verdr\u00e4ngung<\/title>\n<meta name=\"description\" content=\"Alle Pl\u00e4ne, in einem Land Politik machen zu wollen, h\u00e4ngen davon ab, ob der Frieden gesichert ist. Kommt es zu kriegerischen Zust\u00e4nden, ist die\" \/>\n<meta name=\"robots\" content=\"index, follow, max-snippet:-1, max-image-preview:large, max-video-preview:-1\" \/>\n<link rel=\"canonical\" href=\"https:\/\/www.pressenza.com\/de\/2021\/09\/aussenpolitik-zum-phaenomen-der-verdraengung\/\" \/>\n<meta property=\"og:locale\" content=\"de_DE\" \/>\n<meta property=\"og:type\" content=\"article\" \/>\n<meta property=\"og:title\" content=\"Au\u00dfenpolitik: Zum Ph\u00e4nomen der Verdr\u00e4ngung\" \/>\n<meta property=\"og:description\" content=\"Alle Pl\u00e4ne, in einem Land Politik machen zu wollen, h\u00e4ngen davon ab, ob der Frieden gesichert ist. Kommt es zu kriegerischen Zust\u00e4nden, ist die\" \/>\n<meta property=\"og:url\" content=\"https:\/\/www.pressenza.com\/de\/2021\/09\/aussenpolitik-zum-phaenomen-der-verdraengung\/\" \/>\n<meta property=\"og:site_name\" content=\"Pressenza\" \/>\n<meta property=\"article:publisher\" content=\"https:\/\/www.facebook.com\/PressenzaItalia\" \/>\n<meta property=\"article:published_time\" content=\"2021-09-12T08:20:35+00:00\" \/>\n<meta property=\"og:image\" content=\"https:\/\/www.pressenza.com\/wp-content\/uploads\/2021\/09\/04D4565D-2450-4620-94DC-458290D34A12.jpeg\" \/>\n\t<meta property=\"og:image:width\" content=\"1920\" \/>\n\t<meta property=\"og:image:height\" content=\"1256\" \/>\n\t<meta property=\"og:image:type\" content=\"image\/jpeg\" \/>\n<meta name=\"author\" content=\"Neue Debatte\" \/>\n<meta name=\"twitter:card\" content=\"summary_large_image\" \/>\n<meta name=\"twitter:creator\" content=\"@PressenzaIPA\" \/>\n<meta name=\"twitter:site\" content=\"@PressenzaIPA\" \/>\n<meta name=\"twitter:label1\" content=\"Verfasst von\" \/>\n\t<meta name=\"twitter:data1\" content=\"Neue Debatte\" \/>\n\t<meta name=\"twitter:label2\" content=\"Gesch\u00e4tzte Lesezeit\" \/>\n\t<meta name=\"twitter:data2\" content=\"4\u00a0Minuten\" \/>\n<script type=\"application\/ld+json\" class=\"yoast-schema-graph\">{\"@context\":\"https:\/\/schema.org\",\"@graph\":[{\"@type\":\"Article\",\"@id\":\"https:\/\/www.pressenza.com\/de\/2021\/09\/aussenpolitik-zum-phaenomen-der-verdraengung\/#article\",\"isPartOf\":{\"@id\":\"https:\/\/www.pressenza.com\/de\/2021\/09\/aussenpolitik-zum-phaenomen-der-verdraengung\/\"},\"author\":{\"name\":\"Neue Debatte\",\"@id\":\"https:\/\/www.pressenza.com\/de\/#\/schema\/person\/b816344ee166a2736c48a20c4b9ad2a9\"},\"headline\":\"Au\u00dfenpolitik: Zum Ph\u00e4nomen der Verdr\u00e4ngung\",\"datePublished\":\"2021-09-12T08:20:35+00:00\",\"mainEntityOfPage\":{\"@id\":\"https:\/\/www.pressenza.com\/de\/2021\/09\/aussenpolitik-zum-phaenomen-der-verdraengung\/\"},\"wordCount\":812,\"publisher\":{\"@id\":\"https:\/\/www.pressenza.com\/de\/#organization\"},\"image\":{\"@id\":\"https:\/\/www.pressenza.com\/de\/2021\/09\/aussenpolitik-zum-phaenomen-der-verdraengung\/#primaryimage\"},\"thumbnailUrl\":\"https:\/\/www.pressenza.com\/wp-content\/uploads\/2021\/09\/04D4565D-2450-4620-94DC-458290D34A12.jpeg\",\"keywords\":[\"Au\u00dfenpolitik\",\"Charles De Gaulle\",\"Diplomatie\",\"Geschichte\",\"Kriege\",\"Milit\u00e4r\"],\"articleSection\":[\"Frieden und Abr\u00fcstung\",\"Politik\"],\"inLanguage\":\"de\"},{\"@type\":\"WebPage\",\"@id\":\"https:\/\/www.pressenza.com\/de\/2021\/09\/aussenpolitik-zum-phaenomen-der-verdraengung\/\",\"url\":\"https:\/\/www.pressenza.com\/de\/2021\/09\/aussenpolitik-zum-phaenomen-der-verdraengung\/\",\"name\":\"Au\u00dfenpolitik: Zum Ph\u00e4nomen der Verdr\u00e4ngung\",\"isPartOf\":{\"@id\":\"https:\/\/www.pressenza.com\/de\/#website\"},\"primaryImageOfPage\":{\"@id\":\"https:\/\/www.pressenza.com\/de\/2021\/09\/aussenpolitik-zum-phaenomen-der-verdraengung\/#primaryimage\"},\"image\":{\"@id\":\"https:\/\/www.pressenza.com\/de\/2021\/09\/aussenpolitik-zum-phaenomen-der-verdraengung\/#primaryimage\"},\"thumbnailUrl\":\"https:\/\/www.pressenza.com\/wp-content\/uploads\/2021\/09\/04D4565D-2450-4620-94DC-458290D34A12.jpeg\",\"datePublished\":\"2021-09-12T08:20:35+00:00\",\"description\":\"Alle Pl\u00e4ne, in einem Land Politik machen zu wollen, h\u00e4ngen davon ab, ob der Frieden gesichert ist. Kommt es zu kriegerischen Zust\u00e4nden, ist die\",\"breadcrumb\":{\"@id\":\"https:\/\/www.pressenza.com\/de\/2021\/09\/aussenpolitik-zum-phaenomen-der-verdraengung\/#breadcrumb\"},\"inLanguage\":\"de\",\"potentialAction\":[{\"@type\":\"ReadAction\",\"target\":[\"https:\/\/www.pressenza.com\/de\/2021\/09\/aussenpolitik-zum-phaenomen-der-verdraengung\/\"]}]},{\"@type\":\"ImageObject\",\"inLanguage\":\"de\",\"@id\":\"https:\/\/www.pressenza.com\/de\/2021\/09\/aussenpolitik-zum-phaenomen-der-verdraengung\/#primaryimage\",\"url\":\"https:\/\/www.pressenza.com\/wp-content\/uploads\/2021\/09\/04D4565D-2450-4620-94DC-458290D34A12.jpeg\",\"contentUrl\":\"https:\/\/www.pressenza.com\/wp-content\/uploads\/2021\/09\/04D4565D-2450-4620-94DC-458290D34A12.jpeg\",\"width\":1920,\"height\":1256},{\"@type\":\"BreadcrumbList\",\"@id\":\"https:\/\/www.pressenza.com\/de\/2021\/09\/aussenpolitik-zum-phaenomen-der-verdraengung\/#breadcrumb\",\"itemListElement\":[{\"@type\":\"ListItem\",\"position\":1,\"name\":\"Accueil\",\"item\":\"https:\/\/www.pressenza.com\/de\/\"},{\"@type\":\"ListItem\",\"position\":2,\"name\":\"Au\u00dfenpolitik: Zum Ph\u00e4nomen der Verdr\u00e4ngung\"}]},{\"@type\":\"WebSite\",\"@id\":\"https:\/\/www.pressenza.com\/de\/#website\",\"url\":\"https:\/\/www.pressenza.com\/de\/\",\"name\":\"Pressenza\",\"description\":\"International Press Agency\",\"publisher\":{\"@id\":\"https:\/\/www.pressenza.com\/de\/#organization\"},\"potentialAction\":[{\"@type\":\"SearchAction\",\"target\":{\"@type\":\"EntryPoint\",\"urlTemplate\":\"https:\/\/www.pressenza.com\/de\/?s={search_term_string}\"},\"query-input\":{\"@type\":\"PropertyValueSpecification\",\"valueRequired\":true,\"valueName\":\"search_term_string\"}}],\"inLanguage\":\"de\"},{\"@type\":\"Organization\",\"@id\":\"https:\/\/www.pressenza.com\/de\/#organization\",\"name\":\"Pressenza\",\"url\":\"https:\/\/www.pressenza.com\/de\/\",\"logo\":{\"@type\":\"ImageObject\",\"inLanguage\":\"de\",\"@id\":\"https:\/\/www.pressenza.com\/de\/#\/schema\/logo\/image\/\",\"url\":\"https:\/\/www.pressenza.com\/wp-content\/uploads\/2022\/10\/pressenza_logo_200x200.jpg\",\"contentUrl\":\"https:\/\/www.pressenza.com\/wp-content\/uploads\/2022\/10\/pressenza_logo_200x200.jpg\",\"width\":200,\"height\":200,\"caption\":\"Pressenza\"},\"image\":{\"@id\":\"https:\/\/www.pressenza.com\/de\/#\/schema\/logo\/image\/\"},\"sameAs\":[\"https:\/\/www.facebook.com\/PressenzaItalia\",\"https:\/\/x.com\/PressenzaIPA\"]},{\"@type\":\"Person\",\"@id\":\"https:\/\/www.pressenza.com\/de\/#\/schema\/person\/b816344ee166a2736c48a20c4b9ad2a9\",\"name\":\"Neue Debatte\",\"description\":\"Magazin f\u00fcr Menschen, Kultur und Gesellschaft www.neue-debatte.de\",\"url\":\"https:\/\/www.pressenza.com\/de\/author\/neue-debatte\/\"}]}<\/script>\n<!-- \/ Yoast SEO plugin. -->","yoast_head_json":{"title":"Au\u00dfenpolitik: Zum Ph\u00e4nomen der Verdr\u00e4ngung","description":"Alle Pl\u00e4ne, in einem Land Politik machen zu wollen, h\u00e4ngen davon ab, ob der Frieden gesichert ist. Kommt es zu kriegerischen Zust\u00e4nden, ist die","robots":{"index":"index","follow":"follow","max-snippet":"max-snippet:-1","max-image-preview":"max-image-preview:large","max-video-preview":"max-video-preview:-1"},"canonical":"https:\/\/www.pressenza.com\/de\/2021\/09\/aussenpolitik-zum-phaenomen-der-verdraengung\/","og_locale":"de_DE","og_type":"article","og_title":"Au\u00dfenpolitik: Zum Ph\u00e4nomen der Verdr\u00e4ngung","og_description":"Alle Pl\u00e4ne, in einem Land Politik machen zu wollen, h\u00e4ngen davon ab, ob der Frieden gesichert ist. Kommt es zu kriegerischen Zust\u00e4nden, ist die","og_url":"https:\/\/www.pressenza.com\/de\/2021\/09\/aussenpolitik-zum-phaenomen-der-verdraengung\/","og_site_name":"Pressenza","article_publisher":"https:\/\/www.facebook.com\/PressenzaItalia","article_published_time":"2021-09-12T08:20:35+00:00","og_image":[{"width":1920,"height":1256,"url":"https:\/\/www.pressenza.com\/wp-content\/uploads\/2021\/09\/04D4565D-2450-4620-94DC-458290D34A12.jpeg","type":"image\/jpeg"}],"author":"Neue Debatte","twitter_card":"summary_large_image","twitter_creator":"@PressenzaIPA","twitter_site":"@PressenzaIPA","twitter_misc":{"Verfasst von":"Neue Debatte","Gesch\u00e4tzte Lesezeit":"4\u00a0Minuten"},"schema":{"@context":"https:\/\/schema.org","@graph":[{"@type":"Article","@id":"https:\/\/www.pressenza.com\/de\/2021\/09\/aussenpolitik-zum-phaenomen-der-verdraengung\/#article","isPartOf":{"@id":"https:\/\/www.pressenza.com\/de\/2021\/09\/aussenpolitik-zum-phaenomen-der-verdraengung\/"},"author":{"name":"Neue Debatte","@id":"https:\/\/www.pressenza.com\/de\/#\/schema\/person\/b816344ee166a2736c48a20c4b9ad2a9"},"headline":"Au\u00dfenpolitik: Zum Ph\u00e4nomen der Verdr\u00e4ngung","datePublished":"2021-09-12T08:20:35+00:00","mainEntityOfPage":{"@id":"https:\/\/www.pressenza.com\/de\/2021\/09\/aussenpolitik-zum-phaenomen-der-verdraengung\/"},"wordCount":812,"publisher":{"@id":"https:\/\/www.pressenza.com\/de\/#organization"},"image":{"@id":"https:\/\/www.pressenza.com\/de\/2021\/09\/aussenpolitik-zum-phaenomen-der-verdraengung\/#primaryimage"},"thumbnailUrl":"https:\/\/www.pressenza.com\/wp-content\/uploads\/2021\/09\/04D4565D-2450-4620-94DC-458290D34A12.jpeg","keywords":["Au\u00dfenpolitik","Charles De Gaulle","Diplomatie","Geschichte","Kriege","Milit\u00e4r"],"articleSection":["Frieden und Abr\u00fcstung","Politik"],"inLanguage":"de"},{"@type":"WebPage","@id":"https:\/\/www.pressenza.com\/de\/2021\/09\/aussenpolitik-zum-phaenomen-der-verdraengung\/","url":"https:\/\/www.pressenza.com\/de\/2021\/09\/aussenpolitik-zum-phaenomen-der-verdraengung\/","name":"Au\u00dfenpolitik: Zum Ph\u00e4nomen der Verdr\u00e4ngung","isPartOf":{"@id":"https:\/\/www.pressenza.com\/de\/#website"},"primaryImageOfPage":{"@id":"https:\/\/www.pressenza.com\/de\/2021\/09\/aussenpolitik-zum-phaenomen-der-verdraengung\/#primaryimage"},"image":{"@id":"https:\/\/www.pressenza.com\/de\/2021\/09\/aussenpolitik-zum-phaenomen-der-verdraengung\/#primaryimage"},"thumbnailUrl":"https:\/\/www.pressenza.com\/wp-content\/uploads\/2021\/09\/04D4565D-2450-4620-94DC-458290D34A12.jpeg","datePublished":"2021-09-12T08:20:35+00:00","description":"Alle Pl\u00e4ne, in einem Land Politik machen zu wollen, h\u00e4ngen davon ab, ob der Frieden gesichert ist. Kommt es zu kriegerischen Zust\u00e4nden, ist die","breadcrumb":{"@id":"https:\/\/www.pressenza.com\/de\/2021\/09\/aussenpolitik-zum-phaenomen-der-verdraengung\/#breadcrumb"},"inLanguage":"de","potentialAction":[{"@type":"ReadAction","target":["https:\/\/www.pressenza.com\/de\/2021\/09\/aussenpolitik-zum-phaenomen-der-verdraengung\/"]}]},{"@type":"ImageObject","inLanguage":"de","@id":"https:\/\/www.pressenza.com\/de\/2021\/09\/aussenpolitik-zum-phaenomen-der-verdraengung\/#primaryimage","url":"https:\/\/www.pressenza.com\/wp-content\/uploads\/2021\/09\/04D4565D-2450-4620-94DC-458290D34A12.jpeg","contentUrl":"https:\/\/www.pressenza.com\/wp-content\/uploads\/2021\/09\/04D4565D-2450-4620-94DC-458290D34A12.jpeg","width":1920,"height":1256},{"@type":"BreadcrumbList","@id":"https:\/\/www.pressenza.com\/de\/2021\/09\/aussenpolitik-zum-phaenomen-der-verdraengung\/#breadcrumb","itemListElement":[{"@type":"ListItem","position":1,"name":"Accueil","item":"https:\/\/www.pressenza.com\/de\/"},{"@type":"ListItem","position":2,"name":"Au\u00dfenpolitik: Zum Ph\u00e4nomen der Verdr\u00e4ngung"}]},{"@type":"WebSite","@id":"https:\/\/www.pressenza.com\/de\/#website","url":"https:\/\/www.pressenza.com\/de\/","name":"Pressenza","description":"International Press Agency","publisher":{"@id":"https:\/\/www.pressenza.com\/de\/#organization"},"potentialAction":[{"@type":"SearchAction","target":{"@type":"EntryPoint","urlTemplate":"https:\/\/www.pressenza.com\/de\/?s={search_term_string}"},"query-input":{"@type":"PropertyValueSpecification","valueRequired":true,"valueName":"search_term_string"}}],"inLanguage":"de"},{"@type":"Organization","@id":"https:\/\/www.pressenza.com\/de\/#organization","name":"Pressenza","url":"https:\/\/www.pressenza.com\/de\/","logo":{"@type":"ImageObject","inLanguage":"de","@id":"https:\/\/www.pressenza.com\/de\/#\/schema\/logo\/image\/","url":"https:\/\/www.pressenza.com\/wp-content\/uploads\/2022\/10\/pressenza_logo_200x200.jpg","contentUrl":"https:\/\/www.pressenza.com\/wp-content\/uploads\/2022\/10\/pressenza_logo_200x200.jpg","width":200,"height":200,"caption":"Pressenza"},"image":{"@id":"https:\/\/www.pressenza.com\/de\/#\/schema\/logo\/image\/"},"sameAs":["https:\/\/www.facebook.com\/PressenzaItalia","https:\/\/x.com\/PressenzaIPA"]},{"@type":"Person","@id":"https:\/\/www.pressenza.com\/de\/#\/schema\/person\/b816344ee166a2736c48a20c4b9ad2a9","name":"Neue Debatte","description":"Magazin f\u00fcr Menschen, Kultur und Gesellschaft www.neue-debatte.de","url":"https:\/\/www.pressenza.com\/de\/author\/neue-debatte\/"}]}},"place":"Gerhard Mersmann","original_article_url":"https:\/\/neue-debatte.com\/2021\/09\/08\/aussenpolitik-zum-phaenomen-der-verdraengung\/","_links":{"self":[{"href":"https:\/\/www.pressenza.com\/de\/wp-json\/wp\/v2\/posts\/1427599","targetHints":{"allow":["GET"]}}],"collection":[{"href":"https:\/\/www.pressenza.com\/de\/wp-json\/wp\/v2\/posts"}],"about":[{"href":"https:\/\/www.pressenza.com\/de\/wp-json\/wp\/v2\/types\/post"}],"author":[{"embeddable":true,"href":"https:\/\/www.pressenza.com\/de\/wp-json\/wp\/v2\/users\/1342"}],"replies":[{"embeddable":true,"href":"https:\/\/www.pressenza.com\/de\/wp-json\/wp\/v2\/comments?post=1427599"}],"version-history":[{"count":0,"href":"https:\/\/www.pressenza.com\/de\/wp-json\/wp\/v2\/posts\/1427599\/revisions"}],"wp:featuredmedia":[{"embeddable":true,"href":"https:\/\/www.pressenza.com\/de\/wp-json\/wp\/v2\/media\/1427601"}],"wp:attachment":[{"href":"https:\/\/www.pressenza.com\/de\/wp-json\/wp\/v2\/media?parent=1427599"}],"wp:term":[{"taxonomy":"category","embeddable":true,"href":"https:\/\/www.pressenza.com\/de\/wp-json\/wp\/v2\/categories?post=1427599"},{"taxonomy":"post_tag","embeddable":true,"href":"https:\/\/www.pressenza.com\/de\/wp-json\/wp\/v2\/tags?post=1427599"}],"curies":[{"name":"wp","href":"https:\/\/api.w.org\/{rel}","templated":true}]}}