{"id":1422000,"date":"2021-08-31T13:16:12","date_gmt":"2021-08-31T12:16:12","guid":{"rendered":"https:\/\/www.pressenza.com\/?p=1422000"},"modified":"2021-08-31T13:16:12","modified_gmt":"2021-08-31T12:16:12","slug":"von-haiti-bis-zum-amazonas-kulturerbe-vor-katastrophen-schuetzen","status":"publish","type":"post","link":"https:\/\/www.pressenza.com\/de\/2021\/08\/von-haiti-bis-zum-amazonas-kulturerbe-vor-katastrophen-schuetzen\/","title":{"rendered":"Von Haiti bis zum Amazonas: Kulturerbe vor Katastrophen sch\u00fctzen"},"content":{"rendered":"<p><strong>Nach dem <a href=\"https:\/\/www.ft.com\/content\/6f1dd614-7434-4b8b-8cbd-bba609f7d8e8\" target=\"_blank\" rel=\"noopener\">verheerenden Erdbeben der St\u00e4rke 7,2 in Haiti<\/a>, bei dem fast 2.100 Menschen ums Leben kamen und Tausende verletzt wurden, sieht sich das schwer gebeutelte Land nun auch mit der Bedrohung und den Folgen des Tropensturms Grace konfrontiert. Im Amazonasgebiet wurden in diesem Jahr bereits \u00fcber <a href=\"https:\/\/news.mongabay.com\/2021\/08\/more-than-250-major-fires-the-amazon-this-year-despite-burning-ban-in-brazil\/\" target=\"_blank\" rel=\"noopener\">250 gr\u00f6\u00dfere Br\u00e4nde<\/a> entdeckt, die eine Fl\u00e4che von der Gr\u00f6\u00dfe von Los Angeles, Kalifornien, zerst\u00f6rten. In ganz Asien, von Afghanistan bis Myanmar, geht der launische Monsun mit Problemen in der Region einher, was die Gefahr f\u00fcr die Bev\u00f6lkerung noch erh\u00f6ht. Ganz gleich, ob es sich um Naturkatastrophen oder um Krieg und vom Menschen verursachte Gefahren handelt, das kulturelle und \u00f6kologische Erbe auf der ganzen Welt wird hart getroffen. Insgesamt haben diese kollektiven Krisen eines deutlich gemacht: dass wir unsere Anstrengungen im Umgang mit Katastrophen verst\u00e4rken m\u00fcssen.<\/strong><\/p>\n<h3><strong>Wie Katastrophen unser Kulturerbe beeintr\u00e4chtigen<\/strong><\/h3>\n<p>In den vergangenen Jahrhunderten bestand die gr\u00f6\u00dfte Gefahr f\u00fcr Kulturerbst\u00e4tten wie die Louvres, die Igua\u00e7u-Wasserf\u00e4lle, Angkor oder den Virunga-Nationalpark in Kriegen, Diebstahl, Zeit und Verfall, doch in den letzten Jahren haben wir einen dramatischen Wandel erlebt. Das Ausma\u00df der von Menschen verursachten Probleme hat sich versch\u00e4rft, und der Klimawandel wirkt sich radikal auf \u00d6kosysteme und Naturph\u00e4nomene aus. Es gibt reale und weit verbreitete Bedrohungen f\u00fcr unser nat\u00fcrliches und kulturelles Erbe, aber sind die bestehenden rechtlichen und politischen Rahmenbedingungen wirksam genug, um es zu sch\u00fctzen?<\/p>\n<p>Das Konzept der <a href=\"https:\/\/www.preventionweb.net\/files\/657_lwr1.pdf\" target=\"_blank\" rel=\"noopener\">Katastrophenvorsorge<\/a> wurde entwickelt, um den Umgang mit Naturkatastrophen und vom Menschen verursachten Katastrophen vorzubereiten und zu erlernen. Dieser Ansatz zielt darauf ab, &#8222;die Anf\u00e4lligkeiten und Katastrophenrisiken in einer Gesellschaft zu minimieren, um die negativen Auswirkungen von Gefahren zu vermeiden oder zu begrenzen, und zwar im Rahmen einer nachhaltigen Entwicklung&#8220;. In einer Welt, in der Katastrophen und Krisen haupts\u00e4chlich als Bedrohung f\u00fcr die Entwicklung in ihren humanit\u00e4ren und wirtschaftlichen Folgen verstanden werden, ist es wichtig zu betonen, wie sie durch ihre Auswirkungen auf das Kultur- und Naturerbe auch lokale und globale Realit\u00e4ten beeinflussen.<\/p>\n<p>&#8222;Es muss einen klaren und effizienten internationalen Rahmen geben, um das Kultur- und Naturerbe in bestimmten Situationen zu sch\u00fctzen, wenn eine bewusste Politik der Zerst\u00f6rung betrieben wird, wie wir es in Brasilien unter der derzeitigen Regierung erlebt haben. \u00dcber den Schutz der Umwelt und den Fokus auf den Klimawandel hinaus m\u00fcssen wir uns fragen, was es bedeutet, internationale Regeln zum Schutz der nat\u00fcrlichen G\u00fcter der Menschheit zu haben&#8220;, erkl\u00e4rt Iara Pietricovsky, Vorsitzende von Forus und der zivilgesellschaftlichen Plattform Abong (Brasilien).<\/p>\n<p>In den vergangenen Wochen sind mehr als 75% der Br\u00e4nde im Amazonasgebiet in Brasilien ausgebrochen, und zwar in Gebieten, in denen B\u00e4ume abgeholzt wurden, um Platz f\u00fcr die Landwirtschaft zu machen, obwohl die brasilianische Regierung am 27. Juni ein Verbot f\u00fcr unbefugte Feuer im Freien erlassen hatte, so eine <a href=\"https:\/\/maaproject.org\/2021\/amazon_fires-august\/\" target=\"_blank\" rel=\"noopener\">aktuelle Studie<\/a>.<\/p>\n<blockquote><p><em>&#8222;Angesichts der schweren Folgen von Abholzung und Bergbau, die zu massiven Waldbr\u00e4nden f\u00fchren, befindet sich der Amazonaswald in einem Zustand, in der es kein Zur\u00fcck mehr gibt. Diese Krise betrifft nicht nur ganze \u00d6kosysteme und nat\u00fcrliche Ressourcen, sondern f\u00fchrt auch zum V\u00f6lkermord an den indigenen V\u00f6lkern, die sowohl ihre Kultur als auch ihre Heimat verlieren&#8220;.<\/em><\/p><\/blockquote>\n<h3><strong>Zunehmende Bedrohungen<\/strong><\/h3>\n<p>Das kulturelle und nat\u00fcrliche Erbe ist ein Teil unserer Identit\u00e4t. Sie sind das Erbe, das unsere Vorfahren uns hinterlassen haben und das wir an k\u00fcnftige Generationen weitergeben werden. <a href=\"https:\/\/undocs.org\/en\/A\/71\/317\" target=\"_blank\" rel=\"noopener\">Kulturerbe<\/a> wie Denkm\u00e4ler, Traditionen, Sprache und Kunst hilft Gemeinschaften, sich zu definieren, ihr Wesen zu finden oder ihren Glauben zu praktizieren. Sie vermitteln auch ein Gef\u00fchl der Zugeh\u00f6rigkeit und des kollektiven und pers\u00f6nlichen Stolzes.<\/p>\n<p>Das kulturelle und nat\u00fcrliche Erbe ist nicht nur ein Schl\u00fcsselelement der menschlichen Identifikation und Entwicklung, sondern auch ein wesentlicher wirtschaftlicher Aspekt in L\u00e4ndern und Gemeinschaften, die auf den Tourismus und damit auf die Erhaltung des Erbes als Haupteinnahmequelle angewiesen sind. Leider ist das Kulturerbe, so wichtig es auch ist, st\u00e4ndig bedroht.<\/p>\n<p>Der Verlust des kulturellen Erbes wurde als &#8222;Waffe gegen die lokale Bev\u00f6lkerung&#8220; eingesetzt, wie die Zerst\u00f6rung der <a href=\"https:\/\/www.icomos.de\/admin\/ckeditor\/plugins\/alphamanager\/uploads\/pdf\/ICOMOS_Publikation_Bamiyan.pdf\" target=\"_blank\" rel=\"noopener\">Buddhas von Bamiyan<\/a> im Jahr 2001 durch die Taliban und die Vernichtung <a href=\"https:\/\/www.nationalgeographic.com\/history\/article\/150901-isis-destruction-looting-ancient-sites-iraq-syria-archaeology\" target=\"_blank\" rel=\"noopener\">mehrerer St\u00e4tten<\/a> im Irak und in Syrien durch ISIS im Jahr 2015 zeigen.<\/p>\n<p>Das kulturelle und nat\u00fcrliche Erbe ist auch bei Naturkatastrophen gef\u00e4hrdet, wie das j\u00fcngste Erdbeben in Haiti gezeigt hat. In \u00e4hnlicher Weise ersch\u00fctterte 2015 ein Erdbeben der St\u00e4rke 7,8 Nepal und zerst\u00f6rte wichtige kulturelle Geb\u00e4ude im Kathmandutal, darunter unsch\u00e4tzbare <a href=\"https:\/\/whc.unesco.org\/en\/news\/1537\/\" target=\"_blank\" rel=\"noopener\">Museen<\/a> und den ber\u00fchmten <a href=\"https:\/\/www.dnaindia.com\/world\/report-historic-dharahara-tower-collapses-in-kathmandu-after-quake-at-least-50-trapped-2080587\" target=\"_blank\" rel=\"noopener\">Dharahara-Turm<\/a>. Dies sind nur einige wenige Beispiele von zahllosen anderen, die zeigen, dass die Bedrohungen durch den Anstieg der Ozeane, St\u00fcrme, Wirbelst\u00fcrme, Abholzung, Erdbeben, Vulkanausbr\u00fcche und bewaffnete Konflikte weiter zunehmen.<\/p>\n<h3><strong>Die Zivilgesellschaft und der Schutz von Kulturerbe<\/strong><\/h3>\n<p>Wenn eine Katastrophe eintritt, stehen die Organisationen der Zivilgesellschaft oft an vorderster Front der Hilfs- und Notfallma\u00dfnahmen. Da die Zivilgesellschaft n\u00e4her an den Gemeinschaften dran ist und sich auf lokales Wissen st\u00fctzt, hat sie Zugang zu Gebieten, die f\u00fcr internationale Organisationen als &#8222;unsicher&#8220; gelten, und ist oft einer der Hauptakteur:innen bei der Bereitstellung humanit\u00e4rer Hilfe, wie k\u00fcrzlich beim <a href=\"https:\/\/reliefweb.int\/report\/democratic-republic-congo\/unhcr-emergency-update-volcano-nyiragongo-4-i-06-august-2021\" target=\"_blank\" rel=\"noopener\">Ausbruch des Nyiragongo<\/a> in der Demokratischen Republik Kongo zu sehen war, bei dem mehr als 20.000 Menschen vertrieben wurden.<\/p>\n<p>In Honduras ist ein \u00e4hnliches Muster zu beobachten, bei dem zivilgesellschaftliche Organisationen lokale Planungsinitiativen f\u00fcr den Umgang mit Katastrophen gestalten. Aufgrund seiner geografischen Lage und der Auswirkungen des Klimawandels ist das Land in zunehmendem Ma\u00dfe von Naturkatastrophen betroffen. Im Jahr 2020 wurde es von zwei aufeinanderfolgenden Wirbelst\u00fcrmen heimgesucht. In diesem schwierigen Kontext fungieren zivilgesellschaftliche Organisationen als Br\u00fccke zwischen den Bem\u00fchungen der Regierung und der Deckung des Grundbedarfs auf nationaler Ebene.<\/p>\n<p>&#8222;Honduras befindet sich in einer sehr kritischen Situation. Unsere Aufgabe ist es, die Gemeinden zu organisieren und sie bei der Anpassung an den Klimawandel zu begleiten. Der Klimawandel ist unumkehrbar, wir haben keine andere Wahl, als uns anzupassen, also organisieren wir, unterst\u00fctzen wir Basis- und lokale Organisationen, die an vorderster Front arbeiten&#8220;, erkl\u00e4rt Jos\u00e9 Ramon Avila, Direktor von <a href=\"https:\/\/asonog.hn\/\" target=\"_blank\" rel=\"noopener\">ASONOG<\/a>, der nationalen Plattform der zivilgesellschaftlichen Organisationen in Honduras.<\/p>\n<p>Forus international, ein globales Netzwerk von Organisationen der Zivilgesellschaft, hat ein Toolkit und eine Microsite zur Katastrophenvorsorge entwickelt, um das Verst\u00e4ndnis und die Umsetzung des Aktionsrahmens zu verbessern. Das Toolkit wurde mit Unterst\u00fctzung der Fondation de France in Zusammenarbeit mit dem Global Network of Civil Society Organizations for Disaster Reduction (GNDR) und Save the Children Switzerland erstellt und zeigt Wege zur St\u00e4rkung der Kapazit\u00e4ten nationaler NGO-Plattformen in Krisen- und Notsituationen auf. Anhand von Fallstudien und Erfahrungsberichten aus mehr als 10 L\u00e4ndern bringt es die Stimmen der Zivilgesellschaft zusammen, die sich mit Konflikten, Friedensprozessen, Naturkatastrophen und &#8222;allt\u00e4glichen Katastrophen&#8220; befassen.<\/p>\n<h3><strong>Die Verringerung des Katastrophenrisikos muss zu einer politischen und sozialen Priorit\u00e4t der Regierungen werden<\/strong><\/h3>\n<p>Die Verringerung des Katastrophenrisikos wurde urspr\u00fcnglich nicht als Mittel zum Schutz des Kultur- und Naturerbes konzipiert und verstanden. Die UNESCO wurde mit dieser Aufgabe betraut und hat seit ihrer Gr\u00fcndung im Jahr 1945 internationale Konventionen zu genau diesem Zweck ausgearbeitet. Leider hat die Mehrheit der Regierungen die UNESCO-Konventionen noch nicht wirksam umgesetzt, um ihr Natur- und Kulturerbe zu erhalten und zu sch\u00fctzen.<\/p>\n<p>Die unabh\u00e4ngige Expertin auf dem Gebiet der kulturellen Rechte, Farida Shaheed, <a href=\"https:\/\/undocs.org\/en\/A\/HRC\/14\/36\" target=\"_blank\" rel=\"noopener\">dr\u00fcckt es folgenderma\u00dfen aus<\/a> &#8222;Kulturelle Rechte sind im Vergleich zu anderen Menschenrechten oft als unterentwickelt bezeichnet worden. Unzureichende Aufmerksamkeit hat dazu gef\u00fchrt, dass sie manchmal als Rechte von geringerer Priorit\u00e4t angesehen werden&#8220;.<\/p>\n<p>Die Verringerung des Katastrophenrisikos tr\u00e4gt zum Schutz der Identit\u00e4t, des Wesens und der Geschichte ganzer Gemeinschaften bei, die in ihrem eigenen kulturellen und nat\u00fcrlichen Erbe Trost und religi\u00f6se, soziale oder historische Bedeutung finden. Mit der Unterst\u00fctzung von Organisationen der Zivilgesellschaft, dem Fachwissen \u00fcber das kulturelle Erbe und der lokalen Katastrophenvorsorge k\u00f6nnen wir Krisen und Gefahren vorbeugen und sie vorhersehen. Die Verringerung des Katastrophenrisikos muss zu einer politischen und gesellschaftlichen Priorit\u00e4t der Regierungen werden. Im Namen der Sicherheit der Menschen und des Planeten m\u00fcssen wir einen ganzheitlichen Ansatz verfolgen, um widerstandsf\u00e4hige Gemeinschaften aufzubauen und sie dabei zu unterst\u00fctzen, die Kraft ihres Erbes zu nutzen.<\/p>\n<p>Weitere Informationen finden Sie auf der <a href=\"https:\/\/drr.forus-international.org\/\" target=\"_blank\" rel=\"noopener\">DRR-Microsite und im Toolkit<\/a> mit Fallstudien aus der ganzen Welt. Verf\u00fcgbar in Englisch, Franz\u00f6sisch und Spanisch.<\/p>\n<p><strong><em>Text von Sol Castagnino, Forus. <\/em><em>Die \u00dcbersetzung aus dem Englischen wurde von Anita K\u00f6bler vom ehrenamtlichen Pressenza-\u00dcbersetzungsteam erstellt.<\/em> <a href=\"https:\/\/www.pressenza.com\/de\/mitarbeiten\/\" target=\"_blank\" rel=\"noopener\">Wir suchen Freiwillige!<\/a><\/strong><\/p>\n<hr \/>\n<p><em><strong>Forus<\/strong>, fr\u00fcher bekannt als Internationales Forum der nationalen Nichtregierungsorganisationen (IFP\/FIP), ist ein dynamisches globales Netzwerk nationaler Nichtregierungsorganisationen und regionaler Koalitionen, die gemeinsam einen wichtigen Beitrag zu Entwicklung, Frieden, Demokratie, Nachhaltigkeit und Gerechtigkeit leisten. Durch aktive Beteiligung nehmen wir Einfluss auf lokale und globale Verhandlungen und tragen zum Aufbau einer st\u00e4rker vereinten internationalen Gemeinschaft bei. Unser Ziel ist die F\u00f6rderung einer fairen und nachhaltigen Welt, in der die schw\u00e4chsten Bev\u00f6lkerungsgruppen eine Stimme haben, die Menschenrechte geachtet und Ungleichheiten und Ungerechtigkeiten bek\u00e4mpft werden.<\/em><\/p>\n","protected":false},"excerpt":{"rendered":"<p>Nach dem verheerenden Erdbeben der St\u00e4rke 7,2 in Haiti, bei dem fast 2.100 Menschen ums Leben kamen und Tausende verletzt wurden, sieht sich das schwer gebeutelte Land nun auch mit der Bedrohung und den Folgen des Tropensturms Grace konfrontiert. Im&hellip;<\/p>\n","protected":false},"author":1013,"featured_media":1419902,"comment_status":"closed","ping_status":"closed","sticky":false,"template":"","format":"standard","meta":{"footnotes":""},"categories":[7835,9156,9143],"tags":[94388,12395,29846],"class_list":["post-1422000","post","type-post","status-publish","format-standard","has-post-thumbnail","hentry","category-international-de","category-kultur-und-medien","category-meinungen","tag-katastrophen","tag-klimawandel","tag-kulturerbe"],"yoast_head":"<!-- This site is optimized with the Yoast SEO plugin v27.1.1 - https:\/\/yoast.com\/product\/yoast-seo-wordpress\/ -->\n<title>Von Haiti bis zum Amazonas: Kulturerbe vor Katastrophen sch\u00fctzen<\/title>\n<meta name=\"description\" content=\"Nach dem verheerenden Erdbeben der St\u00e4rke 7,2 in Haiti, bei dem fast 2.100 Menschen ums Leben kamen und Tausende verletzt wurden, sieht sich das schwer\" \/>\n<meta name=\"robots\" content=\"index, follow, max-snippet:-1, max-image-preview:large, max-video-preview:-1\" \/>\n<link rel=\"canonical\" href=\"https:\/\/www.pressenza.com\/de\/2021\/08\/von-haiti-bis-zum-amazonas-kulturerbe-vor-katastrophen-schuetzen\/\" \/>\n<meta property=\"og:locale\" content=\"de_DE\" \/>\n<meta property=\"og:type\" content=\"article\" \/>\n<meta property=\"og:title\" content=\"Von Haiti bis zum Amazonas: Kulturerbe vor Katastrophen sch\u00fctzen\" \/>\n<meta property=\"og:description\" content=\"Nach dem verheerenden Erdbeben der St\u00e4rke 7,2 in Haiti, bei dem fast 2.100 Menschen ums Leben kamen und Tausende verletzt wurden, sieht sich das schwer\" \/>\n<meta property=\"og:url\" content=\"https:\/\/www.pressenza.com\/de\/2021\/08\/von-haiti-bis-zum-amazonas-kulturerbe-vor-katastrophen-schuetzen\/\" \/>\n<meta property=\"og:site_name\" content=\"Pressenza\" \/>\n<meta property=\"article:publisher\" content=\"https:\/\/www.facebook.com\/PressenzaItalia\" \/>\n<meta property=\"article:author\" content=\"https:\/\/www.facebook.com\/PressenzaEnglish\/\" \/>\n<meta property=\"article:published_time\" content=\"2021-08-31T12:16:12+00:00\" \/>\n<meta property=\"og:image\" content=\"https:\/\/www.pressenza.com\/wp-content\/uploads\/2021\/08\/Buddhas_of_Bamiyan_D39.jpg\" \/>\n\t<meta property=\"og:image:width\" content=\"1280\" \/>\n\t<meta property=\"og:image:height\" content=\"853\" \/>\n\t<meta property=\"og:image:type\" content=\"image\/jpeg\" \/>\n<meta name=\"author\" content=\"Pressenza London\" \/>\n<meta name=\"twitter:card\" content=\"summary_large_image\" \/>\n<meta name=\"twitter:creator\" content=\"@PressenzaIPA\" \/>\n<meta name=\"twitter:site\" content=\"@PressenzaIPA\" \/>\n<meta name=\"twitter:label1\" content=\"Verfasst von\" \/>\n\t<meta name=\"twitter:data1\" content=\"Pressenza London\" \/>\n\t<meta name=\"twitter:label2\" content=\"Gesch\u00e4tzte Lesezeit\" \/>\n\t<meta name=\"twitter:data2\" content=\"8\u00a0Minuten\" \/>\n<script type=\"application\/ld+json\" class=\"yoast-schema-graph\">{\"@context\":\"https:\/\/schema.org\",\"@graph\":[{\"@type\":\"Article\",\"@id\":\"https:\/\/www.pressenza.com\/de\/2021\/08\/von-haiti-bis-zum-amazonas-kulturerbe-vor-katastrophen-schuetzen\/#article\",\"isPartOf\":{\"@id\":\"https:\/\/www.pressenza.com\/de\/2021\/08\/von-haiti-bis-zum-amazonas-kulturerbe-vor-katastrophen-schuetzen\/\"},\"author\":{\"name\":\"Pressenza London\",\"@id\":\"https:\/\/www.pressenza.com\/de\/#\/schema\/person\/17c976cc856ec7e8e3f8cdd1a45eb1b0\"},\"headline\":\"Von Haiti bis zum Amazonas: Kulturerbe vor Katastrophen sch\u00fctzen\",\"datePublished\":\"2021-08-31T12:16:12+00:00\",\"mainEntityOfPage\":{\"@id\":\"https:\/\/www.pressenza.com\/de\/2021\/08\/von-haiti-bis-zum-amazonas-kulturerbe-vor-katastrophen-schuetzen\/\"},\"wordCount\":1514,\"publisher\":{\"@id\":\"https:\/\/www.pressenza.com\/de\/#organization\"},\"image\":{\"@id\":\"https:\/\/www.pressenza.com\/de\/2021\/08\/von-haiti-bis-zum-amazonas-kulturerbe-vor-katastrophen-schuetzen\/#primaryimage\"},\"thumbnailUrl\":\"https:\/\/www.pressenza.com\/wp-content\/uploads\/2021\/08\/Buddhas_of_Bamiyan_D39.jpg\",\"keywords\":[\"Katastrophen\",\"Klimawandel\",\"Kulturerbe\"],\"articleSection\":[\"International\",\"Kultur und Medien\",\"Meinungen\"],\"inLanguage\":\"de\"},{\"@type\":\"WebPage\",\"@id\":\"https:\/\/www.pressenza.com\/de\/2021\/08\/von-haiti-bis-zum-amazonas-kulturerbe-vor-katastrophen-schuetzen\/\",\"url\":\"https:\/\/www.pressenza.com\/de\/2021\/08\/von-haiti-bis-zum-amazonas-kulturerbe-vor-katastrophen-schuetzen\/\",\"name\":\"Von Haiti bis zum Amazonas: Kulturerbe vor Katastrophen sch\u00fctzen\",\"isPartOf\":{\"@id\":\"https:\/\/www.pressenza.com\/de\/#website\"},\"primaryImageOfPage\":{\"@id\":\"https:\/\/www.pressenza.com\/de\/2021\/08\/von-haiti-bis-zum-amazonas-kulturerbe-vor-katastrophen-schuetzen\/#primaryimage\"},\"image\":{\"@id\":\"https:\/\/www.pressenza.com\/de\/2021\/08\/von-haiti-bis-zum-amazonas-kulturerbe-vor-katastrophen-schuetzen\/#primaryimage\"},\"thumbnailUrl\":\"https:\/\/www.pressenza.com\/wp-content\/uploads\/2021\/08\/Buddhas_of_Bamiyan_D39.jpg\",\"datePublished\":\"2021-08-31T12:16:12+00:00\",\"description\":\"Nach dem verheerenden Erdbeben der St\u00e4rke 7,2 in Haiti, bei dem fast 2.100 Menschen ums Leben kamen und Tausende verletzt wurden, sieht sich das schwer\",\"breadcrumb\":{\"@id\":\"https:\/\/www.pressenza.com\/de\/2021\/08\/von-haiti-bis-zum-amazonas-kulturerbe-vor-katastrophen-schuetzen\/#breadcrumb\"},\"inLanguage\":\"de\",\"potentialAction\":[{\"@type\":\"ReadAction\",\"target\":[\"https:\/\/www.pressenza.com\/de\/2021\/08\/von-haiti-bis-zum-amazonas-kulturerbe-vor-katastrophen-schuetzen\/\"]}]},{\"@type\":\"ImageObject\",\"inLanguage\":\"de\",\"@id\":\"https:\/\/www.pressenza.com\/de\/2021\/08\/von-haiti-bis-zum-amazonas-kulturerbe-vor-katastrophen-schuetzen\/#primaryimage\",\"url\":\"https:\/\/www.pressenza.com\/wp-content\/uploads\/2021\/08\/Buddhas_of_Bamiyan_D39.jpg\",\"contentUrl\":\"https:\/\/www.pressenza.com\/wp-content\/uploads\/2021\/08\/Buddhas_of_Bamiyan_D39.jpg\",\"width\":1280,\"height\":853,\"caption\":\"The Buddhas of Bamyan\"},{\"@type\":\"BreadcrumbList\",\"@id\":\"https:\/\/www.pressenza.com\/de\/2021\/08\/von-haiti-bis-zum-amazonas-kulturerbe-vor-katastrophen-schuetzen\/#breadcrumb\",\"itemListElement\":[{\"@type\":\"ListItem\",\"position\":1,\"name\":\"Accueil\",\"item\":\"https:\/\/www.pressenza.com\/de\/\"},{\"@type\":\"ListItem\",\"position\":2,\"name\":\"Von Haiti bis zum Amazonas: Kulturerbe vor Katastrophen sch\u00fctzen\"}]},{\"@type\":\"WebSite\",\"@id\":\"https:\/\/www.pressenza.com\/de\/#website\",\"url\":\"https:\/\/www.pressenza.com\/de\/\",\"name\":\"Pressenza\",\"description\":\"International Press Agency\",\"publisher\":{\"@id\":\"https:\/\/www.pressenza.com\/de\/#organization\"},\"potentialAction\":[{\"@type\":\"SearchAction\",\"target\":{\"@type\":\"EntryPoint\",\"urlTemplate\":\"https:\/\/www.pressenza.com\/de\/?s={search_term_string}\"},\"query-input\":{\"@type\":\"PropertyValueSpecification\",\"valueRequired\":true,\"valueName\":\"search_term_string\"}}],\"inLanguage\":\"de\"},{\"@type\":\"Organization\",\"@id\":\"https:\/\/www.pressenza.com\/de\/#organization\",\"name\":\"Pressenza\",\"url\":\"https:\/\/www.pressenza.com\/de\/\",\"logo\":{\"@type\":\"ImageObject\",\"inLanguage\":\"de\",\"@id\":\"https:\/\/www.pressenza.com\/de\/#\/schema\/logo\/image\/\",\"url\":\"https:\/\/www.pressenza.com\/wp-content\/uploads\/2022\/10\/pressenza_logo_200x200.jpg\",\"contentUrl\":\"https:\/\/www.pressenza.com\/wp-content\/uploads\/2022\/10\/pressenza_logo_200x200.jpg\",\"width\":200,\"height\":200,\"caption\":\"Pressenza\"},\"image\":{\"@id\":\"https:\/\/www.pressenza.com\/de\/#\/schema\/logo\/image\/\"},\"sameAs\":[\"https:\/\/www.facebook.com\/PressenzaItalia\",\"https:\/\/x.com\/PressenzaIPA\"]},{\"@type\":\"Person\",\"@id\":\"https:\/\/www.pressenza.com\/de\/#\/schema\/person\/17c976cc856ec7e8e3f8cdd1a45eb1b0\",\"name\":\"Pressenza London\",\"description\":\"News published by the Pressenza Bureau in London, United Kingdom\",\"sameAs\":[\"https:\/\/www.facebook.com\/PressenzaEnglish\/\",\"https:\/\/x.com\/PressenzaIPA\"],\"url\":\"https:\/\/www.pressenza.com\/de\/author\/pressenza-london\/\"}]}<\/script>\n<!-- \/ Yoast SEO plugin. -->","yoast_head_json":{"title":"Von Haiti bis zum Amazonas: Kulturerbe vor Katastrophen sch\u00fctzen","description":"Nach dem verheerenden Erdbeben der St\u00e4rke 7,2 in Haiti, bei dem fast 2.100 Menschen ums Leben kamen und Tausende verletzt wurden, sieht sich das schwer","robots":{"index":"index","follow":"follow","max-snippet":"max-snippet:-1","max-image-preview":"max-image-preview:large","max-video-preview":"max-video-preview:-1"},"canonical":"https:\/\/www.pressenza.com\/de\/2021\/08\/von-haiti-bis-zum-amazonas-kulturerbe-vor-katastrophen-schuetzen\/","og_locale":"de_DE","og_type":"article","og_title":"Von Haiti bis zum Amazonas: Kulturerbe vor Katastrophen sch\u00fctzen","og_description":"Nach dem verheerenden Erdbeben der St\u00e4rke 7,2 in Haiti, bei dem fast 2.100 Menschen ums Leben kamen und Tausende verletzt wurden, sieht sich das schwer","og_url":"https:\/\/www.pressenza.com\/de\/2021\/08\/von-haiti-bis-zum-amazonas-kulturerbe-vor-katastrophen-schuetzen\/","og_site_name":"Pressenza","article_publisher":"https:\/\/www.facebook.com\/PressenzaItalia","article_author":"https:\/\/www.facebook.com\/PressenzaEnglish\/","article_published_time":"2021-08-31T12:16:12+00:00","og_image":[{"width":1280,"height":853,"url":"https:\/\/www.pressenza.com\/wp-content\/uploads\/2021\/08\/Buddhas_of_Bamiyan_D39.jpg","type":"image\/jpeg"}],"author":"Pressenza London","twitter_card":"summary_large_image","twitter_creator":"@PressenzaIPA","twitter_site":"@PressenzaIPA","twitter_misc":{"Verfasst von":"Pressenza London","Gesch\u00e4tzte Lesezeit":"8\u00a0Minuten"},"schema":{"@context":"https:\/\/schema.org","@graph":[{"@type":"Article","@id":"https:\/\/www.pressenza.com\/de\/2021\/08\/von-haiti-bis-zum-amazonas-kulturerbe-vor-katastrophen-schuetzen\/#article","isPartOf":{"@id":"https:\/\/www.pressenza.com\/de\/2021\/08\/von-haiti-bis-zum-amazonas-kulturerbe-vor-katastrophen-schuetzen\/"},"author":{"name":"Pressenza London","@id":"https:\/\/www.pressenza.com\/de\/#\/schema\/person\/17c976cc856ec7e8e3f8cdd1a45eb1b0"},"headline":"Von Haiti bis zum Amazonas: Kulturerbe vor Katastrophen sch\u00fctzen","datePublished":"2021-08-31T12:16:12+00:00","mainEntityOfPage":{"@id":"https:\/\/www.pressenza.com\/de\/2021\/08\/von-haiti-bis-zum-amazonas-kulturerbe-vor-katastrophen-schuetzen\/"},"wordCount":1514,"publisher":{"@id":"https:\/\/www.pressenza.com\/de\/#organization"},"image":{"@id":"https:\/\/www.pressenza.com\/de\/2021\/08\/von-haiti-bis-zum-amazonas-kulturerbe-vor-katastrophen-schuetzen\/#primaryimage"},"thumbnailUrl":"https:\/\/www.pressenza.com\/wp-content\/uploads\/2021\/08\/Buddhas_of_Bamiyan_D39.jpg","keywords":["Katastrophen","Klimawandel","Kulturerbe"],"articleSection":["International","Kultur und Medien","Meinungen"],"inLanguage":"de"},{"@type":"WebPage","@id":"https:\/\/www.pressenza.com\/de\/2021\/08\/von-haiti-bis-zum-amazonas-kulturerbe-vor-katastrophen-schuetzen\/","url":"https:\/\/www.pressenza.com\/de\/2021\/08\/von-haiti-bis-zum-amazonas-kulturerbe-vor-katastrophen-schuetzen\/","name":"Von Haiti bis zum Amazonas: Kulturerbe vor Katastrophen sch\u00fctzen","isPartOf":{"@id":"https:\/\/www.pressenza.com\/de\/#website"},"primaryImageOfPage":{"@id":"https:\/\/www.pressenza.com\/de\/2021\/08\/von-haiti-bis-zum-amazonas-kulturerbe-vor-katastrophen-schuetzen\/#primaryimage"},"image":{"@id":"https:\/\/www.pressenza.com\/de\/2021\/08\/von-haiti-bis-zum-amazonas-kulturerbe-vor-katastrophen-schuetzen\/#primaryimage"},"thumbnailUrl":"https:\/\/www.pressenza.com\/wp-content\/uploads\/2021\/08\/Buddhas_of_Bamiyan_D39.jpg","datePublished":"2021-08-31T12:16:12+00:00","description":"Nach dem verheerenden Erdbeben der St\u00e4rke 7,2 in Haiti, bei dem fast 2.100 Menschen ums Leben kamen und Tausende verletzt wurden, sieht sich das schwer","breadcrumb":{"@id":"https:\/\/www.pressenza.com\/de\/2021\/08\/von-haiti-bis-zum-amazonas-kulturerbe-vor-katastrophen-schuetzen\/#breadcrumb"},"inLanguage":"de","potentialAction":[{"@type":"ReadAction","target":["https:\/\/www.pressenza.com\/de\/2021\/08\/von-haiti-bis-zum-amazonas-kulturerbe-vor-katastrophen-schuetzen\/"]}]},{"@type":"ImageObject","inLanguage":"de","@id":"https:\/\/www.pressenza.com\/de\/2021\/08\/von-haiti-bis-zum-amazonas-kulturerbe-vor-katastrophen-schuetzen\/#primaryimage","url":"https:\/\/www.pressenza.com\/wp-content\/uploads\/2021\/08\/Buddhas_of_Bamiyan_D39.jpg","contentUrl":"https:\/\/www.pressenza.com\/wp-content\/uploads\/2021\/08\/Buddhas_of_Bamiyan_D39.jpg","width":1280,"height":853,"caption":"The Buddhas of Bamyan"},{"@type":"BreadcrumbList","@id":"https:\/\/www.pressenza.com\/de\/2021\/08\/von-haiti-bis-zum-amazonas-kulturerbe-vor-katastrophen-schuetzen\/#breadcrumb","itemListElement":[{"@type":"ListItem","position":1,"name":"Accueil","item":"https:\/\/www.pressenza.com\/de\/"},{"@type":"ListItem","position":2,"name":"Von Haiti bis zum Amazonas: Kulturerbe vor Katastrophen sch\u00fctzen"}]},{"@type":"WebSite","@id":"https:\/\/www.pressenza.com\/de\/#website","url":"https:\/\/www.pressenza.com\/de\/","name":"Pressenza","description":"International Press Agency","publisher":{"@id":"https:\/\/www.pressenza.com\/de\/#organization"},"potentialAction":[{"@type":"SearchAction","target":{"@type":"EntryPoint","urlTemplate":"https:\/\/www.pressenza.com\/de\/?s={search_term_string}"},"query-input":{"@type":"PropertyValueSpecification","valueRequired":true,"valueName":"search_term_string"}}],"inLanguage":"de"},{"@type":"Organization","@id":"https:\/\/www.pressenza.com\/de\/#organization","name":"Pressenza","url":"https:\/\/www.pressenza.com\/de\/","logo":{"@type":"ImageObject","inLanguage":"de","@id":"https:\/\/www.pressenza.com\/de\/#\/schema\/logo\/image\/","url":"https:\/\/www.pressenza.com\/wp-content\/uploads\/2022\/10\/pressenza_logo_200x200.jpg","contentUrl":"https:\/\/www.pressenza.com\/wp-content\/uploads\/2022\/10\/pressenza_logo_200x200.jpg","width":200,"height":200,"caption":"Pressenza"},"image":{"@id":"https:\/\/www.pressenza.com\/de\/#\/schema\/logo\/image\/"},"sameAs":["https:\/\/www.facebook.com\/PressenzaItalia","https:\/\/x.com\/PressenzaIPA"]},{"@type":"Person","@id":"https:\/\/www.pressenza.com\/de\/#\/schema\/person\/17c976cc856ec7e8e3f8cdd1a45eb1b0","name":"Pressenza London","description":"News published by the Pressenza Bureau in London, United Kingdom","sameAs":["https:\/\/www.facebook.com\/PressenzaEnglish\/","https:\/\/x.com\/PressenzaIPA"],"url":"https:\/\/www.pressenza.com\/de\/author\/pressenza-london\/"}]}},"place":"","original_article_url":"","_links":{"self":[{"href":"https:\/\/www.pressenza.com\/de\/wp-json\/wp\/v2\/posts\/1422000","targetHints":{"allow":["GET"]}}],"collection":[{"href":"https:\/\/www.pressenza.com\/de\/wp-json\/wp\/v2\/posts"}],"about":[{"href":"https:\/\/www.pressenza.com\/de\/wp-json\/wp\/v2\/types\/post"}],"author":[{"embeddable":true,"href":"https:\/\/www.pressenza.com\/de\/wp-json\/wp\/v2\/users\/1013"}],"replies":[{"embeddable":true,"href":"https:\/\/www.pressenza.com\/de\/wp-json\/wp\/v2\/comments?post=1422000"}],"version-history":[{"count":0,"href":"https:\/\/www.pressenza.com\/de\/wp-json\/wp\/v2\/posts\/1422000\/revisions"}],"wp:featuredmedia":[{"embeddable":true,"href":"https:\/\/www.pressenza.com\/de\/wp-json\/wp\/v2\/media\/1419902"}],"wp:attachment":[{"href":"https:\/\/www.pressenza.com\/de\/wp-json\/wp\/v2\/media?parent=1422000"}],"wp:term":[{"taxonomy":"category","embeddable":true,"href":"https:\/\/www.pressenza.com\/de\/wp-json\/wp\/v2\/categories?post=1422000"},{"taxonomy":"post_tag","embeddable":true,"href":"https:\/\/www.pressenza.com\/de\/wp-json\/wp\/v2\/tags?post=1422000"}],"curies":[{"name":"wp","href":"https:\/\/api.w.org\/{rel}","templated":true}]}}