{"id":1421807,"date":"2021-08-31T06:26:13","date_gmt":"2021-08-31T05:26:13","guid":{"rendered":"https:\/\/www.pressenza.com\/?p=1421807"},"modified":"2021-08-31T06:26:13","modified_gmt":"2021-08-31T05:26:13","slug":"wichtiger-als-das-wef-in-davos-kuenftig-das-eef-in-wladiwostok","status":"publish","type":"post","link":"https:\/\/www.pressenza.com\/de\/2021\/08\/wichtiger-als-das-wef-in-davos-kuenftig-das-eef-in-wladiwostok\/","title":{"rendered":"Wichtiger als das WEF in Davos k\u00fcnftig das EEF in Wladiwostok?"},"content":{"rendered":"<div class=\"entry-content\">\n<p class=\"author-meta\"><strong>Das WEF in Davos gilt als wichtigstes Polit-Prominenten-Treffen der Welt. Schon bald k\u00f6nnte das EEF ihm Konkurrenz machen.<\/strong><\/p>\n<p><em>Gulbaat Rzchiladse f\u00fcr die Online-Zeitung <a href=\"https:\/\/www.infosperber.ch\/wirtschaft\/globalisierung\/wichtiger-als-das-wef-in-davos-kuenftig-das-eef-in-wladiwostok\/\">INFOsperber<\/a><\/em><\/p>\n<\/div>\n<div class=\"entry-content clearfix\">\n<p>Am 2. September wird im \u00e4ussersten Osten Russlands zum sechsten Mal das Ostwirtschaftsforum er\u00f6ffnet. Da\u00a0<a href=\"https:\/\/forumvostok.ru\/en\/\" data-type=\"URL\" data-id=\"https:\/\/forumvostok.ru\/en\/\">Eastern Economic Forum<\/a>\u00a0in Wladiwostok ist eine der wichtigsten internationalen Plattformen zur wirtschaftlichen, politischen und kulturellen Zusammenarbeit zwischen Russland und Staaten aus dem asiatisch-pazifischen Raum. Am seit 2015 etablierten Forum nehmen hochkar\u00e4tige Delegationen aus Russland und seinen asiatischen Nachbarl\u00e4ndern teil: Staats- und Regierungschefs sowie Spitzenmanager bedeutender Unternehmen. Das Forum findet auf dem Campus der\u00a0<a href=\"https:\/\/www.dvfu.ru\/en\/\" data-type=\"URL\" data-id=\"https:\/\/www.dvfu.ru\/en\/\">Fern\u00f6stlichen F\u00f6deralen Universit\u00e4t<\/a>\u00a0in Wladiwostok\u00a0statt.<\/p>\n<p>Schon die letzten Male haben namhafte Spitzenpolitiker wie Russlands Staatspr\u00e4sident Wladimir Putin, der Staatspr\u00e4sident der Volksrepublik China Xi Jinping, der ehemalige Staatspr\u00e4sident der Mongolei\u00a0Chaltmaagiin Battulga, Japans damaliger Ministerpr\u00e4sident\u00a0Shinz\u014d Abe, S\u00fcdkoreas damaliger Ministerpr\u00e4sident\u00a0Lee Nak-yon\u00a0und andere Polit-Prominente des Fernen Ostens am Forum teilgenommen.<\/p>\n<p><strong>Interessant auch f\u00fcr Europa<\/strong><\/p>\n<p>Allerdings ist die Veranstaltung in der Hafenstadt Wladiwostok nicht nur f\u00fcr fern\u00f6stlich-asiatische Staaten und Gesch\u00e4ftskreise interessant. An der Arbeit des Forums nehmen regelm\u00e4ssig auch Europ\u00e4er teil \u2013 wenn auch nicht auf der Ebene der Spitzenpolitiker\u00a0und -manager. Die europ\u00e4ische Wirtschaft wird trotzdem ziemlich stark repr\u00e4sentiert, in diesem Jahr beispielsweise durch die\u00a0<a href=\"https:\/\/russland.ahk.de\/\" data-type=\"URL\" data-id=\"https:\/\/russland.ahk.de\">Deutsch-Russische Auslandshandelskammer (AHK)<\/a>\u00a0sowie die Franz\u00f6sisch-Russische Industrie- und Handelskammer (CCI). Der Pr\u00e4sident der CCI\u00a0<a href=\"https:\/\/www.ccifr.ru\/fr\/person\/emmanuel-quidet\" data-type=\"URL\" data-id=\"https:\/\/www.ccifr.ru\/fr\/person\/emmanuel-quidet\">Emmanuel Quidet<\/a>\u00a0nimmt dieses Jahr schon 15 Teilnehmer aus der franz\u00f6sischen Wirtschaft mit, statt nur zwei oder drei Firmenvertreter wie in den vergangenen Jahren.<\/p>\n<p>Das rasante Wachstum des\u00a0\u00abEastern Economic Forum\u00bb EEF, das wie eingangs erw\u00e4hnt am 2. September er\u00f6ffnet wird und bis zum 4. September dauert, ist augenf\u00e4llig. Die Statistik ist beeindruckend: Wenn das Forum 2017 und 2018 noch knapp 6000 Teilnehmer verzeichnete (Journalisten nicht mitgerechnet), betrug deren Zahl im Jahr 2019 bereits 8500. Dementsprechend stieg auch die Zahl der abgeschlossenen Vertr\u00e4ge und die vertraglich festgelegten Summen. 2017 wurden 217 Vertr\u00e4ge in H\u00f6he von 2,5 Billionen Rubel abgeschlossen, 2018 bereits 220 Vertr\u00e4ge in H\u00f6he von 3,1 Billionen Rubel und 2019 rund 270 Vertr\u00e4ge in H\u00f6he von 3,4 Billionen Rubel (1 Billion Rubel sind zurzeit rund 13,5 Millionen US-Dollar). Wobei nur jene Vertragssummen in die Statistik einfliessen, die keiner kommerziellen Geheimhaltung unterliegen (was aus politischen Gr\u00fcnden wohl eine deutlich gr\u00f6ssere Zahl sein d\u00fcrfte.\u00a0<em>Anm. des Redaktors<\/em>).<\/p>\n<p><strong>Kontakte in allen Formen<\/strong><\/p>\n<p>Das Forum ist im vergangenen Jahr aus den weltweiten epidemiologischen Gr\u00fcnden ausgefallen, aber dieses Jahr findet es in gemischter Form \u2013 vor Ort sowie auch online \u2013 statt. Die dreit\u00e4tige Veranstaltung besteht aus Konferenzen, Runden Tischen, Fernsehdebatten, Business-Fr\u00fchst\u00fccks-Gespr\u00e4chen, Business-Dialogen und weiteren Kontakt- und Informationsformen.<\/p>\n<p>Die Themen der internationalen Veranstaltungen im Rahmen des \u00abEastern Economic Forum\u00bb EEF drehen sich um \u00abdie Werte der grossen eurasischen Partnerschaft\u00bb, die Business-Dialoge sind fokussiert auf Russland-Europa, Russland-Indien, Russland-Korea, Russland-Japan usw. Das\u00a0<a href=\"https:\/\/forumvostok.ru\/en\/programme\/business-programme\/\" data-type=\"URL\" data-id=\"https:\/\/forumvostok.ru\/en\/programme\/business-programme\/\">\u00abBusiness Programme\u00bb<\/a>\u00a0und das\u00a0<a href=\"https:\/\/forumvostok.ru\/en\/programme\/cultural\/\" data-type=\"URL\" data-id=\"https:\/\/forumvostok.ru\/en\/programme\/cultural\/\">\u00abCultural Programme\u00bb<\/a>\u00a0sind beide von hohem internationalem Interesse. (\u00abBusiness Programme\u00bb, nicht \u00abBusiness Program\u00bb, die englischsprachige Version der EEF-Website ist also in \u00abBritish English\u00bb verfasst, nicht in \u00abAmerican English\u00bb,\u00a0<em>Anm. des Redaktors<\/em>.)<\/p>\n<p>Am Rand des Forums wird auch \u00fcber die Covid-Impfungen diskutiert werden. Russland hat bekanntlich mehrere eigene Impfstoffe gegen Covid geschaffen. Der bekannteste davon \u2013 \u00abSputnik V\u00bb \u2013 wird in den westlichen L\u00e4ndern offensichtlich aus politischen Gr\u00fcnden nicht anerkannt.<\/p>\n<p>Das bevorstehende Wirtschaftsforum EEF ist ein guter Anlass, das Augenmerk auf Kooperationen zu richten und die Konfrontationen zu \u00fcberwinden.<\/p>\n<\/div>\n","protected":false},"excerpt":{"rendered":"<p>Das WEF in Davos gilt als wichtigstes Polit-Prominenten-Treffen der Welt. Schon bald k\u00f6nnte das EEF ihm Konkurrenz machen. Gulbaat Rzchiladse f\u00fcr die Online-Zeitung INFOsperber Am 2. September wird im \u00e4ussersten Osten Russlands zum sechsten Mal das Ostwirtschaftsforum er\u00f6ffnet. Da\u00a0Eastern Economic&hellip;<\/p>\n","protected":false},"author":1855,"featured_media":1421808,"comment_status":"closed","ping_status":"closed","sticky":false,"template":"","format":"standard","meta":{"footnotes":""},"categories":[9168,9158],"tags":[94375,94376,22227,94377],"class_list":["post-1421807","post","type-post","status-publish","format-standard","has-post-thumbnail","hentry","category-politik","category-wirtschaft","tag-eef","tag-ostwirtschaftsforum","tag-wirtschaft","tag-wladiwostok"],"yoast_head":"<!-- This site is optimized with the Yoast SEO plugin v27.1.1 - https:\/\/yoast.com\/product\/yoast-seo-wordpress\/ -->\n<title>Wichtiger als das WEF in Davos k\u00fcnftig das EEF in Wladiwostok?<\/title>\n<meta name=\"description\" content=\"Das WEF in Davos gilt als wichtigstes Polit-Prominenten-Treffen der Welt. Schon bald k\u00f6nnte das EEF ihm Konkurrenz machen. Gulbaat Rzchiladse f\u00fcr die\" \/>\n<meta name=\"robots\" content=\"index, follow, max-snippet:-1, max-image-preview:large, max-video-preview:-1\" \/>\n<link rel=\"canonical\" href=\"https:\/\/www.pressenza.com\/de\/2021\/08\/wichtiger-als-das-wef-in-davos-kuenftig-das-eef-in-wladiwostok\/\" \/>\n<meta property=\"og:locale\" content=\"de_DE\" \/>\n<meta property=\"og:type\" content=\"article\" \/>\n<meta property=\"og:title\" content=\"Wichtiger als das WEF in Davos k\u00fcnftig das EEF in Wladiwostok?\" \/>\n<meta property=\"og:description\" content=\"Das WEF in Davos gilt als wichtigstes Polit-Prominenten-Treffen der Welt. Schon bald k\u00f6nnte das EEF ihm Konkurrenz machen. Gulbaat Rzchiladse f\u00fcr die\" \/>\n<meta property=\"og:url\" content=\"https:\/\/www.pressenza.com\/de\/2021\/08\/wichtiger-als-das-wef-in-davos-kuenftig-das-eef-in-wladiwostok\/\" \/>\n<meta property=\"og:site_name\" content=\"Pressenza\" \/>\n<meta property=\"article:publisher\" content=\"https:\/\/www.facebook.com\/PressenzaItalia\" \/>\n<meta property=\"article:published_time\" content=\"2021-08-31T05:26:13+00:00\" \/>\n<meta property=\"og:image\" content=\"https:\/\/www.pressenza.com\/wp-content\/uploads\/2021\/08\/EEF-Vladivostok-1024x512.v1.jpg\" \/>\n\t<meta property=\"og:image:width\" content=\"1920\" \/>\n\t<meta property=\"og:image:height\" content=\"960\" \/>\n\t<meta property=\"og:image:type\" content=\"image\/jpeg\" \/>\n<meta name=\"author\" content=\"INFOsperber\" \/>\n<meta name=\"twitter:card\" content=\"summary_large_image\" \/>\n<meta name=\"twitter:creator\" content=\"@PressenzaIPA\" \/>\n<meta name=\"twitter:site\" content=\"@PressenzaIPA\" \/>\n<meta name=\"twitter:label1\" content=\"Verfasst von\" \/>\n\t<meta name=\"twitter:data1\" content=\"INFOsperber\" \/>\n\t<meta name=\"twitter:label2\" content=\"Gesch\u00e4tzte Lesezeit\" \/>\n\t<meta name=\"twitter:data2\" content=\"3\u00a0Minuten\" \/>\n<script type=\"application\/ld+json\" class=\"yoast-schema-graph\">{\"@context\":\"https:\/\/schema.org\",\"@graph\":[{\"@type\":\"Article\",\"@id\":\"https:\/\/www.pressenza.com\/de\/2021\/08\/wichtiger-als-das-wef-in-davos-kuenftig-das-eef-in-wladiwostok\/#article\",\"isPartOf\":{\"@id\":\"https:\/\/www.pressenza.com\/de\/2021\/08\/wichtiger-als-das-wef-in-davos-kuenftig-das-eef-in-wladiwostok\/\"},\"author\":{\"name\":\"INFOsperber\",\"@id\":\"https:\/\/www.pressenza.com\/de\/#\/schema\/person\/77735f6583e3041b31ebc7b93a284357\"},\"headline\":\"Wichtiger als das WEF in Davos k\u00fcnftig das EEF in Wladiwostok?\",\"datePublished\":\"2021-08-31T05:26:13+00:00\",\"mainEntityOfPage\":{\"@id\":\"https:\/\/www.pressenza.com\/de\/2021\/08\/wichtiger-als-das-wef-in-davos-kuenftig-das-eef-in-wladiwostok\/\"},\"wordCount\":572,\"publisher\":{\"@id\":\"https:\/\/www.pressenza.com\/de\/#organization\"},\"image\":{\"@id\":\"https:\/\/www.pressenza.com\/de\/2021\/08\/wichtiger-als-das-wef-in-davos-kuenftig-das-eef-in-wladiwostok\/#primaryimage\"},\"thumbnailUrl\":\"https:\/\/www.pressenza.com\/wp-content\/uploads\/2021\/08\/EEF-Vladivostok-1024x512.v1.jpg\",\"keywords\":[\"EEF\",\"Ostwirtschaftsforum\",\"Wirtschaft\",\"Wladiwostok\"],\"articleSection\":[\"Politik\",\"Wirtschaft\"],\"inLanguage\":\"de\"},{\"@type\":\"WebPage\",\"@id\":\"https:\/\/www.pressenza.com\/de\/2021\/08\/wichtiger-als-das-wef-in-davos-kuenftig-das-eef-in-wladiwostok\/\",\"url\":\"https:\/\/www.pressenza.com\/de\/2021\/08\/wichtiger-als-das-wef-in-davos-kuenftig-das-eef-in-wladiwostok\/\",\"name\":\"Wichtiger als das WEF in Davos k\u00fcnftig das EEF in Wladiwostok?\",\"isPartOf\":{\"@id\":\"https:\/\/www.pressenza.com\/de\/#website\"},\"primaryImageOfPage\":{\"@id\":\"https:\/\/www.pressenza.com\/de\/2021\/08\/wichtiger-als-das-wef-in-davos-kuenftig-das-eef-in-wladiwostok\/#primaryimage\"},\"image\":{\"@id\":\"https:\/\/www.pressenza.com\/de\/2021\/08\/wichtiger-als-das-wef-in-davos-kuenftig-das-eef-in-wladiwostok\/#primaryimage\"},\"thumbnailUrl\":\"https:\/\/www.pressenza.com\/wp-content\/uploads\/2021\/08\/EEF-Vladivostok-1024x512.v1.jpg\",\"datePublished\":\"2021-08-31T05:26:13+00:00\",\"description\":\"Das WEF in Davos gilt als wichtigstes Polit-Prominenten-Treffen der Welt. Schon bald k\u00f6nnte das EEF ihm Konkurrenz machen. Gulbaat Rzchiladse f\u00fcr die\",\"breadcrumb\":{\"@id\":\"https:\/\/www.pressenza.com\/de\/2021\/08\/wichtiger-als-das-wef-in-davos-kuenftig-das-eef-in-wladiwostok\/#breadcrumb\"},\"inLanguage\":\"de\",\"potentialAction\":[{\"@type\":\"ReadAction\",\"target\":[\"https:\/\/www.pressenza.com\/de\/2021\/08\/wichtiger-als-das-wef-in-davos-kuenftig-das-eef-in-wladiwostok\/\"]}]},{\"@type\":\"ImageObject\",\"inLanguage\":\"de\",\"@id\":\"https:\/\/www.pressenza.com\/de\/2021\/08\/wichtiger-als-das-wef-in-davos-kuenftig-das-eef-in-wladiwostok\/#primaryimage\",\"url\":\"https:\/\/www.pressenza.com\/wp-content\/uploads\/2021\/08\/EEF-Vladivostok-1024x512.v1.jpg\",\"contentUrl\":\"https:\/\/www.pressenza.com\/wp-content\/uploads\/2021\/08\/EEF-Vladivostok-1024x512.v1.jpg\",\"width\":1920,\"height\":960},{\"@type\":\"BreadcrumbList\",\"@id\":\"https:\/\/www.pressenza.com\/de\/2021\/08\/wichtiger-als-das-wef-in-davos-kuenftig-das-eef-in-wladiwostok\/#breadcrumb\",\"itemListElement\":[{\"@type\":\"ListItem\",\"position\":1,\"name\":\"Accueil\",\"item\":\"https:\/\/www.pressenza.com\/de\/\"},{\"@type\":\"ListItem\",\"position\":2,\"name\":\"Wichtiger als das WEF in Davos k\u00fcnftig das EEF in Wladiwostok?\"}]},{\"@type\":\"WebSite\",\"@id\":\"https:\/\/www.pressenza.com\/de\/#website\",\"url\":\"https:\/\/www.pressenza.com\/de\/\",\"name\":\"Pressenza\",\"description\":\"International Press Agency\",\"publisher\":{\"@id\":\"https:\/\/www.pressenza.com\/de\/#organization\"},\"potentialAction\":[{\"@type\":\"SearchAction\",\"target\":{\"@type\":\"EntryPoint\",\"urlTemplate\":\"https:\/\/www.pressenza.com\/de\/?s={search_term_string}\"},\"query-input\":{\"@type\":\"PropertyValueSpecification\",\"valueRequired\":true,\"valueName\":\"search_term_string\"}}],\"inLanguage\":\"de\"},{\"@type\":\"Organization\",\"@id\":\"https:\/\/www.pressenza.com\/de\/#organization\",\"name\":\"Pressenza\",\"url\":\"https:\/\/www.pressenza.com\/de\/\",\"logo\":{\"@type\":\"ImageObject\",\"inLanguage\":\"de\",\"@id\":\"https:\/\/www.pressenza.com\/de\/#\/schema\/logo\/image\/\",\"url\":\"https:\/\/www.pressenza.com\/wp-content\/uploads\/2022\/10\/pressenza_logo_200x200.jpg\",\"contentUrl\":\"https:\/\/www.pressenza.com\/wp-content\/uploads\/2022\/10\/pressenza_logo_200x200.jpg\",\"width\":200,\"height\":200,\"caption\":\"Pressenza\"},\"image\":{\"@id\":\"https:\/\/www.pressenza.com\/de\/#\/schema\/logo\/image\/\"},\"sameAs\":[\"https:\/\/www.facebook.com\/PressenzaItalia\",\"https:\/\/x.com\/PressenzaIPA\"]},{\"@type\":\"Person\",\"@id\":\"https:\/\/www.pressenza.com\/de\/#\/schema\/person\/77735f6583e3041b31ebc7b93a284357\",\"name\":\"INFOsperber\",\"description\":\"Infosperber.ch - sieht, was andere \u00fcbersehen Die Schweizer Internet-Zeitung richtet sich an Entscheidungstr\u00e4ger in Gesellschaft, Wirtschaft und Politik sowie alle, die erg\u00e4nzende Informationen zu den grossen Medien suchen. Infosperber will die grossen Informations-Medien nicht konkurrenzieren, sondern diese erg\u00e4nzen. \u00a9 Das Weiterverbreiten s\u00e4mtlicher auf dem gemeinn\u00fctzigen Portal www.infosperber.ch enthaltenen Texte ist ohne Kostenfolge erlaubt, sofern die Texte integral ohne K\u00fcrzung und mit Quellenangaben (Autor und \u00abInfosperber\u00bb) verbreitet werden. Bei einer Online-Nutzung ist die Quellenangabe m\u00f6glichst schon am Anfang des Artikels mit einem Link auf infosperber.ch zu versehen. F\u00fcr das Verbreiten von gek\u00fcrzten oder abge\u00e4nderten Texten ist das schriftliche Einverst\u00e4ndnis der AutorInnen erforderlich.\",\"sameAs\":[\"https:\/\/www.infosperber.ch\/\"],\"url\":\"https:\/\/www.pressenza.com\/de\/author\/infosperber\/\"}]}<\/script>\n<!-- \/ Yoast SEO plugin. -->","yoast_head_json":{"title":"Wichtiger als das WEF in Davos k\u00fcnftig das EEF in Wladiwostok?","description":"Das WEF in Davos gilt als wichtigstes Polit-Prominenten-Treffen der Welt. Schon bald k\u00f6nnte das EEF ihm Konkurrenz machen. Gulbaat Rzchiladse f\u00fcr die","robots":{"index":"index","follow":"follow","max-snippet":"max-snippet:-1","max-image-preview":"max-image-preview:large","max-video-preview":"max-video-preview:-1"},"canonical":"https:\/\/www.pressenza.com\/de\/2021\/08\/wichtiger-als-das-wef-in-davos-kuenftig-das-eef-in-wladiwostok\/","og_locale":"de_DE","og_type":"article","og_title":"Wichtiger als das WEF in Davos k\u00fcnftig das EEF in Wladiwostok?","og_description":"Das WEF in Davos gilt als wichtigstes Polit-Prominenten-Treffen der Welt. Schon bald k\u00f6nnte das EEF ihm Konkurrenz machen. Gulbaat Rzchiladse f\u00fcr die","og_url":"https:\/\/www.pressenza.com\/de\/2021\/08\/wichtiger-als-das-wef-in-davos-kuenftig-das-eef-in-wladiwostok\/","og_site_name":"Pressenza","article_publisher":"https:\/\/www.facebook.com\/PressenzaItalia","article_published_time":"2021-08-31T05:26:13+00:00","og_image":[{"width":1920,"height":960,"url":"https:\/\/www.pressenza.com\/wp-content\/uploads\/2021\/08\/EEF-Vladivostok-1024x512.v1.jpg","type":"image\/jpeg"}],"author":"INFOsperber","twitter_card":"summary_large_image","twitter_creator":"@PressenzaIPA","twitter_site":"@PressenzaIPA","twitter_misc":{"Verfasst von":"INFOsperber","Gesch\u00e4tzte Lesezeit":"3\u00a0Minuten"},"schema":{"@context":"https:\/\/schema.org","@graph":[{"@type":"Article","@id":"https:\/\/www.pressenza.com\/de\/2021\/08\/wichtiger-als-das-wef-in-davos-kuenftig-das-eef-in-wladiwostok\/#article","isPartOf":{"@id":"https:\/\/www.pressenza.com\/de\/2021\/08\/wichtiger-als-das-wef-in-davos-kuenftig-das-eef-in-wladiwostok\/"},"author":{"name":"INFOsperber","@id":"https:\/\/www.pressenza.com\/de\/#\/schema\/person\/77735f6583e3041b31ebc7b93a284357"},"headline":"Wichtiger als das WEF in Davos k\u00fcnftig das EEF in Wladiwostok?","datePublished":"2021-08-31T05:26:13+00:00","mainEntityOfPage":{"@id":"https:\/\/www.pressenza.com\/de\/2021\/08\/wichtiger-als-das-wef-in-davos-kuenftig-das-eef-in-wladiwostok\/"},"wordCount":572,"publisher":{"@id":"https:\/\/www.pressenza.com\/de\/#organization"},"image":{"@id":"https:\/\/www.pressenza.com\/de\/2021\/08\/wichtiger-als-das-wef-in-davos-kuenftig-das-eef-in-wladiwostok\/#primaryimage"},"thumbnailUrl":"https:\/\/www.pressenza.com\/wp-content\/uploads\/2021\/08\/EEF-Vladivostok-1024x512.v1.jpg","keywords":["EEF","Ostwirtschaftsforum","Wirtschaft","Wladiwostok"],"articleSection":["Politik","Wirtschaft"],"inLanguage":"de"},{"@type":"WebPage","@id":"https:\/\/www.pressenza.com\/de\/2021\/08\/wichtiger-als-das-wef-in-davos-kuenftig-das-eef-in-wladiwostok\/","url":"https:\/\/www.pressenza.com\/de\/2021\/08\/wichtiger-als-das-wef-in-davos-kuenftig-das-eef-in-wladiwostok\/","name":"Wichtiger als das WEF in Davos k\u00fcnftig das EEF in Wladiwostok?","isPartOf":{"@id":"https:\/\/www.pressenza.com\/de\/#website"},"primaryImageOfPage":{"@id":"https:\/\/www.pressenza.com\/de\/2021\/08\/wichtiger-als-das-wef-in-davos-kuenftig-das-eef-in-wladiwostok\/#primaryimage"},"image":{"@id":"https:\/\/www.pressenza.com\/de\/2021\/08\/wichtiger-als-das-wef-in-davos-kuenftig-das-eef-in-wladiwostok\/#primaryimage"},"thumbnailUrl":"https:\/\/www.pressenza.com\/wp-content\/uploads\/2021\/08\/EEF-Vladivostok-1024x512.v1.jpg","datePublished":"2021-08-31T05:26:13+00:00","description":"Das WEF in Davos gilt als wichtigstes Polit-Prominenten-Treffen der Welt. Schon bald k\u00f6nnte das EEF ihm Konkurrenz machen. Gulbaat Rzchiladse f\u00fcr die","breadcrumb":{"@id":"https:\/\/www.pressenza.com\/de\/2021\/08\/wichtiger-als-das-wef-in-davos-kuenftig-das-eef-in-wladiwostok\/#breadcrumb"},"inLanguage":"de","potentialAction":[{"@type":"ReadAction","target":["https:\/\/www.pressenza.com\/de\/2021\/08\/wichtiger-als-das-wef-in-davos-kuenftig-das-eef-in-wladiwostok\/"]}]},{"@type":"ImageObject","inLanguage":"de","@id":"https:\/\/www.pressenza.com\/de\/2021\/08\/wichtiger-als-das-wef-in-davos-kuenftig-das-eef-in-wladiwostok\/#primaryimage","url":"https:\/\/www.pressenza.com\/wp-content\/uploads\/2021\/08\/EEF-Vladivostok-1024x512.v1.jpg","contentUrl":"https:\/\/www.pressenza.com\/wp-content\/uploads\/2021\/08\/EEF-Vladivostok-1024x512.v1.jpg","width":1920,"height":960},{"@type":"BreadcrumbList","@id":"https:\/\/www.pressenza.com\/de\/2021\/08\/wichtiger-als-das-wef-in-davos-kuenftig-das-eef-in-wladiwostok\/#breadcrumb","itemListElement":[{"@type":"ListItem","position":1,"name":"Accueil","item":"https:\/\/www.pressenza.com\/de\/"},{"@type":"ListItem","position":2,"name":"Wichtiger als das WEF in Davos k\u00fcnftig das EEF in Wladiwostok?"}]},{"@type":"WebSite","@id":"https:\/\/www.pressenza.com\/de\/#website","url":"https:\/\/www.pressenza.com\/de\/","name":"Pressenza","description":"International Press Agency","publisher":{"@id":"https:\/\/www.pressenza.com\/de\/#organization"},"potentialAction":[{"@type":"SearchAction","target":{"@type":"EntryPoint","urlTemplate":"https:\/\/www.pressenza.com\/de\/?s={search_term_string}"},"query-input":{"@type":"PropertyValueSpecification","valueRequired":true,"valueName":"search_term_string"}}],"inLanguage":"de"},{"@type":"Organization","@id":"https:\/\/www.pressenza.com\/de\/#organization","name":"Pressenza","url":"https:\/\/www.pressenza.com\/de\/","logo":{"@type":"ImageObject","inLanguage":"de","@id":"https:\/\/www.pressenza.com\/de\/#\/schema\/logo\/image\/","url":"https:\/\/www.pressenza.com\/wp-content\/uploads\/2022\/10\/pressenza_logo_200x200.jpg","contentUrl":"https:\/\/www.pressenza.com\/wp-content\/uploads\/2022\/10\/pressenza_logo_200x200.jpg","width":200,"height":200,"caption":"Pressenza"},"image":{"@id":"https:\/\/www.pressenza.com\/de\/#\/schema\/logo\/image\/"},"sameAs":["https:\/\/www.facebook.com\/PressenzaItalia","https:\/\/x.com\/PressenzaIPA"]},{"@type":"Person","@id":"https:\/\/www.pressenza.com\/de\/#\/schema\/person\/77735f6583e3041b31ebc7b93a284357","name":"INFOsperber","description":"Infosperber.ch - sieht, was andere \u00fcbersehen Die Schweizer Internet-Zeitung richtet sich an Entscheidungstr\u00e4ger in Gesellschaft, Wirtschaft und Politik sowie alle, die erg\u00e4nzende Informationen zu den grossen Medien suchen. Infosperber will die grossen Informations-Medien nicht konkurrenzieren, sondern diese erg\u00e4nzen. \u00a9 Das Weiterverbreiten s\u00e4mtlicher auf dem gemeinn\u00fctzigen Portal www.infosperber.ch enthaltenen Texte ist ohne Kostenfolge erlaubt, sofern die Texte integral ohne K\u00fcrzung und mit Quellenangaben (Autor und \u00abInfosperber\u00bb) verbreitet werden. Bei einer Online-Nutzung ist die Quellenangabe m\u00f6glichst schon am Anfang des Artikels mit einem Link auf infosperber.ch zu versehen. F\u00fcr das Verbreiten von gek\u00fcrzten oder abge\u00e4nderten Texten ist das schriftliche Einverst\u00e4ndnis der AutorInnen erforderlich.","sameAs":["https:\/\/www.infosperber.ch\/"],"url":"https:\/\/www.pressenza.com\/de\/author\/infosperber\/"}]}},"place":"","original_article_url":"","_links":{"self":[{"href":"https:\/\/www.pressenza.com\/de\/wp-json\/wp\/v2\/posts\/1421807","targetHints":{"allow":["GET"]}}],"collection":[{"href":"https:\/\/www.pressenza.com\/de\/wp-json\/wp\/v2\/posts"}],"about":[{"href":"https:\/\/www.pressenza.com\/de\/wp-json\/wp\/v2\/types\/post"}],"author":[{"embeddable":true,"href":"https:\/\/www.pressenza.com\/de\/wp-json\/wp\/v2\/users\/1855"}],"replies":[{"embeddable":true,"href":"https:\/\/www.pressenza.com\/de\/wp-json\/wp\/v2\/comments?post=1421807"}],"version-history":[{"count":0,"href":"https:\/\/www.pressenza.com\/de\/wp-json\/wp\/v2\/posts\/1421807\/revisions"}],"wp:featuredmedia":[{"embeddable":true,"href":"https:\/\/www.pressenza.com\/de\/wp-json\/wp\/v2\/media\/1421808"}],"wp:attachment":[{"href":"https:\/\/www.pressenza.com\/de\/wp-json\/wp\/v2\/media?parent=1421807"}],"wp:term":[{"taxonomy":"category","embeddable":true,"href":"https:\/\/www.pressenza.com\/de\/wp-json\/wp\/v2\/categories?post=1421807"},{"taxonomy":"post_tag","embeddable":true,"href":"https:\/\/www.pressenza.com\/de\/wp-json\/wp\/v2\/tags?post=1421807"}],"curies":[{"name":"wp","href":"https:\/\/api.w.org\/{rel}","templated":true}]}}