{"id":1421461,"date":"2021-08-30T12:10:13","date_gmt":"2021-08-30T11:10:13","guid":{"rendered":"https:\/\/www.pressenza.com\/?p=1421461"},"modified":"2021-08-30T12:11:21","modified_gmt":"2021-08-30T11:11:21","slug":"100-aktivistinnen-blockieren-bau-der-stadtautobahn","status":"publish","type":"post","link":"https:\/\/www.pressenza.com\/de\/2021\/08\/100-aktivistinnen-blockieren-bau-der-stadtautobahn\/","title":{"rendered":"100 Aktivist*innen blockieren Bau der Stadtautobahn"},"content":{"rendered":"<p><strong>Baustelle und Zufahrtstrasse in Hirschstetten besetzt<\/strong><\/p>\n<p>Seit 06:00 Uhr fr\u00fch blockieren rund 100 Aktivist:innen den Bau der &#8222;Stadtautobahn&#8220; in Hirschstetten. Ein breites Klimab\u00fcndnis aus Jugendrat, System Change, not Climate Change!, Fridays for Future, Extinction Rebellion u.v.m.\u00a0protestiert damit gegen die Zubringerstra\u00dfe\u00a0des Lobau-Autobahn.<\/p>\n<p>&#8222;W\u00e4hrend die Klimakrise bereits mit Waldbr\u00e4nden und \u00dcberschwemmungen zuschl\u00e4gt und Menschen zur Flucht zwingt, baut Michael Ludwig und seine R\u00fcckschrittskoalition neue Autobahnen,&#8220; kritisiert Lena Schilling (Jugendrat). &#8222;Wir werden Widerstand\u00a0gegen jedes Stra\u00dfenbauprojekt leisten, das unsere Zukunft blockiert. Manchmal m\u00fcssen wir f\u00fcr Gerechtigkeit aufstehen, manchmal m\u00fcssen wir uns daf\u00fcr hinsetzen.&#8220;<\/p>\n<p>Viele junge Aktivist:innen stellen sich heute zum ersten Mal mit ihren K\u00f6rpern einer Politik entgegen, die ihre Zukunft\u00a0zerst\u00f6rt.\u00a0Auch 12- und 13-J\u00e4hrige haben sich auf den Boden gesetzt, um die Zufahrt zur Baustelle zu blockieren. &#8222;Die Klimakrise f\u00fcgt heute schon Menschen massives Leid zu. Noch k\u00f6nnen wir das Schlimmste verhindern, aber die Politik blockiert Klimaschutz weiterhin. Deshalb sehen wir uns dazu gezwungen, neben dem Schulstreik auch weitere Formen des demokratischen Protestes einzusetzen&#8220;, so Mirjam Hohl von Fridays For Future. &#8222;Es ist absolut untragbar, dass die SP\u00d6 Wien mitten in der Klimakrise noch Autobahnen baut, die die Emissionen weiter in die H\u00f6he treiben.&#8220;<\/p>\n<p>Seit \u00fcber 20 Jahren wehrt sich die Zivilgesellschaft gegen das Monsterprojekt, doch Bundesregierung und Stadt Wien wollen es durchboxen und mit dem Bau der\u00a0Stadtautobahn als Zubringerin f\u00fcr die Lobau-Autobahn\u00a0Fakten schaffen. &#8222;An dieser\u00a0Verkehrspolitik von vorgestern gewinnen\u00a0in Wahrheit nur Bau- und\u00a0Autoindustrie und ihre\u00a0Lobbys, die den Weg Richtung Klimakatastrophe\u00a0mit neuen Autobahnen in Beton gie\u00dfen\u00a0wollen&#8220; so Lucia Steinwender (System Change, not Climate Change!). &#8222;Jetzt m\u00fcssen wir die Weichen stellen f\u00fcr eine klimagerechte Mobilit\u00e4t, die\u00a0den Menschen und ihren\u00a0Bed\u00fcrfnissen statt Profiten dient! Statt noch mehr Stau zu erzeugen, braucht es den Ausbau von kostenlosem \u00f6ffentlichen Verkehr, Rad- und Fu\u00dfwegen.&#8220;<\/p>\n<p>Das falsche\u00a0Versprechen der Verkehrsentlastung ist wissenschaftlich widerlegt: Studien beweisen, dass die Lobau-Autobahn im Gegenteil zu einem h\u00f6heren Verkehrsaufkommen f\u00fchren w\u00fcrde (1), insbesondere am Ort der heutigen Aktion, Hirschstetten.\u00a0Auch die Behauptung\u00a0der SP\u00d6 Wien, die Lobau-Autobahn sei alternativlos, ist nicht haltbar. Mit z\u00fcgigem \u00d6ffi-Ausbau, etwa der Stra\u00dfenbahnlinien 25 und 27, sowie der Reaktivierung von S-Bahn-Haltestellen und Fahrradschnellwegen\u00a0kann sozial-gerechte Mobilit\u00e4t in der Region gew\u00e4hrleistet werden, wie z.B. eine Analyse des Verkehrsclub \u00d6sterreich (VC\u00d6) zeigt (2). &#8222;B\u00fcrgermeister Ludwig und seine SP\u00d6 Wien argumentieren mit ausbleibenden Investitionen von omin\u00f6sen Geldgebern, wird die neue Stra\u00dfe nicht gebaut. Wir fordern einmal mehr die Einf\u00fchrung von gelosten B\u00fcrger:innenr\u00e4ten welche einen verbindlichen Rahmen f\u00fcr diese lobbydurchseuchte Politik festlegen,&#8220; so ein Sprecher der Gruppe Extinction Rebellion.<\/p>\n","protected":false},"excerpt":{"rendered":"<p>Baustelle und Zufahrtstrasse in Hirschstetten besetzt Seit 06:00 Uhr fr\u00fch blockieren rund 100 Aktivist:innen den Bau der &#8222;Stadtautobahn&#8220; in Hirschstetten. Ein breites Klimab\u00fcndnis aus Jugendrat, System Change, not Climate Change!, Fridays for Future, Extinction Rebellion u.v.m.\u00a0protestiert damit gegen die Zubringerstra\u00dfe\u00a0des&hellip;<\/p>\n","protected":false},"author":1096,"featured_media":1421464,"comment_status":"closed","ping_status":"closed","sticky":false,"template":"","format":"standard","meta":{"footnotes":""},"categories":[9157,9168,9145],"tags":[55784,30246,12395,92394,94351,63705],"class_list":["post-1421461","post","type-post","status-publish","format-standard","has-post-thumbnail","hentry","category-oekologie-und-umwelt","category-politik","category-pressemitteilungen","tag-fridays-for-future-de","tag-klimaschutz","tag-klimawandel","tag-lobau-autobahn","tag-ueberschwemmungen","tag-waldbraende"],"yoast_head":"<!-- This site is optimized with the Yoast SEO plugin v27.1.1 - https:\/\/yoast.com\/product\/yoast-seo-wordpress\/ -->\n<title>100 Aktivist*innen blockieren Bau der Stadtautobahn<\/title>\n<meta name=\"description\" content=\"Baustelle und Zufahrtstrasse in Hirschstetten besetzt Seit 06:00 Uhr fr\u00fch blockieren rund 100 Aktivist:innen den Bau der &quot;Stadtautobahn&quot; in Hirschstetten.\" \/>\n<meta name=\"robots\" content=\"index, follow, max-snippet:-1, max-image-preview:large, max-video-preview:-1\" \/>\n<link rel=\"canonical\" href=\"https:\/\/www.pressenza.com\/de\/2021\/08\/100-aktivistinnen-blockieren-bau-der-stadtautobahn\/\" \/>\n<meta property=\"og:locale\" content=\"de_DE\" \/>\n<meta property=\"og:type\" content=\"article\" \/>\n<meta property=\"og:title\" content=\"100 Aktivist*innen blockieren Bau der Stadtautobahn\" \/>\n<meta property=\"og:description\" content=\"Baustelle und Zufahrtstrasse in Hirschstetten besetzt Seit 06:00 Uhr fr\u00fch blockieren rund 100 Aktivist:innen den Bau der &quot;Stadtautobahn&quot; in Hirschstetten.\" \/>\n<meta property=\"og:url\" content=\"https:\/\/www.pressenza.com\/de\/2021\/08\/100-aktivistinnen-blockieren-bau-der-stadtautobahn\/\" \/>\n<meta property=\"og:site_name\" content=\"Pressenza\" \/>\n<meta property=\"article:publisher\" content=\"https:\/\/www.facebook.com\/PressenzaItalia\" \/>\n<meta property=\"article:published_time\" content=\"2021-08-30T11:10:13+00:00\" \/>\n<meta property=\"article:modified_time\" content=\"2021-08-30T11:11:21+00:00\" \/>\n<meta property=\"og:image\" content=\"https:\/\/www.pressenza.com\/wp-content\/uploads\/2021\/08\/fullsizeoutput_1371_jpeg.v1.jpg\" \/>\n\t<meta property=\"og:image:width\" content=\"1920\" \/>\n\t<meta property=\"og:image:height\" content=\"1280\" \/>\n\t<meta property=\"og:image:type\" content=\"image\/jpeg\" \/>\n<meta name=\"author\" content=\"Pressenza Wien\" \/>\n<meta name=\"twitter:card\" content=\"summary_large_image\" \/>\n<meta name=\"twitter:creator\" content=\"@pressenza_ger\" \/>\n<meta name=\"twitter:site\" content=\"@PressenzaIPA\" \/>\n<meta name=\"twitter:label1\" content=\"Verfasst von\" \/>\n\t<meta name=\"twitter:data1\" content=\"Pressenza Wien\" \/>\n\t<meta name=\"twitter:label2\" content=\"Gesch\u00e4tzte Lesezeit\" \/>\n\t<meta name=\"twitter:data2\" content=\"2\u00a0Minuten\" \/>\n<script type=\"application\/ld+json\" class=\"yoast-schema-graph\">{\"@context\":\"https:\/\/schema.org\",\"@graph\":[{\"@type\":\"Article\",\"@id\":\"https:\/\/www.pressenza.com\/de\/2021\/08\/100-aktivistinnen-blockieren-bau-der-stadtautobahn\/#article\",\"isPartOf\":{\"@id\":\"https:\/\/www.pressenza.com\/de\/2021\/08\/100-aktivistinnen-blockieren-bau-der-stadtautobahn\/\"},\"author\":{\"name\":\"Pressenza Wien\",\"@id\":\"https:\/\/www.pressenza.com\/de\/#\/schema\/person\/3df859e5bf9b19ab936f666e0177e38b\"},\"headline\":\"100 Aktivist*innen blockieren Bau der Stadtautobahn\",\"datePublished\":\"2021-08-30T11:10:13+00:00\",\"dateModified\":\"2021-08-30T11:11:21+00:00\",\"mainEntityOfPage\":{\"@id\":\"https:\/\/www.pressenza.com\/de\/2021\/08\/100-aktivistinnen-blockieren-bau-der-stadtautobahn\/\"},\"wordCount\":462,\"publisher\":{\"@id\":\"https:\/\/www.pressenza.com\/de\/#organization\"},\"image\":{\"@id\":\"https:\/\/www.pressenza.com\/de\/2021\/08\/100-aktivistinnen-blockieren-bau-der-stadtautobahn\/#primaryimage\"},\"thumbnailUrl\":\"https:\/\/www.pressenza.com\/wp-content\/uploads\/2021\/08\/fullsizeoutput_1371_jpeg.v1.jpg\",\"keywords\":[\"Fridays for Future\",\"Klimaschutz\",\"Klimawandel\",\"Lobau-Autobahn\",\"\u00dcberschwemmungen\",\"Waldbr\u00e4nde\"],\"articleSection\":[\"\u00d6kologie und Umwelt\",\"Politik\",\"Pressemitteilungen\"],\"inLanguage\":\"de\"},{\"@type\":\"WebPage\",\"@id\":\"https:\/\/www.pressenza.com\/de\/2021\/08\/100-aktivistinnen-blockieren-bau-der-stadtautobahn\/\",\"url\":\"https:\/\/www.pressenza.com\/de\/2021\/08\/100-aktivistinnen-blockieren-bau-der-stadtautobahn\/\",\"name\":\"100 Aktivist*innen blockieren Bau der Stadtautobahn\",\"isPartOf\":{\"@id\":\"https:\/\/www.pressenza.com\/de\/#website\"},\"primaryImageOfPage\":{\"@id\":\"https:\/\/www.pressenza.com\/de\/2021\/08\/100-aktivistinnen-blockieren-bau-der-stadtautobahn\/#primaryimage\"},\"image\":{\"@id\":\"https:\/\/www.pressenza.com\/de\/2021\/08\/100-aktivistinnen-blockieren-bau-der-stadtautobahn\/#primaryimage\"},\"thumbnailUrl\":\"https:\/\/www.pressenza.com\/wp-content\/uploads\/2021\/08\/fullsizeoutput_1371_jpeg.v1.jpg\",\"datePublished\":\"2021-08-30T11:10:13+00:00\",\"dateModified\":\"2021-08-30T11:11:21+00:00\",\"description\":\"Baustelle und Zufahrtstrasse in Hirschstetten besetzt Seit 06:00 Uhr fr\u00fch blockieren rund 100 Aktivist:innen den Bau der \\\"Stadtautobahn\\\" in Hirschstetten.\",\"breadcrumb\":{\"@id\":\"https:\/\/www.pressenza.com\/de\/2021\/08\/100-aktivistinnen-blockieren-bau-der-stadtautobahn\/#breadcrumb\"},\"inLanguage\":\"de\",\"potentialAction\":[{\"@type\":\"ReadAction\",\"target\":[\"https:\/\/www.pressenza.com\/de\/2021\/08\/100-aktivistinnen-blockieren-bau-der-stadtautobahn\/\"]}]},{\"@type\":\"ImageObject\",\"inLanguage\":\"de\",\"@id\":\"https:\/\/www.pressenza.com\/de\/2021\/08\/100-aktivistinnen-blockieren-bau-der-stadtautobahn\/#primaryimage\",\"url\":\"https:\/\/www.pressenza.com\/wp-content\/uploads\/2021\/08\/fullsizeoutput_1371_jpeg.v1.jpg\",\"contentUrl\":\"https:\/\/www.pressenza.com\/wp-content\/uploads\/2021\/08\/fullsizeoutput_1371_jpeg.v1.jpg\",\"width\":1920,\"height\":1280},{\"@type\":\"BreadcrumbList\",\"@id\":\"https:\/\/www.pressenza.com\/de\/2021\/08\/100-aktivistinnen-blockieren-bau-der-stadtautobahn\/#breadcrumb\",\"itemListElement\":[{\"@type\":\"ListItem\",\"position\":1,\"name\":\"Accueil\",\"item\":\"https:\/\/www.pressenza.com\/de\/\"},{\"@type\":\"ListItem\",\"position\":2,\"name\":\"100 Aktivist*innen blockieren Bau der Stadtautobahn\"}]},{\"@type\":\"WebSite\",\"@id\":\"https:\/\/www.pressenza.com\/de\/#website\",\"url\":\"https:\/\/www.pressenza.com\/de\/\",\"name\":\"Pressenza\",\"description\":\"International Press Agency\",\"publisher\":{\"@id\":\"https:\/\/www.pressenza.com\/de\/#organization\"},\"potentialAction\":[{\"@type\":\"SearchAction\",\"target\":{\"@type\":\"EntryPoint\",\"urlTemplate\":\"https:\/\/www.pressenza.com\/de\/?s={search_term_string}\"},\"query-input\":{\"@type\":\"PropertyValueSpecification\",\"valueRequired\":true,\"valueName\":\"search_term_string\"}}],\"inLanguage\":\"de\"},{\"@type\":\"Organization\",\"@id\":\"https:\/\/www.pressenza.com\/de\/#organization\",\"name\":\"Pressenza\",\"url\":\"https:\/\/www.pressenza.com\/de\/\",\"logo\":{\"@type\":\"ImageObject\",\"inLanguage\":\"de\",\"@id\":\"https:\/\/www.pressenza.com\/de\/#\/schema\/logo\/image\/\",\"url\":\"https:\/\/www.pressenza.com\/wp-content\/uploads\/2022\/10\/pressenza_logo_200x200.jpg\",\"contentUrl\":\"https:\/\/www.pressenza.com\/wp-content\/uploads\/2022\/10\/pressenza_logo_200x200.jpg\",\"width\":200,\"height\":200,\"caption\":\"Pressenza\"},\"image\":{\"@id\":\"https:\/\/www.pressenza.com\/de\/#\/schema\/logo\/image\/\"},\"sameAs\":[\"https:\/\/www.facebook.com\/PressenzaItalia\",\"https:\/\/x.com\/PressenzaIPA\"]},{\"@type\":\"Person\",\"@id\":\"https:\/\/www.pressenza.com\/de\/#\/schema\/person\/3df859e5bf9b19ab936f666e0177e38b\",\"name\":\"Pressenza Wien\",\"description\":\"News from the Pressenza Bureau in Vienna, Austria\",\"sameAs\":[\"https:\/\/x.com\/pressenza_ger\"],\"url\":\"https:\/\/www.pressenza.com\/de\/author\/pressenza-wien\/\"}]}<\/script>\n<!-- \/ Yoast SEO plugin. -->","yoast_head_json":{"title":"100 Aktivist*innen blockieren Bau der Stadtautobahn","description":"Baustelle und Zufahrtstrasse in Hirschstetten besetzt Seit 06:00 Uhr fr\u00fch blockieren rund 100 Aktivist:innen den Bau der \"Stadtautobahn\" in Hirschstetten.","robots":{"index":"index","follow":"follow","max-snippet":"max-snippet:-1","max-image-preview":"max-image-preview:large","max-video-preview":"max-video-preview:-1"},"canonical":"https:\/\/www.pressenza.com\/de\/2021\/08\/100-aktivistinnen-blockieren-bau-der-stadtautobahn\/","og_locale":"de_DE","og_type":"article","og_title":"100 Aktivist*innen blockieren Bau der Stadtautobahn","og_description":"Baustelle und Zufahrtstrasse in Hirschstetten besetzt Seit 06:00 Uhr fr\u00fch blockieren rund 100 Aktivist:innen den Bau der \"Stadtautobahn\" in Hirschstetten.","og_url":"https:\/\/www.pressenza.com\/de\/2021\/08\/100-aktivistinnen-blockieren-bau-der-stadtautobahn\/","og_site_name":"Pressenza","article_publisher":"https:\/\/www.facebook.com\/PressenzaItalia","article_published_time":"2021-08-30T11:10:13+00:00","article_modified_time":"2021-08-30T11:11:21+00:00","og_image":[{"width":1920,"height":1280,"url":"https:\/\/www.pressenza.com\/wp-content\/uploads\/2021\/08\/fullsizeoutput_1371_jpeg.v1.jpg","type":"image\/jpeg"}],"author":"Pressenza Wien","twitter_card":"summary_large_image","twitter_creator":"@pressenza_ger","twitter_site":"@PressenzaIPA","twitter_misc":{"Verfasst von":"Pressenza Wien","Gesch\u00e4tzte Lesezeit":"2\u00a0Minuten"},"schema":{"@context":"https:\/\/schema.org","@graph":[{"@type":"Article","@id":"https:\/\/www.pressenza.com\/de\/2021\/08\/100-aktivistinnen-blockieren-bau-der-stadtautobahn\/#article","isPartOf":{"@id":"https:\/\/www.pressenza.com\/de\/2021\/08\/100-aktivistinnen-blockieren-bau-der-stadtautobahn\/"},"author":{"name":"Pressenza Wien","@id":"https:\/\/www.pressenza.com\/de\/#\/schema\/person\/3df859e5bf9b19ab936f666e0177e38b"},"headline":"100 Aktivist*innen blockieren Bau der Stadtautobahn","datePublished":"2021-08-30T11:10:13+00:00","dateModified":"2021-08-30T11:11:21+00:00","mainEntityOfPage":{"@id":"https:\/\/www.pressenza.com\/de\/2021\/08\/100-aktivistinnen-blockieren-bau-der-stadtautobahn\/"},"wordCount":462,"publisher":{"@id":"https:\/\/www.pressenza.com\/de\/#organization"},"image":{"@id":"https:\/\/www.pressenza.com\/de\/2021\/08\/100-aktivistinnen-blockieren-bau-der-stadtautobahn\/#primaryimage"},"thumbnailUrl":"https:\/\/www.pressenza.com\/wp-content\/uploads\/2021\/08\/fullsizeoutput_1371_jpeg.v1.jpg","keywords":["Fridays for Future","Klimaschutz","Klimawandel","Lobau-Autobahn","\u00dcberschwemmungen","Waldbr\u00e4nde"],"articleSection":["\u00d6kologie und Umwelt","Politik","Pressemitteilungen"],"inLanguage":"de"},{"@type":"WebPage","@id":"https:\/\/www.pressenza.com\/de\/2021\/08\/100-aktivistinnen-blockieren-bau-der-stadtautobahn\/","url":"https:\/\/www.pressenza.com\/de\/2021\/08\/100-aktivistinnen-blockieren-bau-der-stadtautobahn\/","name":"100 Aktivist*innen blockieren Bau der Stadtautobahn","isPartOf":{"@id":"https:\/\/www.pressenza.com\/de\/#website"},"primaryImageOfPage":{"@id":"https:\/\/www.pressenza.com\/de\/2021\/08\/100-aktivistinnen-blockieren-bau-der-stadtautobahn\/#primaryimage"},"image":{"@id":"https:\/\/www.pressenza.com\/de\/2021\/08\/100-aktivistinnen-blockieren-bau-der-stadtautobahn\/#primaryimage"},"thumbnailUrl":"https:\/\/www.pressenza.com\/wp-content\/uploads\/2021\/08\/fullsizeoutput_1371_jpeg.v1.jpg","datePublished":"2021-08-30T11:10:13+00:00","dateModified":"2021-08-30T11:11:21+00:00","description":"Baustelle und Zufahrtstrasse in Hirschstetten besetzt Seit 06:00 Uhr fr\u00fch blockieren rund 100 Aktivist:innen den Bau der \"Stadtautobahn\" in Hirschstetten.","breadcrumb":{"@id":"https:\/\/www.pressenza.com\/de\/2021\/08\/100-aktivistinnen-blockieren-bau-der-stadtautobahn\/#breadcrumb"},"inLanguage":"de","potentialAction":[{"@type":"ReadAction","target":["https:\/\/www.pressenza.com\/de\/2021\/08\/100-aktivistinnen-blockieren-bau-der-stadtautobahn\/"]}]},{"@type":"ImageObject","inLanguage":"de","@id":"https:\/\/www.pressenza.com\/de\/2021\/08\/100-aktivistinnen-blockieren-bau-der-stadtautobahn\/#primaryimage","url":"https:\/\/www.pressenza.com\/wp-content\/uploads\/2021\/08\/fullsizeoutput_1371_jpeg.v1.jpg","contentUrl":"https:\/\/www.pressenza.com\/wp-content\/uploads\/2021\/08\/fullsizeoutput_1371_jpeg.v1.jpg","width":1920,"height":1280},{"@type":"BreadcrumbList","@id":"https:\/\/www.pressenza.com\/de\/2021\/08\/100-aktivistinnen-blockieren-bau-der-stadtautobahn\/#breadcrumb","itemListElement":[{"@type":"ListItem","position":1,"name":"Accueil","item":"https:\/\/www.pressenza.com\/de\/"},{"@type":"ListItem","position":2,"name":"100 Aktivist*innen blockieren Bau der Stadtautobahn"}]},{"@type":"WebSite","@id":"https:\/\/www.pressenza.com\/de\/#website","url":"https:\/\/www.pressenza.com\/de\/","name":"Pressenza","description":"International Press Agency","publisher":{"@id":"https:\/\/www.pressenza.com\/de\/#organization"},"potentialAction":[{"@type":"SearchAction","target":{"@type":"EntryPoint","urlTemplate":"https:\/\/www.pressenza.com\/de\/?s={search_term_string}"},"query-input":{"@type":"PropertyValueSpecification","valueRequired":true,"valueName":"search_term_string"}}],"inLanguage":"de"},{"@type":"Organization","@id":"https:\/\/www.pressenza.com\/de\/#organization","name":"Pressenza","url":"https:\/\/www.pressenza.com\/de\/","logo":{"@type":"ImageObject","inLanguage":"de","@id":"https:\/\/www.pressenza.com\/de\/#\/schema\/logo\/image\/","url":"https:\/\/www.pressenza.com\/wp-content\/uploads\/2022\/10\/pressenza_logo_200x200.jpg","contentUrl":"https:\/\/www.pressenza.com\/wp-content\/uploads\/2022\/10\/pressenza_logo_200x200.jpg","width":200,"height":200,"caption":"Pressenza"},"image":{"@id":"https:\/\/www.pressenza.com\/de\/#\/schema\/logo\/image\/"},"sameAs":["https:\/\/www.facebook.com\/PressenzaItalia","https:\/\/x.com\/PressenzaIPA"]},{"@type":"Person","@id":"https:\/\/www.pressenza.com\/de\/#\/schema\/person\/3df859e5bf9b19ab936f666e0177e38b","name":"Pressenza Wien","description":"News from the Pressenza Bureau in Vienna, Austria","sameAs":["https:\/\/x.com\/pressenza_ger"],"url":"https:\/\/www.pressenza.com\/de\/author\/pressenza-wien\/"}]}},"place":"","original_article_url":"","_links":{"self":[{"href":"https:\/\/www.pressenza.com\/de\/wp-json\/wp\/v2\/posts\/1421461","targetHints":{"allow":["GET"]}}],"collection":[{"href":"https:\/\/www.pressenza.com\/de\/wp-json\/wp\/v2\/posts"}],"about":[{"href":"https:\/\/www.pressenza.com\/de\/wp-json\/wp\/v2\/types\/post"}],"author":[{"embeddable":true,"href":"https:\/\/www.pressenza.com\/de\/wp-json\/wp\/v2\/users\/1096"}],"replies":[{"embeddable":true,"href":"https:\/\/www.pressenza.com\/de\/wp-json\/wp\/v2\/comments?post=1421461"}],"version-history":[{"count":0,"href":"https:\/\/www.pressenza.com\/de\/wp-json\/wp\/v2\/posts\/1421461\/revisions"}],"wp:featuredmedia":[{"embeddable":true,"href":"https:\/\/www.pressenza.com\/de\/wp-json\/wp\/v2\/media\/1421464"}],"wp:attachment":[{"href":"https:\/\/www.pressenza.com\/de\/wp-json\/wp\/v2\/media?parent=1421461"}],"wp:term":[{"taxonomy":"category","embeddable":true,"href":"https:\/\/www.pressenza.com\/de\/wp-json\/wp\/v2\/categories?post=1421461"},{"taxonomy":"post_tag","embeddable":true,"href":"https:\/\/www.pressenza.com\/de\/wp-json\/wp\/v2\/tags?post=1421461"}],"curies":[{"name":"wp","href":"https:\/\/api.w.org\/{rel}","templated":true}]}}