{"id":1419286,"date":"2021-08-26T06:47:58","date_gmt":"2021-08-26T05:47:58","guid":{"rendered":"https:\/\/www.pressenza.com\/?p=1419286"},"modified":"2021-08-26T06:47:58","modified_gmt":"2021-08-26T05:47:58","slug":"kurz-schluss-beim-klimaschutz","status":"publish","type":"post","link":"https:\/\/www.pressenza.com\/de\/2021\/08\/kurz-schluss-beim-klimaschutz\/","title":{"rendered":"Kurz-Schluss beim Klimaschutz"},"content":{"rendered":"<p><strong>Es war ein bizarres Zusammentreffen zweier Sichtweisen, als diesen Juli einerseits die Warnung von 14.000 Wissenschafter*innen vor einem weltweiten\u00a0<a href=\"https:\/\/science.orf.at\/stories\/3207864\/\" target=\"_blank\" rel=\"noreferrer noopener\"> \u201eKlimanotfall\u201c<\/a>\u00a0 ver\u00f6ffentlicht wurde und andererseits Bundeskanzler Kurz seinen hemds\u00e4rmeligen Zugang zum <a href=\"https:\/\/orf.at\/stories\/3221918\/\" target=\"_blank\" rel=\"noreferrer noopener\">Klimaschutz<\/a>\u00a0(Technologie statt Verzicht und Steinzeit) zum Besten gab.<\/strong><span id=\"more-22361\"><\/span><\/p>\n<p><em>Von Heinz H\u00f6gelsberger (<a href=\"https:\/\/awblog.at\/kurz-schluss-beim-klimaschutz\/\" target=\"_blank\" rel=\"noopener\">A&amp;W-Blog<\/a>)<\/em><\/p>\n<h4><strong>30 verlorene Jahre<\/strong><\/h4>\n<p>\u00d6sterreich sollte schon seit 30 Jahren Klimaschutz betreiben, was aber bislang nicht geschehen ist. Allein die Missachtung der \u2013 v\u00f6lkerrechtlich verbindlichen \u2013 Kyoto-Verpflichtung hat uns Steuerzahler*innen rund<a href=\"https:\/\/www.energieinstitut.at\/20-jahre-kyoto-protokoll-ein-gastkommentar-aus-der-wissenschaft\/\" target=\"_blank\" rel=\"noreferrer noopener\">\u00a0400 Millionen Euro<\/a>\u00a0gekostet. Diese Vers\u00e4umnisse f\u00fchren dazu, dass nun die Reduktionsma\u00dfnahmen umso radikaler sein m\u00fcssten (siehe Grafik), um die vereinbarten Klimaziele doch noch zu erreichen. Ansonsten drohen\u00a0<a href=\"https:\/\/www.derstandard.at\/story\/2000125872772\/rechnungshof-warnt-vor-milliarden-kosten-wegen-verfehlter-klimaziele\" target=\"_blank\" rel=\"noreferrer noopener\">Strafzahlungen in Milliardenh\u00f6he<\/a>.<\/p>\n<figure class=\"wp-block-image size-large\">\n<figure id=\"attachment_49158\" class=\"wp-caption alignnone\" aria-describedby=\"caption-attachment-49158\"><img loading=\"lazy\" decoding=\"async\" class=\"wp-image-49158\" src=\"https:\/\/awblog.at\/wp-content\/uploads\/2021\/08\/awblog-210304-klimaziele-1024x704.png\" sizes=\"auto, (max-width: 1024px) 100vw, 1024px\" srcset=\"https:\/\/awblog.at\/wp-content\/uploads\/2021\/08\/awblog-210304-klimaziele-1024x704.png 1024w, https:\/\/awblog.at\/wp-content\/uploads\/2021\/08\/awblog-210304-klimaziele-300x206.png 300w, https:\/\/awblog.at\/wp-content\/uploads\/2021\/08\/awblog-210304-klimaziele-768x528.png 768w, https:\/\/awblog.at\/wp-content\/uploads\/2021\/08\/awblog-210304-klimaziele-1536x1057.png 1536w, https:\/\/awblog.at\/wp-content\/uploads\/2021\/08\/awblog-210304-klimaziele-2048x1409.png 2048w, https:\/\/awblog.at\/wp-content\/uploads\/2021\/08\/awblog-210304-klimaziele-640x440.png 640w\" alt=\"\" width=\"1024\" height=\"704\" \/><figcaption id=\"caption-attachment-49158\" class=\"wp-caption-text\">Grafik: A&amp;W-Blog<\/figcaption><\/figure>\n<\/figure>\n<p>In diesen vergangenen drei Jahrzehnten besetzte die \u00d6VP durchgehend das daf\u00fcr zust\u00e4ndige Umweltministerium. Insofern setzt ihr Obmann diese Tradition der Klima-Ignoranz nun fort. Trotzdem lohnt es, sich mit seinen absichtsvoll gew\u00e4hlten Stich- bzw. Reizw\u00f6rtern n\u00e4her auseinanderzusetzen.<\/p>\n<h4><strong>Ab in die Steinzeit?<\/strong><\/h4>\n<p>Alle seri\u00f6sen Szenarien gehen davon aus, dass \u00d6sterreich seinen Energieverbrauch bis zum Jahr 2050 halbieren muss. Dann sind wir allerdings nicht in der Steinzeit angelangt, sondern auf dem Niveau von 1970. Schon damals war \u00d6sterreich ein Industrieland mit der VOEST als Leitbetrieb. Die Menschen waren auch vor 50 Jahren mobil und wohnten in beheizbaren Wohnungen und H\u00e4usern; und nicht in zugigen H\u00f6hlen. Durch\u00a0<a href=\"https:\/\/awblog.at\/sozial-gerechter-klimaschutz\/\" target=\"_blank\" rel=\"noreferrer noopener\">gerechtere Verteilung<\/a>\u00a0und Effizienzsteigerungen k\u00f6nnte auch mit diesem Energiebudget ein gutes Leben f\u00fcr alle m\u00f6glich sein.<\/p>\n<h4><strong>Verkehr wie bisher?<\/strong><\/h4>\n<p>Das\u00a0<a href=\"https:\/\/www.umweltbundesamt.at\/studien-reports\/publikationsdetail?pub_id=2317&amp;cHash=dfd4806eb4dd581c1b993617419de5b9\" target=\"_blank\" rel=\"noreferrer noopener\">Umweltbundesamt<\/a>\u00a0hat errechnet, dass der vollst\u00e4ndige Umstieg auf Elektroautos nicht ausreicht, um die Klimaziele zu erreichen. Vielmehr m\u00fcssen wir unser Mobilit\u00e4tsverhalten grundlegend \u00e4ndern; also weg vom PKW und hin zum \u00d6ffentlichen Verkehr und Rad. Was uns daran hindert, sind Gewohnheit, vorgebliche Bequemlichkeit, eine schlechte Raumplanung, fehlende \u00d6ffi-Verbindungen und mangelnde Infrastruktur f\u00fcr den Fu\u00df- und Radverkehr. Bei den ersten beiden Faktoren sollte man mit \u2013 zugegebenerma\u00dfen unpopul\u00e4ren \u2013 \u201ePush\u201c-Ma\u00dfnahmen (z. B. Tempolimits, Fahrverbote in Gebieten mit gutem \u00d6ffi-Angebot) ansetzen.<\/p>\n<p>Gleichzeitig m\u00fcssen auch jene 20 Prozent der Bev\u00f6lkerung, die bislang von einer \u00d6ffi-Anbindung abgeschnitten sind, eine umfassende Mobilit\u00e4tsgarantie erhalten. Besonderes Augenmerk ist dabei auf die sogenannte \u201eletzte Meile\u201c zu legen, denn hier f\u00e4llt oft die Entscheidung f\u00fcr den PKW. Jeder Euro, der in den Ausbau des \u00d6ffentlichen Verkehrs gesteckt wird, erspart ein Mehrfaches an Auto- und Umweltkosten. Weiters m\u00fcssen Unternehmen verbindlich daf\u00fcr sorgen, dass ihre Besch\u00e4ftigten und Kund*innen ohne PKW anreisen k\u00f6nnen.<\/p>\n<p>\u00c4hnliches gilt f\u00fcr den G\u00fcterverkehr: In einer dekarbonisierten Wirtschaft wird das Transportaufkommen zwangsl\u00e4ufig zur\u00fcckgehen. Zus\u00e4tzlich muss es endlich zu einer Verlagerung von der Stra\u00dfe auf die Schiene kommen. Die Bevorzugung des LKW-Verkehrs durch eine fehlende fl\u00e4chendeckende Stra\u00dfenmaut, g\u00fcnstige Steuers\u00e4tze und schlechte Arbeitsbedingungen ist dabei kontraproduktiv.<\/p>\n<h4><strong>K\u00f6nnen Innovationen allein das Klima retten?<\/strong><\/h4>\n<p>Nat\u00fcrlich ist es sehr bequem, auf zuk\u00fcnftige Innovationen als Probleml\u00f6ser zu vertrauen. Die wichtigsten Technologien f\u00fcr eine\u00a0<a href=\"https:\/\/awblog.at\/100-prozent-erneuerbarer-strom-bis-2030\/\" target=\"_blank\" rel=\"noreferrer noopener\">Energie-<\/a>\u00a0und Mobilit\u00e4tswende \u2013 n\u00e4mlich Windenergie, Photovoltaik, Passivhausbauweise und Elektroantriebe \u2013 sind allerdings schon seit Jahrzehnten bekannt und etabliert. Die l\u00e4ngste Zeit hat die fossile Wirtschaft gr\u00f6\u00dfere Innovationen und den wirtschaftlichen Durchbruch verhindert. Statt auf Technikgl\u00e4ubigkeit zu setzen, m\u00fcssen endlich die politischen und wirtschaftlichen Rahmenbedingungen in die richtige Richtung ge\u00e4ndert werden.<\/p>\n<p>Ein Beispiel: Am \u00d6l- und Gasunternehmen OMV ist der Staat zu immerhin 31,5 Prozent beteiligt. Statt mit sich selbst h\u00e4tte sich die \u00d6BAG schon seit Jahren mit einer zukunftsf\u00e4higen Konzernstrategie auseinandersetzen m\u00fcssen. Dass die OMV in Zeiten des sich abzeichnenden Klimakollapses fast eine Milliarde Euro in die neue\u00a0<a href=\"https:\/\/www.trend.at\/wirtschaft\/omv-ostsee-pipeline-nord-stream-vier-fakten-10638335\" target=\"_blank\" rel=\"noreferrer noopener\">Erdgasleitung Nord Stream 2<\/a>\u00a0investiert, h\u00e4tte genauso evaluiert werden m\u00fcssen, wie es Umweltministerin Gewessler nun mit Autobahnneubauten tut. Was in \u00d6sterreich fehlt, ist eine\u00a0<a href=\"https:\/\/awblog.at\/strukturwandel-und-beschaeftigung-in-der-klimakrise\/\" target=\"_blank\" rel=\"noreferrer noopener\">zukunftsf\u00e4hige Industriestrategie<\/a>.<\/p>\n<h4><strong>Klimaschutz durch Verzicht?<\/strong><\/h4>\n<p>Laut der britischen\u00a0<a href=\"https:\/\/oxfamilibrary.openrepository.com\/bitstream\/handle\/10546\/621052\/mb-confronting-carbon-inequality-210920-en.pdf\" target=\"_blank\" rel=\"noreferrer noopener\">NGO Oxfam<\/a>\u00a0verursacht das reichste Prozent der Weltbev\u00f6lkerung doppelt so viele Treibhausgas-Emissionen wie die \u00e4rmere H\u00e4lfte. F\u00fcr die Mehrheit der Menschen gibt es also weder die Notwendigkeit noch die M\u00f6glichkeit auf Verzicht. Klimaschutz ist jedoch eine Frage der fairen Verteilung. Gewisse Eliten werden sich daher massiv einschr\u00e4nken m\u00fcssen.<\/p>\n<p>Ein\u00a0<a href=\"https:\/\/www.wienerzeitung.at\/meinung\/gastkommentare\/2114843-Verzichten-wir-auf-die-Verzichtsdebatte.html\" target=\"_blank\" rel=\"noreferrer noopener\">Kommentator<\/a>\u00a0merkte zu dieser Frage an:\u00a0<em>Verzichten k\u00f6nnen wir nur auf etwas, das uns im Grunde zusteht<\/em>. Es gibt jedoch kein Menschenrecht auf Umweltzerst\u00f6rung! Klimaschutz darf aber nicht auf eine individuelle Lifestyle-Debatte reduziert werden. Stattdessen m\u00fcssen Spielregeln diskutiert und aufgestellt werden, die dann f\u00fcr alle gelten. Unsere Art zu wirtschaften und zu leben wird in einer dekarbonisierten Welt sicherlich anders, aber nicht unbedingt schlechter sein. So wird sich wohl unsere Arbeitszeit massiv verringern.<\/p>\n<h4><strong>Was steckt dahinter?<\/strong><\/h4>\n<p>Welches Kalk\u00fcl kann hinter solch einer verharmlosenden Argumentation des Bundeskanzlers stecken? Hierf\u00fcr gibt es mindestens drei Erkl\u00e4rungsm\u00f6glichkeiten:<\/p>\n<p><strong>\u00a01.<\/strong>\u00a0Desinteresse gegen\u00fcber dem Klimaschutz. Diese Ignoranz gegen\u00fcber dem Zukunftsproblem Nr. 1 w\u00e4re allerdings mehr als bedenklich.<\/p>\n<p><strong>2.<\/strong>\u00a0Hier wird weiterhin im Interesse der fossilen Wirtschaft agiert und man verteidigt die Privilegien der Wohlhabenden. Dass dies keine langfristig erfolgreiche Strategie ist, zeigt der Zustand der KFZ-Industrie in \u00d6sterreich, wo wieder einmal die Besch\u00e4ftigten die Zeche f\u00fcr die Vers\u00e4umnisse zahlen m\u00fcssen\u00a0<a href=\"https:\/\/www.derstandard.de\/story\/2000126740143\/man-steyr-vorwaerts-in-die-vergangenheit\" target=\"_blank\" rel=\"noreferrer noopener\">(siehe MAN-Werk in Steyr)<\/a>. Die erd\u00f6lgeschmierte Profitmaximierungslogik hat ausgedient!<\/p>\n<p><strong>3.<\/strong>\u00a0Nach der Fl\u00fcchtlingspolitik soll ein weiteres populistisches Thema der FP\u00d6 gekapert werden, indem man den Klimawandel kleinredet.<\/p>\n<p>Jede dieser Optionen ist gleicherma\u00dfen beunruhigend. Sozial gerechter Klimaschutz ist notwendiger denn je. Statt an kleinen R\u00e4dchen zu drehen, m\u00fcssen jetzt gro\u00dfe Hebel umgelegt werden. Wer das nicht einsieht, verspielt unsere Zukunft.<\/p>\n<hr \/>\n<div class=\"cchover\">\n<div class=\"ccschalter\"><a href=\"https:\/\/awblog.at\/ueberdiesenblog\/open-access-zielsetzung-und-verwendung\/\" target=\"_blank\" rel=\"noopener\"><img loading=\"lazy\" decoding=\"async\" class=\"wp-image-16413 alignleft\" src=\"https:\/\/awblog.at\/wp-content\/uploads\/2017\/02\/ATT00001.png\" alt=\"\" width=\"79\" height=\"28\" \/><\/a><\/div>\n<\/div>\n<p><em>Dieser Beitrag wurde am 24.08.2021 auf dem\u00a0<a href=\"https:\/\/awblog.at\/kurz-schluss-beim-klimaschutz\/\" target=\"_blank\" rel=\"noopener\">Blog Arbeit &amp; Wirtschaft<\/a>\u00a0unter der\u00a0<a href=\"https:\/\/creativecommons.org\/licenses\/by-sa\/4.0\/deed.de\" target=\"_blank\" rel=\"noopener noreferrer\">Creative-Commons-Lizenz CC BY-SA 4.0<\/a>\u00a0ver\u00f6ffentlicht. Diese Lizenz erm\u00f6glicht den Nutzer_innen eine freie Bearbeitung, Weiterverwendung, Vervielf\u00e4ltigung und Verbreitung der textlichen Inhalte unter Namensnennung der Urheberin\/des Urhebers sowie unter gleichen Bedingungen.<\/em><\/p>\n","protected":false},"excerpt":{"rendered":"<p>Es war ein bizarres Zusammentreffen zweier Sichtweisen, als diesen Juli einerseits die Warnung von 14.000 Wissenschafter*innen vor einem weltweiten\u00a0 \u201eKlimanotfall\u201c\u00a0 ver\u00f6ffentlicht wurde und andererseits Bundeskanzler Kurz seinen hemds\u00e4rmeligen Zugang zum Klimaschutz\u00a0(Technologie statt Verzicht und Steinzeit) zum Besten gab. Von Heinz&hellip;<\/p>\n","protected":false},"author":1408,"featured_media":1419287,"comment_status":"closed","ping_status":"closed","sticky":false,"template":"","format":"standard","meta":{"footnotes":""},"categories":[9157,9168,9158],"tags":[10456,94248,30246,49066,94250,79097,94249,29771],"class_list":["post-1419286","post","type-post","status-publish","format-standard","has-post-thumbnail","hentry","category-oekologie-und-umwelt","category-politik","category-wirtschaft","tag-energiewende","tag-klimanotfall","tag-klimaschutz","tag-nord-stream-2","tag-oevp","tag-oxfam-de","tag-sebastian-kurz-de","tag-verkehr"],"yoast_head":"<!-- This site is optimized with the Yoast SEO plugin v27.1.1 - https:\/\/yoast.com\/product\/yoast-seo-wordpress\/ -->\n<title>Kurz-Schluss beim Klimaschutz<\/title>\n<meta name=\"description\" content=\"Es war ein bizarres Zusammentreffen zweier Sichtweisen, als diesen Juli einerseits die Warnung von 14.000 Wissenschafter*innen vor einem weltweiten\u00a0\" \/>\n<meta name=\"robots\" content=\"index, follow, max-snippet:-1, max-image-preview:large, max-video-preview:-1\" \/>\n<link rel=\"canonical\" href=\"https:\/\/www.pressenza.com\/de\/2021\/08\/kurz-schluss-beim-klimaschutz\/\" \/>\n<meta property=\"og:locale\" content=\"de_DE\" \/>\n<meta property=\"og:type\" content=\"article\" \/>\n<meta property=\"og:title\" content=\"Kurz-Schluss beim Klimaschutz\" \/>\n<meta property=\"og:description\" content=\"Es war ein bizarres Zusammentreffen zweier Sichtweisen, als diesen Juli einerseits die Warnung von 14.000 Wissenschafter*innen vor einem weltweiten\u00a0\" \/>\n<meta property=\"og:url\" content=\"https:\/\/www.pressenza.com\/de\/2021\/08\/kurz-schluss-beim-klimaschutz\/\" \/>\n<meta property=\"og:site_name\" content=\"Pressenza\" \/>\n<meta property=\"article:publisher\" content=\"https:\/\/www.facebook.com\/PressenzaItalia\" \/>\n<meta property=\"article:published_time\" content=\"2021-08-26T05:47:58+00:00\" \/>\n<meta property=\"og:image\" content=\"https:\/\/www.pressenza.com\/wp-content\/uploads\/2021\/08\/pexels-marcin-jozwiak-3652511-800x445.v1.jpg\" \/>\n\t<meta property=\"og:image:width\" content=\"1920\" \/>\n\t<meta property=\"og:image:height\" content=\"1068\" \/>\n\t<meta property=\"og:image:type\" content=\"image\/jpeg\" \/>\n<meta name=\"author\" content=\"Unsere Zeitung\" \/>\n<meta name=\"twitter:card\" content=\"summary_large_image\" \/>\n<meta name=\"twitter:creator\" content=\"@PressenzaIPA\" \/>\n<meta name=\"twitter:site\" content=\"@PressenzaIPA\" \/>\n<meta name=\"twitter:label1\" content=\"Verfasst von\" \/>\n\t<meta name=\"twitter:data1\" content=\"Unsere Zeitung\" \/>\n\t<meta name=\"twitter:label2\" content=\"Gesch\u00e4tzte Lesezeit\" \/>\n\t<meta name=\"twitter:data2\" content=\"5\u00a0Minuten\" \/>\n<script type=\"application\/ld+json\" class=\"yoast-schema-graph\">{\"@context\":\"https:\/\/schema.org\",\"@graph\":[{\"@type\":\"Article\",\"@id\":\"https:\/\/www.pressenza.com\/de\/2021\/08\/kurz-schluss-beim-klimaschutz\/#article\",\"isPartOf\":{\"@id\":\"https:\/\/www.pressenza.com\/de\/2021\/08\/kurz-schluss-beim-klimaschutz\/\"},\"author\":{\"name\":\"Unsere Zeitung\",\"@id\":\"https:\/\/www.pressenza.com\/de\/#\/schema\/person\/204e67ffc5ecb05d81ec7dbb33ded555\"},\"headline\":\"Kurz-Schluss beim Klimaschutz\",\"datePublished\":\"2021-08-26T05:47:58+00:00\",\"mainEntityOfPage\":{\"@id\":\"https:\/\/www.pressenza.com\/de\/2021\/08\/kurz-schluss-beim-klimaschutz\/\"},\"wordCount\":967,\"publisher\":{\"@id\":\"https:\/\/www.pressenza.com\/de\/#organization\"},\"image\":{\"@id\":\"https:\/\/www.pressenza.com\/de\/2021\/08\/kurz-schluss-beim-klimaschutz\/#primaryimage\"},\"thumbnailUrl\":\"https:\/\/www.pressenza.com\/wp-content\/uploads\/2021\/08\/pexels-marcin-jozwiak-3652511-800x445.v1.jpg\",\"keywords\":[\"Energiewende\",\"Klimanotfall\",\"Klimaschutz\",\"Nord Stream 2\",\"\u00d6VP\",\"Oxfam\",\"Sebastian Kurz\",\"Verkehr\"],\"articleSection\":[\"\u00d6kologie und Umwelt\",\"Politik\",\"Wirtschaft\"],\"inLanguage\":\"de\"},{\"@type\":\"WebPage\",\"@id\":\"https:\/\/www.pressenza.com\/de\/2021\/08\/kurz-schluss-beim-klimaschutz\/\",\"url\":\"https:\/\/www.pressenza.com\/de\/2021\/08\/kurz-schluss-beim-klimaschutz\/\",\"name\":\"Kurz-Schluss beim Klimaschutz\",\"isPartOf\":{\"@id\":\"https:\/\/www.pressenza.com\/de\/#website\"},\"primaryImageOfPage\":{\"@id\":\"https:\/\/www.pressenza.com\/de\/2021\/08\/kurz-schluss-beim-klimaschutz\/#primaryimage\"},\"image\":{\"@id\":\"https:\/\/www.pressenza.com\/de\/2021\/08\/kurz-schluss-beim-klimaschutz\/#primaryimage\"},\"thumbnailUrl\":\"https:\/\/www.pressenza.com\/wp-content\/uploads\/2021\/08\/pexels-marcin-jozwiak-3652511-800x445.v1.jpg\",\"datePublished\":\"2021-08-26T05:47:58+00:00\",\"description\":\"Es war ein bizarres Zusammentreffen zweier Sichtweisen, als diesen Juli einerseits die Warnung von 14.000 Wissenschafter*innen vor einem weltweiten\u00a0\",\"breadcrumb\":{\"@id\":\"https:\/\/www.pressenza.com\/de\/2021\/08\/kurz-schluss-beim-klimaschutz\/#breadcrumb\"},\"inLanguage\":\"de\",\"potentialAction\":[{\"@type\":\"ReadAction\",\"target\":[\"https:\/\/www.pressenza.com\/de\/2021\/08\/kurz-schluss-beim-klimaschutz\/\"]}]},{\"@type\":\"ImageObject\",\"inLanguage\":\"de\",\"@id\":\"https:\/\/www.pressenza.com\/de\/2021\/08\/kurz-schluss-beim-klimaschutz\/#primaryimage\",\"url\":\"https:\/\/www.pressenza.com\/wp-content\/uploads\/2021\/08\/pexels-marcin-jozwiak-3652511-800x445.v1.jpg\",\"contentUrl\":\"https:\/\/www.pressenza.com\/wp-content\/uploads\/2021\/08\/pexels-marcin-jozwiak-3652511-800x445.v1.jpg\",\"width\":1920,\"height\":1068},{\"@type\":\"BreadcrumbList\",\"@id\":\"https:\/\/www.pressenza.com\/de\/2021\/08\/kurz-schluss-beim-klimaschutz\/#breadcrumb\",\"itemListElement\":[{\"@type\":\"ListItem\",\"position\":1,\"name\":\"Accueil\",\"item\":\"https:\/\/www.pressenza.com\/de\/\"},{\"@type\":\"ListItem\",\"position\":2,\"name\":\"Kurz-Schluss beim Klimaschutz\"}]},{\"@type\":\"WebSite\",\"@id\":\"https:\/\/www.pressenza.com\/de\/#website\",\"url\":\"https:\/\/www.pressenza.com\/de\/\",\"name\":\"Pressenza\",\"description\":\"International Press Agency\",\"publisher\":{\"@id\":\"https:\/\/www.pressenza.com\/de\/#organization\"},\"potentialAction\":[{\"@type\":\"SearchAction\",\"target\":{\"@type\":\"EntryPoint\",\"urlTemplate\":\"https:\/\/www.pressenza.com\/de\/?s={search_term_string}\"},\"query-input\":{\"@type\":\"PropertyValueSpecification\",\"valueRequired\":true,\"valueName\":\"search_term_string\"}}],\"inLanguage\":\"de\"},{\"@type\":\"Organization\",\"@id\":\"https:\/\/www.pressenza.com\/de\/#organization\",\"name\":\"Pressenza\",\"url\":\"https:\/\/www.pressenza.com\/de\/\",\"logo\":{\"@type\":\"ImageObject\",\"inLanguage\":\"de\",\"@id\":\"https:\/\/www.pressenza.com\/de\/#\/schema\/logo\/image\/\",\"url\":\"https:\/\/www.pressenza.com\/wp-content\/uploads\/2022\/10\/pressenza_logo_200x200.jpg\",\"contentUrl\":\"https:\/\/www.pressenza.com\/wp-content\/uploads\/2022\/10\/pressenza_logo_200x200.jpg\",\"width\":200,\"height\":200,\"caption\":\"Pressenza\"},\"image\":{\"@id\":\"https:\/\/www.pressenza.com\/de\/#\/schema\/logo\/image\/\"},\"sameAs\":[\"https:\/\/www.facebook.com\/PressenzaItalia\",\"https:\/\/x.com\/PressenzaIPA\"]},{\"@type\":\"Person\",\"@id\":\"https:\/\/www.pressenza.com\/de\/#\/schema\/person\/204e67ffc5ecb05d81ec7dbb33ded555\",\"name\":\"Unsere Zeitung\",\"url\":\"https:\/\/www.pressenza.com\/de\/author\/unsere-zeitung\/\"}]}<\/script>\n<!-- \/ Yoast SEO plugin. -->","yoast_head_json":{"title":"Kurz-Schluss beim Klimaschutz","description":"Es war ein bizarres Zusammentreffen zweier Sichtweisen, als diesen Juli einerseits die Warnung von 14.000 Wissenschafter*innen vor einem weltweiten\u00a0","robots":{"index":"index","follow":"follow","max-snippet":"max-snippet:-1","max-image-preview":"max-image-preview:large","max-video-preview":"max-video-preview:-1"},"canonical":"https:\/\/www.pressenza.com\/de\/2021\/08\/kurz-schluss-beim-klimaschutz\/","og_locale":"de_DE","og_type":"article","og_title":"Kurz-Schluss beim Klimaschutz","og_description":"Es war ein bizarres Zusammentreffen zweier Sichtweisen, als diesen Juli einerseits die Warnung von 14.000 Wissenschafter*innen vor einem weltweiten\u00a0","og_url":"https:\/\/www.pressenza.com\/de\/2021\/08\/kurz-schluss-beim-klimaschutz\/","og_site_name":"Pressenza","article_publisher":"https:\/\/www.facebook.com\/PressenzaItalia","article_published_time":"2021-08-26T05:47:58+00:00","og_image":[{"width":1920,"height":1068,"url":"https:\/\/www.pressenza.com\/wp-content\/uploads\/2021\/08\/pexels-marcin-jozwiak-3652511-800x445.v1.jpg","type":"image\/jpeg"}],"author":"Unsere Zeitung","twitter_card":"summary_large_image","twitter_creator":"@PressenzaIPA","twitter_site":"@PressenzaIPA","twitter_misc":{"Verfasst von":"Unsere Zeitung","Gesch\u00e4tzte Lesezeit":"5\u00a0Minuten"},"schema":{"@context":"https:\/\/schema.org","@graph":[{"@type":"Article","@id":"https:\/\/www.pressenza.com\/de\/2021\/08\/kurz-schluss-beim-klimaschutz\/#article","isPartOf":{"@id":"https:\/\/www.pressenza.com\/de\/2021\/08\/kurz-schluss-beim-klimaschutz\/"},"author":{"name":"Unsere Zeitung","@id":"https:\/\/www.pressenza.com\/de\/#\/schema\/person\/204e67ffc5ecb05d81ec7dbb33ded555"},"headline":"Kurz-Schluss beim Klimaschutz","datePublished":"2021-08-26T05:47:58+00:00","mainEntityOfPage":{"@id":"https:\/\/www.pressenza.com\/de\/2021\/08\/kurz-schluss-beim-klimaschutz\/"},"wordCount":967,"publisher":{"@id":"https:\/\/www.pressenza.com\/de\/#organization"},"image":{"@id":"https:\/\/www.pressenza.com\/de\/2021\/08\/kurz-schluss-beim-klimaschutz\/#primaryimage"},"thumbnailUrl":"https:\/\/www.pressenza.com\/wp-content\/uploads\/2021\/08\/pexels-marcin-jozwiak-3652511-800x445.v1.jpg","keywords":["Energiewende","Klimanotfall","Klimaschutz","Nord Stream 2","\u00d6VP","Oxfam","Sebastian Kurz","Verkehr"],"articleSection":["\u00d6kologie und Umwelt","Politik","Wirtschaft"],"inLanguage":"de"},{"@type":"WebPage","@id":"https:\/\/www.pressenza.com\/de\/2021\/08\/kurz-schluss-beim-klimaschutz\/","url":"https:\/\/www.pressenza.com\/de\/2021\/08\/kurz-schluss-beim-klimaschutz\/","name":"Kurz-Schluss beim Klimaschutz","isPartOf":{"@id":"https:\/\/www.pressenza.com\/de\/#website"},"primaryImageOfPage":{"@id":"https:\/\/www.pressenza.com\/de\/2021\/08\/kurz-schluss-beim-klimaschutz\/#primaryimage"},"image":{"@id":"https:\/\/www.pressenza.com\/de\/2021\/08\/kurz-schluss-beim-klimaschutz\/#primaryimage"},"thumbnailUrl":"https:\/\/www.pressenza.com\/wp-content\/uploads\/2021\/08\/pexels-marcin-jozwiak-3652511-800x445.v1.jpg","datePublished":"2021-08-26T05:47:58+00:00","description":"Es war ein bizarres Zusammentreffen zweier Sichtweisen, als diesen Juli einerseits die Warnung von 14.000 Wissenschafter*innen vor einem weltweiten\u00a0","breadcrumb":{"@id":"https:\/\/www.pressenza.com\/de\/2021\/08\/kurz-schluss-beim-klimaschutz\/#breadcrumb"},"inLanguage":"de","potentialAction":[{"@type":"ReadAction","target":["https:\/\/www.pressenza.com\/de\/2021\/08\/kurz-schluss-beim-klimaschutz\/"]}]},{"@type":"ImageObject","inLanguage":"de","@id":"https:\/\/www.pressenza.com\/de\/2021\/08\/kurz-schluss-beim-klimaschutz\/#primaryimage","url":"https:\/\/www.pressenza.com\/wp-content\/uploads\/2021\/08\/pexels-marcin-jozwiak-3652511-800x445.v1.jpg","contentUrl":"https:\/\/www.pressenza.com\/wp-content\/uploads\/2021\/08\/pexels-marcin-jozwiak-3652511-800x445.v1.jpg","width":1920,"height":1068},{"@type":"BreadcrumbList","@id":"https:\/\/www.pressenza.com\/de\/2021\/08\/kurz-schluss-beim-klimaschutz\/#breadcrumb","itemListElement":[{"@type":"ListItem","position":1,"name":"Accueil","item":"https:\/\/www.pressenza.com\/de\/"},{"@type":"ListItem","position":2,"name":"Kurz-Schluss beim Klimaschutz"}]},{"@type":"WebSite","@id":"https:\/\/www.pressenza.com\/de\/#website","url":"https:\/\/www.pressenza.com\/de\/","name":"Pressenza","description":"International Press Agency","publisher":{"@id":"https:\/\/www.pressenza.com\/de\/#organization"},"potentialAction":[{"@type":"SearchAction","target":{"@type":"EntryPoint","urlTemplate":"https:\/\/www.pressenza.com\/de\/?s={search_term_string}"},"query-input":{"@type":"PropertyValueSpecification","valueRequired":true,"valueName":"search_term_string"}}],"inLanguage":"de"},{"@type":"Organization","@id":"https:\/\/www.pressenza.com\/de\/#organization","name":"Pressenza","url":"https:\/\/www.pressenza.com\/de\/","logo":{"@type":"ImageObject","inLanguage":"de","@id":"https:\/\/www.pressenza.com\/de\/#\/schema\/logo\/image\/","url":"https:\/\/www.pressenza.com\/wp-content\/uploads\/2022\/10\/pressenza_logo_200x200.jpg","contentUrl":"https:\/\/www.pressenza.com\/wp-content\/uploads\/2022\/10\/pressenza_logo_200x200.jpg","width":200,"height":200,"caption":"Pressenza"},"image":{"@id":"https:\/\/www.pressenza.com\/de\/#\/schema\/logo\/image\/"},"sameAs":["https:\/\/www.facebook.com\/PressenzaItalia","https:\/\/x.com\/PressenzaIPA"]},{"@type":"Person","@id":"https:\/\/www.pressenza.com\/de\/#\/schema\/person\/204e67ffc5ecb05d81ec7dbb33ded555","name":"Unsere Zeitung","url":"https:\/\/www.pressenza.com\/de\/author\/unsere-zeitung\/"}]}},"place":"","original_article_url":"https:\/\/www.unsere-zeitung.at\/2021\/08\/25\/kurz-schluss-beim-klimaschutz\/","_links":{"self":[{"href":"https:\/\/www.pressenza.com\/de\/wp-json\/wp\/v2\/posts\/1419286","targetHints":{"allow":["GET"]}}],"collection":[{"href":"https:\/\/www.pressenza.com\/de\/wp-json\/wp\/v2\/posts"}],"about":[{"href":"https:\/\/www.pressenza.com\/de\/wp-json\/wp\/v2\/types\/post"}],"author":[{"embeddable":true,"href":"https:\/\/www.pressenza.com\/de\/wp-json\/wp\/v2\/users\/1408"}],"replies":[{"embeddable":true,"href":"https:\/\/www.pressenza.com\/de\/wp-json\/wp\/v2\/comments?post=1419286"}],"version-history":[{"count":0,"href":"https:\/\/www.pressenza.com\/de\/wp-json\/wp\/v2\/posts\/1419286\/revisions"}],"wp:featuredmedia":[{"embeddable":true,"href":"https:\/\/www.pressenza.com\/de\/wp-json\/wp\/v2\/media\/1419287"}],"wp:attachment":[{"href":"https:\/\/www.pressenza.com\/de\/wp-json\/wp\/v2\/media?parent=1419286"}],"wp:term":[{"taxonomy":"category","embeddable":true,"href":"https:\/\/www.pressenza.com\/de\/wp-json\/wp\/v2\/categories?post=1419286"},{"taxonomy":"post_tag","embeddable":true,"href":"https:\/\/www.pressenza.com\/de\/wp-json\/wp\/v2\/tags?post=1419286"}],"curies":[{"name":"wp","href":"https:\/\/api.w.org\/{rel}","templated":true}]}}