{"id":1411976,"date":"2021-08-10T06:30:58","date_gmt":"2021-08-10T05:30:58","guid":{"rendered":"https:\/\/www.pressenza.com\/?p=1411976"},"modified":"2021-08-10T06:30:58","modified_gmt":"2021-08-10T05:30:58","slug":"alarmierender-bericht-des-weltklimarats-ipcc-klimakrise-muss-schnell-und-entschieden-eingedaemmt-werden","status":"publish","type":"post","link":"https:\/\/www.pressenza.com\/de\/2021\/08\/alarmierender-bericht-des-weltklimarats-ipcc-klimakrise-muss-schnell-und-entschieden-eingedaemmt-werden\/","title":{"rendered":"Alarmierender Bericht des Weltklimarats IPCC: Klimakrise muss schnell und entschieden einged\u00e4mmt werden"},"content":{"rendered":"<p><strong>Menschheit ist \u201ezweifelsfrei\u201c Haupttreiber der Klimakrise \/ Fingerabdruck des Klimawandels bei mehr und heftigeren Wetterextremen immer sicherer nachweisbar \/ Germanwatch sieht Parteien im Wahlkampf gefordert: Menschen verdienen konkrete Antworten auf die Erkenntnisse der Wissenschaft<\/strong><\/p>\n<p>Einen \u201edr\u00e4ngenden Appell zu schnellem und entschiedenem Handeln\u201c sieht die Umwelt- und Entwicklungsorganisation Germanwatch im heute vorgestellten ersten Teil des 6. Sachstandsberichts des Weltklimarats IPCC (AR6 WG1). \u201eDer Bericht zeigt so umfassend und klar wie nie zuvor, dass sich das Fenster zum Einhalten des 1,5-Grad-Limits schnell schlie\u00dft\u201c, kommentiert Rixa Schwarz, Leiterin des Teams Internationale Klimapolitik bei Germanwatch, den Bericht. \u201eDie Instrumente, um das 1,5 Grad-Limit noch einzuhalten, sind verf\u00fcgbar. Wenn jedoch die globalen Emissionen nicht in den n\u00e4chsten Jahren z\u00fcgig und nachhaltig sinken, werden wir das Limit rei\u00dfen. Es muss gelingen, die globalen Emissionen in den kommenden zehn Jahren nahezu um die H\u00e4lfte zu reduzieren.\u201c<\/p>\n<div class=\"clearfix text-formatted field field-node--body field-formatter-text-default field-name-body field-type-text-with-summary field-label-hidden has-single\">\n<div class=\"field__items\">\n<div class=\"field__item\">\n<p>Dies sei \u2013 nicht zuletzt vor dem Hintergrund der Flutkatastrophen in Teilen Deutschlands und der verheerenden Waldbr\u00e4nde in gro\u00dfen Teilen der Mittelmeerregion \u2013 auch ein dringender Appell an die Parteien im laufenden Wahlkampf. Christoph Bals, Politischer Gesch\u00e4ftsf\u00fchrer von Germanwatch: \u201eDie Klimawissenschaft zeigt die epochale Herausforderung, vor der wir stehen.\u00a0 Die Menschen in Deutschland haben einen ernsthaften Wahlkampf verdient, bei dem es ma\u00dfgeblich darum gehen sollte, mit welchem Gesamtkonzept und Sofortprogramm die Klimakrise in Deutschland und international bek\u00e4mpft werden soll. Das Zeitfenster der n\u00e4chsten Legislaturperiode muss genutzt werden, um entscheidende Weichen noch zum Besseren zu stellen.\u201c<\/p>\n<p><strong>\u201eEntscheidungen dieser Dekade werden die Erde f\u00fcr Jahrtausende pr\u00e4gen\u201c<\/strong><\/p>\n<p>Der IPCC-Bericht macht deutlich, dass erstens die Auswirkungen der Klimakrise bereits heute schwerwiegend und zumindest f\u00fcr viele Jahrhunderte irreversibel sind, dass zweitens nicht mehr vermeidbare Emissionen weitere Verschlimmerungen nach sich ziehen werden und drittens ohne massive und z\u00fcgige Reduktion der CO2- und Methan-Emissionen noch katastrophalere Folgen drohen. Der Aussto\u00df der Treibhausgase muss weltweit bis Mitte des Jahrhunderts auf nahezu Null reduziert und der Rest ausgeglichen werden. Danach m\u00fcssen in den meisten Szenarien der Klimawissenschaft sogar Emissionen aus der Atmosph\u00e4re entfernt werden. \u201eDie weltweiten Entscheidungen dieser Dekade werden diesen Planeten f\u00fcr Jahrtausende pr\u00e4gen\u201c, betont Bals.<\/p>\n<p>Keinen Zweifel (\u201eunequivocal\u201c) l\u00e4sst der Bericht, dass der Mensch der Hauptverursacher der Klimakrise ist. Der IPCC-Report legt zudem dar, dass es mittlerweile m\u00f6glich ist, den Einfluss des Menschen auch bei der Entstehung extremer Wetterereignisse mit gr\u00f6\u00dferer Genauigkeit und Gewissheit als je zuvor zu bestimmen. Der \u201eFingerabdruck\u201c des Klimawandels bei heftigeren und\/oder h\u00e4ufigeren Wetterextremen sei immer eindeutiger nachweisbar, etwa f\u00fcr Hitzewellen, heftige tropische Wirbelst\u00fcrme, ver\u00e4nderte Regenmuster und D\u00fcrren. Da sie immer h\u00e4ufiger als Mehrfachkatastrophen auftreten, erschweren sie in betroffenen Regionen den Wiederaufbau dramatisch.<\/p>\n<p>In der Zukunft werden Extremwetterereignisse wie Starkregen noch heftiger und noch \u00f6fter auftreten \u2013 dies stuft der IPCC als nahezu sicher ein. Auch der Anteil sehr starker tropischer Wirbelst\u00fcrme (Hurrikans der h\u00f6chsten Stufen 4 und 5) werde sich weiter vergr\u00f6\u00dfern. \u00dcberdies habe sich die Geschwindigkeit des Meeresspiegelanstiegs bereits deutlich gesteigert. \u201eDie Klimakrise ist schon jetzt f\u00fcr immer mehr Menschen und Regionen sehr gef\u00e4hrlich. Aus dem IPCC-Bericht l\u00e4sst sich folgern, welch\u2018 hohe Priorit\u00e4t ein entschiedenes Handeln f\u00fcr Klimaschutz und -anpassung f\u00fcr heutige Regierungen haben sollte\u201c, sagt Dr. Manfred Treber, Klimawissenschaftsexperte bei Germanwatch, der die Arbeit des IPCC seit \u00fcber 20 Jahren intensiv verfolgt.<\/p>\n<p><strong>IPCC-Bericht liefert nun auch mehr Informationen \u00fcber regionale Klimawandelfolgen<\/strong><\/p>\n<p>Auch f\u00fcr regionale Klimawandelfolgen bietet der Bericht mit einem neuen interaktiven Atlas-Tool eine bessere Informationsquelle. \u201eDas ist eine wichtige Entscheidungsgrundlage f\u00fcr regionale und lokale Anpassungsma\u00dfnahmen an die Klimakrise sowie den Aufbau von mehr Widerstandsf\u00e4higkeit gegen Extremwetter. Diese geh\u00f6ren \u00fcberall auf der Welt ganz oben auf die Agenda. Reiche L\u00e4nder stehen in der Verantwortung, ausreichend finanzielle und technische Unterst\u00fctzung f\u00fcr die L\u00e4nder des globalen S\u00fcdens zur Verf\u00fcgung zu stellen\u201c, so Vera K\u00fcnzel, Referentin f\u00fcr Anpassung an den Klimawandel und Menschenrechte bei Germanwatch. Die noch ausstehenden Berichte der IPCC-Arbeitsgruppen II und III werden n\u00e4chstes Jahr hierzu weiteren wissenschaftlichen Input liefern.<\/p>\n<p>Der erste Teil des neuen Sachstandsberichts des IPCC muss nicht nur bei den Koalitionsverhandlungen nach der Bundestagswahl, sondern auch bei den anstehenden internationalen Gipfeln &#8211; wie der UN-Generalversammlung im September und dem Klimagipfel in Glasgow im November &#8211; eine zentrale Basis f\u00fcr entschiedenes Handeln sein. \u201eF\u00fcr die n\u00e4chste Bundesregierung bedeutet dies, dass sie mit einem Sofortprogramm f\u00fcr schnell wirkende und sozial gerechte Klimaschutzma\u00dfnahmen und mit einem Klimaanpassungsgesetz sowie steigender internationaler Klimafinanzierung in die Legislaturperiode starten muss. Die W\u00e4hlerinnen und W\u00e4hler verlangen jetzt zu Recht ein umfassendes und schl\u00fcssiges Klimaschutzkonzept\u201c, schlussfolgert Rixa Schwarz.<\/p>\n<\/div>\n<\/div>\n<\/div>\n","protected":false},"excerpt":{"rendered":"<p>Menschheit ist \u201ezweifelsfrei\u201c Haupttreiber der Klimakrise \/ Fingerabdruck des Klimawandels bei mehr und heftigeren Wetterextremen immer sicherer nachweisbar \/ Germanwatch sieht Parteien im Wahlkampf gefordert: Menschen verdienen konkrete Antworten auf die Erkenntnisse der Wissenschaft Einen \u201edr\u00e4ngenden Appell zu schnellem und&hellip;<\/p>\n","protected":false},"author":1096,"featured_media":1411977,"comment_status":"closed","ping_status":"closed","sticky":false,"template":"","format":"standard","meta":{"footnotes":""},"categories":[9157,9168,9145],"tags":[74150,55635,30246,12395],"class_list":["post-1411976","post","type-post","status-publish","format-standard","has-post-thumbnail","hentry","category-oekologie-und-umwelt","category-politik","category-pressemitteilungen","tag-co2-de","tag-ipcc-de","tag-klimaschutz","tag-klimawandel"],"yoast_head":"<!-- This site is optimized with the Yoast SEO plugin v27.1.1 - https:\/\/yoast.com\/product\/yoast-seo-wordpress\/ -->\n<title>Alarmierender Bericht des Weltklimarats IPCC: Klimakrise muss schnell und entschieden einged\u00e4mmt werden<\/title>\n<meta name=\"description\" content=\"Menschheit ist \u201ezweifelsfrei\u201c Haupttreiber der Klimakrise \/ Fingerabdruck des Klimawandels bei mehr und heftigeren Wetterextremen immer sicherer\" \/>\n<meta name=\"robots\" content=\"index, follow, max-snippet:-1, max-image-preview:large, max-video-preview:-1\" \/>\n<link rel=\"canonical\" href=\"https:\/\/www.pressenza.com\/de\/2021\/08\/alarmierender-bericht-des-weltklimarats-ipcc-klimakrise-muss-schnell-und-entschieden-eingedaemmt-werden\/\" \/>\n<meta property=\"og:locale\" content=\"de_DE\" \/>\n<meta property=\"og:type\" content=\"article\" \/>\n<meta property=\"og:title\" content=\"Alarmierender Bericht des Weltklimarats IPCC: Klimakrise muss schnell und entschieden einged\u00e4mmt werden\" \/>\n<meta property=\"og:description\" content=\"Menschheit ist \u201ezweifelsfrei\u201c Haupttreiber der Klimakrise \/ Fingerabdruck des Klimawandels bei mehr und heftigeren Wetterextremen immer sicherer\" \/>\n<meta property=\"og:url\" content=\"https:\/\/www.pressenza.com\/de\/2021\/08\/alarmierender-bericht-des-weltklimarats-ipcc-klimakrise-muss-schnell-und-entschieden-eingedaemmt-werden\/\" \/>\n<meta property=\"og:site_name\" content=\"Pressenza\" \/>\n<meta property=\"article:publisher\" content=\"https:\/\/www.facebook.com\/PressenzaItalia\" \/>\n<meta property=\"article:published_time\" content=\"2021-08-10T05:30:58+00:00\" \/>\n<meta property=\"og:image\" content=\"https:\/\/www.pressenza.com\/wp-content\/uploads\/2021\/08\/MANZ_School_strike_for_climate_in_Vienna_Austria_-_March_15_2019_-_12_KW39-700x467.v1.jpg\" \/>\n\t<meta property=\"og:image:width\" content=\"1920\" \/>\n\t<meta property=\"og:image:height\" content=\"1281\" \/>\n\t<meta property=\"og:image:type\" content=\"image\/jpeg\" \/>\n<meta name=\"author\" content=\"Pressenza Wien\" \/>\n<meta name=\"twitter:card\" content=\"summary_large_image\" \/>\n<meta name=\"twitter:creator\" content=\"@pressenza_ger\" \/>\n<meta name=\"twitter:site\" content=\"@PressenzaIPA\" \/>\n<meta name=\"twitter:label1\" content=\"Verfasst von\" \/>\n\t<meta name=\"twitter:data1\" content=\"Pressenza Wien\" \/>\n\t<meta name=\"twitter:label2\" content=\"Gesch\u00e4tzte Lesezeit\" \/>\n\t<meta name=\"twitter:data2\" content=\"4\u00a0Minuten\" \/>\n<script type=\"application\/ld+json\" class=\"yoast-schema-graph\">{\"@context\":\"https:\/\/schema.org\",\"@graph\":[{\"@type\":\"Article\",\"@id\":\"https:\/\/www.pressenza.com\/de\/2021\/08\/alarmierender-bericht-des-weltklimarats-ipcc-klimakrise-muss-schnell-und-entschieden-eingedaemmt-werden\/#article\",\"isPartOf\":{\"@id\":\"https:\/\/www.pressenza.com\/de\/2021\/08\/alarmierender-bericht-des-weltklimarats-ipcc-klimakrise-muss-schnell-und-entschieden-eingedaemmt-werden\/\"},\"author\":{\"name\":\"Pressenza Wien\",\"@id\":\"https:\/\/www.pressenza.com\/de\/#\/schema\/person\/3df859e5bf9b19ab936f666e0177e38b\"},\"headline\":\"Alarmierender Bericht des Weltklimarats IPCC: Klimakrise muss schnell und entschieden einged\u00e4mmt werden\",\"datePublished\":\"2021-08-10T05:30:58+00:00\",\"mainEntityOfPage\":{\"@id\":\"https:\/\/www.pressenza.com\/de\/2021\/08\/alarmierender-bericht-des-weltklimarats-ipcc-klimakrise-muss-schnell-und-entschieden-eingedaemmt-werden\/\"},\"wordCount\":787,\"publisher\":{\"@id\":\"https:\/\/www.pressenza.com\/de\/#organization\"},\"image\":{\"@id\":\"https:\/\/www.pressenza.com\/de\/2021\/08\/alarmierender-bericht-des-weltklimarats-ipcc-klimakrise-muss-schnell-und-entschieden-eingedaemmt-werden\/#primaryimage\"},\"thumbnailUrl\":\"https:\/\/www.pressenza.com\/wp-content\/uploads\/2021\/08\/MANZ_School_strike_for_climate_in_Vienna_Austria_-_March_15_2019_-_12_KW39-700x467.v1.jpg\",\"keywords\":[\"CO2\",\"IPCC\",\"Klimaschutz\",\"Klimawandel\"],\"articleSection\":[\"\u00d6kologie und Umwelt\",\"Politik\",\"Pressemitteilungen\"],\"inLanguage\":\"de\"},{\"@type\":\"WebPage\",\"@id\":\"https:\/\/www.pressenza.com\/de\/2021\/08\/alarmierender-bericht-des-weltklimarats-ipcc-klimakrise-muss-schnell-und-entschieden-eingedaemmt-werden\/\",\"url\":\"https:\/\/www.pressenza.com\/de\/2021\/08\/alarmierender-bericht-des-weltklimarats-ipcc-klimakrise-muss-schnell-und-entschieden-eingedaemmt-werden\/\",\"name\":\"Alarmierender Bericht des Weltklimarats IPCC: Klimakrise muss schnell und entschieden einged\u00e4mmt werden\",\"isPartOf\":{\"@id\":\"https:\/\/www.pressenza.com\/de\/#website\"},\"primaryImageOfPage\":{\"@id\":\"https:\/\/www.pressenza.com\/de\/2021\/08\/alarmierender-bericht-des-weltklimarats-ipcc-klimakrise-muss-schnell-und-entschieden-eingedaemmt-werden\/#primaryimage\"},\"image\":{\"@id\":\"https:\/\/www.pressenza.com\/de\/2021\/08\/alarmierender-bericht-des-weltklimarats-ipcc-klimakrise-muss-schnell-und-entschieden-eingedaemmt-werden\/#primaryimage\"},\"thumbnailUrl\":\"https:\/\/www.pressenza.com\/wp-content\/uploads\/2021\/08\/MANZ_School_strike_for_climate_in_Vienna_Austria_-_March_15_2019_-_12_KW39-700x467.v1.jpg\",\"datePublished\":\"2021-08-10T05:30:58+00:00\",\"description\":\"Menschheit ist \u201ezweifelsfrei\u201c Haupttreiber der Klimakrise \/ Fingerabdruck des Klimawandels bei mehr und heftigeren Wetterextremen immer sicherer\",\"breadcrumb\":{\"@id\":\"https:\/\/www.pressenza.com\/de\/2021\/08\/alarmierender-bericht-des-weltklimarats-ipcc-klimakrise-muss-schnell-und-entschieden-eingedaemmt-werden\/#breadcrumb\"},\"inLanguage\":\"de\",\"potentialAction\":[{\"@type\":\"ReadAction\",\"target\":[\"https:\/\/www.pressenza.com\/de\/2021\/08\/alarmierender-bericht-des-weltklimarats-ipcc-klimakrise-muss-schnell-und-entschieden-eingedaemmt-werden\/\"]}]},{\"@type\":\"ImageObject\",\"inLanguage\":\"de\",\"@id\":\"https:\/\/www.pressenza.com\/de\/2021\/08\/alarmierender-bericht-des-weltklimarats-ipcc-klimakrise-muss-schnell-und-entschieden-eingedaemmt-werden\/#primaryimage\",\"url\":\"https:\/\/www.pressenza.com\/wp-content\/uploads\/2021\/08\/MANZ_School_strike_for_climate_in_Vienna_Austria_-_March_15_2019_-_12_KW39-700x467.v1.jpg\",\"contentUrl\":\"https:\/\/www.pressenza.com\/wp-content\/uploads\/2021\/08\/MANZ_School_strike_for_climate_in_Vienna_Austria_-_March_15_2019_-_12_KW39-700x467.v1.jpg\",\"width\":1920,\"height\":1281},{\"@type\":\"BreadcrumbList\",\"@id\":\"https:\/\/www.pressenza.com\/de\/2021\/08\/alarmierender-bericht-des-weltklimarats-ipcc-klimakrise-muss-schnell-und-entschieden-eingedaemmt-werden\/#breadcrumb\",\"itemListElement\":[{\"@type\":\"ListItem\",\"position\":1,\"name\":\"Accueil\",\"item\":\"https:\/\/www.pressenza.com\/de\/\"},{\"@type\":\"ListItem\",\"position\":2,\"name\":\"Alarmierender Bericht des Weltklimarats IPCC: Klimakrise muss schnell und entschieden einged\u00e4mmt werden\"}]},{\"@type\":\"WebSite\",\"@id\":\"https:\/\/www.pressenza.com\/de\/#website\",\"url\":\"https:\/\/www.pressenza.com\/de\/\",\"name\":\"Pressenza\",\"description\":\"International Press Agency\",\"publisher\":{\"@id\":\"https:\/\/www.pressenza.com\/de\/#organization\"},\"potentialAction\":[{\"@type\":\"SearchAction\",\"target\":{\"@type\":\"EntryPoint\",\"urlTemplate\":\"https:\/\/www.pressenza.com\/de\/?s={search_term_string}\"},\"query-input\":{\"@type\":\"PropertyValueSpecification\",\"valueRequired\":true,\"valueName\":\"search_term_string\"}}],\"inLanguage\":\"de\"},{\"@type\":\"Organization\",\"@id\":\"https:\/\/www.pressenza.com\/de\/#organization\",\"name\":\"Pressenza\",\"url\":\"https:\/\/www.pressenza.com\/de\/\",\"logo\":{\"@type\":\"ImageObject\",\"inLanguage\":\"de\",\"@id\":\"https:\/\/www.pressenza.com\/de\/#\/schema\/logo\/image\/\",\"url\":\"https:\/\/www.pressenza.com\/wp-content\/uploads\/2022\/10\/pressenza_logo_200x200.jpg\",\"contentUrl\":\"https:\/\/www.pressenza.com\/wp-content\/uploads\/2022\/10\/pressenza_logo_200x200.jpg\",\"width\":200,\"height\":200,\"caption\":\"Pressenza\"},\"image\":{\"@id\":\"https:\/\/www.pressenza.com\/de\/#\/schema\/logo\/image\/\"},\"sameAs\":[\"https:\/\/www.facebook.com\/PressenzaItalia\",\"https:\/\/x.com\/PressenzaIPA\"]},{\"@type\":\"Person\",\"@id\":\"https:\/\/www.pressenza.com\/de\/#\/schema\/person\/3df859e5bf9b19ab936f666e0177e38b\",\"name\":\"Pressenza Wien\",\"description\":\"News from the Pressenza Bureau in Vienna, Austria\",\"sameAs\":[\"https:\/\/x.com\/pressenza_ger\"],\"url\":\"https:\/\/www.pressenza.com\/de\/author\/pressenza-wien\/\"}]}<\/script>\n<!-- \/ Yoast SEO plugin. -->","yoast_head_json":{"title":"Alarmierender Bericht des Weltklimarats IPCC: Klimakrise muss schnell und entschieden einged\u00e4mmt werden","description":"Menschheit ist \u201ezweifelsfrei\u201c Haupttreiber der Klimakrise \/ Fingerabdruck des Klimawandels bei mehr und heftigeren Wetterextremen immer sicherer","robots":{"index":"index","follow":"follow","max-snippet":"max-snippet:-1","max-image-preview":"max-image-preview:large","max-video-preview":"max-video-preview:-1"},"canonical":"https:\/\/www.pressenza.com\/de\/2021\/08\/alarmierender-bericht-des-weltklimarats-ipcc-klimakrise-muss-schnell-und-entschieden-eingedaemmt-werden\/","og_locale":"de_DE","og_type":"article","og_title":"Alarmierender Bericht des Weltklimarats IPCC: Klimakrise muss schnell und entschieden einged\u00e4mmt werden","og_description":"Menschheit ist \u201ezweifelsfrei\u201c Haupttreiber der Klimakrise \/ Fingerabdruck des Klimawandels bei mehr und heftigeren Wetterextremen immer sicherer","og_url":"https:\/\/www.pressenza.com\/de\/2021\/08\/alarmierender-bericht-des-weltklimarats-ipcc-klimakrise-muss-schnell-und-entschieden-eingedaemmt-werden\/","og_site_name":"Pressenza","article_publisher":"https:\/\/www.facebook.com\/PressenzaItalia","article_published_time":"2021-08-10T05:30:58+00:00","og_image":[{"width":1920,"height":1281,"url":"https:\/\/www.pressenza.com\/wp-content\/uploads\/2021\/08\/MANZ_School_strike_for_climate_in_Vienna_Austria_-_March_15_2019_-_12_KW39-700x467.v1.jpg","type":"image\/jpeg"}],"author":"Pressenza Wien","twitter_card":"summary_large_image","twitter_creator":"@pressenza_ger","twitter_site":"@PressenzaIPA","twitter_misc":{"Verfasst von":"Pressenza Wien","Gesch\u00e4tzte Lesezeit":"4\u00a0Minuten"},"schema":{"@context":"https:\/\/schema.org","@graph":[{"@type":"Article","@id":"https:\/\/www.pressenza.com\/de\/2021\/08\/alarmierender-bericht-des-weltklimarats-ipcc-klimakrise-muss-schnell-und-entschieden-eingedaemmt-werden\/#article","isPartOf":{"@id":"https:\/\/www.pressenza.com\/de\/2021\/08\/alarmierender-bericht-des-weltklimarats-ipcc-klimakrise-muss-schnell-und-entschieden-eingedaemmt-werden\/"},"author":{"name":"Pressenza Wien","@id":"https:\/\/www.pressenza.com\/de\/#\/schema\/person\/3df859e5bf9b19ab936f666e0177e38b"},"headline":"Alarmierender Bericht des Weltklimarats IPCC: Klimakrise muss schnell und entschieden einged\u00e4mmt werden","datePublished":"2021-08-10T05:30:58+00:00","mainEntityOfPage":{"@id":"https:\/\/www.pressenza.com\/de\/2021\/08\/alarmierender-bericht-des-weltklimarats-ipcc-klimakrise-muss-schnell-und-entschieden-eingedaemmt-werden\/"},"wordCount":787,"publisher":{"@id":"https:\/\/www.pressenza.com\/de\/#organization"},"image":{"@id":"https:\/\/www.pressenza.com\/de\/2021\/08\/alarmierender-bericht-des-weltklimarats-ipcc-klimakrise-muss-schnell-und-entschieden-eingedaemmt-werden\/#primaryimage"},"thumbnailUrl":"https:\/\/www.pressenza.com\/wp-content\/uploads\/2021\/08\/MANZ_School_strike_for_climate_in_Vienna_Austria_-_March_15_2019_-_12_KW39-700x467.v1.jpg","keywords":["CO2","IPCC","Klimaschutz","Klimawandel"],"articleSection":["\u00d6kologie und Umwelt","Politik","Pressemitteilungen"],"inLanguage":"de"},{"@type":"WebPage","@id":"https:\/\/www.pressenza.com\/de\/2021\/08\/alarmierender-bericht-des-weltklimarats-ipcc-klimakrise-muss-schnell-und-entschieden-eingedaemmt-werden\/","url":"https:\/\/www.pressenza.com\/de\/2021\/08\/alarmierender-bericht-des-weltklimarats-ipcc-klimakrise-muss-schnell-und-entschieden-eingedaemmt-werden\/","name":"Alarmierender Bericht des Weltklimarats IPCC: Klimakrise muss schnell und entschieden einged\u00e4mmt werden","isPartOf":{"@id":"https:\/\/www.pressenza.com\/de\/#website"},"primaryImageOfPage":{"@id":"https:\/\/www.pressenza.com\/de\/2021\/08\/alarmierender-bericht-des-weltklimarats-ipcc-klimakrise-muss-schnell-und-entschieden-eingedaemmt-werden\/#primaryimage"},"image":{"@id":"https:\/\/www.pressenza.com\/de\/2021\/08\/alarmierender-bericht-des-weltklimarats-ipcc-klimakrise-muss-schnell-und-entschieden-eingedaemmt-werden\/#primaryimage"},"thumbnailUrl":"https:\/\/www.pressenza.com\/wp-content\/uploads\/2021\/08\/MANZ_School_strike_for_climate_in_Vienna_Austria_-_March_15_2019_-_12_KW39-700x467.v1.jpg","datePublished":"2021-08-10T05:30:58+00:00","description":"Menschheit ist \u201ezweifelsfrei\u201c Haupttreiber der Klimakrise \/ Fingerabdruck des Klimawandels bei mehr und heftigeren Wetterextremen immer sicherer","breadcrumb":{"@id":"https:\/\/www.pressenza.com\/de\/2021\/08\/alarmierender-bericht-des-weltklimarats-ipcc-klimakrise-muss-schnell-und-entschieden-eingedaemmt-werden\/#breadcrumb"},"inLanguage":"de","potentialAction":[{"@type":"ReadAction","target":["https:\/\/www.pressenza.com\/de\/2021\/08\/alarmierender-bericht-des-weltklimarats-ipcc-klimakrise-muss-schnell-und-entschieden-eingedaemmt-werden\/"]}]},{"@type":"ImageObject","inLanguage":"de","@id":"https:\/\/www.pressenza.com\/de\/2021\/08\/alarmierender-bericht-des-weltklimarats-ipcc-klimakrise-muss-schnell-und-entschieden-eingedaemmt-werden\/#primaryimage","url":"https:\/\/www.pressenza.com\/wp-content\/uploads\/2021\/08\/MANZ_School_strike_for_climate_in_Vienna_Austria_-_March_15_2019_-_12_KW39-700x467.v1.jpg","contentUrl":"https:\/\/www.pressenza.com\/wp-content\/uploads\/2021\/08\/MANZ_School_strike_for_climate_in_Vienna_Austria_-_March_15_2019_-_12_KW39-700x467.v1.jpg","width":1920,"height":1281},{"@type":"BreadcrumbList","@id":"https:\/\/www.pressenza.com\/de\/2021\/08\/alarmierender-bericht-des-weltklimarats-ipcc-klimakrise-muss-schnell-und-entschieden-eingedaemmt-werden\/#breadcrumb","itemListElement":[{"@type":"ListItem","position":1,"name":"Accueil","item":"https:\/\/www.pressenza.com\/de\/"},{"@type":"ListItem","position":2,"name":"Alarmierender Bericht des Weltklimarats IPCC: Klimakrise muss schnell und entschieden einged\u00e4mmt werden"}]},{"@type":"WebSite","@id":"https:\/\/www.pressenza.com\/de\/#website","url":"https:\/\/www.pressenza.com\/de\/","name":"Pressenza","description":"International Press Agency","publisher":{"@id":"https:\/\/www.pressenza.com\/de\/#organization"},"potentialAction":[{"@type":"SearchAction","target":{"@type":"EntryPoint","urlTemplate":"https:\/\/www.pressenza.com\/de\/?s={search_term_string}"},"query-input":{"@type":"PropertyValueSpecification","valueRequired":true,"valueName":"search_term_string"}}],"inLanguage":"de"},{"@type":"Organization","@id":"https:\/\/www.pressenza.com\/de\/#organization","name":"Pressenza","url":"https:\/\/www.pressenza.com\/de\/","logo":{"@type":"ImageObject","inLanguage":"de","@id":"https:\/\/www.pressenza.com\/de\/#\/schema\/logo\/image\/","url":"https:\/\/www.pressenza.com\/wp-content\/uploads\/2022\/10\/pressenza_logo_200x200.jpg","contentUrl":"https:\/\/www.pressenza.com\/wp-content\/uploads\/2022\/10\/pressenza_logo_200x200.jpg","width":200,"height":200,"caption":"Pressenza"},"image":{"@id":"https:\/\/www.pressenza.com\/de\/#\/schema\/logo\/image\/"},"sameAs":["https:\/\/www.facebook.com\/PressenzaItalia","https:\/\/x.com\/PressenzaIPA"]},{"@type":"Person","@id":"https:\/\/www.pressenza.com\/de\/#\/schema\/person\/3df859e5bf9b19ab936f666e0177e38b","name":"Pressenza Wien","description":"News from the Pressenza Bureau in Vienna, Austria","sameAs":["https:\/\/x.com\/pressenza_ger"],"url":"https:\/\/www.pressenza.com\/de\/author\/pressenza-wien\/"}]}},"place":"","original_article_url":"https:\/\/www.germanwatch.org\/de\/20564","_links":{"self":[{"href":"https:\/\/www.pressenza.com\/de\/wp-json\/wp\/v2\/posts\/1411976","targetHints":{"allow":["GET"]}}],"collection":[{"href":"https:\/\/www.pressenza.com\/de\/wp-json\/wp\/v2\/posts"}],"about":[{"href":"https:\/\/www.pressenza.com\/de\/wp-json\/wp\/v2\/types\/post"}],"author":[{"embeddable":true,"href":"https:\/\/www.pressenza.com\/de\/wp-json\/wp\/v2\/users\/1096"}],"replies":[{"embeddable":true,"href":"https:\/\/www.pressenza.com\/de\/wp-json\/wp\/v2\/comments?post=1411976"}],"version-history":[{"count":0,"href":"https:\/\/www.pressenza.com\/de\/wp-json\/wp\/v2\/posts\/1411976\/revisions"}],"wp:featuredmedia":[{"embeddable":true,"href":"https:\/\/www.pressenza.com\/de\/wp-json\/wp\/v2\/media\/1411977"}],"wp:attachment":[{"href":"https:\/\/www.pressenza.com\/de\/wp-json\/wp\/v2\/media?parent=1411976"}],"wp:term":[{"taxonomy":"category","embeddable":true,"href":"https:\/\/www.pressenza.com\/de\/wp-json\/wp\/v2\/categories?post=1411976"},{"taxonomy":"post_tag","embeddable":true,"href":"https:\/\/www.pressenza.com\/de\/wp-json\/wp\/v2\/tags?post=1411976"}],"curies":[{"name":"wp","href":"https:\/\/api.w.org\/{rel}","templated":true}]}}