{"id":1409452,"date":"2021-08-05T08:27:55","date_gmt":"2021-08-05T07:27:55","guid":{"rendered":"https:\/\/www.pressenza.com\/?p=1409452"},"modified":"2021-08-05T08:27:55","modified_gmt":"2021-08-05T07:27:55","slug":"die-leute-sind-empoert-landesweite-streiks-gegen-korruption","status":"publish","type":"post","link":"https:\/\/www.pressenza.com\/de\/2021\/08\/die-leute-sind-empoert-landesweite-streiks-gegen-korruption\/","title":{"rendered":"\u201eDie Leute sind emp\u00f6rt\u201c \u2013 landesweite Streiks gegen Korruption"},"content":{"rendered":"<p>Am 29. Juli wurden im Zuge eines landesweiten Generalstreiks zentrale Stra\u00dfen in Guatemala f\u00fcr mehrere Stunden blockiert. Tausende Menschen kamen dem Aufruf insbesondere indigener Organisationen nach und demonstrierten auf den Stra\u00dfen der Hauptstadt Guatemala-Stadt und in zahlreichen l\u00e4ndlichen Regionen. Sie prangern nicht nur die Korruption der Regierung, sondern auch eine Versch\u00e4rfung der wirtschaftlichen Situation und Missmanagement in der Coronakrise an.<\/p>\n<p>So fordern die Protestierenden insbesondere den R\u00fccktritt des rechtskonservativen Pr\u00e4sidenten Alejandro Giammattei, dem neben anderen Staatsbediensteten Korruption vorgeworfen wird. Vergangene Woche war der Leiter der Staatsanwaltschaft gegen Straffreiheit und damit Chef der Anti-Korruptionsermittlungen, Juan Francisco Sandoval, von der Generalstaatsanw\u00e4ltin <a href=\"https:\/\/amerika21.de\/2021\/07\/253006\/proteste-blockaden-guatemala\">seines Amtes enthoben worden<\/a>. Seine Entlassung befeuerte die landesweite Emp\u00f6rung \u00fcber Korruption erneut.<\/p>\n<p><strong>Indigene F\u00fchrungen riefen gemeinsam zum Streik auf<\/strong><\/p>\n<p>Die Demonstrationen seien \u201edas dritte Kapitel in unserer Geschichte des Kampfes gegen Korruption, der bereits im Jahr 2015 begann\u201c, so Lucrecia Hern\u00e1ndez Mack, guatemaltekische \u00c4rztin und Kongressabgeordnete der Mitte-Links-Partei Movimiento Semilla. Hern\u00e1ndez Mack ist die erste Frau, die dem Gesundheitsministerium des Landes vorsteht. \u201eDie Menschen hier in Guatemala sind einfach emp\u00f6rt\u201c, erkl\u00e4rt sie.<\/p>\n<p>Andrea Ixch\u00edu, Autorit\u00e4t der Maya Quich\u00e9, Journalistin und Menschenrechtsverteidigerin aus Totonicap\u00e1n, erg\u00e4nzt, die indigenen Gemeinschaften des ganzen Landes und ihre F\u00fchrungen h\u00e4tten sich zusammengetan und gemeinsam zu den Massenprotesten aufgerufen. \u201eWir sind es m\u00fcde, dass die guatemaltekische Regierung mitten in der Pandemie das Geld f\u00fcr die Impfungen raubt und es in die Militarisierung des Landes steckt\u201c, so Ixch\u00edu.<\/p>\n","protected":false},"excerpt":{"rendered":"<p>Am 29. Juli wurden im Zuge eines landesweiten Generalstreiks zentrale Stra\u00dfen in Guatemala f\u00fcr mehrere Stunden blockiert. Tausende Menschen kamen dem Aufruf insbesondere indigener Organisationen nach und demonstrierten auf den Stra\u00dfen der Hauptstadt Guatemala-Stadt und in zahlreichen l\u00e4ndlichen Regionen. Sie&hellip;<\/p>\n","protected":false},"author":1868,"featured_media":1409453,"comment_status":"closed","ping_status":"closed","sticky":false,"template":"","format":"standard","meta":{"footnotes":""},"categories":[9163,9161,9168],"tags":[87657,11052,17836,14615],"class_list":["post-1409452","post","type-post","status-publish","format-standard","has-post-thumbnail","hentry","category-indigene-voelker","category-menschenrechte","category-politik","tag-guatemala-de","tag-indigene-voelker-2","tag-korruption","tag-streik"],"yoast_head":"<!-- This site is optimized with the Yoast SEO plugin v27.1.1 - https:\/\/yoast.com\/product\/yoast-seo-wordpress\/ -->\n<title>\u201eDie Leute sind emp\u00f6rt\u201c \u2013 landesweite Streiks gegen Korruption<\/title>\n<meta name=\"description\" content=\"Am 29. Juli wurden im Zuge eines landesweiten Generalstreiks zentrale Stra\u00dfen in Guatemala f\u00fcr mehrere Stunden blockiert. Tausende Menschen kamen dem\" \/>\n<meta name=\"robots\" content=\"index, follow, max-snippet:-1, max-image-preview:large, max-video-preview:-1\" \/>\n<link rel=\"canonical\" href=\"https:\/\/www.pressenza.com\/de\/2021\/08\/die-leute-sind-empoert-landesweite-streiks-gegen-korruption\/\" \/>\n<meta property=\"og:locale\" content=\"de_DE\" \/>\n<meta property=\"og:type\" content=\"article\" \/>\n<meta property=\"og:title\" content=\"\u201eDie Leute sind emp\u00f6rt\u201c \u2013 landesweite Streiks gegen Korruption\" \/>\n<meta property=\"og:description\" content=\"Am 29. Juli wurden im Zuge eines landesweiten Generalstreiks zentrale Stra\u00dfen in Guatemala f\u00fcr mehrere Stunden blockiert. Tausende Menschen kamen dem\" \/>\n<meta property=\"og:url\" content=\"https:\/\/www.pressenza.com\/de\/2021\/08\/die-leute-sind-empoert-landesweite-streiks-gegen-korruption\/\" \/>\n<meta property=\"og:site_name\" content=\"Pressenza\" \/>\n<meta property=\"article:publisher\" content=\"https:\/\/www.facebook.com\/PressenzaItalia\" \/>\n<meta property=\"article:published_time\" content=\"2021-08-05T07:27:55+00:00\" \/>\n<meta property=\"og:image\" content=\"https:\/\/www.pressenza.com\/wp-content\/uploads\/2021\/08\/F8B31F7F-ACBD-42EC-8B65-50093BA43CD2.jpeg\" \/>\n\t<meta property=\"og:image:width\" content=\"1920\" \/>\n\t<meta property=\"og:image:height\" content=\"1080\" \/>\n\t<meta property=\"og:image:type\" content=\"image\/jpeg\" \/>\n<meta name=\"author\" content=\"poonal - Pressedienst lateinamerikanischer Nachrichtenagenturen\" \/>\n<meta name=\"twitter:card\" content=\"summary_large_image\" \/>\n<meta name=\"twitter:creator\" content=\"@PressenzaIPA\" \/>\n<meta name=\"twitter:site\" content=\"@PressenzaIPA\" \/>\n<meta name=\"twitter:label1\" content=\"Verfasst von\" \/>\n\t<meta name=\"twitter:data1\" content=\"poonal - Pressedienst lateinamerikanischer Nachrichtenagenturen\" \/>\n\t<meta name=\"twitter:label2\" content=\"Gesch\u00e4tzte Lesezeit\" \/>\n\t<meta name=\"twitter:data2\" content=\"1\u00a0Minute\" \/>\n<script type=\"application\/ld+json\" class=\"yoast-schema-graph\">{\"@context\":\"https:\/\/schema.org\",\"@graph\":[{\"@type\":\"Article\",\"@id\":\"https:\/\/www.pressenza.com\/de\/2021\/08\/die-leute-sind-empoert-landesweite-streiks-gegen-korruption\/#article\",\"isPartOf\":{\"@id\":\"https:\/\/www.pressenza.com\/de\/2021\/08\/die-leute-sind-empoert-landesweite-streiks-gegen-korruption\/\"},\"author\":{\"name\":\"poonal - Pressedienst lateinamerikanischer Nachrichtenagenturen\",\"@id\":\"https:\/\/www.pressenza.com\/de\/#\/schema\/person\/132489b8f8952f27e7e24996c103e09e\"},\"headline\":\"\u201eDie Leute sind emp\u00f6rt\u201c \u2013 landesweite Streiks gegen Korruption\",\"datePublished\":\"2021-08-05T07:27:55+00:00\",\"mainEntityOfPage\":{\"@id\":\"https:\/\/www.pressenza.com\/de\/2021\/08\/die-leute-sind-empoert-landesweite-streiks-gegen-korruption\/\"},\"wordCount\":260,\"publisher\":{\"@id\":\"https:\/\/www.pressenza.com\/de\/#organization\"},\"image\":{\"@id\":\"https:\/\/www.pressenza.com\/de\/2021\/08\/die-leute-sind-empoert-landesweite-streiks-gegen-korruption\/#primaryimage\"},\"thumbnailUrl\":\"https:\/\/www.pressenza.com\/wp-content\/uploads\/2021\/08\/F8B31F7F-ACBD-42EC-8B65-50093BA43CD2.jpeg\",\"keywords\":[\"Guatemala\",\"indigene V\u00f6lker\",\"Korruption\",\"Streik\"],\"articleSection\":[\"Indigene V\u00f6lker\",\"Menschenrechte\",\"Politik\"],\"inLanguage\":\"de\"},{\"@type\":\"WebPage\",\"@id\":\"https:\/\/www.pressenza.com\/de\/2021\/08\/die-leute-sind-empoert-landesweite-streiks-gegen-korruption\/\",\"url\":\"https:\/\/www.pressenza.com\/de\/2021\/08\/die-leute-sind-empoert-landesweite-streiks-gegen-korruption\/\",\"name\":\"\u201eDie Leute sind emp\u00f6rt\u201c \u2013 landesweite Streiks gegen Korruption\",\"isPartOf\":{\"@id\":\"https:\/\/www.pressenza.com\/de\/#website\"},\"primaryImageOfPage\":{\"@id\":\"https:\/\/www.pressenza.com\/de\/2021\/08\/die-leute-sind-empoert-landesweite-streiks-gegen-korruption\/#primaryimage\"},\"image\":{\"@id\":\"https:\/\/www.pressenza.com\/de\/2021\/08\/die-leute-sind-empoert-landesweite-streiks-gegen-korruption\/#primaryimage\"},\"thumbnailUrl\":\"https:\/\/www.pressenza.com\/wp-content\/uploads\/2021\/08\/F8B31F7F-ACBD-42EC-8B65-50093BA43CD2.jpeg\",\"datePublished\":\"2021-08-05T07:27:55+00:00\",\"description\":\"Am 29. Juli wurden im Zuge eines landesweiten Generalstreiks zentrale Stra\u00dfen in Guatemala f\u00fcr mehrere Stunden blockiert. Tausende Menschen kamen dem\",\"breadcrumb\":{\"@id\":\"https:\/\/www.pressenza.com\/de\/2021\/08\/die-leute-sind-empoert-landesweite-streiks-gegen-korruption\/#breadcrumb\"},\"inLanguage\":\"de\",\"potentialAction\":[{\"@type\":\"ReadAction\",\"target\":[\"https:\/\/www.pressenza.com\/de\/2021\/08\/die-leute-sind-empoert-landesweite-streiks-gegen-korruption\/\"]}]},{\"@type\":\"ImageObject\",\"inLanguage\":\"de\",\"@id\":\"https:\/\/www.pressenza.com\/de\/2021\/08\/die-leute-sind-empoert-landesweite-streiks-gegen-korruption\/#primaryimage\",\"url\":\"https:\/\/www.pressenza.com\/wp-content\/uploads\/2021\/08\/F8B31F7F-ACBD-42EC-8B65-50093BA43CD2.jpeg\",\"contentUrl\":\"https:\/\/www.pressenza.com\/wp-content\/uploads\/2021\/08\/F8B31F7F-ACBD-42EC-8B65-50093BA43CD2.jpeg\",\"width\":1920,\"height\":1080},{\"@type\":\"BreadcrumbList\",\"@id\":\"https:\/\/www.pressenza.com\/de\/2021\/08\/die-leute-sind-empoert-landesweite-streiks-gegen-korruption\/#breadcrumb\",\"itemListElement\":[{\"@type\":\"ListItem\",\"position\":1,\"name\":\"Accueil\",\"item\":\"https:\/\/www.pressenza.com\/de\/\"},{\"@type\":\"ListItem\",\"position\":2,\"name\":\"\u201eDie Leute sind emp\u00f6rt\u201c \u2013 landesweite Streiks gegen Korruption\"}]},{\"@type\":\"WebSite\",\"@id\":\"https:\/\/www.pressenza.com\/de\/#website\",\"url\":\"https:\/\/www.pressenza.com\/de\/\",\"name\":\"Pressenza\",\"description\":\"International Press Agency\",\"publisher\":{\"@id\":\"https:\/\/www.pressenza.com\/de\/#organization\"},\"potentialAction\":[{\"@type\":\"SearchAction\",\"target\":{\"@type\":\"EntryPoint\",\"urlTemplate\":\"https:\/\/www.pressenza.com\/de\/?s={search_term_string}\"},\"query-input\":{\"@type\":\"PropertyValueSpecification\",\"valueRequired\":true,\"valueName\":\"search_term_string\"}}],\"inLanguage\":\"de\"},{\"@type\":\"Organization\",\"@id\":\"https:\/\/www.pressenza.com\/de\/#organization\",\"name\":\"Pressenza\",\"url\":\"https:\/\/www.pressenza.com\/de\/\",\"logo\":{\"@type\":\"ImageObject\",\"inLanguage\":\"de\",\"@id\":\"https:\/\/www.pressenza.com\/de\/#\/schema\/logo\/image\/\",\"url\":\"https:\/\/www.pressenza.com\/wp-content\/uploads\/2022\/10\/pressenza_logo_200x200.jpg\",\"contentUrl\":\"https:\/\/www.pressenza.com\/wp-content\/uploads\/2022\/10\/pressenza_logo_200x200.jpg\",\"width\":200,\"height\":200,\"caption\":\"Pressenza\"},\"image\":{\"@id\":\"https:\/\/www.pressenza.com\/de\/#\/schema\/logo\/image\/\"},\"sameAs\":[\"https:\/\/www.facebook.com\/PressenzaItalia\",\"https:\/\/x.com\/PressenzaIPA\"]},{\"@type\":\"Person\",\"@id\":\"https:\/\/www.pressenza.com\/de\/#\/schema\/person\/132489b8f8952f27e7e24996c103e09e\",\"name\":\"poonal - Pressedienst lateinamerikanischer Nachrichtenagenturen\",\"sameAs\":[\"https:\/\/www.npla.de\/poonal\/\"],\"url\":\"https:\/\/www.pressenza.com\/de\/author\/poonal\/\"}]}<\/script>\n<!-- \/ Yoast SEO plugin. -->","yoast_head_json":{"title":"\u201eDie Leute sind emp\u00f6rt\u201c \u2013 landesweite Streiks gegen Korruption","description":"Am 29. Juli wurden im Zuge eines landesweiten Generalstreiks zentrale Stra\u00dfen in Guatemala f\u00fcr mehrere Stunden blockiert. Tausende Menschen kamen dem","robots":{"index":"index","follow":"follow","max-snippet":"max-snippet:-1","max-image-preview":"max-image-preview:large","max-video-preview":"max-video-preview:-1"},"canonical":"https:\/\/www.pressenza.com\/de\/2021\/08\/die-leute-sind-empoert-landesweite-streiks-gegen-korruption\/","og_locale":"de_DE","og_type":"article","og_title":"\u201eDie Leute sind emp\u00f6rt\u201c \u2013 landesweite Streiks gegen Korruption","og_description":"Am 29. Juli wurden im Zuge eines landesweiten Generalstreiks zentrale Stra\u00dfen in Guatemala f\u00fcr mehrere Stunden blockiert. Tausende Menschen kamen dem","og_url":"https:\/\/www.pressenza.com\/de\/2021\/08\/die-leute-sind-empoert-landesweite-streiks-gegen-korruption\/","og_site_name":"Pressenza","article_publisher":"https:\/\/www.facebook.com\/PressenzaItalia","article_published_time":"2021-08-05T07:27:55+00:00","og_image":[{"width":1920,"height":1080,"url":"https:\/\/www.pressenza.com\/wp-content\/uploads\/2021\/08\/F8B31F7F-ACBD-42EC-8B65-50093BA43CD2.jpeg","type":"image\/jpeg"}],"author":"poonal - Pressedienst lateinamerikanischer Nachrichtenagenturen","twitter_card":"summary_large_image","twitter_creator":"@PressenzaIPA","twitter_site":"@PressenzaIPA","twitter_misc":{"Verfasst von":"poonal - Pressedienst lateinamerikanischer Nachrichtenagenturen","Gesch\u00e4tzte Lesezeit":"1\u00a0Minute"},"schema":{"@context":"https:\/\/schema.org","@graph":[{"@type":"Article","@id":"https:\/\/www.pressenza.com\/de\/2021\/08\/die-leute-sind-empoert-landesweite-streiks-gegen-korruption\/#article","isPartOf":{"@id":"https:\/\/www.pressenza.com\/de\/2021\/08\/die-leute-sind-empoert-landesweite-streiks-gegen-korruption\/"},"author":{"name":"poonal - Pressedienst lateinamerikanischer Nachrichtenagenturen","@id":"https:\/\/www.pressenza.com\/de\/#\/schema\/person\/132489b8f8952f27e7e24996c103e09e"},"headline":"\u201eDie Leute sind emp\u00f6rt\u201c \u2013 landesweite Streiks gegen Korruption","datePublished":"2021-08-05T07:27:55+00:00","mainEntityOfPage":{"@id":"https:\/\/www.pressenza.com\/de\/2021\/08\/die-leute-sind-empoert-landesweite-streiks-gegen-korruption\/"},"wordCount":260,"publisher":{"@id":"https:\/\/www.pressenza.com\/de\/#organization"},"image":{"@id":"https:\/\/www.pressenza.com\/de\/2021\/08\/die-leute-sind-empoert-landesweite-streiks-gegen-korruption\/#primaryimage"},"thumbnailUrl":"https:\/\/www.pressenza.com\/wp-content\/uploads\/2021\/08\/F8B31F7F-ACBD-42EC-8B65-50093BA43CD2.jpeg","keywords":["Guatemala","indigene V\u00f6lker","Korruption","Streik"],"articleSection":["Indigene V\u00f6lker","Menschenrechte","Politik"],"inLanguage":"de"},{"@type":"WebPage","@id":"https:\/\/www.pressenza.com\/de\/2021\/08\/die-leute-sind-empoert-landesweite-streiks-gegen-korruption\/","url":"https:\/\/www.pressenza.com\/de\/2021\/08\/die-leute-sind-empoert-landesweite-streiks-gegen-korruption\/","name":"\u201eDie Leute sind emp\u00f6rt\u201c \u2013 landesweite Streiks gegen Korruption","isPartOf":{"@id":"https:\/\/www.pressenza.com\/de\/#website"},"primaryImageOfPage":{"@id":"https:\/\/www.pressenza.com\/de\/2021\/08\/die-leute-sind-empoert-landesweite-streiks-gegen-korruption\/#primaryimage"},"image":{"@id":"https:\/\/www.pressenza.com\/de\/2021\/08\/die-leute-sind-empoert-landesweite-streiks-gegen-korruption\/#primaryimage"},"thumbnailUrl":"https:\/\/www.pressenza.com\/wp-content\/uploads\/2021\/08\/F8B31F7F-ACBD-42EC-8B65-50093BA43CD2.jpeg","datePublished":"2021-08-05T07:27:55+00:00","description":"Am 29. Juli wurden im Zuge eines landesweiten Generalstreiks zentrale Stra\u00dfen in Guatemala f\u00fcr mehrere Stunden blockiert. Tausende Menschen kamen dem","breadcrumb":{"@id":"https:\/\/www.pressenza.com\/de\/2021\/08\/die-leute-sind-empoert-landesweite-streiks-gegen-korruption\/#breadcrumb"},"inLanguage":"de","potentialAction":[{"@type":"ReadAction","target":["https:\/\/www.pressenza.com\/de\/2021\/08\/die-leute-sind-empoert-landesweite-streiks-gegen-korruption\/"]}]},{"@type":"ImageObject","inLanguage":"de","@id":"https:\/\/www.pressenza.com\/de\/2021\/08\/die-leute-sind-empoert-landesweite-streiks-gegen-korruption\/#primaryimage","url":"https:\/\/www.pressenza.com\/wp-content\/uploads\/2021\/08\/F8B31F7F-ACBD-42EC-8B65-50093BA43CD2.jpeg","contentUrl":"https:\/\/www.pressenza.com\/wp-content\/uploads\/2021\/08\/F8B31F7F-ACBD-42EC-8B65-50093BA43CD2.jpeg","width":1920,"height":1080},{"@type":"BreadcrumbList","@id":"https:\/\/www.pressenza.com\/de\/2021\/08\/die-leute-sind-empoert-landesweite-streiks-gegen-korruption\/#breadcrumb","itemListElement":[{"@type":"ListItem","position":1,"name":"Accueil","item":"https:\/\/www.pressenza.com\/de\/"},{"@type":"ListItem","position":2,"name":"\u201eDie Leute sind emp\u00f6rt\u201c \u2013 landesweite Streiks gegen Korruption"}]},{"@type":"WebSite","@id":"https:\/\/www.pressenza.com\/de\/#website","url":"https:\/\/www.pressenza.com\/de\/","name":"Pressenza","description":"International Press Agency","publisher":{"@id":"https:\/\/www.pressenza.com\/de\/#organization"},"potentialAction":[{"@type":"SearchAction","target":{"@type":"EntryPoint","urlTemplate":"https:\/\/www.pressenza.com\/de\/?s={search_term_string}"},"query-input":{"@type":"PropertyValueSpecification","valueRequired":true,"valueName":"search_term_string"}}],"inLanguage":"de"},{"@type":"Organization","@id":"https:\/\/www.pressenza.com\/de\/#organization","name":"Pressenza","url":"https:\/\/www.pressenza.com\/de\/","logo":{"@type":"ImageObject","inLanguage":"de","@id":"https:\/\/www.pressenza.com\/de\/#\/schema\/logo\/image\/","url":"https:\/\/www.pressenza.com\/wp-content\/uploads\/2022\/10\/pressenza_logo_200x200.jpg","contentUrl":"https:\/\/www.pressenza.com\/wp-content\/uploads\/2022\/10\/pressenza_logo_200x200.jpg","width":200,"height":200,"caption":"Pressenza"},"image":{"@id":"https:\/\/www.pressenza.com\/de\/#\/schema\/logo\/image\/"},"sameAs":["https:\/\/www.facebook.com\/PressenzaItalia","https:\/\/x.com\/PressenzaIPA"]},{"@type":"Person","@id":"https:\/\/www.pressenza.com\/de\/#\/schema\/person\/132489b8f8952f27e7e24996c103e09e","name":"poonal - Pressedienst lateinamerikanischer Nachrichtenagenturen","sameAs":["https:\/\/www.npla.de\/poonal\/"],"url":"https:\/\/www.pressenza.com\/de\/author\/poonal\/"}]}},"place":"","original_article_url":"https:\/\/www.npla.de\/thema\/tagespolitik\/die-leute-sind-empoert-landesweite-streiks-gegen-korruption\/","_links":{"self":[{"href":"https:\/\/www.pressenza.com\/de\/wp-json\/wp\/v2\/posts\/1409452","targetHints":{"allow":["GET"]}}],"collection":[{"href":"https:\/\/www.pressenza.com\/de\/wp-json\/wp\/v2\/posts"}],"about":[{"href":"https:\/\/www.pressenza.com\/de\/wp-json\/wp\/v2\/types\/post"}],"author":[{"embeddable":true,"href":"https:\/\/www.pressenza.com\/de\/wp-json\/wp\/v2\/users\/1868"}],"replies":[{"embeddable":true,"href":"https:\/\/www.pressenza.com\/de\/wp-json\/wp\/v2\/comments?post=1409452"}],"version-history":[{"count":0,"href":"https:\/\/www.pressenza.com\/de\/wp-json\/wp\/v2\/posts\/1409452\/revisions"}],"wp:featuredmedia":[{"embeddable":true,"href":"https:\/\/www.pressenza.com\/de\/wp-json\/wp\/v2\/media\/1409453"}],"wp:attachment":[{"href":"https:\/\/www.pressenza.com\/de\/wp-json\/wp\/v2\/media?parent=1409452"}],"wp:term":[{"taxonomy":"category","embeddable":true,"href":"https:\/\/www.pressenza.com\/de\/wp-json\/wp\/v2\/categories?post=1409452"},{"taxonomy":"post_tag","embeddable":true,"href":"https:\/\/www.pressenza.com\/de\/wp-json\/wp\/v2\/tags?post=1409452"}],"curies":[{"name":"wp","href":"https:\/\/api.w.org\/{rel}","templated":true}]}}