{"id":1402604,"date":"2021-07-22T06:13:54","date_gmt":"2021-07-22T05:13:54","guid":{"rendered":"https:\/\/www.pressenza.com\/?p=1402604"},"modified":"2021-07-22T06:13:54","modified_gmt":"2021-07-22T05:13:54","slug":"eu-lieferkettengesetz-meilenstein-oder-etikettenschwindel","status":"publish","type":"post","link":"https:\/\/www.pressenza.com\/de\/2021\/07\/eu-lieferkettengesetz-meilenstein-oder-etikettenschwindel\/","title":{"rendered":"EU-Lieferkettengesetz: Meilenstein oder Etikettenschwindel?"},"content":{"rendered":"<p><strong>Es ist Dynamik in die Diskussion um die gesetzliche Regelung menschen- und umweltrechtlicher Sorgfaltspflichten von Unternehmen gekommen. Nichtsdestotrotz bleiben die j\u00fcngsten nationalen Vorst\u00f6\u00dfe, wie das deutsche Lieferkettengesetz hinter den Erwartungen zur\u00fcck. Der f\u00fcr Herbst angek\u00fcndigte Entwurf f\u00fcr ein EU-Lieferkettengesetz bietet die n\u00e4chste Chance f\u00fcr eine effektive \u2013 weil verbindliche \u2013 Regelung unternehmerischer Sorgfaltspflichten.<\/strong><span id=\"more-22081\"><\/span><\/p>\n<p><em>Von <strong>Karin K\u00fcblb\u00f6ck<\/strong>, \u00d6konomin in der <a href=\"https:\/\/www.oefse.at\/\" target=\"_blank\" rel=\"noopener\">\u00d6sterreichischen Forschungsstiftung f\u00fcr Internationale Entwicklung (\u00d6FSE)<\/a>.<\/em><\/p>\n<p>Sp\u00e4testens seit dem Zusammenbruch vieler Lieferketten infolge der COVID-19-Krise, z.\u00a0B. im Bereich dringend ben\u00f6tigter\u00a0<a href=\"https:\/\/www.oefse.at\/publikationen\/research-reports\/detail-research-report\/publication\/show\/Publication\/increasing-resilience-and-security-of-supply-production-post-covid-19\/\" target=\"_blank\" rel=\"noreferrer noopener\">Medizinprodukte<\/a>, ist die Verflechtung der Weltwirtschaft im Bewusstsein einer breiten \u00d6ffentlichkeit angekommen. Die globale Produktion hat in den letzten Jahrzehnten einen drastischen Wandel durchlaufen. Die Fertigung von Autos \u00fcber Textilwaren bis hin zu Nahrungsmitteln wurde zunehmend auf verschiedene Standorte aufgeteilt und in globalen Produktionsnetzwerken organisiert.<\/p>\n<p>Bef\u00f6rdert wurde dieser Wandel durch weitreichende Liberalisierungen des globalen Handels- und Investitionsregimes sowie durch Innovationen im Bereich der Informations- und Kommunikationstechnologie. F\u00fcr transnationale Unternehmen wurde es daher attraktiv, arbeitsintensive und oft umweltsch\u00e4dliche T\u00e4tigkeiten in L\u00e4nder des globalen S\u00fcdens mit niedrigen Sozial- und Umweltstandards zu verlagern.<\/p>\n<p>Die Integration in globale Wertsch\u00f6pfungsketten wird in L\u00e4ndern des globalen S\u00fcdens oft als Chance gesehen, Arbeitspl\u00e4tze und Einkommen zu schaffen. Erfahrungen zeigen jedoch, dass diese Integration nicht automatisch zu \u00f6konomischem oder sozialem Upgrading f\u00fchrt. Berichte \u00fcber menschenunw\u00fcrdige Arbeitsbedingungen in der\u00a0<a href=\"https:\/\/www.suedwind.at\/handeln\/aktionsteam\/elektronikindustrie-made-in-china\/\" target=\"_blank\" rel=\"noreferrer noopener\">Elektronikproduktion<\/a>,\u00a0<a href=\"https:\/\/www.youtube.com\/watch?v=Y4ErprG1MjU\" target=\"_blank\" rel=\"noreferrer noopener\">eingest\u00fcrzte Textilfabriken<\/a>, sklaven\u00e4hnliche Zust\u00e4nde in\u00a0<a href=\"https:\/\/emedien.arbeiterkammer.at\/viewer\/resolver?urn=urn:nbn:at:at-akw:g-3650907\" target=\"_blank\" rel=\"noreferrer noopener\">Landwirtschaftsplantagen<\/a>\u00a0oder verheerende Umweltzerst\u00f6rungen durch\u00a0<a href=\"https:\/\/awblog.at\/un-menschenrechtsabkommen-konzerne-unter-kontrolle-bringen\/\" target=\"_blank\" rel=\"noreferrer noopener\">Dammbr\u00fcche<\/a>\u00a0von Minenschlamm-R\u00fcckhaltebecken zeugen davon, dass die n\u00f6tigen Regulierungen den Ver\u00e4nderungen der globalen Produktion weit hinterherhinken.<\/p>\n<p><strong>Menschenrechtliche Sorgfaltspflichten als Kern der Diskussion<\/strong><\/p>\n<p>Ein Kern der Diskussion ist das Prinzip der\u00a0<a href=\"https:\/\/www.cora-netz.de\/themen\/sorgfaltspflichten-und-unternehmenshaftung\/einfuehrung\/\" target=\"_blank\" rel=\"noreferrer noopener\">menschenrechtlichen Sorgfaltspflichten<\/a>\u00a0von Unternehmen. Dieses Prinzip wurde erstmals 2011 in den\u00a0<a href=\"https:\/\/www.ohchr.org\/documents\/publications\/guidingprinciplesbusinesshr_en.pdf\" target=\"_blank\" rel=\"noreferrer noopener\">UN-Leitprinzipien<\/a>\u00a0f\u00fcr Wirtschaft und Menschenrechte \u2013 nach dem damaligen UN-Sonderbeauftragten auch \u201eRuggie Principles\u201c genannt \u2013 verankert. Unternehmen sind demnach verpflichtet, daf\u00fcr zu sorgen, dass ihre Aktivit\u00e4ten keine Menschenrechtsverletzungen verursachen oder dazu beitragen, womit auch die gesamte Lieferkette miteinbezogen wird. Im Gegensatz zur Intention von Professor Ruggie, der sich f\u00fcr bindende Regeln aussprach, blieben diese Prinzipien bislang jedoch freiwillig und damit ein Ausdruck globaler Machtasymmetrie zugunsten transnationaler Unternehmen. Die Prinzipien boten jedoch eine wichtige Basis f\u00fcr die Entwicklung von weiteren Leitlinien, wie etwa die Erg\u00e4nzung der\u00a0<a href=\"https:\/\/www.oecd-ilibrary.org\/governance\/oecd-leitsatze-fur-multinationale-unternehmen_9789264122352-de\" target=\"_blank\" rel=\"noreferrer noopener\">OECD-Leitlinien<\/a>\u00a0f\u00fcr multinationale Unternehmen um menschenrechtliche Sorgfaltspflichten, oder f\u00fcr die Formulierung der\u00a0<a href=\"https:\/\/www.oecd.org\/daf\/inv\/mne\/OECD-Due-Diligence-Guidance-Minerals-Edition3.pdf\" target=\"_blank\" rel=\"noreferrer noopener\">OECD-Leits\u00e4tze<\/a>\u00a0f\u00fcr Konfliktmineralien.<\/p>\n<p><strong>Freiwillige Handlungsempfehlungen sind nicht genug<\/strong><\/p>\n<p>Zehn Jahre \u2013 und viel Evidenz \u2013 sp\u00e4ter f\u00fchrt kein Weg mehr an der Erkenntnis vorbei, dass freiwillige Handlungsempfehlungen nicht ausreichen, um die Menschenrechts- und Umweltsituation in globalen Lieferketten substanziell zu verbessern.\u00a0<a href=\"https:\/\/corporatejustice.org\/wp-content\/uploads\/2021\/06\/ECCJ-mandatory-HREDD-map-June-2021.pdf\" target=\"_blank\" rel=\"noreferrer noopener\">Einige L\u00e4nder<\/a>\u00a0haben bereits Gesetze f\u00fcr eine menschenrechtliche Verantwortung von Unternehmen f\u00fcr ihre Lieferketten verabschiedet, zumeist f\u00fcr bestimmte Sektoren, f\u00fcr sehr gro\u00dfe Unternehmen oder f\u00fcr bestimmte Aspekte \u2013 wie etwa die\u00a0<a href=\"https:\/\/www.oefse.at\/publikationen\/policy-notes\/detail-policy-note\/publication\/show\/Publication\/eu-konfliktmineralienverordnung\/\" target=\"_blank\" rel=\"noreferrer noopener\">EU-Konfliktmineralienverordnung<\/a>, das franz\u00f6sische \u201eLoi de Vigilance\u201c oder das niederl\u00e4ndische Gesetz gegen Kinderarbeit. Ein umfassendes Gesetz, das menschenrechtliche Sorgfaltspflichten f\u00fcr alle Unternehmen und Sektoren festlegt, fehlt allerdings bisher.<\/p>\n<p>Eine Erhebung in Deutschland ergab 2020, dass nur rund 15 Prozent der international t\u00e4tigen deutschen Unternehmen mit mehr als 500 ArbeitnehmerInnen von sich aus die Menschenrechtsvorgaben der erw\u00e4hnten OECD-Leitlinien erf\u00fcllen. Die deutsche Bundesregierung sah sich daher aufgrund des Koalitionsvertrags verpflichtet, einen Entwurf f\u00fcr ein verbindliches Lieferkettengesetz vorzulegen.<\/p>\n<p><a target=\"_blank\" rel=\"noopener\">Der\u00a0<\/a><a href=\"https:\/\/dserver.bundestag.de\/btd\/19\/286\/1928649.pdf\" target=\"_blank\" rel=\"noreferrer noopener\">urspr\u00fcnglich ambitionierte Entwurf<\/a>\u00a0wurde nach vielen Verhandlungsrunden und intensiver Lobbyarbeit sowohl vonseiten der Industrie als auch der\u00a0<a href=\"https:\/\/lieferkettengesetz.de\/\" target=\"_blank\" rel=\"noreferrer noopener\">Zivilgesellschaft<\/a>\u00a0schlie\u00dflich im Juni 2021 in einer\u00a0<a href=\"https:\/\/dserver.bundestag.de\/btd\/19\/286\/1928649.pdf\" target=\"_blank\" rel=\"noreferrer noopener\">abgespeckten Version als Gesetz<\/a>\u00a0verabschiedet. Es enth\u00e4lt verbindliche menschenrechtliche und umweltbezogene\u00a0<a target=\"_blank\" rel=\"noopener\">Vorgaben f\u00fcr Unternehmen\u00a0<\/a>mit mehr als 3.000 MitarbeiterInnen (ab 2023) bzw. mehr als 1.000 MitarbeiterInnen (ab 2024). Diese umfassen die Einrichtung eines Risikomanagements, das systematisch auf den eigenen Gesch\u00e4ftsbereich und unmittelbare Zulieferer, jedoch nur anlassbezogen auf mittelbare Zulieferer angewandt werden muss. Verst\u00f6\u00dfe gegen Sorgfaltspflichten k\u00f6nnen mit Bu\u00dfgeldern belegt werden. Bei schweren Verst\u00f6\u00dfen k\u00f6nnen Unternehmen sogar von \u00f6ffentlichen Auftr\u00e4gen ausgeschlossen werden.<\/p>\n<p><strong>Schw\u00e4chen des deutschen Gesetzes<\/strong><\/p>\n<p>Das Gesetz sieht allerdings keine neue zivilrechtliche Haftungsregel vor, wonach Unternehmen \u00fcber die bestehenden unzureichenden Regeln hinaus nun effektiv f\u00fcr die Sch\u00e4den haften w\u00fcrden, die durch Missachtung der Sorgfaltspflichten verursacht werden. Unmittelbar Betroffene haben somit keinen Zugang zu Rechtsmitteln, um Entsch\u00e4digungen einzuklagen. Die Beschr\u00e4nkung der systematischen Sorgfaltspflichten auf die unmittelbaren Zulieferer ignoriert, dass ein Gro\u00dfteil der Menschenrechtsverletzungen am Beginn der Lieferketten stattfindet \u2013 etwa beim Abbau von Rohstoffen oder der Fertigung von Produkten in Niedrigeinkommensl\u00e4ndern. Damit f\u00e4llt das Gesetz hinter die Vorgaben der Ruggie-Prinzipien zur\u00fcck.<\/p>\n<p><strong>\u00d6sterreichische Initiativen<\/strong><\/p>\n<p>Auch in \u00d6sterreich gewinnt die Bewegung f\u00fcr ein Lieferkettengesetz an Dynamik. Eine\u00a0<a href=\"https:\/\/www.nesove.at\/menschenrechte-brauchen-gesetze\/\" target=\"_blank\" rel=\"noreferrer noopener\">Petition<\/a>\u00a0von diversen Organisationen der Zivilgesellschaft fordert Regeln auf verschiedenen Ebenen, sowohl in \u00d6sterreich als auch international. Auch andere\u00a0<a href=\"https:\/\/sdgwatch.at\/de\/was-wir-tun\/blog\/2021\/06\/sdg-fokusbeitrag-mai-menschenwurdige-arbeit-und-faire-lieferketten\/\" target=\"_blank\" rel=\"noreferrer noopener\">Kampagnen und Initiativen<\/a>\u00a0setzen sich f\u00fcr gerechtere Lieferketten ein, z.\u00a0B. eine Kampagne f\u00fcr die\u00a0<a href=\"https:\/\/www.kinderarbeitstoppen.at\/mach-mit\" target=\"_blank\" rel=\"noreferrer noopener\">Abschaffung von Kinderarbeit<\/a>. Im M\u00e4rz 2021 legten Abgeordnete der SP\u00d6 im Nationalrat einen\u00a0<a href=\"https:\/\/www.parlament.gv.at\/PAKT\/VHG\/XXVII\/A\/A_01454\/index.shtml\" target=\"_blank\" rel=\"noreferrer noopener\">Antrag<\/a>\u00a0f\u00fcr ein Lieferkettengesetz vor.<\/p>\n<p><strong>Globale Regeln nach wie vor nicht in Sicht \u2013 EU-Regelung umso wichtiger<\/strong><\/p>\n<p>F\u00fcr eine umfassende Wirksamkeit sind \u2013 neben nationalen Gesetzen \u2013 verbindliche globale Vorgaben n\u00f6tig. Diesbez\u00fcgliche Verhandlungen f\u00fcr ein \u201e<a href=\"https:\/\/www.business-humanrights.org\/en\/big-issues\/binding-treaty\/\" target=\"_blank\" rel=\"noreferrer noopener\">Binding Treaty<\/a>\u201c auf UN-Ebene werden seit Jahren von Staaten des globalen Nordens \u2013 darunter \u00d6sterreich \u2013 nicht aktiv verfolgt.<\/p>\n<p>Vor diesem Hintergrund kommt der europ\u00e4ischen Ebene besondere Bedeutung zu. Ein vielversprechender Vorsto\u00df kam im April 2020 von EU-Justizkommissar Didier Reynders, der einen europ\u00e4ischen Entwurf f\u00fcr ein umfassendes EU-Lieferkettengesetz ank\u00fcndigte. Dieses soll Unternehmen zur Achtung von Menschenrechten und Umweltstandards in ihren gesamten Wertsch\u00f6pfungsketten verpflichten sowie \u00f6ffentlich-rechtliche Sanktionen und Klagem\u00f6glichkeiten f\u00fcr Betroffene vorsehen. Im M\u00e4rz 2021 forderte das\u00a0<a href=\"https:\/\/www.europarl.europa.eu\/doceo\/document\/TA-9-2021-0073_EN.html\" target=\"_blank\" rel=\"noreferrer noopener\">Europ\u00e4ische Parlament<\/a>, dass die EU-Regelung alle Stufen der Lieferkette umfassen und zivilrechtliche Haftung der Unternehmen miteinschlie\u00dfen soll. Ein Gesetzesentwurf der EU-Kommission wurde urspr\u00fcnglich f\u00fcr Juni 2021 angek\u00fcndigt, mittlerweile aber auf Herbst vertagt.<\/p>\n<p><strong>Voraussetzungen f\u00fcr wirksame Lieferkettenverantwortung<\/strong><\/p>\n<p>Die intensivierten Debatten f\u00fcr verbindliche Vorgaben f\u00fcr menschenrechtliche und \u00f6kologische Sorgfaltspflichten sind als implizites Eingest\u00e4ndnis zu werten, dass eine globalisierte Weltwirtschaft auch globale Regeln f\u00fcr Unternehmen ben\u00f6tigt. Um Wirksamkeit zu entfalten, muss die Transparenz von Lieferketten erh\u00f6ht werden. Erst wenn diese nachvollziehbar werden und Leitfirmen f\u00fcr verursachte Sch\u00e4den in der gesamten Lieferkette haften, werden sich Produktionsbedingungen verbessern. N\u00f6tig ist zudem die Einbeziehung und St\u00e4rkung von ArbeitnehmerInnenvertretungen sowie von Organisationen der Zivilgesellschaft, die sich in den Produktionsl\u00e4ndern f\u00fcr eine Verbesserung der lokalen Produktionsbedingungen einsetzen.<\/p>\n<p>Auch wenn die j\u00fcngeren Entwicklungen im Bereich der Lieferkettenverantwortung vielversprechend sind, sollte nicht \u00fcbersehen werden, dass die Grundproblematiken des fehlenden sozialen Upgradings, der Machtasymmetrie in globalen Wertsch\u00f6pfungsketten, des geringen Wertsch\u00f6pfungsanteils vieler Produzentenl\u00e4nder und damit zu niedriger L\u00f6hne sowie die starke Abh\u00e4ngigkeit vom Export von unverarbeiteten Rohstoffen weitreichendere Ma\u00dfnahmen verlangen. Dies betrifft unter anderem die Ausgestaltung von internationalen Freihandels- und Investitionsschutzvertr\u00e4gen, die Einf\u00fchrung von sozialen und \u00f6kologischen Mindeststandards und Ma\u00dfnahmen zur Stabilisierung von Rohstoffpreisen. Umfassende Lieferkettengesetze auf nationaler, europ\u00e4ischer und internationaler Ebene w\u00e4ren dabei wichtige n\u00e4chste Schritte auf dem Weg zu verbesserten Arbeits- und Umweltbedingungen in globalen Wertsch\u00f6pfungsketten.<\/p>\n","protected":false},"excerpt":{"rendered":"<p>Es ist Dynamik in die Diskussion um die gesetzliche Regelung menschen- und umweltrechtlicher Sorgfaltspflichten von Unternehmen gekommen. Nichtsdestotrotz bleiben die j\u00fcngsten nationalen Vorst\u00f6\u00dfe, wie das deutsche Lieferkettengesetz hinter den Erwartungen zur\u00fcck. Der f\u00fcr Herbst angek\u00fcndigte Entwurf f\u00fcr ein EU-Lieferkettengesetz bietet&hellip;<\/p>\n","protected":false},"author":1408,"featured_media":1402606,"comment_status":"closed","ping_status":"closed","sticky":false,"template":"","format":"standard","meta":{"footnotes":""},"categories":[9161,9157,9168,9158],"tags":[11286,40933,62358,22228,89420,16421],"class_list":["post-1402604","post","type-post","status-publish","format-standard","has-post-thumbnail","hentry","category-menschenrechte","category-oekologie-und-umwelt","category-politik","category-wirtschaft","tag-arbeitsbedingungen","tag-kinderarbeit","tag-lieferkettengesetz","tag-menschenrechte","tag-oecd-de","tag-wertschopfung"],"yoast_head":"<!-- This site is optimized with the Yoast SEO plugin v27.1.1 - https:\/\/yoast.com\/product\/yoast-seo-wordpress\/ -->\n<title>EU-Lieferkettengesetz: Meilenstein oder Etikettenschwindel?<\/title>\n<meta name=\"description\" content=\"Es ist Dynamik in die Diskussion um die gesetzliche Regelung menschen- und umweltrechtlicher Sorgfaltspflichten von Unternehmen gekommen. Nichtsdestotrotz\" \/>\n<meta name=\"robots\" content=\"index, follow, max-snippet:-1, max-image-preview:large, max-video-preview:-1\" \/>\n<link rel=\"canonical\" href=\"https:\/\/www.pressenza.com\/de\/2021\/07\/eu-lieferkettengesetz-meilenstein-oder-etikettenschwindel\/\" \/>\n<meta property=\"og:locale\" content=\"de_DE\" \/>\n<meta property=\"og:type\" content=\"article\" \/>\n<meta property=\"og:title\" content=\"EU-Lieferkettengesetz: Meilenstein oder Etikettenschwindel?\" \/>\n<meta property=\"og:description\" content=\"Es ist Dynamik in die Diskussion um die gesetzliche Regelung menschen- und umweltrechtlicher Sorgfaltspflichten von Unternehmen gekommen. Nichtsdestotrotz\" \/>\n<meta property=\"og:url\" content=\"https:\/\/www.pressenza.com\/de\/2021\/07\/eu-lieferkettengesetz-meilenstein-oder-etikettenschwindel\/\" \/>\n<meta property=\"og:site_name\" content=\"Pressenza\" \/>\n<meta property=\"article:publisher\" content=\"https:\/\/www.facebook.com\/PressenzaItalia\" \/>\n<meta property=\"article:published_time\" content=\"2021-07-22T05:13:54+00:00\" \/>\n<meta property=\"og:image\" content=\"https:\/\/www.pressenza.com\/wp-content\/uploads\/2021\/07\/lieferketten-gesetz_titelbild-800x445.v1.jpg\" \/>\n\t<meta property=\"og:image:width\" content=\"1920\" \/>\n\t<meta property=\"og:image:height\" content=\"1068\" \/>\n\t<meta property=\"og:image:type\" content=\"image\/jpeg\" \/>\n<meta name=\"author\" content=\"Unsere Zeitung\" \/>\n<meta name=\"twitter:card\" content=\"summary_large_image\" \/>\n<meta name=\"twitter:creator\" content=\"@PressenzaIPA\" \/>\n<meta name=\"twitter:site\" content=\"@PressenzaIPA\" \/>\n<meta name=\"twitter:label1\" content=\"Verfasst von\" \/>\n\t<meta name=\"twitter:data1\" content=\"Unsere Zeitung\" \/>\n\t<meta name=\"twitter:label2\" content=\"Gesch\u00e4tzte Lesezeit\" \/>\n\t<meta name=\"twitter:data2\" content=\"6\u00a0Minuten\" \/>\n<script type=\"application\/ld+json\" class=\"yoast-schema-graph\">{\"@context\":\"https:\/\/schema.org\",\"@graph\":[{\"@type\":\"Article\",\"@id\":\"https:\/\/www.pressenza.com\/de\/2021\/07\/eu-lieferkettengesetz-meilenstein-oder-etikettenschwindel\/#article\",\"isPartOf\":{\"@id\":\"https:\/\/www.pressenza.com\/de\/2021\/07\/eu-lieferkettengesetz-meilenstein-oder-etikettenschwindel\/\"},\"author\":{\"name\":\"Unsere Zeitung\",\"@id\":\"https:\/\/www.pressenza.com\/de\/#\/schema\/person\/204e67ffc5ecb05d81ec7dbb33ded555\"},\"headline\":\"EU-Lieferkettengesetz: Meilenstein oder Etikettenschwindel?\",\"datePublished\":\"2021-07-22T05:13:54+00:00\",\"mainEntityOfPage\":{\"@id\":\"https:\/\/www.pressenza.com\/de\/2021\/07\/eu-lieferkettengesetz-meilenstein-oder-etikettenschwindel\/\"},\"wordCount\":1185,\"publisher\":{\"@id\":\"https:\/\/www.pressenza.com\/de\/#organization\"},\"image\":{\"@id\":\"https:\/\/www.pressenza.com\/de\/2021\/07\/eu-lieferkettengesetz-meilenstein-oder-etikettenschwindel\/#primaryimage\"},\"thumbnailUrl\":\"https:\/\/www.pressenza.com\/wp-content\/uploads\/2021\/07\/lieferketten-gesetz_titelbild-800x445.v1.jpg\",\"keywords\":[\"Arbeitsbedingungen\",\"Kinderarbeit\",\"Lieferkettengesetz\",\"Menschenrechte\",\"OECD\",\"Wertsch\u00f6pfung\"],\"articleSection\":[\"Menschenrechte\",\"\u00d6kologie und Umwelt\",\"Politik\",\"Wirtschaft\"],\"inLanguage\":\"de\"},{\"@type\":\"WebPage\",\"@id\":\"https:\/\/www.pressenza.com\/de\/2021\/07\/eu-lieferkettengesetz-meilenstein-oder-etikettenschwindel\/\",\"url\":\"https:\/\/www.pressenza.com\/de\/2021\/07\/eu-lieferkettengesetz-meilenstein-oder-etikettenschwindel\/\",\"name\":\"EU-Lieferkettengesetz: Meilenstein oder Etikettenschwindel?\",\"isPartOf\":{\"@id\":\"https:\/\/www.pressenza.com\/de\/#website\"},\"primaryImageOfPage\":{\"@id\":\"https:\/\/www.pressenza.com\/de\/2021\/07\/eu-lieferkettengesetz-meilenstein-oder-etikettenschwindel\/#primaryimage\"},\"image\":{\"@id\":\"https:\/\/www.pressenza.com\/de\/2021\/07\/eu-lieferkettengesetz-meilenstein-oder-etikettenschwindel\/#primaryimage\"},\"thumbnailUrl\":\"https:\/\/www.pressenza.com\/wp-content\/uploads\/2021\/07\/lieferketten-gesetz_titelbild-800x445.v1.jpg\",\"datePublished\":\"2021-07-22T05:13:54+00:00\",\"description\":\"Es ist Dynamik in die Diskussion um die gesetzliche Regelung menschen- und umweltrechtlicher Sorgfaltspflichten von Unternehmen gekommen. Nichtsdestotrotz\",\"breadcrumb\":{\"@id\":\"https:\/\/www.pressenza.com\/de\/2021\/07\/eu-lieferkettengesetz-meilenstein-oder-etikettenschwindel\/#breadcrumb\"},\"inLanguage\":\"de\",\"potentialAction\":[{\"@type\":\"ReadAction\",\"target\":[\"https:\/\/www.pressenza.com\/de\/2021\/07\/eu-lieferkettengesetz-meilenstein-oder-etikettenschwindel\/\"]}]},{\"@type\":\"ImageObject\",\"inLanguage\":\"de\",\"@id\":\"https:\/\/www.pressenza.com\/de\/2021\/07\/eu-lieferkettengesetz-meilenstein-oder-etikettenschwindel\/#primaryimage\",\"url\":\"https:\/\/www.pressenza.com\/wp-content\/uploads\/2021\/07\/lieferketten-gesetz_titelbild-800x445.v1.jpg\",\"contentUrl\":\"https:\/\/www.pressenza.com\/wp-content\/uploads\/2021\/07\/lieferketten-gesetz_titelbild-800x445.v1.jpg\",\"width\":1920,\"height\":1068},{\"@type\":\"BreadcrumbList\",\"@id\":\"https:\/\/www.pressenza.com\/de\/2021\/07\/eu-lieferkettengesetz-meilenstein-oder-etikettenschwindel\/#breadcrumb\",\"itemListElement\":[{\"@type\":\"ListItem\",\"position\":1,\"name\":\"Accueil\",\"item\":\"https:\/\/www.pressenza.com\/de\/\"},{\"@type\":\"ListItem\",\"position\":2,\"name\":\"EU-Lieferkettengesetz: Meilenstein oder Etikettenschwindel?\"}]},{\"@type\":\"WebSite\",\"@id\":\"https:\/\/www.pressenza.com\/de\/#website\",\"url\":\"https:\/\/www.pressenza.com\/de\/\",\"name\":\"Pressenza\",\"description\":\"International Press Agency\",\"publisher\":{\"@id\":\"https:\/\/www.pressenza.com\/de\/#organization\"},\"potentialAction\":[{\"@type\":\"SearchAction\",\"target\":{\"@type\":\"EntryPoint\",\"urlTemplate\":\"https:\/\/www.pressenza.com\/de\/?s={search_term_string}\"},\"query-input\":{\"@type\":\"PropertyValueSpecification\",\"valueRequired\":true,\"valueName\":\"search_term_string\"}}],\"inLanguage\":\"de\"},{\"@type\":\"Organization\",\"@id\":\"https:\/\/www.pressenza.com\/de\/#organization\",\"name\":\"Pressenza\",\"url\":\"https:\/\/www.pressenza.com\/de\/\",\"logo\":{\"@type\":\"ImageObject\",\"inLanguage\":\"de\",\"@id\":\"https:\/\/www.pressenza.com\/de\/#\/schema\/logo\/image\/\",\"url\":\"https:\/\/www.pressenza.com\/wp-content\/uploads\/2022\/10\/pressenza_logo_200x200.jpg\",\"contentUrl\":\"https:\/\/www.pressenza.com\/wp-content\/uploads\/2022\/10\/pressenza_logo_200x200.jpg\",\"width\":200,\"height\":200,\"caption\":\"Pressenza\"},\"image\":{\"@id\":\"https:\/\/www.pressenza.com\/de\/#\/schema\/logo\/image\/\"},\"sameAs\":[\"https:\/\/www.facebook.com\/PressenzaItalia\",\"https:\/\/x.com\/PressenzaIPA\"]},{\"@type\":\"Person\",\"@id\":\"https:\/\/www.pressenza.com\/de\/#\/schema\/person\/204e67ffc5ecb05d81ec7dbb33ded555\",\"name\":\"Unsere Zeitung\",\"url\":\"https:\/\/www.pressenza.com\/de\/author\/unsere-zeitung\/\"}]}<\/script>\n<!-- \/ Yoast SEO plugin. -->","yoast_head_json":{"title":"EU-Lieferkettengesetz: Meilenstein oder Etikettenschwindel?","description":"Es ist Dynamik in die Diskussion um die gesetzliche Regelung menschen- und umweltrechtlicher Sorgfaltspflichten von Unternehmen gekommen. Nichtsdestotrotz","robots":{"index":"index","follow":"follow","max-snippet":"max-snippet:-1","max-image-preview":"max-image-preview:large","max-video-preview":"max-video-preview:-1"},"canonical":"https:\/\/www.pressenza.com\/de\/2021\/07\/eu-lieferkettengesetz-meilenstein-oder-etikettenschwindel\/","og_locale":"de_DE","og_type":"article","og_title":"EU-Lieferkettengesetz: Meilenstein oder Etikettenschwindel?","og_description":"Es ist Dynamik in die Diskussion um die gesetzliche Regelung menschen- und umweltrechtlicher Sorgfaltspflichten von Unternehmen gekommen. Nichtsdestotrotz","og_url":"https:\/\/www.pressenza.com\/de\/2021\/07\/eu-lieferkettengesetz-meilenstein-oder-etikettenschwindel\/","og_site_name":"Pressenza","article_publisher":"https:\/\/www.facebook.com\/PressenzaItalia","article_published_time":"2021-07-22T05:13:54+00:00","og_image":[{"width":1920,"height":1068,"url":"https:\/\/www.pressenza.com\/wp-content\/uploads\/2021\/07\/lieferketten-gesetz_titelbild-800x445.v1.jpg","type":"image\/jpeg"}],"author":"Unsere Zeitung","twitter_card":"summary_large_image","twitter_creator":"@PressenzaIPA","twitter_site":"@PressenzaIPA","twitter_misc":{"Verfasst von":"Unsere Zeitung","Gesch\u00e4tzte Lesezeit":"6\u00a0Minuten"},"schema":{"@context":"https:\/\/schema.org","@graph":[{"@type":"Article","@id":"https:\/\/www.pressenza.com\/de\/2021\/07\/eu-lieferkettengesetz-meilenstein-oder-etikettenschwindel\/#article","isPartOf":{"@id":"https:\/\/www.pressenza.com\/de\/2021\/07\/eu-lieferkettengesetz-meilenstein-oder-etikettenschwindel\/"},"author":{"name":"Unsere Zeitung","@id":"https:\/\/www.pressenza.com\/de\/#\/schema\/person\/204e67ffc5ecb05d81ec7dbb33ded555"},"headline":"EU-Lieferkettengesetz: Meilenstein oder Etikettenschwindel?","datePublished":"2021-07-22T05:13:54+00:00","mainEntityOfPage":{"@id":"https:\/\/www.pressenza.com\/de\/2021\/07\/eu-lieferkettengesetz-meilenstein-oder-etikettenschwindel\/"},"wordCount":1185,"publisher":{"@id":"https:\/\/www.pressenza.com\/de\/#organization"},"image":{"@id":"https:\/\/www.pressenza.com\/de\/2021\/07\/eu-lieferkettengesetz-meilenstein-oder-etikettenschwindel\/#primaryimage"},"thumbnailUrl":"https:\/\/www.pressenza.com\/wp-content\/uploads\/2021\/07\/lieferketten-gesetz_titelbild-800x445.v1.jpg","keywords":["Arbeitsbedingungen","Kinderarbeit","Lieferkettengesetz","Menschenrechte","OECD","Wertsch\u00f6pfung"],"articleSection":["Menschenrechte","\u00d6kologie und Umwelt","Politik","Wirtschaft"],"inLanguage":"de"},{"@type":"WebPage","@id":"https:\/\/www.pressenza.com\/de\/2021\/07\/eu-lieferkettengesetz-meilenstein-oder-etikettenschwindel\/","url":"https:\/\/www.pressenza.com\/de\/2021\/07\/eu-lieferkettengesetz-meilenstein-oder-etikettenschwindel\/","name":"EU-Lieferkettengesetz: Meilenstein oder Etikettenschwindel?","isPartOf":{"@id":"https:\/\/www.pressenza.com\/de\/#website"},"primaryImageOfPage":{"@id":"https:\/\/www.pressenza.com\/de\/2021\/07\/eu-lieferkettengesetz-meilenstein-oder-etikettenschwindel\/#primaryimage"},"image":{"@id":"https:\/\/www.pressenza.com\/de\/2021\/07\/eu-lieferkettengesetz-meilenstein-oder-etikettenschwindel\/#primaryimage"},"thumbnailUrl":"https:\/\/www.pressenza.com\/wp-content\/uploads\/2021\/07\/lieferketten-gesetz_titelbild-800x445.v1.jpg","datePublished":"2021-07-22T05:13:54+00:00","description":"Es ist Dynamik in die Diskussion um die gesetzliche Regelung menschen- und umweltrechtlicher Sorgfaltspflichten von Unternehmen gekommen. Nichtsdestotrotz","breadcrumb":{"@id":"https:\/\/www.pressenza.com\/de\/2021\/07\/eu-lieferkettengesetz-meilenstein-oder-etikettenschwindel\/#breadcrumb"},"inLanguage":"de","potentialAction":[{"@type":"ReadAction","target":["https:\/\/www.pressenza.com\/de\/2021\/07\/eu-lieferkettengesetz-meilenstein-oder-etikettenschwindel\/"]}]},{"@type":"ImageObject","inLanguage":"de","@id":"https:\/\/www.pressenza.com\/de\/2021\/07\/eu-lieferkettengesetz-meilenstein-oder-etikettenschwindel\/#primaryimage","url":"https:\/\/www.pressenza.com\/wp-content\/uploads\/2021\/07\/lieferketten-gesetz_titelbild-800x445.v1.jpg","contentUrl":"https:\/\/www.pressenza.com\/wp-content\/uploads\/2021\/07\/lieferketten-gesetz_titelbild-800x445.v1.jpg","width":1920,"height":1068},{"@type":"BreadcrumbList","@id":"https:\/\/www.pressenza.com\/de\/2021\/07\/eu-lieferkettengesetz-meilenstein-oder-etikettenschwindel\/#breadcrumb","itemListElement":[{"@type":"ListItem","position":1,"name":"Accueil","item":"https:\/\/www.pressenza.com\/de\/"},{"@type":"ListItem","position":2,"name":"EU-Lieferkettengesetz: Meilenstein oder Etikettenschwindel?"}]},{"@type":"WebSite","@id":"https:\/\/www.pressenza.com\/de\/#website","url":"https:\/\/www.pressenza.com\/de\/","name":"Pressenza","description":"International Press Agency","publisher":{"@id":"https:\/\/www.pressenza.com\/de\/#organization"},"potentialAction":[{"@type":"SearchAction","target":{"@type":"EntryPoint","urlTemplate":"https:\/\/www.pressenza.com\/de\/?s={search_term_string}"},"query-input":{"@type":"PropertyValueSpecification","valueRequired":true,"valueName":"search_term_string"}}],"inLanguage":"de"},{"@type":"Organization","@id":"https:\/\/www.pressenza.com\/de\/#organization","name":"Pressenza","url":"https:\/\/www.pressenza.com\/de\/","logo":{"@type":"ImageObject","inLanguage":"de","@id":"https:\/\/www.pressenza.com\/de\/#\/schema\/logo\/image\/","url":"https:\/\/www.pressenza.com\/wp-content\/uploads\/2022\/10\/pressenza_logo_200x200.jpg","contentUrl":"https:\/\/www.pressenza.com\/wp-content\/uploads\/2022\/10\/pressenza_logo_200x200.jpg","width":200,"height":200,"caption":"Pressenza"},"image":{"@id":"https:\/\/www.pressenza.com\/de\/#\/schema\/logo\/image\/"},"sameAs":["https:\/\/www.facebook.com\/PressenzaItalia","https:\/\/x.com\/PressenzaIPA"]},{"@type":"Person","@id":"https:\/\/www.pressenza.com\/de\/#\/schema\/person\/204e67ffc5ecb05d81ec7dbb33ded555","name":"Unsere Zeitung","url":"https:\/\/www.pressenza.com\/de\/author\/unsere-zeitung\/"}]}},"place":"","original_article_url":"https:\/\/www.unsere-zeitung.at\/2021\/07\/16\/eu-lieferkettengesetz-meilenstein-oder-etikettenschwindel\/","_links":{"self":[{"href":"https:\/\/www.pressenza.com\/de\/wp-json\/wp\/v2\/posts\/1402604","targetHints":{"allow":["GET"]}}],"collection":[{"href":"https:\/\/www.pressenza.com\/de\/wp-json\/wp\/v2\/posts"}],"about":[{"href":"https:\/\/www.pressenza.com\/de\/wp-json\/wp\/v2\/types\/post"}],"author":[{"embeddable":true,"href":"https:\/\/www.pressenza.com\/de\/wp-json\/wp\/v2\/users\/1408"}],"replies":[{"embeddable":true,"href":"https:\/\/www.pressenza.com\/de\/wp-json\/wp\/v2\/comments?post=1402604"}],"version-history":[{"count":0,"href":"https:\/\/www.pressenza.com\/de\/wp-json\/wp\/v2\/posts\/1402604\/revisions"}],"wp:featuredmedia":[{"embeddable":true,"href":"https:\/\/www.pressenza.com\/de\/wp-json\/wp\/v2\/media\/1402606"}],"wp:attachment":[{"href":"https:\/\/www.pressenza.com\/de\/wp-json\/wp\/v2\/media?parent=1402604"}],"wp:term":[{"taxonomy":"category","embeddable":true,"href":"https:\/\/www.pressenza.com\/de\/wp-json\/wp\/v2\/categories?post=1402604"},{"taxonomy":"post_tag","embeddable":true,"href":"https:\/\/www.pressenza.com\/de\/wp-json\/wp\/v2\/tags?post=1402604"}],"curies":[{"name":"wp","href":"https:\/\/api.w.org\/{rel}","templated":true}]}}