{"id":1395722,"date":"2021-07-09T15:38:50","date_gmt":"2021-07-09T14:38:50","guid":{"rendered":"https:\/\/www.pressenza.com\/?p=1395722"},"modified":"2021-07-09T15:48:46","modified_gmt":"2021-07-09T14:48:46","slug":"einfluss-der-medien-auf-gesundheit-negative-schlagzeilen-machen-krank","status":"publish","type":"post","link":"https:\/\/www.pressenza.com\/de\/2021\/07\/einfluss-der-medien-auf-gesundheit-negative-schlagzeilen-machen-krank\/","title":{"rendered":"Einfluss der Medien auf Gesundheit: negative Schlagzeilen machen krank"},"content":{"rendered":"<p><strong><span lang=\"de-AT\">Gesundheit war lange eine Errungenschaft des jeweiligen Menschen, seiner Ern\u00e4hrung, der Bewegung, des sozialen und psychischen Wohlbefindens.\u00a0<\/span><span lang=\"de-AT\">Seit Corona soll dies nicht mehr gelten, Gesundheit ist angeblich nur mehr durch die Impfung aller Menschen erreichbar.<\/span>\u00a0<span lang=\"de-AT\">Dabei l\u00e4sst sich der Einfluss der Psyche auf die Gesundheit selbst an den Schlagzeilen von Medien bestimmen: negative Schlagzeilen machen krank und empf\u00e4nglich f\u00fcr Infektionen.<\/span><\/strong><\/p>\n<p><span lang=\"de-AT\">In\u00a0<a href=\"https:\/\/clinmedjournals.org\/articles\/iaphcm\/international-archives-of-public-health-and-community-medicine-iaphcm-5-056.php?jid=iaphcm\" target=\"_blank\" rel=\"noopener\">einer Studie<\/a>\u00a0wird a<\/span><span lang=\"de-AT\">usgehend von der Beobachtung, dass Sprachgebrauch der Gesundheit schaden kann, die \u00f6ffentliche Gesundheitssituation Ende 2020 im Vergleich zur Situation im Fr\u00fchjahr 2020 untersucht. Die Gesundheitssituation wird haupts\u00e4chlich \u00fcber<\/span><\/p>\n<ol>\n<li><span lang=\"de-AT\">die w\u00f6chentlichen Sterbef\u00e4lle 2020;<\/span><\/li>\n<li><span lang=\"de-AT\">die w\u00f6chentlichen Sterbef\u00e4lle 2020 im Vergleich zum Durchschnitt 2016-2019;<\/span><\/li>\n<li><span lang=\"de-AT\">die Sterberaten, gemessen als w\u00f6chentliche z-Scores auf nationaler Ebene, und als zus\u00e4tzliche Indikatoren;<\/span><\/li>\n<li><span lang=\"de-AT\">die Sterberaten, die COVID-19 zugeschrieben werden;<\/span><\/li>\n<li><span lang=\"de-AT\">die Intensivstationstage, die COVID-19 zugeschrieben werden; und<\/span><\/li>\n<li><span lang=\"de-AT\">die hospitalisierten COVID-19-Patienten definiert.<\/span><\/li>\n<\/ol>\n<p><span lang=\"de-AT\">Die Zahlen werden dann in Beziehung gesetzt zu<\/span><\/p>\n<p><span lang=\"de-AT\">1) den 2020 Titelseiten von einem oder, falls vorhanden, zwei w\u00f6chentlich erscheinenden, landesweit verbreiteten politischen Nachrichtenmagazinen aus \u00d6sterreich, Frankreich, Deutschland, Italien, Polen, Schweden und dem Vereinigten K\u00f6nigreich;<\/span><\/p>\n<p><span lang=\"de-AT\">2) den 2020 Titelseiten einer Tageszeitung aus \u00d6sterreich, Frankreich, Deutschland, Italien, den Niederlanden, Spanien und dem Vereinigten K\u00f6nigreich.<\/span><\/p>\n<p><span lang=\"de-AT\">Das Ergebnis ist, dass die schlechteste \u00f6ffentliche Gesundheitssituation in der Auswahl der L\u00e4nder mit der h\u00f6chsten Anzahl von Wochen mit prominenten negativen Coronavirus-Titelbl\u00e4ttern \u00fcbereinstimmt, wobei \u2013\u00a0<\/span><span lang=\"de-AT\">wenig \u00fcberraschend, sieht man sich die Qualit\u00e4t deutschsprachiger Mainstream Medien und der Politiker in \u00d6sterreich und Deutschland an \u2013 D<\/span><span lang=\"de-AT\">eutschland,\u00a0<\/span><span lang=\"de-AT\">\u00d6sterreich<\/span><span lang=\"de-AT\">\u00a0und Polen an den negativen Enden liegen. Weniger nicht-positive Cover sind meist mit besseren Zahlen verbunden.<\/span><\/p>\n<p>Die Analysen hier beruhen auf zwei empirisch basierten Theoremen:<\/p>\n<p>1. Sprache kann der individuellen Gesundheit schaden. Mehrere Studien haben die Nocebo-Effekte von Sprache bei Individuen nachgewiesen.<\/p>\n<p><span lang=\"de-AT\">2. Sprache kann der \u00f6ffentlichen Gesundheit schaden. Linguisten und Psychologen haben unter dem Begriff Propaganda\u00a0<\/span><span lang=\"de-AT\">erforscht<\/span><span lang=\"de-AT\">, wie spezielle Techniken das Denken und F\u00fchlen von Menschen beeinflussen k\u00f6nnen. Heute wird die Beeinflussung von Gedanken durch Netzwerke von W\u00f6rtern und Phrasen auch als Framing bezeichnet.<\/span><\/p>\n<p><span lang=\"de-AT\">Das Ziel dieser Studie war es, eine erste Vorstellung davon zu bekommen, wie Medienpr\u00e4senz mit der \u00f6ffentlichen Gesundheitssituation zusammenh\u00e4ngen k\u00f6nnte, ausgel\u00f6st durch fr\u00fchere Beobachtungen zu Sprache und Gesundheit. Der Effekt der Dichte positiver Titelseiten konnte hier nicht untersucht werden, da diese einfach zu wenig waren. Der Fokus lag daher auf den nicht-positiven Meldungen.<\/span><\/p>\n<p><span lang=\"de-AT\">Es sollte jedenfalls genauer untersucht werden, ob eine bessere Volksgesundheit durch eine Reduktion negativer Botschaften oder gar eine Verbreitung positiver Botschaften unterst\u00fctzt werden k\u00f6nnte.\u00a0<\/span><span lang=\"de-AT\">Das steht im Einklang mit den Erkenntnissen der Psychoneuroimmunologie, die den massiven Einfluss der Psyche auf die Gesundheit betont.<\/span><\/p>\n<p><span lang=\"de-AT\">In der Tradition der Medizin spielte\u00a0<\/span><span lang=\"de-AT\">der medikament\u00f6se Ansatz wie er mittlerweile vorherrschend geworden ist, eine eher untergeordnete Rolle. Eines der gr\u00f6\u00dften Medizinzentren der Antike war Epidauros auf dem Peloponnes. Die medikament\u00f6se Behandlung war Teil eines ganzheitlichen Ansatzes viel mehr umfasste: das ber\u00fchmte Theater (Bild oben), Bibliotheken, Meditation (zu G\u00f6ttinnen und G\u00f6ttern), B\u00e4der und Sport. F\u00fcr all das gab es entsprechende Einrichtungen.<\/span><\/p>\n<p>&nbsp;<\/p>\n<p><a href=\"https:\/\/clinmedjournals.org\/articles\/iaphcm\/international-archives-of-public-health-and-community-medicine-iaphcm-5-056.php\" target=\"_blank\" rel=\"noopener\"><em>Studie &#8222;COVID-19 Cover Pages May Cause Nocebo Effects on Public Health: First Observations on the Connection between Media and Health Data across Cultures &#8220; von Joachim Grzega, Universit\u00e4t Eichst\u00e4tt-Ingolstadt<\/em><\/a><\/p>\n<p><a href=\"https:\/\/www.pressenza.com\/de\/2019\/09\/joachim-grzega-wort-waffen-abschaffen\/\" target=\"_blank\" rel=\"noopener\"><em>Weiterer Artikel zum Thema: &#8222;Joachim Grzega: Wort-Waffen abschaffen!&#8220;<\/em><\/a><\/p>\n<p>&nbsp;<\/p>\n<p><strong><em>Der Artikel von Peter F. Mayer erschien erstmals auf dem Blog <a href=\"https:\/\/tkp.at\/2021\/06\/08\/einfluss-der-medien-auf-gesundheit-negative-schlagzeilen-machen-krank\/\" target=\"_blank\" rel=\"noopener\">tkp &#8211; Peter F. Mayer bloggt \u00fcber Science &amp; Technology<\/a>.\u00a0<\/em><\/strong><\/p>\n<p><strong><em>Wir bedanken uns f\u00fcr die freundliche Genehmigung zur Publikation.<\/em><\/strong><\/p>\n","protected":false},"excerpt":{"rendered":"<p>Gesundheit war lange eine Errungenschaft des jeweiligen Menschen, seiner Ern\u00e4hrung, der Bewegung, des sozialen und psychischen Wohlbefindens.\u00a0Seit Corona soll dies nicht mehr gelten, Gesundheit ist angeblich nur mehr durch die Impfung aller Menschen erreichbar.\u00a0Dabei l\u00e4sst sich der Einfluss der Psyche&hellip;<\/p>\n","protected":false},"author":1097,"featured_media":1395737,"comment_status":"closed","ping_status":"closed","sticky":false,"template":"","format":"standard","meta":{"footnotes":""},"categories":[9150,9160,9156,9169],"tags":[18268,72728,34238,11669,9926,68739,43106,62575,50942],"class_list":["post-1395722","post","type-post","status-publish","format-standard","has-post-thumbnail","hentry","category-europa-de","category-gesundheit","category-kultur-und-medien","category-wissenschaft-und-technologie","tag-angst","tag-corona-krise","tag-gesundheit","tag-mainstream-medien","tag-medien","tag-medienhype","tag-psyche","tag-sprache","tag-studie"],"yoast_head":"<!-- This site is optimized with the Yoast SEO plugin v27.1.1 - https:\/\/yoast.com\/product\/yoast-seo-wordpress\/ -->\n<title>Einfluss der Medien auf Gesundheit: negative Schlagzeilen machen krank<\/title>\n<meta name=\"description\" content=\"Gesundheit war lange eine Errungenschaft des jeweiligen Menschen, seiner Ern\u00e4hrung, der Bewegung, des sozialen und psychischen Wohlbefindens.\u00a0Seit Corona\" \/>\n<meta name=\"robots\" content=\"index, follow, max-snippet:-1, max-image-preview:large, max-video-preview:-1\" \/>\n<link rel=\"canonical\" href=\"https:\/\/www.pressenza.com\/de\/2021\/07\/einfluss-der-medien-auf-gesundheit-negative-schlagzeilen-machen-krank\/\" \/>\n<meta property=\"og:locale\" content=\"de_DE\" \/>\n<meta property=\"og:type\" content=\"article\" \/>\n<meta property=\"og:title\" content=\"Einfluss der Medien auf Gesundheit: negative Schlagzeilen machen krank\" \/>\n<meta property=\"og:description\" content=\"Gesundheit war lange eine Errungenschaft des jeweiligen Menschen, seiner Ern\u00e4hrung, der Bewegung, des sozialen und psychischen Wohlbefindens.\u00a0Seit Corona\" \/>\n<meta property=\"og:url\" content=\"https:\/\/www.pressenza.com\/de\/2021\/07\/einfluss-der-medien-auf-gesundheit-negative-schlagzeilen-machen-krank\/\" \/>\n<meta property=\"og:site_name\" content=\"Pressenza\" \/>\n<meta property=\"article:publisher\" content=\"https:\/\/www.facebook.com\/PressenzaItalia\" \/>\n<meta property=\"article:author\" content=\"https:\/\/www.facebook.com\/Pressenza-Deutschland-sterreich-Schweiz-281675388658060\/timeline\/\" \/>\n<meta property=\"article:published_time\" content=\"2021-07-09T14:38:50+00:00\" \/>\n<meta property=\"article:modified_time\" content=\"2021-07-09T14:48:46+00:00\" \/>\n<meta property=\"og:image\" content=\"https:\/\/www.pressenza.com\/wp-content\/uploads\/2021\/07\/Studie-Einfluss-Medien-Gesundheit-negative-Schlagzeilen-machen-krank.png\" \/>\n\t<meta property=\"og:image:width\" content=\"1198\" \/>\n\t<meta property=\"og:image:height\" content=\"791\" \/>\n\t<meta property=\"og:image:type\" content=\"image\/png\" \/>\n<meta name=\"author\" content=\"Pressenza Muenchen\" \/>\n<meta name=\"twitter:card\" content=\"summary_large_image\" \/>\n<meta name=\"twitter:creator\" content=\"@pressenza_ger\" \/>\n<meta name=\"twitter:site\" content=\"@PressenzaIPA\" \/>\n<meta name=\"twitter:label1\" content=\"Verfasst von\" \/>\n\t<meta name=\"twitter:data1\" content=\"Pressenza Muenchen\" \/>\n\t<meta name=\"twitter:label2\" content=\"Gesch\u00e4tzte Lesezeit\" \/>\n\t<meta name=\"twitter:data2\" content=\"3\u00a0Minuten\" \/>\n<script type=\"application\/ld+json\" class=\"yoast-schema-graph\">{\"@context\":\"https:\/\/schema.org\",\"@graph\":[{\"@type\":\"Article\",\"@id\":\"https:\/\/www.pressenza.com\/de\/2021\/07\/einfluss-der-medien-auf-gesundheit-negative-schlagzeilen-machen-krank\/#article\",\"isPartOf\":{\"@id\":\"https:\/\/www.pressenza.com\/de\/2021\/07\/einfluss-der-medien-auf-gesundheit-negative-schlagzeilen-machen-krank\/\"},\"author\":{\"name\":\"Pressenza Muenchen\",\"@id\":\"https:\/\/www.pressenza.com\/de\/#\/schema\/person\/0069724cfb2cb9785368a167d0d900b7\"},\"headline\":\"Einfluss der Medien auf Gesundheit: negative Schlagzeilen machen krank\",\"datePublished\":\"2021-07-09T14:38:50+00:00\",\"dateModified\":\"2021-07-09T14:48:46+00:00\",\"mainEntityOfPage\":{\"@id\":\"https:\/\/www.pressenza.com\/de\/2021\/07\/einfluss-der-medien-auf-gesundheit-negative-schlagzeilen-machen-krank\/\"},\"wordCount\":586,\"publisher\":{\"@id\":\"https:\/\/www.pressenza.com\/de\/#organization\"},\"image\":{\"@id\":\"https:\/\/www.pressenza.com\/de\/2021\/07\/einfluss-der-medien-auf-gesundheit-negative-schlagzeilen-machen-krank\/#primaryimage\"},\"thumbnailUrl\":\"https:\/\/www.pressenza.com\/wp-content\/uploads\/2021\/07\/Studie-Einfluss-Medien-Gesundheit-negative-Schlagzeilen-machen-krank.png\",\"keywords\":[\"Angst\",\"Corona-Krise\",\"Gesundheit\",\"Mainstream Medien\",\"Medien\",\"Medienhype\",\"Psyche\",\"Sprache\",\"Studie\"],\"articleSection\":[\"Europa\",\"Gesundheit\",\"Kultur und Medien\",\"Wissenschaft und Technologie\"],\"inLanguage\":\"de\"},{\"@type\":\"WebPage\",\"@id\":\"https:\/\/www.pressenza.com\/de\/2021\/07\/einfluss-der-medien-auf-gesundheit-negative-schlagzeilen-machen-krank\/\",\"url\":\"https:\/\/www.pressenza.com\/de\/2021\/07\/einfluss-der-medien-auf-gesundheit-negative-schlagzeilen-machen-krank\/\",\"name\":\"Einfluss der Medien auf Gesundheit: negative Schlagzeilen machen krank\",\"isPartOf\":{\"@id\":\"https:\/\/www.pressenza.com\/de\/#website\"},\"primaryImageOfPage\":{\"@id\":\"https:\/\/www.pressenza.com\/de\/2021\/07\/einfluss-der-medien-auf-gesundheit-negative-schlagzeilen-machen-krank\/#primaryimage\"},\"image\":{\"@id\":\"https:\/\/www.pressenza.com\/de\/2021\/07\/einfluss-der-medien-auf-gesundheit-negative-schlagzeilen-machen-krank\/#primaryimage\"},\"thumbnailUrl\":\"https:\/\/www.pressenza.com\/wp-content\/uploads\/2021\/07\/Studie-Einfluss-Medien-Gesundheit-negative-Schlagzeilen-machen-krank.png\",\"datePublished\":\"2021-07-09T14:38:50+00:00\",\"dateModified\":\"2021-07-09T14:48:46+00:00\",\"description\":\"Gesundheit war lange eine Errungenschaft des jeweiligen Menschen, seiner Ern\u00e4hrung, der Bewegung, des sozialen und psychischen Wohlbefindens.\u00a0Seit Corona\",\"breadcrumb\":{\"@id\":\"https:\/\/www.pressenza.com\/de\/2021\/07\/einfluss-der-medien-auf-gesundheit-negative-schlagzeilen-machen-krank\/#breadcrumb\"},\"inLanguage\":\"de\",\"potentialAction\":[{\"@type\":\"ReadAction\",\"target\":[\"https:\/\/www.pressenza.com\/de\/2021\/07\/einfluss-der-medien-auf-gesundheit-negative-schlagzeilen-machen-krank\/\"]}]},{\"@type\":\"ImageObject\",\"inLanguage\":\"de\",\"@id\":\"https:\/\/www.pressenza.com\/de\/2021\/07\/einfluss-der-medien-auf-gesundheit-negative-schlagzeilen-machen-krank\/#primaryimage\",\"url\":\"https:\/\/www.pressenza.com\/wp-content\/uploads\/2021\/07\/Studie-Einfluss-Medien-Gesundheit-negative-Schlagzeilen-machen-krank.png\",\"contentUrl\":\"https:\/\/www.pressenza.com\/wp-content\/uploads\/2021\/07\/Studie-Einfluss-Medien-Gesundheit-negative-Schlagzeilen-machen-krank.png\",\"width\":1198,\"height\":791,\"caption\":\"Einfluss der Medien auf Gesundheit: negative Schlagzeilen machen krank\"},{\"@type\":\"BreadcrumbList\",\"@id\":\"https:\/\/www.pressenza.com\/de\/2021\/07\/einfluss-der-medien-auf-gesundheit-negative-schlagzeilen-machen-krank\/#breadcrumb\",\"itemListElement\":[{\"@type\":\"ListItem\",\"position\":1,\"name\":\"Accueil\",\"item\":\"https:\/\/www.pressenza.com\/de\/\"},{\"@type\":\"ListItem\",\"position\":2,\"name\":\"Einfluss der Medien auf Gesundheit: negative Schlagzeilen machen krank\"}]},{\"@type\":\"WebSite\",\"@id\":\"https:\/\/www.pressenza.com\/de\/#website\",\"url\":\"https:\/\/www.pressenza.com\/de\/\",\"name\":\"Pressenza\",\"description\":\"International Press Agency\",\"publisher\":{\"@id\":\"https:\/\/www.pressenza.com\/de\/#organization\"},\"potentialAction\":[{\"@type\":\"SearchAction\",\"target\":{\"@type\":\"EntryPoint\",\"urlTemplate\":\"https:\/\/www.pressenza.com\/de\/?s={search_term_string}\"},\"query-input\":{\"@type\":\"PropertyValueSpecification\",\"valueRequired\":true,\"valueName\":\"search_term_string\"}}],\"inLanguage\":\"de\"},{\"@type\":\"Organization\",\"@id\":\"https:\/\/www.pressenza.com\/de\/#organization\",\"name\":\"Pressenza\",\"url\":\"https:\/\/www.pressenza.com\/de\/\",\"logo\":{\"@type\":\"ImageObject\",\"inLanguage\":\"de\",\"@id\":\"https:\/\/www.pressenza.com\/de\/#\/schema\/logo\/image\/\",\"url\":\"https:\/\/www.pressenza.com\/wp-content\/uploads\/2022\/10\/pressenza_logo_200x200.jpg\",\"contentUrl\":\"https:\/\/www.pressenza.com\/wp-content\/uploads\/2022\/10\/pressenza_logo_200x200.jpg\",\"width\":200,\"height\":200,\"caption\":\"Pressenza\"},\"image\":{\"@id\":\"https:\/\/www.pressenza.com\/de\/#\/schema\/logo\/image\/\"},\"sameAs\":[\"https:\/\/www.facebook.com\/PressenzaItalia\",\"https:\/\/x.com\/PressenzaIPA\"]},{\"@type\":\"Person\",\"@id\":\"https:\/\/www.pressenza.com\/de\/#\/schema\/person\/0069724cfb2cb9785368a167d0d900b7\",\"name\":\"Pressenza Muenchen\",\"description\":\"News from the Pressenza bureau in Munich, Germany\",\"sameAs\":[\"https:\/\/www.facebook.com\/Pressenza-Deutschland-sterreich-Schweiz-281675388658060\/timeline\/\",\"https:\/\/x.com\/pressenza_ger\"],\"url\":\"https:\/\/www.pressenza.com\/de\/author\/pressenza-muenchen\/\"}]}<\/script>\n<!-- \/ Yoast SEO plugin. -->","yoast_head_json":{"title":"Einfluss der Medien auf Gesundheit: negative Schlagzeilen machen krank","description":"Gesundheit war lange eine Errungenschaft des jeweiligen Menschen, seiner Ern\u00e4hrung, der Bewegung, des sozialen und psychischen Wohlbefindens.\u00a0Seit Corona","robots":{"index":"index","follow":"follow","max-snippet":"max-snippet:-1","max-image-preview":"max-image-preview:large","max-video-preview":"max-video-preview:-1"},"canonical":"https:\/\/www.pressenza.com\/de\/2021\/07\/einfluss-der-medien-auf-gesundheit-negative-schlagzeilen-machen-krank\/","og_locale":"de_DE","og_type":"article","og_title":"Einfluss der Medien auf Gesundheit: negative Schlagzeilen machen krank","og_description":"Gesundheit war lange eine Errungenschaft des jeweiligen Menschen, seiner Ern\u00e4hrung, der Bewegung, des sozialen und psychischen Wohlbefindens.\u00a0Seit Corona","og_url":"https:\/\/www.pressenza.com\/de\/2021\/07\/einfluss-der-medien-auf-gesundheit-negative-schlagzeilen-machen-krank\/","og_site_name":"Pressenza","article_publisher":"https:\/\/www.facebook.com\/PressenzaItalia","article_author":"https:\/\/www.facebook.com\/Pressenza-Deutschland-sterreich-Schweiz-281675388658060\/timeline\/","article_published_time":"2021-07-09T14:38:50+00:00","article_modified_time":"2021-07-09T14:48:46+00:00","og_image":[{"width":1198,"height":791,"url":"https:\/\/www.pressenza.com\/wp-content\/uploads\/2021\/07\/Studie-Einfluss-Medien-Gesundheit-negative-Schlagzeilen-machen-krank.png","type":"image\/png"}],"author":"Pressenza Muenchen","twitter_card":"summary_large_image","twitter_creator":"@pressenza_ger","twitter_site":"@PressenzaIPA","twitter_misc":{"Verfasst von":"Pressenza Muenchen","Gesch\u00e4tzte Lesezeit":"3\u00a0Minuten"},"schema":{"@context":"https:\/\/schema.org","@graph":[{"@type":"Article","@id":"https:\/\/www.pressenza.com\/de\/2021\/07\/einfluss-der-medien-auf-gesundheit-negative-schlagzeilen-machen-krank\/#article","isPartOf":{"@id":"https:\/\/www.pressenza.com\/de\/2021\/07\/einfluss-der-medien-auf-gesundheit-negative-schlagzeilen-machen-krank\/"},"author":{"name":"Pressenza Muenchen","@id":"https:\/\/www.pressenza.com\/de\/#\/schema\/person\/0069724cfb2cb9785368a167d0d900b7"},"headline":"Einfluss der Medien auf Gesundheit: negative Schlagzeilen machen krank","datePublished":"2021-07-09T14:38:50+00:00","dateModified":"2021-07-09T14:48:46+00:00","mainEntityOfPage":{"@id":"https:\/\/www.pressenza.com\/de\/2021\/07\/einfluss-der-medien-auf-gesundheit-negative-schlagzeilen-machen-krank\/"},"wordCount":586,"publisher":{"@id":"https:\/\/www.pressenza.com\/de\/#organization"},"image":{"@id":"https:\/\/www.pressenza.com\/de\/2021\/07\/einfluss-der-medien-auf-gesundheit-negative-schlagzeilen-machen-krank\/#primaryimage"},"thumbnailUrl":"https:\/\/www.pressenza.com\/wp-content\/uploads\/2021\/07\/Studie-Einfluss-Medien-Gesundheit-negative-Schlagzeilen-machen-krank.png","keywords":["Angst","Corona-Krise","Gesundheit","Mainstream Medien","Medien","Medienhype","Psyche","Sprache","Studie"],"articleSection":["Europa","Gesundheit","Kultur und Medien","Wissenschaft und Technologie"],"inLanguage":"de"},{"@type":"WebPage","@id":"https:\/\/www.pressenza.com\/de\/2021\/07\/einfluss-der-medien-auf-gesundheit-negative-schlagzeilen-machen-krank\/","url":"https:\/\/www.pressenza.com\/de\/2021\/07\/einfluss-der-medien-auf-gesundheit-negative-schlagzeilen-machen-krank\/","name":"Einfluss der Medien auf Gesundheit: negative Schlagzeilen machen krank","isPartOf":{"@id":"https:\/\/www.pressenza.com\/de\/#website"},"primaryImageOfPage":{"@id":"https:\/\/www.pressenza.com\/de\/2021\/07\/einfluss-der-medien-auf-gesundheit-negative-schlagzeilen-machen-krank\/#primaryimage"},"image":{"@id":"https:\/\/www.pressenza.com\/de\/2021\/07\/einfluss-der-medien-auf-gesundheit-negative-schlagzeilen-machen-krank\/#primaryimage"},"thumbnailUrl":"https:\/\/www.pressenza.com\/wp-content\/uploads\/2021\/07\/Studie-Einfluss-Medien-Gesundheit-negative-Schlagzeilen-machen-krank.png","datePublished":"2021-07-09T14:38:50+00:00","dateModified":"2021-07-09T14:48:46+00:00","description":"Gesundheit war lange eine Errungenschaft des jeweiligen Menschen, seiner Ern\u00e4hrung, der Bewegung, des sozialen und psychischen Wohlbefindens.\u00a0Seit Corona","breadcrumb":{"@id":"https:\/\/www.pressenza.com\/de\/2021\/07\/einfluss-der-medien-auf-gesundheit-negative-schlagzeilen-machen-krank\/#breadcrumb"},"inLanguage":"de","potentialAction":[{"@type":"ReadAction","target":["https:\/\/www.pressenza.com\/de\/2021\/07\/einfluss-der-medien-auf-gesundheit-negative-schlagzeilen-machen-krank\/"]}]},{"@type":"ImageObject","inLanguage":"de","@id":"https:\/\/www.pressenza.com\/de\/2021\/07\/einfluss-der-medien-auf-gesundheit-negative-schlagzeilen-machen-krank\/#primaryimage","url":"https:\/\/www.pressenza.com\/wp-content\/uploads\/2021\/07\/Studie-Einfluss-Medien-Gesundheit-negative-Schlagzeilen-machen-krank.png","contentUrl":"https:\/\/www.pressenza.com\/wp-content\/uploads\/2021\/07\/Studie-Einfluss-Medien-Gesundheit-negative-Schlagzeilen-machen-krank.png","width":1198,"height":791,"caption":"Einfluss der Medien auf Gesundheit: negative Schlagzeilen machen krank"},{"@type":"BreadcrumbList","@id":"https:\/\/www.pressenza.com\/de\/2021\/07\/einfluss-der-medien-auf-gesundheit-negative-schlagzeilen-machen-krank\/#breadcrumb","itemListElement":[{"@type":"ListItem","position":1,"name":"Accueil","item":"https:\/\/www.pressenza.com\/de\/"},{"@type":"ListItem","position":2,"name":"Einfluss der Medien auf Gesundheit: negative Schlagzeilen machen krank"}]},{"@type":"WebSite","@id":"https:\/\/www.pressenza.com\/de\/#website","url":"https:\/\/www.pressenza.com\/de\/","name":"Pressenza","description":"International Press Agency","publisher":{"@id":"https:\/\/www.pressenza.com\/de\/#organization"},"potentialAction":[{"@type":"SearchAction","target":{"@type":"EntryPoint","urlTemplate":"https:\/\/www.pressenza.com\/de\/?s={search_term_string}"},"query-input":{"@type":"PropertyValueSpecification","valueRequired":true,"valueName":"search_term_string"}}],"inLanguage":"de"},{"@type":"Organization","@id":"https:\/\/www.pressenza.com\/de\/#organization","name":"Pressenza","url":"https:\/\/www.pressenza.com\/de\/","logo":{"@type":"ImageObject","inLanguage":"de","@id":"https:\/\/www.pressenza.com\/de\/#\/schema\/logo\/image\/","url":"https:\/\/www.pressenza.com\/wp-content\/uploads\/2022\/10\/pressenza_logo_200x200.jpg","contentUrl":"https:\/\/www.pressenza.com\/wp-content\/uploads\/2022\/10\/pressenza_logo_200x200.jpg","width":200,"height":200,"caption":"Pressenza"},"image":{"@id":"https:\/\/www.pressenza.com\/de\/#\/schema\/logo\/image\/"},"sameAs":["https:\/\/www.facebook.com\/PressenzaItalia","https:\/\/x.com\/PressenzaIPA"]},{"@type":"Person","@id":"https:\/\/www.pressenza.com\/de\/#\/schema\/person\/0069724cfb2cb9785368a167d0d900b7","name":"Pressenza Muenchen","description":"News from the Pressenza bureau in Munich, Germany","sameAs":["https:\/\/www.facebook.com\/Pressenza-Deutschland-sterreich-Schweiz-281675388658060\/timeline\/","https:\/\/x.com\/pressenza_ger"],"url":"https:\/\/www.pressenza.com\/de\/author\/pressenza-muenchen\/"}]}},"place":"tkp - Peter F. Mayer","original_article_url":"","_links":{"self":[{"href":"https:\/\/www.pressenza.com\/de\/wp-json\/wp\/v2\/posts\/1395722","targetHints":{"allow":["GET"]}}],"collection":[{"href":"https:\/\/www.pressenza.com\/de\/wp-json\/wp\/v2\/posts"}],"about":[{"href":"https:\/\/www.pressenza.com\/de\/wp-json\/wp\/v2\/types\/post"}],"author":[{"embeddable":true,"href":"https:\/\/www.pressenza.com\/de\/wp-json\/wp\/v2\/users\/1097"}],"replies":[{"embeddable":true,"href":"https:\/\/www.pressenza.com\/de\/wp-json\/wp\/v2\/comments?post=1395722"}],"version-history":[{"count":0,"href":"https:\/\/www.pressenza.com\/de\/wp-json\/wp\/v2\/posts\/1395722\/revisions"}],"wp:featuredmedia":[{"embeddable":true,"href":"https:\/\/www.pressenza.com\/de\/wp-json\/wp\/v2\/media\/1395737"}],"wp:attachment":[{"href":"https:\/\/www.pressenza.com\/de\/wp-json\/wp\/v2\/media?parent=1395722"}],"wp:term":[{"taxonomy":"category","embeddable":true,"href":"https:\/\/www.pressenza.com\/de\/wp-json\/wp\/v2\/categories?post=1395722"},{"taxonomy":"post_tag","embeddable":true,"href":"https:\/\/www.pressenza.com\/de\/wp-json\/wp\/v2\/tags?post=1395722"}],"curies":[{"name":"wp","href":"https:\/\/api.w.org\/{rel}","templated":true}]}}