{"id":1389853,"date":"2021-06-30T06:32:15","date_gmt":"2021-06-30T05:32:15","guid":{"rendered":"https:\/\/www.pressenza.com\/?p=1389853"},"modified":"2021-06-30T06:32:15","modified_gmt":"2021-06-30T05:32:15","slug":"keine-finanzierung-des-groessten-europaeischen-ruestungprojekts-aller-zeiten","status":"publish","type":"post","link":"https:\/\/www.pressenza.com\/de\/2021\/06\/keine-finanzierung-des-groessten-europaeischen-ruestungprojekts-aller-zeiten\/","title":{"rendered":"Keine Finanzierung des gr\u00f6\u00dften europ\u00e4ischen R\u00fcstungprojekts aller Zeiten"},"content":{"rendered":"<p><strong>Abstimmung \u00fcber die Finanzierung des Future Combat Air Systems (FCAS).<\/strong><\/p>\n<div class=\"teaseronshow\">\n<p class=\"bodytext\">Die \u00e4rztliche Friedensorganisation IPPNW fordert die Abgeordneten anl\u00e4sslich der morgigen Abstimmung im Haushaltsausschuss auf, die weitere Finanzierung des Future Combat Air Systems (FCAS) abzulehnen. \u201eFCAS ist ein R\u00fcstungsprojekt, das die internationalen Beziehungen \u00fcber Jahrzehnte pr\u00e4gen wird. Aufgrund seiner vielf\u00e4ltigen Implikationen f\u00fcr unsere Zukunft und seiner immensen Kosten ist eine breite \u00f6ffentliche Debatte \u00fcber dieses Projekt erforderlich, bevor es durch die Bewilligung hoher Entwicklungskosten tendenziell unumkehrbar gemacht wird\u201c, erkl\u00e4rt Ralph Urban, Vorstandsmitglied der IPPNW.<\/p>\n<\/div>\n<p class=\"bodytext\">Alleine die Entwicklungskosten werden auf \u00fcber 100 Milliarden Euro gesch\u00e4tzt, die Gesamtkosten auf 500 Milliarden Euro. F\u00fcr die jetzt zu bewilligenden Gelder wurde im Fr\u00fchjahr noch von einer Summe von 300-500 Millionen Euro ausgegangen,\u00a0 jetzt geht es nach Angaben des ZDF um 4,5 Milliarden Euro. Ber\u00fccksichtigt man, dass sich drei beteiligte Staaten die Kosten teilen, kostet die Entwicklung von FCAS schon in der Fr\u00fchphase mehr als 13 Milliarden Euro.<\/p>\n<p>Mit gr\u00f6\u00dfter Sorge erf\u00fcllt die IPPNW auch das Procedere, das die Abgeordneten des Bundestages weitgehend ausschlie\u00dft. Der Bundesrechnungshof kritisiert, dass das Verteidigungsministerium auf die Extramilliarden dr\u00e4nge, obwohl &#8222;dem Parlament noch kein endverhandeltes Vertragswerk vorgelegt werden kann&#8220;. Zustimmen aber soll der Haushaltsausschuss schon jetzt. FCAS ist nicht nur ein neuartiger Kampfjet, der veraltete Modelle ersetzen soll. FCAS umfasst teilweise bewaffnete Drohnenschw\u00e4rme und eine Vernetzung durch eine \u201eGefechts-Cloud\u201c. Vor dem Hintergrund eines drohenden Wettr\u00fcstens im Bereich der k\u00fcnstlichen Intelligenz ist zu bef\u00fcrchten, dass FCAS letztlich zu einem System mit autonomen Waffen weiter entwickelt wird.<\/p>\n<p>Der Einstieg in die Entwicklung des FCAS soll zu einer Zeit erfolgen, in der die Welt mit den Folgen der Corona-Pandemie und der Klimakatastrophe zu k\u00e4mpfen hat. Die f\u00fcr das FCAS veranschlagten Milliarden brauchen wir dringend f\u00fcr einen \u00f6kologisch-sozialen Umbau unserer Gesellschaft.<\/p>\n","protected":false},"excerpt":{"rendered":"<p>Abstimmung \u00fcber die Finanzierung des Future Combat Air Systems (FCAS). Die \u00e4rztliche Friedensorganisation IPPNW fordert die Abgeordneten anl\u00e4sslich der morgigen Abstimmung im Haushaltsausschuss auf, die weitere Finanzierung des Future Combat Air Systems (FCAS) abzulehnen. \u201eFCAS ist ein R\u00fcstungsprojekt, das die&hellip;<\/p>\n","protected":false},"author":1095,"featured_media":1389854,"comment_status":"closed","ping_status":"closed","sticky":false,"template":"","format":"standard","meta":{"footnotes":""},"categories":[9167,9157,9168,9145],"tags":[18892,85676,92484,60945,33534],"class_list":["post-1389853","post","type-post","status-publish","format-standard","has-post-thumbnail","hentry","category-frieden-und-abruestung","category-oekologie-und-umwelt","category-politik","category-pressemitteilungen","tag-drohnenkrieg","tag-fcas","tag-future-combat-air-systems","tag-ippnw-de","tag-ruestung"],"yoast_head":"<!-- This site is optimized with the Yoast SEO plugin v27.1.1 - https:\/\/yoast.com\/product\/yoast-seo-wordpress\/ -->\n<title>Keine Finanzierung des gr\u00f6\u00dften europ\u00e4ischen R\u00fcstungprojekts aller Zeiten<\/title>\n<meta name=\"description\" content=\"Abstimmung \u00fcber die Finanzierung des Future Combat Air Systems (FCAS). Die \u00e4rztliche Friedensorganisation IPPNW fordert die Abgeordneten anl\u00e4sslich der\" \/>\n<meta name=\"robots\" content=\"index, follow, max-snippet:-1, max-image-preview:large, max-video-preview:-1\" \/>\n<link rel=\"canonical\" href=\"https:\/\/www.pressenza.com\/de\/2021\/06\/keine-finanzierung-des-groessten-europaeischen-ruestungprojekts-aller-zeiten\/\" \/>\n<meta property=\"og:locale\" content=\"de_DE\" \/>\n<meta property=\"og:type\" content=\"article\" \/>\n<meta property=\"og:title\" content=\"Keine Finanzierung des gr\u00f6\u00dften europ\u00e4ischen R\u00fcstungprojekts aller Zeiten\" \/>\n<meta property=\"og:description\" content=\"Abstimmung \u00fcber die Finanzierung des Future Combat Air Systems (FCAS). Die \u00e4rztliche Friedensorganisation IPPNW fordert die Abgeordneten anl\u00e4sslich der\" \/>\n<meta property=\"og:url\" content=\"https:\/\/www.pressenza.com\/de\/2021\/06\/keine-finanzierung-des-groessten-europaeischen-ruestungprojekts-aller-zeiten\/\" \/>\n<meta property=\"og:site_name\" content=\"Pressenza\" \/>\n<meta property=\"article:publisher\" content=\"https:\/\/www.facebook.com\/PressenzaItalia\" \/>\n<meta property=\"article:author\" content=\"https:\/\/www.facebook.com\/Pressenza-Deutschland-sterreich-Schweiz-281675388658060\/timeline\/\" \/>\n<meta property=\"article:published_time\" content=\"2021-06-30T05:32:15+00:00\" \/>\n<meta property=\"og:image\" content=\"https:\/\/www.pressenza.com\/wp-content\/uploads\/2021\/06\/csm_Drohnenprotest_2014_Stephen_Melkisethian_4d32201f32.v1.jpg\" \/>\n\t<meta property=\"og:image:width\" content=\"1920\" \/>\n\t<meta property=\"og:image:height\" content=\"1920\" \/>\n\t<meta property=\"og:image:type\" content=\"image\/jpeg\" \/>\n<meta name=\"author\" content=\"Pressenza Berlin\" \/>\n<meta name=\"twitter:card\" content=\"summary_large_image\" \/>\n<meta name=\"twitter:creator\" content=\"@pressenza_ger\" \/>\n<meta name=\"twitter:site\" content=\"@PressenzaIPA\" \/>\n<meta name=\"twitter:label1\" content=\"Verfasst von\" \/>\n\t<meta name=\"twitter:data1\" content=\"Pressenza Berlin\" \/>\n\t<meta name=\"twitter:label2\" content=\"Gesch\u00e4tzte Lesezeit\" \/>\n\t<meta name=\"twitter:data2\" content=\"2\u00a0Minuten\" \/>\n<script type=\"application\/ld+json\" class=\"yoast-schema-graph\">{\"@context\":\"https:\/\/schema.org\",\"@graph\":[{\"@type\":\"Article\",\"@id\":\"https:\/\/www.pressenza.com\/de\/2021\/06\/keine-finanzierung-des-groessten-europaeischen-ruestungprojekts-aller-zeiten\/#article\",\"isPartOf\":{\"@id\":\"https:\/\/www.pressenza.com\/de\/2021\/06\/keine-finanzierung-des-groessten-europaeischen-ruestungprojekts-aller-zeiten\/\"},\"author\":{\"name\":\"Pressenza Berlin\",\"@id\":\"https:\/\/www.pressenza.com\/de\/#\/schema\/person\/57bb5480943a496a7722b0248e4b658a\"},\"headline\":\"Keine Finanzierung des gr\u00f6\u00dften europ\u00e4ischen R\u00fcstungprojekts aller Zeiten\",\"datePublished\":\"2021-06-30T05:32:15+00:00\",\"mainEntityOfPage\":{\"@id\":\"https:\/\/www.pressenza.com\/de\/2021\/06\/keine-finanzierung-des-groessten-europaeischen-ruestungprojekts-aller-zeiten\/\"},\"wordCount\":315,\"publisher\":{\"@id\":\"https:\/\/www.pressenza.com\/de\/#organization\"},\"image\":{\"@id\":\"https:\/\/www.pressenza.com\/de\/2021\/06\/keine-finanzierung-des-groessten-europaeischen-ruestungprojekts-aller-zeiten\/#primaryimage\"},\"thumbnailUrl\":\"https:\/\/www.pressenza.com\/wp-content\/uploads\/2021\/06\/csm_Drohnenprotest_2014_Stephen_Melkisethian_4d32201f32.v1.jpg\",\"keywords\":[\"Drohnenkrieg\",\"FCAS\",\"Future Combat Air Systems\",\"IPPNW\",\"R\u00fcstung\"],\"articleSection\":[\"Frieden und Abr\u00fcstung\",\"\u00d6kologie und Umwelt\",\"Politik\",\"Pressemitteilungen\"],\"inLanguage\":\"de\"},{\"@type\":\"WebPage\",\"@id\":\"https:\/\/www.pressenza.com\/de\/2021\/06\/keine-finanzierung-des-groessten-europaeischen-ruestungprojekts-aller-zeiten\/\",\"url\":\"https:\/\/www.pressenza.com\/de\/2021\/06\/keine-finanzierung-des-groessten-europaeischen-ruestungprojekts-aller-zeiten\/\",\"name\":\"Keine Finanzierung des gr\u00f6\u00dften europ\u00e4ischen R\u00fcstungprojekts aller Zeiten\",\"isPartOf\":{\"@id\":\"https:\/\/www.pressenza.com\/de\/#website\"},\"primaryImageOfPage\":{\"@id\":\"https:\/\/www.pressenza.com\/de\/2021\/06\/keine-finanzierung-des-groessten-europaeischen-ruestungprojekts-aller-zeiten\/#primaryimage\"},\"image\":{\"@id\":\"https:\/\/www.pressenza.com\/de\/2021\/06\/keine-finanzierung-des-groessten-europaeischen-ruestungprojekts-aller-zeiten\/#primaryimage\"},\"thumbnailUrl\":\"https:\/\/www.pressenza.com\/wp-content\/uploads\/2021\/06\/csm_Drohnenprotest_2014_Stephen_Melkisethian_4d32201f32.v1.jpg\",\"datePublished\":\"2021-06-30T05:32:15+00:00\",\"description\":\"Abstimmung \u00fcber die Finanzierung des Future Combat Air Systems (FCAS). Die \u00e4rztliche Friedensorganisation IPPNW fordert die Abgeordneten anl\u00e4sslich der\",\"breadcrumb\":{\"@id\":\"https:\/\/www.pressenza.com\/de\/2021\/06\/keine-finanzierung-des-groessten-europaeischen-ruestungprojekts-aller-zeiten\/#breadcrumb\"},\"inLanguage\":\"de\",\"potentialAction\":[{\"@type\":\"ReadAction\",\"target\":[\"https:\/\/www.pressenza.com\/de\/2021\/06\/keine-finanzierung-des-groessten-europaeischen-ruestungprojekts-aller-zeiten\/\"]}]},{\"@type\":\"ImageObject\",\"inLanguage\":\"de\",\"@id\":\"https:\/\/www.pressenza.com\/de\/2021\/06\/keine-finanzierung-des-groessten-europaeischen-ruestungprojekts-aller-zeiten\/#primaryimage\",\"url\":\"https:\/\/www.pressenza.com\/wp-content\/uploads\/2021\/06\/csm_Drohnenprotest_2014_Stephen_Melkisethian_4d32201f32.v1.jpg\",\"contentUrl\":\"https:\/\/www.pressenza.com\/wp-content\/uploads\/2021\/06\/csm_Drohnenprotest_2014_Stephen_Melkisethian_4d32201f32.v1.jpg\",\"width\":1920,\"height\":1920},{\"@type\":\"BreadcrumbList\",\"@id\":\"https:\/\/www.pressenza.com\/de\/2021\/06\/keine-finanzierung-des-groessten-europaeischen-ruestungprojekts-aller-zeiten\/#breadcrumb\",\"itemListElement\":[{\"@type\":\"ListItem\",\"position\":1,\"name\":\"Accueil\",\"item\":\"https:\/\/www.pressenza.com\/de\/\"},{\"@type\":\"ListItem\",\"position\":2,\"name\":\"Keine Finanzierung des gr\u00f6\u00dften europ\u00e4ischen R\u00fcstungprojekts aller Zeiten\"}]},{\"@type\":\"WebSite\",\"@id\":\"https:\/\/www.pressenza.com\/de\/#website\",\"url\":\"https:\/\/www.pressenza.com\/de\/\",\"name\":\"Pressenza\",\"description\":\"International Press Agency\",\"publisher\":{\"@id\":\"https:\/\/www.pressenza.com\/de\/#organization\"},\"potentialAction\":[{\"@type\":\"SearchAction\",\"target\":{\"@type\":\"EntryPoint\",\"urlTemplate\":\"https:\/\/www.pressenza.com\/de\/?s={search_term_string}\"},\"query-input\":{\"@type\":\"PropertyValueSpecification\",\"valueRequired\":true,\"valueName\":\"search_term_string\"}}],\"inLanguage\":\"de\"},{\"@type\":\"Organization\",\"@id\":\"https:\/\/www.pressenza.com\/de\/#organization\",\"name\":\"Pressenza\",\"url\":\"https:\/\/www.pressenza.com\/de\/\",\"logo\":{\"@type\":\"ImageObject\",\"inLanguage\":\"de\",\"@id\":\"https:\/\/www.pressenza.com\/de\/#\/schema\/logo\/image\/\",\"url\":\"https:\/\/www.pressenza.com\/wp-content\/uploads\/2022\/10\/pressenza_logo_200x200.jpg\",\"contentUrl\":\"https:\/\/www.pressenza.com\/wp-content\/uploads\/2022\/10\/pressenza_logo_200x200.jpg\",\"width\":200,\"height\":200,\"caption\":\"Pressenza\"},\"image\":{\"@id\":\"https:\/\/www.pressenza.com\/de\/#\/schema\/logo\/image\/\"},\"sameAs\":[\"https:\/\/www.facebook.com\/PressenzaItalia\",\"https:\/\/x.com\/PressenzaIPA\"]},{\"@type\":\"Person\",\"@id\":\"https:\/\/www.pressenza.com\/de\/#\/schema\/person\/57bb5480943a496a7722b0248e4b658a\",\"name\":\"Pressenza Berlin\",\"description\":\"News from the Pressenza Bureau in Berlin, Germany\",\"sameAs\":[\"https:\/\/www.facebook.com\/Pressenza-Deutschland-sterreich-Schweiz-281675388658060\/timeline\/\",\"https:\/\/x.com\/pressenza_ger\"],\"url\":\"https:\/\/www.pressenza.com\/de\/author\/pressenza-berlin\/\"}]}<\/script>\n<!-- \/ Yoast SEO plugin. -->","yoast_head_json":{"title":"Keine Finanzierung des gr\u00f6\u00dften europ\u00e4ischen R\u00fcstungprojekts aller Zeiten","description":"Abstimmung \u00fcber die Finanzierung des Future Combat Air Systems (FCAS). Die \u00e4rztliche Friedensorganisation IPPNW fordert die Abgeordneten anl\u00e4sslich der","robots":{"index":"index","follow":"follow","max-snippet":"max-snippet:-1","max-image-preview":"max-image-preview:large","max-video-preview":"max-video-preview:-1"},"canonical":"https:\/\/www.pressenza.com\/de\/2021\/06\/keine-finanzierung-des-groessten-europaeischen-ruestungprojekts-aller-zeiten\/","og_locale":"de_DE","og_type":"article","og_title":"Keine Finanzierung des gr\u00f6\u00dften europ\u00e4ischen R\u00fcstungprojekts aller Zeiten","og_description":"Abstimmung \u00fcber die Finanzierung des Future Combat Air Systems (FCAS). Die \u00e4rztliche Friedensorganisation IPPNW fordert die Abgeordneten anl\u00e4sslich der","og_url":"https:\/\/www.pressenza.com\/de\/2021\/06\/keine-finanzierung-des-groessten-europaeischen-ruestungprojekts-aller-zeiten\/","og_site_name":"Pressenza","article_publisher":"https:\/\/www.facebook.com\/PressenzaItalia","article_author":"https:\/\/www.facebook.com\/Pressenza-Deutschland-sterreich-Schweiz-281675388658060\/timeline\/","article_published_time":"2021-06-30T05:32:15+00:00","og_image":[{"width":1920,"height":1920,"url":"https:\/\/www.pressenza.com\/wp-content\/uploads\/2021\/06\/csm_Drohnenprotest_2014_Stephen_Melkisethian_4d32201f32.v1.jpg","type":"image\/jpeg"}],"author":"Pressenza Berlin","twitter_card":"summary_large_image","twitter_creator":"@pressenza_ger","twitter_site":"@PressenzaIPA","twitter_misc":{"Verfasst von":"Pressenza Berlin","Gesch\u00e4tzte Lesezeit":"2\u00a0Minuten"},"schema":{"@context":"https:\/\/schema.org","@graph":[{"@type":"Article","@id":"https:\/\/www.pressenza.com\/de\/2021\/06\/keine-finanzierung-des-groessten-europaeischen-ruestungprojekts-aller-zeiten\/#article","isPartOf":{"@id":"https:\/\/www.pressenza.com\/de\/2021\/06\/keine-finanzierung-des-groessten-europaeischen-ruestungprojekts-aller-zeiten\/"},"author":{"name":"Pressenza Berlin","@id":"https:\/\/www.pressenza.com\/de\/#\/schema\/person\/57bb5480943a496a7722b0248e4b658a"},"headline":"Keine Finanzierung des gr\u00f6\u00dften europ\u00e4ischen R\u00fcstungprojekts aller Zeiten","datePublished":"2021-06-30T05:32:15+00:00","mainEntityOfPage":{"@id":"https:\/\/www.pressenza.com\/de\/2021\/06\/keine-finanzierung-des-groessten-europaeischen-ruestungprojekts-aller-zeiten\/"},"wordCount":315,"publisher":{"@id":"https:\/\/www.pressenza.com\/de\/#organization"},"image":{"@id":"https:\/\/www.pressenza.com\/de\/2021\/06\/keine-finanzierung-des-groessten-europaeischen-ruestungprojekts-aller-zeiten\/#primaryimage"},"thumbnailUrl":"https:\/\/www.pressenza.com\/wp-content\/uploads\/2021\/06\/csm_Drohnenprotest_2014_Stephen_Melkisethian_4d32201f32.v1.jpg","keywords":["Drohnenkrieg","FCAS","Future Combat Air Systems","IPPNW","R\u00fcstung"],"articleSection":["Frieden und Abr\u00fcstung","\u00d6kologie und Umwelt","Politik","Pressemitteilungen"],"inLanguage":"de"},{"@type":"WebPage","@id":"https:\/\/www.pressenza.com\/de\/2021\/06\/keine-finanzierung-des-groessten-europaeischen-ruestungprojekts-aller-zeiten\/","url":"https:\/\/www.pressenza.com\/de\/2021\/06\/keine-finanzierung-des-groessten-europaeischen-ruestungprojekts-aller-zeiten\/","name":"Keine Finanzierung des gr\u00f6\u00dften europ\u00e4ischen R\u00fcstungprojekts aller Zeiten","isPartOf":{"@id":"https:\/\/www.pressenza.com\/de\/#website"},"primaryImageOfPage":{"@id":"https:\/\/www.pressenza.com\/de\/2021\/06\/keine-finanzierung-des-groessten-europaeischen-ruestungprojekts-aller-zeiten\/#primaryimage"},"image":{"@id":"https:\/\/www.pressenza.com\/de\/2021\/06\/keine-finanzierung-des-groessten-europaeischen-ruestungprojekts-aller-zeiten\/#primaryimage"},"thumbnailUrl":"https:\/\/www.pressenza.com\/wp-content\/uploads\/2021\/06\/csm_Drohnenprotest_2014_Stephen_Melkisethian_4d32201f32.v1.jpg","datePublished":"2021-06-30T05:32:15+00:00","description":"Abstimmung \u00fcber die Finanzierung des Future Combat Air Systems (FCAS). Die \u00e4rztliche Friedensorganisation IPPNW fordert die Abgeordneten anl\u00e4sslich der","breadcrumb":{"@id":"https:\/\/www.pressenza.com\/de\/2021\/06\/keine-finanzierung-des-groessten-europaeischen-ruestungprojekts-aller-zeiten\/#breadcrumb"},"inLanguage":"de","potentialAction":[{"@type":"ReadAction","target":["https:\/\/www.pressenza.com\/de\/2021\/06\/keine-finanzierung-des-groessten-europaeischen-ruestungprojekts-aller-zeiten\/"]}]},{"@type":"ImageObject","inLanguage":"de","@id":"https:\/\/www.pressenza.com\/de\/2021\/06\/keine-finanzierung-des-groessten-europaeischen-ruestungprojekts-aller-zeiten\/#primaryimage","url":"https:\/\/www.pressenza.com\/wp-content\/uploads\/2021\/06\/csm_Drohnenprotest_2014_Stephen_Melkisethian_4d32201f32.v1.jpg","contentUrl":"https:\/\/www.pressenza.com\/wp-content\/uploads\/2021\/06\/csm_Drohnenprotest_2014_Stephen_Melkisethian_4d32201f32.v1.jpg","width":1920,"height":1920},{"@type":"BreadcrumbList","@id":"https:\/\/www.pressenza.com\/de\/2021\/06\/keine-finanzierung-des-groessten-europaeischen-ruestungprojekts-aller-zeiten\/#breadcrumb","itemListElement":[{"@type":"ListItem","position":1,"name":"Accueil","item":"https:\/\/www.pressenza.com\/de\/"},{"@type":"ListItem","position":2,"name":"Keine Finanzierung des gr\u00f6\u00dften europ\u00e4ischen R\u00fcstungprojekts aller Zeiten"}]},{"@type":"WebSite","@id":"https:\/\/www.pressenza.com\/de\/#website","url":"https:\/\/www.pressenza.com\/de\/","name":"Pressenza","description":"International Press Agency","publisher":{"@id":"https:\/\/www.pressenza.com\/de\/#organization"},"potentialAction":[{"@type":"SearchAction","target":{"@type":"EntryPoint","urlTemplate":"https:\/\/www.pressenza.com\/de\/?s={search_term_string}"},"query-input":{"@type":"PropertyValueSpecification","valueRequired":true,"valueName":"search_term_string"}}],"inLanguage":"de"},{"@type":"Organization","@id":"https:\/\/www.pressenza.com\/de\/#organization","name":"Pressenza","url":"https:\/\/www.pressenza.com\/de\/","logo":{"@type":"ImageObject","inLanguage":"de","@id":"https:\/\/www.pressenza.com\/de\/#\/schema\/logo\/image\/","url":"https:\/\/www.pressenza.com\/wp-content\/uploads\/2022\/10\/pressenza_logo_200x200.jpg","contentUrl":"https:\/\/www.pressenza.com\/wp-content\/uploads\/2022\/10\/pressenza_logo_200x200.jpg","width":200,"height":200,"caption":"Pressenza"},"image":{"@id":"https:\/\/www.pressenza.com\/de\/#\/schema\/logo\/image\/"},"sameAs":["https:\/\/www.facebook.com\/PressenzaItalia","https:\/\/x.com\/PressenzaIPA"]},{"@type":"Person","@id":"https:\/\/www.pressenza.com\/de\/#\/schema\/person\/57bb5480943a496a7722b0248e4b658a","name":"Pressenza Berlin","description":"News from the Pressenza Bureau in Berlin, Germany","sameAs":["https:\/\/www.facebook.com\/Pressenza-Deutschland-sterreich-Schweiz-281675388658060\/timeline\/","https:\/\/x.com\/pressenza_ger"],"url":"https:\/\/www.pressenza.com\/de\/author\/pressenza-berlin\/"}]}},"place":"ippnw","original_article_url":"","_links":{"self":[{"href":"https:\/\/www.pressenza.com\/de\/wp-json\/wp\/v2\/posts\/1389853","targetHints":{"allow":["GET"]}}],"collection":[{"href":"https:\/\/www.pressenza.com\/de\/wp-json\/wp\/v2\/posts"}],"about":[{"href":"https:\/\/www.pressenza.com\/de\/wp-json\/wp\/v2\/types\/post"}],"author":[{"embeddable":true,"href":"https:\/\/www.pressenza.com\/de\/wp-json\/wp\/v2\/users\/1095"}],"replies":[{"embeddable":true,"href":"https:\/\/www.pressenza.com\/de\/wp-json\/wp\/v2\/comments?post=1389853"}],"version-history":[{"count":0,"href":"https:\/\/www.pressenza.com\/de\/wp-json\/wp\/v2\/posts\/1389853\/revisions"}],"wp:featuredmedia":[{"embeddable":true,"href":"https:\/\/www.pressenza.com\/de\/wp-json\/wp\/v2\/media\/1389854"}],"wp:attachment":[{"href":"https:\/\/www.pressenza.com\/de\/wp-json\/wp\/v2\/media?parent=1389853"}],"wp:term":[{"taxonomy":"category","embeddable":true,"href":"https:\/\/www.pressenza.com\/de\/wp-json\/wp\/v2\/categories?post=1389853"},{"taxonomy":"post_tag","embeddable":true,"href":"https:\/\/www.pressenza.com\/de\/wp-json\/wp\/v2\/tags?post=1389853"}],"curies":[{"name":"wp","href":"https:\/\/api.w.org\/{rel}","templated":true}]}}