{"id":138891,"date":"2014-10-10T19:58:57","date_gmt":"2014-10-10T18:58:57","guid":{"rendered":"http:\/\/www.pressenza.com\/?p=138891"},"modified":"2014-10-12T09:26:57","modified_gmt":"2014-10-12T08:26:57","slug":"friedensnobelpreis-geht-kinderrechtsaktivisten","status":"publish","type":"post","link":"https:\/\/www.pressenza.com\/de\/2014\/10\/friedensnobelpreis-geht-kinderrechtsaktivisten\/","title":{"rendered":"Friedensnobelpreis geht an Kinderrechtsaktivisten"},"content":{"rendered":"<p>Die siebzehnj\u00e4hrige Pakistanerin Malala Yousafzai und der sechzig\u00e4hrige Inder Kailash Satyarthi erhalten den Friedensnobelpreis 2014 \u201ef\u00fcr ihren Kampf gegen die Unterdr\u00fcckung von Kindern und jungen Menschen und f\u00fcr das Recht aller Kinder auf Bildung&#8220;. Das Nobelpreiskomitee setzt damit gleich mehrere Zeichen. Es w\u00fcrdigt die Kinderrechtscharta, die dieses Jahr 25 Jahre alt wird, und es macht aufmerksam auf Ausbeutung von Kindern f\u00fcr finanziellen Nutzen und ihre Unterdr\u00fcckung durch radikale Kr\u00e4fte. Das Komitee m\u00f6chte es auch als Signal verstanden wissen, dass eine Muslima und ein Hindu, eine Pakistanerin und ein Inder ausgezeichnet werden.<\/p>\n<p>Prof. Lothar Krappmann, Bildungsforscher und ehemaliges Mitglied des UNO Ausschusses f\u00fcr die Rechte der Kinder, freut sich sehr \u00fcber diese W\u00fcrdigung: \u201eEs ist so dringend, die grundlegenden Rechte der Kinder der Welt besser bekannt zu machen und durchzusetzen. Dieser Friedensnobelpreis ermutigt die Kinderrechtler, trotz aller Widerst\u00e4nde und R\u00fcckschl\u00e4ge nicht aufzugeben, so wie auch Malala Yousafzai aus Pakistan und Kailash Satyarthi aus Indien trotz Bedrohung und Attacken nicht aufgegeben haben. Der Ausschluss von M\u00e4dchen von der Schule, die Ausbeutung arbeitender Kinder ruinieren das Leben von Millionen von Kindern. Hoffentlich wird der Preis die Aufmerksamkeit auch auf Armut, Hunger, fehlende medizinische Versorgung, Krieg und Gewalt gegen Kinder lenken und neue Anstrengungen f\u00f6rdern. Ganz gro\u00dfer Dank an das Preiskomitee!\u201c<\/p>\n<p>Er bemerkt auch, dass beide gezeigt h\u00e4tten, dass man nicht nur im Namen von Kindern f\u00fcr Kinderrechte streiten k\u00f6nne, sondern auch <i>mit <\/i>Kindern. Es sei auch wichtig, dass sie beide aus Entwicklungsl\u00e4ndern k\u00e4men, denn h\u00e4ufig g\u00e4be es den Vorwurf, die Kinderrechte seien ein westliches Produkt.<\/p>\n<p>Trotz ihres gro\u00dfen Altersunterschiedes zeigen beide eine beeindruckende Biographie. Malala Yousafzai engagiert sich seit sie elf ist, seit in ihrer Heimat radikal-islamische Taliban die Rechte f\u00fcr M\u00e4dchen immer mehr einschr\u00e4nken. M\u00e4dchen sollen nicht zur Schule gehen, nicht Musik h\u00f6ren, nicht tanzen und sich \u00f6ffentlich bedecken. Insbesondere \u00fcber das Verbot des Schulbesuches, aber auch \u00fcber diverse Greueltaten der Taliban bloggte Malala auf der <a href=\"http:\/\/www.malala-yousafzai.com\/2012\/10\/Malala-Diary-for-BBC.html\">BBC Webseite<\/a>. Hier schrieb sie zum Beispiel: \u201e&#8230; Zu dieser Zeit waren die M\u00e4dchen nicht besonders erfreut \u00fcber den Anfang der Ferien, weil sie wussten, dass, wenn die Taliban ihre Verordnung durchsetzen, sie nicht mehr in die Schule zur\u00fcckkehren k\u00f6nnen.\u201c<\/p>\n<p>Sie wollte mit ihrem Internet-Tagebuch die \u00d6ffentlichkeit dar\u00fcber informieren, was in ihrer Gegend geschah, und wurde dadurch rasch eine Ber\u00fchmtheit in Pakistan. 2011 erhielt sie dort bereits einen nationalen Friedenspreis.<\/p>\n<p>2012 trotzte sie mit anderen M\u00e4dchen den Taliban und ging dennoch zur Schule. Daraufhin wurde sie von Talibank\u00e4mpfern im Schulbus niedergeschossen und erlitt schwere Verletzungen am Kopf. Mit viel Gl\u00fcck und aufwendigen Behandlungen \u00fcberlebte sie dieses Attentat. Sie liess sich jedoch nicht verschrecken und engagierte sich nur noch st\u00e4rker.<\/p>\n<p>Durch die durch das Attentat gewonnene Aufmerksamkeit der Welt\u00f6ffentlichkeit war es ihr m\u00f6glich, in den obersten Gremien f\u00fcr die Rechte der Kinder, besonders der M\u00e4dchen auf Bildung, zu sprechen, was sie mit gro\u00dfem Talent und Mut tat. Dabei liess sie auch Kritik an der Politik westlicher Regierungen h\u00f6ren. So \u00e4usserte sie sich zum Einsatz von Drohnen gegen Terroristen: \u201eIch habe auch meine Besorgnis ausgedr\u00fcckt, dass Drohnenangriffe Terrorismus f\u00f6rdern. Durch diese Taten werden unschuldige Opfer get\u00f6tet, und das f\u00fchrt zu Abscheu in der Bev\u00f6lkerung Pakistans. Wenn wir unsere Bem\u00fchungen erneut auf Bildung fokussieren, wird das einen gro\u00dfen Einfluss haben.\u201c<\/p>\n<p>Kailash Satyarthi ist seit den achtziger Jahren im Einsatz. Ebenfalls sehr jung, als 26j\u00e4hriger bereits, wurde er 1980 Generalsekret\u00e4r der <i>Bonded Labour Liberation Front \/ Bachpan Bachao Andolan <\/i>(Organisation zur Befreiung von Sklaverei). 1989 ist er ein Mitbegr\u00fcnder der <i>South Asian Coalition on Child Servitude &#8211; SACCS<\/i> (S\u00fcdasiatisches B\u00fcndnis gegen Kindersklaverei). 1994 wurde das &#8218;<em>Rugmark<\/em>&#8218;-Kontrollsiegels eingef\u00fchrt, welches Produkte auszeichnet, die aus \u00fcberpr\u00fcften Betrieben ohne Kinderarbeit stammen. Au\u00dferdem baute er die Rehabilitationszentren &#8218;Mukti Ashram&#8216; in Delhi und &#8218;Bal Ashram&#8216; in Jaipur f\u00fcr ehemalige Kindersklaven.<\/p>\n<p>Im Besonderen wird er f\u00fcr die zahlreichen friedlichen Proteste ausgezeichnet, die er organisiert hat, wie 1998 den \u201eWeltweiten Marsch gegen Kinderarbeit\u201c. Dieser hatte eine gro\u00dfe \u00d6ffentlichkeitswirkung und hat vielen Menschen erm\u00f6glichte, sich an diesem Kampf zu beteiligen. Aus dem Marsch gingen NGOs hervor, die die geforderte Befreiung der Kinder von Ausbeutung mit ihrem Recht auf Bildung verbanden.<\/p>\n<p>Das Nobelpreiskomitee sieht Satyarthi damit ganz in der Tradition Gandhis, w\u00fcrdigt aber auch sein Engagement f\u00fcr das Entwickeln von internationalen Konventionen f\u00fcr die Rechte von Kindern. 60% der Menschen in armen L\u00e4ndern seien unter 25 und 168 Millionen Kinder werden in Kinderarbeit ausgebeutet. Die Verletzung der Rechte von Kindern f\u00fchre zu einer Fortsetzung der Gewalt von Generation zu Generation. So schreibt das Nobelpreiskomitee in seiner <a href=\"http:\/\/www.nobelprize.org\/nobel_prizes\/peace\/laureates\/2014\/press.html\">Erkl\u00e4rung<\/a>.<\/p>\n","protected":false},"excerpt":{"rendered":"<p>Die siebzehnj\u00e4hrige Pakistanerin Malala Yousafzai und der sechzig\u00e4hrige Inder Kailash Satyarthi erhalten den Friedensnobelpreis 2014 \u201ef\u00fcr ihren Kampf gegen die Unterdr\u00fcckung von Kindern und jungen Menschen und f\u00fcr das Recht aller Kinder auf Bildung&#8220;. Das Nobelpreiskomitee setzt damit gleich mehrere&hellip;<\/p>\n","protected":false},"author":1091,"featured_media":138894,"comment_status":"closed","ping_status":"open","sticky":false,"template":"","format":"standard","meta":{"footnotes":""},"categories":[9148,9159,9166,7835,9161,11387],"tags":[12701,12704,12702,12703],"class_list":["post-138891","post","type-post","status-publish","format-standard","has-post-thumbnail","hentry","category-asien","category-bildung","category-gewaltfreiheit","category-international-de","category-menschenrechte","category-originalinhalt","tag-friedensnobelpreis","tag-kailash-sathyarthi","tag-kinderrechte","tag-malala-yousafzai-de"],"yoast_head":"<!-- This site is optimized with the Yoast SEO plugin v27.1.1 - https:\/\/yoast.com\/product\/yoast-seo-wordpress\/ -->\n<title>Friedensnobelpreis geht an Kinderrechtsaktivisten<\/title>\n<meta name=\"description\" content=\"Die siebzehnj\u00e4hrige Pakistanerin Malala Yousafzai und der sechzig\u00e4hrige Inder Kailash Satyarthi erhalten den Friedensnobelpreis 2014 \u201ef\u00fcr ihren Kampf\" \/>\n<meta name=\"robots\" content=\"index, follow, max-snippet:-1, max-image-preview:large, max-video-preview:-1\" \/>\n<link rel=\"canonical\" href=\"https:\/\/www.pressenza.com\/de\/2014\/10\/friedensnobelpreis-geht-kinderrechtsaktivisten\/\" \/>\n<meta property=\"og:locale\" content=\"de_DE\" \/>\n<meta property=\"og:type\" content=\"article\" \/>\n<meta property=\"og:title\" content=\"Friedensnobelpreis geht an Kinderrechtsaktivisten\" \/>\n<meta property=\"og:description\" content=\"Die siebzehnj\u00e4hrige Pakistanerin Malala Yousafzai und der sechzig\u00e4hrige Inder Kailash Satyarthi erhalten den Friedensnobelpreis 2014 \u201ef\u00fcr ihren Kampf\" \/>\n<meta property=\"og:url\" content=\"https:\/\/www.pressenza.com\/de\/2014\/10\/friedensnobelpreis-geht-kinderrechtsaktivisten\/\" \/>\n<meta property=\"og:site_name\" content=\"Pressenza\" \/>\n<meta property=\"article:publisher\" content=\"https:\/\/www.facebook.com\/PressenzaItalia\" \/>\n<meta property=\"article:published_time\" content=\"2014-10-10T18:58:57+00:00\" \/>\n<meta property=\"article:modified_time\" content=\"2014-10-12T08:26:57+00:00\" \/>\n<meta property=\"og:image\" content=\"https:\/\/www.pressenza.com\/wp-content\/uploads\/2014\/10\/nobel-peace-price-2014.png\" \/>\n\t<meta property=\"og:image:width\" content=\"820\" \/>\n\t<meta property=\"og:image:height\" content=\"542\" \/>\n\t<meta property=\"og:image:type\" content=\"image\/png\" \/>\n<meta name=\"author\" content=\"Johanna Heuveling\" \/>\n<meta name=\"twitter:card\" content=\"summary_large_image\" \/>\n<meta name=\"twitter:creator\" content=\"@PressenzaIPA\" \/>\n<meta name=\"twitter:site\" content=\"@PressenzaIPA\" \/>\n<meta name=\"twitter:label1\" content=\"Verfasst von\" \/>\n\t<meta name=\"twitter:data1\" content=\"Johanna Heuveling\" \/>\n\t<meta name=\"twitter:label2\" content=\"Gesch\u00e4tzte Lesezeit\" \/>\n\t<meta name=\"twitter:data2\" content=\"4\u00a0Minuten\" \/>\n<script type=\"application\/ld+json\" class=\"yoast-schema-graph\">{\"@context\":\"https:\/\/schema.org\",\"@graph\":[{\"@type\":\"Article\",\"@id\":\"https:\/\/www.pressenza.com\/de\/2014\/10\/friedensnobelpreis-geht-kinderrechtsaktivisten\/#article\",\"isPartOf\":{\"@id\":\"https:\/\/www.pressenza.com\/de\/2014\/10\/friedensnobelpreis-geht-kinderrechtsaktivisten\/\"},\"author\":{\"name\":\"Johanna Heuveling\",\"@id\":\"https:\/\/www.pressenza.com\/de\/#\/schema\/person\/dc5d249e1ad384095a92ed36392872fc\"},\"headline\":\"Friedensnobelpreis geht an Kinderrechtsaktivisten\",\"datePublished\":\"2014-10-10T18:58:57+00:00\",\"dateModified\":\"2014-10-12T08:26:57+00:00\",\"mainEntityOfPage\":{\"@id\":\"https:\/\/www.pressenza.com\/de\/2014\/10\/friedensnobelpreis-geht-kinderrechtsaktivisten\/\"},\"wordCount\":800,\"publisher\":{\"@id\":\"https:\/\/www.pressenza.com\/de\/#organization\"},\"image\":{\"@id\":\"https:\/\/www.pressenza.com\/de\/2014\/10\/friedensnobelpreis-geht-kinderrechtsaktivisten\/#primaryimage\"},\"thumbnailUrl\":\"https:\/\/www.pressenza.com\/wp-content\/uploads\/2014\/10\/nobel-peace-price-2014.png\",\"keywords\":[\"Friedensnobelpreis\",\"Kailash Sathyarthi\",\"Kinderrechte\",\"Malala Yousafzai\"],\"articleSection\":[\"Asien\",\"Bildung\",\"Gewaltfreiheit\",\"International\",\"Menschenrechte\",\"Originalinhalt\"],\"inLanguage\":\"de\"},{\"@type\":\"WebPage\",\"@id\":\"https:\/\/www.pressenza.com\/de\/2014\/10\/friedensnobelpreis-geht-kinderrechtsaktivisten\/\",\"url\":\"https:\/\/www.pressenza.com\/de\/2014\/10\/friedensnobelpreis-geht-kinderrechtsaktivisten\/\",\"name\":\"Friedensnobelpreis geht an Kinderrechtsaktivisten\",\"isPartOf\":{\"@id\":\"https:\/\/www.pressenza.com\/de\/#website\"},\"primaryImageOfPage\":{\"@id\":\"https:\/\/www.pressenza.com\/de\/2014\/10\/friedensnobelpreis-geht-kinderrechtsaktivisten\/#primaryimage\"},\"image\":{\"@id\":\"https:\/\/www.pressenza.com\/de\/2014\/10\/friedensnobelpreis-geht-kinderrechtsaktivisten\/#primaryimage\"},\"thumbnailUrl\":\"https:\/\/www.pressenza.com\/wp-content\/uploads\/2014\/10\/nobel-peace-price-2014.png\",\"datePublished\":\"2014-10-10T18:58:57+00:00\",\"dateModified\":\"2014-10-12T08:26:57+00:00\",\"description\":\"Die siebzehnj\u00e4hrige Pakistanerin Malala Yousafzai und der sechzig\u00e4hrige Inder Kailash Satyarthi erhalten den Friedensnobelpreis 2014 \u201ef\u00fcr ihren Kampf\",\"breadcrumb\":{\"@id\":\"https:\/\/www.pressenza.com\/de\/2014\/10\/friedensnobelpreis-geht-kinderrechtsaktivisten\/#breadcrumb\"},\"inLanguage\":\"de\",\"potentialAction\":[{\"@type\":\"ReadAction\",\"target\":[\"https:\/\/www.pressenza.com\/de\/2014\/10\/friedensnobelpreis-geht-kinderrechtsaktivisten\/\"]}]},{\"@type\":\"ImageObject\",\"inLanguage\":\"de\",\"@id\":\"https:\/\/www.pressenza.com\/de\/2014\/10\/friedensnobelpreis-geht-kinderrechtsaktivisten\/#primaryimage\",\"url\":\"https:\/\/www.pressenza.com\/wp-content\/uploads\/2014\/10\/nobel-peace-price-2014.png\",\"contentUrl\":\"https:\/\/www.pressenza.com\/wp-content\/uploads\/2014\/10\/nobel-peace-price-2014.png\",\"width\":820,\"height\":542},{\"@type\":\"BreadcrumbList\",\"@id\":\"https:\/\/www.pressenza.com\/de\/2014\/10\/friedensnobelpreis-geht-kinderrechtsaktivisten\/#breadcrumb\",\"itemListElement\":[{\"@type\":\"ListItem\",\"position\":1,\"name\":\"Accueil\",\"item\":\"https:\/\/www.pressenza.com\/de\/\"},{\"@type\":\"ListItem\",\"position\":2,\"name\":\"Friedensnobelpreis geht an Kinderrechtsaktivisten\"}]},{\"@type\":\"WebSite\",\"@id\":\"https:\/\/www.pressenza.com\/de\/#website\",\"url\":\"https:\/\/www.pressenza.com\/de\/\",\"name\":\"Pressenza\",\"description\":\"International Press Agency\",\"publisher\":{\"@id\":\"https:\/\/www.pressenza.com\/de\/#organization\"},\"potentialAction\":[{\"@type\":\"SearchAction\",\"target\":{\"@type\":\"EntryPoint\",\"urlTemplate\":\"https:\/\/www.pressenza.com\/de\/?s={search_term_string}\"},\"query-input\":{\"@type\":\"PropertyValueSpecification\",\"valueRequired\":true,\"valueName\":\"search_term_string\"}}],\"inLanguage\":\"de\"},{\"@type\":\"Organization\",\"@id\":\"https:\/\/www.pressenza.com\/de\/#organization\",\"name\":\"Pressenza\",\"url\":\"https:\/\/www.pressenza.com\/de\/\",\"logo\":{\"@type\":\"ImageObject\",\"inLanguage\":\"de\",\"@id\":\"https:\/\/www.pressenza.com\/de\/#\/schema\/logo\/image\/\",\"url\":\"https:\/\/www.pressenza.com\/wp-content\/uploads\/2022\/10\/pressenza_logo_200x200.jpg\",\"contentUrl\":\"https:\/\/www.pressenza.com\/wp-content\/uploads\/2022\/10\/pressenza_logo_200x200.jpg\",\"width\":200,\"height\":200,\"caption\":\"Pressenza\"},\"image\":{\"@id\":\"https:\/\/www.pressenza.com\/de\/#\/schema\/logo\/image\/\"},\"sameAs\":[\"https:\/\/www.facebook.com\/PressenzaItalia\",\"https:\/\/x.com\/PressenzaIPA\"]},{\"@type\":\"Person\",\"@id\":\"https:\/\/www.pressenza.com\/de\/#\/schema\/person\/dc5d249e1ad384095a92ed36392872fc\",\"name\":\"Johanna Heuveling\",\"description\":\"lives in Berlin and works as a scientist and science communicator. She is also active in \\\"World without Wars and Violence\\\" and Pressenza. As a journalist she is most interested in refugee politics, weapon trade, Africa, Arts and News from Sciences.\",\"url\":\"https:\/\/www.pressenza.com\/de\/author\/johanna-heuveling\/\"}]}<\/script>\n<!-- \/ Yoast SEO plugin. -->","yoast_head_json":{"title":"Friedensnobelpreis geht an Kinderrechtsaktivisten","description":"Die siebzehnj\u00e4hrige Pakistanerin Malala Yousafzai und der sechzig\u00e4hrige Inder Kailash Satyarthi erhalten den Friedensnobelpreis 2014 \u201ef\u00fcr ihren Kampf","robots":{"index":"index","follow":"follow","max-snippet":"max-snippet:-1","max-image-preview":"max-image-preview:large","max-video-preview":"max-video-preview:-1"},"canonical":"https:\/\/www.pressenza.com\/de\/2014\/10\/friedensnobelpreis-geht-kinderrechtsaktivisten\/","og_locale":"de_DE","og_type":"article","og_title":"Friedensnobelpreis geht an Kinderrechtsaktivisten","og_description":"Die siebzehnj\u00e4hrige Pakistanerin Malala Yousafzai und der sechzig\u00e4hrige Inder Kailash Satyarthi erhalten den Friedensnobelpreis 2014 \u201ef\u00fcr ihren Kampf","og_url":"https:\/\/www.pressenza.com\/de\/2014\/10\/friedensnobelpreis-geht-kinderrechtsaktivisten\/","og_site_name":"Pressenza","article_publisher":"https:\/\/www.facebook.com\/PressenzaItalia","article_published_time":"2014-10-10T18:58:57+00:00","article_modified_time":"2014-10-12T08:26:57+00:00","og_image":[{"width":820,"height":542,"url":"https:\/\/www.pressenza.com\/wp-content\/uploads\/2014\/10\/nobel-peace-price-2014.png","type":"image\/png"}],"author":"Johanna Heuveling","twitter_card":"summary_large_image","twitter_creator":"@PressenzaIPA","twitter_site":"@PressenzaIPA","twitter_misc":{"Verfasst von":"Johanna Heuveling","Gesch\u00e4tzte Lesezeit":"4\u00a0Minuten"},"schema":{"@context":"https:\/\/schema.org","@graph":[{"@type":"Article","@id":"https:\/\/www.pressenza.com\/de\/2014\/10\/friedensnobelpreis-geht-kinderrechtsaktivisten\/#article","isPartOf":{"@id":"https:\/\/www.pressenza.com\/de\/2014\/10\/friedensnobelpreis-geht-kinderrechtsaktivisten\/"},"author":{"name":"Johanna Heuveling","@id":"https:\/\/www.pressenza.com\/de\/#\/schema\/person\/dc5d249e1ad384095a92ed36392872fc"},"headline":"Friedensnobelpreis geht an Kinderrechtsaktivisten","datePublished":"2014-10-10T18:58:57+00:00","dateModified":"2014-10-12T08:26:57+00:00","mainEntityOfPage":{"@id":"https:\/\/www.pressenza.com\/de\/2014\/10\/friedensnobelpreis-geht-kinderrechtsaktivisten\/"},"wordCount":800,"publisher":{"@id":"https:\/\/www.pressenza.com\/de\/#organization"},"image":{"@id":"https:\/\/www.pressenza.com\/de\/2014\/10\/friedensnobelpreis-geht-kinderrechtsaktivisten\/#primaryimage"},"thumbnailUrl":"https:\/\/www.pressenza.com\/wp-content\/uploads\/2014\/10\/nobel-peace-price-2014.png","keywords":["Friedensnobelpreis","Kailash Sathyarthi","Kinderrechte","Malala Yousafzai"],"articleSection":["Asien","Bildung","Gewaltfreiheit","International","Menschenrechte","Originalinhalt"],"inLanguage":"de"},{"@type":"WebPage","@id":"https:\/\/www.pressenza.com\/de\/2014\/10\/friedensnobelpreis-geht-kinderrechtsaktivisten\/","url":"https:\/\/www.pressenza.com\/de\/2014\/10\/friedensnobelpreis-geht-kinderrechtsaktivisten\/","name":"Friedensnobelpreis geht an Kinderrechtsaktivisten","isPartOf":{"@id":"https:\/\/www.pressenza.com\/de\/#website"},"primaryImageOfPage":{"@id":"https:\/\/www.pressenza.com\/de\/2014\/10\/friedensnobelpreis-geht-kinderrechtsaktivisten\/#primaryimage"},"image":{"@id":"https:\/\/www.pressenza.com\/de\/2014\/10\/friedensnobelpreis-geht-kinderrechtsaktivisten\/#primaryimage"},"thumbnailUrl":"https:\/\/www.pressenza.com\/wp-content\/uploads\/2014\/10\/nobel-peace-price-2014.png","datePublished":"2014-10-10T18:58:57+00:00","dateModified":"2014-10-12T08:26:57+00:00","description":"Die siebzehnj\u00e4hrige Pakistanerin Malala Yousafzai und der sechzig\u00e4hrige Inder Kailash Satyarthi erhalten den Friedensnobelpreis 2014 \u201ef\u00fcr ihren Kampf","breadcrumb":{"@id":"https:\/\/www.pressenza.com\/de\/2014\/10\/friedensnobelpreis-geht-kinderrechtsaktivisten\/#breadcrumb"},"inLanguage":"de","potentialAction":[{"@type":"ReadAction","target":["https:\/\/www.pressenza.com\/de\/2014\/10\/friedensnobelpreis-geht-kinderrechtsaktivisten\/"]}]},{"@type":"ImageObject","inLanguage":"de","@id":"https:\/\/www.pressenza.com\/de\/2014\/10\/friedensnobelpreis-geht-kinderrechtsaktivisten\/#primaryimage","url":"https:\/\/www.pressenza.com\/wp-content\/uploads\/2014\/10\/nobel-peace-price-2014.png","contentUrl":"https:\/\/www.pressenza.com\/wp-content\/uploads\/2014\/10\/nobel-peace-price-2014.png","width":820,"height":542},{"@type":"BreadcrumbList","@id":"https:\/\/www.pressenza.com\/de\/2014\/10\/friedensnobelpreis-geht-kinderrechtsaktivisten\/#breadcrumb","itemListElement":[{"@type":"ListItem","position":1,"name":"Accueil","item":"https:\/\/www.pressenza.com\/de\/"},{"@type":"ListItem","position":2,"name":"Friedensnobelpreis geht an Kinderrechtsaktivisten"}]},{"@type":"WebSite","@id":"https:\/\/www.pressenza.com\/de\/#website","url":"https:\/\/www.pressenza.com\/de\/","name":"Pressenza","description":"International Press Agency","publisher":{"@id":"https:\/\/www.pressenza.com\/de\/#organization"},"potentialAction":[{"@type":"SearchAction","target":{"@type":"EntryPoint","urlTemplate":"https:\/\/www.pressenza.com\/de\/?s={search_term_string}"},"query-input":{"@type":"PropertyValueSpecification","valueRequired":true,"valueName":"search_term_string"}}],"inLanguage":"de"},{"@type":"Organization","@id":"https:\/\/www.pressenza.com\/de\/#organization","name":"Pressenza","url":"https:\/\/www.pressenza.com\/de\/","logo":{"@type":"ImageObject","inLanguage":"de","@id":"https:\/\/www.pressenza.com\/de\/#\/schema\/logo\/image\/","url":"https:\/\/www.pressenza.com\/wp-content\/uploads\/2022\/10\/pressenza_logo_200x200.jpg","contentUrl":"https:\/\/www.pressenza.com\/wp-content\/uploads\/2022\/10\/pressenza_logo_200x200.jpg","width":200,"height":200,"caption":"Pressenza"},"image":{"@id":"https:\/\/www.pressenza.com\/de\/#\/schema\/logo\/image\/"},"sameAs":["https:\/\/www.facebook.com\/PressenzaItalia","https:\/\/x.com\/PressenzaIPA"]},{"@type":"Person","@id":"https:\/\/www.pressenza.com\/de\/#\/schema\/person\/dc5d249e1ad384095a92ed36392872fc","name":"Johanna Heuveling","description":"lives in Berlin and works as a scientist and science communicator. She is also active in \"World without Wars and Violence\" and Pressenza. As a journalist she is most interested in refugee politics, weapon trade, Africa, Arts and News from Sciences.","url":"https:\/\/www.pressenza.com\/de\/author\/johanna-heuveling\/"}]}},"place":"","original_article_url":"","_links":{"self":[{"href":"https:\/\/www.pressenza.com\/de\/wp-json\/wp\/v2\/posts\/138891","targetHints":{"allow":["GET"]}}],"collection":[{"href":"https:\/\/www.pressenza.com\/de\/wp-json\/wp\/v2\/posts"}],"about":[{"href":"https:\/\/www.pressenza.com\/de\/wp-json\/wp\/v2\/types\/post"}],"author":[{"embeddable":true,"href":"https:\/\/www.pressenza.com\/de\/wp-json\/wp\/v2\/users\/1091"}],"replies":[{"embeddable":true,"href":"https:\/\/www.pressenza.com\/de\/wp-json\/wp\/v2\/comments?post=138891"}],"version-history":[{"count":0,"href":"https:\/\/www.pressenza.com\/de\/wp-json\/wp\/v2\/posts\/138891\/revisions"}],"wp:featuredmedia":[{"embeddable":true,"href":"https:\/\/www.pressenza.com\/de\/wp-json\/wp\/v2\/media\/138894"}],"wp:attachment":[{"href":"https:\/\/www.pressenza.com\/de\/wp-json\/wp\/v2\/media?parent=138891"}],"wp:term":[{"taxonomy":"category","embeddable":true,"href":"https:\/\/www.pressenza.com\/de\/wp-json\/wp\/v2\/categories?post=138891"},{"taxonomy":"post_tag","embeddable":true,"href":"https:\/\/www.pressenza.com\/de\/wp-json\/wp\/v2\/tags?post=138891"}],"curies":[{"name":"wp","href":"https:\/\/api.w.org\/{rel}","templated":true}]}}