{"id":1381484,"date":"2021-06-17T10:53:21","date_gmt":"2021-06-17T09:53:21","guid":{"rendered":"https:\/\/www.pressenza.com\/?p=1381484"},"modified":"2021-06-17T10:53:21","modified_gmt":"2021-06-17T09:53:21","slug":"die-ewig-ausgestossenen","status":"publish","type":"post","link":"https:\/\/www.pressenza.com\/de\/2021\/06\/die-ewig-ausgestossenen\/","title":{"rendered":"Die ewig Ausgesto\u00dfenen"},"content":{"rendered":"<p><strong>Wenn es einen Teil der Gesellschaft gibt, der mehr Durchsetzungsverm\u00f6gen im Leben braucht, dann ist es die gro\u00dfe Mehrheit an Kindern und Jugendlichen in so gut wie allen L\u00e4ndern unseres Amerikas.<\/strong><\/p>\n<p>Wir sind eine junge und wachsende Gesellschaft, doch die \u00fcbliche Vorstellung unter denjenigen, die die Verantwortung tragen, eine Entwicklung voranzutreiben gest\u00fctzt auf Gerechtigkeit, Gleichheit und bestm\u00f6glicher Nutzung aller Ressourcen, tendiert dazu, gegen das vorzugehen, was die Ratio vorschreibt und das Wesentliche davon wurde von dem amerikanischen Philosophen John Dewey formuliert: <strong><em>\u201eBildung ist nicht Vorbereitung f\u00fcr das Leben; Bildung ist das Leben selbst\u201c<\/em><\/strong>.<\/p>\n<p>Die Geschichte unserer V\u00f6lker hat uns gelehrt, dass wir \u00dcberlebende eines widrigen und lebensfeindlichen Systems sind und nicht dazu in der Lage, das riesige Potenzial zu begreifen, welches der Generationenwechsel mit sich bringt. In Kindheit und Jugend sehen wir eher eine aufgezwungene Verantwortung anstatt einer wunderbaren Gelegenheit, umfangreiche Ver\u00e4nderungen hervorzubringen, die zu einer Konsolidierung der Werte f\u00fchren sollten mit der Aufgabe, die Sozialstruktur zu st\u00e4rken. Und das alles, indem Bildung der rote Faden f\u00fcr jedes Regierungssystem ist. Wir \u00fcbernehmen automatisch die Autorit\u00e4t der Erwachsenen, als ob es eine berechtigte Art und Weise w\u00e4re, sich gegen\u00fcber denen aufzuspielen, die im famili\u00e4ren oder sozialen Leben von uns abh\u00e4ngig sind, und wir tun dies, ohne die G\u00fcltigkeit einer Machtbefugnis zu hinterfragen, die oft rechtlich auferlegt wird, obwohl ihre Anwendung h\u00e4ufig illegitim ist.<\/p>\n<p>Betrachtet man die Auswirkungen der Ausnahmesituation, in der wir nun seit eineinhalb Jahren stecken, kann man die gef\u00e4hrliche Situation erkennen, in der Kinder und Jugendliche leben, sobald sie mit dem Verlust ihrer sozialen Bindungen konfrontiert sind und, gleichzeitig, im Lockdown mit Erwachsenen, die schlecht darauf vorbereitet sind, ihnen eine sichere, bereichernde und gewaltfreie Umgebung zu bieten. Als Erwachsener f\u00fcr junge Menschen Verantwortung zu tragen, deren Sorgerecht uns gesetzlich anvertraut wurde, bedeutet f\u00fcr uns auf keinen Fall, dass wir das Recht haben, ihnen unseren Willen beliebig aufzuzwingen oder unseren Frust an ihnen auszulassen, sondern gibt uns die Gelegenheit, die Bindungen f\u00fcr gegenseitiges Verst\u00e4ndnis, Respekt und Zusammenarbeit zu st\u00e4rken.<\/p>\n<p>Jedoch, die durch die erzwungene \u00c4nderung der Gewohnheiten hervorgerufene seelische Gewalt und die durch Mobilit\u00e4ts-, Arbeits- und Studieneinschr\u00e4nkungen verursachten Beschr\u00e4nkungen, fordern von den j\u00fcngeren Generationen, die einer Situation ausgeliefert sind, bei der sie kein Mitspracherecht haben, ihren allergr\u00f6\u00dften Tribut. Die bestehende Straflosigkeit in F\u00e4llen von h\u00e4uslicher Gewalt ist ein zus\u00e4tzliches, wenn auch starkes Element zur psychischen St\u00f6rung, die durch den Verlust sozialer Bindungen, den Mangel an Freizeitaktivit\u00e4ten und die nat\u00fcrliche Anspannung durch ein globales Ph\u00e4nomen verursacht wird, \u00fcber das wir keine Kontrolle haben.<\/p>\n<p>In Erwartung einer R\u00fcckkehr zu einem Schein von Normalit\u00e4t ist es zwingend erforderlich, die Gelegenheit zu ergreifen, sich um den riesigen Anteil von Neub\u00fcrgern zu k\u00fcmmern, deren Leben und Zukunft gr\u00f6\u00dftenteils von denjenigen abh\u00e4ngen, die f\u00fcr ihr k\u00f6rperliches und seelisches Wohlergehen sowie f\u00fcr die Bereitstellung einer qualitativ hochwertigen Bildung verantwortlich sind. Es handelt sich um kein geringes Problem: Kinder und Jugendliche werden in unseren Gesellschaften dauernd an den Rand gedr\u00e4ngt und die Auswirkung dieses Angriffs \u2013 eingeb\u00fcrgert durch eine falsche Auffassung von Autorit\u00e4t der sie umgebenden Erwachsenen, hat langfristige Folgen in Form von verpassten Entwicklungschancen, als auch in Form von Missbrauch und Ausgrenzung.<\/p>\n<blockquote><p><strong>Wir wollen nicht die Floskel wiederholen, die besagt, dass sie die \u201eZukunft des Landes\u201c sind, solange wir nicht in der Lage sind, dieses Versprechen einzul\u00f6sen.<\/strong><\/p><\/blockquote>\n<p><strong><em>Die \u00dcbersetzung aus dem Englischen wurde von Doris Fischer vom ehrenamtlichen Pressenza-\u00dcbersetzungsteam erstellt. <a href=\"https:\/\/www.pressenza.com\/de\/mitarbeiten\/\" target=\"_blank\" rel=\"noopener\">Wir suchen Freiwillige!\u00a0<\/a><\/em><\/strong><\/p>\n","protected":false},"excerpt":{"rendered":"<p>Wenn es einen Teil der Gesellschaft gibt, der mehr Durchsetzungsverm\u00f6gen im Leben braucht, dann ist es die gro\u00dfe Mehrheit an Kindern und Jugendlichen in so gut wie allen L\u00e4ndern unseres Amerikas. Wir sind eine junge und wachsende Gesellschaft, doch die&hellip;<\/p>\n","protected":false},"author":1296,"featured_media":1371517,"comment_status":"closed","ping_status":"closed","sticky":false,"template":"","format":"standard","meta":{"footnotes":""},"categories":[46978,9143,11387,9154],"tags":[10609,72725,92029,73674,47584,10467,74278],"class_list":["post-1381484","post","type-post","status-publish","format-standard","has-post-thumbnail","hentry","category-jugend","category-meinungen","category-originalinhalt","category-suedamerika","tag-bildung","tag-coronakrise","tag-generationswechsel","tag-haeusliche-gewalt","tag-jugendliche","tag-kinder","tag-lockdown-de"],"yoast_head":"<!-- This site is optimized with the Yoast SEO plugin v27.1.1 - https:\/\/yoast.com\/product\/yoast-seo-wordpress\/ -->\n<title>Die ewig Ausgesto\u00dfenen<\/title>\n<meta name=\"description\" content=\"Wenn es einen Teil der Gesellschaft gibt, der mehr Durchsetzungsverm\u00f6gen im Leben braucht, dann ist es die gro\u00dfe Mehrheit an Kindern und Jugendlichen in\" \/>\n<meta name=\"robots\" content=\"index, follow, max-snippet:-1, max-image-preview:large, max-video-preview:-1\" \/>\n<link rel=\"canonical\" href=\"https:\/\/www.pressenza.com\/de\/2021\/06\/die-ewig-ausgestossenen\/\" \/>\n<meta property=\"og:locale\" content=\"de_DE\" \/>\n<meta property=\"og:type\" content=\"article\" \/>\n<meta property=\"og:title\" content=\"Die ewig Ausgesto\u00dfenen\" \/>\n<meta property=\"og:description\" content=\"Wenn es einen Teil der Gesellschaft gibt, der mehr Durchsetzungsverm\u00f6gen im Leben braucht, dann ist es die gro\u00dfe Mehrheit an Kindern und Jugendlichen in\" \/>\n<meta property=\"og:url\" content=\"https:\/\/www.pressenza.com\/de\/2021\/06\/die-ewig-ausgestossenen\/\" \/>\n<meta property=\"og:site_name\" content=\"Pressenza\" \/>\n<meta property=\"article:publisher\" content=\"https:\/\/www.facebook.com\/PressenzaItalia\" \/>\n<meta property=\"article:author\" content=\"https:\/\/www.facebook.com\/pages\/Carolina-V\u00e1squez-Araya\/241844515845237?fref=ts\" \/>\n<meta property=\"article:published_time\" content=\"2021-06-17T09:53:21+00:00\" \/>\n<meta property=\"og:image\" content=\"https:\/\/www.pressenza.com\/wp-content\/uploads\/2021\/05\/bandera-indigena-y-madre-Dalia.jpg\" \/>\n\t<meta property=\"og:image:width\" content=\"800\" \/>\n\t<meta property=\"og:image:height\" content=\"533\" \/>\n\t<meta property=\"og:image:type\" content=\"image\/jpeg\" \/>\n<meta name=\"author\" content=\"Carolina V\u00e1squez Araya\" \/>\n<meta name=\"twitter:card\" content=\"summary_large_image\" \/>\n<meta name=\"twitter:creator\" content=\"@carvasar\" \/>\n<meta name=\"twitter:site\" content=\"@PressenzaIPA\" \/>\n<meta name=\"twitter:label1\" content=\"Verfasst von\" \/>\n\t<meta name=\"twitter:data1\" content=\"Carolina V\u00e1squez Araya\" \/>\n\t<meta name=\"twitter:label2\" content=\"Gesch\u00e4tzte Lesezeit\" \/>\n\t<meta name=\"twitter:data2\" content=\"3\u00a0Minuten\" \/>\n<script type=\"application\/ld+json\" class=\"yoast-schema-graph\">{\"@context\":\"https:\/\/schema.org\",\"@graph\":[{\"@type\":\"Article\",\"@id\":\"https:\/\/www.pressenza.com\/de\/2021\/06\/die-ewig-ausgestossenen\/#article\",\"isPartOf\":{\"@id\":\"https:\/\/www.pressenza.com\/de\/2021\/06\/die-ewig-ausgestossenen\/\"},\"author\":{\"name\":\"Carolina V\u00e1squez Araya\",\"@id\":\"https:\/\/www.pressenza.com\/de\/#\/schema\/person\/6936ca3bb8dee618b5cdfd0e4427cdd6\"},\"headline\":\"Die ewig Ausgesto\u00dfenen\",\"datePublished\":\"2021-06-17T09:53:21+00:00\",\"mainEntityOfPage\":{\"@id\":\"https:\/\/www.pressenza.com\/de\/2021\/06\/die-ewig-ausgestossenen\/\"},\"wordCount\":609,\"publisher\":{\"@id\":\"https:\/\/www.pressenza.com\/de\/#organization\"},\"image\":{\"@id\":\"https:\/\/www.pressenza.com\/de\/2021\/06\/die-ewig-ausgestossenen\/#primaryimage\"},\"thumbnailUrl\":\"https:\/\/www.pressenza.com\/wp-content\/uploads\/2021\/05\/bandera-indigena-y-madre-Dalia.jpg\",\"keywords\":[\"Bildung\",\"Coronakrise\",\"Generationswechsel\",\"h\u00e4usliche Gewalt\",\"Jugendliche\",\"Kinder\",\"lockdown\"],\"articleSection\":[\"Jugend\",\"Meinungen\",\"Originalinhalt\",\"S\u00fcdamerika\"],\"inLanguage\":\"de\"},{\"@type\":\"WebPage\",\"@id\":\"https:\/\/www.pressenza.com\/de\/2021\/06\/die-ewig-ausgestossenen\/\",\"url\":\"https:\/\/www.pressenza.com\/de\/2021\/06\/die-ewig-ausgestossenen\/\",\"name\":\"Die ewig Ausgesto\u00dfenen\",\"isPartOf\":{\"@id\":\"https:\/\/www.pressenza.com\/de\/#website\"},\"primaryImageOfPage\":{\"@id\":\"https:\/\/www.pressenza.com\/de\/2021\/06\/die-ewig-ausgestossenen\/#primaryimage\"},\"image\":{\"@id\":\"https:\/\/www.pressenza.com\/de\/2021\/06\/die-ewig-ausgestossenen\/#primaryimage\"},\"thumbnailUrl\":\"https:\/\/www.pressenza.com\/wp-content\/uploads\/2021\/05\/bandera-indigena-y-madre-Dalia.jpg\",\"datePublished\":\"2021-06-17T09:53:21+00:00\",\"description\":\"Wenn es einen Teil der Gesellschaft gibt, der mehr Durchsetzungsverm\u00f6gen im Leben braucht, dann ist es die gro\u00dfe Mehrheit an Kindern und Jugendlichen in\",\"breadcrumb\":{\"@id\":\"https:\/\/www.pressenza.com\/de\/2021\/06\/die-ewig-ausgestossenen\/#breadcrumb\"},\"inLanguage\":\"de\",\"potentialAction\":[{\"@type\":\"ReadAction\",\"target\":[\"https:\/\/www.pressenza.com\/de\/2021\/06\/die-ewig-ausgestossenen\/\"]}]},{\"@type\":\"ImageObject\",\"inLanguage\":\"de\",\"@id\":\"https:\/\/www.pressenza.com\/de\/2021\/06\/die-ewig-ausgestossenen\/#primaryimage\",\"url\":\"https:\/\/www.pressenza.com\/wp-content\/uploads\/2021\/05\/bandera-indigena-y-madre-Dalia.jpg\",\"contentUrl\":\"https:\/\/www.pressenza.com\/wp-content\/uploads\/2021\/05\/bandera-indigena-y-madre-Dalia.jpg\",\"width\":800,\"height\":533,\"caption\":\"Die ewig Ausgesto\u00dfenen\"},{\"@type\":\"BreadcrumbList\",\"@id\":\"https:\/\/www.pressenza.com\/de\/2021\/06\/die-ewig-ausgestossenen\/#breadcrumb\",\"itemListElement\":[{\"@type\":\"ListItem\",\"position\":1,\"name\":\"Accueil\",\"item\":\"https:\/\/www.pressenza.com\/de\/\"},{\"@type\":\"ListItem\",\"position\":2,\"name\":\"Die ewig Ausgesto\u00dfenen\"}]},{\"@type\":\"WebSite\",\"@id\":\"https:\/\/www.pressenza.com\/de\/#website\",\"url\":\"https:\/\/www.pressenza.com\/de\/\",\"name\":\"Pressenza\",\"description\":\"International Press Agency\",\"publisher\":{\"@id\":\"https:\/\/www.pressenza.com\/de\/#organization\"},\"potentialAction\":[{\"@type\":\"SearchAction\",\"target\":{\"@type\":\"EntryPoint\",\"urlTemplate\":\"https:\/\/www.pressenza.com\/de\/?s={search_term_string}\"},\"query-input\":{\"@type\":\"PropertyValueSpecification\",\"valueRequired\":true,\"valueName\":\"search_term_string\"}}],\"inLanguage\":\"de\"},{\"@type\":\"Organization\",\"@id\":\"https:\/\/www.pressenza.com\/de\/#organization\",\"name\":\"Pressenza\",\"url\":\"https:\/\/www.pressenza.com\/de\/\",\"logo\":{\"@type\":\"ImageObject\",\"inLanguage\":\"de\",\"@id\":\"https:\/\/www.pressenza.com\/de\/#\/schema\/logo\/image\/\",\"url\":\"https:\/\/www.pressenza.com\/wp-content\/uploads\/2022\/10\/pressenza_logo_200x200.jpg\",\"contentUrl\":\"https:\/\/www.pressenza.com\/wp-content\/uploads\/2022\/10\/pressenza_logo_200x200.jpg\",\"width\":200,\"height\":200,\"caption\":\"Pressenza\"},\"image\":{\"@id\":\"https:\/\/www.pressenza.com\/de\/#\/schema\/logo\/image\/\"},\"sameAs\":[\"https:\/\/www.facebook.com\/PressenzaItalia\",\"https:\/\/x.com\/PressenzaIPA\"]},{\"@type\":\"Person\",\"@id\":\"https:\/\/www.pressenza.com\/de\/#\/schema\/person\/6936ca3bb8dee618b5cdfd0e4427cdd6\",\"name\":\"Carolina V\u00e1squez Araya\",\"description\":\"Periodista y editora con m\u00e1s de 30 a\u00f1os de experiencia, cuyos logros profesionales en el desarrollo de proyectos de gran \u00e9xito avalan sus cualidades de liderazgo, creatividad y relaciones p\u00fablicas. Ha aportado sus conocimientos en proyectos de organizaciones con intereses orientados al desarrollo social, cultural y econ\u00f3mico del pa\u00eds, con especial \u00e9nfasis en el sector de cultura y educaci\u00f3n, emprendimiento, derechos humanos, justicia, ambiente, mujeres y ni\u00f1ez. Chilena en Guatemala. elquintopatio.wordpress.com\",\"sameAs\":[\"https:\/\/www.facebook.com\/pages\/Carolina-V\u00e1squez-Araya\/241844515845237?fref=ts\",\"https:\/\/x.com\/carvasar\"],\"url\":\"https:\/\/www.pressenza.com\/de\/author\/carolina-vasquez-araya\/\"}]}<\/script>\n<!-- \/ Yoast SEO plugin. -->","yoast_head_json":{"title":"Die ewig Ausgesto\u00dfenen","description":"Wenn es einen Teil der Gesellschaft gibt, der mehr Durchsetzungsverm\u00f6gen im Leben braucht, dann ist es die gro\u00dfe Mehrheit an Kindern und Jugendlichen in","robots":{"index":"index","follow":"follow","max-snippet":"max-snippet:-1","max-image-preview":"max-image-preview:large","max-video-preview":"max-video-preview:-1"},"canonical":"https:\/\/www.pressenza.com\/de\/2021\/06\/die-ewig-ausgestossenen\/","og_locale":"de_DE","og_type":"article","og_title":"Die ewig Ausgesto\u00dfenen","og_description":"Wenn es einen Teil der Gesellschaft gibt, der mehr Durchsetzungsverm\u00f6gen im Leben braucht, dann ist es die gro\u00dfe Mehrheit an Kindern und Jugendlichen in","og_url":"https:\/\/www.pressenza.com\/de\/2021\/06\/die-ewig-ausgestossenen\/","og_site_name":"Pressenza","article_publisher":"https:\/\/www.facebook.com\/PressenzaItalia","article_author":"https:\/\/www.facebook.com\/pages\/Carolina-V\u00e1squez-Araya\/241844515845237?fref=ts","article_published_time":"2021-06-17T09:53:21+00:00","og_image":[{"width":800,"height":533,"url":"https:\/\/www.pressenza.com\/wp-content\/uploads\/2021\/05\/bandera-indigena-y-madre-Dalia.jpg","type":"image\/jpeg"}],"author":"Carolina V\u00e1squez Araya","twitter_card":"summary_large_image","twitter_creator":"@carvasar","twitter_site":"@PressenzaIPA","twitter_misc":{"Verfasst von":"Carolina V\u00e1squez Araya","Gesch\u00e4tzte Lesezeit":"3\u00a0Minuten"},"schema":{"@context":"https:\/\/schema.org","@graph":[{"@type":"Article","@id":"https:\/\/www.pressenza.com\/de\/2021\/06\/die-ewig-ausgestossenen\/#article","isPartOf":{"@id":"https:\/\/www.pressenza.com\/de\/2021\/06\/die-ewig-ausgestossenen\/"},"author":{"name":"Carolina V\u00e1squez Araya","@id":"https:\/\/www.pressenza.com\/de\/#\/schema\/person\/6936ca3bb8dee618b5cdfd0e4427cdd6"},"headline":"Die ewig Ausgesto\u00dfenen","datePublished":"2021-06-17T09:53:21+00:00","mainEntityOfPage":{"@id":"https:\/\/www.pressenza.com\/de\/2021\/06\/die-ewig-ausgestossenen\/"},"wordCount":609,"publisher":{"@id":"https:\/\/www.pressenza.com\/de\/#organization"},"image":{"@id":"https:\/\/www.pressenza.com\/de\/2021\/06\/die-ewig-ausgestossenen\/#primaryimage"},"thumbnailUrl":"https:\/\/www.pressenza.com\/wp-content\/uploads\/2021\/05\/bandera-indigena-y-madre-Dalia.jpg","keywords":["Bildung","Coronakrise","Generationswechsel","h\u00e4usliche Gewalt","Jugendliche","Kinder","lockdown"],"articleSection":["Jugend","Meinungen","Originalinhalt","S\u00fcdamerika"],"inLanguage":"de"},{"@type":"WebPage","@id":"https:\/\/www.pressenza.com\/de\/2021\/06\/die-ewig-ausgestossenen\/","url":"https:\/\/www.pressenza.com\/de\/2021\/06\/die-ewig-ausgestossenen\/","name":"Die ewig Ausgesto\u00dfenen","isPartOf":{"@id":"https:\/\/www.pressenza.com\/de\/#website"},"primaryImageOfPage":{"@id":"https:\/\/www.pressenza.com\/de\/2021\/06\/die-ewig-ausgestossenen\/#primaryimage"},"image":{"@id":"https:\/\/www.pressenza.com\/de\/2021\/06\/die-ewig-ausgestossenen\/#primaryimage"},"thumbnailUrl":"https:\/\/www.pressenza.com\/wp-content\/uploads\/2021\/05\/bandera-indigena-y-madre-Dalia.jpg","datePublished":"2021-06-17T09:53:21+00:00","description":"Wenn es einen Teil der Gesellschaft gibt, der mehr Durchsetzungsverm\u00f6gen im Leben braucht, dann ist es die gro\u00dfe Mehrheit an Kindern und Jugendlichen in","breadcrumb":{"@id":"https:\/\/www.pressenza.com\/de\/2021\/06\/die-ewig-ausgestossenen\/#breadcrumb"},"inLanguage":"de","potentialAction":[{"@type":"ReadAction","target":["https:\/\/www.pressenza.com\/de\/2021\/06\/die-ewig-ausgestossenen\/"]}]},{"@type":"ImageObject","inLanguage":"de","@id":"https:\/\/www.pressenza.com\/de\/2021\/06\/die-ewig-ausgestossenen\/#primaryimage","url":"https:\/\/www.pressenza.com\/wp-content\/uploads\/2021\/05\/bandera-indigena-y-madre-Dalia.jpg","contentUrl":"https:\/\/www.pressenza.com\/wp-content\/uploads\/2021\/05\/bandera-indigena-y-madre-Dalia.jpg","width":800,"height":533,"caption":"Die ewig Ausgesto\u00dfenen"},{"@type":"BreadcrumbList","@id":"https:\/\/www.pressenza.com\/de\/2021\/06\/die-ewig-ausgestossenen\/#breadcrumb","itemListElement":[{"@type":"ListItem","position":1,"name":"Accueil","item":"https:\/\/www.pressenza.com\/de\/"},{"@type":"ListItem","position":2,"name":"Die ewig Ausgesto\u00dfenen"}]},{"@type":"WebSite","@id":"https:\/\/www.pressenza.com\/de\/#website","url":"https:\/\/www.pressenza.com\/de\/","name":"Pressenza","description":"International Press Agency","publisher":{"@id":"https:\/\/www.pressenza.com\/de\/#organization"},"potentialAction":[{"@type":"SearchAction","target":{"@type":"EntryPoint","urlTemplate":"https:\/\/www.pressenza.com\/de\/?s={search_term_string}"},"query-input":{"@type":"PropertyValueSpecification","valueRequired":true,"valueName":"search_term_string"}}],"inLanguage":"de"},{"@type":"Organization","@id":"https:\/\/www.pressenza.com\/de\/#organization","name":"Pressenza","url":"https:\/\/www.pressenza.com\/de\/","logo":{"@type":"ImageObject","inLanguage":"de","@id":"https:\/\/www.pressenza.com\/de\/#\/schema\/logo\/image\/","url":"https:\/\/www.pressenza.com\/wp-content\/uploads\/2022\/10\/pressenza_logo_200x200.jpg","contentUrl":"https:\/\/www.pressenza.com\/wp-content\/uploads\/2022\/10\/pressenza_logo_200x200.jpg","width":200,"height":200,"caption":"Pressenza"},"image":{"@id":"https:\/\/www.pressenza.com\/de\/#\/schema\/logo\/image\/"},"sameAs":["https:\/\/www.facebook.com\/PressenzaItalia","https:\/\/x.com\/PressenzaIPA"]},{"@type":"Person","@id":"https:\/\/www.pressenza.com\/de\/#\/schema\/person\/6936ca3bb8dee618b5cdfd0e4427cdd6","name":"Carolina V\u00e1squez Araya","description":"Periodista y editora con m\u00e1s de 30 a\u00f1os de experiencia, cuyos logros profesionales en el desarrollo de proyectos de gran \u00e9xito avalan sus cualidades de liderazgo, creatividad y relaciones p\u00fablicas. Ha aportado sus conocimientos en proyectos de organizaciones con intereses orientados al desarrollo social, cultural y econ\u00f3mico del pa\u00eds, con especial \u00e9nfasis en el sector de cultura y educaci\u00f3n, emprendimiento, derechos humanos, justicia, ambiente, mujeres y ni\u00f1ez. Chilena en Guatemala. elquintopatio.wordpress.com","sameAs":["https:\/\/www.facebook.com\/pages\/Carolina-V\u00e1squez-Araya\/241844515845237?fref=ts","https:\/\/x.com\/carvasar"],"url":"https:\/\/www.pressenza.com\/de\/author\/carolina-vasquez-araya\/"}]}},"place":"","original_article_url":"","_links":{"self":[{"href":"https:\/\/www.pressenza.com\/de\/wp-json\/wp\/v2\/posts\/1381484","targetHints":{"allow":["GET"]}}],"collection":[{"href":"https:\/\/www.pressenza.com\/de\/wp-json\/wp\/v2\/posts"}],"about":[{"href":"https:\/\/www.pressenza.com\/de\/wp-json\/wp\/v2\/types\/post"}],"author":[{"embeddable":true,"href":"https:\/\/www.pressenza.com\/de\/wp-json\/wp\/v2\/users\/1296"}],"replies":[{"embeddable":true,"href":"https:\/\/www.pressenza.com\/de\/wp-json\/wp\/v2\/comments?post=1381484"}],"version-history":[{"count":0,"href":"https:\/\/www.pressenza.com\/de\/wp-json\/wp\/v2\/posts\/1381484\/revisions"}],"wp:featuredmedia":[{"embeddable":true,"href":"https:\/\/www.pressenza.com\/de\/wp-json\/wp\/v2\/media\/1371517"}],"wp:attachment":[{"href":"https:\/\/www.pressenza.com\/de\/wp-json\/wp\/v2\/media?parent=1381484"}],"wp:term":[{"taxonomy":"category","embeddable":true,"href":"https:\/\/www.pressenza.com\/de\/wp-json\/wp\/v2\/categories?post=1381484"},{"taxonomy":"post_tag","embeddable":true,"href":"https:\/\/www.pressenza.com\/de\/wp-json\/wp\/v2\/tags?post=1381484"}],"curies":[{"name":"wp","href":"https:\/\/api.w.org\/{rel}","templated":true}]}}