{"id":1376845,"date":"2021-06-09T13:54:06","date_gmt":"2021-06-09T12:54:06","guid":{"rendered":"https:\/\/www.pressenza.com\/?p=1376845"},"modified":"2021-06-09T13:54:06","modified_gmt":"2021-06-09T12:54:06","slug":"geliebte-feinde","status":"publish","type":"post","link":"https:\/\/www.pressenza.com\/de\/2021\/06\/geliebte-feinde\/","title":{"rendered":"Geliebte Feinde"},"content":{"rendered":"<p><strong>Was w\u00e4re die Politik blo\u00df ohne einen Feind, schlimmer noch: einer Handvoll Feinde? Wahrscheinlich sachlicher und respektvoller, die internationale Politik weniger aufregend. Und friedlicher, viel friedlicher. Bestimmt aber besser.<\/strong><\/p>\n<p>Was sich f\u00fcr die einen, die wohl meisten Menschen verlockend vern\u00fcnftig und erstrebenswert anh\u00f6rt, ist f\u00fcr die wenigen anderen, in der Regel machtbesessene und selbstherrliche Menschen erschreckend gesch\u00e4ftssch\u00e4digend und antiimperialistisch. Eine Gesellschaft ohne Feinde. Nun kommen Letztere f\u00fcr gew\u00f6hnlich nicht nur gerne und traditionell aus dem politischen Westen, stehen dort auf den Gehaltslisten oder sonst wie unter der Fuchtel, sie sitzen auch an den Hebeln der Macht oder besitzen diese gleich ganz, um neue Feinde wie den islamistischen Terrorismus auf die Agenda zu zaubern, ausgelutschte in nigelnagelneue Feinde zu verwandeln oder uralte Feindschaften auf keinen Fall vergessen zu machen. Das hei\u00dft: unbedingt am Leben zu erhalten. Der nach der Selbstaufl\u00f6sung des Warschauer Pakts und dem unter US-Regie doch irgendwie misslungenen \u00dcbernahmeversuch Russlands unter Boris Jelzin in den 1990er-Jahren behutsam und zielstrebig neu aufgebaute Spitzenreiter unter den Lieblingsfeinden der von Angelsachsen kontrollierten NATO ist also keine \u00dcberraschung und nat\u00fcrlich nach wie vor Russland. Zwar mischt China in Teilen Europas mit, das Reich der Mitte reicht geografisch aber noch immer nicht an die Grenzen Europas heran. Und auch den Mullahs im Iran ist es unm\u00f6glich, \u00fcber den Landweg an Europas T\u00fcren zu klopfen. Dummerweise liegt die komplette T\u00fcrkei im Weg. Einer der liebsten alten Feinde ist dagegen der \u00fcberschaubare Inselstaat Kuba. Und zwar weil es noch immer so unbeugsam vor der K\u00fcste der auch Br\u00fcssel \u00fcbergeordneten Kommandozentrale, den Vereinigten Staaten von Amerika ausharrt.<\/p>\n<p>Es ist ja nicht so, als h\u00e4tte Russland gegen diverse Zusagen nach dem Mauerfall oder gegen den Zwei-plus-vier-Vertrag versto\u00dfen. Das war immerhin die NATO mit ihrem hinterh\u00e4ltigen Anschleichen bis an die Grenzen der Russischen F\u00f6deration. Auch die Kubaner haben dem US-Versuch einer verschw\u00f6rerischen Invasion an den Str\u00e4nden Playa Gir\u00f3n und Playa Larga, besser bekannt als Schweinebucht nicht zum Konter auf Washington geblasen, was ihr gutes Recht gewesen w\u00e4re. (1) Aber so genau nimmt man das im politischen Westen dann besser nicht, zumindest wenn es nicht zum eigenen Vorteil reicht. Also m\u00fcssen Dopingskandale, Skripals, Nowitschoks, Fake News, dubi\u00f6se b\u00f6se Achsen oder das Schreckgespenst des kommunistischen Zentralismus f\u00fcr mehr Selbstgerechtigkeit herhalten. Dass die Menschen im Westen und im Rest der Welt sowieso immer st\u00e4rker von staatskapitalistischem Oligarchen-Zentralismus via Think Tanks, Konzernen und Konsorten im W\u00fcrgegriff gehalten werden, ist an dieser Stelle geschenkt und f\u00fchrt sowieso zu weit.<\/p>\n<p>Nun sind also Handlungen jedenfalls nach der Verfassung des vereinten Deutschlands, \u00bbdie geeignet sind und in der Absicht vorgenommen werden, das friedliche Zusammenleben der V\u00f6lker zu st\u00f6ren, insbesondere die F\u00fchrung eines Angriffskrieges vorzubereiten, verfassungswidrig und strafbar. Die Regierungen der Bundesrepublik Deutschland und der Deutschen Demokratischen Republik erkl\u00e4ren, dass das vereinte Deutschland keine seiner Waffen jemals einsetzen wird, es sei denn in \u00dcbereinstimmung mit seiner Verfassung und der Charta der Vereinten Nationen.\u00ab (2)<\/p>\n<p>Diese Worte sind l\u00e4ngst schon Schnee von gestern. Und was bitte war mit dem Hinweis der Straff\u00e4lligkeit gemeint? Wer sollte das denn \u00fcberhaupt einfordern und umsetzen? Der gut gemeinte Karnevalsverein in Den Haag? Oder die zu rein dekorativen Zwecken eingerichtete Generalversammlung der Vereinten Nationen f\u00fcr mehr Ablenkung der sich st\u00e4ndig blockierenden und deswegen willk\u00fcrlich durch die Welt agierenden f\u00fcnf Siegerm\u00e4chte \u00fcber Nazi-Deutschland im UN-Sicherheitsrat? Das alles ist nicht einmal mehr der Rede wert. Schnee von gestern ist aber auch, dass die deutschen Linken (mit ein paar Ausnahmen) und die Gr\u00fcnen (eigentlich ohne Ausnahmen) anderen V\u00f6lkern und Religionen gegen\u00fcber friedlich und respektvoll oder eben antiimperialistisch eingestellt waren, was zwangsl\u00e4ufig zu einer NATO-kritischen Haltung f\u00fchrte. Das sind heute weder die einen und die anderen immer weniger.<\/p>\n<p>Gr\u00fcne F\u00fchrerinnen und F\u00fchrer w\u00fcrden Russland mittlerweile am liebsten mit der ganzen \u00bbH\u00e4rte\u00ab, noch viel sch\u00e4rferen Sanktionen und mit \u00bbGewehren, die schie\u00dfen, und Nachtsichtger\u00e4ten, die funktionieren\u00ab, bei robusten europ\u00e4ischen Milit\u00e4reins\u00e4tzen, so zum Beispiel die Kanzlerkandidatin der Gr\u00fcnen, Annalena Baerbock, auf einem olivgr\u00fcnen Schlachtfeld ihrer Wahl zu Tode gendern, womit zwar jede Menge stacheldraht\u00e4hnlicher Sternchen und zungenbrechender Stolpersteine zur Zersetzung der eigenen Sprache verteilt w\u00fcrden, man vielleicht das Englische gleich komplett \u00fcbernehmen sollte, aber nicht einer misshandelten oder benachteiligten Frau geholfen w\u00e4re. Weder in Russland noch in Deutschland oder in den USA. Bei anderen Gr\u00fcnen wie dem Co-Parteichef Robert Habeck oder dem ehemaligen Atlantik-Br\u00fccke-Mitglied, Beiratsmitglied der Atlantischen Initiative und Gr\u00fcndungskurator der linientreuen Amadeu Antonio Stiftung, Cem \u00d6zdemir, oder der zensurfreudig russophoben Marieluise Beck mit ebenfalls besten transatlantischen Vernetzungen h\u00f6rt sich das kein bisschen friedlicher an. (3) (4) Auch bei den Linken sind Imperialismus, Angriffskriege und faschistoide Grundrechtseinschr\u00e4nkungen auf dem Weg zum Steigb\u00fcgelhalter kein Problem mehr. Die Co-Vorsitzende Katja Kipping oder Stefan Liebich, \u00fcber mehrere Jahre Mitglied der Atlantik-Br\u00fccke und Mitglied der Deutsch-Israelischen Gesellschaft, sind nur zwei Beispiel der zunehmenden Akzeptanz f\u00fcr NATO-Kriege, Russlandbashing oder v\u00f6llige Gleichg\u00fcltigkeit f\u00fcr die Belange der unterdr\u00fcckten Pal\u00e4stinenser bei der Linkspartei. Die deutschen Linksanf\u00fchrer m\u00f6chten eben auch mal mitregieren und vorauseilenden Gehorsam demonstrieren, um sich bei den Gr\u00fcnen, der SPD oder wem auch immer so richtig anbiedern zu k\u00f6nnen.<\/p>\n<p>Die Heuchelei Kippings im Fall Alexei Nawalny: \u00bb<em>Es sagt viel \u00fcber die Zust\u00e4nde im heutigen Russland aus, dass nicht diejenigen, die einen Mordanschlag ver\u00fcbt haben, gerade vors Gericht gebracht werden, sondern das Opfer eines Mordanschlags unter irgendwelchen Vorw\u00e4nden in Gef\u00e4ngnis gesteckt wird.\u00ab Nun k\u00f6nnte man auch an Julian Assange denken, h\u00e4tte sie nicht Russland gesagt. Der ist aber nicht gemeint. Denn wenn es um Wikileaks, also die Aufdeckung der Kriegsverbrechen des Wertewestens und dem deswegen eingekerkerten Journalisten Assange, also um die Zust\u00e4nde im goldenen Westen, hier der britischen oder der US-Regierung samt ihrer Lakaien geht, tauchen die rot lackierten Kippings einfach ab.<\/em> (5) Und Edward Snowden sitzt zwar immer noch in Moskau im Asyl. Aber das ist linksgr\u00fcnen Wohlstandskreisen in den Hauptst\u00e4dten heute so was von egal, wie dann noch die Beispiele Chelsea Manning, Guantanamo Bay oder die ganz gro\u00dfe Enth\u00fcllungsnummer mit den einer herrschenden Oligarchie so hinderlichen Grundrechte belegen. \u00dcberhaupt, wer oder was waren Manning, Guantanamo und Grundrechte? Neue E-Modelle von Tesla, Startups der Share Economy zur Abschaffung individueller Unabh\u00e4ngigkeit und ein Bachelorstudiengang in Zeitgeschichte? Egal, es winkt die verlockende Aussicht auf ein klitzekleines bisschen Macht und Blitzlicht. Daf\u00fcr tut man in der Politik ja alles, wobei das Verbiegen (etwa nach erfolgreicher Unterwanderung) noch eine der einfacheren \u00dcbungen zu sein scheint. Und von politischen Mordauftr\u00e4gen, also von Verschw\u00f6rungstheorien, wollen wir sowieso nichts h\u00f6ren, das ist Sache der Geheimdienste, denn die d\u00fcrfen das, solange es unsere sind, um Leute wie Fidel Castro loszuwerden oder ein bisschen durch die Welt zu putschen.<\/p>\n<p>Europa kann aber nicht nur nach Osten marschieren. Europa kann auch anders. Verbal und wirtschaftlich etwa gegen Kuba aufr\u00fcsten. Die Asamblea Nacional Poder Popular Cuba, der Ausschuss f\u00fcr Internationale Beziehungen der Nationalversammlung Kubas, schreibt am 4. Juni 2021, dass es einer kleinen Gruppe von Abgeordneten \u00bbdie auf die Agenda Washingtons eingehen, gelungen ist, in die n\u00e4chste Plenarversammlung des Europ\u00e4ischen Parlaments, die am 8. Juni stattfindet, einen Punkt\u00ab zur politischen Lage in Verbindung mit den Grund- oder eben Menschenrechten in Kuba aufzunehmen. Nicht die unter dem Vorwand der Corona-Krise weltweit und besonders in Deutschland eifrig \u00fcber den Haufen geworfenen Grundrechte zur m\u00f6glichst kompletten Durchimpfung der am besten gesamten Weltbev\u00f6lkerung zum Wohle besonders von Big Pharma, nicht bevollm\u00e4chtigter Stiftungen und keineswegs gew\u00e4hlter Oligarchen sind das Problem. Nein, wo k\u00e4men wir da hin? Man versucht stattdessen eine Resolution gegen das seit etlichen Jahrzehnten v\u00f6lkerrechtswidrig und gegen den Willen der Vereinten Nationen wirtschaftlich belagerte, also durch Boykotte strangulierte Kuba zu verabschieden. Und das, obwohl Kuba die in der realpolitischen Regel doch \u00e4u\u00dferst untypische Entsendung von medizinischem Personal, der Entsendung von milit\u00e4rischem, geheimdienstlichem oder zivilem Personal zu Diensten und im Auftrag multinationaler Konzerne bevorzugt. Aber was ist heute schon normal? Nach Georg Christoph Lichtenberg ist der gew\u00f6hnliche Kopf ja eh nur der herrschenden Meinung und der herrschenden Mode konform, wie der un\u00fcbersehbare Trend einer paranoiden Maskerade mit asozialen Abstandsgeboten rund um den Erdball zeigen. Zuneigung unter Menschen, V\u00f6lkern und Nationen f\u00e4llt auf unbestimmte Zeit also erst mal aus.<\/p>\n<p>Die Asamblea schreibt ja auch, dass man im Europ\u00e4ischen Parlament verzweifelt versucht, den politischen Dialog und die Zusammenarbeit zwischen der Europ\u00e4ischen Union und Kuba zu brechen. \u00bbSolche Aktionen \u00fcberraschen uns nicht, denn sie sind typisch f\u00fcr die Doppelmoral, die sie beseelt. Besorgt zu sein scheinen sie \u00fcber die Aus\u00fcbung der Menschenrechte in Kuba, also in einem freien, unabh\u00e4ngigen, souver\u00e4nen, demokratischen Land der sozialen Gerechtigkeit und der menschlichen Solidarit\u00e4t, in dem das Volk selbst \u00fcber sein Schicksal entscheidet und in dem [\u2026] das grundlegendste Gesetz der Republik die Verehrung der Kubaner zur vollen W\u00fcrde des Menschen ist.\u00ab<\/p>\n<p>Es sei merkw\u00fcrdig, dass diejenigen im Europ\u00e4ischen Parlament \u00fcber die Grundrechte in Kuba besorgt sind, die ansonsten auch kein Problem damit haben, die gr\u00f6\u00dfte Menschenrechtsverletzung, die \u00bbv\u00f6lkerm\u00f6rderische Blockade\u00ab, die seit 62 Jahren gegen das kubanische Volk in Kraft ist, zu kritisieren. Und das \u00bbinmitten einer Pandemie\u00ab und einer unglaublichen globalen Wirtschaftskrise. Doch nicht nur das: \u00bbSie handeln auch mit v\u00f6lliger Gef\u00fchllosigkeit angesichts eklatanter Verletzungen der Menschenrechte, die in den Vereinigten Staaten und anderen L\u00e4ndern der Welt \u2013 einschlie\u00dflich in Europa \u2013 begangen werden, wo es im vergangenen Jahr zu einer Versch\u00e4rfung der Ausdr\u00fccke von Polizeibrutalit\u00e4t, diskriminierender Politik gegen\u00fcber Migranten, Hassreden und rassistischem Gedankengut, Verst\u00f6\u00dfen gegen die Presse- und Meinungsfreiheit sowie Ausdr\u00fccke von Rassismus, Fremdenfeindlichkeit und anderen Formen der Intoleranz gekommen ist.\u00ab<\/p>\n<p>Das alles f\u00fcr externe Interessen, die die Unabh\u00e4ngigkeit der Europ\u00e4ischen Union gef\u00e4hrden wollen. Das schreiben die Kubaner, das prangern sie an. Und ich auch!<\/p>\n<p><em>Quellen:<br \/>\n<\/em><em>(1) <a href=\"http:\/\/floosrainik.net\/anspruch-und-realitaet-ein-nachtrag-zum-runden-geburtstag-der-nato-teil-1\" target=\"_blank\" rel=\"noopener\">http:\/\/floosrainik.net\/anspruch-und-realitaet-ein-nachtrag-zum-runden-geburtstag-der-nato-teil-1<\/a><\/em><br \/>\n<em>(2) <a href=\"https:\/\/www.pressenza.com\/de\/2019\/11\/70-jahre-nato-sind-genug\/\" target=\"_blank\" rel=\"noopener\">https:\/\/www.pressenza.com\/de\/2019\/11\/70-jahre-nato-sind-genug\/<\/a><\/em><br \/>\n<em>(3) <a href=\"http:\/\/floosrainik.net\/einen-schritt-voraus-flo-osrainik-bei-ken-jebsen\" target=\"_blank\" rel=\"noopener\">http:\/\/floosrainik.net\/einen-schritt-voraus-flo-osrainik-bei-ken-jebsen<\/a><\/em><br \/>\n<em>(4) <a href=\"http:\/\/floosrainik.net\/hinter-den-kulissen-wie-aus-dem-fall-magnitski-der-fall-browder-wurde\" target=\"_blank\" rel=\"noopener\">http:\/\/floosrainik.net\/hinter-den-kulissen-wie-aus-dem-fall-magnitski-der-fall-browder-wurde<\/a><\/em><br \/>\n<em>(5) <a href=\"http:\/\/floosrainik.net\/hinter-den-kulissen-wie-aus-dem-fall-magnitski-der-fall-browder-wurde\" target=\"_blank\" rel=\"noopener\">https:\/\/de.rt.com\/inland\/112373-kipping-schaltet-sich\/<\/a><\/em><br \/>\n<em>(6) Declaracio\u0301n de la ANPP en alema\u0301n<\/em><\/p>\n<hr \/>\n<p><em><strong>Das Buch von Flo Osrainik: &#8222;Im Namen der Russen. Tabulos gegen den Strich des Mainstreams&#8220;<\/strong>; Taschenbuch: Independently published 2019, 200 Seiten, ISBN: 978-1705360729, <a href=\"http:\/\/floosrainik.net\/buecher\" target=\"_blank\" rel=\"noopener\">http:\/\/floosrainik.net\/buecher<\/a> gibt es ebenfals als e-Book \u00fcber <a href=\"https:\/\/www.amazon.de\/dp\/1705360726\" target=\"_blank\" rel=\"noopener\">https:\/\/www.amazon.de\/dp\/1705360726<\/a><\/em><\/p>\n<p><img loading=\"lazy\" decoding=\"async\" class=\"aligncenter wp-image-1372304\" src=\"https:\/\/www.pressenza.com\/wp-content\/uploads\/2020\/02\/Im-Namen-der-Russen-Taschenbuch-Cover-Flo-Osrainik_-720x523.jpg\" alt=\"\" width=\"753\" height=\"547\" srcset=\"https:\/\/www.pressenza.com\/wp-content\/uploads\/2020\/02\/Im-Namen-der-Russen-Taschenbuch-Cover-Flo-Osrainik_-720x523.jpg 720w, https:\/\/www.pressenza.com\/wp-content\/uploads\/2020\/02\/Im-Namen-der-Russen-Taschenbuch-Cover-Flo-Osrainik_-300x218.jpg 300w, https:\/\/www.pressenza.com\/wp-content\/uploads\/2020\/02\/Im-Namen-der-Russen-Taschenbuch-Cover-Flo-Osrainik_-768x558.jpg 768w, https:\/\/www.pressenza.com\/wp-content\/uploads\/2020\/02\/Im-Namen-der-Russen-Taschenbuch-Cover-Flo-Osrainik_-1536x1115.jpg 1536w, https:\/\/www.pressenza.com\/wp-content\/uploads\/2020\/02\/Im-Namen-der-Russen-Taschenbuch-Cover-Flo-Osrainik_.jpg 1920w\" sizes=\"auto, (max-width: 753px) 100vw, 753px\" \/><\/p>\n","protected":false},"excerpt":{"rendered":"<p>Was w\u00e4re die Politik blo\u00df ohne einen Feind, schlimmer noch: einer Handvoll Feinde? Wahrscheinlich sachlicher und respektvoller, die internationale Politik weniger aufregend. Und friedlicher, viel friedlicher. Bestimmt aber besser. Was sich f\u00fcr die einen, die wohl meisten Menschen verlockend vern\u00fcnftig&hellip;<\/p>\n","protected":false},"author":1403,"featured_media":1376849,"comment_status":"closed","ping_status":"closed","sticky":false,"template":"","format":"standard","meta":{"footnotes":""},"categories":[9167,7835,9143,11387],"tags":[21620,39430,19191,14751,11826,15357,74975,9767,34836,81479,52593,49020,39429],"class_list":["post-1376845","post","type-post","status-publish","format-standard","has-post-thumbnail","hentry","category-frieden-und-abruestung","category-international-de","category-meinungen","category-originalinhalt","tag-feindbilder","tag-imperialismus","tag-kuba","tag-menschenrechtsverletzungen","tag-nato-de","tag-russland","tag-transatlantiker","tag-usa-de","tag-voelkerrechtswidrige-kriege","tag-weisser-westen","tag-wirtschaftsblockade","tag-wirtschaftskrieg","tag-wirtschaftssanktionen"],"yoast_head":"<!-- This site is optimized with the Yoast SEO plugin v27.1.1 - https:\/\/yoast.com\/product\/yoast-seo-wordpress\/ -->\n<title>Geliebte Feinde<\/title>\n<meta name=\"description\" content=\"Was w\u00e4re die Politik blo\u00df ohne einen Feind, schlimmer noch: einer Handvoll Feinde? Wahrscheinlich sachlicher und respektvoller, die internationale Politik\" \/>\n<meta name=\"robots\" content=\"index, follow, max-snippet:-1, max-image-preview:large, max-video-preview:-1\" \/>\n<link rel=\"canonical\" href=\"https:\/\/www.pressenza.com\/de\/2021\/06\/geliebte-feinde\/\" \/>\n<meta property=\"og:locale\" content=\"de_DE\" \/>\n<meta property=\"og:type\" content=\"article\" \/>\n<meta property=\"og:title\" content=\"Geliebte Feinde\" \/>\n<meta property=\"og:description\" content=\"Was w\u00e4re die Politik blo\u00df ohne einen Feind, schlimmer noch: einer Handvoll Feinde? Wahrscheinlich sachlicher und respektvoller, die internationale Politik\" \/>\n<meta property=\"og:url\" content=\"https:\/\/www.pressenza.com\/de\/2021\/06\/geliebte-feinde\/\" \/>\n<meta property=\"og:site_name\" content=\"Pressenza\" \/>\n<meta property=\"article:publisher\" content=\"https:\/\/www.facebook.com\/PressenzaItalia\" \/>\n<meta property=\"article:published_time\" content=\"2021-06-09T12:54:06+00:00\" \/>\n<meta property=\"og:image\" content=\"https:\/\/www.pressenza.com\/wp-content\/uploads\/2021\/06\/Feindbilder_China_Russland_Kuba_Iran.jpg\" \/>\n\t<meta property=\"og:image:width\" content=\"1500\" \/>\n\t<meta property=\"og:image:height\" content=\"1000\" \/>\n\t<meta property=\"og:image:type\" content=\"image\/jpeg\" \/>\n<meta name=\"author\" content=\"Flo Osrainik\" \/>\n<meta name=\"twitter:card\" content=\"summary_large_image\" \/>\n<meta name=\"twitter:creator\" content=\"@PressenzaIPA\" \/>\n<meta name=\"twitter:site\" content=\"@PressenzaIPA\" \/>\n<meta name=\"twitter:label1\" content=\"Verfasst von\" \/>\n\t<meta name=\"twitter:data1\" content=\"Flo Osrainik\" \/>\n\t<meta name=\"twitter:label2\" content=\"Gesch\u00e4tzte Lesezeit\" \/>\n\t<meta name=\"twitter:data2\" content=\"9\u00a0Minuten\" \/>\n<script type=\"application\/ld+json\" class=\"yoast-schema-graph\">{\"@context\":\"https:\/\/schema.org\",\"@graph\":[{\"@type\":\"Article\",\"@id\":\"https:\/\/www.pressenza.com\/de\/2021\/06\/geliebte-feinde\/#article\",\"isPartOf\":{\"@id\":\"https:\/\/www.pressenza.com\/de\/2021\/06\/geliebte-feinde\/\"},\"author\":{\"name\":\"Flo Osrainik\",\"@id\":\"https:\/\/www.pressenza.com\/de\/#\/schema\/person\/6b6b3fc4e3c1cec86c0413f7d1472dc8\"},\"headline\":\"Geliebte Feinde\",\"datePublished\":\"2021-06-09T12:54:06+00:00\",\"mainEntityOfPage\":{\"@id\":\"https:\/\/www.pressenza.com\/de\/2021\/06\/geliebte-feinde\/\"},\"wordCount\":1758,\"publisher\":{\"@id\":\"https:\/\/www.pressenza.com\/de\/#organization\"},\"image\":{\"@id\":\"https:\/\/www.pressenza.com\/de\/2021\/06\/geliebte-feinde\/#primaryimage\"},\"thumbnailUrl\":\"https:\/\/www.pressenza.com\/wp-content\/uploads\/2021\/06\/Feindbilder_China_Russland_Kuba_Iran.jpg\",\"keywords\":[\"Feindbilder\",\"Imperialismus\",\"Kuba\",\"Menschenrechtsverletzungen\",\"NATO\",\"Russland\",\"Transatlantiker\",\"USA\",\"V\u00f6lkerrechtswidrige Kriege\",\"Wei\u00dfer Westen\",\"Wirtschaftsblockade\",\"Wirtschaftskrieg\",\"Wirtschaftssanktionen\"],\"articleSection\":[\"Frieden und Abr\u00fcstung\",\"International\",\"Meinungen\",\"Originalinhalt\"],\"inLanguage\":\"de\"},{\"@type\":\"WebPage\",\"@id\":\"https:\/\/www.pressenza.com\/de\/2021\/06\/geliebte-feinde\/\",\"url\":\"https:\/\/www.pressenza.com\/de\/2021\/06\/geliebte-feinde\/\",\"name\":\"Geliebte Feinde\",\"isPartOf\":{\"@id\":\"https:\/\/www.pressenza.com\/de\/#website\"},\"primaryImageOfPage\":{\"@id\":\"https:\/\/www.pressenza.com\/de\/2021\/06\/geliebte-feinde\/#primaryimage\"},\"image\":{\"@id\":\"https:\/\/www.pressenza.com\/de\/2021\/06\/geliebte-feinde\/#primaryimage\"},\"thumbnailUrl\":\"https:\/\/www.pressenza.com\/wp-content\/uploads\/2021\/06\/Feindbilder_China_Russland_Kuba_Iran.jpg\",\"datePublished\":\"2021-06-09T12:54:06+00:00\",\"description\":\"Was w\u00e4re die Politik blo\u00df ohne einen Feind, schlimmer noch: einer Handvoll Feinde? Wahrscheinlich sachlicher und respektvoller, die internationale Politik\",\"breadcrumb\":{\"@id\":\"https:\/\/www.pressenza.com\/de\/2021\/06\/geliebte-feinde\/#breadcrumb\"},\"inLanguage\":\"de\",\"potentialAction\":[{\"@type\":\"ReadAction\",\"target\":[\"https:\/\/www.pressenza.com\/de\/2021\/06\/geliebte-feinde\/\"]}]},{\"@type\":\"ImageObject\",\"inLanguage\":\"de\",\"@id\":\"https:\/\/www.pressenza.com\/de\/2021\/06\/geliebte-feinde\/#primaryimage\",\"url\":\"https:\/\/www.pressenza.com\/wp-content\/uploads\/2021\/06\/Feindbilder_China_Russland_Kuba_Iran.jpg\",\"contentUrl\":\"https:\/\/www.pressenza.com\/wp-content\/uploads\/2021\/06\/Feindbilder_China_Russland_Kuba_Iran.jpg\",\"width\":1500,\"height\":1000,\"caption\":\"Geliebte Feinde\"},{\"@type\":\"BreadcrumbList\",\"@id\":\"https:\/\/www.pressenza.com\/de\/2021\/06\/geliebte-feinde\/#breadcrumb\",\"itemListElement\":[{\"@type\":\"ListItem\",\"position\":1,\"name\":\"Accueil\",\"item\":\"https:\/\/www.pressenza.com\/de\/\"},{\"@type\":\"ListItem\",\"position\":2,\"name\":\"Geliebte Feinde\"}]},{\"@type\":\"WebSite\",\"@id\":\"https:\/\/www.pressenza.com\/de\/#website\",\"url\":\"https:\/\/www.pressenza.com\/de\/\",\"name\":\"Pressenza\",\"description\":\"International Press Agency\",\"publisher\":{\"@id\":\"https:\/\/www.pressenza.com\/de\/#organization\"},\"potentialAction\":[{\"@type\":\"SearchAction\",\"target\":{\"@type\":\"EntryPoint\",\"urlTemplate\":\"https:\/\/www.pressenza.com\/de\/?s={search_term_string}\"},\"query-input\":{\"@type\":\"PropertyValueSpecification\",\"valueRequired\":true,\"valueName\":\"search_term_string\"}}],\"inLanguage\":\"de\"},{\"@type\":\"Organization\",\"@id\":\"https:\/\/www.pressenza.com\/de\/#organization\",\"name\":\"Pressenza\",\"url\":\"https:\/\/www.pressenza.com\/de\/\",\"logo\":{\"@type\":\"ImageObject\",\"inLanguage\":\"de\",\"@id\":\"https:\/\/www.pressenza.com\/de\/#\/schema\/logo\/image\/\",\"url\":\"https:\/\/www.pressenza.com\/wp-content\/uploads\/2022\/10\/pressenza_logo_200x200.jpg\",\"contentUrl\":\"https:\/\/www.pressenza.com\/wp-content\/uploads\/2022\/10\/pressenza_logo_200x200.jpg\",\"width\":200,\"height\":200,\"caption\":\"Pressenza\"},\"image\":{\"@id\":\"https:\/\/www.pressenza.com\/de\/#\/schema\/logo\/image\/\"},\"sameAs\":[\"https:\/\/www.facebook.com\/PressenzaItalia\",\"https:\/\/x.com\/PressenzaIPA\"]},{\"@type\":\"Person\",\"@id\":\"https:\/\/www.pressenza.com\/de\/#\/schema\/person\/6b6b3fc4e3c1cec86c0413f7d1472dc8\",\"name\":\"Flo Osrainik\",\"description\":\"Der in M\u00fcnchen geborene und aufgewachsene Deutsch-\u00d6sterreicher ist Redakteur und freier Journalist. Er wohnt, lebt und arbeitet in M\u00fcnchen und Istanbul. Seine Themen sind Gesellschaft &amp; Globales. Er hat unter anderem Beitr\u00e4ge f\u00fcr RT Deutsch, junge Welt, Telepolis, amerika21 und das Weblog NEOPresse verfasst. Au\u00dferdem ist er ehrenamtlicher Redakteur bei acTVism Munich und Mitglied bei Freischreiber.\",\"url\":\"https:\/\/www.pressenza.com\/de\/author\/flo-osrainik\/\"}]}<\/script>\n<!-- \/ Yoast SEO plugin. -->","yoast_head_json":{"title":"Geliebte Feinde","description":"Was w\u00e4re die Politik blo\u00df ohne einen Feind, schlimmer noch: einer Handvoll Feinde? Wahrscheinlich sachlicher und respektvoller, die internationale Politik","robots":{"index":"index","follow":"follow","max-snippet":"max-snippet:-1","max-image-preview":"max-image-preview:large","max-video-preview":"max-video-preview:-1"},"canonical":"https:\/\/www.pressenza.com\/de\/2021\/06\/geliebte-feinde\/","og_locale":"de_DE","og_type":"article","og_title":"Geliebte Feinde","og_description":"Was w\u00e4re die Politik blo\u00df ohne einen Feind, schlimmer noch: einer Handvoll Feinde? Wahrscheinlich sachlicher und respektvoller, die internationale Politik","og_url":"https:\/\/www.pressenza.com\/de\/2021\/06\/geliebte-feinde\/","og_site_name":"Pressenza","article_publisher":"https:\/\/www.facebook.com\/PressenzaItalia","article_published_time":"2021-06-09T12:54:06+00:00","og_image":[{"width":1500,"height":1000,"url":"https:\/\/www.pressenza.com\/wp-content\/uploads\/2021\/06\/Feindbilder_China_Russland_Kuba_Iran.jpg","type":"image\/jpeg"}],"author":"Flo Osrainik","twitter_card":"summary_large_image","twitter_creator":"@PressenzaIPA","twitter_site":"@PressenzaIPA","twitter_misc":{"Verfasst von":"Flo Osrainik","Gesch\u00e4tzte Lesezeit":"9\u00a0Minuten"},"schema":{"@context":"https:\/\/schema.org","@graph":[{"@type":"Article","@id":"https:\/\/www.pressenza.com\/de\/2021\/06\/geliebte-feinde\/#article","isPartOf":{"@id":"https:\/\/www.pressenza.com\/de\/2021\/06\/geliebte-feinde\/"},"author":{"name":"Flo Osrainik","@id":"https:\/\/www.pressenza.com\/de\/#\/schema\/person\/6b6b3fc4e3c1cec86c0413f7d1472dc8"},"headline":"Geliebte Feinde","datePublished":"2021-06-09T12:54:06+00:00","mainEntityOfPage":{"@id":"https:\/\/www.pressenza.com\/de\/2021\/06\/geliebte-feinde\/"},"wordCount":1758,"publisher":{"@id":"https:\/\/www.pressenza.com\/de\/#organization"},"image":{"@id":"https:\/\/www.pressenza.com\/de\/2021\/06\/geliebte-feinde\/#primaryimage"},"thumbnailUrl":"https:\/\/www.pressenza.com\/wp-content\/uploads\/2021\/06\/Feindbilder_China_Russland_Kuba_Iran.jpg","keywords":["Feindbilder","Imperialismus","Kuba","Menschenrechtsverletzungen","NATO","Russland","Transatlantiker","USA","V\u00f6lkerrechtswidrige Kriege","Wei\u00dfer Westen","Wirtschaftsblockade","Wirtschaftskrieg","Wirtschaftssanktionen"],"articleSection":["Frieden und Abr\u00fcstung","International","Meinungen","Originalinhalt"],"inLanguage":"de"},{"@type":"WebPage","@id":"https:\/\/www.pressenza.com\/de\/2021\/06\/geliebte-feinde\/","url":"https:\/\/www.pressenza.com\/de\/2021\/06\/geliebte-feinde\/","name":"Geliebte Feinde","isPartOf":{"@id":"https:\/\/www.pressenza.com\/de\/#website"},"primaryImageOfPage":{"@id":"https:\/\/www.pressenza.com\/de\/2021\/06\/geliebte-feinde\/#primaryimage"},"image":{"@id":"https:\/\/www.pressenza.com\/de\/2021\/06\/geliebte-feinde\/#primaryimage"},"thumbnailUrl":"https:\/\/www.pressenza.com\/wp-content\/uploads\/2021\/06\/Feindbilder_China_Russland_Kuba_Iran.jpg","datePublished":"2021-06-09T12:54:06+00:00","description":"Was w\u00e4re die Politik blo\u00df ohne einen Feind, schlimmer noch: einer Handvoll Feinde? Wahrscheinlich sachlicher und respektvoller, die internationale Politik","breadcrumb":{"@id":"https:\/\/www.pressenza.com\/de\/2021\/06\/geliebte-feinde\/#breadcrumb"},"inLanguage":"de","potentialAction":[{"@type":"ReadAction","target":["https:\/\/www.pressenza.com\/de\/2021\/06\/geliebte-feinde\/"]}]},{"@type":"ImageObject","inLanguage":"de","@id":"https:\/\/www.pressenza.com\/de\/2021\/06\/geliebte-feinde\/#primaryimage","url":"https:\/\/www.pressenza.com\/wp-content\/uploads\/2021\/06\/Feindbilder_China_Russland_Kuba_Iran.jpg","contentUrl":"https:\/\/www.pressenza.com\/wp-content\/uploads\/2021\/06\/Feindbilder_China_Russland_Kuba_Iran.jpg","width":1500,"height":1000,"caption":"Geliebte Feinde"},{"@type":"BreadcrumbList","@id":"https:\/\/www.pressenza.com\/de\/2021\/06\/geliebte-feinde\/#breadcrumb","itemListElement":[{"@type":"ListItem","position":1,"name":"Accueil","item":"https:\/\/www.pressenza.com\/de\/"},{"@type":"ListItem","position":2,"name":"Geliebte Feinde"}]},{"@type":"WebSite","@id":"https:\/\/www.pressenza.com\/de\/#website","url":"https:\/\/www.pressenza.com\/de\/","name":"Pressenza","description":"International Press Agency","publisher":{"@id":"https:\/\/www.pressenza.com\/de\/#organization"},"potentialAction":[{"@type":"SearchAction","target":{"@type":"EntryPoint","urlTemplate":"https:\/\/www.pressenza.com\/de\/?s={search_term_string}"},"query-input":{"@type":"PropertyValueSpecification","valueRequired":true,"valueName":"search_term_string"}}],"inLanguage":"de"},{"@type":"Organization","@id":"https:\/\/www.pressenza.com\/de\/#organization","name":"Pressenza","url":"https:\/\/www.pressenza.com\/de\/","logo":{"@type":"ImageObject","inLanguage":"de","@id":"https:\/\/www.pressenza.com\/de\/#\/schema\/logo\/image\/","url":"https:\/\/www.pressenza.com\/wp-content\/uploads\/2022\/10\/pressenza_logo_200x200.jpg","contentUrl":"https:\/\/www.pressenza.com\/wp-content\/uploads\/2022\/10\/pressenza_logo_200x200.jpg","width":200,"height":200,"caption":"Pressenza"},"image":{"@id":"https:\/\/www.pressenza.com\/de\/#\/schema\/logo\/image\/"},"sameAs":["https:\/\/www.facebook.com\/PressenzaItalia","https:\/\/x.com\/PressenzaIPA"]},{"@type":"Person","@id":"https:\/\/www.pressenza.com\/de\/#\/schema\/person\/6b6b3fc4e3c1cec86c0413f7d1472dc8","name":"Flo Osrainik","description":"Der in M\u00fcnchen geborene und aufgewachsene Deutsch-\u00d6sterreicher ist Redakteur und freier Journalist. Er wohnt, lebt und arbeitet in M\u00fcnchen und Istanbul. Seine Themen sind Gesellschaft &amp; Globales. Er hat unter anderem Beitr\u00e4ge f\u00fcr RT Deutsch, junge Welt, Telepolis, amerika21 und das Weblog NEOPresse verfasst. Au\u00dferdem ist er ehrenamtlicher Redakteur bei acTVism Munich und Mitglied bei Freischreiber.","url":"https:\/\/www.pressenza.com\/de\/author\/flo-osrainik\/"}]}},"place":"","original_article_url":"","_links":{"self":[{"href":"https:\/\/www.pressenza.com\/de\/wp-json\/wp\/v2\/posts\/1376845","targetHints":{"allow":["GET"]}}],"collection":[{"href":"https:\/\/www.pressenza.com\/de\/wp-json\/wp\/v2\/posts"}],"about":[{"href":"https:\/\/www.pressenza.com\/de\/wp-json\/wp\/v2\/types\/post"}],"author":[{"embeddable":true,"href":"https:\/\/www.pressenza.com\/de\/wp-json\/wp\/v2\/users\/1403"}],"replies":[{"embeddable":true,"href":"https:\/\/www.pressenza.com\/de\/wp-json\/wp\/v2\/comments?post=1376845"}],"version-history":[{"count":0,"href":"https:\/\/www.pressenza.com\/de\/wp-json\/wp\/v2\/posts\/1376845\/revisions"}],"wp:featuredmedia":[{"embeddable":true,"href":"https:\/\/www.pressenza.com\/de\/wp-json\/wp\/v2\/media\/1376849"}],"wp:attachment":[{"href":"https:\/\/www.pressenza.com\/de\/wp-json\/wp\/v2\/media?parent=1376845"}],"wp:term":[{"taxonomy":"category","embeddable":true,"href":"https:\/\/www.pressenza.com\/de\/wp-json\/wp\/v2\/categories?post=1376845"},{"taxonomy":"post_tag","embeddable":true,"href":"https:\/\/www.pressenza.com\/de\/wp-json\/wp\/v2\/tags?post=1376845"}],"curies":[{"name":"wp","href":"https:\/\/api.w.org\/{rel}","templated":true}]}}