{"id":1374836,"date":"2021-06-07T06:03:25","date_gmt":"2021-06-07T05:03:25","guid":{"rendered":"https:\/\/www.pressenza.com\/?p=1374836"},"modified":"2021-06-07T06:03:25","modified_gmt":"2021-06-07T05:03:25","slug":"neue-studie-belegt-akute-gefahr-fuer-abgeschobene-afghanen","status":"publish","type":"post","link":"https:\/\/www.pressenza.com\/de\/2021\/06\/neue-studie-belegt-akute-gefahr-fuer-abgeschobene-afghanen\/","title":{"rendered":"Neue Studie belegt akute Gefahr f\u00fcr abgeschobene Afghanen"},"content":{"rendered":"<p>Eine heute ver\u00f6ffentlichte Studie der Afghanistan-Expertin Friederike Stahlmann, herausgegeben von Diakonie und Brot f\u00fcr die Welt, dokumentiert die Bedrohungen, denen abgeschobene Afghanen in ihrer Heimat ausgesetzt sind. Diese neuen Erkenntnisse m\u00fcssen von BAMF und Gerichten ber\u00fccksichtigt werden.<\/p>\n<p>Angesichts der eskalierenden und sich t\u00e4glich verschlechternden Situation in Afghanistan und der Erkenntnisse einer heute ver\u00f6ffentlichten <a href=\"https:\/\/www.diakonie.de\/fileadmin\/user_upload\/Diakonie\/PDFs\/Journal_PDF\/AFG_Monitoring-Studie_FINAL.pdf\">Studie<\/a> zur Gef\u00e4hrdungslage Abgeschobener ist sowohl ein sofortiger Abschiebestopp, als auch ein neuer Lagebericht des Ausw\u00e4rtigen Amts notwendig. \u00a0Aktuell ist f\u00fcr Dienstag, den 8. Juni, ein erneuter Abschiebeflieger nach Kabul angesetzt. Der Anfang Mai geplante Charter wurde kurzfristig abgesagt \u2013 die aktuelle Situation gebietet das auch f\u00fcr den Juni-Flieger und alle weiteren.<\/p>\n<div class=\"wpb_text_column wpb_content_element \">\n<div class=\"wpb_wrapper\">\n<p><strong>ASYL-ABLEHNUNGEN LIEGEN OFT LANGE ZUR\u00dcCK<\/strong><\/p>\n<p>Die Studie zeigt, dass es immer mehr Gr\u00fcnde gibt, die Richtigkeit der bisherigen Ablehnungs- und Abschiebungsentscheidungen anzuzweifeln und beim Bundesamt f\u00fcr Migration und Fl\u00fcchtlinge (BAMF) Folgeantr\u00e4ge zu stellen. Der Vollzug von Abschiebungen basiert h\u00e4ufig auf lange zur\u00fcckliegenden negativen BAMF-Entscheidungen. Doch nun liegen neue Gef\u00e4hrdungsgr\u00fcnde vor. Das BAMF muss die neuen Erkenntnisse einbeziehen und die oft kurzfristig gestellten Folgeantr\u00e4ge sorgf\u00e4ltig pr\u00fcfen.<\/p>\n<\/div>\n<\/div>\n<article class=\"asvce-element asvce-ausblocker fullwidth fullwidth--inline\">\n<blockquote>\n<p class=\"asvce-ausblocker__content\">In eine zusehends eskalierende Lage, in der die Taliban mit Terror und Attacken den Abzug der NATO begleiten, darf niemand abgeschoben werden.<\/p>\n<\/blockquote>\n<\/article>\n<div class=\"wpb_text_column wpb_content_element \">\n<div class=\"wpb_wrapper\">\n<p>Das Bundesinnenministerium (BMI) hat laut <a href=\"https:\/\/www.tagesschau.de\/investigativ\/ndr\/studie-abschiebung-afghanistan-101.html\">ARD-Tagesschau <\/a>auf die Studie und die Entwicklungen reagiert und formuliert, die Bundesregierung verfolge \u00bbdie Entwicklung in Afghanistan sorgf\u00e4ltig. Wie sich der Abzug der internationalen Truppen auf die Lage im Einzelnen auswirken wird, kann allerdings derzeit noch nicht abgesch\u00e4tzt werden.\u00ab<\/p>\n<\/div>\n<p>W\u00e4hrend die westlichen Truppen also evakuiert und in Sicherheit gebracht werden, soll gleichzeitig weiterhin in ein Kriegs- und Krisengebiet abgeschoben werden, in dem sich die Situation t\u00e4glich zuspitzt.<\/p>\n<div class=\"wpb_text_column wpb_content_element \">\n<div class=\"wpb_wrapper\">\n<p><strong>RECHERCHE WIDERSPRICHT DEM LAGEBERICHT<\/strong><\/p>\n<p>Im Lagebericht des Ausw\u00e4rtigen Amts von Juli 2020, auf dessen Grundlage das BMI die Lage f\u00fcr Abzuschiebende einsch\u00e4tzt, hei\u00dft es laut tageschau.de: Dem Ausw\u00e4rtigen Amt seien \u00bbkeine F\u00e4lle bekannt, in denen R\u00fcckkehrer nachweislich aufgrund ihres Aufenthalts in Europa Opfer von Gewalttaten wurden\u00ab.<\/p>\n<\/div>\n<\/div>\n<div class=\"wpb_text_column wpb_content_element \">\n<div class=\"wpb_wrapper\">\n<p>Nach den Erkenntnissen der Langzeitrecherche sind aus Deutschland abgeschobene Afghanen aber einer erneuten Verfolgung durch die Taliban ausgesetzt. Ihnen wird wegen der Flucht nach Europa beispielsweise Verrat, Verwestlichung, unmoralisches Verhalten oder die Abkehr vom Islam vorgeworfen. Eine weitere, f\u00fcr Asylantr\u00e4ge fundamental wichtige Erkenntnis der Studie ist: Den Abgeschobenen fehlt das f\u00fcr das \u00dcberleben notwendige soziale Netz. Gerichte, darunter auch der Verwaltungsgerichtshof in Baden-W\u00fcrttemberg, <a href=\"https:\/\/www.proasyl.de\/news\/aus-guten-gruenden-immer-wieder-stoppen-gerichte-abschiebungen-nach-afghanistan\/\">haben bereits festgestellt,<\/a> dass abgelehnten Afghanen eine R\u00fcckkehr ohne ein stabiles famili\u00e4res oder soziales Netzwerk in Afghanistan nicht zuzumuten\u00a0ist.<\/p>\n<\/div>\n<\/div>\n<div class=\"wpb_text_column wpb_content_element \">\n<div class=\"wpb_wrapper\">\n<p>Am Samstag protestieren bei einem <a href=\"https:\/\/www.proasyl.de\/pressemitteilung\/bundesweiter-aktionstag-gegen-abschiebungen-nach-afghanistan\/\">bundesweiten Aktionstag<\/a> verschiedene Organisationen in vielen deutschen St\u00e4dten gegen die anstehende Abschiebung nach Afghanistan.<\/p>\n<\/div>\n<\/div>\n<div class=\"wpb_text_column wpb_content_element \">\n<div class=\"wpb_wrapper\">\n<p>Im Folgenden dokumentieren wir die <a href=\"https:\/\/www.diakonie.de\/fileadmin\/user_upload\/Diakonie\/PDFs\/Journal_PDF\/Zusammenfassung_und_Hintergrundinformationen_AFG-Studie_Stahlmann_2021-06-01_F.pdf\">Zusammenfassung der Studie<\/a> von Friederike Stahlmann, herausgegeben von Diakonie Deutschland, Diakonie Hessen und Brot f\u00fcr die\u00a0Welt.<\/p>\n<\/div>\n<\/div>\n<\/div>\n","protected":false},"excerpt":{"rendered":"<p>Eine heute ver\u00f6ffentlichte Studie der Afghanistan-Expertin Friederike Stahlmann, herausgegeben von Diakonie und Brot f\u00fcr die Welt, dokumentiert die Bedrohungen, denen abgeschobene Afghanen in ihrer Heimat ausgesetzt sind. Diese neuen Erkenntnisse m\u00fcssen von BAMF und Gerichten ber\u00fccksichtigt werden. Angesichts der eskalierenden&hellip;<\/p>\n","protected":false},"author":1411,"featured_media":1374838,"comment_status":"closed","ping_status":"closed","sticky":false,"template":"","format":"standard","meta":{"footnotes":""},"categories":[9167,9161,54569,9168],"tags":[39974,10364,18970,9219,9218,50942],"class_list":["post-1374836","post","type-post","status-publish","format-standard","has-post-thumbnail","hentry","category-frieden-und-abruestung","category-menschenrechte","category-migration","category-politik","tag-abschiebungen","tag-afghanistan-de","tag-bamf","tag-fluchtlinge","tag-migration-de","tag-studie"],"yoast_head":"<!-- This site is optimized with the Yoast SEO plugin v27.1.1 - https:\/\/yoast.com\/product\/yoast-seo-wordpress\/ -->\n<title>Neue Studie belegt akute Gefahr f\u00fcr abgeschobene Afghanen<\/title>\n<meta name=\"description\" content=\"Eine heute ver\u00f6ffentlichte Studie der Afghanistan-Expertin Friederike Stahlmann, herausgegeben von Diakonie und Brot f\u00fcr die Welt, dokumentiert die\" \/>\n<meta name=\"robots\" content=\"index, follow, max-snippet:-1, max-image-preview:large, max-video-preview:-1\" \/>\n<link rel=\"canonical\" href=\"https:\/\/www.pressenza.com\/de\/2021\/06\/neue-studie-belegt-akute-gefahr-fuer-abgeschobene-afghanen\/\" \/>\n<meta property=\"og:locale\" content=\"de_DE\" \/>\n<meta property=\"og:type\" content=\"article\" \/>\n<meta property=\"og:title\" content=\"Neue Studie belegt akute Gefahr f\u00fcr abgeschobene Afghanen\" \/>\n<meta property=\"og:description\" content=\"Eine heute ver\u00f6ffentlichte Studie der Afghanistan-Expertin Friederike Stahlmann, herausgegeben von Diakonie und Brot f\u00fcr die Welt, dokumentiert die\" \/>\n<meta property=\"og:url\" content=\"https:\/\/www.pressenza.com\/de\/2021\/06\/neue-studie-belegt-akute-gefahr-fuer-abgeschobene-afghanen\/\" \/>\n<meta property=\"og:site_name\" content=\"Pressenza\" \/>\n<meta property=\"article:publisher\" content=\"https:\/\/www.facebook.com\/PressenzaItalia\" \/>\n<meta property=\"article:published_time\" content=\"2021-06-07T05:03:25+00:00\" \/>\n<meta property=\"og:image\" content=\"https:\/\/www.pressenza.com\/wp-content\/uploads\/2021\/06\/10897D3C-A101-477E-81B3-49889801A718.jpeg\" \/>\n\t<meta property=\"og:image:width\" content=\"1920\" \/>\n\t<meta property=\"og:image:height\" content=\"1079\" \/>\n\t<meta property=\"og:image:type\" content=\"image\/jpeg\" \/>\n<meta name=\"author\" content=\"Pro Asyl\" \/>\n<meta name=\"twitter:card\" content=\"summary_large_image\" \/>\n<meta name=\"twitter:creator\" content=\"@PressenzaIPA\" \/>\n<meta name=\"twitter:site\" content=\"@PressenzaIPA\" \/>\n<meta name=\"twitter:label1\" content=\"Verfasst von\" \/>\n\t<meta name=\"twitter:data1\" content=\"Pro Asyl\" \/>\n\t<meta name=\"twitter:label2\" content=\"Gesch\u00e4tzte Lesezeit\" \/>\n\t<meta name=\"twitter:data2\" content=\"2\u00a0Minuten\" \/>\n<script type=\"application\/ld+json\" class=\"yoast-schema-graph\">{\"@context\":\"https:\/\/schema.org\",\"@graph\":[{\"@type\":\"Article\",\"@id\":\"https:\/\/www.pressenza.com\/de\/2021\/06\/neue-studie-belegt-akute-gefahr-fuer-abgeschobene-afghanen\/#article\",\"isPartOf\":{\"@id\":\"https:\/\/www.pressenza.com\/de\/2021\/06\/neue-studie-belegt-akute-gefahr-fuer-abgeschobene-afghanen\/\"},\"author\":{\"name\":\"Pro Asyl\",\"@id\":\"https:\/\/www.pressenza.com\/de\/#\/schema\/person\/2a2e2e83a39e4cf3cf67ecb1e0760b14\"},\"headline\":\"Neue Studie belegt akute Gefahr f\u00fcr abgeschobene Afghanen\",\"datePublished\":\"2021-06-07T05:03:25+00:00\",\"mainEntityOfPage\":{\"@id\":\"https:\/\/www.pressenza.com\/de\/2021\/06\/neue-studie-belegt-akute-gefahr-fuer-abgeschobene-afghanen\/\"},\"wordCount\":482,\"publisher\":{\"@id\":\"https:\/\/www.pressenza.com\/de\/#organization\"},\"image\":{\"@id\":\"https:\/\/www.pressenza.com\/de\/2021\/06\/neue-studie-belegt-akute-gefahr-fuer-abgeschobene-afghanen\/#primaryimage\"},\"thumbnailUrl\":\"https:\/\/www.pressenza.com\/wp-content\/uploads\/2021\/06\/10897D3C-A101-477E-81B3-49889801A718.jpeg\",\"keywords\":[\"Abschiebungen\",\"Afghanistan\",\"BAMF\",\"Fl\u00fcchtlinge\",\"Migration\",\"Studie\"],\"articleSection\":[\"Frieden und Abr\u00fcstung\",\"Menschenrechte\",\"Migration\",\"Politik\"],\"inLanguage\":\"de\"},{\"@type\":\"WebPage\",\"@id\":\"https:\/\/www.pressenza.com\/de\/2021\/06\/neue-studie-belegt-akute-gefahr-fuer-abgeschobene-afghanen\/\",\"url\":\"https:\/\/www.pressenza.com\/de\/2021\/06\/neue-studie-belegt-akute-gefahr-fuer-abgeschobene-afghanen\/\",\"name\":\"Neue Studie belegt akute Gefahr f\u00fcr abgeschobene Afghanen\",\"isPartOf\":{\"@id\":\"https:\/\/www.pressenza.com\/de\/#website\"},\"primaryImageOfPage\":{\"@id\":\"https:\/\/www.pressenza.com\/de\/2021\/06\/neue-studie-belegt-akute-gefahr-fuer-abgeschobene-afghanen\/#primaryimage\"},\"image\":{\"@id\":\"https:\/\/www.pressenza.com\/de\/2021\/06\/neue-studie-belegt-akute-gefahr-fuer-abgeschobene-afghanen\/#primaryimage\"},\"thumbnailUrl\":\"https:\/\/www.pressenza.com\/wp-content\/uploads\/2021\/06\/10897D3C-A101-477E-81B3-49889801A718.jpeg\",\"datePublished\":\"2021-06-07T05:03:25+00:00\",\"description\":\"Eine heute ver\u00f6ffentlichte Studie der Afghanistan-Expertin Friederike Stahlmann, herausgegeben von Diakonie und Brot f\u00fcr die Welt, dokumentiert die\",\"breadcrumb\":{\"@id\":\"https:\/\/www.pressenza.com\/de\/2021\/06\/neue-studie-belegt-akute-gefahr-fuer-abgeschobene-afghanen\/#breadcrumb\"},\"inLanguage\":\"de\",\"potentialAction\":[{\"@type\":\"ReadAction\",\"target\":[\"https:\/\/www.pressenza.com\/de\/2021\/06\/neue-studie-belegt-akute-gefahr-fuer-abgeschobene-afghanen\/\"]}]},{\"@type\":\"ImageObject\",\"inLanguage\":\"de\",\"@id\":\"https:\/\/www.pressenza.com\/de\/2021\/06\/neue-studie-belegt-akute-gefahr-fuer-abgeschobene-afghanen\/#primaryimage\",\"url\":\"https:\/\/www.pressenza.com\/wp-content\/uploads\/2021\/06\/10897D3C-A101-477E-81B3-49889801A718.jpeg\",\"contentUrl\":\"https:\/\/www.pressenza.com\/wp-content\/uploads\/2021\/06\/10897D3C-A101-477E-81B3-49889801A718.jpeg\",\"width\":1920,\"height\":1079},{\"@type\":\"BreadcrumbList\",\"@id\":\"https:\/\/www.pressenza.com\/de\/2021\/06\/neue-studie-belegt-akute-gefahr-fuer-abgeschobene-afghanen\/#breadcrumb\",\"itemListElement\":[{\"@type\":\"ListItem\",\"position\":1,\"name\":\"Accueil\",\"item\":\"https:\/\/www.pressenza.com\/de\/\"},{\"@type\":\"ListItem\",\"position\":2,\"name\":\"Neue Studie belegt akute Gefahr f\u00fcr abgeschobene Afghanen\"}]},{\"@type\":\"WebSite\",\"@id\":\"https:\/\/www.pressenza.com\/de\/#website\",\"url\":\"https:\/\/www.pressenza.com\/de\/\",\"name\":\"Pressenza\",\"description\":\"International Press Agency\",\"publisher\":{\"@id\":\"https:\/\/www.pressenza.com\/de\/#organization\"},\"potentialAction\":[{\"@type\":\"SearchAction\",\"target\":{\"@type\":\"EntryPoint\",\"urlTemplate\":\"https:\/\/www.pressenza.com\/de\/?s={search_term_string}\"},\"query-input\":{\"@type\":\"PropertyValueSpecification\",\"valueRequired\":true,\"valueName\":\"search_term_string\"}}],\"inLanguage\":\"de\"},{\"@type\":\"Organization\",\"@id\":\"https:\/\/www.pressenza.com\/de\/#organization\",\"name\":\"Pressenza\",\"url\":\"https:\/\/www.pressenza.com\/de\/\",\"logo\":{\"@type\":\"ImageObject\",\"inLanguage\":\"de\",\"@id\":\"https:\/\/www.pressenza.com\/de\/#\/schema\/logo\/image\/\",\"url\":\"https:\/\/www.pressenza.com\/wp-content\/uploads\/2022\/10\/pressenza_logo_200x200.jpg\",\"contentUrl\":\"https:\/\/www.pressenza.com\/wp-content\/uploads\/2022\/10\/pressenza_logo_200x200.jpg\",\"width\":200,\"height\":200,\"caption\":\"Pressenza\"},\"image\":{\"@id\":\"https:\/\/www.pressenza.com\/de\/#\/schema\/logo\/image\/\"},\"sameAs\":[\"https:\/\/www.facebook.com\/PressenzaItalia\",\"https:\/\/x.com\/PressenzaIPA\"]},{\"@type\":\"Person\",\"@id\":\"https:\/\/www.pressenza.com\/de\/#\/schema\/person\/2a2e2e83a39e4cf3cf67ecb1e0760b14\",\"name\":\"Pro Asyl\",\"description\":\"Ist die selbstbestimmte und unabh\u00e4ngige Stimme f\u00fcr die Menschenrechte und den Schutz von Fl\u00fcchtlingen in Deutschland und Europa. Es ist ein Verein dessen Arbeit durch Mitgliedsbeitr\u00e4ge, Spenden und Stiftungszuwendungen finanziert wird.\",\"sameAs\":[\"https:\/\/www.proasyl.de\"],\"url\":\"https:\/\/www.pressenza.com\/de\/author\/pro-asyl\/\"}]}<\/script>\n<!-- \/ Yoast SEO plugin. -->","yoast_head_json":{"title":"Neue Studie belegt akute Gefahr f\u00fcr abgeschobene Afghanen","description":"Eine heute ver\u00f6ffentlichte Studie der Afghanistan-Expertin Friederike Stahlmann, herausgegeben von Diakonie und Brot f\u00fcr die Welt, dokumentiert die","robots":{"index":"index","follow":"follow","max-snippet":"max-snippet:-1","max-image-preview":"max-image-preview:large","max-video-preview":"max-video-preview:-1"},"canonical":"https:\/\/www.pressenza.com\/de\/2021\/06\/neue-studie-belegt-akute-gefahr-fuer-abgeschobene-afghanen\/","og_locale":"de_DE","og_type":"article","og_title":"Neue Studie belegt akute Gefahr f\u00fcr abgeschobene Afghanen","og_description":"Eine heute ver\u00f6ffentlichte Studie der Afghanistan-Expertin Friederike Stahlmann, herausgegeben von Diakonie und Brot f\u00fcr die Welt, dokumentiert die","og_url":"https:\/\/www.pressenza.com\/de\/2021\/06\/neue-studie-belegt-akute-gefahr-fuer-abgeschobene-afghanen\/","og_site_name":"Pressenza","article_publisher":"https:\/\/www.facebook.com\/PressenzaItalia","article_published_time":"2021-06-07T05:03:25+00:00","og_image":[{"width":1920,"height":1079,"url":"https:\/\/www.pressenza.com\/wp-content\/uploads\/2021\/06\/10897D3C-A101-477E-81B3-49889801A718.jpeg","type":"image\/jpeg"}],"author":"Pro Asyl","twitter_card":"summary_large_image","twitter_creator":"@PressenzaIPA","twitter_site":"@PressenzaIPA","twitter_misc":{"Verfasst von":"Pro Asyl","Gesch\u00e4tzte Lesezeit":"2\u00a0Minuten"},"schema":{"@context":"https:\/\/schema.org","@graph":[{"@type":"Article","@id":"https:\/\/www.pressenza.com\/de\/2021\/06\/neue-studie-belegt-akute-gefahr-fuer-abgeschobene-afghanen\/#article","isPartOf":{"@id":"https:\/\/www.pressenza.com\/de\/2021\/06\/neue-studie-belegt-akute-gefahr-fuer-abgeschobene-afghanen\/"},"author":{"name":"Pro Asyl","@id":"https:\/\/www.pressenza.com\/de\/#\/schema\/person\/2a2e2e83a39e4cf3cf67ecb1e0760b14"},"headline":"Neue Studie belegt akute Gefahr f\u00fcr abgeschobene Afghanen","datePublished":"2021-06-07T05:03:25+00:00","mainEntityOfPage":{"@id":"https:\/\/www.pressenza.com\/de\/2021\/06\/neue-studie-belegt-akute-gefahr-fuer-abgeschobene-afghanen\/"},"wordCount":482,"publisher":{"@id":"https:\/\/www.pressenza.com\/de\/#organization"},"image":{"@id":"https:\/\/www.pressenza.com\/de\/2021\/06\/neue-studie-belegt-akute-gefahr-fuer-abgeschobene-afghanen\/#primaryimage"},"thumbnailUrl":"https:\/\/www.pressenza.com\/wp-content\/uploads\/2021\/06\/10897D3C-A101-477E-81B3-49889801A718.jpeg","keywords":["Abschiebungen","Afghanistan","BAMF","Fl\u00fcchtlinge","Migration","Studie"],"articleSection":["Frieden und Abr\u00fcstung","Menschenrechte","Migration","Politik"],"inLanguage":"de"},{"@type":"WebPage","@id":"https:\/\/www.pressenza.com\/de\/2021\/06\/neue-studie-belegt-akute-gefahr-fuer-abgeschobene-afghanen\/","url":"https:\/\/www.pressenza.com\/de\/2021\/06\/neue-studie-belegt-akute-gefahr-fuer-abgeschobene-afghanen\/","name":"Neue Studie belegt akute Gefahr f\u00fcr abgeschobene Afghanen","isPartOf":{"@id":"https:\/\/www.pressenza.com\/de\/#website"},"primaryImageOfPage":{"@id":"https:\/\/www.pressenza.com\/de\/2021\/06\/neue-studie-belegt-akute-gefahr-fuer-abgeschobene-afghanen\/#primaryimage"},"image":{"@id":"https:\/\/www.pressenza.com\/de\/2021\/06\/neue-studie-belegt-akute-gefahr-fuer-abgeschobene-afghanen\/#primaryimage"},"thumbnailUrl":"https:\/\/www.pressenza.com\/wp-content\/uploads\/2021\/06\/10897D3C-A101-477E-81B3-49889801A718.jpeg","datePublished":"2021-06-07T05:03:25+00:00","description":"Eine heute ver\u00f6ffentlichte Studie der Afghanistan-Expertin Friederike Stahlmann, herausgegeben von Diakonie und Brot f\u00fcr die Welt, dokumentiert die","breadcrumb":{"@id":"https:\/\/www.pressenza.com\/de\/2021\/06\/neue-studie-belegt-akute-gefahr-fuer-abgeschobene-afghanen\/#breadcrumb"},"inLanguage":"de","potentialAction":[{"@type":"ReadAction","target":["https:\/\/www.pressenza.com\/de\/2021\/06\/neue-studie-belegt-akute-gefahr-fuer-abgeschobene-afghanen\/"]}]},{"@type":"ImageObject","inLanguage":"de","@id":"https:\/\/www.pressenza.com\/de\/2021\/06\/neue-studie-belegt-akute-gefahr-fuer-abgeschobene-afghanen\/#primaryimage","url":"https:\/\/www.pressenza.com\/wp-content\/uploads\/2021\/06\/10897D3C-A101-477E-81B3-49889801A718.jpeg","contentUrl":"https:\/\/www.pressenza.com\/wp-content\/uploads\/2021\/06\/10897D3C-A101-477E-81B3-49889801A718.jpeg","width":1920,"height":1079},{"@type":"BreadcrumbList","@id":"https:\/\/www.pressenza.com\/de\/2021\/06\/neue-studie-belegt-akute-gefahr-fuer-abgeschobene-afghanen\/#breadcrumb","itemListElement":[{"@type":"ListItem","position":1,"name":"Accueil","item":"https:\/\/www.pressenza.com\/de\/"},{"@type":"ListItem","position":2,"name":"Neue Studie belegt akute Gefahr f\u00fcr abgeschobene Afghanen"}]},{"@type":"WebSite","@id":"https:\/\/www.pressenza.com\/de\/#website","url":"https:\/\/www.pressenza.com\/de\/","name":"Pressenza","description":"International Press Agency","publisher":{"@id":"https:\/\/www.pressenza.com\/de\/#organization"},"potentialAction":[{"@type":"SearchAction","target":{"@type":"EntryPoint","urlTemplate":"https:\/\/www.pressenza.com\/de\/?s={search_term_string}"},"query-input":{"@type":"PropertyValueSpecification","valueRequired":true,"valueName":"search_term_string"}}],"inLanguage":"de"},{"@type":"Organization","@id":"https:\/\/www.pressenza.com\/de\/#organization","name":"Pressenza","url":"https:\/\/www.pressenza.com\/de\/","logo":{"@type":"ImageObject","inLanguage":"de","@id":"https:\/\/www.pressenza.com\/de\/#\/schema\/logo\/image\/","url":"https:\/\/www.pressenza.com\/wp-content\/uploads\/2022\/10\/pressenza_logo_200x200.jpg","contentUrl":"https:\/\/www.pressenza.com\/wp-content\/uploads\/2022\/10\/pressenza_logo_200x200.jpg","width":200,"height":200,"caption":"Pressenza"},"image":{"@id":"https:\/\/www.pressenza.com\/de\/#\/schema\/logo\/image\/"},"sameAs":["https:\/\/www.facebook.com\/PressenzaItalia","https:\/\/x.com\/PressenzaIPA"]},{"@type":"Person","@id":"https:\/\/www.pressenza.com\/de\/#\/schema\/person\/2a2e2e83a39e4cf3cf67ecb1e0760b14","name":"Pro Asyl","description":"Ist die selbstbestimmte und unabh\u00e4ngige Stimme f\u00fcr die Menschenrechte und den Schutz von Fl\u00fcchtlingen in Deutschland und Europa. Es ist ein Verein dessen Arbeit durch Mitgliedsbeitr\u00e4ge, Spenden und Stiftungszuwendungen finanziert wird.","sameAs":["https:\/\/www.proasyl.de"],"url":"https:\/\/www.pressenza.com\/de\/author\/pro-asyl\/"}]}},"place":"","original_article_url":"https:\/\/www.proasyl.de\/news\/neue-studie-belegt-akute-gefahr-fuer-abgeschobene-afghanen\/","_links":{"self":[{"href":"https:\/\/www.pressenza.com\/de\/wp-json\/wp\/v2\/posts\/1374836","targetHints":{"allow":["GET"]}}],"collection":[{"href":"https:\/\/www.pressenza.com\/de\/wp-json\/wp\/v2\/posts"}],"about":[{"href":"https:\/\/www.pressenza.com\/de\/wp-json\/wp\/v2\/types\/post"}],"author":[{"embeddable":true,"href":"https:\/\/www.pressenza.com\/de\/wp-json\/wp\/v2\/users\/1411"}],"replies":[{"embeddable":true,"href":"https:\/\/www.pressenza.com\/de\/wp-json\/wp\/v2\/comments?post=1374836"}],"version-history":[{"count":0,"href":"https:\/\/www.pressenza.com\/de\/wp-json\/wp\/v2\/posts\/1374836\/revisions"}],"wp:featuredmedia":[{"embeddable":true,"href":"https:\/\/www.pressenza.com\/de\/wp-json\/wp\/v2\/media\/1374838"}],"wp:attachment":[{"href":"https:\/\/www.pressenza.com\/de\/wp-json\/wp\/v2\/media?parent=1374836"}],"wp:term":[{"taxonomy":"category","embeddable":true,"href":"https:\/\/www.pressenza.com\/de\/wp-json\/wp\/v2\/categories?post=1374836"},{"taxonomy":"post_tag","embeddable":true,"href":"https:\/\/www.pressenza.com\/de\/wp-json\/wp\/v2\/tags?post=1374836"}],"curies":[{"name":"wp","href":"https:\/\/api.w.org\/{rel}","templated":true}]}}