{"id":1371350,"date":"2021-05-30T14:12:11","date_gmt":"2021-05-30T13:12:11","guid":{"rendered":"https:\/\/www.pressenza.com\/?p=1371350"},"modified":"2021-05-30T14:13:26","modified_gmt":"2021-05-30T13:13:26","slug":"dimitris-papadimoulis-die-nichtgeimpften-in-den-aermsten-regionen-der-welt-koennen-eine-globale-wiederansteckungsgefahr-bedeuten","status":"publish","type":"post","link":"https:\/\/www.pressenza.com\/de\/2021\/05\/dimitris-papadimoulis-die-nichtgeimpften-in-den-aermsten-regionen-der-welt-koennen-eine-globale-wiederansteckungsgefahr-bedeuten\/","title":{"rendered":"Dimitris Papadimoulis: Die Nichtgeimpften in den \u00e4rmsten Regionen der Welt k\u00f6nnen eine globale Wiederansteckungsgefahr bedeuten"},"content":{"rendered":"<p><strong>Im Rahmen einer Reihe von Interviews f\u00fcr die Agentur Pressenza mit Abgeordneten der europ\u00e4ischen Parteien, die im Europ\u00e4ischen Parlament f\u00fcr die Abschaffung von Patenten f\u00fcr Impfstoffe, Pharmazeutika und Diagnostika im Zusammenhang mit der Pandemie stimmen, unterhalten wir uns mit Dimitris Papirodimoulis, Mitglied der Fraktion Die Linke im Europ\u00e4ischen Parlament (GUE\/NGL) und Vizepr\u00e4sident des Europ\u00e4ischen Parlaments.<\/strong><\/p>\n<p><em><strong>Marianella Kloka: Wie einfach war es die Ergebnisse dieser Wahl zu erlangen?<\/strong><\/em><\/p>\n<p>Dimitris Papadimoulis: Es war \u00fcberhaupt nicht einfach: Das war monatelange Arbeit. Wir fingen zu Beginn der Pandemie an, letzten Fr\u00fchling. Die gesamte Euro-Linke hat sich selbst das Ziel gesteckt, den erwarteten Impfstoff zu einem \u00f6ffentlichen Gut zu machen und den Patentschutz auszusetzen, so wie es bereits vor Jahren im Zusammenhang mit HIV\/ AIDS geschah. Es brauchte viel Zeit, Argumente, Termine und Gespr\u00e4che mit B\u00fcrger:innengruppen und Wissenschaftler:innen um einen breiten Konsens zu finden. Dies f\u00fchrte am vergangenen Mittwoch dazu, dass der \u00c4nderungsantrag der Euro-Linksfraktion zugelassen wurde und eine gro\u00dfe Mehrheit f\u00fcr den Beschluss des \u00c4nderungsantrags stimmte. Der \u00c4nderungsantrag wurde verabschiedet, weil er von drei Fraktionen unterst\u00fctzt wurde &#8211; der Linken, den Sozialisten und den Gr\u00fcnen, sowie von einzelnen Abgeordneten der Mitte-Rechts- und Rechts-Fraktionen. Wir haben also eine erste Schlacht gewonnen; noch nicht den Krieg.<\/p>\n<p><strong><em>Zwingt dieser Beschluss die Europ\u00e4ische Kommission zum Handeln?<\/em><\/strong><\/p>\n<p>Das Europ\u00e4ische Parlament besitzt keine gesetzgebende Macht. Wir erh\u00f6hen lediglich den politischen Druck. Nicht nur das Europ\u00e4ische Parlament sondern auch die tats\u00e4chliche Lage in der Bev\u00f6lkerung bedeuten Druck f\u00fcr die Kommission. Die Impfraten sind gering im Vergleich mit dem Vereinigten K\u00f6nigreich und mit den USA. Vor diesem Hintergrund und aufgrund des Drucks seitens des Europ\u00e4ischen Parlaments, hat die Kommission also vor wenigen Tagen versprochen, einen neuen Plan vorzustellen, der die Impfstoffproduktion und damit die Impfung beschleunigen soll. Entscheidend ist es, den Druck der B\u00fcrger:innen selbst auf die f\u00fchrenden Eliten und auf die Kommission zu erh\u00f6hen. Alle in den EU-L\u00e4ndern durchgef\u00fchrten Umfragen zeigen, dass die Mehrheit die Aufhebung des Patentschutzes, tempor\u00e4r und speziell f\u00fcr diesen Fall unterst\u00fctzt. Die Menschen verstehen, was die Experten und die WHO sagen: Wenn wir die Pandemie nicht eind\u00e4mmen, wird sich die Wirtschaft nicht erholen.<\/p>\n<p><em><strong>Was kommt als n\u00e4chstes?<\/strong><\/em><\/p>\n<p>Wir werden diese neue Impfstrategie im Juni im Plenum diskutieren und erneut abstimmen. Die Impfstoffproduktion muss unserer Meinung nach oberste Priorit\u00e4t haben, um die Rate der Impfungen zu erh\u00f6hen. Um dies zu erreichen, ist die vor\u00fcbergehende Aufhebung des Patentschutzes ein zentrales Instrument, denn andernfalls werden die \u00e4rmsten Gebiete der Welt, die nicht ausreichend geimpft sind, zu Laboratorien f\u00fcr aggressive Mutationen des Coronavirus. Dies stellt ein enormes Risiko f\u00fcr das Wiederaufflammen der Pandemie dar, auch in den reichsten L\u00e4ndern mit einer viel h\u00f6heren Impfrate, wie den USA, Gro\u00dfbritannien und Europa. Nicht nur die \u00f6ffentliche Gesundheit ist gef\u00e4hrdet, sondern auch die Wirtschaft und der soziale Zusammenhalt. Die einzigen, die von einem solchen Szenario profitieren, sind die gro\u00dfen Pharmakonzerne. Und hier gibt es noch etwas, das paradox, um nicht zu sagen ungerecht und unmoralisch ist. Nat\u00fcrlich wurden diese in Rekordzeit produzierten Impfstoffe &#8211; und diesen Erfolg m\u00fcssen wir den Wissenschaftlern hoch anrechnen &#8211; mit reichlich \u00f6ffentlichen Geldern finanziert. Es ist daher nicht hinnehmbar, dass Biotechnologie, die mit reichlich \u00f6ffentlichen Mitteln gef\u00f6rdert wurde, durch exklusive, private Rechte gesch\u00fctzt werden soll. Sogar der achtzigj\u00e4hrige Joe Biden sagt das, und ich glaube nicht, dass irgendjemand ihn f\u00fcr radikal h\u00e4lt.<\/p>\n<p><em><strong>Einige einflussreiche Spitzenpolitiker:innen innerhalb der EU haben sich \u00f6ffentlich gegen Bidens Vorschlag ausgesprochen. Sind die demokratischen Prozesse innerhalb des Europ\u00e4ischen Parlaments eine Reaktion auf diese \u00c4u\u00dferungen?<\/strong><\/em><\/p>\n<p>Die europ\u00e4ische F\u00fchrung muss leider als unzureichend befunden werden. Ihre Unzul\u00e4nglichkeit ist tragisch. Frau Merkel beeilte sich, &#8222;NEIN&#8220; zu Bidens Vorschlag zu sagen, und Frau Ursula von der Layen revidierte sofort ihre Aussage, dass die Kommission offen f\u00fcr Gespr\u00e4che mit den USA sei. Leider sind es auch wirtschaftliche Interessen, die die Ansichten der europ\u00e4ischen Politiker:innen bestimmen. Die Lobbys der gro\u00dfen Pharmakonzerne sind sehr m\u00e4chtig, sie zahlen viel Geld in Richtung Br\u00fcssel und bombardieren uns mit den Argumenten der Konzerne, die mit viel \u00f6ffentlichem Geld riesige Gewinne machen. Die Argumente von Frau Merkel sind eins zu eins die Argumente der Pharma-Lobby. Der Grund ist einfach zu verstehen: BioNTech war ein kleines, mittelst\u00e4ndisches Pharmaunternehmen. Nach der Entdeckung des m-RNA-Impfstoffs schoss sein Marktwert auf \u00fcber 30 Mrd. Euro und ist damit h\u00f6her als der der Deutschen Bank. Dass BioNTech ein deutsches Unternehmen ist, erkl\u00e4rt also das &#8222;NEIN&#8220; von Frau Merkel. Der viel gr\u00f6\u00dfere US-Konzern Pfizer hat Joe Biden jedoch nicht davon abgehalten, \u00fcber Patente zu sprechen. Bidens Politik ist auch in Bezug auf die H\u00f6he und das Ausma\u00df der fiskalen Ma\u00dfnahmen zur Konjunkturbelebung und auch in Bezug auf Lohnerh\u00f6hungen besser. Das Europ\u00e4ische Parlament wird die Europ\u00e4ische Kommission und die Regierungen weiterhin dazu dr\u00e4ngen, sich auf die Seite der Bev\u00f6lkerung zu stellen. Dies betrifft nicht nur Europa und die Vereinigten Staaten. In der Welthandelsorganisation gibt es unter der Federf\u00fchrung Indiens und S\u00fcdafrikas seit Monaten eine Initiative [WAIVER], zur vor\u00fcbergehenden Aufhebung des Patentschutzes, die bereits vor Bidens \u00c4u\u00dferungen die Unterst\u00fctzung von mehr als 100 L\u00e4ndern gefunden hat. Das bedeutet, die Impfstoffproduktion und damit auch die Impfquote k\u00f6nnte nach Verhandlungen, die sowohl wirtschaftliche als auch kommerzielle Aspekte ber\u00fccksichtigen, in den n\u00e4chsten Monaten mehr als verdoppelt werden. Derzeit werden nur 40 % der weltweiten Produktionskapazit\u00e4ten f\u00fcr die Herstellung von Impfstoffen genutzt.<\/p>\n<p><em><strong>Wie funktioniert die Pharmalobby?<\/strong><\/em><\/p>\n<p>Ich geh\u00f6re nicht zu den Abgeordneten, die von solchen Lobbys kontaktiert werden. Aber ich kann Ihnen sagen, dass es nach offiziellen Zahlen 20.000 eingetragene Lobbyisten in Br\u00fcssel gibt, zus\u00e4tzlich zu den inoffiziellen. Es gibt die so genannten guten Lobbys, die in der Regel arm sind, meistens Aktivisten, die f\u00fcr den Schutz von Umwelt und Menschenrechten k\u00e4mpfen. Es gibt aber auch die &#8222;harten&#8220;, reichen und gut bezahlten Lobbys, der Medizin-Multis, der R\u00fcstungskonzerne, der Autoindustrie, der Chemieindustrie, der Lebensmittelindustrie, der digitalen Giganten, die keine Steuern zahlen und sogar Prozesse gegen die Kommission gewinnen, wie es bei Amazon der Fall war. Da geht es um furchtbar lukrative Gesch\u00e4fte und deshalb investieren diese Unternehmen viel Geld, um ihre Interessen zu wahren. Das bedeutet gut finanzierte Netzwerke in der \u00d6ffentlichkeitsarbeit und in der Kommunikation, die politischen Einfluss durch die Medien generieren, indem sie freundschaftliche Beziehungen zu Mitgliedern des Europ\u00e4ischen Parlaments pflegen. Durch mein Amt als Vizepr\u00e4sident, das ich in den letzten sieben Jahren innehatte, habe ich gesehen, wie Abgeordnete, die normalerweise nicht besonders flei\u00dfig oder aktiv in den Aussch\u00fcssen sind, pl\u00f6tzlich aktiv werden, wenn \u00fcber Anliegen m\u00e4chtiger Lobbys diskutiert wird, mit exzellenten Reden und extrem ausgefeilten \u00c4nderungsantr\u00e4gen, die &#8222;zuf\u00e4llig&#8220; mit dem \u00fcbereinstimmen, was diese Lobbys uns auftischen. Es ist ein wichtiges Thema, das recherchiert werden sollte und ich fordere Journalist:innen, die ihrem Beruf wirklich ernst nehmen, auf, sich mit diesem Thema gr\u00fcndlich auseinanderzusetzen.<\/p>\n<p><em><strong>Das Argument der Pharmalobby ist, dass es viel Zeit braucht, um den weltweiten Anteil des Produktionspotentials f\u00fcr die Impfstoffherstellung zu erh\u00f6hen.<\/strong><\/em><\/p>\n<p>Keiner kann uns versichern, dass diese Pandemie die letzte sein wird. Wir m\u00fcssen alle verf\u00fcgbaren Ma\u00dfnahmen ergreifen, um die aggressiven Mutationen des bestehenden Virus und jede nachfolgende Pandemie zu kontrollieren. Bei der Entdeckung der m-RNA geht es nicht nur um diese Charge von Impfstoffen, sondern auch um eine neue Generation von Impfstoffen und Behandlungen, die auf dieser Technologie basieren k\u00f6nnen. Es bedarf einer Auswertung wirtschaftlicher Daten, damit diejenigen, die die Technologie entdeckt haben, einen finanziellen Nutzen haben, aber auch eines starken politischen Willens und der Einsicht, diese Technologie zum Wohle der Allgemeinheit einzusetzen. Solange dies nicht geschieht, ist der wirtschaftliche und gesundheitliche Schaden f\u00fcr den Planeten viel h\u00f6her als die Kosten einer vor\u00fcbergehenden Aufhebung des Patentschutzes.<\/p>\n<p><em><strong>Das Interview wurde von Marianella Kloka gef\u00fchrt, die \u00dcbersetzung aus dem Englischen wurde von Ren\u00e9e Krug vom ehrenamtlichen Pressenza-\u00dcbersetzungsteam erstellt. <a href=\"https:\/\/www.pressenza.com\/de\/mitarbeiten\/\" target=\"_blank\" rel=\"noopener\">Wir suchen Freiwillige!<\/a><\/strong><\/em><\/p>\n","protected":false},"excerpt":{"rendered":"<p>Im Rahmen einer Reihe von Interviews f\u00fcr die Agentur Pressenza mit Abgeordneten der europ\u00e4ischen Parteien, die im Europ\u00e4ischen Parlament f\u00fcr die Abschaffung von Patenten f\u00fcr Impfstoffe, Pharmazeutika und Diagnostika im Zusammenhang mit der Pandemie stimmen, unterhalten wir uns mit Dimitris&hellip;<\/p>\n","protected":false},"author":1220,"featured_media":1367672,"comment_status":"closed","ping_status":"closed","sticky":false,"template":"","format":"standard","meta":{"footnotes":""},"categories":[9150,9160,9142,11387,9168],"tags":[91450,72725,75873,91503,11490,91053,90854,28508,77720],"class_list":["post-1371350","post","type-post","status-publish","format-standard","has-post-thumbnail","hentry","category-europa-de","category-gesundheit","category-interviews-de","category-originalinhalt","category-politik","tag-noprofitonpandemic-de","tag-coronakrise","tag-covid-19-impfung","tag-dimitris-papadimoulis","tag-europa-parlament","tag-kein-profit-durch-die-pandemie","tag-patentfreigabe","tag-pharmaindustrie","tag-wto-de"],"yoast_head":"<!-- This site is optimized with the Yoast SEO plugin v27.1.1 - https:\/\/yoast.com\/product\/yoast-seo-wordpress\/ -->\n<title>Dimitris Papadimoulis: Die Nichtgeimpften in den \u00e4rmsten Regionen der Welt k\u00f6nnen eine globale Wiederansteckungsgefahr bedeuten<\/title>\n<meta name=\"description\" content=\"Im Rahmen einer Reihe von Interviews f\u00fcr die Agentur Pressenza mit Abgeordneten der europ\u00e4ischen Parteien, die im Europ\u00e4ischen Parlament f\u00fcr die\" \/>\n<meta name=\"robots\" content=\"index, follow, max-snippet:-1, max-image-preview:large, max-video-preview:-1\" \/>\n<link rel=\"canonical\" href=\"https:\/\/www.pressenza.com\/de\/2021\/05\/dimitris-papadimoulis-die-nichtgeimpften-in-den-aermsten-regionen-der-welt-koennen-eine-globale-wiederansteckungsgefahr-bedeuten\/\" \/>\n<meta property=\"og:locale\" content=\"de_DE\" \/>\n<meta property=\"og:type\" content=\"article\" \/>\n<meta property=\"og:title\" content=\"Dimitris Papadimoulis: Die Nichtgeimpften in den \u00e4rmsten Regionen der Welt k\u00f6nnen eine globale Wiederansteckungsgefahr bedeuten\" \/>\n<meta property=\"og:description\" content=\"Im Rahmen einer Reihe von Interviews f\u00fcr die Agentur Pressenza mit Abgeordneten der europ\u00e4ischen Parteien, die im Europ\u00e4ischen Parlament f\u00fcr die\" \/>\n<meta property=\"og:url\" content=\"https:\/\/www.pressenza.com\/de\/2021\/05\/dimitris-papadimoulis-die-nichtgeimpften-in-den-aermsten-regionen-der-welt-koennen-eine-globale-wiederansteckungsgefahr-bedeuten\/\" \/>\n<meta property=\"og:site_name\" content=\"Pressenza\" \/>\n<meta property=\"article:publisher\" content=\"https:\/\/www.facebook.com\/PressenzaItalia\" \/>\n<meta property=\"article:author\" content=\"https:\/\/www.facebook.com\/pressenzagr\/\" \/>\n<meta property=\"article:published_time\" content=\"2021-05-30T13:12:11+00:00\" \/>\n<meta property=\"article:modified_time\" content=\"2021-05-30T13:13:26+00:00\" \/>\n<meta property=\"og:image\" content=\"https:\/\/www.pressenza.com\/wp-content\/uploads\/2021\/05\/dimitris-papadimoulis-gue-eng.jpg\" \/>\n\t<meta property=\"og:image:width\" content=\"1024\" \/>\n\t<meta property=\"og:image:height\" content=\"682\" \/>\n\t<meta property=\"og:image:type\" content=\"image\/jpeg\" \/>\n<meta name=\"author\" content=\"Pressenza Athens\" \/>\n<meta name=\"twitter:card\" content=\"summary_large_image\" \/>\n<meta name=\"twitter:creator\" content=\"@Pressenza_ath\" \/>\n<meta name=\"twitter:site\" content=\"@PressenzaIPA\" \/>\n<meta name=\"twitter:label1\" content=\"Verfasst von\" \/>\n\t<meta name=\"twitter:data1\" content=\"Pressenza Athens\" \/>\n\t<meta name=\"twitter:label2\" content=\"Gesch\u00e4tzte Lesezeit\" \/>\n\t<meta name=\"twitter:data2\" content=\"7\u00a0Minuten\" \/>\n<script type=\"application\/ld+json\" class=\"yoast-schema-graph\">{\"@context\":\"https:\/\/schema.org\",\"@graph\":[{\"@type\":\"Article\",\"@id\":\"https:\/\/www.pressenza.com\/de\/2021\/05\/dimitris-papadimoulis-die-nichtgeimpften-in-den-aermsten-regionen-der-welt-koennen-eine-globale-wiederansteckungsgefahr-bedeuten\/#article\",\"isPartOf\":{\"@id\":\"https:\/\/www.pressenza.com\/de\/2021\/05\/dimitris-papadimoulis-die-nichtgeimpften-in-den-aermsten-regionen-der-welt-koennen-eine-globale-wiederansteckungsgefahr-bedeuten\/\"},\"author\":{\"name\":\"Pressenza Athens\",\"@id\":\"https:\/\/www.pressenza.com\/de\/#\/schema\/person\/9eae8d7f0aad5ec6a7f6f21ec94480fb\"},\"headline\":\"Dimitris Papadimoulis: Die Nichtgeimpften in den \u00e4rmsten Regionen der Welt k\u00f6nnen eine globale Wiederansteckungsgefahr bedeuten\",\"datePublished\":\"2021-05-30T13:12:11+00:00\",\"dateModified\":\"2021-05-30T13:13:26+00:00\",\"mainEntityOfPage\":{\"@id\":\"https:\/\/www.pressenza.com\/de\/2021\/05\/dimitris-papadimoulis-die-nichtgeimpften-in-den-aermsten-regionen-der-welt-koennen-eine-globale-wiederansteckungsgefahr-bedeuten\/\"},\"wordCount\":1386,\"publisher\":{\"@id\":\"https:\/\/www.pressenza.com\/de\/#organization\"},\"image\":{\"@id\":\"https:\/\/www.pressenza.com\/de\/2021\/05\/dimitris-papadimoulis-die-nichtgeimpften-in-den-aermsten-regionen-der-welt-koennen-eine-globale-wiederansteckungsgefahr-bedeuten\/#primaryimage\"},\"thumbnailUrl\":\"https:\/\/www.pressenza.com\/wp-content\/uploads\/2021\/05\/dimitris-papadimoulis-gue-eng.jpg\",\"keywords\":[\"#NoProfitonPandemic\",\"Coronakrise\",\"Covid-19 Impfung\",\"Dimitris Papadimoulis\",\"Europa-Parlament\",\"Kein Profit durch die Pandemie\",\"Patentfreigabe\",\"Pharmaindustrie\",\"WTO\"],\"articleSection\":[\"Europa\",\"Gesundheit\",\"Interviews\",\"Originalinhalt\",\"Politik\"],\"inLanguage\":\"de\"},{\"@type\":\"WebPage\",\"@id\":\"https:\/\/www.pressenza.com\/de\/2021\/05\/dimitris-papadimoulis-die-nichtgeimpften-in-den-aermsten-regionen-der-welt-koennen-eine-globale-wiederansteckungsgefahr-bedeuten\/\",\"url\":\"https:\/\/www.pressenza.com\/de\/2021\/05\/dimitris-papadimoulis-die-nichtgeimpften-in-den-aermsten-regionen-der-welt-koennen-eine-globale-wiederansteckungsgefahr-bedeuten\/\",\"name\":\"Dimitris Papadimoulis: Die Nichtgeimpften in den \u00e4rmsten Regionen der Welt k\u00f6nnen eine globale Wiederansteckungsgefahr bedeuten\",\"isPartOf\":{\"@id\":\"https:\/\/www.pressenza.com\/de\/#website\"},\"primaryImageOfPage\":{\"@id\":\"https:\/\/www.pressenza.com\/de\/2021\/05\/dimitris-papadimoulis-die-nichtgeimpften-in-den-aermsten-regionen-der-welt-koennen-eine-globale-wiederansteckungsgefahr-bedeuten\/#primaryimage\"},\"image\":{\"@id\":\"https:\/\/www.pressenza.com\/de\/2021\/05\/dimitris-papadimoulis-die-nichtgeimpften-in-den-aermsten-regionen-der-welt-koennen-eine-globale-wiederansteckungsgefahr-bedeuten\/#primaryimage\"},\"thumbnailUrl\":\"https:\/\/www.pressenza.com\/wp-content\/uploads\/2021\/05\/dimitris-papadimoulis-gue-eng.jpg\",\"datePublished\":\"2021-05-30T13:12:11+00:00\",\"dateModified\":\"2021-05-30T13:13:26+00:00\",\"description\":\"Im Rahmen einer Reihe von Interviews f\u00fcr die Agentur Pressenza mit Abgeordneten der europ\u00e4ischen Parteien, die im Europ\u00e4ischen Parlament f\u00fcr die\",\"breadcrumb\":{\"@id\":\"https:\/\/www.pressenza.com\/de\/2021\/05\/dimitris-papadimoulis-die-nichtgeimpften-in-den-aermsten-regionen-der-welt-koennen-eine-globale-wiederansteckungsgefahr-bedeuten\/#breadcrumb\"},\"inLanguage\":\"de\",\"potentialAction\":[{\"@type\":\"ReadAction\",\"target\":[\"https:\/\/www.pressenza.com\/de\/2021\/05\/dimitris-papadimoulis-die-nichtgeimpften-in-den-aermsten-regionen-der-welt-koennen-eine-globale-wiederansteckungsgefahr-bedeuten\/\"]}]},{\"@type\":\"ImageObject\",\"inLanguage\":\"de\",\"@id\":\"https:\/\/www.pressenza.com\/de\/2021\/05\/dimitris-papadimoulis-die-nichtgeimpften-in-den-aermsten-regionen-der-welt-koennen-eine-globale-wiederansteckungsgefahr-bedeuten\/#primaryimage\",\"url\":\"https:\/\/www.pressenza.com\/wp-content\/uploads\/2021\/05\/dimitris-papadimoulis-gue-eng.jpg\",\"contentUrl\":\"https:\/\/www.pressenza.com\/wp-content\/uploads\/2021\/05\/dimitris-papadimoulis-gue-eng.jpg\",\"width\":1024,\"height\":682,\"caption\":\"Dimitris Papadimoulis: Die Nichtgeimpften in den \u00e4rmsten Regionen der Welt k\u00f6nnen eine globale Wiederansteckungsgefahr bedeuten\"},{\"@type\":\"BreadcrumbList\",\"@id\":\"https:\/\/www.pressenza.com\/de\/2021\/05\/dimitris-papadimoulis-die-nichtgeimpften-in-den-aermsten-regionen-der-welt-koennen-eine-globale-wiederansteckungsgefahr-bedeuten\/#breadcrumb\",\"itemListElement\":[{\"@type\":\"ListItem\",\"position\":1,\"name\":\"Accueil\",\"item\":\"https:\/\/www.pressenza.com\/de\/\"},{\"@type\":\"ListItem\",\"position\":2,\"name\":\"Dimitris Papadimoulis: Die Nichtgeimpften in den \u00e4rmsten Regionen der Welt k\u00f6nnen eine globale Wiederansteckungsgefahr bedeuten\"}]},{\"@type\":\"WebSite\",\"@id\":\"https:\/\/www.pressenza.com\/de\/#website\",\"url\":\"https:\/\/www.pressenza.com\/de\/\",\"name\":\"Pressenza\",\"description\":\"International Press Agency\",\"publisher\":{\"@id\":\"https:\/\/www.pressenza.com\/de\/#organization\"},\"potentialAction\":[{\"@type\":\"SearchAction\",\"target\":{\"@type\":\"EntryPoint\",\"urlTemplate\":\"https:\/\/www.pressenza.com\/de\/?s={search_term_string}\"},\"query-input\":{\"@type\":\"PropertyValueSpecification\",\"valueRequired\":true,\"valueName\":\"search_term_string\"}}],\"inLanguage\":\"de\"},{\"@type\":\"Organization\",\"@id\":\"https:\/\/www.pressenza.com\/de\/#organization\",\"name\":\"Pressenza\",\"url\":\"https:\/\/www.pressenza.com\/de\/\",\"logo\":{\"@type\":\"ImageObject\",\"inLanguage\":\"de\",\"@id\":\"https:\/\/www.pressenza.com\/de\/#\/schema\/logo\/image\/\",\"url\":\"https:\/\/www.pressenza.com\/wp-content\/uploads\/2022\/10\/pressenza_logo_200x200.jpg\",\"contentUrl\":\"https:\/\/www.pressenza.com\/wp-content\/uploads\/2022\/10\/pressenza_logo_200x200.jpg\",\"width\":200,\"height\":200,\"caption\":\"Pressenza\"},\"image\":{\"@id\":\"https:\/\/www.pressenza.com\/de\/#\/schema\/logo\/image\/\"},\"sameAs\":[\"https:\/\/www.facebook.com\/PressenzaItalia\",\"https:\/\/x.com\/PressenzaIPA\"]},{\"@type\":\"Person\",\"@id\":\"https:\/\/www.pressenza.com\/de\/#\/schema\/person\/9eae8d7f0aad5ec6a7f6f21ec94480fb\",\"name\":\"Pressenza Athens\",\"description\":\"News from the Pressenza Bureau in Athens, Greece\",\"sameAs\":[\"https:\/\/www.facebook.com\/pressenzagr\/\",\"https:\/\/x.com\/Pressenza_ath\"],\"url\":\"https:\/\/www.pressenza.com\/de\/author\/pressenza-athens\/\"}]}<\/script>\n<!-- \/ Yoast SEO plugin. -->","yoast_head_json":{"title":"Dimitris Papadimoulis: Die Nichtgeimpften in den \u00e4rmsten Regionen der Welt k\u00f6nnen eine globale Wiederansteckungsgefahr bedeuten","description":"Im Rahmen einer Reihe von Interviews f\u00fcr die Agentur Pressenza mit Abgeordneten der europ\u00e4ischen Parteien, die im Europ\u00e4ischen Parlament f\u00fcr die","robots":{"index":"index","follow":"follow","max-snippet":"max-snippet:-1","max-image-preview":"max-image-preview:large","max-video-preview":"max-video-preview:-1"},"canonical":"https:\/\/www.pressenza.com\/de\/2021\/05\/dimitris-papadimoulis-die-nichtgeimpften-in-den-aermsten-regionen-der-welt-koennen-eine-globale-wiederansteckungsgefahr-bedeuten\/","og_locale":"de_DE","og_type":"article","og_title":"Dimitris Papadimoulis: Die Nichtgeimpften in den \u00e4rmsten Regionen der Welt k\u00f6nnen eine globale Wiederansteckungsgefahr bedeuten","og_description":"Im Rahmen einer Reihe von Interviews f\u00fcr die Agentur Pressenza mit Abgeordneten der europ\u00e4ischen Parteien, die im Europ\u00e4ischen Parlament f\u00fcr die","og_url":"https:\/\/www.pressenza.com\/de\/2021\/05\/dimitris-papadimoulis-die-nichtgeimpften-in-den-aermsten-regionen-der-welt-koennen-eine-globale-wiederansteckungsgefahr-bedeuten\/","og_site_name":"Pressenza","article_publisher":"https:\/\/www.facebook.com\/PressenzaItalia","article_author":"https:\/\/www.facebook.com\/pressenzagr\/","article_published_time":"2021-05-30T13:12:11+00:00","article_modified_time":"2021-05-30T13:13:26+00:00","og_image":[{"width":1024,"height":682,"url":"https:\/\/www.pressenza.com\/wp-content\/uploads\/2021\/05\/dimitris-papadimoulis-gue-eng.jpg","type":"image\/jpeg"}],"author":"Pressenza Athens","twitter_card":"summary_large_image","twitter_creator":"@Pressenza_ath","twitter_site":"@PressenzaIPA","twitter_misc":{"Verfasst von":"Pressenza Athens","Gesch\u00e4tzte Lesezeit":"7\u00a0Minuten"},"schema":{"@context":"https:\/\/schema.org","@graph":[{"@type":"Article","@id":"https:\/\/www.pressenza.com\/de\/2021\/05\/dimitris-papadimoulis-die-nichtgeimpften-in-den-aermsten-regionen-der-welt-koennen-eine-globale-wiederansteckungsgefahr-bedeuten\/#article","isPartOf":{"@id":"https:\/\/www.pressenza.com\/de\/2021\/05\/dimitris-papadimoulis-die-nichtgeimpften-in-den-aermsten-regionen-der-welt-koennen-eine-globale-wiederansteckungsgefahr-bedeuten\/"},"author":{"name":"Pressenza Athens","@id":"https:\/\/www.pressenza.com\/de\/#\/schema\/person\/9eae8d7f0aad5ec6a7f6f21ec94480fb"},"headline":"Dimitris Papadimoulis: Die Nichtgeimpften in den \u00e4rmsten Regionen der Welt k\u00f6nnen eine globale Wiederansteckungsgefahr bedeuten","datePublished":"2021-05-30T13:12:11+00:00","dateModified":"2021-05-30T13:13:26+00:00","mainEntityOfPage":{"@id":"https:\/\/www.pressenza.com\/de\/2021\/05\/dimitris-papadimoulis-die-nichtgeimpften-in-den-aermsten-regionen-der-welt-koennen-eine-globale-wiederansteckungsgefahr-bedeuten\/"},"wordCount":1386,"publisher":{"@id":"https:\/\/www.pressenza.com\/de\/#organization"},"image":{"@id":"https:\/\/www.pressenza.com\/de\/2021\/05\/dimitris-papadimoulis-die-nichtgeimpften-in-den-aermsten-regionen-der-welt-koennen-eine-globale-wiederansteckungsgefahr-bedeuten\/#primaryimage"},"thumbnailUrl":"https:\/\/www.pressenza.com\/wp-content\/uploads\/2021\/05\/dimitris-papadimoulis-gue-eng.jpg","keywords":["#NoProfitonPandemic","Coronakrise","Covid-19 Impfung","Dimitris Papadimoulis","Europa-Parlament","Kein Profit durch die Pandemie","Patentfreigabe","Pharmaindustrie","WTO"],"articleSection":["Europa","Gesundheit","Interviews","Originalinhalt","Politik"],"inLanguage":"de"},{"@type":"WebPage","@id":"https:\/\/www.pressenza.com\/de\/2021\/05\/dimitris-papadimoulis-die-nichtgeimpften-in-den-aermsten-regionen-der-welt-koennen-eine-globale-wiederansteckungsgefahr-bedeuten\/","url":"https:\/\/www.pressenza.com\/de\/2021\/05\/dimitris-papadimoulis-die-nichtgeimpften-in-den-aermsten-regionen-der-welt-koennen-eine-globale-wiederansteckungsgefahr-bedeuten\/","name":"Dimitris Papadimoulis: Die Nichtgeimpften in den \u00e4rmsten Regionen der Welt k\u00f6nnen eine globale Wiederansteckungsgefahr bedeuten","isPartOf":{"@id":"https:\/\/www.pressenza.com\/de\/#website"},"primaryImageOfPage":{"@id":"https:\/\/www.pressenza.com\/de\/2021\/05\/dimitris-papadimoulis-die-nichtgeimpften-in-den-aermsten-regionen-der-welt-koennen-eine-globale-wiederansteckungsgefahr-bedeuten\/#primaryimage"},"image":{"@id":"https:\/\/www.pressenza.com\/de\/2021\/05\/dimitris-papadimoulis-die-nichtgeimpften-in-den-aermsten-regionen-der-welt-koennen-eine-globale-wiederansteckungsgefahr-bedeuten\/#primaryimage"},"thumbnailUrl":"https:\/\/www.pressenza.com\/wp-content\/uploads\/2021\/05\/dimitris-papadimoulis-gue-eng.jpg","datePublished":"2021-05-30T13:12:11+00:00","dateModified":"2021-05-30T13:13:26+00:00","description":"Im Rahmen einer Reihe von Interviews f\u00fcr die Agentur Pressenza mit Abgeordneten der europ\u00e4ischen Parteien, die im Europ\u00e4ischen Parlament f\u00fcr die","breadcrumb":{"@id":"https:\/\/www.pressenza.com\/de\/2021\/05\/dimitris-papadimoulis-die-nichtgeimpften-in-den-aermsten-regionen-der-welt-koennen-eine-globale-wiederansteckungsgefahr-bedeuten\/#breadcrumb"},"inLanguage":"de","potentialAction":[{"@type":"ReadAction","target":["https:\/\/www.pressenza.com\/de\/2021\/05\/dimitris-papadimoulis-die-nichtgeimpften-in-den-aermsten-regionen-der-welt-koennen-eine-globale-wiederansteckungsgefahr-bedeuten\/"]}]},{"@type":"ImageObject","inLanguage":"de","@id":"https:\/\/www.pressenza.com\/de\/2021\/05\/dimitris-papadimoulis-die-nichtgeimpften-in-den-aermsten-regionen-der-welt-koennen-eine-globale-wiederansteckungsgefahr-bedeuten\/#primaryimage","url":"https:\/\/www.pressenza.com\/wp-content\/uploads\/2021\/05\/dimitris-papadimoulis-gue-eng.jpg","contentUrl":"https:\/\/www.pressenza.com\/wp-content\/uploads\/2021\/05\/dimitris-papadimoulis-gue-eng.jpg","width":1024,"height":682,"caption":"Dimitris Papadimoulis: Die Nichtgeimpften in den \u00e4rmsten Regionen der Welt k\u00f6nnen eine globale Wiederansteckungsgefahr bedeuten"},{"@type":"BreadcrumbList","@id":"https:\/\/www.pressenza.com\/de\/2021\/05\/dimitris-papadimoulis-die-nichtgeimpften-in-den-aermsten-regionen-der-welt-koennen-eine-globale-wiederansteckungsgefahr-bedeuten\/#breadcrumb","itemListElement":[{"@type":"ListItem","position":1,"name":"Accueil","item":"https:\/\/www.pressenza.com\/de\/"},{"@type":"ListItem","position":2,"name":"Dimitris Papadimoulis: Die Nichtgeimpften in den \u00e4rmsten Regionen der Welt k\u00f6nnen eine globale Wiederansteckungsgefahr bedeuten"}]},{"@type":"WebSite","@id":"https:\/\/www.pressenza.com\/de\/#website","url":"https:\/\/www.pressenza.com\/de\/","name":"Pressenza","description":"International Press Agency","publisher":{"@id":"https:\/\/www.pressenza.com\/de\/#organization"},"potentialAction":[{"@type":"SearchAction","target":{"@type":"EntryPoint","urlTemplate":"https:\/\/www.pressenza.com\/de\/?s={search_term_string}"},"query-input":{"@type":"PropertyValueSpecification","valueRequired":true,"valueName":"search_term_string"}}],"inLanguage":"de"},{"@type":"Organization","@id":"https:\/\/www.pressenza.com\/de\/#organization","name":"Pressenza","url":"https:\/\/www.pressenza.com\/de\/","logo":{"@type":"ImageObject","inLanguage":"de","@id":"https:\/\/www.pressenza.com\/de\/#\/schema\/logo\/image\/","url":"https:\/\/www.pressenza.com\/wp-content\/uploads\/2022\/10\/pressenza_logo_200x200.jpg","contentUrl":"https:\/\/www.pressenza.com\/wp-content\/uploads\/2022\/10\/pressenza_logo_200x200.jpg","width":200,"height":200,"caption":"Pressenza"},"image":{"@id":"https:\/\/www.pressenza.com\/de\/#\/schema\/logo\/image\/"},"sameAs":["https:\/\/www.facebook.com\/PressenzaItalia","https:\/\/x.com\/PressenzaIPA"]},{"@type":"Person","@id":"https:\/\/www.pressenza.com\/de\/#\/schema\/person\/9eae8d7f0aad5ec6a7f6f21ec94480fb","name":"Pressenza Athens","description":"News from the Pressenza Bureau in Athens, Greece","sameAs":["https:\/\/www.facebook.com\/pressenzagr\/","https:\/\/x.com\/Pressenza_ath"],"url":"https:\/\/www.pressenza.com\/de\/author\/pressenza-athens\/"}]}},"place":"","original_article_url":"","_links":{"self":[{"href":"https:\/\/www.pressenza.com\/de\/wp-json\/wp\/v2\/posts\/1371350","targetHints":{"allow":["GET"]}}],"collection":[{"href":"https:\/\/www.pressenza.com\/de\/wp-json\/wp\/v2\/posts"}],"about":[{"href":"https:\/\/www.pressenza.com\/de\/wp-json\/wp\/v2\/types\/post"}],"author":[{"embeddable":true,"href":"https:\/\/www.pressenza.com\/de\/wp-json\/wp\/v2\/users\/1220"}],"replies":[{"embeddable":true,"href":"https:\/\/www.pressenza.com\/de\/wp-json\/wp\/v2\/comments?post=1371350"}],"version-history":[{"count":0,"href":"https:\/\/www.pressenza.com\/de\/wp-json\/wp\/v2\/posts\/1371350\/revisions"}],"wp:featuredmedia":[{"embeddable":true,"href":"https:\/\/www.pressenza.com\/de\/wp-json\/wp\/v2\/media\/1367672"}],"wp:attachment":[{"href":"https:\/\/www.pressenza.com\/de\/wp-json\/wp\/v2\/media?parent=1371350"}],"wp:term":[{"taxonomy":"category","embeddable":true,"href":"https:\/\/www.pressenza.com\/de\/wp-json\/wp\/v2\/categories?post=1371350"},{"taxonomy":"post_tag","embeddable":true,"href":"https:\/\/www.pressenza.com\/de\/wp-json\/wp\/v2\/tags?post=1371350"}],"curies":[{"name":"wp","href":"https:\/\/api.w.org\/{rel}","templated":true}]}}