{"id":1368638,"date":"2021-05-25T13:34:48","date_gmt":"2021-05-25T12:34:48","guid":{"rendered":"https:\/\/www.pressenza.com\/?p=1368638"},"modified":"2021-05-25T13:35:33","modified_gmt":"2021-05-25T12:35:33","slug":"der-spass-ist-vorbei-das-volk-hat-ihm-ein-ende-gesetzt","status":"publish","type":"post","link":"https:\/\/www.pressenza.com\/de\/2021\/05\/der-spass-ist-vorbei-das-volk-hat-ihm-ein-ende-gesetzt\/","title":{"rendered":"Der Spa\u00df ist vorbei&#8230; das Volk hat ihm ein Ende gesetzt"},"content":{"rendered":"<p><strong>Die j\u00fcngste Niederlage der Wirtschaftselite und ihrer politischen Verb\u00fcndeten hat das Volk als Protagonisten der Zukunft Chiles positioniert. Der Aufstand vom 18.10.2019 und die Verabschiedung einer neuen Verfassung befeuerten den Triumph des Volkes, der mit den j\u00fcngsten Wahlen vom 15. und 16. Mai best\u00e4tigt wurde.<\/strong><\/p>\n<p>Das Listenb\u00fcndnis Frente Amplio\/Partido Comunista fegte zusammen mit den Unabh\u00e4ngigen den rechten Fl\u00fcgel und die ehemalige Concertaci\u00f3n weg. Endlich k\u00f6nnen wir sagen, dass eine echte Linke in Chile geboren ist.<\/p>\n<p>Die Menschen haben deutlich gezeigt, dass sie nicht mehr die Politiker:innen und \u00d6konom:innen wollen, die vierzig Jahre lang vom Gro\u00dfkapital vereinnahmt wurden und die Gesetze zu deren Gunsten gemacht haben. Die Diener:innen der Reichen, die den Staat daran hinderten, die nationale Mehrheit zu verteidigen, sind auf den M\u00fcllhaufen der Geschichte verdammt.<\/p>\n<p>Der Spa\u00df (der Reichen) ist vorbei und das Volk hat ihm ein Ende gesetzt.<\/p>\n<p>Der Wahltriumph vom 15\/16. Mai war eine kategorische Ablehnung der Missbr\u00e4uche und Betr\u00fcgereien der AFP (privaten Pensionsfonds), der ISAPRES (Sozialversicherungseinrichtungen) und der fragw\u00fcrdigen Absprachen mit Gro\u00dfunternehmen, welche die bescheidenen Verbraucher:innen und die kleinen Unternehmen ausbeuten.<\/p>\n<p>Die Menschen haben auch erkannt, dass das Arbeitsgesetz die Arbeiter:innen daran hindert, sich zu organisieren und menschenw\u00fcrdige L\u00f6hne auszuhandeln, was es den Unternehmen erm\u00f6glicht, die Lohnempf\u00e4nger:innen ohne Gegengewicht auszubeuten.<\/p>\n<p>Was die Concertaci\u00f3n\/Neue Mehrheit nicht geschafft hat, wird nun die Aufgabe der neuen F\u00fchrung sein, die am 15\/16. Mai gew\u00e4hlt wurden. Das Volk hat gesagt, genug ist genug, emp\u00f6rt \u00fcber das feige &#8222;Ma\u00df des M\u00f6glichen&#8220; und m\u00fcde von der Pinochet-Lagos-Verfassung, die eine neoliberale Marktwirtschaft festgeschrieben hat, die es den reichsten 1% der Bev\u00f6lkerung erlaubt, sich 30% des Reichtums anzueignen, w\u00e4hrend die \u00e4rmsten 50% nur 2% bekommen.<\/p>\n<p>Die Anh\u00e4ufung von Reichtum der Wirtschaftsgruppen gab ihnen eine faktische Macht im Land mit einem entscheidenden Einfluss auf das politische Leben. So haben der Staat und die politische Klasse die Wirtschaftsgruppen beg\u00fcnstigt, indem sie ihre Aufgabe vernachl\u00e4ssigt haben: Sie kontrollieren die Gro\u00dfindustrie nicht, sie regulieren sie nicht, sie erheben keine Lizenzgeb\u00fchren f\u00fcr die rentierliche Ausbeutung unserer nat\u00fcrlichen Ressourcen, sie erleichtern Absprachen und Steuerhinterziehung und haben ihnen dar\u00fcber hinaus den Weg geebnet, unkontrolliert in Steuerparadiesen zu operieren.<\/p>\n<div id=\"attachment_1365414\" class=\"wp-caption alignnone\"><img loading=\"lazy\" decoding=\"async\" aria-describedby=\"caption-attachment-1365414\" class=\"wp-image-1365414\" src=\"https:\/\/www.pressenza.com\/wp-content\/uploads\/2021\/05\/tanquetas-y-mapuche.jpeg\" alt=\"Claudia Aranda\" width=\"787\" height=\"382\" srcset=\"https:\/\/www.pressenza.com\/wp-content\/uploads\/2021\/05\/tanquetas-y-mapuche.jpeg 1280w, https:\/\/www.pressenza.com\/wp-content\/uploads\/2021\/05\/tanquetas-y-mapuche-300x146.jpeg 300w, https:\/\/www.pressenza.com\/wp-content\/uploads\/2021\/05\/tanquetas-y-mapuche-720x349.jpeg 720w, https:\/\/www.pressenza.com\/wp-content\/uploads\/2021\/05\/tanquetas-y-mapuche-768x373.jpeg 768w\" sizes=\"auto, (max-width: 787px) 100vw, 787px\" \/><p id=\"caption-attachment-1365414\" class=\"wp-caption-text\">(Bild von Enzo Blondel)<\/p><\/div>\n<p>Das Regime der Missbr\u00e4uche und Ungleichheiten hat seinen Ursprung in der Verfassung von 1980, welche die Rolle des Staates auf einen blo\u00dfen subsidi\u00e4ren Agenten der wirtschaftlichen Initiative reduziert. Auf der Grundlage der Subsidiarit\u00e4t \u00fcberl\u00e4sst der Staat dem Gro\u00dfkapital die Konzession f\u00fcr unser Land, unsere Fl\u00fcsse und Meere zum Nulltarif; er erlaubt auch ein oligopolistisches Handels- und Finanzsystem, das durch Absprachen und Deregulierung immense \u00dcbersch\u00fcsse absch\u00f6pft; und schlie\u00dflich hat er eine Sozialpolitik erfunden, die Bildung, Gesundheit und Wohlfahrt f\u00fcr den direkten Profit der Unternehmen kommodifiziert hat.<\/p>\n<p>Die neuen Abgeordneten haben die herausfordernde Aufgabe, die Wirtschaft zu demokratisieren, was einen Verfassungstext erfordert, der die Macht der 1% und ihrer Wirtschaftsgruppen einschr\u00e4nkt. Denn wirtschaftliches Handeln muss der gesamten Gesellschaft dienen, mit besonderem Vorrang f\u00fcr Arbeiter:innen und Kleinunternehmer:innen. Und die wirtschaftliche Demokratisierung ist die materielle Grundlage f\u00fcr die politische Demokratisierung.<\/p>\n<p>Der Wahltriumph der Linken in der verfassungsgebenden Versammlung, aber auch der Erfolg in mehreren Gemeinden und sogar Gouverneursposten, er\u00f6ffnet den Menschen in Chile einen vielversprechenden Weg, um im November die Pr\u00e4sidentenwahl positiv zu beeinflussen. Es ist keine leichte Aufgabe, aber der politische und vor allem kulturelle Wandel, den wir erleben, gibt Hoffnung auf ein neues Leben f\u00fcr die chilenische Familie. Um dieses Ziel zu erreichen, wird es notwendig sein, dass all jene politischen und sozialen Organisationen, die sich f\u00fcr eine neue Verfassung einsetzen und die derzeit verstreut sind, ihre Kr\u00e4fte auf patriotische Weise b\u00fcndeln.<\/p>\n<p><em>Mehr Beitr\u00e4ge zum Thema <a href=\"https:\/\/www.pressenza.com\/de\/tag\/verfassungsaenderung\/\" target=\"_blank\" rel=\"noopener\">Verfassungs\u00e4nderung in Chile<\/a>.<\/em><\/p>\n<p><strong><em>Die \u00dcbersetzung aus dem Englischen wurde von Anita K\u00f6bler <\/em><em>vom ehrenamtlichen Pressenza-\u00dcbersetzungsteam erstellt. <a href=\"https:\/\/www.pressenza.com\/de\/mitarbeiten\/\" target=\"_blank\" rel=\"noopener\">Wir suchen Freiwillige!\u00a0<\/a><\/em><\/strong><\/p>\n","protected":false},"excerpt":{"rendered":"<p>Die j\u00fcngste Niederlage der Wirtschaftselite und ihrer politischen Verb\u00fcndeten hat das Volk als Protagonisten der Zukunft Chiles positioniert. Der Aufstand vom 18.10.2019 und die Verabschiedung einer neuen Verfassung befeuerten den Triumph des Volkes, der mit den j\u00fcngsten Wahlen vom 15.&hellip;<\/p>\n","protected":false},"author":1451,"featured_media":1365404,"comment_status":"closed","ping_status":"closed","sticky":false,"template":"","format":"standard","meta":{"footnotes":""},"categories":[9143,11387,9168,9154],"tags":[12406,10608,80048,37324,25213,49822,53081,58692,9676,65785],"class_list":["post-1368638","post","type-post","status-publish","format-standard","has-post-thumbnail","hentry","category-meinungen","category-originalinhalt","category-politik","category-suedamerika","tag-burgerproteste","tag-chile-de","tag-chile-wach-auf","tag-militaerdiktatur","tag-neoliberalismus","tag-pinochet-diktatur","tag-protestbewegung","tag-santiago-de-chile-de","tag-soziale-proteste","tag-verfassungsaenderung"],"yoast_head":"<!-- This site is optimized with the Yoast SEO plugin v27.1.1 - https:\/\/yoast.com\/product\/yoast-seo-wordpress\/ -->\n<title>Der Spa\u00df ist vorbei... das Volk hat ihm ein Ende gesetzt<\/title>\n<meta name=\"description\" content=\"Die j\u00fcngste Niederlage der Wirtschaftselite und ihrer politischen Verb\u00fcndeten hat das Volk als Protagonisten der Zukunft Chiles positioniert. Der Aufstand\" \/>\n<meta name=\"robots\" content=\"index, follow, max-snippet:-1, max-image-preview:large, max-video-preview:-1\" \/>\n<link rel=\"canonical\" href=\"https:\/\/www.pressenza.com\/de\/2021\/05\/der-spass-ist-vorbei-das-volk-hat-ihm-ein-ende-gesetzt\/\" \/>\n<meta property=\"og:locale\" content=\"de_DE\" \/>\n<meta property=\"og:type\" content=\"article\" \/>\n<meta property=\"og:title\" content=\"Der Spa\u00df ist vorbei... das Volk hat ihm ein Ende gesetzt\" \/>\n<meta property=\"og:description\" content=\"Die j\u00fcngste Niederlage der Wirtschaftselite und ihrer politischen Verb\u00fcndeten hat das Volk als Protagonisten der Zukunft Chiles positioniert. Der Aufstand\" \/>\n<meta property=\"og:url\" content=\"https:\/\/www.pressenza.com\/de\/2021\/05\/der-spass-ist-vorbei-das-volk-hat-ihm-ein-ende-gesetzt\/\" \/>\n<meta property=\"og:site_name\" content=\"Pressenza\" \/>\n<meta property=\"article:publisher\" content=\"https:\/\/www.facebook.com\/PressenzaItalia\" \/>\n<meta property=\"article:published_time\" content=\"2021-05-25T12:34:48+00:00\" \/>\n<meta property=\"article:modified_time\" content=\"2021-05-25T12:35:33+00:00\" \/>\n<meta property=\"og:image\" content=\"https:\/\/www.pressenza.com\/wp-content\/uploads\/2021\/05\/LE7A1928.jpg\" \/>\n\t<meta property=\"og:image:width\" content=\"1920\" \/>\n\t<meta property=\"og:image:height\" content=\"1280\" \/>\n\t<meta property=\"og:image:type\" content=\"image\/jpeg\" \/>\n<meta name=\"author\" content=\"Roberto Pizarro\" \/>\n<meta name=\"twitter:card\" content=\"summary_large_image\" \/>\n<meta name=\"twitter:creator\" content=\"@PressenzaIPA\" \/>\n<meta name=\"twitter:site\" content=\"@PressenzaIPA\" \/>\n<meta name=\"twitter:label1\" content=\"Verfasst von\" \/>\n\t<meta name=\"twitter:data1\" content=\"Roberto Pizarro\" \/>\n\t<meta name=\"twitter:label2\" content=\"Gesch\u00e4tzte Lesezeit\" \/>\n\t<meta name=\"twitter:data2\" content=\"3\u00a0Minuten\" \/>\n<script type=\"application\/ld+json\" class=\"yoast-schema-graph\">{\"@context\":\"https:\/\/schema.org\",\"@graph\":[{\"@type\":\"Article\",\"@id\":\"https:\/\/www.pressenza.com\/de\/2021\/05\/der-spass-ist-vorbei-das-volk-hat-ihm-ein-ende-gesetzt\/#article\",\"isPartOf\":{\"@id\":\"https:\/\/www.pressenza.com\/de\/2021\/05\/der-spass-ist-vorbei-das-volk-hat-ihm-ein-ende-gesetzt\/\"},\"author\":{\"name\":\"Roberto Pizarro\",\"@id\":\"https:\/\/www.pressenza.com\/de\/#\/schema\/person\/622524797ea4e3bf162461cbc6b81e29\"},\"headline\":\"Der Spa\u00df ist vorbei&#8230; das Volk hat ihm ein Ende gesetzt\",\"datePublished\":\"2021-05-25T12:34:48+00:00\",\"dateModified\":\"2021-05-25T12:35:33+00:00\",\"mainEntityOfPage\":{\"@id\":\"https:\/\/www.pressenza.com\/de\/2021\/05\/der-spass-ist-vorbei-das-volk-hat-ihm-ein-ende-gesetzt\/\"},\"wordCount\":680,\"publisher\":{\"@id\":\"https:\/\/www.pressenza.com\/de\/#organization\"},\"image\":{\"@id\":\"https:\/\/www.pressenza.com\/de\/2021\/05\/der-spass-ist-vorbei-das-volk-hat-ihm-ein-ende-gesetzt\/#primaryimage\"},\"thumbnailUrl\":\"https:\/\/www.pressenza.com\/wp-content\/uploads\/2021\/05\/LE7A1928.jpg\",\"keywords\":[\"B\u00fcrgerproteste\",\"Chile\",\"Chile wach auf\",\"Milit\u00e4rdiktatur\",\"Neoliberalismus\",\"Pinochet-Diktatur\",\"Protestbewegung\",\"Santiago de Chile\",\"soziale Proteste\",\"Verfassungs\u00e4nderung\"],\"articleSection\":[\"Meinungen\",\"Originalinhalt\",\"Politik\",\"S\u00fcdamerika\"],\"inLanguage\":\"de\"},{\"@type\":\"WebPage\",\"@id\":\"https:\/\/www.pressenza.com\/de\/2021\/05\/der-spass-ist-vorbei-das-volk-hat-ihm-ein-ende-gesetzt\/\",\"url\":\"https:\/\/www.pressenza.com\/de\/2021\/05\/der-spass-ist-vorbei-das-volk-hat-ihm-ein-ende-gesetzt\/\",\"name\":\"Der Spa\u00df ist vorbei... das Volk hat ihm ein Ende gesetzt\",\"isPartOf\":{\"@id\":\"https:\/\/www.pressenza.com\/de\/#website\"},\"primaryImageOfPage\":{\"@id\":\"https:\/\/www.pressenza.com\/de\/2021\/05\/der-spass-ist-vorbei-das-volk-hat-ihm-ein-ende-gesetzt\/#primaryimage\"},\"image\":{\"@id\":\"https:\/\/www.pressenza.com\/de\/2021\/05\/der-spass-ist-vorbei-das-volk-hat-ihm-ein-ende-gesetzt\/#primaryimage\"},\"thumbnailUrl\":\"https:\/\/www.pressenza.com\/wp-content\/uploads\/2021\/05\/LE7A1928.jpg\",\"datePublished\":\"2021-05-25T12:34:48+00:00\",\"dateModified\":\"2021-05-25T12:35:33+00:00\",\"description\":\"Die j\u00fcngste Niederlage der Wirtschaftselite und ihrer politischen Verb\u00fcndeten hat das Volk als Protagonisten der Zukunft Chiles positioniert. Der Aufstand\",\"breadcrumb\":{\"@id\":\"https:\/\/www.pressenza.com\/de\/2021\/05\/der-spass-ist-vorbei-das-volk-hat-ihm-ein-ende-gesetzt\/#breadcrumb\"},\"inLanguage\":\"de\",\"potentialAction\":[{\"@type\":\"ReadAction\",\"target\":[\"https:\/\/www.pressenza.com\/de\/2021\/05\/der-spass-ist-vorbei-das-volk-hat-ihm-ein-ende-gesetzt\/\"]}]},{\"@type\":\"ImageObject\",\"inLanguage\":\"de\",\"@id\":\"https:\/\/www.pressenza.com\/de\/2021\/05\/der-spass-ist-vorbei-das-volk-hat-ihm-ein-ende-gesetzt\/#primaryimage\",\"url\":\"https:\/\/www.pressenza.com\/wp-content\/uploads\/2021\/05\/LE7A1928.jpg\",\"contentUrl\":\"https:\/\/www.pressenza.com\/wp-content\/uploads\/2021\/05\/LE7A1928.jpg\",\"width\":1920,\"height\":1280,\"caption\":\"Der Spa\u00df ist vorbei... das Volk hat ihm ein Ende gesetzt\"},{\"@type\":\"BreadcrumbList\",\"@id\":\"https:\/\/www.pressenza.com\/de\/2021\/05\/der-spass-ist-vorbei-das-volk-hat-ihm-ein-ende-gesetzt\/#breadcrumb\",\"itemListElement\":[{\"@type\":\"ListItem\",\"position\":1,\"name\":\"Accueil\",\"item\":\"https:\/\/www.pressenza.com\/de\/\"},{\"@type\":\"ListItem\",\"position\":2,\"name\":\"Der Spa\u00df ist vorbei&#8230; das Volk hat ihm ein Ende gesetzt\"}]},{\"@type\":\"WebSite\",\"@id\":\"https:\/\/www.pressenza.com\/de\/#website\",\"url\":\"https:\/\/www.pressenza.com\/de\/\",\"name\":\"Pressenza\",\"description\":\"International Press Agency\",\"publisher\":{\"@id\":\"https:\/\/www.pressenza.com\/de\/#organization\"},\"potentialAction\":[{\"@type\":\"SearchAction\",\"target\":{\"@type\":\"EntryPoint\",\"urlTemplate\":\"https:\/\/www.pressenza.com\/de\/?s={search_term_string}\"},\"query-input\":{\"@type\":\"PropertyValueSpecification\",\"valueRequired\":true,\"valueName\":\"search_term_string\"}}],\"inLanguage\":\"de\"},{\"@type\":\"Organization\",\"@id\":\"https:\/\/www.pressenza.com\/de\/#organization\",\"name\":\"Pressenza\",\"url\":\"https:\/\/www.pressenza.com\/de\/\",\"logo\":{\"@type\":\"ImageObject\",\"inLanguage\":\"de\",\"@id\":\"https:\/\/www.pressenza.com\/de\/#\/schema\/logo\/image\/\",\"url\":\"https:\/\/www.pressenza.com\/wp-content\/uploads\/2022\/10\/pressenza_logo_200x200.jpg\",\"contentUrl\":\"https:\/\/www.pressenza.com\/wp-content\/uploads\/2022\/10\/pressenza_logo_200x200.jpg\",\"width\":200,\"height\":200,\"caption\":\"Pressenza\"},\"image\":{\"@id\":\"https:\/\/www.pressenza.com\/de\/#\/schema\/logo\/image\/\"},\"sameAs\":[\"https:\/\/www.facebook.com\/PressenzaItalia\",\"https:\/\/x.com\/PressenzaIPA\"]},{\"@type\":\"Person\",\"@id\":\"https:\/\/www.pressenza.com\/de\/#\/schema\/person\/622524797ea4e3bf162461cbc6b81e29\",\"name\":\"Roberto Pizarro\",\"url\":\"https:\/\/www.pressenza.com\/de\/author\/roberto-pizarro\/\"}]}<\/script>\n<!-- \/ Yoast SEO plugin. -->","yoast_head_json":{"title":"Der Spa\u00df ist vorbei... das Volk hat ihm ein Ende gesetzt","description":"Die j\u00fcngste Niederlage der Wirtschaftselite und ihrer politischen Verb\u00fcndeten hat das Volk als Protagonisten der Zukunft Chiles positioniert. Der Aufstand","robots":{"index":"index","follow":"follow","max-snippet":"max-snippet:-1","max-image-preview":"max-image-preview:large","max-video-preview":"max-video-preview:-1"},"canonical":"https:\/\/www.pressenza.com\/de\/2021\/05\/der-spass-ist-vorbei-das-volk-hat-ihm-ein-ende-gesetzt\/","og_locale":"de_DE","og_type":"article","og_title":"Der Spa\u00df ist vorbei... das Volk hat ihm ein Ende gesetzt","og_description":"Die j\u00fcngste Niederlage der Wirtschaftselite und ihrer politischen Verb\u00fcndeten hat das Volk als Protagonisten der Zukunft Chiles positioniert. Der Aufstand","og_url":"https:\/\/www.pressenza.com\/de\/2021\/05\/der-spass-ist-vorbei-das-volk-hat-ihm-ein-ende-gesetzt\/","og_site_name":"Pressenza","article_publisher":"https:\/\/www.facebook.com\/PressenzaItalia","article_published_time":"2021-05-25T12:34:48+00:00","article_modified_time":"2021-05-25T12:35:33+00:00","og_image":[{"width":1920,"height":1280,"url":"https:\/\/www.pressenza.com\/wp-content\/uploads\/2021\/05\/LE7A1928.jpg","type":"image\/jpeg"}],"author":"Roberto Pizarro","twitter_card":"summary_large_image","twitter_creator":"@PressenzaIPA","twitter_site":"@PressenzaIPA","twitter_misc":{"Verfasst von":"Roberto Pizarro","Gesch\u00e4tzte Lesezeit":"3\u00a0Minuten"},"schema":{"@context":"https:\/\/schema.org","@graph":[{"@type":"Article","@id":"https:\/\/www.pressenza.com\/de\/2021\/05\/der-spass-ist-vorbei-das-volk-hat-ihm-ein-ende-gesetzt\/#article","isPartOf":{"@id":"https:\/\/www.pressenza.com\/de\/2021\/05\/der-spass-ist-vorbei-das-volk-hat-ihm-ein-ende-gesetzt\/"},"author":{"name":"Roberto Pizarro","@id":"https:\/\/www.pressenza.com\/de\/#\/schema\/person\/622524797ea4e3bf162461cbc6b81e29"},"headline":"Der Spa\u00df ist vorbei&#8230; das Volk hat ihm ein Ende gesetzt","datePublished":"2021-05-25T12:34:48+00:00","dateModified":"2021-05-25T12:35:33+00:00","mainEntityOfPage":{"@id":"https:\/\/www.pressenza.com\/de\/2021\/05\/der-spass-ist-vorbei-das-volk-hat-ihm-ein-ende-gesetzt\/"},"wordCount":680,"publisher":{"@id":"https:\/\/www.pressenza.com\/de\/#organization"},"image":{"@id":"https:\/\/www.pressenza.com\/de\/2021\/05\/der-spass-ist-vorbei-das-volk-hat-ihm-ein-ende-gesetzt\/#primaryimage"},"thumbnailUrl":"https:\/\/www.pressenza.com\/wp-content\/uploads\/2021\/05\/LE7A1928.jpg","keywords":["B\u00fcrgerproteste","Chile","Chile wach auf","Milit\u00e4rdiktatur","Neoliberalismus","Pinochet-Diktatur","Protestbewegung","Santiago de Chile","soziale Proteste","Verfassungs\u00e4nderung"],"articleSection":["Meinungen","Originalinhalt","Politik","S\u00fcdamerika"],"inLanguage":"de"},{"@type":"WebPage","@id":"https:\/\/www.pressenza.com\/de\/2021\/05\/der-spass-ist-vorbei-das-volk-hat-ihm-ein-ende-gesetzt\/","url":"https:\/\/www.pressenza.com\/de\/2021\/05\/der-spass-ist-vorbei-das-volk-hat-ihm-ein-ende-gesetzt\/","name":"Der Spa\u00df ist vorbei... das Volk hat ihm ein Ende gesetzt","isPartOf":{"@id":"https:\/\/www.pressenza.com\/de\/#website"},"primaryImageOfPage":{"@id":"https:\/\/www.pressenza.com\/de\/2021\/05\/der-spass-ist-vorbei-das-volk-hat-ihm-ein-ende-gesetzt\/#primaryimage"},"image":{"@id":"https:\/\/www.pressenza.com\/de\/2021\/05\/der-spass-ist-vorbei-das-volk-hat-ihm-ein-ende-gesetzt\/#primaryimage"},"thumbnailUrl":"https:\/\/www.pressenza.com\/wp-content\/uploads\/2021\/05\/LE7A1928.jpg","datePublished":"2021-05-25T12:34:48+00:00","dateModified":"2021-05-25T12:35:33+00:00","description":"Die j\u00fcngste Niederlage der Wirtschaftselite und ihrer politischen Verb\u00fcndeten hat das Volk als Protagonisten der Zukunft Chiles positioniert. Der Aufstand","breadcrumb":{"@id":"https:\/\/www.pressenza.com\/de\/2021\/05\/der-spass-ist-vorbei-das-volk-hat-ihm-ein-ende-gesetzt\/#breadcrumb"},"inLanguage":"de","potentialAction":[{"@type":"ReadAction","target":["https:\/\/www.pressenza.com\/de\/2021\/05\/der-spass-ist-vorbei-das-volk-hat-ihm-ein-ende-gesetzt\/"]}]},{"@type":"ImageObject","inLanguage":"de","@id":"https:\/\/www.pressenza.com\/de\/2021\/05\/der-spass-ist-vorbei-das-volk-hat-ihm-ein-ende-gesetzt\/#primaryimage","url":"https:\/\/www.pressenza.com\/wp-content\/uploads\/2021\/05\/LE7A1928.jpg","contentUrl":"https:\/\/www.pressenza.com\/wp-content\/uploads\/2021\/05\/LE7A1928.jpg","width":1920,"height":1280,"caption":"Der Spa\u00df ist vorbei... das Volk hat ihm ein Ende gesetzt"},{"@type":"BreadcrumbList","@id":"https:\/\/www.pressenza.com\/de\/2021\/05\/der-spass-ist-vorbei-das-volk-hat-ihm-ein-ende-gesetzt\/#breadcrumb","itemListElement":[{"@type":"ListItem","position":1,"name":"Accueil","item":"https:\/\/www.pressenza.com\/de\/"},{"@type":"ListItem","position":2,"name":"Der Spa\u00df ist vorbei&#8230; das Volk hat ihm ein Ende gesetzt"}]},{"@type":"WebSite","@id":"https:\/\/www.pressenza.com\/de\/#website","url":"https:\/\/www.pressenza.com\/de\/","name":"Pressenza","description":"International Press Agency","publisher":{"@id":"https:\/\/www.pressenza.com\/de\/#organization"},"potentialAction":[{"@type":"SearchAction","target":{"@type":"EntryPoint","urlTemplate":"https:\/\/www.pressenza.com\/de\/?s={search_term_string}"},"query-input":{"@type":"PropertyValueSpecification","valueRequired":true,"valueName":"search_term_string"}}],"inLanguage":"de"},{"@type":"Organization","@id":"https:\/\/www.pressenza.com\/de\/#organization","name":"Pressenza","url":"https:\/\/www.pressenza.com\/de\/","logo":{"@type":"ImageObject","inLanguage":"de","@id":"https:\/\/www.pressenza.com\/de\/#\/schema\/logo\/image\/","url":"https:\/\/www.pressenza.com\/wp-content\/uploads\/2022\/10\/pressenza_logo_200x200.jpg","contentUrl":"https:\/\/www.pressenza.com\/wp-content\/uploads\/2022\/10\/pressenza_logo_200x200.jpg","width":200,"height":200,"caption":"Pressenza"},"image":{"@id":"https:\/\/www.pressenza.com\/de\/#\/schema\/logo\/image\/"},"sameAs":["https:\/\/www.facebook.com\/PressenzaItalia","https:\/\/x.com\/PressenzaIPA"]},{"@type":"Person","@id":"https:\/\/www.pressenza.com\/de\/#\/schema\/person\/622524797ea4e3bf162461cbc6b81e29","name":"Roberto Pizarro","url":"https:\/\/www.pressenza.com\/de\/author\/roberto-pizarro\/"}]}},"place":"Santiago de Chile","original_article_url":"","_links":{"self":[{"href":"https:\/\/www.pressenza.com\/de\/wp-json\/wp\/v2\/posts\/1368638","targetHints":{"allow":["GET"]}}],"collection":[{"href":"https:\/\/www.pressenza.com\/de\/wp-json\/wp\/v2\/posts"}],"about":[{"href":"https:\/\/www.pressenza.com\/de\/wp-json\/wp\/v2\/types\/post"}],"author":[{"embeddable":true,"href":"https:\/\/www.pressenza.com\/de\/wp-json\/wp\/v2\/users\/1451"}],"replies":[{"embeddable":true,"href":"https:\/\/www.pressenza.com\/de\/wp-json\/wp\/v2\/comments?post=1368638"}],"version-history":[{"count":0,"href":"https:\/\/www.pressenza.com\/de\/wp-json\/wp\/v2\/posts\/1368638\/revisions"}],"wp:featuredmedia":[{"embeddable":true,"href":"https:\/\/www.pressenza.com\/de\/wp-json\/wp\/v2\/media\/1365404"}],"wp:attachment":[{"href":"https:\/\/www.pressenza.com\/de\/wp-json\/wp\/v2\/media?parent=1368638"}],"wp:term":[{"taxonomy":"category","embeddable":true,"href":"https:\/\/www.pressenza.com\/de\/wp-json\/wp\/v2\/categories?post=1368638"},{"taxonomy":"post_tag","embeddable":true,"href":"https:\/\/www.pressenza.com\/de\/wp-json\/wp\/v2\/tags?post=1368638"}],"curies":[{"name":"wp","href":"https:\/\/api.w.org\/{rel}","templated":true}]}}