{"id":1358874,"date":"2021-05-12T07:51:03","date_gmt":"2021-05-12T06:51:03","guid":{"rendered":"https:\/\/www.pressenza.com\/?p=1358874"},"modified":"2021-05-12T07:51:03","modified_gmt":"2021-05-12T06:51:03","slug":"windenergie-oder-artenschutz-eine-falsche-alternative","status":"publish","type":"post","link":"https:\/\/www.pressenza.com\/de\/2021\/05\/windenergie-oder-artenschutz-eine-falsche-alternative\/","title":{"rendered":"Windenergie oder Artenschutz: Eine falsche Alternative"},"content":{"rendered":"<p><strong>Wie ein unseliger Zielkonflikt konstruktiv gel\u00f6st werden k\u00f6nnte.<\/strong><\/p>\n<p><strong>Auf dem Weg zur Klimaneutralit\u00e4t ist ein schneller Ausbau der Windenergie unverzichtbar. Dieser <\/strong><strong>ist jedoch in den vergangenen Jahren stark eingebrochen. Einer der Gr\u00fcnde f\u00fcr langwierige <\/strong><strong>Genehmigungsverfahren und zunehmende Rechtsunsicherheiten ist der ungel\u00f6ste Zielkonflikt mit<\/strong> <strong>dem berechtigten Interesse des Artenschutzes. Einen Vorschlag zur konstruktiven L\u00f6sung dieses <\/strong><strong>Zielkonflikts hat die Stiftung Klimaneutralit\u00e4t erarbeitet und heute der \u00d6ffentlichkeit vorgestellt.<\/strong><br \/>\n<strong>Rainer Baake, Direktor der Stiftung Klimaneutralit\u00e4t: \u201eWir brauchen bundeseinheitliche fachliche <\/strong><strong>Standards f\u00fcr den Schutz der Vogelbest\u00e4nde und eine punktuelle Reform des Artenschutzrechts, die <\/strong><strong>Unsicherheiten bestehender Regelungen beseitigt. Nur so werden wir sowohl dem Artenschutz als <\/strong><strong>auch dem Klimaschutz gerecht.\u201c<\/strong><\/p>\n<p>In der gegenw\u00e4rtigen Genehmigungspraxis sind die Akteure mit einer Vielzahl uneinheitlicher<br \/>\nRegelungen, L\u00e4nderleitf\u00e4den und Gerichtsurteile zum Artenschutz konfrontiert. Dies f\u00fchrt zur<br \/>\nRechtsunsicherheiten bei Antragstellern und Beh\u00f6rden gleicherma\u00dfen und zu langwierigen<br \/>\nGenehmigungsverfahren. Baake: \u201eWir stellen fest, dass \u00fcber die Interpretation und sachgerechte<br \/>\nAnwendung der gesetzlichen Regelungen in zahlreichen Verfahren vor den Verwaltungsgerichten<br \/>\ngestritten wird. Dies ist einer der wesentlichen Gr\u00fcnde daf\u00fcr, dass der Ausbau der Windenergie in<br \/>\nDeutschland praktisch zum Erliegen gekommen ist.\u201c<\/p>\n<p>Alle Versuche, auf Bundesebene zu abgestimmten und praxistauglichen Festlegungen zu kommen,<br \/>\nsind bislang fruchtlos geblieben. So fehlt bislang eine nachvollziehbare und methodisch konsistente<br \/>\nfachliche Ausarbeitung zur Gef\u00e4hrdung der Vogelbest\u00e4nde durch Windenergieanlagen und davon<br \/>\nabgeleitete Schutzerfordernisse. Die Stiftung Klimaneutralit\u00e4t hat mit einem Artenschutz-<br \/>\nFachgutachten diese L\u00fccke geschlossen.<\/p>\n<p>Konkret schl\u00e4gt die Stiftung Klimaneutralit\u00e4t vor, dass um alle nachgewiesenen Nistpl\u00e4tze von<br \/>\nbesonders durch Vogelschlag gef\u00e4hrdeten Arten ein artspezifischer innerer Schutzabstand gezogen<br \/>\nwird. Zus\u00e4tzlich soll ein artspezifischer \u00e4u\u00dferer Schutzabstand festgelegt werden. Im Gebiet zwischen<br \/>\ninnerem und \u00e4u\u00dferem Schutzabstand sollen Windenergieanlagen artenschutzrechtlich zul\u00e4ssig sein \u2013<br \/>\nallerdings nur, wenn vom Betreiber klar definierte und anerkannte Ma\u00dfnahmen zur Minderung des<br \/>\nKollisionsrisikos ergriffen werden, etwa durch die Schaffung von Ablenkfl\u00e4chen oder den Einsatz<br \/>\ntechnischer Vorrichtungen zur Verhinderung von Vogelschlag. Au\u00dferhalb des \u00e4u\u00dferen<br \/>\nSchutzabstands sollen Windenergieanlagen artenschutzrechtlich immer zul\u00e4ssig sein. Die<br \/>\nartenschutzrechtliche Pr\u00fcfung der Beh\u00f6rden k\u00f6nne sich mithin auf die Einhaltung dieser Vorgaben<br \/>\nbeschr\u00e4nken.<\/p>\n<p>Der Reformvorschlag der Stiftung Klimaneutralit\u00e4t sieht zudem vor, dass zur rechtlichen Absicherung<br \/>\ndieser Vereinfachung f\u00fcr die Zulassung von Windenergieanlagen eine artenschutzrechtliche<br \/>\nAusnahme vom T\u00f6tungsverbot der EU-Vogelschutzrichtlinie gesetzlich geregelt wird, die jedoch bis<br \/>\nzum Erreichen der Klimaneutralit\u00e4t zeitlich befristet und durch Schutzabst\u00e4nde um nachgewiesene<br \/>\nNistpl\u00e4tze eindeutig begrenzt sein m\u00fcsse.<\/p>\n<p>Nach den Vorstellungen der Stiftung Klimaneutralit\u00e4t sollen diese \u00c4nderungen im Artenschutzrecht<br \/>\ndurch ein 100 Millionen Euro schweres Bund-L\u00e4nder Programm zum Schutz von Vogelarten flankiert<br \/>\nwerden, die besonders sensibel auf Windenergieanlagen reagieren.<br \/>\nRainer Baake: \u201eUnser Vorschlag w\u00fcrde dazu beitragen, dass der Ausbau der Windenergie an Land im<br \/>\nnotwendigen Tempo vorankommt und zugleich dem Anliegen des Artenschutzes Rechnung getragen<br \/>\nwird. Klimaneutralit\u00e4t und Artenschutz sind keine Gegens\u00e4tze \u2013 vielmehr ist Klimaschutz eine<br \/>\nentscheidende Voraussetzung f\u00fcr den Erhalt der Lebensgrundlagen, insbesondere von heute bereits<br \/>\ngef\u00e4hrdeten Arten.\u201c<\/p>\n<p>Ein entscheidender Vorteil des Vorschlags liegt nach Baakes Worten darin, dass er Rechtssicherheit<br \/>\nschaffe. \u201eAlle Beteiligten wissen in Zukunft, an welchen Standorten Windenergieanlagen<br \/>\nartenschutzrechtlich entweder zul\u00e4ssig, mit Ma\u00dfnahmen zul\u00e4ssig oder unzul\u00e4ssig sind. Dies wird zu<br \/>\neiner wesentlichen Beschleunigung bei den Genehmigungsverfahren f\u00fchren.\u201c<\/p>\n<p>Als weitere Vorz\u00fcge nennt Baake, dass artenschutzrechtliche Einzelfallpr\u00fcfungen von Ausnahmen<br \/>\ndurch Beh\u00f6rden k\u00fcnftig entfallen k\u00f6nnten und dass europ\u00e4isches Recht eingehalten werde. F\u00fcr den<br \/>\nVorschlag spreche zudem die Kompetenz des Bundes: \u201eDer Bundesgesetzgeber ist nach den<br \/>\nVorschriften des Grundgesetzes zu einer Regelung befugt, die in ganz Deutschland gilt. F\u00fcr das<br \/>\nArtenschutzrecht gibt es im Grundgesetz keine Abweichungskompetenz der L\u00e4nder.\u201c<br \/>\nWeitere Informationen:<\/p>\n<p><span class=\"ml-react-markdown-inline-token ml-react-markdown-token-raw\">Erg\u00e4nzend zum Thema dieser Pressemitteilung stehen auf <\/span><a class=\"ml-react-markdown-inline-token ml-react-markdown-token-link\" href=\"https:\/\/www.stiftung-klima.de\/de\/themen\/energie\/artenschutz-und-windenergie\/\" target=\"_blank\" rel=\"noopener noreferrer\"><span class=\"ml-react-markdown-inline-token ml-react-markdown-token-raw\">https:\/\/www.stiftung-klima.de\/de\/themen\/energie\/artenschutz-und-windenergie\/<\/span><\/a><span class=\"ml-react-markdown-inline-token ml-react-markdown-token-raw\"> folgende Papiere zum Download bereit:<\/span><\/p>\n<ul>\n<li>Ein ausf\u00fchrliches Info-Papier zum Regelungsvorschlag der Stiftung<\/li>\n<li>Fachgutachten erstellt durch Reichenbach und Aussieker, Arbeitsgruppe f\u00fcr regionale Strukturund<br \/>\nUmweltforschung GmbH (ARSU)<\/li>\n<li>Rechtsgutachten durch Scharfenstein und Bringewat, Rechtsanwaltskanzlei von Bredow<\/li>\n<li>Zusammenfassung des Rechtsgutachtens<\/li>\n<li>Foliensatz zum Regelungsvorschlag<\/li>\n<\/ul>\n<p><strong>\u00dcber die Stiftung Klimaneutralit\u00e4t<\/strong><br \/>\nDie Stiftung Klimaneutralit\u00e4t hat im Juli 2020 in Berlin ihre Arbeit aufgenommen. Ihr Ziel ist es, Wege<br \/>\nzur Klimaneutralit\u00e4t aufzuzeigen. Sie entwickelt in enger Kooperation mit anderen Denkfabriken sektor\u00fcbergreifende<br \/>\nStrategien f\u00fcr ein klimagerechtes Deutschland. Auf der Basis von guter Forschung<br \/>\nwill die Stiftung informieren und beraten \u2013 jenseits von Einzelinteressen. www.stiftung-klima.de<\/p>\n<div id=\"emailskopiertclipboardPopupMail\" class=\"emailskopiertHiddenPopup\" style=\"z-index: 1102;\">\n<div id=\"emailskopiertpopupContentToMail\">\n<div id=\"emailskopiertinfoToPopupClipboard\">E-Mail wurde erfolgreich kopiert<\/div>\n<p>&nbsp;<\/p>\n<\/div>\n<\/div>\n<div id=\"emailskopiertclipboardPopupMail\" class=\"emailskopiertHiddenPopup\" style=\"z-index: 1102;\">\n<div id=\"emailskopiertpopupContentToMail\">\n<div id=\"emailskopiertinfoToPopupClipboard\">E-Mail wurde erfolgreich kopiert<\/div>\n<p>&nbsp;<\/p>\n<\/div>\n<\/div>\n<div id=\"emailskopiertclipboardPopupMail\" class=\"emailskopiertHiddenPopup\" style=\"z-index: 1102;\">\n<div id=\"emailskopiertpopupContentToMail\">\n<div id=\"emailskopiertinfoToPopupClipboard\">E-Mail wurde erfolgreich kopiert<\/div>\n<p><textarea id=\"emailskopierttextSelectAreaClipboard\"><\/textarea><\/div>\n<\/div>\n","protected":false},"excerpt":{"rendered":"<p>Wie ein unseliger Zielkonflikt konstruktiv gel\u00f6st werden k\u00f6nnte. Auf dem Weg zur Klimaneutralit\u00e4t ist ein schneller Ausbau der Windenergie unverzichtbar. Dieser ist jedoch in den vergangenen Jahren stark eingebrochen. Einer der Gr\u00fcnde f\u00fcr langwierige Genehmigungsverfahren und zunehmende Rechtsunsicherheiten ist der&hellip;<\/p>\n","protected":false},"author":1095,"featured_media":1358879,"comment_status":"closed","ping_status":"closed","sticky":false,"template":"","format":"standard","meta":{"footnotes":""},"categories":[9157,9145,9169],"tags":[51197,82488,30246,31994],"class_list":["post-1358874","post","type-post","status-publish","format-standard","has-post-thumbnail","hentry","category-oekologie-und-umwelt","category-pressemitteilungen","category-wissenschaft-und-technologie","tag-artenschutz","tag-klimaneutralitaet","tag-klimaschutz","tag-windenergie"],"yoast_head":"<!-- This site is optimized with the Yoast SEO plugin v27.1.1 - https:\/\/yoast.com\/product\/yoast-seo-wordpress\/ -->\n<title>Windenergie oder Artenschutz: Eine falsche Alternative<\/title>\n<meta name=\"description\" content=\"Wie ein unseliger Zielkonflikt konstruktiv gel\u00f6st werden k\u00f6nnte. Auf dem Weg zur Klimaneutralit\u00e4t ist ein schneller Ausbau der Windenergie unverzichtbar.\" \/>\n<meta name=\"robots\" content=\"index, follow, max-snippet:-1, max-image-preview:large, max-video-preview:-1\" \/>\n<link rel=\"canonical\" href=\"https:\/\/www.pressenza.com\/de\/2021\/05\/windenergie-oder-artenschutz-eine-falsche-alternative\/\" \/>\n<meta property=\"og:locale\" content=\"de_DE\" \/>\n<meta property=\"og:type\" content=\"article\" \/>\n<meta property=\"og:title\" content=\"Windenergie oder Artenschutz: Eine falsche Alternative\" \/>\n<meta property=\"og:description\" content=\"Wie ein unseliger Zielkonflikt konstruktiv gel\u00f6st werden k\u00f6nnte. Auf dem Weg zur Klimaneutralit\u00e4t ist ein schneller Ausbau der Windenergie unverzichtbar.\" \/>\n<meta property=\"og:url\" content=\"https:\/\/www.pressenza.com\/de\/2021\/05\/windenergie-oder-artenschutz-eine-falsche-alternative\/\" \/>\n<meta property=\"og:site_name\" content=\"Pressenza\" \/>\n<meta property=\"article:publisher\" content=\"https:\/\/www.facebook.com\/PressenzaItalia\" \/>\n<meta property=\"article:author\" content=\"https:\/\/www.facebook.com\/Pressenza-Deutschland-sterreich-Schweiz-281675388658060\/timeline\/\" \/>\n<meta property=\"article:published_time\" content=\"2021-05-12T06:51:03+00:00\" \/>\n<meta property=\"og:image\" content=\"https:\/\/www.pressenza.com\/wp-content\/uploads\/2021\/05\/WP_Fleschenbach_1.v1.jpg\" \/>\n\t<meta property=\"og:image:width\" content=\"1920\" \/>\n\t<meta property=\"og:image:height\" content=\"1440\" \/>\n\t<meta property=\"og:image:type\" content=\"image\/jpeg\" \/>\n<meta name=\"author\" content=\"Pressenza Berlin\" \/>\n<meta name=\"twitter:card\" content=\"summary_large_image\" \/>\n<meta name=\"twitter:creator\" content=\"@pressenza_ger\" \/>\n<meta name=\"twitter:site\" content=\"@PressenzaIPA\" \/>\n<meta name=\"twitter:label1\" content=\"Verfasst von\" \/>\n\t<meta name=\"twitter:data1\" content=\"Pressenza Berlin\" \/>\n\t<meta name=\"twitter:label2\" content=\"Gesch\u00e4tzte Lesezeit\" \/>\n\t<meta name=\"twitter:data2\" content=\"4\u00a0Minuten\" \/>\n<script type=\"application\/ld+json\" class=\"yoast-schema-graph\">{\"@context\":\"https:\/\/schema.org\",\"@graph\":[{\"@type\":\"Article\",\"@id\":\"https:\/\/www.pressenza.com\/de\/2021\/05\/windenergie-oder-artenschutz-eine-falsche-alternative\/#article\",\"isPartOf\":{\"@id\":\"https:\/\/www.pressenza.com\/de\/2021\/05\/windenergie-oder-artenschutz-eine-falsche-alternative\/\"},\"author\":{\"name\":\"Pressenza Berlin\",\"@id\":\"https:\/\/www.pressenza.com\/de\/#\/schema\/person\/57bb5480943a496a7722b0248e4b658a\"},\"headline\":\"Windenergie oder Artenschutz: Eine falsche Alternative\",\"datePublished\":\"2021-05-12T06:51:03+00:00\",\"mainEntityOfPage\":{\"@id\":\"https:\/\/www.pressenza.com\/de\/2021\/05\/windenergie-oder-artenschutz-eine-falsche-alternative\/\"},\"wordCount\":755,\"publisher\":{\"@id\":\"https:\/\/www.pressenza.com\/de\/#organization\"},\"image\":{\"@id\":\"https:\/\/www.pressenza.com\/de\/2021\/05\/windenergie-oder-artenschutz-eine-falsche-alternative\/#primaryimage\"},\"thumbnailUrl\":\"https:\/\/www.pressenza.com\/wp-content\/uploads\/2021\/05\/WP_Fleschenbach_1.v1.jpg\",\"keywords\":[\"Artenschutz\",\"Klimaneutralit\u00e4t\",\"Klimaschutz\",\"Windenergie\"],\"articleSection\":[\"\u00d6kologie und Umwelt\",\"Pressemitteilungen\",\"Wissenschaft und Technologie\"],\"inLanguage\":\"de\"},{\"@type\":\"WebPage\",\"@id\":\"https:\/\/www.pressenza.com\/de\/2021\/05\/windenergie-oder-artenschutz-eine-falsche-alternative\/\",\"url\":\"https:\/\/www.pressenza.com\/de\/2021\/05\/windenergie-oder-artenschutz-eine-falsche-alternative\/\",\"name\":\"Windenergie oder Artenschutz: Eine falsche Alternative\",\"isPartOf\":{\"@id\":\"https:\/\/www.pressenza.com\/de\/#website\"},\"primaryImageOfPage\":{\"@id\":\"https:\/\/www.pressenza.com\/de\/2021\/05\/windenergie-oder-artenschutz-eine-falsche-alternative\/#primaryimage\"},\"image\":{\"@id\":\"https:\/\/www.pressenza.com\/de\/2021\/05\/windenergie-oder-artenschutz-eine-falsche-alternative\/#primaryimage\"},\"thumbnailUrl\":\"https:\/\/www.pressenza.com\/wp-content\/uploads\/2021\/05\/WP_Fleschenbach_1.v1.jpg\",\"datePublished\":\"2021-05-12T06:51:03+00:00\",\"description\":\"Wie ein unseliger Zielkonflikt konstruktiv gel\u00f6st werden k\u00f6nnte. Auf dem Weg zur Klimaneutralit\u00e4t ist ein schneller Ausbau der Windenergie unverzichtbar.\",\"breadcrumb\":{\"@id\":\"https:\/\/www.pressenza.com\/de\/2021\/05\/windenergie-oder-artenschutz-eine-falsche-alternative\/#breadcrumb\"},\"inLanguage\":\"de\",\"potentialAction\":[{\"@type\":\"ReadAction\",\"target\":[\"https:\/\/www.pressenza.com\/de\/2021\/05\/windenergie-oder-artenschutz-eine-falsche-alternative\/\"]}]},{\"@type\":\"ImageObject\",\"inLanguage\":\"de\",\"@id\":\"https:\/\/www.pressenza.com\/de\/2021\/05\/windenergie-oder-artenschutz-eine-falsche-alternative\/#primaryimage\",\"url\":\"https:\/\/www.pressenza.com\/wp-content\/uploads\/2021\/05\/WP_Fleschenbach_1.v1.jpg\",\"contentUrl\":\"https:\/\/www.pressenza.com\/wp-content\/uploads\/2021\/05\/WP_Fleschenbach_1.v1.jpg\",\"width\":1920,\"height\":1440},{\"@type\":\"BreadcrumbList\",\"@id\":\"https:\/\/www.pressenza.com\/de\/2021\/05\/windenergie-oder-artenschutz-eine-falsche-alternative\/#breadcrumb\",\"itemListElement\":[{\"@type\":\"ListItem\",\"position\":1,\"name\":\"Accueil\",\"item\":\"https:\/\/www.pressenza.com\/de\/\"},{\"@type\":\"ListItem\",\"position\":2,\"name\":\"Windenergie oder Artenschutz: Eine falsche Alternative\"}]},{\"@type\":\"WebSite\",\"@id\":\"https:\/\/www.pressenza.com\/de\/#website\",\"url\":\"https:\/\/www.pressenza.com\/de\/\",\"name\":\"Pressenza\",\"description\":\"International Press Agency\",\"publisher\":{\"@id\":\"https:\/\/www.pressenza.com\/de\/#organization\"},\"potentialAction\":[{\"@type\":\"SearchAction\",\"target\":{\"@type\":\"EntryPoint\",\"urlTemplate\":\"https:\/\/www.pressenza.com\/de\/?s={search_term_string}\"},\"query-input\":{\"@type\":\"PropertyValueSpecification\",\"valueRequired\":true,\"valueName\":\"search_term_string\"}}],\"inLanguage\":\"de\"},{\"@type\":\"Organization\",\"@id\":\"https:\/\/www.pressenza.com\/de\/#organization\",\"name\":\"Pressenza\",\"url\":\"https:\/\/www.pressenza.com\/de\/\",\"logo\":{\"@type\":\"ImageObject\",\"inLanguage\":\"de\",\"@id\":\"https:\/\/www.pressenza.com\/de\/#\/schema\/logo\/image\/\",\"url\":\"https:\/\/www.pressenza.com\/wp-content\/uploads\/2022\/10\/pressenza_logo_200x200.jpg\",\"contentUrl\":\"https:\/\/www.pressenza.com\/wp-content\/uploads\/2022\/10\/pressenza_logo_200x200.jpg\",\"width\":200,\"height\":200,\"caption\":\"Pressenza\"},\"image\":{\"@id\":\"https:\/\/www.pressenza.com\/de\/#\/schema\/logo\/image\/\"},\"sameAs\":[\"https:\/\/www.facebook.com\/PressenzaItalia\",\"https:\/\/x.com\/PressenzaIPA\"]},{\"@type\":\"Person\",\"@id\":\"https:\/\/www.pressenza.com\/de\/#\/schema\/person\/57bb5480943a496a7722b0248e4b658a\",\"name\":\"Pressenza Berlin\",\"description\":\"News from the Pressenza Bureau in Berlin, Germany\",\"sameAs\":[\"https:\/\/www.facebook.com\/Pressenza-Deutschland-sterreich-Schweiz-281675388658060\/timeline\/\",\"https:\/\/x.com\/pressenza_ger\"],\"url\":\"https:\/\/www.pressenza.com\/de\/author\/pressenza-berlin\/\"}]}<\/script>\n<!-- \/ Yoast SEO plugin. -->","yoast_head_json":{"title":"Windenergie oder Artenschutz: Eine falsche Alternative","description":"Wie ein unseliger Zielkonflikt konstruktiv gel\u00f6st werden k\u00f6nnte. Auf dem Weg zur Klimaneutralit\u00e4t ist ein schneller Ausbau der Windenergie unverzichtbar.","robots":{"index":"index","follow":"follow","max-snippet":"max-snippet:-1","max-image-preview":"max-image-preview:large","max-video-preview":"max-video-preview:-1"},"canonical":"https:\/\/www.pressenza.com\/de\/2021\/05\/windenergie-oder-artenschutz-eine-falsche-alternative\/","og_locale":"de_DE","og_type":"article","og_title":"Windenergie oder Artenschutz: Eine falsche Alternative","og_description":"Wie ein unseliger Zielkonflikt konstruktiv gel\u00f6st werden k\u00f6nnte. Auf dem Weg zur Klimaneutralit\u00e4t ist ein schneller Ausbau der Windenergie unverzichtbar.","og_url":"https:\/\/www.pressenza.com\/de\/2021\/05\/windenergie-oder-artenschutz-eine-falsche-alternative\/","og_site_name":"Pressenza","article_publisher":"https:\/\/www.facebook.com\/PressenzaItalia","article_author":"https:\/\/www.facebook.com\/Pressenza-Deutschland-sterreich-Schweiz-281675388658060\/timeline\/","article_published_time":"2021-05-12T06:51:03+00:00","og_image":[{"width":1920,"height":1440,"url":"https:\/\/www.pressenza.com\/wp-content\/uploads\/2021\/05\/WP_Fleschenbach_1.v1.jpg","type":"image\/jpeg"}],"author":"Pressenza Berlin","twitter_card":"summary_large_image","twitter_creator":"@pressenza_ger","twitter_site":"@PressenzaIPA","twitter_misc":{"Verfasst von":"Pressenza Berlin","Gesch\u00e4tzte Lesezeit":"4\u00a0Minuten"},"schema":{"@context":"https:\/\/schema.org","@graph":[{"@type":"Article","@id":"https:\/\/www.pressenza.com\/de\/2021\/05\/windenergie-oder-artenschutz-eine-falsche-alternative\/#article","isPartOf":{"@id":"https:\/\/www.pressenza.com\/de\/2021\/05\/windenergie-oder-artenschutz-eine-falsche-alternative\/"},"author":{"name":"Pressenza Berlin","@id":"https:\/\/www.pressenza.com\/de\/#\/schema\/person\/57bb5480943a496a7722b0248e4b658a"},"headline":"Windenergie oder Artenschutz: Eine falsche Alternative","datePublished":"2021-05-12T06:51:03+00:00","mainEntityOfPage":{"@id":"https:\/\/www.pressenza.com\/de\/2021\/05\/windenergie-oder-artenschutz-eine-falsche-alternative\/"},"wordCount":755,"publisher":{"@id":"https:\/\/www.pressenza.com\/de\/#organization"},"image":{"@id":"https:\/\/www.pressenza.com\/de\/2021\/05\/windenergie-oder-artenschutz-eine-falsche-alternative\/#primaryimage"},"thumbnailUrl":"https:\/\/www.pressenza.com\/wp-content\/uploads\/2021\/05\/WP_Fleschenbach_1.v1.jpg","keywords":["Artenschutz","Klimaneutralit\u00e4t","Klimaschutz","Windenergie"],"articleSection":["\u00d6kologie und Umwelt","Pressemitteilungen","Wissenschaft und Technologie"],"inLanguage":"de"},{"@type":"WebPage","@id":"https:\/\/www.pressenza.com\/de\/2021\/05\/windenergie-oder-artenschutz-eine-falsche-alternative\/","url":"https:\/\/www.pressenza.com\/de\/2021\/05\/windenergie-oder-artenschutz-eine-falsche-alternative\/","name":"Windenergie oder Artenschutz: Eine falsche Alternative","isPartOf":{"@id":"https:\/\/www.pressenza.com\/de\/#website"},"primaryImageOfPage":{"@id":"https:\/\/www.pressenza.com\/de\/2021\/05\/windenergie-oder-artenschutz-eine-falsche-alternative\/#primaryimage"},"image":{"@id":"https:\/\/www.pressenza.com\/de\/2021\/05\/windenergie-oder-artenschutz-eine-falsche-alternative\/#primaryimage"},"thumbnailUrl":"https:\/\/www.pressenza.com\/wp-content\/uploads\/2021\/05\/WP_Fleschenbach_1.v1.jpg","datePublished":"2021-05-12T06:51:03+00:00","description":"Wie ein unseliger Zielkonflikt konstruktiv gel\u00f6st werden k\u00f6nnte. Auf dem Weg zur Klimaneutralit\u00e4t ist ein schneller Ausbau der Windenergie unverzichtbar.","breadcrumb":{"@id":"https:\/\/www.pressenza.com\/de\/2021\/05\/windenergie-oder-artenschutz-eine-falsche-alternative\/#breadcrumb"},"inLanguage":"de","potentialAction":[{"@type":"ReadAction","target":["https:\/\/www.pressenza.com\/de\/2021\/05\/windenergie-oder-artenschutz-eine-falsche-alternative\/"]}]},{"@type":"ImageObject","inLanguage":"de","@id":"https:\/\/www.pressenza.com\/de\/2021\/05\/windenergie-oder-artenschutz-eine-falsche-alternative\/#primaryimage","url":"https:\/\/www.pressenza.com\/wp-content\/uploads\/2021\/05\/WP_Fleschenbach_1.v1.jpg","contentUrl":"https:\/\/www.pressenza.com\/wp-content\/uploads\/2021\/05\/WP_Fleschenbach_1.v1.jpg","width":1920,"height":1440},{"@type":"BreadcrumbList","@id":"https:\/\/www.pressenza.com\/de\/2021\/05\/windenergie-oder-artenschutz-eine-falsche-alternative\/#breadcrumb","itemListElement":[{"@type":"ListItem","position":1,"name":"Accueil","item":"https:\/\/www.pressenza.com\/de\/"},{"@type":"ListItem","position":2,"name":"Windenergie oder Artenschutz: Eine falsche Alternative"}]},{"@type":"WebSite","@id":"https:\/\/www.pressenza.com\/de\/#website","url":"https:\/\/www.pressenza.com\/de\/","name":"Pressenza","description":"International Press Agency","publisher":{"@id":"https:\/\/www.pressenza.com\/de\/#organization"},"potentialAction":[{"@type":"SearchAction","target":{"@type":"EntryPoint","urlTemplate":"https:\/\/www.pressenza.com\/de\/?s={search_term_string}"},"query-input":{"@type":"PropertyValueSpecification","valueRequired":true,"valueName":"search_term_string"}}],"inLanguage":"de"},{"@type":"Organization","@id":"https:\/\/www.pressenza.com\/de\/#organization","name":"Pressenza","url":"https:\/\/www.pressenza.com\/de\/","logo":{"@type":"ImageObject","inLanguage":"de","@id":"https:\/\/www.pressenza.com\/de\/#\/schema\/logo\/image\/","url":"https:\/\/www.pressenza.com\/wp-content\/uploads\/2022\/10\/pressenza_logo_200x200.jpg","contentUrl":"https:\/\/www.pressenza.com\/wp-content\/uploads\/2022\/10\/pressenza_logo_200x200.jpg","width":200,"height":200,"caption":"Pressenza"},"image":{"@id":"https:\/\/www.pressenza.com\/de\/#\/schema\/logo\/image\/"},"sameAs":["https:\/\/www.facebook.com\/PressenzaItalia","https:\/\/x.com\/PressenzaIPA"]},{"@type":"Person","@id":"https:\/\/www.pressenza.com\/de\/#\/schema\/person\/57bb5480943a496a7722b0248e4b658a","name":"Pressenza Berlin","description":"News from the Pressenza Bureau in Berlin, Germany","sameAs":["https:\/\/www.facebook.com\/Pressenza-Deutschland-sterreich-Schweiz-281675388658060\/timeline\/","https:\/\/x.com\/pressenza_ger"],"url":"https:\/\/www.pressenza.com\/de\/author\/pressenza-berlin\/"}]}},"place":"Stiftung Klimaneutralit\u00e4t","original_article_url":"","_links":{"self":[{"href":"https:\/\/www.pressenza.com\/de\/wp-json\/wp\/v2\/posts\/1358874","targetHints":{"allow":["GET"]}}],"collection":[{"href":"https:\/\/www.pressenza.com\/de\/wp-json\/wp\/v2\/posts"}],"about":[{"href":"https:\/\/www.pressenza.com\/de\/wp-json\/wp\/v2\/types\/post"}],"author":[{"embeddable":true,"href":"https:\/\/www.pressenza.com\/de\/wp-json\/wp\/v2\/users\/1095"}],"replies":[{"embeddable":true,"href":"https:\/\/www.pressenza.com\/de\/wp-json\/wp\/v2\/comments?post=1358874"}],"version-history":[{"count":0,"href":"https:\/\/www.pressenza.com\/de\/wp-json\/wp\/v2\/posts\/1358874\/revisions"}],"wp:featuredmedia":[{"embeddable":true,"href":"https:\/\/www.pressenza.com\/de\/wp-json\/wp\/v2\/media\/1358879"}],"wp:attachment":[{"href":"https:\/\/www.pressenza.com\/de\/wp-json\/wp\/v2\/media?parent=1358874"}],"wp:term":[{"taxonomy":"category","embeddable":true,"href":"https:\/\/www.pressenza.com\/de\/wp-json\/wp\/v2\/categories?post=1358874"},{"taxonomy":"post_tag","embeddable":true,"href":"https:\/\/www.pressenza.com\/de\/wp-json\/wp\/v2\/tags?post=1358874"}],"curies":[{"name":"wp","href":"https:\/\/api.w.org\/{rel}","templated":true}]}}