{"id":1357779,"date":"2021-05-09T15:12:18","date_gmt":"2021-05-09T14:12:18","guid":{"rendered":"https:\/\/www.pressenza.com\/?p=1357779"},"modified":"2022-02-28T15:30:15","modified_gmt":"2022-02-28T15:30:15","slug":"pressefreiheit-im-wandel-der-zeit","status":"publish","type":"post","link":"https:\/\/www.pressenza.com\/de\/2021\/05\/pressefreiheit-im-wandel-der-zeit\/","title":{"rendered":"Pressefreiheit im Wandel der Zeit"},"content":{"rendered":"<p><strong>Der 3. Mai ist der Internationale Tag der Pressefreiheit. An diesem Tag erinnern wir uns daran, dass an vielen Orten der Welt die Pressefreiheit verletzt, Journalisten ermordet oder eingesch\u00fcchtert sowie die kritische Presse ausgegrenzt oder stark angegriffen werden.<\/strong><\/p>\n<p>Dies ist ein absolut notwendiger und wichtiger Anlass. Wir fragen uns jedoch: Wie ist es m\u00f6glich, dass er im Jahr 2021 \u00fcberhaupt noch existiert? Wie kann es sein, dass die Medien ihren Informations- und Kritikauftrag \u2013 als &#8222;vierte Gewalt&#8220; \u2013 nicht wahrnehmen k\u00f6nnen?<\/p>\n<p>An diesem Tag m\u00f6chte ich aber noch einen anderen Aspekt hervorheben, der den Kampf um die Pressefreiheit noch bedeutsamer und dringlicher macht.<\/p>\n<p>Ich will es kurz machen: Seit wir in der modernen Welt von Journalismus sprechen, hat sich der Zugang zu Informationen durch die M\u00f6glichkeiten der Telematik und des Internets, insbesondere des Webs, exponentiell vergr\u00f6\u00dfert.<\/p>\n<p>Diese Liberalisierung von Nachrichten und Informationen ist ein Ph\u00e4nomen, das wir wahrscheinlich noch nicht ganz verstehen.<\/p>\n<p>Was sich auf jeden Fall radikal ver\u00e4ndert hat, ist die Verl\u00e4sslichkeit der Nachrichten: Die Technologie erm\u00f6glicht es uns, Nachrichten mit einer erstaunlichen Geschwindigkeit und an ein gro\u00dfes Publikum zu verbreiten, aber sie kann nicht die Verl\u00e4sslichkeit und den Wahrheitsgehalt der Nachrichten selbst gew\u00e4hrleisten.<\/p>\n<p>Es ist ein akademisch sehr umstrittenes Thema, aber vor allem ist es ein Thema, das alle betrifft: diejenigen, die im Bereich der Informationen arbeiten und diejenigen, die sie nutzen, sowie Medienredakteur:inne, Verb\u00e4nde, Parteien oder Einrichtungen, die Informationen verwenden oder herstellen.<\/p>\n<p>Normalerweise sprechen wir von &#8222;Fake News&#8220;, aber dieser Begriff ist absolut irref\u00fchrend und wird immer h\u00e4ufiger missbraucht, vor allem um die Arbeit anderer zu diskreditieren.<\/p>\n<p>Bevor einer Nachricht eine politische, ideologische, berufliche oder wie auch immer geartete Bedeutung beigemessen wird, sollte ein:e sorgf\u00e4ltige:r Journalist:in diese Nachricht verifizieren. Nun, diese Aufgabe scheitert.<\/p>\n<p>Die Frage ist: Scheitert sie aufgrund von Missgunst, schlechten Arbeitsbedingungen oder aus anderen Gr\u00fcnden? Und, zweitens, wie viel von diesem Versagen hat mit dem Wachstum von Propaganda zu tun?<\/p>\n<p>Wir alle \u2013 das Team von Pressenza \u2013 haben bei mehreren Gelegenheiten falsche, ungenaue oder unvollst\u00e4ndige Informationen gegeben und unsere Leser:innen haben uns darauf hingewiesen, manchmal freundlich und manchmal ein wenig w\u00fctend. Wir haben uns daf\u00fcr bedankt und die \u00c4rmel hochgekrempelt. Es kann passieren, dass man einer bestimmten Quelle zu sehr vertraut, dass man mit einer bestimmten Situation sympathisiert, dass man es ungeheuer eilig hat, dass man als Erste:r dar\u00fcber etwas berichtet.<\/p>\n<p>All diese Motivationen k\u00f6nnen uns in die Irre f\u00fchren und dazu bringen, dass wir in gutem Glauben Fehler machen, auch wenn Fehler uns lehren sollten, vorsichtiger zu sein, die &#8222;freundlichen&#8220; Quellen ebenso zu \u00fcberpr\u00fcfen, wie die anderen und zu erkennen, dass Eile oft ein schlechter Ratgeber ist, was Kompetenz und Wahrheit angeht.<\/p>\n<p>Doch leider sind wir nicht Zeuge von Fehlschl\u00fcssen \u00fcber den Tanz, sondern von einer Art der Interpretation des Tanzes, die weit davon entfernt ist, echte Information zu sein, ja, sie \u00e4hnelt immer mehr einer Propaganda.<\/p>\n<p>Ich meine: Sagen wir, Sie sehen die Fernsehnachrichten; die Ausgabe endet und ein bisschen Werbung beginnt. Sie werden den Unterschied zwischen Information und Propaganda bemerken. Gegen die Propaganda selbst ist nichts einzuwenden: Jemand will ein Produkt verkaufen, eine Partei w\u00e4hlen, Sie zu einem Konzert mitnehmen. Solange die Propaganda in einem ordentlichen Rahmen stattfindet, ist daran nichts auszusetzen: Niemand glaubt der Werbung blind, auch nicht dem, was Politiker auf den Wahlveranstaltungen sagen.<\/p>\n<p>Das Problem, das wir im Moment haben, ist, dass die Propaganda in den Informationsprogrammen meist unbemerkt stattfindet.<\/p>\n<p>Wir wissen, dass die Medien ihren eigenen Standpunkt haben, sie haben eine redaktionelle Linie mit Menschen und Unternehmen, die sie auf unterschiedliche Weise unterst\u00fctzen. Das sollte klar sein, wenn ich eine Ver\u00f6ffentlichung eines Redakteurs\/einer Redakteurin oder einen ausf\u00fchrlichen Leitartikel lese. Es ist auch klar, dass man nicht \u00fcber alles berichten kann. Aber wenn die Berichterstattung bestimmte Wege einschl\u00e4gt, kann man meiner Meinung nach nicht mehr von Information, sondern von Propaganda sprechen.<\/p>\n<p>Wir erleben, dass ganze Kontinente in den Nachrichtenberichten fehlen, dass eine bestimmte Art von Nachrichten bewusst herausgeschnitten wird, zum Beispiel Multikulturalit\u00e4t, Solidarit\u00e4t, Menschenrechte und der Status der Ausgesto\u00dfenen.<\/p>\n<p>Und das liegt nicht an der Irrelevanz der Nachrichten. Hier ein Beispiel, das mir besonders am Herzen liegt: Wissen Sie, wie viele Menschen im Durchschnitt jeden Tag verhungern \u2013 laut der <strong>Ern\u00e4hrungs- und Landwirtschaftsorganisation der Vereinten Nationen <\/strong>und den wichtigsten internationalen Vereinigungen, die gegen dieses schreckliche Problem k\u00e4mpfen? Es sind f\u00fcnfzehntausend. Wir haben die Corona-Pandemie korrekt als Notfall bezeichnet, aber im letzten Jahr sind kaum mehr als f\u00fcnfzehntausend Menschen tagt\u00e4glich an COVID gestorben. Was ist also die &#8222;wichtigste&#8220; Nachricht?<\/p>\n<p>Trotzdem bekommt der Hunger \u2013 ein leichter zu bew\u00e4ltigendes Thema \u2013 nicht die gleiche Aufmerksamkeit wie die Pandemie; und Journalisten, die dar\u00fcber schreiben, sind sehr wenige. Wir erkl\u00e4ren den Hunger zum Notfall Nummer eins und richten unsere Agenda darauf aus. Auf eine mediale und politische Art und Weise. Und wenn jemand sagt, dass arme Menschen keine Rolle spielen, kein Geld bewegen und nicht w\u00e4hlen, dann wird definitiv Heuchelei offenbart.<\/p>\n<p>In Anbetracht dessen sollten wir \u00fcber den informativen und erzieherischen Wert der Medien und ihre N\u00fctzlichkeit f\u00fcr den sozialen Fortschritt nachdenken. Das ist ein weiterer Grund, warum wir uns am <a href=\"https:\/\/www.pressenza.com\/it\/2021\/04\/giornata-nazionale-dellinformazione-costruttiva\/\" target=\"_blank\" rel=\"noopener\">nationalen Tag der konstruktiven Information<\/a> beteiligen.<\/p>\n<blockquote><p><em><strong>\u00dcberlassen wir die Propaganda den Werbern und besch\u00e4ftigen uns weiter mit Information, Kritik, Aufkl\u00e4rung und der Gestaltung einer besseren Zukunft. Nicht nur am Tag der Pressefreiheit \u2013 jeden Tag.<\/strong><\/em><\/p><\/blockquote>\n<p><strong><em>Die \u00dcbersetzung aus dem Englischen wurde von Anita K\u00f6bler <\/em><em>vom ehrenamtlichen Pressenza-\u00dcbersetzungsteam erstellt. <a href=\"https:\/\/www.pressenza.com\/de\/mitarbeiten\/\" target=\"_blank\" rel=\"noopener\">Wir suchen Freiwillige!<\/a><\/em><\/strong><\/p>\n","protected":false},"excerpt":{"rendered":"<p>Der 3. Mai ist der Internationale Tag der Pressefreiheit. An diesem Tag erinnern wir uns daran, dass an vielen Orten der Welt die Pressefreiheit verletzt, Journalisten ermordet oder eingesch\u00fcchtert sowie die kritische Presse ausgegrenzt oder stark angegriffen werden. Dies ist&hellip;<\/p>\n","protected":false},"author":10,"featured_media":534872,"comment_status":"closed","ping_status":"closed","sticky":false,"template":"","format":"standard","meta":{"footnotes":""},"categories":[7835,9156,9143,9161,11387],"tags":[90780,75703,37058,10332,11932],"class_list":["post-1357779","post","type-post","status-publish","format-standard","has-post-thumbnail","hentry","category-international-de","category-kultur-und-medien","category-meinungen","category-menschenrechte","category-originalinhalt","tag-3-mai","tag-fake-news-de","tag-internationaler-tag-der-pressefreiheit","tag-pressefreiheit","tag-propaganda-de"],"yoast_head":"<!-- This site is optimized with the Yoast SEO plugin v27.1.1 - https:\/\/yoast.com\/product\/yoast-seo-wordpress\/ -->\n<title>Pressefreiheit im Wandel der Zeit<\/title>\n<meta name=\"description\" content=\"Der 3. Mai ist der Internationale Tag der Pressefreiheit. An diesem Tag erinnern wir uns daran, dass an vielen Orten der Welt die Pressefreiheit verletzt,\" \/>\n<meta name=\"robots\" content=\"index, follow, max-snippet:-1, max-image-preview:large, max-video-preview:-1\" \/>\n<link rel=\"canonical\" href=\"https:\/\/www.pressenza.com\/de\/2021\/05\/pressefreiheit-im-wandel-der-zeit\/\" \/>\n<meta property=\"og:locale\" content=\"de_DE\" \/>\n<meta property=\"og:type\" content=\"article\" \/>\n<meta property=\"og:title\" content=\"Pressefreiheit im Wandel der Zeit\" \/>\n<meta property=\"og:description\" content=\"Der 3. Mai ist der Internationale Tag der Pressefreiheit. An diesem Tag erinnern wir uns daran, dass an vielen Orten der Welt die Pressefreiheit verletzt,\" \/>\n<meta property=\"og:url\" content=\"https:\/\/www.pressenza.com\/de\/2021\/05\/pressefreiheit-im-wandel-der-zeit\/\" \/>\n<meta property=\"og:site_name\" content=\"Pressenza\" \/>\n<meta property=\"article:publisher\" content=\"https:\/\/www.facebook.com\/PressenzaItalia\" \/>\n<meta property=\"article:published_time\" content=\"2021-05-09T14:12:18+00:00\" \/>\n<meta property=\"article:modified_time\" content=\"2022-02-28T15:30:15+00:00\" \/>\n<meta property=\"og:image\" content=\"https:\/\/www.pressenza.com\/wp-content\/uploads\/2017\/10\/fake-190982.jpg\" \/>\n\t<meta property=\"og:image:width\" content=\"1280\" \/>\n\t<meta property=\"og:image:height\" content=\"876\" \/>\n\t<meta property=\"og:image:type\" content=\"image\/jpeg\" \/>\n<meta name=\"author\" content=\"Olivier Turquet\" \/>\n<meta name=\"twitter:card\" content=\"summary_large_image\" \/>\n<meta name=\"twitter:creator\" content=\"@PressenzaIPA\" \/>\n<meta name=\"twitter:site\" content=\"@PressenzaIPA\" \/>\n<meta name=\"twitter:label1\" content=\"Verfasst von\" \/>\n\t<meta name=\"twitter:data1\" content=\"Olivier Turquet\" \/>\n\t<meta name=\"twitter:label2\" content=\"Gesch\u00e4tzte Lesezeit\" \/>\n\t<meta name=\"twitter:data2\" content=\"5\u00a0Minuten\" \/>\n<script type=\"application\/ld+json\" class=\"yoast-schema-graph\">{\"@context\":\"https:\/\/schema.org\",\"@graph\":[{\"@type\":\"Article\",\"@id\":\"https:\/\/www.pressenza.com\/de\/2021\/05\/pressefreiheit-im-wandel-der-zeit\/#article\",\"isPartOf\":{\"@id\":\"https:\/\/www.pressenza.com\/de\/2021\/05\/pressefreiheit-im-wandel-der-zeit\/\"},\"author\":{\"name\":\"Olivier Turquet\",\"@id\":\"https:\/\/www.pressenza.com\/de\/#\/schema\/person\/636f8feb51f63f34e7378d5fcdd1de53\"},\"headline\":\"Pressefreiheit im Wandel der Zeit\",\"datePublished\":\"2021-05-09T14:12:18+00:00\",\"dateModified\":\"2022-02-28T15:30:15+00:00\",\"mainEntityOfPage\":{\"@id\":\"https:\/\/www.pressenza.com\/de\/2021\/05\/pressefreiheit-im-wandel-der-zeit\/\"},\"wordCount\":941,\"publisher\":{\"@id\":\"https:\/\/www.pressenza.com\/de\/#organization\"},\"image\":{\"@id\":\"https:\/\/www.pressenza.com\/de\/2021\/05\/pressefreiheit-im-wandel-der-zeit\/#primaryimage\"},\"thumbnailUrl\":\"https:\/\/www.pressenza.com\/wp-content\/uploads\/2017\/10\/fake-190982.jpg\",\"keywords\":[\"3. Mai\",\"fake news\",\"Internationaler Tag der Pressefreiheit\",\"Pressefreiheit\",\"Propaganda\"],\"articleSection\":[\"International\",\"Kultur und Medien\",\"Meinungen\",\"Menschenrechte\",\"Originalinhalt\"],\"inLanguage\":\"de\"},{\"@type\":\"WebPage\",\"@id\":\"https:\/\/www.pressenza.com\/de\/2021\/05\/pressefreiheit-im-wandel-der-zeit\/\",\"url\":\"https:\/\/www.pressenza.com\/de\/2021\/05\/pressefreiheit-im-wandel-der-zeit\/\",\"name\":\"Pressefreiheit im Wandel der Zeit\",\"isPartOf\":{\"@id\":\"https:\/\/www.pressenza.com\/de\/#website\"},\"primaryImageOfPage\":{\"@id\":\"https:\/\/www.pressenza.com\/de\/2021\/05\/pressefreiheit-im-wandel-der-zeit\/#primaryimage\"},\"image\":{\"@id\":\"https:\/\/www.pressenza.com\/de\/2021\/05\/pressefreiheit-im-wandel-der-zeit\/#primaryimage\"},\"thumbnailUrl\":\"https:\/\/www.pressenza.com\/wp-content\/uploads\/2017\/10\/fake-190982.jpg\",\"datePublished\":\"2021-05-09T14:12:18+00:00\",\"dateModified\":\"2022-02-28T15:30:15+00:00\",\"description\":\"Der 3. Mai ist der Internationale Tag der Pressefreiheit. An diesem Tag erinnern wir uns daran, dass an vielen Orten der Welt die Pressefreiheit verletzt,\",\"breadcrumb\":{\"@id\":\"https:\/\/www.pressenza.com\/de\/2021\/05\/pressefreiheit-im-wandel-der-zeit\/#breadcrumb\"},\"inLanguage\":\"de\",\"potentialAction\":[{\"@type\":\"ReadAction\",\"target\":[\"https:\/\/www.pressenza.com\/de\/2021\/05\/pressefreiheit-im-wandel-der-zeit\/\"]}]},{\"@type\":\"ImageObject\",\"inLanguage\":\"de\",\"@id\":\"https:\/\/www.pressenza.com\/de\/2021\/05\/pressefreiheit-im-wandel-der-zeit\/#primaryimage\",\"url\":\"https:\/\/www.pressenza.com\/wp-content\/uploads\/2017\/10\/fake-190982.jpg\",\"contentUrl\":\"https:\/\/www.pressenza.com\/wp-content\/uploads\/2017\/10\/fake-190982.jpg\",\"width\":1280,\"height\":876},{\"@type\":\"BreadcrumbList\",\"@id\":\"https:\/\/www.pressenza.com\/de\/2021\/05\/pressefreiheit-im-wandel-der-zeit\/#breadcrumb\",\"itemListElement\":[{\"@type\":\"ListItem\",\"position\":1,\"name\":\"Accueil\",\"item\":\"https:\/\/www.pressenza.com\/de\/\"},{\"@type\":\"ListItem\",\"position\":2,\"name\":\"Pressefreiheit im Wandel der Zeit\"}]},{\"@type\":\"WebSite\",\"@id\":\"https:\/\/www.pressenza.com\/de\/#website\",\"url\":\"https:\/\/www.pressenza.com\/de\/\",\"name\":\"Pressenza\",\"description\":\"International Press Agency\",\"publisher\":{\"@id\":\"https:\/\/www.pressenza.com\/de\/#organization\"},\"potentialAction\":[{\"@type\":\"SearchAction\",\"target\":{\"@type\":\"EntryPoint\",\"urlTemplate\":\"https:\/\/www.pressenza.com\/de\/?s={search_term_string}\"},\"query-input\":{\"@type\":\"PropertyValueSpecification\",\"valueRequired\":true,\"valueName\":\"search_term_string\"}}],\"inLanguage\":\"de\"},{\"@type\":\"Organization\",\"@id\":\"https:\/\/www.pressenza.com\/de\/#organization\",\"name\":\"Pressenza\",\"url\":\"https:\/\/www.pressenza.com\/de\/\",\"logo\":{\"@type\":\"ImageObject\",\"inLanguage\":\"de\",\"@id\":\"https:\/\/www.pressenza.com\/de\/#\/schema\/logo\/image\/\",\"url\":\"https:\/\/www.pressenza.com\/wp-content\/uploads\/2022\/10\/pressenza_logo_200x200.jpg\",\"contentUrl\":\"https:\/\/www.pressenza.com\/wp-content\/uploads\/2022\/10\/pressenza_logo_200x200.jpg\",\"width\":200,\"height\":200,\"caption\":\"Pressenza\"},\"image\":{\"@id\":\"https:\/\/www.pressenza.com\/de\/#\/schema\/logo\/image\/\"},\"sameAs\":[\"https:\/\/www.facebook.com\/PressenzaItalia\",\"https:\/\/x.com\/PressenzaIPA\"]},{\"@type\":\"Person\",\"@id\":\"https:\/\/www.pressenza.com\/de\/#\/schema\/person\/636f8feb51f63f34e7378d5fcdd1de53\",\"name\":\"Olivier Turquet\",\"description\":\"Takes care of writing to tell the reality for about 40 years. He has worked with paper publications, radio and electronic He founded the electronic news agency humanist Good News. He was press secretary to various events such as: the International Humanist, Florence Play, the World March for Peace and Nonviolence. Currently coordinates the Italian team of Pressenza. olivierturquet.wordpress.com\",\"sameAs\":[\"http:\/\/olivierturquet.wordpress.com\"],\"url\":\"https:\/\/www.pressenza.com\/de\/author\/olivier-turquet\/\"}]}<\/script>\n<!-- \/ Yoast SEO plugin. -->","yoast_head_json":{"title":"Pressefreiheit im Wandel der Zeit","description":"Der 3. Mai ist der Internationale Tag der Pressefreiheit. An diesem Tag erinnern wir uns daran, dass an vielen Orten der Welt die Pressefreiheit verletzt,","robots":{"index":"index","follow":"follow","max-snippet":"max-snippet:-1","max-image-preview":"max-image-preview:large","max-video-preview":"max-video-preview:-1"},"canonical":"https:\/\/www.pressenza.com\/de\/2021\/05\/pressefreiheit-im-wandel-der-zeit\/","og_locale":"de_DE","og_type":"article","og_title":"Pressefreiheit im Wandel der Zeit","og_description":"Der 3. Mai ist der Internationale Tag der Pressefreiheit. An diesem Tag erinnern wir uns daran, dass an vielen Orten der Welt die Pressefreiheit verletzt,","og_url":"https:\/\/www.pressenza.com\/de\/2021\/05\/pressefreiheit-im-wandel-der-zeit\/","og_site_name":"Pressenza","article_publisher":"https:\/\/www.facebook.com\/PressenzaItalia","article_published_time":"2021-05-09T14:12:18+00:00","article_modified_time":"2022-02-28T15:30:15+00:00","og_image":[{"width":1280,"height":876,"url":"https:\/\/www.pressenza.com\/wp-content\/uploads\/2017\/10\/fake-190982.jpg","type":"image\/jpeg"}],"author":"Olivier Turquet","twitter_card":"summary_large_image","twitter_creator":"@PressenzaIPA","twitter_site":"@PressenzaIPA","twitter_misc":{"Verfasst von":"Olivier Turquet","Gesch\u00e4tzte Lesezeit":"5\u00a0Minuten"},"schema":{"@context":"https:\/\/schema.org","@graph":[{"@type":"Article","@id":"https:\/\/www.pressenza.com\/de\/2021\/05\/pressefreiheit-im-wandel-der-zeit\/#article","isPartOf":{"@id":"https:\/\/www.pressenza.com\/de\/2021\/05\/pressefreiheit-im-wandel-der-zeit\/"},"author":{"name":"Olivier Turquet","@id":"https:\/\/www.pressenza.com\/de\/#\/schema\/person\/636f8feb51f63f34e7378d5fcdd1de53"},"headline":"Pressefreiheit im Wandel der Zeit","datePublished":"2021-05-09T14:12:18+00:00","dateModified":"2022-02-28T15:30:15+00:00","mainEntityOfPage":{"@id":"https:\/\/www.pressenza.com\/de\/2021\/05\/pressefreiheit-im-wandel-der-zeit\/"},"wordCount":941,"publisher":{"@id":"https:\/\/www.pressenza.com\/de\/#organization"},"image":{"@id":"https:\/\/www.pressenza.com\/de\/2021\/05\/pressefreiheit-im-wandel-der-zeit\/#primaryimage"},"thumbnailUrl":"https:\/\/www.pressenza.com\/wp-content\/uploads\/2017\/10\/fake-190982.jpg","keywords":["3. Mai","fake news","Internationaler Tag der Pressefreiheit","Pressefreiheit","Propaganda"],"articleSection":["International","Kultur und Medien","Meinungen","Menschenrechte","Originalinhalt"],"inLanguage":"de"},{"@type":"WebPage","@id":"https:\/\/www.pressenza.com\/de\/2021\/05\/pressefreiheit-im-wandel-der-zeit\/","url":"https:\/\/www.pressenza.com\/de\/2021\/05\/pressefreiheit-im-wandel-der-zeit\/","name":"Pressefreiheit im Wandel der Zeit","isPartOf":{"@id":"https:\/\/www.pressenza.com\/de\/#website"},"primaryImageOfPage":{"@id":"https:\/\/www.pressenza.com\/de\/2021\/05\/pressefreiheit-im-wandel-der-zeit\/#primaryimage"},"image":{"@id":"https:\/\/www.pressenza.com\/de\/2021\/05\/pressefreiheit-im-wandel-der-zeit\/#primaryimage"},"thumbnailUrl":"https:\/\/www.pressenza.com\/wp-content\/uploads\/2017\/10\/fake-190982.jpg","datePublished":"2021-05-09T14:12:18+00:00","dateModified":"2022-02-28T15:30:15+00:00","description":"Der 3. Mai ist der Internationale Tag der Pressefreiheit. An diesem Tag erinnern wir uns daran, dass an vielen Orten der Welt die Pressefreiheit verletzt,","breadcrumb":{"@id":"https:\/\/www.pressenza.com\/de\/2021\/05\/pressefreiheit-im-wandel-der-zeit\/#breadcrumb"},"inLanguage":"de","potentialAction":[{"@type":"ReadAction","target":["https:\/\/www.pressenza.com\/de\/2021\/05\/pressefreiheit-im-wandel-der-zeit\/"]}]},{"@type":"ImageObject","inLanguage":"de","@id":"https:\/\/www.pressenza.com\/de\/2021\/05\/pressefreiheit-im-wandel-der-zeit\/#primaryimage","url":"https:\/\/www.pressenza.com\/wp-content\/uploads\/2017\/10\/fake-190982.jpg","contentUrl":"https:\/\/www.pressenza.com\/wp-content\/uploads\/2017\/10\/fake-190982.jpg","width":1280,"height":876},{"@type":"BreadcrumbList","@id":"https:\/\/www.pressenza.com\/de\/2021\/05\/pressefreiheit-im-wandel-der-zeit\/#breadcrumb","itemListElement":[{"@type":"ListItem","position":1,"name":"Accueil","item":"https:\/\/www.pressenza.com\/de\/"},{"@type":"ListItem","position":2,"name":"Pressefreiheit im Wandel der Zeit"}]},{"@type":"WebSite","@id":"https:\/\/www.pressenza.com\/de\/#website","url":"https:\/\/www.pressenza.com\/de\/","name":"Pressenza","description":"International Press Agency","publisher":{"@id":"https:\/\/www.pressenza.com\/de\/#organization"},"potentialAction":[{"@type":"SearchAction","target":{"@type":"EntryPoint","urlTemplate":"https:\/\/www.pressenza.com\/de\/?s={search_term_string}"},"query-input":{"@type":"PropertyValueSpecification","valueRequired":true,"valueName":"search_term_string"}}],"inLanguage":"de"},{"@type":"Organization","@id":"https:\/\/www.pressenza.com\/de\/#organization","name":"Pressenza","url":"https:\/\/www.pressenza.com\/de\/","logo":{"@type":"ImageObject","inLanguage":"de","@id":"https:\/\/www.pressenza.com\/de\/#\/schema\/logo\/image\/","url":"https:\/\/www.pressenza.com\/wp-content\/uploads\/2022\/10\/pressenza_logo_200x200.jpg","contentUrl":"https:\/\/www.pressenza.com\/wp-content\/uploads\/2022\/10\/pressenza_logo_200x200.jpg","width":200,"height":200,"caption":"Pressenza"},"image":{"@id":"https:\/\/www.pressenza.com\/de\/#\/schema\/logo\/image\/"},"sameAs":["https:\/\/www.facebook.com\/PressenzaItalia","https:\/\/x.com\/PressenzaIPA"]},{"@type":"Person","@id":"https:\/\/www.pressenza.com\/de\/#\/schema\/person\/636f8feb51f63f34e7378d5fcdd1de53","name":"Olivier Turquet","description":"Takes care of writing to tell the reality for about 40 years. He has worked with paper publications, radio and electronic He founded the electronic news agency humanist Good News. He was press secretary to various events such as: the International Humanist, Florence Play, the World March for Peace and Nonviolence. Currently coordinates the Italian team of Pressenza. olivierturquet.wordpress.com","sameAs":["http:\/\/olivierturquet.wordpress.com"],"url":"https:\/\/www.pressenza.com\/de\/author\/olivier-turquet\/"}]}},"place":"","original_article_url":"","_links":{"self":[{"href":"https:\/\/www.pressenza.com\/de\/wp-json\/wp\/v2\/posts\/1357779","targetHints":{"allow":["GET"]}}],"collection":[{"href":"https:\/\/www.pressenza.com\/de\/wp-json\/wp\/v2\/posts"}],"about":[{"href":"https:\/\/www.pressenza.com\/de\/wp-json\/wp\/v2\/types\/post"}],"author":[{"embeddable":true,"href":"https:\/\/www.pressenza.com\/de\/wp-json\/wp\/v2\/users\/10"}],"replies":[{"embeddable":true,"href":"https:\/\/www.pressenza.com\/de\/wp-json\/wp\/v2\/comments?post=1357779"}],"version-history":[{"count":0,"href":"https:\/\/www.pressenza.com\/de\/wp-json\/wp\/v2\/posts\/1357779\/revisions"}],"wp:featuredmedia":[{"embeddable":true,"href":"https:\/\/www.pressenza.com\/de\/wp-json\/wp\/v2\/media\/534872"}],"wp:attachment":[{"href":"https:\/\/www.pressenza.com\/de\/wp-json\/wp\/v2\/media?parent=1357779"}],"wp:term":[{"taxonomy":"category","embeddable":true,"href":"https:\/\/www.pressenza.com\/de\/wp-json\/wp\/v2\/categories?post=1357779"},{"taxonomy":"post_tag","embeddable":true,"href":"https:\/\/www.pressenza.com\/de\/wp-json\/wp\/v2\/tags?post=1357779"}],"curies":[{"name":"wp","href":"https:\/\/api.w.org\/{rel}","templated":true}]}}