{"id":1352653,"date":"2021-05-01T18:55:27","date_gmt":"2021-05-01T17:55:27","guid":{"rendered":"https:\/\/www.pressenza.com\/?p=1352653"},"modified":"2021-05-01T18:58:15","modified_gmt":"2021-05-01T17:58:15","slug":"muessen-die-politiker-weg-oder-wir","status":"publish","type":"post","link":"https:\/\/www.pressenza.com\/de\/2021\/05\/muessen-die-politiker-weg-oder-wir\/","title":{"rendered":"M\u00fcssen die Politiker weg? Oder wir?"},"content":{"rendered":"<p><strong>Wir m\u00fcssen alle sterben! Das ist skandal\u00f6s! Und schuld daran ist die Politik. Deshalb m\u00fcssen die Politiker weg. Denn die machen alles falsch. Alles! Daran besteht kein Zweifel.<\/strong><\/p>\n<p>Arme Politiker! Denn sie m\u00fcssten auch weg, wenn sie alles richtig machen. Wenn sie sagen w\u00fcrden: Wir brauchen wieder mehr Artengrenzen, damit der \u00dcbertragungsweg f\u00fcr den n\u00e4chsten Pandemie-Keim wieder l\u00e4nger und schwieriger wird. Damit diese Mistviecher hoffentlich an diesen Grenzen verrecken, scheitern oder sich verirren, bevor sie unsere Kinder und Alten erreichen. Die Natur muss sich dringend schnell wieder erholen. Runter mit der Wirtschaft! Schrumpfen statt Wachsen!<\/p>\n<p>Und die Politiker m\u00fcssten nat\u00fcrlich erst recht weg, wenn sie auf die irre Idee k\u00e4men, den Spie\u00df umzudrehen und gegen uns zu protestieren. Wenn sie von uns fordern w\u00fcrden: Kleingarten statt Mallorca, Fahrrad statt E-Auto. Selbermachen statt Kaufen.<\/p>\n<p><strong>Verzicht? Drehen die da oben jetzt v\u00f6llig frei? Aber denen ist ja heute alles zuzutrauen.<\/strong><\/p>\n<p>Bio-Produkte? \u00d6ko-Strom? Fair Trade? Gelbe Tonne? Ja! Das geht. Es hat bisher zwar nichts gebracht. Exakt gar nichts. Aber das ist ok! Das akzeptieren wir. Allerdings nur unter einer Bedingung: Sonst darf sich nichts \u00e4ndern. Wir wollen auf nichts verzichten. Nicht auf die geringste k\u00e4ufliche Behaglichkeit. Wenn das gesichert ist, leisten wir uns auch noch den \u00d6ko-Luxus. F\u00fcrs gute Gewissen! F\u00fcrs Wohlgef\u00fchl! Und wegen der Wahl-Freiheit! Nicht anstelle von irgendetwas, das wir schon haben oder wenigstens haben k\u00f6nnten, sondern zus\u00e4tzlich. Bitte sch\u00f6n, nur obendrauf. Gerne auch zum Aufpreis. Wir haben\u00b4s ja. Andere nicht. Zum Gl\u00fcck. Denn sonst w\u00e4re der Aufpreis Quatsch.<\/p>\n<p><strong>Also: Gr\u00fcnes Wachstum? Ja! Aber, \u00d6ko-Faschismus? Nein! Danke!<\/strong><\/p>\n<p>Damit bleibt der Politik nur die Wahl zwischen Pest und Cholera. Tut sie, was der verw\u00f6hnte, aus aktuellem Anlass panische W\u00e4hler verlangt, st\u00fcrzt sie \u00fcber ihre Schutzma\u00dfnahmen. Sorgt sie vor gegen den Willen des W\u00e4hlers, aber f\u00fcr seine Gesundheit, wird sie abgew\u00e4hlt. Dabei ist der n\u00e4chste Wahltermin immer gewiss und der n\u00e4chste Pandemie-Termin ungewiss. Die Wahl geht also vor.<\/p>\n<p>Und was macht die Politik vor diesem Dilemma? Sie trickst, weil sie gar nicht anders kann. Weil wir das so wollen. Sie spielt im dauernden Krisenbew\u00e4ltigung-Modus auf Zeit. Und dazu erz\u00e4hlt sie M\u00e4rchen von Wildtierm\u00e4rkten, Flederm\u00e4usen und G\u00fcrteltieren im fernen China. Diese M\u00e4rchen h\u00f6ren wir gerne. Sie sind exotisch und mit ihren Gefahren auch ein bisschen gruselig. Aber zum Gl\u00fcck gibt\u2019s ja gegen die B\u00f6sewichter in jedem M\u00e4rchen Helden. Zum Beispiel, den Staat. Der kann dagegen etwas tun. Oder die Wissenschaft. Und wenn die M\u00e4rchen aus sind, geht es live weiter. Mit Action. Die einen pr\u00fcfen besorgt den Sitz ihrer Masken und die anderen beschimpfen sie daf\u00fcr. Wir sind schwer besch\u00e4ftigt.<\/p>\n<p>Das perfekte Setting. Zumal dabei alle bekommen, was sie wollen: N\u00e4mlich nichts. Absolut, rein gar nichts. Niemandem wird etwas abverlangt. Friede den H\u00fctten und Pal\u00e4sten! Immerhin: Damit bleiben die Chancen auf eine Wiederwahl gesichert. Denn die Anderen wussten es auch nicht besser und hielten sicherheitshalber das Maul. Und mehr Umsatz mit \u201egr\u00fcnem Wachstum\u201c? Was ist damit? Nein. Das ist keine Chance. Das ist eine Bank. So sicher, wie das Amen in der Kirche. Der h\u00f6here Ressourcenverbrauch \u00fcbrigens auch.<\/p>\n<p>Das ist doch alles reaktion\u00e4res Geschwurbel! Panikmache und sinnloser Alarmismus, was der hier schreibt! Wir lernen doch aus jeder Krise. Vor der n\u00e4chsten Pandemie kommt der Fortschritt. Wissenschaft und Technik werden uns retten. Wie bisher noch immer! Wirklich? Und warum erfolgen die Einschl\u00e4ge dann immer schneller und kommen immer n\u00e4her?<\/p>\n<p>Das Marburg-Fieber wurde von Meerkatzen \u00fcbertragen. Aber das betraf nur Hessen und ist deshalb l\u00e4ngst vergessen. Da liegt uns der BSE-Skandal n\u00e4her. Wir erinnern uns. Der Rinderwahn sorgte beim Menschen f\u00fcr eine weiche Birne und wurde in Deutschland von einer Tier\u00e4rztin gestoppt. Die wurde daf\u00fcr zwar ber\u00fchmt, aber erstmal gefeuert. Richtig so! Die asiatische Vogelgrippe schien noch gef\u00e4hrlicher zu sein. Die erwies sich allerdings als der teure, falsche Alarm eines Virologen, der bis dahin als \u00fcberaus kompetent galt. Der Mann hie\u00df Christian Drosten. Und die Afrikanische Schweinpest? Na, die war ja erst harmlos. Die traf doch nur Schweine. Die allerdings mit voller Wucht, trotz gigantischer Abwehrma\u00dfnahmen weltweit.<\/p>\n<p>Dabei ging es allein in Deutschland um einige hundert Milliarden Euro Umsatz. F\u00fcr die Schweine-Halter, die Futtermittel-Industrie, die Pharma-Konzerne, die Anlagen-Bauer und -Einrichter, die Schlachth\u00f6fe und den Handel. Allein beim Export standen f\u00fcr den Schweinefleisch-Weltmeister Deutschland \u00fcber vier Milliarden Euro pro Jahr auf dem Spiel. Das ist drei Mal so viel, wie die Bundesregierung 2020 und 2021 bereitgestellt hat, um in der Pandemie alle deutschen Schulen digital aufzur\u00fcsten. Nichts, was die Portokasse eben mal so hergibt.<\/p>\n<p>Und jetzt Corona. Eine Grippe, wie andere. Alles halb so wild. Aber war das wirklich schon immer so? In immer schnellerer Folge immer mehr Einschl\u00e4ge? Immer n\u00e4her? Egal! Was soll\u00b4s? Das Leben geht weiter. Bisher ist nichts passiert. Sind die Fleischpreise etwa durch die Decke gegangen, wie es die Schweinepest-Priester orakelt haben? Die Sache l\u00e4uft zwar noch. Aber bisher war davon nichts zu merken. Und man h\u00f6rt auch nichts mehr. Also ist doch alles in Ordnung. Oder? Diese Dauer-N\u00f6rgelei, das ist doch nichts als \u00d6ko-Quatsch und Weltverbesserungs-Gelaber von Leuten, die keine anderen Sorgen und vor allem sonst nichts zu bieten haben. Ja, das stimmt. So ist es.<\/p>\n<p>Aber vielleicht hat ja nach den Meerkatzen, Rindern, G\u00fcrteltieren, Flederm\u00e4usen, V\u00f6geln und Wildschweinen demn\u00e4chst die Ratte wieder mal einen sch\u00f6nen Auftritt. Die war bisher immer zuverl\u00e4ssig und sehr erfolgreich. Au\u00dferdem war sie lange nicht am Start. Der Ratte reichte eine einzige Kohorte r\u00f6mischer Legion\u00e4re oder ein einziges venezianisches Handelsschiff, um ratzifatzi ein Drittel aller Europ\u00e4er unter die Erde zu bringen. Und das nicht nur einmal. Sportlich gesehen, eine Glanzleistung. Absoluter Rekord. Unschlagbar.<\/p>\n<p>Oder l\u00e4sst sich das doch noch toppen? Inzwischen sind ein, zwei, drei Leute, LKW, Schiffe und Flugzeuge mehr rund um die Welt unterwegs als noch zu Zeiten der R\u00f6mer und Venezianer. Und dazu ist auch noch die \u00dcbertragungskette k\u00fcrzer als damals. Dank ausgerotteter Arten und verinselter Kleinst-Populationen. Dank vieler Verlierer und weniger Gewinner. Gute Chancen also f\u00fcr einen unbekannten Virus in einem der Gewinner, sich mangels Alternativen auf uns als neuen Wirt zu st\u00fcrzen.<\/p>\n<p>Dieser Gewinner wird kein schillernder Exot sein, eher irgendein langweiliges Allerweltsviech, das \u00fcberall lebt. Neben Ratten, Wildschweinen und Flederm\u00e4usen w\u00e4ren daf\u00fcr bei uns auch Tauben, Wildkaninchen, M\u00e4use und vielleicht sogar Stadtf\u00fcchse gute Kandidaten. Oder irgendeine neue, eingewanderte M\u00fcckenart. Aber das ist eigentlich egal. Hauptsache die Population ist gro\u00df genug f\u00fcr ausreichend viele Virusmutationen und sie lebt in unserer Nachbarschaft. Dann passt einer der Mutanten fr\u00fcher oder sp\u00e4ter. Ob bei uns oder anderswo. Dieser Mutant knackt mit uns den gr\u00f6\u00dften Jackpot aller Zeiten. Wir sind die denkbar fetteste Beute mit den besten Bedingungen f\u00fcr weitere Mutationen. Wie sich gerade erweist. Eine Mutation folgt der n\u00e4chsten.<\/p>\n<p>Gemeinsam mit unseren Haus- und Nutztieren bringen wir inzwischen 20-mal mehr Biomasse auf die Waage als alle anderen freilebenden S\u00e4ugetiere der Welt zusammen. Inklusive Elefanten und Wale. Das Virus w\u00e4re sch\u00f6n bl\u00f6d, wenn es sich auf einen dieser Rohrkrepierer st\u00fcrzen w\u00fcrde, statt auf uns. Das Dumme ist nur, die Natur ist nicht bl\u00f6d. Nie! Notfalls lernt sie und nimmt den n\u00e4chsten Anlauf. Bis sie irgendwann, irgendwo bei irgendwem durchkommt. Unausweichlich.<\/p>\n<p>Und wer sch\u00fctzt uns davor? Die junge und charmante Frau Baerbock? Der krawallige, aber immer ein wenig weichlich und hinterfotzig wirkende Herr H\u00f6cke? Der schlaue und doppelt pandemiegest\u00e4hlte Herr Drosten? Ganz gewiss! Einer davon wird uns retten. Oder auch alle zusammen. Das w\u00e4re dann die Querfront, die in der DDR noch Nationale Front hie\u00df. Aber daf\u00fcr geht es uns noch zu gut. Au\u00dferdem fehlen uns die Bajonette der Kalaschnikows im R\u00fccken und ein klarer Feind vor der Brust.<\/p>\n<p><strong>Wollen wir das wiederhaben? Sind wir selbst der Feind? Wie kommen wir raus aus dieser Nummer?<\/strong><\/p>\n<p>Vielleicht ganz einfach. Vielleicht braucht es die so aufgeregt debattierte Klimakrise gar nicht mehr, um mit uns das Problem zu erledigen. Das kriegen wir mit dem unterbelichteten Artenschwund im Zweifel schneller hin. Ganz ohne Greta. Ein paar Viecher mehr oder weniger, irgendwo am Amazonas, das ist der Lauf der Welt. Seit Urzeiten. Wir haben schon das Mamut ausgerottet und leben immer noch. Eben! Genau deshalb ist irgendwann Schluss. Und dann sind wir dran. Vielleicht schon bald.<\/p>\n<p>Zwischen den letzten Pandemien lagen keine Jahrhunderte mehr. Das galt noch bis vor kurzem als normal \u2013 seltene Ausnahmeereignisse. Inzwischen reicht ein Menschenleben f\u00fcr ein halbes oder ganzes Dutzend Pandemien. Zwischen einer und der n\u00e4chsten liegen nur noch wenige Jahre. Und irgendwann klappt das. Sicher! Schlaue Mathematiker, die gerade das Klima berechnen, k\u00f6nnten sicher auch etwas genauer vorhersagen, wann irgendwann ist. Aber die haben gerade keine Zeit. Wegen Greta. Findet die Ratte doch noch ihren Meister?<\/p>\n<p><strong>Und was machen wir mit der Demokratie?<\/strong><\/p>\n<p>Ach ja, bitte! Gerne! Tun Sie die doch auch noch in den Korb. Neben das \u201egr\u00fcne Wachstum\u201c, bitte! Wenn\u00b4s nichts kostet und leicht zu konsumieren ist \u2013 immer her damit! W\u00e4re doch sch\u00f6n bl\u00f6d sonst. Oder? Schon wegen der Vernunft, der Gewaltenteilung, der Rechtssicherheit und Meinungsfreiheit, wegen der Sozialpartnerschaft und der Arbeitspl\u00e4tze. Aber vor allem wegen der Freiheit, der Menschenw\u00fcrde und der Selbstverwirklichung. Eigentlich ein unschlagbares Angebot! Da haben Sie vollkommen recht.<\/p>\n<p><strong>Aber Entschuldigung, das ist nicht umsonst. Das kostet etwas.<\/strong><\/p>\n<p>Ach, ja? Ach, nein! Ach, dann doch bitte lieber ohne Angebot. So wichtig ist mir das nicht. Das \u201egr\u00fcne Wachstum\u201c reicht mir. Bitte nehmen Sie die Demokratie wieder raus aus der Kasse! Danke!<\/p>\n","protected":false},"excerpt":{"rendered":"<p>Wir m\u00fcssen alle sterben! Das ist skandal\u00f6s! Und schuld daran ist die Politik. Deshalb m\u00fcssen die Politiker weg. Denn die machen alles falsch. Alles! Daran besteht kein Zweifel. Arme Politiker! Denn sie m\u00fcssten auch weg, wenn sie alles richtig machen.&hellip;<\/p>\n","protected":false},"author":2009,"featured_media":1352657,"comment_status":"closed","ping_status":"closed","sticky":false,"template":"","format":"standard","meta":{"footnotes":""},"categories":[9150,9143,11387,9168],"tags":[58487,9821,87514,56309,73014,16239,90478],"class_list":["post-1352653","post","type-post","status-publish","format-standard","has-post-thumbnail","hentry","category-europa-de","category-meinungen","category-originalinhalt","category-politik","tag-artensterben","tag-demokratie","tag-gesellschaftswandel","tag-klimakrise","tag-pandemie-de","tag-satire-de","tag-zeitgeist-de"],"yoast_head":"<!-- This site is optimized with the Yoast SEO plugin v27.1.1 - https:\/\/yoast.com\/product\/yoast-seo-wordpress\/ -->\n<title>M\u00fcssen die Politiker weg? Oder wir?<\/title>\n<meta name=\"description\" content=\"Wir m\u00fcssen alle sterben! Das ist skandal\u00f6s! Und schuld daran ist die Politik. Deshalb m\u00fcssen die Politiker weg. Denn die machen alles falsch. Alles! Daran\" \/>\n<meta name=\"robots\" content=\"index, follow, max-snippet:-1, max-image-preview:large, max-video-preview:-1\" \/>\n<link rel=\"canonical\" href=\"https:\/\/www.pressenza.com\/de\/2021\/05\/muessen-die-politiker-weg-oder-wir\/\" \/>\n<meta property=\"og:locale\" content=\"de_DE\" \/>\n<meta property=\"og:type\" content=\"article\" \/>\n<meta property=\"og:title\" content=\"M\u00fcssen die Politiker weg? Oder wir?\" \/>\n<meta property=\"og:description\" content=\"Wir m\u00fcssen alle sterben! Das ist skandal\u00f6s! Und schuld daran ist die Politik. Deshalb m\u00fcssen die Politiker weg. Denn die machen alles falsch. Alles! Daran\" \/>\n<meta property=\"og:url\" content=\"https:\/\/www.pressenza.com\/de\/2021\/05\/muessen-die-politiker-weg-oder-wir\/\" \/>\n<meta property=\"og:site_name\" content=\"Pressenza\" \/>\n<meta property=\"article:publisher\" content=\"https:\/\/www.facebook.com\/PressenzaItalia\" \/>\n<meta property=\"article:published_time\" content=\"2021-05-01T17:55:27+00:00\" \/>\n<meta property=\"article:modified_time\" content=\"2021-05-01T17:58:15+00:00\" \/>\n<meta property=\"og:image\" content=\"https:\/\/www.pressenza.com\/wp-content\/uploads\/2021\/05\/Politiker_weg.jpg\" \/>\n\t<meta property=\"og:image:width\" content=\"750\" \/>\n\t<meta property=\"og:image:height\" content=\"415\" \/>\n\t<meta property=\"og:image:type\" content=\"image\/jpeg\" \/>\n<meta name=\"author\" content=\"Lutz M\u00fcller\" \/>\n<meta name=\"twitter:card\" content=\"summary_large_image\" \/>\n<meta name=\"twitter:creator\" content=\"@PressenzaIPA\" \/>\n<meta name=\"twitter:site\" content=\"@PressenzaIPA\" \/>\n<meta name=\"twitter:label1\" content=\"Verfasst von\" \/>\n\t<meta name=\"twitter:data1\" content=\"Lutz M\u00fcller\" \/>\n\t<meta name=\"twitter:label2\" content=\"Gesch\u00e4tzte Lesezeit\" \/>\n\t<meta name=\"twitter:data2\" content=\"8\u00a0Minuten\" \/>\n<script type=\"application\/ld+json\" class=\"yoast-schema-graph\">{\"@context\":\"https:\/\/schema.org\",\"@graph\":[{\"@type\":\"Article\",\"@id\":\"https:\/\/www.pressenza.com\/de\/2021\/05\/muessen-die-politiker-weg-oder-wir\/#article\",\"isPartOf\":{\"@id\":\"https:\/\/www.pressenza.com\/de\/2021\/05\/muessen-die-politiker-weg-oder-wir\/\"},\"author\":{\"name\":\"Lutz M\u00fcller\",\"@id\":\"https:\/\/www.pressenza.com\/de\/#\/schema\/person\/b14cbf492f4aae7f257d186370deaa66\"},\"headline\":\"M\u00fcssen die Politiker weg? Oder wir?\",\"datePublished\":\"2021-05-01T17:55:27+00:00\",\"dateModified\":\"2021-05-01T17:58:15+00:00\",\"mainEntityOfPage\":{\"@id\":\"https:\/\/www.pressenza.com\/de\/2021\/05\/muessen-die-politiker-weg-oder-wir\/\"},\"wordCount\":1664,\"publisher\":{\"@id\":\"https:\/\/www.pressenza.com\/de\/#organization\"},\"image\":{\"@id\":\"https:\/\/www.pressenza.com\/de\/2021\/05\/muessen-die-politiker-weg-oder-wir\/#primaryimage\"},\"thumbnailUrl\":\"https:\/\/www.pressenza.com\/wp-content\/uploads\/2021\/05\/Politiker_weg.jpg\",\"keywords\":[\"Artensterben\",\"Demokratie\",\"Gesellschaftswandel\",\"Klimakrise\",\"pandemie\",\"satire\",\"Zeitgeist\"],\"articleSection\":[\"Europa\",\"Meinungen\",\"Originalinhalt\",\"Politik\"],\"inLanguage\":\"de\"},{\"@type\":\"WebPage\",\"@id\":\"https:\/\/www.pressenza.com\/de\/2021\/05\/muessen-die-politiker-weg-oder-wir\/\",\"url\":\"https:\/\/www.pressenza.com\/de\/2021\/05\/muessen-die-politiker-weg-oder-wir\/\",\"name\":\"M\u00fcssen die Politiker weg? Oder wir?\",\"isPartOf\":{\"@id\":\"https:\/\/www.pressenza.com\/de\/#website\"},\"primaryImageOfPage\":{\"@id\":\"https:\/\/www.pressenza.com\/de\/2021\/05\/muessen-die-politiker-weg-oder-wir\/#primaryimage\"},\"image\":{\"@id\":\"https:\/\/www.pressenza.com\/de\/2021\/05\/muessen-die-politiker-weg-oder-wir\/#primaryimage\"},\"thumbnailUrl\":\"https:\/\/www.pressenza.com\/wp-content\/uploads\/2021\/05\/Politiker_weg.jpg\",\"datePublished\":\"2021-05-01T17:55:27+00:00\",\"dateModified\":\"2021-05-01T17:58:15+00:00\",\"description\":\"Wir m\u00fcssen alle sterben! Das ist skandal\u00f6s! Und schuld daran ist die Politik. Deshalb m\u00fcssen die Politiker weg. Denn die machen alles falsch. Alles! Daran\",\"breadcrumb\":{\"@id\":\"https:\/\/www.pressenza.com\/de\/2021\/05\/muessen-die-politiker-weg-oder-wir\/#breadcrumb\"},\"inLanguage\":\"de\",\"potentialAction\":[{\"@type\":\"ReadAction\",\"target\":[\"https:\/\/www.pressenza.com\/de\/2021\/05\/muessen-die-politiker-weg-oder-wir\/\"]}]},{\"@type\":\"ImageObject\",\"inLanguage\":\"de\",\"@id\":\"https:\/\/www.pressenza.com\/de\/2021\/05\/muessen-die-politiker-weg-oder-wir\/#primaryimage\",\"url\":\"https:\/\/www.pressenza.com\/wp-content\/uploads\/2021\/05\/Politiker_weg.jpg\",\"contentUrl\":\"https:\/\/www.pressenza.com\/wp-content\/uploads\/2021\/05\/Politiker_weg.jpg\",\"width\":750,\"height\":415,\"caption\":\"M\u00fcssen die Politiker weg? Oder wir?\"},{\"@type\":\"BreadcrumbList\",\"@id\":\"https:\/\/www.pressenza.com\/de\/2021\/05\/muessen-die-politiker-weg-oder-wir\/#breadcrumb\",\"itemListElement\":[{\"@type\":\"ListItem\",\"position\":1,\"name\":\"Accueil\",\"item\":\"https:\/\/www.pressenza.com\/de\/\"},{\"@type\":\"ListItem\",\"position\":2,\"name\":\"M\u00fcssen die Politiker weg? Oder wir?\"}]},{\"@type\":\"WebSite\",\"@id\":\"https:\/\/www.pressenza.com\/de\/#website\",\"url\":\"https:\/\/www.pressenza.com\/de\/\",\"name\":\"Pressenza\",\"description\":\"International Press Agency\",\"publisher\":{\"@id\":\"https:\/\/www.pressenza.com\/de\/#organization\"},\"potentialAction\":[{\"@type\":\"SearchAction\",\"target\":{\"@type\":\"EntryPoint\",\"urlTemplate\":\"https:\/\/www.pressenza.com\/de\/?s={search_term_string}\"},\"query-input\":{\"@type\":\"PropertyValueSpecification\",\"valueRequired\":true,\"valueName\":\"search_term_string\"}}],\"inLanguage\":\"de\"},{\"@type\":\"Organization\",\"@id\":\"https:\/\/www.pressenza.com\/de\/#organization\",\"name\":\"Pressenza\",\"url\":\"https:\/\/www.pressenza.com\/de\/\",\"logo\":{\"@type\":\"ImageObject\",\"inLanguage\":\"de\",\"@id\":\"https:\/\/www.pressenza.com\/de\/#\/schema\/logo\/image\/\",\"url\":\"https:\/\/www.pressenza.com\/wp-content\/uploads\/2022\/10\/pressenza_logo_200x200.jpg\",\"contentUrl\":\"https:\/\/www.pressenza.com\/wp-content\/uploads\/2022\/10\/pressenza_logo_200x200.jpg\",\"width\":200,\"height\":200,\"caption\":\"Pressenza\"},\"image\":{\"@id\":\"https:\/\/www.pressenza.com\/de\/#\/schema\/logo\/image\/\"},\"sameAs\":[\"https:\/\/www.facebook.com\/PressenzaItalia\",\"https:\/\/x.com\/PressenzaIPA\"]},{\"@type\":\"Person\",\"@id\":\"https:\/\/www.pressenza.com\/de\/#\/schema\/person\/b14cbf492f4aae7f257d186370deaa66\",\"name\":\"Lutz M\u00fcller\",\"description\":\"H\u00e4uptling der Stadt-Indianer, Kommissar, Geister-Professor, Drachenj\u00e4ger, Gangsterboss, Gespenst, Drache, Ehe-Trainer und Kite-Ketten-Bauer ist der Kulturwissenschaftler und Germanist Lutz M\u00fcller, Jahrgang 1959. M\u00fcller hat sein halbes Berufsleben als Journalist f\u00fcr die S\u00e4chsische Zeitung und das MDR-Fernsehen gearbeitet. In der zweiten H\u00e4lfte hat er als \\\"wahrscheinlich erfolgreichster Selbstverleger Deutschlands ;-)\\\" im eigenen Stadtspiele-Verlag die von ihm erfundenen Stadtverf\u00fchrer herausgegeben. Mehr unter https:\/\/dresdner-stadtindianer.de.\",\"sameAs\":[\"https:\/\/dresdner-stadtindianer.de\/\"],\"url\":\"https:\/\/www.pressenza.com\/de\/author\/lutz-mueller\/\"}]}<\/script>\n<!-- \/ Yoast SEO plugin. -->","yoast_head_json":{"title":"M\u00fcssen die Politiker weg? Oder wir?","description":"Wir m\u00fcssen alle sterben! Das ist skandal\u00f6s! Und schuld daran ist die Politik. Deshalb m\u00fcssen die Politiker weg. Denn die machen alles falsch. Alles! Daran","robots":{"index":"index","follow":"follow","max-snippet":"max-snippet:-1","max-image-preview":"max-image-preview:large","max-video-preview":"max-video-preview:-1"},"canonical":"https:\/\/www.pressenza.com\/de\/2021\/05\/muessen-die-politiker-weg-oder-wir\/","og_locale":"de_DE","og_type":"article","og_title":"M\u00fcssen die Politiker weg? Oder wir?","og_description":"Wir m\u00fcssen alle sterben! Das ist skandal\u00f6s! Und schuld daran ist die Politik. Deshalb m\u00fcssen die Politiker weg. Denn die machen alles falsch. Alles! Daran","og_url":"https:\/\/www.pressenza.com\/de\/2021\/05\/muessen-die-politiker-weg-oder-wir\/","og_site_name":"Pressenza","article_publisher":"https:\/\/www.facebook.com\/PressenzaItalia","article_published_time":"2021-05-01T17:55:27+00:00","article_modified_time":"2021-05-01T17:58:15+00:00","og_image":[{"width":750,"height":415,"url":"https:\/\/www.pressenza.com\/wp-content\/uploads\/2021\/05\/Politiker_weg.jpg","type":"image\/jpeg"}],"author":"Lutz M\u00fcller","twitter_card":"summary_large_image","twitter_creator":"@PressenzaIPA","twitter_site":"@PressenzaIPA","twitter_misc":{"Verfasst von":"Lutz M\u00fcller","Gesch\u00e4tzte Lesezeit":"8\u00a0Minuten"},"schema":{"@context":"https:\/\/schema.org","@graph":[{"@type":"Article","@id":"https:\/\/www.pressenza.com\/de\/2021\/05\/muessen-die-politiker-weg-oder-wir\/#article","isPartOf":{"@id":"https:\/\/www.pressenza.com\/de\/2021\/05\/muessen-die-politiker-weg-oder-wir\/"},"author":{"name":"Lutz M\u00fcller","@id":"https:\/\/www.pressenza.com\/de\/#\/schema\/person\/b14cbf492f4aae7f257d186370deaa66"},"headline":"M\u00fcssen die Politiker weg? Oder wir?","datePublished":"2021-05-01T17:55:27+00:00","dateModified":"2021-05-01T17:58:15+00:00","mainEntityOfPage":{"@id":"https:\/\/www.pressenza.com\/de\/2021\/05\/muessen-die-politiker-weg-oder-wir\/"},"wordCount":1664,"publisher":{"@id":"https:\/\/www.pressenza.com\/de\/#organization"},"image":{"@id":"https:\/\/www.pressenza.com\/de\/2021\/05\/muessen-die-politiker-weg-oder-wir\/#primaryimage"},"thumbnailUrl":"https:\/\/www.pressenza.com\/wp-content\/uploads\/2021\/05\/Politiker_weg.jpg","keywords":["Artensterben","Demokratie","Gesellschaftswandel","Klimakrise","pandemie","satire","Zeitgeist"],"articleSection":["Europa","Meinungen","Originalinhalt","Politik"],"inLanguage":"de"},{"@type":"WebPage","@id":"https:\/\/www.pressenza.com\/de\/2021\/05\/muessen-die-politiker-weg-oder-wir\/","url":"https:\/\/www.pressenza.com\/de\/2021\/05\/muessen-die-politiker-weg-oder-wir\/","name":"M\u00fcssen die Politiker weg? Oder wir?","isPartOf":{"@id":"https:\/\/www.pressenza.com\/de\/#website"},"primaryImageOfPage":{"@id":"https:\/\/www.pressenza.com\/de\/2021\/05\/muessen-die-politiker-weg-oder-wir\/#primaryimage"},"image":{"@id":"https:\/\/www.pressenza.com\/de\/2021\/05\/muessen-die-politiker-weg-oder-wir\/#primaryimage"},"thumbnailUrl":"https:\/\/www.pressenza.com\/wp-content\/uploads\/2021\/05\/Politiker_weg.jpg","datePublished":"2021-05-01T17:55:27+00:00","dateModified":"2021-05-01T17:58:15+00:00","description":"Wir m\u00fcssen alle sterben! Das ist skandal\u00f6s! Und schuld daran ist die Politik. Deshalb m\u00fcssen die Politiker weg. Denn die machen alles falsch. Alles! Daran","breadcrumb":{"@id":"https:\/\/www.pressenza.com\/de\/2021\/05\/muessen-die-politiker-weg-oder-wir\/#breadcrumb"},"inLanguage":"de","potentialAction":[{"@type":"ReadAction","target":["https:\/\/www.pressenza.com\/de\/2021\/05\/muessen-die-politiker-weg-oder-wir\/"]}]},{"@type":"ImageObject","inLanguage":"de","@id":"https:\/\/www.pressenza.com\/de\/2021\/05\/muessen-die-politiker-weg-oder-wir\/#primaryimage","url":"https:\/\/www.pressenza.com\/wp-content\/uploads\/2021\/05\/Politiker_weg.jpg","contentUrl":"https:\/\/www.pressenza.com\/wp-content\/uploads\/2021\/05\/Politiker_weg.jpg","width":750,"height":415,"caption":"M\u00fcssen die Politiker weg? Oder wir?"},{"@type":"BreadcrumbList","@id":"https:\/\/www.pressenza.com\/de\/2021\/05\/muessen-die-politiker-weg-oder-wir\/#breadcrumb","itemListElement":[{"@type":"ListItem","position":1,"name":"Accueil","item":"https:\/\/www.pressenza.com\/de\/"},{"@type":"ListItem","position":2,"name":"M\u00fcssen die Politiker weg? Oder wir?"}]},{"@type":"WebSite","@id":"https:\/\/www.pressenza.com\/de\/#website","url":"https:\/\/www.pressenza.com\/de\/","name":"Pressenza","description":"International Press Agency","publisher":{"@id":"https:\/\/www.pressenza.com\/de\/#organization"},"potentialAction":[{"@type":"SearchAction","target":{"@type":"EntryPoint","urlTemplate":"https:\/\/www.pressenza.com\/de\/?s={search_term_string}"},"query-input":{"@type":"PropertyValueSpecification","valueRequired":true,"valueName":"search_term_string"}}],"inLanguage":"de"},{"@type":"Organization","@id":"https:\/\/www.pressenza.com\/de\/#organization","name":"Pressenza","url":"https:\/\/www.pressenza.com\/de\/","logo":{"@type":"ImageObject","inLanguage":"de","@id":"https:\/\/www.pressenza.com\/de\/#\/schema\/logo\/image\/","url":"https:\/\/www.pressenza.com\/wp-content\/uploads\/2022\/10\/pressenza_logo_200x200.jpg","contentUrl":"https:\/\/www.pressenza.com\/wp-content\/uploads\/2022\/10\/pressenza_logo_200x200.jpg","width":200,"height":200,"caption":"Pressenza"},"image":{"@id":"https:\/\/www.pressenza.com\/de\/#\/schema\/logo\/image\/"},"sameAs":["https:\/\/www.facebook.com\/PressenzaItalia","https:\/\/x.com\/PressenzaIPA"]},{"@type":"Person","@id":"https:\/\/www.pressenza.com\/de\/#\/schema\/person\/b14cbf492f4aae7f257d186370deaa66","name":"Lutz M\u00fcller","description":"H\u00e4uptling der Stadt-Indianer, Kommissar, Geister-Professor, Drachenj\u00e4ger, Gangsterboss, Gespenst, Drache, Ehe-Trainer und Kite-Ketten-Bauer ist der Kulturwissenschaftler und Germanist Lutz M\u00fcller, Jahrgang 1959. M\u00fcller hat sein halbes Berufsleben als Journalist f\u00fcr die S\u00e4chsische Zeitung und das MDR-Fernsehen gearbeitet. In der zweiten H\u00e4lfte hat er als \"wahrscheinlich erfolgreichster Selbstverleger Deutschlands ;-)\" im eigenen Stadtspiele-Verlag die von ihm erfundenen Stadtverf\u00fchrer herausgegeben. Mehr unter https:\/\/dresdner-stadtindianer.de.","sameAs":["https:\/\/dresdner-stadtindianer.de\/"],"url":"https:\/\/www.pressenza.com\/de\/author\/lutz-mueller\/"}]}},"place":"","original_article_url":"","_links":{"self":[{"href":"https:\/\/www.pressenza.com\/de\/wp-json\/wp\/v2\/posts\/1352653","targetHints":{"allow":["GET"]}}],"collection":[{"href":"https:\/\/www.pressenza.com\/de\/wp-json\/wp\/v2\/posts"}],"about":[{"href":"https:\/\/www.pressenza.com\/de\/wp-json\/wp\/v2\/types\/post"}],"author":[{"embeddable":true,"href":"https:\/\/www.pressenza.com\/de\/wp-json\/wp\/v2\/users\/2009"}],"replies":[{"embeddable":true,"href":"https:\/\/www.pressenza.com\/de\/wp-json\/wp\/v2\/comments?post=1352653"}],"version-history":[{"count":0,"href":"https:\/\/www.pressenza.com\/de\/wp-json\/wp\/v2\/posts\/1352653\/revisions"}],"wp:featuredmedia":[{"embeddable":true,"href":"https:\/\/www.pressenza.com\/de\/wp-json\/wp\/v2\/media\/1352657"}],"wp:attachment":[{"href":"https:\/\/www.pressenza.com\/de\/wp-json\/wp\/v2\/media?parent=1352653"}],"wp:term":[{"taxonomy":"category","embeddable":true,"href":"https:\/\/www.pressenza.com\/de\/wp-json\/wp\/v2\/categories?post=1352653"},{"taxonomy":"post_tag","embeddable":true,"href":"https:\/\/www.pressenza.com\/de\/wp-json\/wp\/v2\/tags?post=1352653"}],"curies":[{"name":"wp","href":"https:\/\/api.w.org\/{rel}","templated":true}]}}