{"id":1351114,"date":"2021-04-29T18:50:30","date_gmt":"2021-04-29T17:50:30","guid":{"rendered":"https:\/\/www.pressenza.com\/?p=1351114"},"modified":"2021-04-29T18:53:21","modified_gmt":"2021-04-29T17:53:21","slug":"bundesverfassungsgericht-faellt-vernichtendes-urteil-ueber-die-klimapolitik-der-bundesregierung","status":"publish","type":"post","link":"https:\/\/www.pressenza.com\/de\/2021\/04\/bundesverfassungsgericht-faellt-vernichtendes-urteil-ueber-die-klimapolitik-der-bundesregierung\/","title":{"rendered":"Bundesverfassungsgericht f\u00e4llt vernichtendes Urteil \u00fcber die Klimapolitik der Bundesregierung"},"content":{"rendered":"<p>Das Bundesverfassungsgericht hat\u00a0<a href=\"https:\/\/www.bundesverfassungsgericht.de\/SharedDocs\/Pressemitteilungen\/DE\/2021\/bvg21-031.html;jsessionid=39CB3C7E1C749D059DA251D5AAEBC575.1_cid386\" target=\"_blank\" rel=\"noopener\">in seinem heutigen Urteil festgestellt<\/a>, dass das deutsche Klimaschutzgesetz von 2019 und die darin festgelegten,\u2026bis zum Jahr 2030 zugelassenen Emissionsmengen die nach 2030 noch verbleibenden Emissionsm\u00f6glichkeiten erheblich reduzieren und dadurch praktisch jegliche grundrechtlich gesch\u00fctzte Freiheit gef\u00e4hrdet ist.\u201c<\/p>\n<p>Im Umkehrschluss hei\u00dft das: Um die ab 2030 notwendigen klimapolitisch notwendigen rigiden Freiheitsbeschr\u00e4nkungen abzumildern, m\u00fcssten bis 2030 erheblich mehr Emissionsminderungen geleistet werden als von der Bundesregierung bzw. im\u00a0<a href=\"https:\/\/www.gesetze-im-internet.de\/ksg\/BJNR251310019.html\" target=\"_blank\" rel=\"noopener\">Klimaschutzgesetz von 2019<\/a>\u00a0vorgesehen. Damit hat das Bundesverfassungsgericht indirekt zum Ausdruck gebracht, dass die Klimapolitik der Bundesregierung von Kanzlerin Merkel, Vize-Kanzler Scholz und den zust\u00e4ndigen Minister*innen Altmaier und Schulze vollkommen unzul\u00e4nglich ist.<\/p>\n<p>Im Prinzip ist das klimapolitische Verhalten der jetzigen Bundesregierung vergleichbar mit dem Verhalten s\u00e4mtlicher Bundesregierungen seit 2005, denn diese beruhen nicht zuletzt darauf, notwendige st\u00e4rkere Klimaschutzbem\u00fchungen zum Schutze der klimasch\u00e4dlichen fossilen Industrie abzuwehren. Damit wurde die Aufgabe, wirklich wirksamen \u00a0Klimaschutz zu organisieren, immer weiter auf die lange Bank geschoben.<\/p>\n<p>Nun hat das Bundesverfassungsgericht auch nicht einmal s\u00e4mtliche neuesten Entwicklungen von Klimaforscher*innen aufgegriffen, wonach es zur Erreichung des 1,5 \u00b0C-Zieles ab 2030 so gut wie keine weiteren Emissionen mehr geben darf, da die\u00a0<a href=\"https:\/\/energywatchgroup.org\/wp-content\/uploads\/EWG_Policy-Paper_2020_Klimaneutralitat-2050.pdf\" target=\"_blank\" rel=\"noopener\">1,5 \u00b0C-Marke schon um 2030 herum \u00fcberschritten sein wird<\/a>. Diese \u00dcberzeugung ist keine Extremposition, denn auch das Bundesverfassungsgericht verweist in seinem heutigen Urteil auf ein Gutachten des Sachverst\u00e4ndigenrats f\u00fcr Umweltfragen (SRU), welches ein Paris-kompatibles Emissions-Restbudget ermittelt hat. Dieses w\u00e4re jedoch unter Einhaltung des g\u00fcltigen Klimaschutzgesetzes \u201e<a href=\"https:\/\/www.bundesverfassungsgericht.de\/SharedDocs\/Pressemitteilungen\/DE\/2021\/bvg21-031.html;jsessionid=39CB3C7E1C749D059DA251D5AAEBC575.1_cid386\" target=\"_blank\" rel=\"noopener\">bis zum Jahr 2030 weitgehend aufgebraucht<\/a>\u201c. Da im Zuge solch komplexer Berechnungen und des Einflusses mannigfaltiger Faktoren, solch ein Budget zwar wissenschaftlich anerkannt, aber aufgrund von nicht ausschlie\u00dfbaren Unsicherheiten nicht juristisch anwendbar ist, nimmt das Bundesverfassungsgericht dieses zwar Kenntnis, kann es aber nicht beanstanden.<\/p>\n<p>Nichtsdestotrotz hat das Bundesverfassungsgericht nun die Bundesregierung aufgefordert, Ziele (bis zum 31.12.2022) zur Emissionsminderung ab 2030 festzulegen. Dies w\u00fcrde ja bedeuten \u2013 in Verbindung mit dem Erreichen der 1,5 \u00b0C-Marke bis 2030 \u2013 ab diesem Zeitpunkt praktisch keine neuen Emissionen mehr zu erlauben. Andernfalls w\u00fcrde sich der weltweite Temperaturanstieg weiter beschleunigt fortsetzen und auch die Schwelle von 2 \u00b0C schnell \u00fcberschreiten. Dies ist, wenn man bis 2030 eben nicht weitreichende, aber m\u00f6gliche Ma\u00dfnahmen ergreift, um schon bis 2030 in Richtung Nullemissionen zu kommen, genau der Punkt, den das Bundesverfassungsgericht moniert: Sp\u00e4testens ab 2030 wird es nicht mehr m\u00f6glich sein, notwendige Klimaschutzma\u00dfnahmen und die Freiheit des einzelnen im Gleichgewicht zu halten.<\/p>\n<p>Mit einem Weiter so des jetzt 15-j\u00e4hrigen klimapolitischen Versagens der Regierungen unter Kanzlerin Merkel, welches \u00fcbrigens vom Bundesrat meist mitgetragen wurde, ist nicht zu erwarten, dass die jetzigen Regierungen in Bund und L\u00e4ndern bis 2030 auf einmal ad\u00e4quate Ma\u00dfnahmen ergreifen, um nachfolgende Generationen nicht unertr\u00e4glich stark zu belasten.<\/p>\n<p><a href=\"https:\/\/hans-josef-fell.de\/gerichte-beschaeftigen-sich-mit-klimaprotesten\/\" target=\"_blank\" rel=\"noopener\">Friedlicher und gewaltfreier ziviler Ungehorsam<\/a>\u00a0wird damit verst\u00e4rkt zur gesellschaftlichen Notwendigkeit, wie es auch vermehrt j\u00fcngere Aktivist*innen von Extinction Rebellion, Fridays for Future, Ende Gel\u00e4nde und Danni bleibt und weitere angehen. Mit diesem heutigen Verfassungsgerichtsurteil wird es zuk\u00fcnftig wahrscheinlicher, dass Gerichte die Notwendigkeit des zivilen Ungehorsams f\u00fcr rechtm\u00e4\u00dfig halten, da offensichtlich die bestehenden Gesetze nicht geeignet sind, um die j\u00fcngere Generation vor den Auswirkungen der Erd\u00fcberhitzung wie auch vor starken Einschr\u00e4nkungen der eigenen Freiheitsrechte zu sch\u00fctzen.<\/p>\n<p>Dabei g\u00e4be es ja die M\u00f6glichkeiten bis 2030 den Klimaschutz massiv zu beschleunigen. 100% Erneuerbare Energien stehen dabei im Kern aller Ma\u00dfnahmen. Die vollst\u00e4ndige Umsetzung eines 100%ig erneuerbaren Energiesystems w\u00e4re bis 2030 m\u00f6glich, unter der Voraussetzung aktiver politischer Unterst\u00fctzung und dem Willen aller Entscheidungstr\u00e4ger*innen, dieses Ziel zu erreichen, wie\u00a0<a href=\"https:\/\/global100restrategygroup.org\/\">eine aktuelle Erkl\u00e4rung<\/a>\u00a0weltweit f\u00fchrender Energie-Wissenschaftler*innen aufzeigt. Doch genau hier blockiert die Bundesregierung den schnellen und dezentralen Ausbau der Erneuerbaren (B\u00fcrger-)Energien, genauso wie den Weg hin zu einer echten Kreislauwirtschaft und hin zu einer kohlenstoffsenkenden Landwirtschaft.<\/p>\n<p>Die vom Bundesverfassungsgericht zu Recht angemahnte Vermeidung einer starken Einschr\u00e4nkung der Freiheitsrechte ab 2030, ist nach wie vor im Bereich des M\u00f6glichen. Aber nicht durch die Fortsetzung bestehender Ma\u00dfnahmen oder durch eine Klimapolitik der kleinen Schritte, um der fossilen Wirtschaft nur ja nicht auf die F\u00fc\u00dfe zu treten.<\/p>\n<p>Ganz im Gegenteil: Die Politik in Berlin und den L\u00e4ndern muss die teilweise seit Jahrzehnten auf dem Tisch liegenden Ma\u00dfnahmen zum Klimaschutz aktiv und offensiv umsetzen, statt weiter den Bestandsschutz einer fossilen Wirtschaft zu organisieren.<\/p>\n<p>Hammelburg, 29. April 2021<\/p>\n<p>Hans-Josef Fell<\/p>\n<p>&nbsp;<\/p>\n<p><strong><em>Lesetipp zum Thema: &#8222;<a href=\"https:\/\/hans-josef-fell.de\/gerichte-beschaeftigen-sich-mit-klimaprotesten\/\" target=\"_blank\" rel=\"noopener\">Gerichte besch\u00e4ftigen sich mit Klimaprotesten<\/a>&#8220; , 23.04.2021, Hans-Josef Fell<\/em><\/strong><\/p>\n<p>&nbsp;<\/p>\n<p><em>\u00dcber den Autor:<\/em><\/p>\n<p><em>Hans-Josef Fell ist Pr\u00e4sident der\u00a0<a href=\"http:\/\/energywatchgroup.org\/\" target=\"_blank\" rel=\"noopener noreferrer\">Energy Watch Group<\/a>, einem internationalen Netzwerk von Wissenschaftlern und Parlamentariern zur Untersuchung der Verf\u00fcgbarkeit und Verknappung fossiler und atomarer Energieressourcen und sowie der Ausbaum\u00f6glichkeiten erneuerbarer Energien. Von 1998 bis 2013 war er Mitglied des Deutschen Bundestages und schon zu dieser Zeit setzte er sich f\u00fcr 100% Erneuerbare Energien ein. F\u00fcr sein Engagement erhielt er zahlreiche Preise, darunter den Nuclear-Free Future Award der internationalen Anti-Atom-Bewegung. Mehr Infos gibt es auf seiner Webseite\u00a0<a href=\"https:\/\/hans-josef-fell.de\/\" target=\"_blank\" rel=\"noopener noreferrer\">Hans-Josef Fell \u2013 100% Erneuerbare Energien! Auf alle Felle!<\/a><\/em><\/p>\n<p>&nbsp;<\/p>\n<p>&nbsp;<\/p>\n","protected":false},"excerpt":{"rendered":"<p>Das Bundesverfassungsgericht hat\u00a0in seinem heutigen Urteil festgestellt, dass das deutsche Klimaschutzgesetz von 2019 und die darin festgelegten,\u2026bis zum Jahr 2030 zugelassenen Emissionsmengen die nach 2030 noch verbleibenden Emissionsm\u00f6glichkeiten erheblich reduzieren und dadurch praktisch jegliche grundrechtlich gesch\u00fctzte Freiheit gef\u00e4hrdet ist.\u201c Im&hellip;<\/p>\n","protected":false},"author":1097,"featured_media":1351129,"comment_status":"closed","ping_status":"closed","sticky":false,"template":"","format":"standard","meta":{"footnotes":""},"categories":[9150,9157,9168],"tags":[12132,31629,15199,64427,40035,30246,12395],"class_list":["post-1351114","post","type-post","status-publish","format-standard","has-post-thumbnail","hentry","category-europa-de","category-oekologie-und-umwelt","category-politik","tag-bundesregierung","tag-bundesverfassungsgericht","tag-erneuerbare-energien","tag-hans-josef-fell","tag-klimapolitik","tag-klimaschutz","tag-klimawandel"],"yoast_head":"<!-- This site is optimized with the Yoast SEO plugin v27.1.1 - https:\/\/yoast.com\/product\/yoast-seo-wordpress\/ -->\n<title>Bundesverfassungsgericht f\u00e4llt vernichtendes Urteil \u00fcber die Klimapolitik der Bundesregierung<\/title>\n<meta name=\"description\" content=\"Das Bundesverfassungsgericht hat\u00a0in seinem heutigen Urteil festgestellt, dass das deutsche Klimaschutzgesetz von 2019 und die darin festgelegten,\u2026bis zum\" \/>\n<meta name=\"robots\" content=\"index, follow, max-snippet:-1, max-image-preview:large, max-video-preview:-1\" \/>\n<link rel=\"canonical\" href=\"https:\/\/www.pressenza.com\/de\/2021\/04\/bundesverfassungsgericht-faellt-vernichtendes-urteil-ueber-die-klimapolitik-der-bundesregierung\/\" \/>\n<meta property=\"og:locale\" content=\"de_DE\" \/>\n<meta property=\"og:type\" content=\"article\" \/>\n<meta property=\"og:title\" content=\"Bundesverfassungsgericht f\u00e4llt vernichtendes Urteil \u00fcber die Klimapolitik der Bundesregierung\" \/>\n<meta property=\"og:description\" content=\"Das Bundesverfassungsgericht hat\u00a0in seinem heutigen Urteil festgestellt, dass das deutsche Klimaschutzgesetz von 2019 und die darin festgelegten,\u2026bis zum\" \/>\n<meta property=\"og:url\" content=\"https:\/\/www.pressenza.com\/de\/2021\/04\/bundesverfassungsgericht-faellt-vernichtendes-urteil-ueber-die-klimapolitik-der-bundesregierung\/\" \/>\n<meta property=\"og:site_name\" content=\"Pressenza\" \/>\n<meta property=\"article:publisher\" content=\"https:\/\/www.facebook.com\/PressenzaItalia\" \/>\n<meta property=\"article:author\" content=\"https:\/\/www.facebook.com\/Pressenza-Deutschland-sterreich-Schweiz-281675388658060\/timeline\/\" \/>\n<meta property=\"article:published_time\" content=\"2021-04-29T17:50:30+00:00\" \/>\n<meta property=\"article:modified_time\" content=\"2021-04-29T17:53:21+00:00\" \/>\n<meta property=\"og:image\" content=\"https:\/\/www.pressenza.com\/wp-content\/uploads\/2021\/04\/Bundesverfassungsgericht-Urteil-Klima-Politik-Bundesregierung.png\" \/>\n\t<meta property=\"og:image:width\" content=\"1216\" \/>\n\t<meta property=\"og:image:height\" content=\"824\" \/>\n\t<meta property=\"og:image:type\" content=\"image\/png\" \/>\n<meta name=\"author\" content=\"Pressenza Muenchen\" \/>\n<meta name=\"twitter:card\" content=\"summary_large_image\" \/>\n<meta name=\"twitter:creator\" content=\"@pressenza_ger\" \/>\n<meta name=\"twitter:site\" content=\"@PressenzaIPA\" \/>\n<meta name=\"twitter:label1\" content=\"Verfasst von\" \/>\n\t<meta name=\"twitter:data1\" content=\"Pressenza Muenchen\" \/>\n\t<meta name=\"twitter:label2\" content=\"Gesch\u00e4tzte Lesezeit\" \/>\n\t<meta name=\"twitter:data2\" content=\"4\u00a0Minuten\" \/>\n<script type=\"application\/ld+json\" class=\"yoast-schema-graph\">{\"@context\":\"https:\/\/schema.org\",\"@graph\":[{\"@type\":\"Article\",\"@id\":\"https:\/\/www.pressenza.com\/de\/2021\/04\/bundesverfassungsgericht-faellt-vernichtendes-urteil-ueber-die-klimapolitik-der-bundesregierung\/#article\",\"isPartOf\":{\"@id\":\"https:\/\/www.pressenza.com\/de\/2021\/04\/bundesverfassungsgericht-faellt-vernichtendes-urteil-ueber-die-klimapolitik-der-bundesregierung\/\"},\"author\":{\"name\":\"Pressenza Muenchen\",\"@id\":\"https:\/\/www.pressenza.com\/de\/#\/schema\/person\/0069724cfb2cb9785368a167d0d900b7\"},\"headline\":\"Bundesverfassungsgericht f\u00e4llt vernichtendes Urteil \u00fcber die Klimapolitik der Bundesregierung\",\"datePublished\":\"2021-04-29T17:50:30+00:00\",\"dateModified\":\"2021-04-29T17:53:21+00:00\",\"mainEntityOfPage\":{\"@id\":\"https:\/\/www.pressenza.com\/de\/2021\/04\/bundesverfassungsgericht-faellt-vernichtendes-urteil-ueber-die-klimapolitik-der-bundesregierung\/\"},\"wordCount\":827,\"publisher\":{\"@id\":\"https:\/\/www.pressenza.com\/de\/#organization\"},\"image\":{\"@id\":\"https:\/\/www.pressenza.com\/de\/2021\/04\/bundesverfassungsgericht-faellt-vernichtendes-urteil-ueber-die-klimapolitik-der-bundesregierung\/#primaryimage\"},\"thumbnailUrl\":\"https:\/\/www.pressenza.com\/wp-content\/uploads\/2021\/04\/Bundesverfassungsgericht-Urteil-Klima-Politik-Bundesregierung.png\",\"keywords\":[\"Bundesregierung\",\"Bundesverfassungsgericht\",\"erneuerbare Energien\",\"Hans-Josef Fell\",\"Klimapolitik\",\"Klimaschutz\",\"Klimawandel\"],\"articleSection\":[\"Europa\",\"\u00d6kologie und Umwelt\",\"Politik\"],\"inLanguage\":\"de\"},{\"@type\":\"WebPage\",\"@id\":\"https:\/\/www.pressenza.com\/de\/2021\/04\/bundesverfassungsgericht-faellt-vernichtendes-urteil-ueber-die-klimapolitik-der-bundesregierung\/\",\"url\":\"https:\/\/www.pressenza.com\/de\/2021\/04\/bundesverfassungsgericht-faellt-vernichtendes-urteil-ueber-die-klimapolitik-der-bundesregierung\/\",\"name\":\"Bundesverfassungsgericht f\u00e4llt vernichtendes Urteil \u00fcber die Klimapolitik der Bundesregierung\",\"isPartOf\":{\"@id\":\"https:\/\/www.pressenza.com\/de\/#website\"},\"primaryImageOfPage\":{\"@id\":\"https:\/\/www.pressenza.com\/de\/2021\/04\/bundesverfassungsgericht-faellt-vernichtendes-urteil-ueber-die-klimapolitik-der-bundesregierung\/#primaryimage\"},\"image\":{\"@id\":\"https:\/\/www.pressenza.com\/de\/2021\/04\/bundesverfassungsgericht-faellt-vernichtendes-urteil-ueber-die-klimapolitik-der-bundesregierung\/#primaryimage\"},\"thumbnailUrl\":\"https:\/\/www.pressenza.com\/wp-content\/uploads\/2021\/04\/Bundesverfassungsgericht-Urteil-Klima-Politik-Bundesregierung.png\",\"datePublished\":\"2021-04-29T17:50:30+00:00\",\"dateModified\":\"2021-04-29T17:53:21+00:00\",\"description\":\"Das Bundesverfassungsgericht hat\u00a0in seinem heutigen Urteil festgestellt, dass das deutsche Klimaschutzgesetz von 2019 und die darin festgelegten,\u2026bis zum\",\"breadcrumb\":{\"@id\":\"https:\/\/www.pressenza.com\/de\/2021\/04\/bundesverfassungsgericht-faellt-vernichtendes-urteil-ueber-die-klimapolitik-der-bundesregierung\/#breadcrumb\"},\"inLanguage\":\"de\",\"potentialAction\":[{\"@type\":\"ReadAction\",\"target\":[\"https:\/\/www.pressenza.com\/de\/2021\/04\/bundesverfassungsgericht-faellt-vernichtendes-urteil-ueber-die-klimapolitik-der-bundesregierung\/\"]}]},{\"@type\":\"ImageObject\",\"inLanguage\":\"de\",\"@id\":\"https:\/\/www.pressenza.com\/de\/2021\/04\/bundesverfassungsgericht-faellt-vernichtendes-urteil-ueber-die-klimapolitik-der-bundesregierung\/#primaryimage\",\"url\":\"https:\/\/www.pressenza.com\/wp-content\/uploads\/2021\/04\/Bundesverfassungsgericht-Urteil-Klima-Politik-Bundesregierung.png\",\"contentUrl\":\"https:\/\/www.pressenza.com\/wp-content\/uploads\/2021\/04\/Bundesverfassungsgericht-Urteil-Klima-Politik-Bundesregierung.png\",\"width\":1216,\"height\":824,\"caption\":\"Bundesverfassungsgericht f\u00e4llt vernichtendes Urteil \u00fcber die Klimapolitik der Bundesregierung\"},{\"@type\":\"BreadcrumbList\",\"@id\":\"https:\/\/www.pressenza.com\/de\/2021\/04\/bundesverfassungsgericht-faellt-vernichtendes-urteil-ueber-die-klimapolitik-der-bundesregierung\/#breadcrumb\",\"itemListElement\":[{\"@type\":\"ListItem\",\"position\":1,\"name\":\"Accueil\",\"item\":\"https:\/\/www.pressenza.com\/de\/\"},{\"@type\":\"ListItem\",\"position\":2,\"name\":\"Bundesverfassungsgericht f\u00e4llt vernichtendes Urteil \u00fcber die Klimapolitik der Bundesregierung\"}]},{\"@type\":\"WebSite\",\"@id\":\"https:\/\/www.pressenza.com\/de\/#website\",\"url\":\"https:\/\/www.pressenza.com\/de\/\",\"name\":\"Pressenza\",\"description\":\"International Press Agency\",\"publisher\":{\"@id\":\"https:\/\/www.pressenza.com\/de\/#organization\"},\"potentialAction\":[{\"@type\":\"SearchAction\",\"target\":{\"@type\":\"EntryPoint\",\"urlTemplate\":\"https:\/\/www.pressenza.com\/de\/?s={search_term_string}\"},\"query-input\":{\"@type\":\"PropertyValueSpecification\",\"valueRequired\":true,\"valueName\":\"search_term_string\"}}],\"inLanguage\":\"de\"},{\"@type\":\"Organization\",\"@id\":\"https:\/\/www.pressenza.com\/de\/#organization\",\"name\":\"Pressenza\",\"url\":\"https:\/\/www.pressenza.com\/de\/\",\"logo\":{\"@type\":\"ImageObject\",\"inLanguage\":\"de\",\"@id\":\"https:\/\/www.pressenza.com\/de\/#\/schema\/logo\/image\/\",\"url\":\"https:\/\/www.pressenza.com\/wp-content\/uploads\/2022\/10\/pressenza_logo_200x200.jpg\",\"contentUrl\":\"https:\/\/www.pressenza.com\/wp-content\/uploads\/2022\/10\/pressenza_logo_200x200.jpg\",\"width\":200,\"height\":200,\"caption\":\"Pressenza\"},\"image\":{\"@id\":\"https:\/\/www.pressenza.com\/de\/#\/schema\/logo\/image\/\"},\"sameAs\":[\"https:\/\/www.facebook.com\/PressenzaItalia\",\"https:\/\/x.com\/PressenzaIPA\"]},{\"@type\":\"Person\",\"@id\":\"https:\/\/www.pressenza.com\/de\/#\/schema\/person\/0069724cfb2cb9785368a167d0d900b7\",\"name\":\"Pressenza Muenchen\",\"description\":\"News from the Pressenza bureau in Munich, Germany\",\"sameAs\":[\"https:\/\/www.facebook.com\/Pressenza-Deutschland-sterreich-Schweiz-281675388658060\/timeline\/\",\"https:\/\/x.com\/pressenza_ger\"],\"url\":\"https:\/\/www.pressenza.com\/de\/author\/pressenza-muenchen\/\"}]}<\/script>\n<!-- \/ Yoast SEO plugin. -->","yoast_head_json":{"title":"Bundesverfassungsgericht f\u00e4llt vernichtendes Urteil \u00fcber die Klimapolitik der Bundesregierung","description":"Das Bundesverfassungsgericht hat\u00a0in seinem heutigen Urteil festgestellt, dass das deutsche Klimaschutzgesetz von 2019 und die darin festgelegten,\u2026bis zum","robots":{"index":"index","follow":"follow","max-snippet":"max-snippet:-1","max-image-preview":"max-image-preview:large","max-video-preview":"max-video-preview:-1"},"canonical":"https:\/\/www.pressenza.com\/de\/2021\/04\/bundesverfassungsgericht-faellt-vernichtendes-urteil-ueber-die-klimapolitik-der-bundesregierung\/","og_locale":"de_DE","og_type":"article","og_title":"Bundesverfassungsgericht f\u00e4llt vernichtendes Urteil \u00fcber die Klimapolitik der Bundesregierung","og_description":"Das Bundesverfassungsgericht hat\u00a0in seinem heutigen Urteil festgestellt, dass das deutsche Klimaschutzgesetz von 2019 und die darin festgelegten,\u2026bis zum","og_url":"https:\/\/www.pressenza.com\/de\/2021\/04\/bundesverfassungsgericht-faellt-vernichtendes-urteil-ueber-die-klimapolitik-der-bundesregierung\/","og_site_name":"Pressenza","article_publisher":"https:\/\/www.facebook.com\/PressenzaItalia","article_author":"https:\/\/www.facebook.com\/Pressenza-Deutschland-sterreich-Schweiz-281675388658060\/timeline\/","article_published_time":"2021-04-29T17:50:30+00:00","article_modified_time":"2021-04-29T17:53:21+00:00","og_image":[{"width":1216,"height":824,"url":"https:\/\/www.pressenza.com\/wp-content\/uploads\/2021\/04\/Bundesverfassungsgericht-Urteil-Klima-Politik-Bundesregierung.png","type":"image\/png"}],"author":"Pressenza Muenchen","twitter_card":"summary_large_image","twitter_creator":"@pressenza_ger","twitter_site":"@PressenzaIPA","twitter_misc":{"Verfasst von":"Pressenza Muenchen","Gesch\u00e4tzte Lesezeit":"4\u00a0Minuten"},"schema":{"@context":"https:\/\/schema.org","@graph":[{"@type":"Article","@id":"https:\/\/www.pressenza.com\/de\/2021\/04\/bundesverfassungsgericht-faellt-vernichtendes-urteil-ueber-die-klimapolitik-der-bundesregierung\/#article","isPartOf":{"@id":"https:\/\/www.pressenza.com\/de\/2021\/04\/bundesverfassungsgericht-faellt-vernichtendes-urteil-ueber-die-klimapolitik-der-bundesregierung\/"},"author":{"name":"Pressenza Muenchen","@id":"https:\/\/www.pressenza.com\/de\/#\/schema\/person\/0069724cfb2cb9785368a167d0d900b7"},"headline":"Bundesverfassungsgericht f\u00e4llt vernichtendes Urteil \u00fcber die Klimapolitik der Bundesregierung","datePublished":"2021-04-29T17:50:30+00:00","dateModified":"2021-04-29T17:53:21+00:00","mainEntityOfPage":{"@id":"https:\/\/www.pressenza.com\/de\/2021\/04\/bundesverfassungsgericht-faellt-vernichtendes-urteil-ueber-die-klimapolitik-der-bundesregierung\/"},"wordCount":827,"publisher":{"@id":"https:\/\/www.pressenza.com\/de\/#organization"},"image":{"@id":"https:\/\/www.pressenza.com\/de\/2021\/04\/bundesverfassungsgericht-faellt-vernichtendes-urteil-ueber-die-klimapolitik-der-bundesregierung\/#primaryimage"},"thumbnailUrl":"https:\/\/www.pressenza.com\/wp-content\/uploads\/2021\/04\/Bundesverfassungsgericht-Urteil-Klima-Politik-Bundesregierung.png","keywords":["Bundesregierung","Bundesverfassungsgericht","erneuerbare Energien","Hans-Josef Fell","Klimapolitik","Klimaschutz","Klimawandel"],"articleSection":["Europa","\u00d6kologie und Umwelt","Politik"],"inLanguage":"de"},{"@type":"WebPage","@id":"https:\/\/www.pressenza.com\/de\/2021\/04\/bundesverfassungsgericht-faellt-vernichtendes-urteil-ueber-die-klimapolitik-der-bundesregierung\/","url":"https:\/\/www.pressenza.com\/de\/2021\/04\/bundesverfassungsgericht-faellt-vernichtendes-urteil-ueber-die-klimapolitik-der-bundesregierung\/","name":"Bundesverfassungsgericht f\u00e4llt vernichtendes Urteil \u00fcber die Klimapolitik der Bundesregierung","isPartOf":{"@id":"https:\/\/www.pressenza.com\/de\/#website"},"primaryImageOfPage":{"@id":"https:\/\/www.pressenza.com\/de\/2021\/04\/bundesverfassungsgericht-faellt-vernichtendes-urteil-ueber-die-klimapolitik-der-bundesregierung\/#primaryimage"},"image":{"@id":"https:\/\/www.pressenza.com\/de\/2021\/04\/bundesverfassungsgericht-faellt-vernichtendes-urteil-ueber-die-klimapolitik-der-bundesregierung\/#primaryimage"},"thumbnailUrl":"https:\/\/www.pressenza.com\/wp-content\/uploads\/2021\/04\/Bundesverfassungsgericht-Urteil-Klima-Politik-Bundesregierung.png","datePublished":"2021-04-29T17:50:30+00:00","dateModified":"2021-04-29T17:53:21+00:00","description":"Das Bundesverfassungsgericht hat\u00a0in seinem heutigen Urteil festgestellt, dass das deutsche Klimaschutzgesetz von 2019 und die darin festgelegten,\u2026bis zum","breadcrumb":{"@id":"https:\/\/www.pressenza.com\/de\/2021\/04\/bundesverfassungsgericht-faellt-vernichtendes-urteil-ueber-die-klimapolitik-der-bundesregierung\/#breadcrumb"},"inLanguage":"de","potentialAction":[{"@type":"ReadAction","target":["https:\/\/www.pressenza.com\/de\/2021\/04\/bundesverfassungsgericht-faellt-vernichtendes-urteil-ueber-die-klimapolitik-der-bundesregierung\/"]}]},{"@type":"ImageObject","inLanguage":"de","@id":"https:\/\/www.pressenza.com\/de\/2021\/04\/bundesverfassungsgericht-faellt-vernichtendes-urteil-ueber-die-klimapolitik-der-bundesregierung\/#primaryimage","url":"https:\/\/www.pressenza.com\/wp-content\/uploads\/2021\/04\/Bundesverfassungsgericht-Urteil-Klima-Politik-Bundesregierung.png","contentUrl":"https:\/\/www.pressenza.com\/wp-content\/uploads\/2021\/04\/Bundesverfassungsgericht-Urteil-Klima-Politik-Bundesregierung.png","width":1216,"height":824,"caption":"Bundesverfassungsgericht f\u00e4llt vernichtendes Urteil \u00fcber die Klimapolitik der Bundesregierung"},{"@type":"BreadcrumbList","@id":"https:\/\/www.pressenza.com\/de\/2021\/04\/bundesverfassungsgericht-faellt-vernichtendes-urteil-ueber-die-klimapolitik-der-bundesregierung\/#breadcrumb","itemListElement":[{"@type":"ListItem","position":1,"name":"Accueil","item":"https:\/\/www.pressenza.com\/de\/"},{"@type":"ListItem","position":2,"name":"Bundesverfassungsgericht f\u00e4llt vernichtendes Urteil \u00fcber die Klimapolitik der Bundesregierung"}]},{"@type":"WebSite","@id":"https:\/\/www.pressenza.com\/de\/#website","url":"https:\/\/www.pressenza.com\/de\/","name":"Pressenza","description":"International Press Agency","publisher":{"@id":"https:\/\/www.pressenza.com\/de\/#organization"},"potentialAction":[{"@type":"SearchAction","target":{"@type":"EntryPoint","urlTemplate":"https:\/\/www.pressenza.com\/de\/?s={search_term_string}"},"query-input":{"@type":"PropertyValueSpecification","valueRequired":true,"valueName":"search_term_string"}}],"inLanguage":"de"},{"@type":"Organization","@id":"https:\/\/www.pressenza.com\/de\/#organization","name":"Pressenza","url":"https:\/\/www.pressenza.com\/de\/","logo":{"@type":"ImageObject","inLanguage":"de","@id":"https:\/\/www.pressenza.com\/de\/#\/schema\/logo\/image\/","url":"https:\/\/www.pressenza.com\/wp-content\/uploads\/2022\/10\/pressenza_logo_200x200.jpg","contentUrl":"https:\/\/www.pressenza.com\/wp-content\/uploads\/2022\/10\/pressenza_logo_200x200.jpg","width":200,"height":200,"caption":"Pressenza"},"image":{"@id":"https:\/\/www.pressenza.com\/de\/#\/schema\/logo\/image\/"},"sameAs":["https:\/\/www.facebook.com\/PressenzaItalia","https:\/\/x.com\/PressenzaIPA"]},{"@type":"Person","@id":"https:\/\/www.pressenza.com\/de\/#\/schema\/person\/0069724cfb2cb9785368a167d0d900b7","name":"Pressenza Muenchen","description":"News from the Pressenza bureau in Munich, Germany","sameAs":["https:\/\/www.facebook.com\/Pressenza-Deutschland-sterreich-Schweiz-281675388658060\/timeline\/","https:\/\/x.com\/pressenza_ger"],"url":"https:\/\/www.pressenza.com\/de\/author\/pressenza-muenchen\/"}]}},"place":"Hans-Josef Fell","original_article_url":"https:\/\/hans-josef-fell.de\/bundesverfassungsgericht-faellt-vernichtendes-urteil-ueber-die-klimapolitik-der-bundesregierung\/","_links":{"self":[{"href":"https:\/\/www.pressenza.com\/de\/wp-json\/wp\/v2\/posts\/1351114","targetHints":{"allow":["GET"]}}],"collection":[{"href":"https:\/\/www.pressenza.com\/de\/wp-json\/wp\/v2\/posts"}],"about":[{"href":"https:\/\/www.pressenza.com\/de\/wp-json\/wp\/v2\/types\/post"}],"author":[{"embeddable":true,"href":"https:\/\/www.pressenza.com\/de\/wp-json\/wp\/v2\/users\/1097"}],"replies":[{"embeddable":true,"href":"https:\/\/www.pressenza.com\/de\/wp-json\/wp\/v2\/comments?post=1351114"}],"version-history":[{"count":0,"href":"https:\/\/www.pressenza.com\/de\/wp-json\/wp\/v2\/posts\/1351114\/revisions"}],"wp:featuredmedia":[{"embeddable":true,"href":"https:\/\/www.pressenza.com\/de\/wp-json\/wp\/v2\/media\/1351129"}],"wp:attachment":[{"href":"https:\/\/www.pressenza.com\/de\/wp-json\/wp\/v2\/media?parent=1351114"}],"wp:term":[{"taxonomy":"category","embeddable":true,"href":"https:\/\/www.pressenza.com\/de\/wp-json\/wp\/v2\/categories?post=1351114"},{"taxonomy":"post_tag","embeddable":true,"href":"https:\/\/www.pressenza.com\/de\/wp-json\/wp\/v2\/tags?post=1351114"}],"curies":[{"name":"wp","href":"https:\/\/api.w.org\/{rel}","templated":true}]}}