{"id":1320028,"date":"2021-03-16T05:54:51","date_gmt":"2021-03-16T05:54:51","guid":{"rendered":"https:\/\/www.pressenza.com\/?p=1320028"},"modified":"2021-03-16T05:54:51","modified_gmt":"2021-03-16T05:54:51","slug":"kriegsuebung-trotz-pandemie-iii","status":"publish","type":"post","link":"https:\/\/www.pressenza.com\/de\/2021\/03\/kriegsuebung-trotz-pandemie-iii\/","title":{"rendered":"Kriegs\u00fcbung trotz Pandemie (III)"},"content":{"rendered":"<p class=\"news-item-subtitle\"><strong>U.S. Army Europe und Bundeswehr bereiten trotz Pandemie das Gro\u00dfman\u00f6ver Defender Europe 21 vor &#8211; gegen Russland.<\/strong><\/p>\n<p>Die NATO-Staaten bereiten sich auf ein zweites &#8222;Defender Europe&#8220;-Gro\u00dfman\u00f6ver vor. Mit ersten Aktivit\u00e4ten ist voraussichtlich im Mai zu rechnen. Die letztj\u00e4hrige Kriegs\u00fcbung Defender Europe 20 w\u00e4re in ihrer urspr\u00fcnglich geplanten Form das gr\u00f6\u00dfte US-gef\u00fchrte Man\u00f6ver in Europa seit dem Ende des Kalten Kriegs gewesen. Defender Europe ist als Man\u00f6verserie konzipiert und soll jedes Jahr stattfinden, um das neue Level der Militarisierung Europas aufrechtzuerhalten und auszubauen. Defender Europe 21 ist in einem vergleichbaren Ma\u00dfstab geplant wie die \u00dcbung im vergangenen Jahr; es richtet sich erneut gegen Russland, hat allerdings einen anderen regionalen Schwerpunkt &#8211; das Schwarze Meer statt der Ostseeregion. Auch Deutschland ist involviert, einerseits direkt mit eigenen Soldaten, andererseits durch logistische Unterst\u00fctzungsleistungen. Im vergangenen Jahr war dabei auch zivile Infrastruktur in den Dienst der NATO-Truppen gestellt worden. Die Vereinigten Staaten planen neben den gegen Russland gerichteten Defender Europe-Man\u00f6vern auch eine \u00dcbungsserie Defender Pacific &#8211; gegen China.<\/p>\n<p><strong>Defender Europe 20<\/strong><\/p>\n<p>Defender Europe 20 hatte urspr\u00fcnglich die gr\u00f6\u00dfte Milit\u00e4r\u00fcbung von NATO-Truppen in Europa seit dem Ende des Kalten Krieges werden sollen. Rund 20.000 US-Soldaten sollten im Rahmen des US-gef\u00fchrten Man\u00f6vers \u00fcber den Atlantik nach Europa verlegt werden und gemeinsam mit hier stationierten US-Einheiten und mit Truppen verb\u00fcndeter Staaten \u00dcbungen im Rahmen eines \u00fcbergreifenden Konfliktszenarios abhalten. Insgesamt war die Beteiligung von 37.000 Soldaten aus 16 NATO-Staaten und zwei verb\u00fcndeten L\u00e4ndern geplant. Im Kern ging es darum, die Milit\u00e4rs mit einer Vielzahl von Verlegerouten aus den USA quer durch Europa bis zur russischen Grenze vertraut zu machen; erg\u00e4nzend sollten in verschiedenen L\u00e4ndern von der Ostsee bis zum Schwarzen Meer in einem simulierten &#8222;Schlachtfeldnetzwerk&#8220; zahlreiche Kriegs\u00fcbungen durchgef\u00fchrt werden. In seiner Planung griff das Milit\u00e4rb\u00fcndnis auf \u00dcbungsformate zur\u00fcck, die es in der Region schon seit Jahren regelm\u00e4\u00dfig durchf\u00fchrt.[1]<\/p>\n<p><strong>Mit deutscher Beteiligung<\/strong><\/p>\n<p>Anfang 2020 war das US-gef\u00fchrte Man\u00f6ver bereits angelaufen, als die beginnende Covid-19-Pandemie den Milit\u00e4rs einen Strich durch die Rechnung machte und die vollst\u00e4ndige Durchf\u00fchrung der \u00dcbungspl\u00e4ne verhinderte. Allerdings wurde Defender Europe 20, w\u00e4hrend in gro\u00dfen Teilen der Welt das zivile Leben in Reaktion auf die Pandemie massiv eingeschr\u00e4nkt wurde, zwar verkleinert, jedoch nicht g\u00e4nzlich abgesagt. Als im M\u00e4rz 2020 die Entscheidung zur Reduzierung des Man\u00f6verumfangs fiel, waren bereits knapp 6.000 US-Soldaten in Europa angekommen. Bevor sie zur\u00fcck \u00fcber den Atlantik verlegten, f\u00fchrten sie trotz der Pandemie noch einige Kriegs\u00fcbungen durch (german-foreign-policy.com berichtete [2]). Die Bundeswehr hatte pandemiebedingt die Man\u00f6verteile in Deutschland Mitte M\u00e4rz offiziell eingestellt. Dabei hatte die Bundesrepublik f\u00fcr Defender Europe 20 neben milit\u00e4rischer auch in erheblichem Umfang zivile Infrastrukur bereitgestellt (german-foreign-policy.com berichtete [3]). Der Befehlshaber der U.S. Army Europe, General Christopher Cavoli, gab in einem Interview au\u00dferdem an, das deutsche Verteidigungsministerium habe nachtr\u00e4glich den Anteil der Man\u00f6verkosten \u00fcbernommen, die eigentlich die US-Streitkr\u00e4fte h\u00e4tten bezahlen m\u00fcssen &#8211; im Rahmen des sogenannten Host Nation Support.[4]<\/p>\n<p><strong>Defender Europe 21<\/strong><\/p>\n<p>Schon im Sommer vergangenen Jahres gaben f\u00fchrende US-Milit\u00e4rs bekannt, Defender Europe 21 sei bereits in Planung und solle von Fr\u00fchjahr bis Sommer 2021 stattfinden.[5] Diese Ank\u00fcndigungen best\u00e4tigen sich jetzt: Nach Angaben der Bundesregierung ist das Man\u00f6ver f\u00fcr den Zeitraum zwischen dem 1. Mai und dem 14. Juni 2021 geplant &#8211; mit rund 31.000 Soldaten, darunter 430 von der Bundeswehr. Dass weniger deutsche Milit\u00e4rs teilnehmen als im vergangenen Jahr, liegt daran, dass der regionale Man\u00f6verschwerpunkt dieses Jahr nicht auf der Ostseeregion, sondern im S\u00fcden, am Schwarzen Meer, liegt; besonderes Augenmerk erh\u00e4lt dabei laut General Cavoli die Zusammenarbeit mit Bulgarien und Rum\u00e4nien.[6] Trotz der gro\u00dfen Entfernung zur Schwerpunktregion wird die Bundeswehr laut Angaben der Bundesregierung ganz wie im vorigen Jahr logistische Aufgaben beim Verlegen der multinationalen Verb\u00e4nde durch Deutschland und weitere L\u00e4nder des Kontinents \u00fcbernehmen. Insgesamt hat Berlin bis jetzt 2,9 Millionen Euro f\u00fcr das Man\u00f6ver eingeplant.<\/p>\n<p><strong>Defender Pacific<\/strong><\/p>\n<p>Wie die Bundesregierung best\u00e4tigt, ist die US-gef\u00fchrte \u00dcbung Defender Europe inzwischen als allj\u00e4hrlich wiederkehrendes Man\u00f6ver konzipiert. Dabei werde der geographische Schwerpunkt der \u00dcbungsserie in geraden Jahren &#8222;im n\u00f6rdlichen, in den ungeraden Jahren im s\u00fcdlichen B\u00fcndnisgebiet der NATO&#8220; liegen.[7] Hinzu kommt, dass die Vereinigten Staaten im vergangenen Jahr auch eine Man\u00f6verserie unter dem Titel Defender Pacific gestartet haben. Bei ihr geht es darum, den Aufmarsch von US-Truppen \u00fcber den Pazifik gegen China zu proben. Defender Pacific 21 wird sich dabei laut Auskunft der US-Streitkr\u00e4fte auf den S\u00fcdwestpazifik fokussieren. Das riesige Gebiet umfasst zahlreiche kleine Inseln und Inselgruppen und reicht bis Australien; im Zweiten Weltkrieg umfasste der alliierte Befehlsbereich Southwest Pacific auch gro\u00dfe Teile der Inselwelt S\u00fcdostasiens, darunter die Philippinen sowie Teile Indonesiens und Malaysias &#8211; und nicht zuletzt das S\u00fcdchinesische Meer.[8] Die Bundeswehr wird sich laut Auskunft der Bundesregierung nicht beteiligen. Allerdings ist f\u00fcr dieses Jahr eine \u00dcbungsfahrt eines deutschen Kriegsschiffs durch das S\u00fcdchinesische Meer bis nach Japan geplant.[9]<\/p>\n<p><strong>&#8222;Nach Osten ausgerichtet&#8220;<\/strong><\/p>\n<p>&#8222;Wir treffen Vorbereitungen, um bereit zu sein, zu k\u00e4mpfen und zu gewinnen&#8220;, \u00e4u\u00dferte der f\u00fcr Defender Europe zust\u00e4ndige US-General Cavoli im Februar \u00fcber das Man\u00f6ver.[10] Ein zentraler Aspekt der Kriegsvorbereitungen ist laut Cavoli die milit\u00e4rische Mobilit\u00e4t in Europa. Die Defender Europe-Man\u00f6verserie sei eingef\u00fchrt worden, um Schwachstellen der Infrastruktur ausfindig zu machen und politische wie regulatorische Hemmnisse abzubauen. Cavoli spricht dabei von einem &#8222;informellen B\u00fcndnis&#8220; der U.S. Army Europe mit der EU, die hohe Summen zur Verbesserung der milit\u00e4rischen Mobilit\u00e4t bereitstellt. Dabei katalogisiere die U.S. Army die bestehende europ\u00e4ische Infrastruktur und teste sie in den \u00dcbungen, um dann der NATO mitzuteilen, welche Verbesserungen notwendig seien. Die NATO wiederum leite die US-W\u00fcnsche dann an die EU weiter, um ihr zu &#8222;helfen, ihre Infrastrukturgelder in dual use-[&#8230;]Infrastruktur zu leiten&#8220;. Bei milit\u00e4rischen Aspekten der EU-Infrastrukturma\u00dfnahmen h\u00e4tten die US-Milit\u00e4rs &#8222;ein W\u00f6rtchen mitzureden&#8220;. Die Herausforderung bestehe darin, &#8222;dass wir, als die NATO expandierte, in Territorium expandierten, das vorher der anderen Seite angeh\u00f6rte und dessen Milit\u00e4rinfrastruktur f\u00fcr Equipment des Warschauer Paktes ausgelegt und durchweg nach Westen ausgerichtet war. Wir brauchen dagegen Infrastruktur, die auf westliches Equipment ausgelegt und nach Osten ausgerichtet ist&#8220; &#8211; f\u00fcr den neuen Kalten Krieg, dessen Blockgrenze teilweise bis direkt an die russische Grenze verschoben ist.[11]<\/p>\n<p>&nbsp;<\/p>\n<p>[1], [2] S. dazu <a href=\"https:\/\/www.german-foreign-policy.com\/news\/detail\/8279\/\" target=\"_blank\" rel=\"noopener\">Kriegs\u00fcbung trotz Pandemie<\/a>.<\/p>\n<p>[3] S. dazu <a href=\"https:\/\/www.german-foreign-policy.com\/news\/detail\/8141\/\" target=\"_blank\" rel=\"noopener\">Testmobilmachung gen Osten (II)<\/a>.<\/p>\n<p>[4] AUSA&#8217;s Noon Report &#8211; Gen. Christopher Cavoli &#8211; U.S. Army Europe and Africa. youtube.com 03.02.2021.<\/p>\n<p>[5] DEFENDER-Europe 21 Planning Underway. ausa.org 15.07.2020.<\/p>\n<p>[6] Antwort auf die Schriftliche Frage der Bundestagsabgeordneten Heike H\u00e4nsel. Deutscher Bundestag, Drucksache <a href=\"tel:19\/25900\">19\/25900<\/a>, 15.01.2021.<\/p>\n<p>[7] AUSA&#8217;s Noon Report &#8211; Gen. Christopher Cavoli &#8211; U.S. Army Europe and Africa. youtube.com 03.02.2021.<\/p>\n<p>[8] Sydney J. Freedberg Jr.: Facing Cuts, Army Chief Touts Pacific Role. breakingdefense.com 19.01.2021.<\/p>\n<p>[9] S. dazu <a href=\"https:\/\/www.german-foreign-policy.com\/news\/detail\/8507\/\" target=\"_blank\" rel=\"noopener\">Die neue deutsche Kanonenbootpolitik<\/a>.<\/p>\n<p>[10], [11] AUSA&#8217;s Noon Report &#8211; Gen. Christopher Cavoli &#8211; U.S. Army Europe and Africa. youtube.com 03.02.2021.<\/p>\n<div id=\"emailskopiertclipboardPopupMail\" class=\"emailskopiertHiddenPopup\" style=\"z-index: 1102;\">\n<div id=\"emailskopiertpopupContentToMail\">\n<div id=\"emailskopiertinfoToPopupClipboard\">E-Mail wurde erfolgreich kopiert<\/div>\n<p>&nbsp;<\/p>\n<\/div>\n<\/div>\n<div><\/div>\n<div id=\"emailskopiertclipboardPopupMail\" class=\"emailskopiertHiddenPopup\" style=\"z-index: 1102;\">\n<div id=\"emailskopiertpopupContentToMail\">\n<div id=\"emailskopiertinfoToPopupClipboard\">E-Mail wurde erfolgreich kopiert<\/div>\n<p><textarea id=\"emailskopierttextSelectAreaClipboard\"><\/textarea><\/div>\n<\/div>\n<div><\/div>\n","protected":false},"excerpt":{"rendered":"<p>U.S. Army Europe und Bundeswehr bereiten trotz Pandemie das Gro\u00dfman\u00f6ver Defender Europe 21 vor &#8211; gegen Russland. Die NATO-Staaten bereiten sich auf ein zweites &#8222;Defender Europe&#8220;-Gro\u00dfman\u00f6ver vor. Mit ersten Aktivit\u00e4ten ist voraussichtlich im Mai zu rechnen. Die letztj\u00e4hrige Kriegs\u00fcbung Defender&hellip;<\/p>\n","protected":false},"author":1516,"featured_media":1320276,"comment_status":"closed","ping_status":"closed","sticky":false,"template":"","format":"standard","meta":{"footnotes":""},"categories":[9167,9168],"tags":[88511,88528,88527,10604,11826],"class_list":["post-1320028","post","type-post","status-publish","format-standard","has-post-thumbnail","hentry","category-frieden-und-abruestung","category-politik","tag-defender-europe-21","tag-kriegsuebung","tag-manoever","tag-militaer","tag-nato-de"],"yoast_head":"<!-- This site is optimized with the Yoast SEO plugin v27.1.1 - https:\/\/yoast.com\/product\/yoast-seo-wordpress\/ -->\n<title>Kriegs\u00fcbung trotz Pandemie (III)<\/title>\n<meta name=\"description\" content=\"U.S. Army Europe und Bundeswehr bereiten trotz Pandemie das Gro\u00dfman\u00f6ver Defender Europe 21 vor - gegen Russland. Die NATO-Staaten bereiten sich auf ein\" \/>\n<meta name=\"robots\" content=\"index, follow, max-snippet:-1, max-image-preview:large, max-video-preview:-1\" \/>\n<link rel=\"canonical\" href=\"https:\/\/www.pressenza.com\/de\/2021\/03\/kriegsuebung-trotz-pandemie-iii\/\" \/>\n<meta property=\"og:locale\" content=\"de_DE\" \/>\n<meta property=\"og:type\" content=\"article\" \/>\n<meta property=\"og:title\" content=\"Kriegs\u00fcbung trotz Pandemie (III)\" \/>\n<meta property=\"og:description\" content=\"U.S. Army Europe und Bundeswehr bereiten trotz Pandemie das Gro\u00dfman\u00f6ver Defender Europe 21 vor - gegen Russland. Die NATO-Staaten bereiten sich auf ein\" \/>\n<meta property=\"og:url\" content=\"https:\/\/www.pressenza.com\/de\/2021\/03\/kriegsuebung-trotz-pandemie-iii\/\" \/>\n<meta property=\"og:site_name\" content=\"Pressenza\" \/>\n<meta property=\"article:publisher\" content=\"https:\/\/www.facebook.com\/PressenzaItalia\" \/>\n<meta property=\"article:published_time\" content=\"2021-03-16T05:54:51+00:00\" \/>\n<meta property=\"og:image\" content=\"https:\/\/www.pressenza.com\/wp-content\/uploads\/2021\/03\/manoeversaberstrike.v1.jpg\" \/>\n\t<meta property=\"og:image:width\" content=\"1920\" \/>\n\t<meta property=\"og:image:height\" content=\"1223\" \/>\n\t<meta property=\"og:image:type\" content=\"image\/jpeg\" \/>\n<meta name=\"author\" content=\"GERMAN-FOREIGN-POLICY.com\" \/>\n<meta name=\"twitter:card\" content=\"summary_large_image\" \/>\n<meta name=\"twitter:creator\" content=\"@PressenzaIPA\" \/>\n<meta name=\"twitter:site\" content=\"@PressenzaIPA\" \/>\n<meta name=\"twitter:label1\" content=\"Verfasst von\" \/>\n\t<meta name=\"twitter:data1\" content=\"GERMAN-FOREIGN-POLICY.com\" \/>\n\t<meta name=\"twitter:label2\" content=\"Gesch\u00e4tzte Lesezeit\" \/>\n\t<meta name=\"twitter:data2\" content=\"6\u00a0Minuten\" \/>\n<script type=\"application\/ld+json\" class=\"yoast-schema-graph\">{\"@context\":\"https:\/\/schema.org\",\"@graph\":[{\"@type\":\"Article\",\"@id\":\"https:\/\/www.pressenza.com\/de\/2021\/03\/kriegsuebung-trotz-pandemie-iii\/#article\",\"isPartOf\":{\"@id\":\"https:\/\/www.pressenza.com\/de\/2021\/03\/kriegsuebung-trotz-pandemie-iii\/\"},\"author\":{\"name\":\"GERMAN-FOREIGN-POLICY.com\",\"@id\":\"https:\/\/www.pressenza.com\/de\/#\/schema\/person\/65976e5880ee37f0ffc0cea7b0d6f456\"},\"headline\":\"Kriegs\u00fcbung trotz Pandemie (III)\",\"datePublished\":\"2021-03-16T05:54:51+00:00\",\"mainEntityOfPage\":{\"@id\":\"https:\/\/www.pressenza.com\/de\/2021\/03\/kriegsuebung-trotz-pandemie-iii\/\"},\"wordCount\":1194,\"publisher\":{\"@id\":\"https:\/\/www.pressenza.com\/de\/#organization\"},\"image\":{\"@id\":\"https:\/\/www.pressenza.com\/de\/2021\/03\/kriegsuebung-trotz-pandemie-iii\/#primaryimage\"},\"thumbnailUrl\":\"https:\/\/www.pressenza.com\/wp-content\/uploads\/2021\/03\/manoeversaberstrike.v1.jpg\",\"keywords\":[\"Defender Europe 21\",\"Kriegs\u00fcbung\",\"Man\u00f6ver\",\"Milit\u00e4r\",\"NATO\"],\"articleSection\":[\"Frieden und Abr\u00fcstung\",\"Politik\"],\"inLanguage\":\"de\"},{\"@type\":\"WebPage\",\"@id\":\"https:\/\/www.pressenza.com\/de\/2021\/03\/kriegsuebung-trotz-pandemie-iii\/\",\"url\":\"https:\/\/www.pressenza.com\/de\/2021\/03\/kriegsuebung-trotz-pandemie-iii\/\",\"name\":\"Kriegs\u00fcbung trotz Pandemie (III)\",\"isPartOf\":{\"@id\":\"https:\/\/www.pressenza.com\/de\/#website\"},\"primaryImageOfPage\":{\"@id\":\"https:\/\/www.pressenza.com\/de\/2021\/03\/kriegsuebung-trotz-pandemie-iii\/#primaryimage\"},\"image\":{\"@id\":\"https:\/\/www.pressenza.com\/de\/2021\/03\/kriegsuebung-trotz-pandemie-iii\/#primaryimage\"},\"thumbnailUrl\":\"https:\/\/www.pressenza.com\/wp-content\/uploads\/2021\/03\/manoeversaberstrike.v1.jpg\",\"datePublished\":\"2021-03-16T05:54:51+00:00\",\"description\":\"U.S. Army Europe und Bundeswehr bereiten trotz Pandemie das Gro\u00dfman\u00f6ver Defender Europe 21 vor - gegen Russland. Die NATO-Staaten bereiten sich auf ein\",\"breadcrumb\":{\"@id\":\"https:\/\/www.pressenza.com\/de\/2021\/03\/kriegsuebung-trotz-pandemie-iii\/#breadcrumb\"},\"inLanguage\":\"de\",\"potentialAction\":[{\"@type\":\"ReadAction\",\"target\":[\"https:\/\/www.pressenza.com\/de\/2021\/03\/kriegsuebung-trotz-pandemie-iii\/\"]}]},{\"@type\":\"ImageObject\",\"inLanguage\":\"de\",\"@id\":\"https:\/\/www.pressenza.com\/de\/2021\/03\/kriegsuebung-trotz-pandemie-iii\/#primaryimage\",\"url\":\"https:\/\/www.pressenza.com\/wp-content\/uploads\/2021\/03\/manoeversaberstrike.v1.jpg\",\"contentUrl\":\"https:\/\/www.pressenza.com\/wp-content\/uploads\/2021\/03\/manoeversaberstrike.v1.jpg\",\"width\":1920,\"height\":1223},{\"@type\":\"BreadcrumbList\",\"@id\":\"https:\/\/www.pressenza.com\/de\/2021\/03\/kriegsuebung-trotz-pandemie-iii\/#breadcrumb\",\"itemListElement\":[{\"@type\":\"ListItem\",\"position\":1,\"name\":\"Accueil\",\"item\":\"https:\/\/www.pressenza.com\/de\/\"},{\"@type\":\"ListItem\",\"position\":2,\"name\":\"Kriegs\u00fcbung trotz Pandemie (III)\"}]},{\"@type\":\"WebSite\",\"@id\":\"https:\/\/www.pressenza.com\/de\/#website\",\"url\":\"https:\/\/www.pressenza.com\/de\/\",\"name\":\"Pressenza\",\"description\":\"International Press Agency\",\"publisher\":{\"@id\":\"https:\/\/www.pressenza.com\/de\/#organization\"},\"potentialAction\":[{\"@type\":\"SearchAction\",\"target\":{\"@type\":\"EntryPoint\",\"urlTemplate\":\"https:\/\/www.pressenza.com\/de\/?s={search_term_string}\"},\"query-input\":{\"@type\":\"PropertyValueSpecification\",\"valueRequired\":true,\"valueName\":\"search_term_string\"}}],\"inLanguage\":\"de\"},{\"@type\":\"Organization\",\"@id\":\"https:\/\/www.pressenza.com\/de\/#organization\",\"name\":\"Pressenza\",\"url\":\"https:\/\/www.pressenza.com\/de\/\",\"logo\":{\"@type\":\"ImageObject\",\"inLanguage\":\"de\",\"@id\":\"https:\/\/www.pressenza.com\/de\/#\/schema\/logo\/image\/\",\"url\":\"https:\/\/www.pressenza.com\/wp-content\/uploads\/2022\/10\/pressenza_logo_200x200.jpg\",\"contentUrl\":\"https:\/\/www.pressenza.com\/wp-content\/uploads\/2022\/10\/pressenza_logo_200x200.jpg\",\"width\":200,\"height\":200,\"caption\":\"Pressenza\"},\"image\":{\"@id\":\"https:\/\/www.pressenza.com\/de\/#\/schema\/logo\/image\/\"},\"sameAs\":[\"https:\/\/www.facebook.com\/PressenzaItalia\",\"https:\/\/x.com\/PressenzaIPA\"]},{\"@type\":\"Person\",\"@id\":\"https:\/\/www.pressenza.com\/de\/#\/schema\/person\/65976e5880ee37f0ffc0cea7b0d6f456\",\"name\":\"GERMAN-FOREIGN-POLICY.com\",\"description\":\"Information on German Foreign Policy Articles and photographs by german-foreign-policy.com on Pressenza do not fall under the Creative Commons license and are not reproducible in any way. \\\"Information on German Foreign Policy\\\" (german-foreign-policy.com) is compiled by a group of independent journalists and social scientists who observe, on an ongoing basis, Germany's renewed attempts to regain great power status in the economic, military and political arena.\",\"url\":\"https:\/\/www.pressenza.com\/de\/author\/german-foreign-policy-com\/\"}]}<\/script>\n<!-- \/ Yoast SEO plugin. -->","yoast_head_json":{"title":"Kriegs\u00fcbung trotz Pandemie (III)","description":"U.S. Army Europe und Bundeswehr bereiten trotz Pandemie das Gro\u00dfman\u00f6ver Defender Europe 21 vor - gegen Russland. Die NATO-Staaten bereiten sich auf ein","robots":{"index":"index","follow":"follow","max-snippet":"max-snippet:-1","max-image-preview":"max-image-preview:large","max-video-preview":"max-video-preview:-1"},"canonical":"https:\/\/www.pressenza.com\/de\/2021\/03\/kriegsuebung-trotz-pandemie-iii\/","og_locale":"de_DE","og_type":"article","og_title":"Kriegs\u00fcbung trotz Pandemie (III)","og_description":"U.S. Army Europe und Bundeswehr bereiten trotz Pandemie das Gro\u00dfman\u00f6ver Defender Europe 21 vor - gegen Russland. Die NATO-Staaten bereiten sich auf ein","og_url":"https:\/\/www.pressenza.com\/de\/2021\/03\/kriegsuebung-trotz-pandemie-iii\/","og_site_name":"Pressenza","article_publisher":"https:\/\/www.facebook.com\/PressenzaItalia","article_published_time":"2021-03-16T05:54:51+00:00","og_image":[{"width":1920,"height":1223,"url":"https:\/\/www.pressenza.com\/wp-content\/uploads\/2021\/03\/manoeversaberstrike.v1.jpg","type":"image\/jpeg"}],"author":"GERMAN-FOREIGN-POLICY.com","twitter_card":"summary_large_image","twitter_creator":"@PressenzaIPA","twitter_site":"@PressenzaIPA","twitter_misc":{"Verfasst von":"GERMAN-FOREIGN-POLICY.com","Gesch\u00e4tzte Lesezeit":"6\u00a0Minuten"},"schema":{"@context":"https:\/\/schema.org","@graph":[{"@type":"Article","@id":"https:\/\/www.pressenza.com\/de\/2021\/03\/kriegsuebung-trotz-pandemie-iii\/#article","isPartOf":{"@id":"https:\/\/www.pressenza.com\/de\/2021\/03\/kriegsuebung-trotz-pandemie-iii\/"},"author":{"name":"GERMAN-FOREIGN-POLICY.com","@id":"https:\/\/www.pressenza.com\/de\/#\/schema\/person\/65976e5880ee37f0ffc0cea7b0d6f456"},"headline":"Kriegs\u00fcbung trotz Pandemie (III)","datePublished":"2021-03-16T05:54:51+00:00","mainEntityOfPage":{"@id":"https:\/\/www.pressenza.com\/de\/2021\/03\/kriegsuebung-trotz-pandemie-iii\/"},"wordCount":1194,"publisher":{"@id":"https:\/\/www.pressenza.com\/de\/#organization"},"image":{"@id":"https:\/\/www.pressenza.com\/de\/2021\/03\/kriegsuebung-trotz-pandemie-iii\/#primaryimage"},"thumbnailUrl":"https:\/\/www.pressenza.com\/wp-content\/uploads\/2021\/03\/manoeversaberstrike.v1.jpg","keywords":["Defender Europe 21","Kriegs\u00fcbung","Man\u00f6ver","Milit\u00e4r","NATO"],"articleSection":["Frieden und Abr\u00fcstung","Politik"],"inLanguage":"de"},{"@type":"WebPage","@id":"https:\/\/www.pressenza.com\/de\/2021\/03\/kriegsuebung-trotz-pandemie-iii\/","url":"https:\/\/www.pressenza.com\/de\/2021\/03\/kriegsuebung-trotz-pandemie-iii\/","name":"Kriegs\u00fcbung trotz Pandemie (III)","isPartOf":{"@id":"https:\/\/www.pressenza.com\/de\/#website"},"primaryImageOfPage":{"@id":"https:\/\/www.pressenza.com\/de\/2021\/03\/kriegsuebung-trotz-pandemie-iii\/#primaryimage"},"image":{"@id":"https:\/\/www.pressenza.com\/de\/2021\/03\/kriegsuebung-trotz-pandemie-iii\/#primaryimage"},"thumbnailUrl":"https:\/\/www.pressenza.com\/wp-content\/uploads\/2021\/03\/manoeversaberstrike.v1.jpg","datePublished":"2021-03-16T05:54:51+00:00","description":"U.S. Army Europe und Bundeswehr bereiten trotz Pandemie das Gro\u00dfman\u00f6ver Defender Europe 21 vor - gegen Russland. Die NATO-Staaten bereiten sich auf ein","breadcrumb":{"@id":"https:\/\/www.pressenza.com\/de\/2021\/03\/kriegsuebung-trotz-pandemie-iii\/#breadcrumb"},"inLanguage":"de","potentialAction":[{"@type":"ReadAction","target":["https:\/\/www.pressenza.com\/de\/2021\/03\/kriegsuebung-trotz-pandemie-iii\/"]}]},{"@type":"ImageObject","inLanguage":"de","@id":"https:\/\/www.pressenza.com\/de\/2021\/03\/kriegsuebung-trotz-pandemie-iii\/#primaryimage","url":"https:\/\/www.pressenza.com\/wp-content\/uploads\/2021\/03\/manoeversaberstrike.v1.jpg","contentUrl":"https:\/\/www.pressenza.com\/wp-content\/uploads\/2021\/03\/manoeversaberstrike.v1.jpg","width":1920,"height":1223},{"@type":"BreadcrumbList","@id":"https:\/\/www.pressenza.com\/de\/2021\/03\/kriegsuebung-trotz-pandemie-iii\/#breadcrumb","itemListElement":[{"@type":"ListItem","position":1,"name":"Accueil","item":"https:\/\/www.pressenza.com\/de\/"},{"@type":"ListItem","position":2,"name":"Kriegs\u00fcbung trotz Pandemie (III)"}]},{"@type":"WebSite","@id":"https:\/\/www.pressenza.com\/de\/#website","url":"https:\/\/www.pressenza.com\/de\/","name":"Pressenza","description":"International Press Agency","publisher":{"@id":"https:\/\/www.pressenza.com\/de\/#organization"},"potentialAction":[{"@type":"SearchAction","target":{"@type":"EntryPoint","urlTemplate":"https:\/\/www.pressenza.com\/de\/?s={search_term_string}"},"query-input":{"@type":"PropertyValueSpecification","valueRequired":true,"valueName":"search_term_string"}}],"inLanguage":"de"},{"@type":"Organization","@id":"https:\/\/www.pressenza.com\/de\/#organization","name":"Pressenza","url":"https:\/\/www.pressenza.com\/de\/","logo":{"@type":"ImageObject","inLanguage":"de","@id":"https:\/\/www.pressenza.com\/de\/#\/schema\/logo\/image\/","url":"https:\/\/www.pressenza.com\/wp-content\/uploads\/2022\/10\/pressenza_logo_200x200.jpg","contentUrl":"https:\/\/www.pressenza.com\/wp-content\/uploads\/2022\/10\/pressenza_logo_200x200.jpg","width":200,"height":200,"caption":"Pressenza"},"image":{"@id":"https:\/\/www.pressenza.com\/de\/#\/schema\/logo\/image\/"},"sameAs":["https:\/\/www.facebook.com\/PressenzaItalia","https:\/\/x.com\/PressenzaIPA"]},{"@type":"Person","@id":"https:\/\/www.pressenza.com\/de\/#\/schema\/person\/65976e5880ee37f0ffc0cea7b0d6f456","name":"GERMAN-FOREIGN-POLICY.com","description":"Information on German Foreign Policy Articles and photographs by german-foreign-policy.com on Pressenza do not fall under the Creative Commons license and are not reproducible in any way. \"Information on German Foreign Policy\" (german-foreign-policy.com) is compiled by a group of independent journalists and social scientists who observe, on an ongoing basis, Germany's renewed attempts to regain great power status in the economic, military and political arena.","url":"https:\/\/www.pressenza.com\/de\/author\/german-foreign-policy-com\/"}]}},"place":"","original_article_url":"https:\/\/www.german-foreign-policy.com\/news\/detail\/8541\/","_links":{"self":[{"href":"https:\/\/www.pressenza.com\/de\/wp-json\/wp\/v2\/posts\/1320028","targetHints":{"allow":["GET"]}}],"collection":[{"href":"https:\/\/www.pressenza.com\/de\/wp-json\/wp\/v2\/posts"}],"about":[{"href":"https:\/\/www.pressenza.com\/de\/wp-json\/wp\/v2\/types\/post"}],"author":[{"embeddable":true,"href":"https:\/\/www.pressenza.com\/de\/wp-json\/wp\/v2\/users\/1516"}],"replies":[{"embeddable":true,"href":"https:\/\/www.pressenza.com\/de\/wp-json\/wp\/v2\/comments?post=1320028"}],"version-history":[{"count":0,"href":"https:\/\/www.pressenza.com\/de\/wp-json\/wp\/v2\/posts\/1320028\/revisions"}],"wp:featuredmedia":[{"embeddable":true,"href":"https:\/\/www.pressenza.com\/de\/wp-json\/wp\/v2\/media\/1320276"}],"wp:attachment":[{"href":"https:\/\/www.pressenza.com\/de\/wp-json\/wp\/v2\/media?parent=1320028"}],"wp:term":[{"taxonomy":"category","embeddable":true,"href":"https:\/\/www.pressenza.com\/de\/wp-json\/wp\/v2\/categories?post=1320028"},{"taxonomy":"post_tag","embeddable":true,"href":"https:\/\/www.pressenza.com\/de\/wp-json\/wp\/v2\/tags?post=1320028"}],"curies":[{"name":"wp","href":"https:\/\/api.w.org\/{rel}","templated":true}]}}