{"id":1318886,"date":"2021-03-15T09:04:35","date_gmt":"2021-03-15T09:04:35","guid":{"rendered":"https:\/\/www.pressenza.com\/?p=1318886"},"modified":"2021-03-15T09:04:35","modified_gmt":"2021-03-15T09:04:35","slug":"atomkraft-und-klimaschutz-sind-unvereinbar","status":"publish","type":"post","link":"https:\/\/www.pressenza.com\/de\/2021\/03\/atomkraft-und-klimaschutz-sind-unvereinbar\/","title":{"rendered":"Atomkraft und Klimaschutz sind unvereinbar"},"content":{"rendered":"<p><strong>Die heute vom Bundesumweltministerium (BMU) vorgelegten \u201e<a href=\"https:\/\/www.bmu.de\/fileadmin\/Daten_BMU\/Download_PDF\/Nukleare_Sicherheit\/12_punkte_atomausstieg_bf.pdf\" target=\"_blank\" rel=\"nofollow noopener\">12 Punkte f\u00fcr die Vollendung des Atomausstiegs<\/a>\u201c kommentiert Michael M\u00fcller, Bundesvorsitzender der NaturFreunde Deutschlands:<\/strong><\/p>\n<p>Das BMU hat anl\u00e4sslich des 10. Jahrestages des\u00a0 GAU von Fukushima \u201e12 Punkte f\u00fcr die Vollendung des Atomausstiegs\u201c vorgelegt. Etwas unverst\u00e4ndlich an dem Papier ist, warum darin nicht auch auf Tschernobyl Bezug genommen wird, wo es zum ersten gr\u00f6\u00dften (nicht) angenommenen Unfall (GAU) kam und das F\u00fcnffache an Radioaktivit\u00e4t freigesetzt wurde.<\/p>\n<p>Ebenso wenig ist verst\u00e4ndlich, warum das BMU nicht auch auf die strukturellen Hemmnisse der Atomkraft f\u00fcr die Energiewende eingeht. Die Atomkraft ist n\u00e4mlich keine CO2-freie Energie. Nach den GEMIS-Zahlen kommt sogar ein gasbetriebenes GuD-Kraftwerk deutlich besser weg.<\/p>\n<p><strong>Die entscheidende Frage bleibt jedoch: <\/strong>Wie viele Emissionen vermeidet ein anderes Energiesystem, das vorrangig auf Dezentralit\u00e4t und Effizienzsteigerung ausgerichtet ist? Die Voraussetzungen daf\u00fcr sind, dass die Energieversorgung verbrauchsnah organisiert wird und die Steigerung der Energieproduktivit\u00e4t deutlich h\u00f6her ist als das wirtschaftliche Wachstum. In diesen beiden Aspekten war begr\u00fcndet, dass die Klima-Enquete des Bundestages die Atomkraft als M\u00f6glichkeit zur Bek\u00e4mpfung der Erderw\u00e4rmung einstimmig abgelehnt hat.<\/p>\n<p>Am Jahrestag von Fukushima m\u00fcssen wir dar\u00fcber nachdenken, welche Strukturen das Energiesystem der Zukunft braucht. Doch diese Frage geht weit \u00fcber die Formel \u201eErneuerbare Energien\u201c hinaus. Der Kern der \u00f6kologischen Frage ist, wie mit der Endlichkeit der nat\u00fcrlichen Ressourcen und der Begrenzung der nat\u00fcrlichen Senken umgegangen werden kann. Daf\u00fcr muss deutlich mehr als bisher gemacht werden.<\/p>\n<p>&nbsp;<\/p>\n<p><a href=\"https:\/\/www.naturfreunde.de\/atomkraft-und-klimaschutz-sind-unvereinbar\"><em>Originalartikel<\/em><\/a><\/p>\n<div id=\"emailskopiertclipboardPopupMail\" class=\"emailskopiertHiddenPopup\" style=\"z-index: 1102;\">\n<div id=\"emailskopiertpopupContentToMail\">\n<div id=\"emailskopiertinfoToPopupClipboard\">E-Mail wurde erfolgreich kopiert<\/div>\n<p>&nbsp;<\/p>\n<\/div>\n<\/div>\n<div id=\"emailskopiertclipboardPopupMail\" class=\"emailskopiertHiddenPopup\" style=\"z-index: 1102;\">\n<div id=\"emailskopiertpopupContentToMail\">\n<div id=\"emailskopiertinfoToPopupClipboard\">E-Mail wurde erfolgreich kopiert<\/div>\n<p><textarea id=\"emailskopierttextSelectAreaClipboard\"><\/textarea><\/div>\n<\/div>\n<div><\/div>\n","protected":false},"excerpt":{"rendered":"<p>Die heute vom Bundesumweltministerium (BMU) vorgelegten \u201e12 Punkte f\u00fcr die Vollendung des Atomausstiegs\u201c kommentiert Michael M\u00fcller, Bundesvorsitzender der NaturFreunde Deutschlands: Das BMU hat anl\u00e4sslich des 10. Jahrestages des\u00a0 GAU von Fukushima \u201e12 Punkte f\u00fcr die Vollendung des Atomausstiegs\u201c vorgelegt. Etwas&hellip;<\/p>\n","protected":false},"author":1095,"featured_media":1318906,"comment_status":"closed","ping_status":"closed","sticky":false,"template":"","format":"standard","meta":{"footnotes":""},"categories":[9157,9168],"tags":[24809,88452,74150,10456,26452,30246],"class_list":["post-1318886","post","type-post","status-publish","format-standard","has-post-thumbnail","hentry","category-oekologie-und-umwelt","category-politik","tag-atomausstieg","tag-bmu","tag-co2-de","tag-energiewende","tag-fukushima-de","tag-klimaschutz"],"yoast_head":"<!-- This site is optimized with the Yoast SEO plugin v27.1.1 - https:\/\/yoast.com\/product\/yoast-seo-wordpress\/ -->\n<title>Atomkraft und Klimaschutz sind unvereinbar<\/title>\n<meta name=\"description\" content=\"Die heute vom Bundesumweltministerium (BMU) vorgelegten \u201e12 Punkte f\u00fcr die Vollendung des Atomausstiegs\u201c kommentiert Michael M\u00fcller, Bundesvorsitzender\" \/>\n<meta name=\"robots\" content=\"index, follow, max-snippet:-1, max-image-preview:large, max-video-preview:-1\" \/>\n<link rel=\"canonical\" href=\"https:\/\/www.pressenza.com\/de\/2021\/03\/atomkraft-und-klimaschutz-sind-unvereinbar\/\" \/>\n<meta property=\"og:locale\" content=\"de_DE\" \/>\n<meta property=\"og:type\" content=\"article\" \/>\n<meta property=\"og:title\" content=\"Atomkraft und Klimaschutz sind unvereinbar\" \/>\n<meta property=\"og:description\" content=\"Die heute vom Bundesumweltministerium (BMU) vorgelegten \u201e12 Punkte f\u00fcr die Vollendung des Atomausstiegs\u201c kommentiert Michael M\u00fcller, Bundesvorsitzender\" \/>\n<meta property=\"og:url\" content=\"https:\/\/www.pressenza.com\/de\/2021\/03\/atomkraft-und-klimaschutz-sind-unvereinbar\/\" \/>\n<meta property=\"og:site_name\" content=\"Pressenza\" \/>\n<meta property=\"article:publisher\" content=\"https:\/\/www.facebook.com\/PressenzaItalia\" \/>\n<meta property=\"article:author\" content=\"https:\/\/www.facebook.com\/Pressenza-Deutschland-sterreich-Schweiz-281675388658060\/timeline\/\" \/>\n<meta property=\"article:published_time\" content=\"2021-03-15T09:04:35+00:00\" \/>\n<meta property=\"og:image\" content=\"https:\/\/www.pressenza.com\/wp-content\/uploads\/2021\/03\/6530F68A-1E9A-4333-AE91-4028E5B34CE9.jpeg\" \/>\n\t<meta property=\"og:image:width\" content=\"1920\" \/>\n\t<meta property=\"og:image:height\" content=\"1171\" \/>\n\t<meta property=\"og:image:type\" content=\"image\/jpeg\" \/>\n<meta name=\"author\" content=\"Pressenza Berlin\" \/>\n<meta name=\"twitter:card\" content=\"summary_large_image\" \/>\n<meta name=\"twitter:creator\" content=\"@pressenza_ger\" \/>\n<meta name=\"twitter:site\" content=\"@PressenzaIPA\" \/>\n<meta name=\"twitter:label1\" content=\"Verfasst von\" \/>\n\t<meta name=\"twitter:data1\" content=\"Pressenza Berlin\" \/>\n\t<meta name=\"twitter:label2\" content=\"Gesch\u00e4tzte Lesezeit\" \/>\n\t<meta name=\"twitter:data2\" content=\"1\u00a0Minute\" \/>\n<script type=\"application\/ld+json\" class=\"yoast-schema-graph\">{\"@context\":\"https:\/\/schema.org\",\"@graph\":[{\"@type\":\"Article\",\"@id\":\"https:\/\/www.pressenza.com\/de\/2021\/03\/atomkraft-und-klimaschutz-sind-unvereinbar\/#article\",\"isPartOf\":{\"@id\":\"https:\/\/www.pressenza.com\/de\/2021\/03\/atomkraft-und-klimaschutz-sind-unvereinbar\/\"},\"author\":{\"name\":\"Pressenza Berlin\",\"@id\":\"https:\/\/www.pressenza.com\/de\/#\/schema\/person\/57bb5480943a496a7722b0248e4b658a\"},\"headline\":\"Atomkraft und Klimaschutz sind unvereinbar\",\"datePublished\":\"2021-03-15T09:04:35+00:00\",\"mainEntityOfPage\":{\"@id\":\"https:\/\/www.pressenza.com\/de\/2021\/03\/atomkraft-und-klimaschutz-sind-unvereinbar\/\"},\"wordCount\":266,\"publisher\":{\"@id\":\"https:\/\/www.pressenza.com\/de\/#organization\"},\"image\":{\"@id\":\"https:\/\/www.pressenza.com\/de\/2021\/03\/atomkraft-und-klimaschutz-sind-unvereinbar\/#primaryimage\"},\"thumbnailUrl\":\"https:\/\/www.pressenza.com\/wp-content\/uploads\/2021\/03\/6530F68A-1E9A-4333-AE91-4028E5B34CE9.jpeg\",\"keywords\":[\"Atomausstieg\",\"BMU\",\"CO2\",\"Energiewende\",\"Fukushima\",\"Klimaschutz\"],\"articleSection\":[\"\u00d6kologie und Umwelt\",\"Politik\"],\"inLanguage\":\"de\"},{\"@type\":\"WebPage\",\"@id\":\"https:\/\/www.pressenza.com\/de\/2021\/03\/atomkraft-und-klimaschutz-sind-unvereinbar\/\",\"url\":\"https:\/\/www.pressenza.com\/de\/2021\/03\/atomkraft-und-klimaschutz-sind-unvereinbar\/\",\"name\":\"Atomkraft und Klimaschutz sind unvereinbar\",\"isPartOf\":{\"@id\":\"https:\/\/www.pressenza.com\/de\/#website\"},\"primaryImageOfPage\":{\"@id\":\"https:\/\/www.pressenza.com\/de\/2021\/03\/atomkraft-und-klimaschutz-sind-unvereinbar\/#primaryimage\"},\"image\":{\"@id\":\"https:\/\/www.pressenza.com\/de\/2021\/03\/atomkraft-und-klimaschutz-sind-unvereinbar\/#primaryimage\"},\"thumbnailUrl\":\"https:\/\/www.pressenza.com\/wp-content\/uploads\/2021\/03\/6530F68A-1E9A-4333-AE91-4028E5B34CE9.jpeg\",\"datePublished\":\"2021-03-15T09:04:35+00:00\",\"description\":\"Die heute vom Bundesumweltministerium (BMU) vorgelegten \u201e12 Punkte f\u00fcr die Vollendung des Atomausstiegs\u201c kommentiert Michael M\u00fcller, Bundesvorsitzender\",\"breadcrumb\":{\"@id\":\"https:\/\/www.pressenza.com\/de\/2021\/03\/atomkraft-und-klimaschutz-sind-unvereinbar\/#breadcrumb\"},\"inLanguage\":\"de\",\"potentialAction\":[{\"@type\":\"ReadAction\",\"target\":[\"https:\/\/www.pressenza.com\/de\/2021\/03\/atomkraft-und-klimaschutz-sind-unvereinbar\/\"]}]},{\"@type\":\"ImageObject\",\"inLanguage\":\"de\",\"@id\":\"https:\/\/www.pressenza.com\/de\/2021\/03\/atomkraft-und-klimaschutz-sind-unvereinbar\/#primaryimage\",\"url\":\"https:\/\/www.pressenza.com\/wp-content\/uploads\/2021\/03\/6530F68A-1E9A-4333-AE91-4028E5B34CE9.jpeg\",\"contentUrl\":\"https:\/\/www.pressenza.com\/wp-content\/uploads\/2021\/03\/6530F68A-1E9A-4333-AE91-4028E5B34CE9.jpeg\",\"width\":1920,\"height\":1171},{\"@type\":\"BreadcrumbList\",\"@id\":\"https:\/\/www.pressenza.com\/de\/2021\/03\/atomkraft-und-klimaschutz-sind-unvereinbar\/#breadcrumb\",\"itemListElement\":[{\"@type\":\"ListItem\",\"position\":1,\"name\":\"Accueil\",\"item\":\"https:\/\/www.pressenza.com\/de\/\"},{\"@type\":\"ListItem\",\"position\":2,\"name\":\"Atomkraft und Klimaschutz sind unvereinbar\"}]},{\"@type\":\"WebSite\",\"@id\":\"https:\/\/www.pressenza.com\/de\/#website\",\"url\":\"https:\/\/www.pressenza.com\/de\/\",\"name\":\"Pressenza\",\"description\":\"International Press Agency\",\"publisher\":{\"@id\":\"https:\/\/www.pressenza.com\/de\/#organization\"},\"potentialAction\":[{\"@type\":\"SearchAction\",\"target\":{\"@type\":\"EntryPoint\",\"urlTemplate\":\"https:\/\/www.pressenza.com\/de\/?s={search_term_string}\"},\"query-input\":{\"@type\":\"PropertyValueSpecification\",\"valueRequired\":true,\"valueName\":\"search_term_string\"}}],\"inLanguage\":\"de\"},{\"@type\":\"Organization\",\"@id\":\"https:\/\/www.pressenza.com\/de\/#organization\",\"name\":\"Pressenza\",\"url\":\"https:\/\/www.pressenza.com\/de\/\",\"logo\":{\"@type\":\"ImageObject\",\"inLanguage\":\"de\",\"@id\":\"https:\/\/www.pressenza.com\/de\/#\/schema\/logo\/image\/\",\"url\":\"https:\/\/www.pressenza.com\/wp-content\/uploads\/2022\/10\/pressenza_logo_200x200.jpg\",\"contentUrl\":\"https:\/\/www.pressenza.com\/wp-content\/uploads\/2022\/10\/pressenza_logo_200x200.jpg\",\"width\":200,\"height\":200,\"caption\":\"Pressenza\"},\"image\":{\"@id\":\"https:\/\/www.pressenza.com\/de\/#\/schema\/logo\/image\/\"},\"sameAs\":[\"https:\/\/www.facebook.com\/PressenzaItalia\",\"https:\/\/x.com\/PressenzaIPA\"]},{\"@type\":\"Person\",\"@id\":\"https:\/\/www.pressenza.com\/de\/#\/schema\/person\/57bb5480943a496a7722b0248e4b658a\",\"name\":\"Pressenza Berlin\",\"description\":\"News from the Pressenza Bureau in Berlin, Germany\",\"sameAs\":[\"https:\/\/www.facebook.com\/Pressenza-Deutschland-sterreich-Schweiz-281675388658060\/timeline\/\",\"https:\/\/x.com\/pressenza_ger\"],\"url\":\"https:\/\/www.pressenza.com\/de\/author\/pressenza-berlin\/\"}]}<\/script>\n<!-- \/ Yoast SEO plugin. -->","yoast_head_json":{"title":"Atomkraft und Klimaschutz sind unvereinbar","description":"Die heute vom Bundesumweltministerium (BMU) vorgelegten \u201e12 Punkte f\u00fcr die Vollendung des Atomausstiegs\u201c kommentiert Michael M\u00fcller, Bundesvorsitzender","robots":{"index":"index","follow":"follow","max-snippet":"max-snippet:-1","max-image-preview":"max-image-preview:large","max-video-preview":"max-video-preview:-1"},"canonical":"https:\/\/www.pressenza.com\/de\/2021\/03\/atomkraft-und-klimaschutz-sind-unvereinbar\/","og_locale":"de_DE","og_type":"article","og_title":"Atomkraft und Klimaschutz sind unvereinbar","og_description":"Die heute vom Bundesumweltministerium (BMU) vorgelegten \u201e12 Punkte f\u00fcr die Vollendung des Atomausstiegs\u201c kommentiert Michael M\u00fcller, Bundesvorsitzender","og_url":"https:\/\/www.pressenza.com\/de\/2021\/03\/atomkraft-und-klimaschutz-sind-unvereinbar\/","og_site_name":"Pressenza","article_publisher":"https:\/\/www.facebook.com\/PressenzaItalia","article_author":"https:\/\/www.facebook.com\/Pressenza-Deutschland-sterreich-Schweiz-281675388658060\/timeline\/","article_published_time":"2021-03-15T09:04:35+00:00","og_image":[{"width":1920,"height":1171,"url":"https:\/\/www.pressenza.com\/wp-content\/uploads\/2021\/03\/6530F68A-1E9A-4333-AE91-4028E5B34CE9.jpeg","type":"image\/jpeg"}],"author":"Pressenza Berlin","twitter_card":"summary_large_image","twitter_creator":"@pressenza_ger","twitter_site":"@PressenzaIPA","twitter_misc":{"Verfasst von":"Pressenza Berlin","Gesch\u00e4tzte Lesezeit":"1\u00a0Minute"},"schema":{"@context":"https:\/\/schema.org","@graph":[{"@type":"Article","@id":"https:\/\/www.pressenza.com\/de\/2021\/03\/atomkraft-und-klimaschutz-sind-unvereinbar\/#article","isPartOf":{"@id":"https:\/\/www.pressenza.com\/de\/2021\/03\/atomkraft-und-klimaschutz-sind-unvereinbar\/"},"author":{"name":"Pressenza Berlin","@id":"https:\/\/www.pressenza.com\/de\/#\/schema\/person\/57bb5480943a496a7722b0248e4b658a"},"headline":"Atomkraft und Klimaschutz sind unvereinbar","datePublished":"2021-03-15T09:04:35+00:00","mainEntityOfPage":{"@id":"https:\/\/www.pressenza.com\/de\/2021\/03\/atomkraft-und-klimaschutz-sind-unvereinbar\/"},"wordCount":266,"publisher":{"@id":"https:\/\/www.pressenza.com\/de\/#organization"},"image":{"@id":"https:\/\/www.pressenza.com\/de\/2021\/03\/atomkraft-und-klimaschutz-sind-unvereinbar\/#primaryimage"},"thumbnailUrl":"https:\/\/www.pressenza.com\/wp-content\/uploads\/2021\/03\/6530F68A-1E9A-4333-AE91-4028E5B34CE9.jpeg","keywords":["Atomausstieg","BMU","CO2","Energiewende","Fukushima","Klimaschutz"],"articleSection":["\u00d6kologie und Umwelt","Politik"],"inLanguage":"de"},{"@type":"WebPage","@id":"https:\/\/www.pressenza.com\/de\/2021\/03\/atomkraft-und-klimaschutz-sind-unvereinbar\/","url":"https:\/\/www.pressenza.com\/de\/2021\/03\/atomkraft-und-klimaschutz-sind-unvereinbar\/","name":"Atomkraft und Klimaschutz sind unvereinbar","isPartOf":{"@id":"https:\/\/www.pressenza.com\/de\/#website"},"primaryImageOfPage":{"@id":"https:\/\/www.pressenza.com\/de\/2021\/03\/atomkraft-und-klimaschutz-sind-unvereinbar\/#primaryimage"},"image":{"@id":"https:\/\/www.pressenza.com\/de\/2021\/03\/atomkraft-und-klimaschutz-sind-unvereinbar\/#primaryimage"},"thumbnailUrl":"https:\/\/www.pressenza.com\/wp-content\/uploads\/2021\/03\/6530F68A-1E9A-4333-AE91-4028E5B34CE9.jpeg","datePublished":"2021-03-15T09:04:35+00:00","description":"Die heute vom Bundesumweltministerium (BMU) vorgelegten \u201e12 Punkte f\u00fcr die Vollendung des Atomausstiegs\u201c kommentiert Michael M\u00fcller, Bundesvorsitzender","breadcrumb":{"@id":"https:\/\/www.pressenza.com\/de\/2021\/03\/atomkraft-und-klimaschutz-sind-unvereinbar\/#breadcrumb"},"inLanguage":"de","potentialAction":[{"@type":"ReadAction","target":["https:\/\/www.pressenza.com\/de\/2021\/03\/atomkraft-und-klimaschutz-sind-unvereinbar\/"]}]},{"@type":"ImageObject","inLanguage":"de","@id":"https:\/\/www.pressenza.com\/de\/2021\/03\/atomkraft-und-klimaschutz-sind-unvereinbar\/#primaryimage","url":"https:\/\/www.pressenza.com\/wp-content\/uploads\/2021\/03\/6530F68A-1E9A-4333-AE91-4028E5B34CE9.jpeg","contentUrl":"https:\/\/www.pressenza.com\/wp-content\/uploads\/2021\/03\/6530F68A-1E9A-4333-AE91-4028E5B34CE9.jpeg","width":1920,"height":1171},{"@type":"BreadcrumbList","@id":"https:\/\/www.pressenza.com\/de\/2021\/03\/atomkraft-und-klimaschutz-sind-unvereinbar\/#breadcrumb","itemListElement":[{"@type":"ListItem","position":1,"name":"Accueil","item":"https:\/\/www.pressenza.com\/de\/"},{"@type":"ListItem","position":2,"name":"Atomkraft und Klimaschutz sind unvereinbar"}]},{"@type":"WebSite","@id":"https:\/\/www.pressenza.com\/de\/#website","url":"https:\/\/www.pressenza.com\/de\/","name":"Pressenza","description":"International Press Agency","publisher":{"@id":"https:\/\/www.pressenza.com\/de\/#organization"},"potentialAction":[{"@type":"SearchAction","target":{"@type":"EntryPoint","urlTemplate":"https:\/\/www.pressenza.com\/de\/?s={search_term_string}"},"query-input":{"@type":"PropertyValueSpecification","valueRequired":true,"valueName":"search_term_string"}}],"inLanguage":"de"},{"@type":"Organization","@id":"https:\/\/www.pressenza.com\/de\/#organization","name":"Pressenza","url":"https:\/\/www.pressenza.com\/de\/","logo":{"@type":"ImageObject","inLanguage":"de","@id":"https:\/\/www.pressenza.com\/de\/#\/schema\/logo\/image\/","url":"https:\/\/www.pressenza.com\/wp-content\/uploads\/2022\/10\/pressenza_logo_200x200.jpg","contentUrl":"https:\/\/www.pressenza.com\/wp-content\/uploads\/2022\/10\/pressenza_logo_200x200.jpg","width":200,"height":200,"caption":"Pressenza"},"image":{"@id":"https:\/\/www.pressenza.com\/de\/#\/schema\/logo\/image\/"},"sameAs":["https:\/\/www.facebook.com\/PressenzaItalia","https:\/\/x.com\/PressenzaIPA"]},{"@type":"Person","@id":"https:\/\/www.pressenza.com\/de\/#\/schema\/person\/57bb5480943a496a7722b0248e4b658a","name":"Pressenza Berlin","description":"News from the Pressenza Bureau in Berlin, Germany","sameAs":["https:\/\/www.facebook.com\/Pressenza-Deutschland-sterreich-Schweiz-281675388658060\/timeline\/","https:\/\/x.com\/pressenza_ger"],"url":"https:\/\/www.pressenza.com\/de\/author\/pressenza-berlin\/"}]}},"place":"Naturfreunde","original_article_url":"","_links":{"self":[{"href":"https:\/\/www.pressenza.com\/de\/wp-json\/wp\/v2\/posts\/1318886","targetHints":{"allow":["GET"]}}],"collection":[{"href":"https:\/\/www.pressenza.com\/de\/wp-json\/wp\/v2\/posts"}],"about":[{"href":"https:\/\/www.pressenza.com\/de\/wp-json\/wp\/v2\/types\/post"}],"author":[{"embeddable":true,"href":"https:\/\/www.pressenza.com\/de\/wp-json\/wp\/v2\/users\/1095"}],"replies":[{"embeddable":true,"href":"https:\/\/www.pressenza.com\/de\/wp-json\/wp\/v2\/comments?post=1318886"}],"version-history":[{"count":0,"href":"https:\/\/www.pressenza.com\/de\/wp-json\/wp\/v2\/posts\/1318886\/revisions"}],"wp:featuredmedia":[{"embeddable":true,"href":"https:\/\/www.pressenza.com\/de\/wp-json\/wp\/v2\/media\/1318906"}],"wp:attachment":[{"href":"https:\/\/www.pressenza.com\/de\/wp-json\/wp\/v2\/media?parent=1318886"}],"wp:term":[{"taxonomy":"category","embeddable":true,"href":"https:\/\/www.pressenza.com\/de\/wp-json\/wp\/v2\/categories?post=1318886"},{"taxonomy":"post_tag","embeddable":true,"href":"https:\/\/www.pressenza.com\/de\/wp-json\/wp\/v2\/tags?post=1318886"}],"curies":[{"name":"wp","href":"https:\/\/api.w.org\/{rel}","templated":true}]}}