{"id":1316501,"date":"2021-03-11T05:51:12","date_gmt":"2021-03-11T05:51:12","guid":{"rendered":"https:\/\/www.pressenza.com\/?p=1316501"},"modified":"2021-03-11T05:51:12","modified_gmt":"2021-03-11T05:51:12","slug":"klimawandel-gefaehrdet-den-europaeischen-wald","status":"publish","type":"post","link":"https:\/\/www.pressenza.com\/de\/2021\/03\/klimawandel-gefaehrdet-den-europaeischen-wald\/","title":{"rendered":"Klimawandel gef\u00e4hrdet den europ\u00e4ischen Wald"},"content":{"rendered":"<p><b>In den letzten Jahren haben die europ\u00e4ischen W\u00e4lder stark unter den extremen Klimabedingungen und deren Folgen gelitten. Ein Gro\u00dfteil der europ\u00e4ischen W\u00e4lder ist potenziell durch verschiedene sch\u00e4digende Ereignisse wie etwa Insektenbefall gef\u00e4hrdet. Zu diesem Ergebnis kommt die Studie eines internationalen Teams, an dem Henrik Hartmann, Wissenschaftler am <i>Max-Planck-Institut f\u00fcr Biogeochemie<\/i>, beteiligt war. Die Ergebnisse k\u00f6nnten helfen, den Wald robuster gegen den fortschreitenden Klimawandel zu machen.<\/b><\/p>\n<p>Ein gutes Drittel der europ\u00e4ischen Landmasse ist von W\u00e4ldern bedeckt. W\u00e4lder spielen eine wichtige Rolle bei der Regulierung des Klimas und des Wasserhaushalts. Sie liefern Holz, beherbergen zahlreiche Arten und bieten Menschen einen Erholungssraum. Seit einigen Jahren diskutieren Wissenschaftlerinnen und Wissenschaftler sogar, ob sich durch massive Aufforstung der menschengemachte Klimawandel abschw\u00e4chen lie\u00dfe, weil ein Wald der Atmosph\u00e4re in seiner Wachstumsphase viel CO2 entzieht. Doch derzeit ist es eher umgekehrt: Der Klimawandel der letzten Jahrzehnte schw\u00e4cht die W\u00e4lder, denn er macht sie anf\u00e4lliger f\u00fcr St\u00f6rungen. Wie verletzbar ein Wald etwa durch Insektenbefall oder Windwurf ist, bestimmen vor allem seine Struktur und das vorherrschende Klima. Dabei z\u00e4hlen die borealen Nadelw\u00e4lder der kalten Klimazonen und die warm-trockenen W\u00e4lder der iberischen Halbinsel zu den besonders empfindlichen \u00d6kosystemen.<\/p>\n<p><strong>Insektenplagen gef\u00e4hrden die W\u00e4lder zunehmend<\/strong><\/p>\n<p>Forscher aus Italien, Spanien, Finnland und Deutschland haben nun festgestellt, dass weit mehr als die H\u00e4lfte der europ\u00e4ischen W\u00e4lder potenziell durch Windwurf, Waldbr\u00e4nde, Insektenplagen oder eine Kombination aus mehreren dieser Faktoren gef\u00e4hrdet ist. Zu diesem Ergebnis kamen die Wissenschaftler, indem sie auf Basis von Satellitendaten und mithilfe k\u00fcnstlicher Intelligenz die Anf\u00e4lligkeit gegen\u00fcber St\u00f6rungen im Zeitraum zwischen 1979 und 2018 analysierten.<\/p>\n<p>Henrik Hartmann, Forschungsgruppenleiter am <i>Max-Planck-Institut f\u00fcr Biogeochemie<\/i>, beobachtet dabei aus \u00f6kophysiologischer Sicht wiederkehrende Muster und res\u00fcmiert: &#8222;Die Erfahrung der letzten Jahre, vor allem seit 2018, hat uns deutlich gezeigt, dass die von Schadinsekten ausgehende Gefahr f\u00fcr W\u00e4lder durch die Klimaver\u00e4nderungen besonders angestiegen ist. Daher bef\u00fcrchten wir, dass eine fortschreitende Erw\u00e4rmung des Klimas diese Tendenz weiter verst\u00e4rken wird.&#8220;<\/p>\n<p>Extreme Witterungsbedingungen wie Hitze und D\u00fcrre schw\u00e4chen die B\u00e4ume und machen sie anf\u00e4llig gegen\u00fcber Schadinsekten. &#8222;Diese Erkenntnis ist nicht neu, und W\u00e4lder sind normalerweise gut gegen gelegentliche Klimaextreme gewappnet. Dass diese Extreme nun so h\u00e4ufig und wiederholt auftreten, macht die Ausnahme zur Norm und damit kommt der Wald nicht klar&#8220;, erkl\u00e4rt der Experte.<\/p>\n<p><strong>Alte B\u00e4ume trifft es h\u00e4rter<\/strong><\/p>\n<p>Die Daten der aktuellen Studie zeigen zudem, dass gerade gro\u00dfe und alte B\u00e4ume besonders stark durch klimatische Extreme gef\u00e4hrdet sind. Beobachten konnte man dies in den letzten D\u00fcrrejahren auch bei den mitteleurop\u00e4ischen Buchenw\u00e4ldern, wo verst\u00e4rkt alte B\u00e4ume pl\u00f6tzlich abstarben. &#8222;Das liegt daran, dass ihr Leitsystem f\u00fcr den Wassertransport unter gr\u00f6\u00dferer Last arbeiten muss, um Wasser \u00fcber die Wurzeln aus dem Boden bis hinauf in die Krone zu transportieren. Dadurch leiden gro\u00dfe B\u00e4ume st\u00e4rker unter Trockenheit und sind dann anf\u00e4lliger gegen\u00fcber Krankheiten&#8220;, erkl\u00e4rt Henrik Hartmann. Zudem bevorzugen Schadinsekten gro\u00dfe und \u00e4ltere B\u00e4ume als Wirte. So fliegt beispielsweise der Buchdrucker, der haupts\u00e4chlich ausgewachsene Fichten attackiert, vor allem Individuen an. Hinzu kommt auch, dass gro\u00dfe B\u00e4ume bei Sturmereignissen dem Wind eine gr\u00f6\u00dfere Angriffsfl\u00e4che bieten. &#8222;Die Ergebnisse der Studie sind also sowohl aus \u00f6kologischer und auch aus \u00f6kophysiologischer Sicht schl\u00fcssig&#8220;, fasst Henrik Hartmann zusammen.<\/p>\n<p>Die Studie ist vor dem Hintergrund des fortschreitenden Klimawandels wichtig f\u00fcr die Verbesserung von Anpassungsstrategien und die Forstwirtschaft, um die europ\u00e4ischen W\u00e4lder langfristig widerstandsf\u00e4higer zu gestalten. Die bestehenden europ\u00e4ischen W\u00e4lder werden zwar nicht zwangsl\u00e4ufig verschwinden, aber bei einem Gro\u00dfteil k\u00f6nnten durch geh\u00e4uft auftretende St\u00f6rungen starke Sch\u00e4den entstehen. So k\u00f6nnten durch den Verlust besonders von gro\u00dfen und alten B\u00e4umen auch wichtige \u00d6kosystemleistungen beeintr\u00e4chtigt werden. (<i><a title=\"https:\/\/www.mpg.de\/16500078\/klimawandel-wald\" href=\"https:\/\/www.mpg.de\/16500078\/klimawandel-wald\">mpg<\/a><\/i>)<\/p>\n<div id=\"emailskopiertclipboardPopupMail\" class=\"emailskopiertHiddenPopup\" style=\"z-index: 1102;\">\n<div id=\"emailskopiertpopupContentToMail\">\n<div id=\"emailskopiertinfoToPopupClipboard\">E-Mail wurde erfolgreich kopiert<\/div>\n<p><textarea id=\"emailskopierttextSelectAreaClipboard\"><\/textarea><\/div>\n<\/div>\n<div><\/div>\n","protected":false},"excerpt":{"rendered":"<p>In den letzten Jahren haben die europ\u00e4ischen W\u00e4lder stark unter den extremen Klimabedingungen und deren Folgen gelitten. Ein Gro\u00dfteil der europ\u00e4ischen W\u00e4lder ist potenziell durch verschiedene sch\u00e4digende Ereignisse wie etwa Insektenbefall gef\u00e4hrdet. Zu diesem Ergebnis kommt die Studie eines internationalen&hellip;<\/p>\n","protected":false},"author":1163,"featured_media":1316502,"comment_status":"closed","ping_status":"closed","sticky":false,"template":"","format":"standard","meta":{"footnotes":""},"categories":[9157,9169],"tags":[66443,74150,61298,12395,33043,72447],"class_list":["post-1316501","post","type-post","status-publish","format-standard","has-post-thumbnail","hentry","category-oekologie-und-umwelt","category-wissenschaft-und-technologie","tag-aufforstung","tag-co2-de","tag-insekten","tag-klimawandel","tag-max-planck-institut","tag-waelder"],"yoast_head":"<!-- This site is optimized with the Yoast SEO plugin v27.1.1 - https:\/\/yoast.com\/product\/yoast-seo-wordpress\/ -->\n<title>Klimawandel gef\u00e4hrdet den europ\u00e4ischen Wald<\/title>\n<meta name=\"description\" content=\"In den letzten Jahren haben die europ\u00e4ischen W\u00e4lder stark unter den extremen Klimabedingungen und deren Folgen gelitten. Ein Gro\u00dfteil der europ\u00e4ischen\" \/>\n<meta name=\"robots\" content=\"index, follow, max-snippet:-1, max-image-preview:large, max-video-preview:-1\" \/>\n<link rel=\"canonical\" href=\"https:\/\/www.pressenza.com\/de\/2021\/03\/klimawandel-gefaehrdet-den-europaeischen-wald\/\" \/>\n<meta property=\"og:locale\" content=\"de_DE\" \/>\n<meta property=\"og:type\" content=\"article\" \/>\n<meta property=\"og:title\" content=\"Klimawandel gef\u00e4hrdet den europ\u00e4ischen Wald\" \/>\n<meta property=\"og:description\" content=\"In den letzten Jahren haben die europ\u00e4ischen W\u00e4lder stark unter den extremen Klimabedingungen und deren Folgen gelitten. Ein Gro\u00dfteil der europ\u00e4ischen\" \/>\n<meta property=\"og:url\" content=\"https:\/\/www.pressenza.com\/de\/2021\/03\/klimawandel-gefaehrdet-den-europaeischen-wald\/\" \/>\n<meta property=\"og:site_name\" content=\"Pressenza\" \/>\n<meta property=\"article:publisher\" content=\"https:\/\/www.facebook.com\/PressenzaItalia\" \/>\n<meta property=\"article:author\" content=\"https:\/\/www.facebook.com\/hpd.de\" \/>\n<meta property=\"article:published_time\" content=\"2021-03-11T05:51:12+00:00\" \/>\n<meta property=\"og:image\" content=\"https:\/\/www.pressenza.com\/wp-content\/uploads\/2021\/03\/wald_1.v1.jpg\" \/>\n\t<meta property=\"og:image:width\" content=\"1920\" \/>\n\t<meta property=\"og:image:height\" content=\"1279\" \/>\n\t<meta property=\"og:image:type\" content=\"image\/jpeg\" \/>\n<meta name=\"author\" content=\"Humanistischer Pressedienst\" \/>\n<meta name=\"twitter:card\" content=\"summary_large_image\" \/>\n<meta name=\"twitter:creator\" content=\"@hpdticker\" \/>\n<meta name=\"twitter:site\" content=\"@PressenzaIPA\" \/>\n<meta name=\"twitter:label1\" content=\"Verfasst von\" \/>\n\t<meta name=\"twitter:data1\" content=\"Humanistischer Pressedienst\" \/>\n\t<meta name=\"twitter:label2\" content=\"Gesch\u00e4tzte Lesezeit\" \/>\n\t<meta name=\"twitter:data2\" content=\"3\u00a0Minuten\" \/>\n<script type=\"application\/ld+json\" class=\"yoast-schema-graph\">{\"@context\":\"https:\/\/schema.org\",\"@graph\":[{\"@type\":\"Article\",\"@id\":\"https:\/\/www.pressenza.com\/de\/2021\/03\/klimawandel-gefaehrdet-den-europaeischen-wald\/#article\",\"isPartOf\":{\"@id\":\"https:\/\/www.pressenza.com\/de\/2021\/03\/klimawandel-gefaehrdet-den-europaeischen-wald\/\"},\"author\":{\"name\":\"Humanistischer Pressedienst\",\"@id\":\"https:\/\/www.pressenza.com\/de\/#\/schema\/person\/38b1bb4060cd67df380552dfe740ee1c\"},\"headline\":\"Klimawandel gef\u00e4hrdet den europ\u00e4ischen Wald\",\"datePublished\":\"2021-03-11T05:51:12+00:00\",\"mainEntityOfPage\":{\"@id\":\"https:\/\/www.pressenza.com\/de\/2021\/03\/klimawandel-gefaehrdet-den-europaeischen-wald\/\"},\"wordCount\":673,\"publisher\":{\"@id\":\"https:\/\/www.pressenza.com\/de\/#organization\"},\"image\":{\"@id\":\"https:\/\/www.pressenza.com\/de\/2021\/03\/klimawandel-gefaehrdet-den-europaeischen-wald\/#primaryimage\"},\"thumbnailUrl\":\"https:\/\/www.pressenza.com\/wp-content\/uploads\/2021\/03\/wald_1.v1.jpg\",\"keywords\":[\"Aufforstung\",\"CO2\",\"Insekten\",\"Klimawandel\",\"Max Planck Institut\",\"W\u00e4lder\"],\"articleSection\":[\"\u00d6kologie und Umwelt\",\"Wissenschaft und Technologie\"],\"inLanguage\":\"de\"},{\"@type\":\"WebPage\",\"@id\":\"https:\/\/www.pressenza.com\/de\/2021\/03\/klimawandel-gefaehrdet-den-europaeischen-wald\/\",\"url\":\"https:\/\/www.pressenza.com\/de\/2021\/03\/klimawandel-gefaehrdet-den-europaeischen-wald\/\",\"name\":\"Klimawandel gef\u00e4hrdet den europ\u00e4ischen Wald\",\"isPartOf\":{\"@id\":\"https:\/\/www.pressenza.com\/de\/#website\"},\"primaryImageOfPage\":{\"@id\":\"https:\/\/www.pressenza.com\/de\/2021\/03\/klimawandel-gefaehrdet-den-europaeischen-wald\/#primaryimage\"},\"image\":{\"@id\":\"https:\/\/www.pressenza.com\/de\/2021\/03\/klimawandel-gefaehrdet-den-europaeischen-wald\/#primaryimage\"},\"thumbnailUrl\":\"https:\/\/www.pressenza.com\/wp-content\/uploads\/2021\/03\/wald_1.v1.jpg\",\"datePublished\":\"2021-03-11T05:51:12+00:00\",\"description\":\"In den letzten Jahren haben die europ\u00e4ischen W\u00e4lder stark unter den extremen Klimabedingungen und deren Folgen gelitten. Ein Gro\u00dfteil der europ\u00e4ischen\",\"breadcrumb\":{\"@id\":\"https:\/\/www.pressenza.com\/de\/2021\/03\/klimawandel-gefaehrdet-den-europaeischen-wald\/#breadcrumb\"},\"inLanguage\":\"de\",\"potentialAction\":[{\"@type\":\"ReadAction\",\"target\":[\"https:\/\/www.pressenza.com\/de\/2021\/03\/klimawandel-gefaehrdet-den-europaeischen-wald\/\"]}]},{\"@type\":\"ImageObject\",\"inLanguage\":\"de\",\"@id\":\"https:\/\/www.pressenza.com\/de\/2021\/03\/klimawandel-gefaehrdet-den-europaeischen-wald\/#primaryimage\",\"url\":\"https:\/\/www.pressenza.com\/wp-content\/uploads\/2021\/03\/wald_1.v1.jpg\",\"contentUrl\":\"https:\/\/www.pressenza.com\/wp-content\/uploads\/2021\/03\/wald_1.v1.jpg\",\"width\":1920,\"height\":1279},{\"@type\":\"BreadcrumbList\",\"@id\":\"https:\/\/www.pressenza.com\/de\/2021\/03\/klimawandel-gefaehrdet-den-europaeischen-wald\/#breadcrumb\",\"itemListElement\":[{\"@type\":\"ListItem\",\"position\":1,\"name\":\"Accueil\",\"item\":\"https:\/\/www.pressenza.com\/de\/\"},{\"@type\":\"ListItem\",\"position\":2,\"name\":\"Klimawandel gef\u00e4hrdet den europ\u00e4ischen Wald\"}]},{\"@type\":\"WebSite\",\"@id\":\"https:\/\/www.pressenza.com\/de\/#website\",\"url\":\"https:\/\/www.pressenza.com\/de\/\",\"name\":\"Pressenza\",\"description\":\"International Press Agency\",\"publisher\":{\"@id\":\"https:\/\/www.pressenza.com\/de\/#organization\"},\"potentialAction\":[{\"@type\":\"SearchAction\",\"target\":{\"@type\":\"EntryPoint\",\"urlTemplate\":\"https:\/\/www.pressenza.com\/de\/?s={search_term_string}\"},\"query-input\":{\"@type\":\"PropertyValueSpecification\",\"valueRequired\":true,\"valueName\":\"search_term_string\"}}],\"inLanguage\":\"de\"},{\"@type\":\"Organization\",\"@id\":\"https:\/\/www.pressenza.com\/de\/#organization\",\"name\":\"Pressenza\",\"url\":\"https:\/\/www.pressenza.com\/de\/\",\"logo\":{\"@type\":\"ImageObject\",\"inLanguage\":\"de\",\"@id\":\"https:\/\/www.pressenza.com\/de\/#\/schema\/logo\/image\/\",\"url\":\"https:\/\/www.pressenza.com\/wp-content\/uploads\/2022\/10\/pressenza_logo_200x200.jpg\",\"contentUrl\":\"https:\/\/www.pressenza.com\/wp-content\/uploads\/2022\/10\/pressenza_logo_200x200.jpg\",\"width\":200,\"height\":200,\"caption\":\"Pressenza\"},\"image\":{\"@id\":\"https:\/\/www.pressenza.com\/de\/#\/schema\/logo\/image\/\"},\"sameAs\":[\"https:\/\/www.facebook.com\/PressenzaItalia\",\"https:\/\/x.com\/PressenzaIPA\"]},{\"@type\":\"Person\",\"@id\":\"https:\/\/www.pressenza.com\/de\/#\/schema\/person\/38b1bb4060cd67df380552dfe740ee1c\",\"name\":\"Humanistischer Pressedienst\",\"description\":\"Der Humanistische Pressedienst (hpd) pr\u00e4sentiert aufkl\u00e4rerische, humanistische und freigeistige Positionen zu aktuellen Ereignissen. Das Internetportal will konfessionsfreien Menschen \u2013 in Deutschland ein Drittel der Bev\u00f6lkerung \u2013 eine Stimme geben. Der hpd versteht sich als Plattform f\u00fcr das breite Spektrum s\u00e4kularer Bestrebungen, mit deren Akteuren er bestens vernetzt ist und zu deren Meinungsbildung er beitragen m\u00f6chte. Artikel des Humanistischen Pressdienst auf Pressenza fallen nicht unter die Creative-Commons-Lizenz und d\u00fcrfen nur mit ausdr\u00fccklicher Zustimmung der Redaktion von hpd.de \u00fcbernommen werden.\",\"sameAs\":[\"https:\/\/www.facebook.com\/hpd.de\",\"https:\/\/x.com\/hpdticker\"],\"url\":\"https:\/\/www.pressenza.com\/de\/author\/humanistischer-pressedienst\/\"}]}<\/script>\n<!-- \/ Yoast SEO plugin. -->","yoast_head_json":{"title":"Klimawandel gef\u00e4hrdet den europ\u00e4ischen Wald","description":"In den letzten Jahren haben die europ\u00e4ischen W\u00e4lder stark unter den extremen Klimabedingungen und deren Folgen gelitten. Ein Gro\u00dfteil der europ\u00e4ischen","robots":{"index":"index","follow":"follow","max-snippet":"max-snippet:-1","max-image-preview":"max-image-preview:large","max-video-preview":"max-video-preview:-1"},"canonical":"https:\/\/www.pressenza.com\/de\/2021\/03\/klimawandel-gefaehrdet-den-europaeischen-wald\/","og_locale":"de_DE","og_type":"article","og_title":"Klimawandel gef\u00e4hrdet den europ\u00e4ischen Wald","og_description":"In den letzten Jahren haben die europ\u00e4ischen W\u00e4lder stark unter den extremen Klimabedingungen und deren Folgen gelitten. Ein Gro\u00dfteil der europ\u00e4ischen","og_url":"https:\/\/www.pressenza.com\/de\/2021\/03\/klimawandel-gefaehrdet-den-europaeischen-wald\/","og_site_name":"Pressenza","article_publisher":"https:\/\/www.facebook.com\/PressenzaItalia","article_author":"https:\/\/www.facebook.com\/hpd.de","article_published_time":"2021-03-11T05:51:12+00:00","og_image":[{"width":1920,"height":1279,"url":"https:\/\/www.pressenza.com\/wp-content\/uploads\/2021\/03\/wald_1.v1.jpg","type":"image\/jpeg"}],"author":"Humanistischer Pressedienst","twitter_card":"summary_large_image","twitter_creator":"@hpdticker","twitter_site":"@PressenzaIPA","twitter_misc":{"Verfasst von":"Humanistischer Pressedienst","Gesch\u00e4tzte Lesezeit":"3\u00a0Minuten"},"schema":{"@context":"https:\/\/schema.org","@graph":[{"@type":"Article","@id":"https:\/\/www.pressenza.com\/de\/2021\/03\/klimawandel-gefaehrdet-den-europaeischen-wald\/#article","isPartOf":{"@id":"https:\/\/www.pressenza.com\/de\/2021\/03\/klimawandel-gefaehrdet-den-europaeischen-wald\/"},"author":{"name":"Humanistischer Pressedienst","@id":"https:\/\/www.pressenza.com\/de\/#\/schema\/person\/38b1bb4060cd67df380552dfe740ee1c"},"headline":"Klimawandel gef\u00e4hrdet den europ\u00e4ischen Wald","datePublished":"2021-03-11T05:51:12+00:00","mainEntityOfPage":{"@id":"https:\/\/www.pressenza.com\/de\/2021\/03\/klimawandel-gefaehrdet-den-europaeischen-wald\/"},"wordCount":673,"publisher":{"@id":"https:\/\/www.pressenza.com\/de\/#organization"},"image":{"@id":"https:\/\/www.pressenza.com\/de\/2021\/03\/klimawandel-gefaehrdet-den-europaeischen-wald\/#primaryimage"},"thumbnailUrl":"https:\/\/www.pressenza.com\/wp-content\/uploads\/2021\/03\/wald_1.v1.jpg","keywords":["Aufforstung","CO2","Insekten","Klimawandel","Max Planck Institut","W\u00e4lder"],"articleSection":["\u00d6kologie und Umwelt","Wissenschaft und Technologie"],"inLanguage":"de"},{"@type":"WebPage","@id":"https:\/\/www.pressenza.com\/de\/2021\/03\/klimawandel-gefaehrdet-den-europaeischen-wald\/","url":"https:\/\/www.pressenza.com\/de\/2021\/03\/klimawandel-gefaehrdet-den-europaeischen-wald\/","name":"Klimawandel gef\u00e4hrdet den europ\u00e4ischen Wald","isPartOf":{"@id":"https:\/\/www.pressenza.com\/de\/#website"},"primaryImageOfPage":{"@id":"https:\/\/www.pressenza.com\/de\/2021\/03\/klimawandel-gefaehrdet-den-europaeischen-wald\/#primaryimage"},"image":{"@id":"https:\/\/www.pressenza.com\/de\/2021\/03\/klimawandel-gefaehrdet-den-europaeischen-wald\/#primaryimage"},"thumbnailUrl":"https:\/\/www.pressenza.com\/wp-content\/uploads\/2021\/03\/wald_1.v1.jpg","datePublished":"2021-03-11T05:51:12+00:00","description":"In den letzten Jahren haben die europ\u00e4ischen W\u00e4lder stark unter den extremen Klimabedingungen und deren Folgen gelitten. Ein Gro\u00dfteil der europ\u00e4ischen","breadcrumb":{"@id":"https:\/\/www.pressenza.com\/de\/2021\/03\/klimawandel-gefaehrdet-den-europaeischen-wald\/#breadcrumb"},"inLanguage":"de","potentialAction":[{"@type":"ReadAction","target":["https:\/\/www.pressenza.com\/de\/2021\/03\/klimawandel-gefaehrdet-den-europaeischen-wald\/"]}]},{"@type":"ImageObject","inLanguage":"de","@id":"https:\/\/www.pressenza.com\/de\/2021\/03\/klimawandel-gefaehrdet-den-europaeischen-wald\/#primaryimage","url":"https:\/\/www.pressenza.com\/wp-content\/uploads\/2021\/03\/wald_1.v1.jpg","contentUrl":"https:\/\/www.pressenza.com\/wp-content\/uploads\/2021\/03\/wald_1.v1.jpg","width":1920,"height":1279},{"@type":"BreadcrumbList","@id":"https:\/\/www.pressenza.com\/de\/2021\/03\/klimawandel-gefaehrdet-den-europaeischen-wald\/#breadcrumb","itemListElement":[{"@type":"ListItem","position":1,"name":"Accueil","item":"https:\/\/www.pressenza.com\/de\/"},{"@type":"ListItem","position":2,"name":"Klimawandel gef\u00e4hrdet den europ\u00e4ischen Wald"}]},{"@type":"WebSite","@id":"https:\/\/www.pressenza.com\/de\/#website","url":"https:\/\/www.pressenza.com\/de\/","name":"Pressenza","description":"International Press Agency","publisher":{"@id":"https:\/\/www.pressenza.com\/de\/#organization"},"potentialAction":[{"@type":"SearchAction","target":{"@type":"EntryPoint","urlTemplate":"https:\/\/www.pressenza.com\/de\/?s={search_term_string}"},"query-input":{"@type":"PropertyValueSpecification","valueRequired":true,"valueName":"search_term_string"}}],"inLanguage":"de"},{"@type":"Organization","@id":"https:\/\/www.pressenza.com\/de\/#organization","name":"Pressenza","url":"https:\/\/www.pressenza.com\/de\/","logo":{"@type":"ImageObject","inLanguage":"de","@id":"https:\/\/www.pressenza.com\/de\/#\/schema\/logo\/image\/","url":"https:\/\/www.pressenza.com\/wp-content\/uploads\/2022\/10\/pressenza_logo_200x200.jpg","contentUrl":"https:\/\/www.pressenza.com\/wp-content\/uploads\/2022\/10\/pressenza_logo_200x200.jpg","width":200,"height":200,"caption":"Pressenza"},"image":{"@id":"https:\/\/www.pressenza.com\/de\/#\/schema\/logo\/image\/"},"sameAs":["https:\/\/www.facebook.com\/PressenzaItalia","https:\/\/x.com\/PressenzaIPA"]},{"@type":"Person","@id":"https:\/\/www.pressenza.com\/de\/#\/schema\/person\/38b1bb4060cd67df380552dfe740ee1c","name":"Humanistischer Pressedienst","description":"Der Humanistische Pressedienst (hpd) pr\u00e4sentiert aufkl\u00e4rerische, humanistische und freigeistige Positionen zu aktuellen Ereignissen. Das Internetportal will konfessionsfreien Menschen \u2013 in Deutschland ein Drittel der Bev\u00f6lkerung \u2013 eine Stimme geben. Der hpd versteht sich als Plattform f\u00fcr das breite Spektrum s\u00e4kularer Bestrebungen, mit deren Akteuren er bestens vernetzt ist und zu deren Meinungsbildung er beitragen m\u00f6chte. Artikel des Humanistischen Pressdienst auf Pressenza fallen nicht unter die Creative-Commons-Lizenz und d\u00fcrfen nur mit ausdr\u00fccklicher Zustimmung der Redaktion von hpd.de \u00fcbernommen werden.","sameAs":["https:\/\/www.facebook.com\/hpd.de","https:\/\/x.com\/hpdticker"],"url":"https:\/\/www.pressenza.com\/de\/author\/humanistischer-pressedienst\/"}]}},"place":"","original_article_url":"https:\/\/hpd.de\/artikel\/klimawandel-gefaehrdet-den-europaeischen-wald-19057","_links":{"self":[{"href":"https:\/\/www.pressenza.com\/de\/wp-json\/wp\/v2\/posts\/1316501","targetHints":{"allow":["GET"]}}],"collection":[{"href":"https:\/\/www.pressenza.com\/de\/wp-json\/wp\/v2\/posts"}],"about":[{"href":"https:\/\/www.pressenza.com\/de\/wp-json\/wp\/v2\/types\/post"}],"author":[{"embeddable":true,"href":"https:\/\/www.pressenza.com\/de\/wp-json\/wp\/v2\/users\/1163"}],"replies":[{"embeddable":true,"href":"https:\/\/www.pressenza.com\/de\/wp-json\/wp\/v2\/comments?post=1316501"}],"version-history":[{"count":0,"href":"https:\/\/www.pressenza.com\/de\/wp-json\/wp\/v2\/posts\/1316501\/revisions"}],"wp:featuredmedia":[{"embeddable":true,"href":"https:\/\/www.pressenza.com\/de\/wp-json\/wp\/v2\/media\/1316502"}],"wp:attachment":[{"href":"https:\/\/www.pressenza.com\/de\/wp-json\/wp\/v2\/media?parent=1316501"}],"wp:term":[{"taxonomy":"category","embeddable":true,"href":"https:\/\/www.pressenza.com\/de\/wp-json\/wp\/v2\/categories?post=1316501"},{"taxonomy":"post_tag","embeddable":true,"href":"https:\/\/www.pressenza.com\/de\/wp-json\/wp\/v2\/tags?post=1316501"}],"curies":[{"name":"wp","href":"https:\/\/api.w.org\/{rel}","templated":true}]}}