{"id":1302675,"date":"2021-02-23T06:49:33","date_gmt":"2021-02-23T06:49:33","guid":{"rendered":"https:\/\/www.pressenza.com\/?p=1302675"},"modified":"2021-02-23T06:49:33","modified_gmt":"2021-02-23T06:49:33","slug":"proteste-wegen-feminizids-an-achtjaehriger","status":"publish","type":"post","link":"https:\/\/www.pressenza.com\/de\/2021\/02\/proteste-wegen-feminizids-an-achtjaehriger\/","title":{"rendered":"Proteste wegen Feminizids an Achtj\u00e4hriger"},"content":{"rendered":"<p>Unter dem Motto \u201eJungen und M\u00e4dchen haben das Recht, in Frieden zu leben, sich frei bewegen und spielen zu k\u00f6nnen und ohne Angst aufzuwachsen\u201c fanden am Wochenende des 13. und 14. Februars an verschiedenen Orten in Guatemala Demonstrationen statt. Grund daf\u00fcr war der Tod der achtj\u00e4hrigen Sharon, die bei einer Fahrt mit dem Fahrrad in dem im Norden Guatemalas gelegenen Departamento Pet\u00e9n zuerst entf\u00fchrt und sp\u00e4ter zu Tode gepr\u00fcgelt und stranguliert worden war.<\/p>\n<p>Am 15. Februar 2021 startete dann die Kampagne mit dem Titel \u201e#Ich habe Angst, morgen bin ich #verschwunden und \u00fcbermorgen #in Trauer\u201c. Verschiedene Frauengruppen haben die Kampagne mit dem Ziel ins Leben gerufen, eine Diskussion \u00fcber die schreckliche Gewalt, die im mittelamerikanischen Land herrscht, auszul\u00f6sen.<\/p>\n<p>Die Protestierenden machen den Pr\u00e4sidenten der Republik Alejandro Giammattei und den Innenminister Gendri Reyes verantwortlich f\u00fcr die Zunahme der Gewalt gegen\u00fcber Frauen. Sie h\u00e4tten keine Pr\u00e4ventionspl\u00e4ne aufgestellt, sondern die Institutionen, die Frauenrechte garantieren sollten, sogar noch geschw\u00e4cht.<\/p>\n<p><strong>Im Jahr 2020 \u00fcber 2.000 Haftbefehle wegen Gewalt an Frauen erlassen<\/strong><\/p>\n<p>Am 13. Februar protestierten M\u00e4dchen und Jugendliche im Gedenken an Sharon, indem sie mit ihren Fahrr\u00e4dern zum zentralen Platz der Hauptstadt fuhren. Die Reaktion der Polizeibeh\u00f6rden war ein Zeugnis der fehlenden Sensibilit\u00e4t auf solch eine dramatische Situation: Sie bildeten einen Zaun aus uniformierten Beamt*innen vor dem Nationalpalast. Unterdessen berichtete Blanca Sandoval, Leiterin der auf Gewalt gegen Frauen spezialisierten Staatsanwaltschaft, dass im Jahr 2020 insgesamt 43.872 Klagen \u00fcber Gewalt gegen Frauen eingegangen seien und man 2.272 Haftbefehle gegen die vermeintlichen Angreifer erlassen habe. Gleichzeitig brachte sie jedoch ihre Ablehnung gegen\u00fcber der Kampagne \u201e#Tengo Miedo\u201c zum Ausdruck: \u201eAuf diese Art und Weise erreicht man keine Gerechtigkeit in diesem Land.\u201c<\/p>\n<p>In Guatemala \u2013 ebenso wie in anderen L\u00e4ndern \u2013 hat die Gewalt gegen Frauen aufgrund der Ausgangsbeschr\u00e4nkungen durch die Covid-19-Pandemie zugenommen. Und obwohl es sich um ein soziales Problem gro\u00dfen Ausma\u00dfes handelt, fehlen den staatlichen Institutionen Pl\u00e4ne zur Pr\u00e4vention und Sicherheitsgarantien. So wird die W\u00fcrde der Frauen missachtet. Zu dieser Aussage kann man kommen, da das legitime Streben nach sicheren Orten, an denen man studieren und arbeiten kann und Zugang zu Sport und Freizeit hat, nicht unterst\u00fctzt wird, sondern die Aufforderung vorherrscht, \u201ezuhause zu bleiben\u201c, wo M\u00e4dchen und Frauen gleicherma\u00dfen misshandelt oder sexuell missbraucht werden.<\/p>\n<p><strong>T\u00e4glich 20 Vergewaltigungen zur Anzeige gebracht<\/strong><\/p>\n<p>In verschiedenen Medien wurden Aussagen verbreitet, die diese Angst erkl\u00e4ren: \u201eAus Furcht, entf\u00fchrt und ermordet zu werden\u201c; weil die Gewalt gegen Frauen aufgrund der Vorurteile der Personen, die mit der Durchsetzung der Gesetze beauftragt sind, zur Normalit\u00e4t wird; weil es im Moment der Anzeige f\u00fcr eine korrekte Behandlung notwendig ist, den genauen Straftatbestand des Angriffes zu kennen; und weil man h\u00e4ufig den Opfern die Schuld gibt oder diese als \u201el\u00fcgenhaft\u201c bezeichnet. Die Referentin f\u00fcr Frauenangelegenheiten der guatemaltekischen Staatsanwaltschaft, Lucrecia de V\u00e1squez, bekr\u00e4ftigte, dass allein im Januar dieses Jahres 60 Frauen auf gewaltsame Art und Weise ums Leben gekommen sind und, dass im Jahr 2020 t\u00e4glich 20 Vergewaltigungen angezeigt wurden.<\/p>\n<div id=\"emailskopiertclipboardPopupMail\" class=\"emailskopiertHiddenPopup\" style=\"z-index: 1102;\">\n<div id=\"emailskopiertpopupContentToMail\">\n<div id=\"emailskopiertinfoToPopupClipboard\">E-Mail wurde erfolgreich kopiert<\/div>\n<p>&nbsp;<\/p>\n<\/div>\n<\/div>\n<div><\/div>\n<div id=\"emailskopiertclipboardPopupMail\" class=\"emailskopiertHiddenPopup\" style=\"z-index: 1102;\">\n<div id=\"emailskopiertpopupContentToMail\">\n<div id=\"emailskopiertinfoToPopupClipboard\">E-Mail wurde erfolgreich kopiert<\/div>\n<p><textarea id=\"emailskopierttextSelectAreaClipboard\"><\/textarea><\/div>\n<\/div>\n","protected":false},"excerpt":{"rendered":"<p>Unter dem Motto \u201eJungen und M\u00e4dchen haben das Recht, in Frieden zu leben, sich frei bewegen und spielen zu k\u00f6nnen und ohne Angst aufzuwachsen\u201c fanden am Wochenende des 13. und 14. Februars an verschiedenen Orten in Guatemala Demonstrationen statt. Grund&hellip;<\/p>\n","protected":false},"author":1631,"featured_media":1302676,"comment_status":"closed","ping_status":"closed","sticky":false,"template":"","format":"standard","meta":{"footnotes":""},"categories":[54510,9160,9166],"tags":[72646,76209,9934,87657],"class_list":["post-1302675","post","type-post","status-publish","format-standard","has-post-thumbnail","hentry","category-gender-und-feminismen","category-gesundheit","category-gewaltfreiheit","tag-covid-19-de","tag-femizide","tag-frauenrechte","tag-guatemala-de"],"yoast_head":"<!-- This site is optimized with the Yoast SEO plugin v27.1.1 - https:\/\/yoast.com\/product\/yoast-seo-wordpress\/ -->\n<title>Proteste wegen Feminizids an Achtj\u00e4hriger<\/title>\n<meta name=\"description\" content=\"Unter dem Motto \u201eJungen und M\u00e4dchen haben das Recht, in Frieden zu leben, sich frei bewegen und spielen zu k\u00f6nnen und ohne Angst aufzuwachsen\u201c fanden am\" \/>\n<meta name=\"robots\" content=\"index, follow, max-snippet:-1, max-image-preview:large, max-video-preview:-1\" \/>\n<link rel=\"canonical\" href=\"https:\/\/www.pressenza.com\/de\/2021\/02\/proteste-wegen-feminizids-an-achtjaehriger\/\" \/>\n<meta property=\"og:locale\" content=\"de_DE\" \/>\n<meta property=\"og:type\" content=\"article\" \/>\n<meta property=\"og:title\" content=\"Proteste wegen Feminizids an Achtj\u00e4hriger\" \/>\n<meta property=\"og:description\" content=\"Unter dem Motto \u201eJungen und M\u00e4dchen haben das Recht, in Frieden zu leben, sich frei bewegen und spielen zu k\u00f6nnen und ohne Angst aufzuwachsen\u201c fanden am\" \/>\n<meta property=\"og:url\" content=\"https:\/\/www.pressenza.com\/de\/2021\/02\/proteste-wegen-feminizids-an-achtjaehriger\/\" \/>\n<meta property=\"og:site_name\" content=\"Pressenza\" \/>\n<meta property=\"article:publisher\" content=\"https:\/\/www.facebook.com\/PressenzaItalia\" \/>\n<meta property=\"article:published_time\" content=\"2021-02-23T06:49:33+00:00\" \/>\n<meta property=\"og:image\" content=\"https:\/\/www.pressenza.com\/wp-content\/uploads\/2021\/02\/04C61AB6-FBEA-475E-8CC1-1C8E1333BBB1.jpeg\" \/>\n\t<meta property=\"og:image:width\" content=\"1920\" \/>\n\t<meta property=\"og:image:height\" content=\"1280\" \/>\n\t<meta property=\"og:image:type\" content=\"image\/jpeg\" \/>\n<meta name=\"author\" content=\"Lateinamerika Nachrichten\" \/>\n<meta name=\"twitter:card\" content=\"summary_large_image\" \/>\n<meta name=\"twitter:creator\" content=\"@PressenzaIPA\" \/>\n<meta name=\"twitter:site\" content=\"@PressenzaIPA\" \/>\n<meta name=\"twitter:label1\" content=\"Verfasst von\" \/>\n\t<meta name=\"twitter:data1\" content=\"Lateinamerika Nachrichten\" \/>\n\t<meta name=\"twitter:label2\" content=\"Gesch\u00e4tzte Lesezeit\" \/>\n\t<meta name=\"twitter:data2\" content=\"3\u00a0Minuten\" \/>\n<script type=\"application\/ld+json\" class=\"yoast-schema-graph\">{\"@context\":\"https:\/\/schema.org\",\"@graph\":[{\"@type\":\"Article\",\"@id\":\"https:\/\/www.pressenza.com\/de\/2021\/02\/proteste-wegen-feminizids-an-achtjaehriger\/#article\",\"isPartOf\":{\"@id\":\"https:\/\/www.pressenza.com\/de\/2021\/02\/proteste-wegen-feminizids-an-achtjaehriger\/\"},\"author\":{\"name\":\"Lateinamerika Nachrichten\",\"@id\":\"https:\/\/www.pressenza.com\/de\/#\/schema\/person\/ca80be2ec1663515ce690c04e8a674af\"},\"headline\":\"Proteste wegen Feminizids an Achtj\u00e4hriger\",\"datePublished\":\"2021-02-23T06:49:33+00:00\",\"mainEntityOfPage\":{\"@id\":\"https:\/\/www.pressenza.com\/de\/2021\/02\/proteste-wegen-feminizids-an-achtjaehriger\/\"},\"wordCount\":526,\"publisher\":{\"@id\":\"https:\/\/www.pressenza.com\/de\/#organization\"},\"image\":{\"@id\":\"https:\/\/www.pressenza.com\/de\/2021\/02\/proteste-wegen-feminizids-an-achtjaehriger\/#primaryimage\"},\"thumbnailUrl\":\"https:\/\/www.pressenza.com\/wp-content\/uploads\/2021\/02\/04C61AB6-FBEA-475E-8CC1-1C8E1333BBB1.jpeg\",\"keywords\":[\"COVID-19\",\"Femizide\",\"Frauenrechte\",\"Guatemala\"],\"articleSection\":[\"Gender und Feminismen\",\"Gesundheit\",\"Gewaltfreiheit\"],\"inLanguage\":\"de\"},{\"@type\":\"WebPage\",\"@id\":\"https:\/\/www.pressenza.com\/de\/2021\/02\/proteste-wegen-feminizids-an-achtjaehriger\/\",\"url\":\"https:\/\/www.pressenza.com\/de\/2021\/02\/proteste-wegen-feminizids-an-achtjaehriger\/\",\"name\":\"Proteste wegen Feminizids an Achtj\u00e4hriger\",\"isPartOf\":{\"@id\":\"https:\/\/www.pressenza.com\/de\/#website\"},\"primaryImageOfPage\":{\"@id\":\"https:\/\/www.pressenza.com\/de\/2021\/02\/proteste-wegen-feminizids-an-achtjaehriger\/#primaryimage\"},\"image\":{\"@id\":\"https:\/\/www.pressenza.com\/de\/2021\/02\/proteste-wegen-feminizids-an-achtjaehriger\/#primaryimage\"},\"thumbnailUrl\":\"https:\/\/www.pressenza.com\/wp-content\/uploads\/2021\/02\/04C61AB6-FBEA-475E-8CC1-1C8E1333BBB1.jpeg\",\"datePublished\":\"2021-02-23T06:49:33+00:00\",\"description\":\"Unter dem Motto \u201eJungen und M\u00e4dchen haben das Recht, in Frieden zu leben, sich frei bewegen und spielen zu k\u00f6nnen und ohne Angst aufzuwachsen\u201c fanden am\",\"breadcrumb\":{\"@id\":\"https:\/\/www.pressenza.com\/de\/2021\/02\/proteste-wegen-feminizids-an-achtjaehriger\/#breadcrumb\"},\"inLanguage\":\"de\",\"potentialAction\":[{\"@type\":\"ReadAction\",\"target\":[\"https:\/\/www.pressenza.com\/de\/2021\/02\/proteste-wegen-feminizids-an-achtjaehriger\/\"]}]},{\"@type\":\"ImageObject\",\"inLanguage\":\"de\",\"@id\":\"https:\/\/www.pressenza.com\/de\/2021\/02\/proteste-wegen-feminizids-an-achtjaehriger\/#primaryimage\",\"url\":\"https:\/\/www.pressenza.com\/wp-content\/uploads\/2021\/02\/04C61AB6-FBEA-475E-8CC1-1C8E1333BBB1.jpeg\",\"contentUrl\":\"https:\/\/www.pressenza.com\/wp-content\/uploads\/2021\/02\/04C61AB6-FBEA-475E-8CC1-1C8E1333BBB1.jpeg\",\"width\":1920,\"height\":1280},{\"@type\":\"BreadcrumbList\",\"@id\":\"https:\/\/www.pressenza.com\/de\/2021\/02\/proteste-wegen-feminizids-an-achtjaehriger\/#breadcrumb\",\"itemListElement\":[{\"@type\":\"ListItem\",\"position\":1,\"name\":\"Accueil\",\"item\":\"https:\/\/www.pressenza.com\/de\/\"},{\"@type\":\"ListItem\",\"position\":2,\"name\":\"Proteste wegen Feminizids an Achtj\u00e4hriger\"}]},{\"@type\":\"WebSite\",\"@id\":\"https:\/\/www.pressenza.com\/de\/#website\",\"url\":\"https:\/\/www.pressenza.com\/de\/\",\"name\":\"Pressenza\",\"description\":\"International Press Agency\",\"publisher\":{\"@id\":\"https:\/\/www.pressenza.com\/de\/#organization\"},\"potentialAction\":[{\"@type\":\"SearchAction\",\"target\":{\"@type\":\"EntryPoint\",\"urlTemplate\":\"https:\/\/www.pressenza.com\/de\/?s={search_term_string}\"},\"query-input\":{\"@type\":\"PropertyValueSpecification\",\"valueRequired\":true,\"valueName\":\"search_term_string\"}}],\"inLanguage\":\"de\"},{\"@type\":\"Organization\",\"@id\":\"https:\/\/www.pressenza.com\/de\/#organization\",\"name\":\"Pressenza\",\"url\":\"https:\/\/www.pressenza.com\/de\/\",\"logo\":{\"@type\":\"ImageObject\",\"inLanguage\":\"de\",\"@id\":\"https:\/\/www.pressenza.com\/de\/#\/schema\/logo\/image\/\",\"url\":\"https:\/\/www.pressenza.com\/wp-content\/uploads\/2022\/10\/pressenza_logo_200x200.jpg\",\"contentUrl\":\"https:\/\/www.pressenza.com\/wp-content\/uploads\/2022\/10\/pressenza_logo_200x200.jpg\",\"width\":200,\"height\":200,\"caption\":\"Pressenza\"},\"image\":{\"@id\":\"https:\/\/www.pressenza.com\/de\/#\/schema\/logo\/image\/\"},\"sameAs\":[\"https:\/\/www.facebook.com\/PressenzaItalia\",\"https:\/\/x.com\/PressenzaIPA\"]},{\"@type\":\"Person\",\"@id\":\"https:\/\/www.pressenza.com\/de\/#\/schema\/person\/ca80be2ec1663515ce690c04e8a674af\",\"name\":\"Lateinamerika Nachrichten\",\"description\":\"Die Lateinamerika Nachrichten berichten seit 1973 unabh\u00e4ngig, kritisch und solidarisch \u00fcber aktuelle Entwicklungen in Politik, Gesellschaft und Kultur. Ziel ihrer Berichterstattung ist es dabei auch den Konformismus vieler Medien zu \u00fcberwinden und emanzipatorischem Handeln auf der Spur zu sein. Die auf Pressenza ver\u00f6ffentlichten Artikel und Fotografien von Lateinamerika-Nachrichten unterliegen nicht der Creative Commons Lizenz. Wiederver\u00f6ffentlichung ist erw\u00fcnscht unter Angabe der Quelle und nach R\u00fccksprache mit der Lateinamerika-Nachrichten Redaktion.\",\"url\":\"https:\/\/www.pressenza.com\/de\/author\/lateinamerika-nachrichten\/\"}]}<\/script>\n<!-- \/ Yoast SEO plugin. -->","yoast_head_json":{"title":"Proteste wegen Feminizids an Achtj\u00e4hriger","description":"Unter dem Motto \u201eJungen und M\u00e4dchen haben das Recht, in Frieden zu leben, sich frei bewegen und spielen zu k\u00f6nnen und ohne Angst aufzuwachsen\u201c fanden am","robots":{"index":"index","follow":"follow","max-snippet":"max-snippet:-1","max-image-preview":"max-image-preview:large","max-video-preview":"max-video-preview:-1"},"canonical":"https:\/\/www.pressenza.com\/de\/2021\/02\/proteste-wegen-feminizids-an-achtjaehriger\/","og_locale":"de_DE","og_type":"article","og_title":"Proteste wegen Feminizids an Achtj\u00e4hriger","og_description":"Unter dem Motto \u201eJungen und M\u00e4dchen haben das Recht, in Frieden zu leben, sich frei bewegen und spielen zu k\u00f6nnen und ohne Angst aufzuwachsen\u201c fanden am","og_url":"https:\/\/www.pressenza.com\/de\/2021\/02\/proteste-wegen-feminizids-an-achtjaehriger\/","og_site_name":"Pressenza","article_publisher":"https:\/\/www.facebook.com\/PressenzaItalia","article_published_time":"2021-02-23T06:49:33+00:00","og_image":[{"width":1920,"height":1280,"url":"https:\/\/www.pressenza.com\/wp-content\/uploads\/2021\/02\/04C61AB6-FBEA-475E-8CC1-1C8E1333BBB1.jpeg","type":"image\/jpeg"}],"author":"Lateinamerika Nachrichten","twitter_card":"summary_large_image","twitter_creator":"@PressenzaIPA","twitter_site":"@PressenzaIPA","twitter_misc":{"Verfasst von":"Lateinamerika Nachrichten","Gesch\u00e4tzte Lesezeit":"3\u00a0Minuten"},"schema":{"@context":"https:\/\/schema.org","@graph":[{"@type":"Article","@id":"https:\/\/www.pressenza.com\/de\/2021\/02\/proteste-wegen-feminizids-an-achtjaehriger\/#article","isPartOf":{"@id":"https:\/\/www.pressenza.com\/de\/2021\/02\/proteste-wegen-feminizids-an-achtjaehriger\/"},"author":{"name":"Lateinamerika Nachrichten","@id":"https:\/\/www.pressenza.com\/de\/#\/schema\/person\/ca80be2ec1663515ce690c04e8a674af"},"headline":"Proteste wegen Feminizids an Achtj\u00e4hriger","datePublished":"2021-02-23T06:49:33+00:00","mainEntityOfPage":{"@id":"https:\/\/www.pressenza.com\/de\/2021\/02\/proteste-wegen-feminizids-an-achtjaehriger\/"},"wordCount":526,"publisher":{"@id":"https:\/\/www.pressenza.com\/de\/#organization"},"image":{"@id":"https:\/\/www.pressenza.com\/de\/2021\/02\/proteste-wegen-feminizids-an-achtjaehriger\/#primaryimage"},"thumbnailUrl":"https:\/\/www.pressenza.com\/wp-content\/uploads\/2021\/02\/04C61AB6-FBEA-475E-8CC1-1C8E1333BBB1.jpeg","keywords":["COVID-19","Femizide","Frauenrechte","Guatemala"],"articleSection":["Gender und Feminismen","Gesundheit","Gewaltfreiheit"],"inLanguage":"de"},{"@type":"WebPage","@id":"https:\/\/www.pressenza.com\/de\/2021\/02\/proteste-wegen-feminizids-an-achtjaehriger\/","url":"https:\/\/www.pressenza.com\/de\/2021\/02\/proteste-wegen-feminizids-an-achtjaehriger\/","name":"Proteste wegen Feminizids an Achtj\u00e4hriger","isPartOf":{"@id":"https:\/\/www.pressenza.com\/de\/#website"},"primaryImageOfPage":{"@id":"https:\/\/www.pressenza.com\/de\/2021\/02\/proteste-wegen-feminizids-an-achtjaehriger\/#primaryimage"},"image":{"@id":"https:\/\/www.pressenza.com\/de\/2021\/02\/proteste-wegen-feminizids-an-achtjaehriger\/#primaryimage"},"thumbnailUrl":"https:\/\/www.pressenza.com\/wp-content\/uploads\/2021\/02\/04C61AB6-FBEA-475E-8CC1-1C8E1333BBB1.jpeg","datePublished":"2021-02-23T06:49:33+00:00","description":"Unter dem Motto \u201eJungen und M\u00e4dchen haben das Recht, in Frieden zu leben, sich frei bewegen und spielen zu k\u00f6nnen und ohne Angst aufzuwachsen\u201c fanden am","breadcrumb":{"@id":"https:\/\/www.pressenza.com\/de\/2021\/02\/proteste-wegen-feminizids-an-achtjaehriger\/#breadcrumb"},"inLanguage":"de","potentialAction":[{"@type":"ReadAction","target":["https:\/\/www.pressenza.com\/de\/2021\/02\/proteste-wegen-feminizids-an-achtjaehriger\/"]}]},{"@type":"ImageObject","inLanguage":"de","@id":"https:\/\/www.pressenza.com\/de\/2021\/02\/proteste-wegen-feminizids-an-achtjaehriger\/#primaryimage","url":"https:\/\/www.pressenza.com\/wp-content\/uploads\/2021\/02\/04C61AB6-FBEA-475E-8CC1-1C8E1333BBB1.jpeg","contentUrl":"https:\/\/www.pressenza.com\/wp-content\/uploads\/2021\/02\/04C61AB6-FBEA-475E-8CC1-1C8E1333BBB1.jpeg","width":1920,"height":1280},{"@type":"BreadcrumbList","@id":"https:\/\/www.pressenza.com\/de\/2021\/02\/proteste-wegen-feminizids-an-achtjaehriger\/#breadcrumb","itemListElement":[{"@type":"ListItem","position":1,"name":"Accueil","item":"https:\/\/www.pressenza.com\/de\/"},{"@type":"ListItem","position":2,"name":"Proteste wegen Feminizids an Achtj\u00e4hriger"}]},{"@type":"WebSite","@id":"https:\/\/www.pressenza.com\/de\/#website","url":"https:\/\/www.pressenza.com\/de\/","name":"Pressenza","description":"International Press Agency","publisher":{"@id":"https:\/\/www.pressenza.com\/de\/#organization"},"potentialAction":[{"@type":"SearchAction","target":{"@type":"EntryPoint","urlTemplate":"https:\/\/www.pressenza.com\/de\/?s={search_term_string}"},"query-input":{"@type":"PropertyValueSpecification","valueRequired":true,"valueName":"search_term_string"}}],"inLanguage":"de"},{"@type":"Organization","@id":"https:\/\/www.pressenza.com\/de\/#organization","name":"Pressenza","url":"https:\/\/www.pressenza.com\/de\/","logo":{"@type":"ImageObject","inLanguage":"de","@id":"https:\/\/www.pressenza.com\/de\/#\/schema\/logo\/image\/","url":"https:\/\/www.pressenza.com\/wp-content\/uploads\/2022\/10\/pressenza_logo_200x200.jpg","contentUrl":"https:\/\/www.pressenza.com\/wp-content\/uploads\/2022\/10\/pressenza_logo_200x200.jpg","width":200,"height":200,"caption":"Pressenza"},"image":{"@id":"https:\/\/www.pressenza.com\/de\/#\/schema\/logo\/image\/"},"sameAs":["https:\/\/www.facebook.com\/PressenzaItalia","https:\/\/x.com\/PressenzaIPA"]},{"@type":"Person","@id":"https:\/\/www.pressenza.com\/de\/#\/schema\/person\/ca80be2ec1663515ce690c04e8a674af","name":"Lateinamerika Nachrichten","description":"Die Lateinamerika Nachrichten berichten seit 1973 unabh\u00e4ngig, kritisch und solidarisch \u00fcber aktuelle Entwicklungen in Politik, Gesellschaft und Kultur. Ziel ihrer Berichterstattung ist es dabei auch den Konformismus vieler Medien zu \u00fcberwinden und emanzipatorischem Handeln auf der Spur zu sein. Die auf Pressenza ver\u00f6ffentlichten Artikel und Fotografien von Lateinamerika-Nachrichten unterliegen nicht der Creative Commons Lizenz. Wiederver\u00f6ffentlichung ist erw\u00fcnscht unter Angabe der Quelle und nach R\u00fccksprache mit der Lateinamerika-Nachrichten Redaktion.","url":"https:\/\/www.pressenza.com\/de\/author\/lateinamerika-nachrichten\/"}]}},"place":"","original_article_url":"https:\/\/www.npla.de\/thema\/arbeit-gesundheit\/proteste-wegen-feminizids-an-achtjaehriger\/","_links":{"self":[{"href":"https:\/\/www.pressenza.com\/de\/wp-json\/wp\/v2\/posts\/1302675","targetHints":{"allow":["GET"]}}],"collection":[{"href":"https:\/\/www.pressenza.com\/de\/wp-json\/wp\/v2\/posts"}],"about":[{"href":"https:\/\/www.pressenza.com\/de\/wp-json\/wp\/v2\/types\/post"}],"author":[{"embeddable":true,"href":"https:\/\/www.pressenza.com\/de\/wp-json\/wp\/v2\/users\/1631"}],"replies":[{"embeddable":true,"href":"https:\/\/www.pressenza.com\/de\/wp-json\/wp\/v2\/comments?post=1302675"}],"version-history":[{"count":0,"href":"https:\/\/www.pressenza.com\/de\/wp-json\/wp\/v2\/posts\/1302675\/revisions"}],"wp:featuredmedia":[{"embeddable":true,"href":"https:\/\/www.pressenza.com\/de\/wp-json\/wp\/v2\/media\/1302676"}],"wp:attachment":[{"href":"https:\/\/www.pressenza.com\/de\/wp-json\/wp\/v2\/media?parent=1302675"}],"wp:term":[{"taxonomy":"category","embeddable":true,"href":"https:\/\/www.pressenza.com\/de\/wp-json\/wp\/v2\/categories?post=1302675"},{"taxonomy":"post_tag","embeddable":true,"href":"https:\/\/www.pressenza.com\/de\/wp-json\/wp\/v2\/tags?post=1302675"}],"curies":[{"name":"wp","href":"https:\/\/api.w.org\/{rel}","templated":true}]}}