{"id":1291662,"date":"2021-02-05T10:07:35","date_gmt":"2021-02-05T10:07:35","guid":{"rendered":"https:\/\/www.pressenza.com\/?p=1291662"},"modified":"2021-02-05T10:07:35","modified_gmt":"2021-02-05T10:07:35","slug":"wegweisendes-urteil-ovg-muenster-stoppt-abschiebungen-nach-griechenland","status":"publish","type":"post","link":"https:\/\/www.pressenza.com\/de\/2021\/02\/wegweisendes-urteil-ovg-muenster-stoppt-abschiebungen-nach-griechenland\/","title":{"rendered":"Wegweisendes Urteil: OVG M\u00fcnster stoppt Abschiebungen nach Griechenland"},"content":{"rendered":"<p><strong>PRO ASYL fordert generellen Abschiebestopp<\/strong><\/p>\n<p>Wie heute bekannt wurde, hat das <a href=\"https:\/\/www.ovg.nrw.de\/behoerde\/presse\/pressemitteilungen\/09_210126\/index.php\" target=\"_blank\" rel=\"noopener noreferrer\">Oberverwaltungsgericht f\u00fcr das Land Nordrhein-Westfalen entschieden<\/a>, dass in Griechenland anerkannte Schutzberechtigte aktuell nicht dorthin r\u00fcck\u00fcberstellt werden d\u00fcrfen. Dem Gericht zufolge bestehe generell die ernsthafte Gefahr, dass Fl\u00fcchtlinge bei einer R\u00fcckkehr nach Griechenland ihre elementarsten Bed\u00fcrfnisse (\u00bbBett, Brot, Seife\u00ab) \u00fcber einen l\u00e4ngeren Zeitraum nicht befriedigen k\u00f6nnen.<\/p>\n<p>Karl Kopp, Leiter der Europaabteilung bei PRO ASYL, kommentiert:\u00a0\u00bbDie Urteile\u00a0aus M\u00fcnster stehen in einer Reihe von positiven Gerichtsentscheidungen, die die Verelendung und Gef\u00e4hrdung von Fl\u00fcchtlingen in Griechenland adressieren. Alle Abschiebungen von Fl\u00fcchtlingen dorthin m\u00fcssen gestoppt werden!\u00ab<\/p>\n<p>PRO ASYL und seine griechische Partnerorganisation Refugee Support Aegean (RSA) dokumentieren seit Jahren die Situation von Schutzberechtigten in Griechenland und haben mehrfach darauf hingewiesen, dass Schutz in Griechenland nur auf dem Papier existiert. In einer <a href=\"https:\/\/www.proasyl.de\/wp-content\/uploads\/PRO_ASYL_RSA_Information-zur-Situation-international-Schutzberechtigter-in-Griechenland.pdf\" target=\"_blank\" rel=\"noopener noreferrer\">k\u00fcrzlich ver\u00f6ffentlichten Stellungnahme<\/a> kommen sie zu dem Schluss, dass sich die Lage von Schutzberechtigten in Griechenland in j\u00fcngster Zeit weiter verschlechtert hat. Menschen, die mit internationalem Schutz nach Griechenland abgeschoben werden, landen dort in der Obdachlosigkeit, erhalten in der Praxis keinen Zugang zu elementaren Leistungen und k\u00f6nnen auch sonst auf keine Unterst\u00fctzung von staatlicher Seite hoffen. Ihnen droht innerhalb k\u00fcrzester Zeit Verelendung und ein Leben unter menschenrechtswidrigen Bedingungen.<\/p>\n","protected":false},"excerpt":{"rendered":"<p>PRO ASYL fordert generellen Abschiebestopp Wie heute bekannt wurde, hat das Oberverwaltungsgericht f\u00fcr das Land Nordrhein-Westfalen entschieden, dass in Griechenland anerkannte Schutzberechtigte aktuell nicht dorthin r\u00fcck\u00fcberstellt werden d\u00fcrfen. Dem Gericht zufolge bestehe generell die ernsthafte Gefahr, dass Fl\u00fcchtlinge bei einer&hellip;<\/p>\n","protected":false},"author":1411,"featured_media":1291689,"comment_status":"closed","ping_status":"closed","sticky":false,"template":"","format":"standard","meta":{"footnotes":""},"categories":[9161,54569,9168,9145],"tags":[10412,9219,86991],"class_list":["post-1291662","post","type-post","status-publish","format-standard","has-post-thumbnail","hentry","category-menschenrechte","category-migration","category-politik","category-pressemitteilungen","tag-asyl","tag-fluchtlinge","tag-rsa-de"],"yoast_head":"<!-- This site is optimized with the Yoast SEO plugin v27.1.1 - https:\/\/yoast.com\/product\/yoast-seo-wordpress\/ -->\n<title>Wegweisendes Urteil: OVG M\u00fcnster stoppt Abschiebungen nach Griechenland<\/title>\n<meta name=\"description\" content=\"PRO ASYL fordert generellen Abschiebestopp Wie heute bekannt wurde, hat das Oberverwaltungsgericht f\u00fcr das Land Nordrhein-Westfalen entschieden, dass in\" \/>\n<meta name=\"robots\" content=\"index, follow, max-snippet:-1, max-image-preview:large, max-video-preview:-1\" \/>\n<link rel=\"canonical\" href=\"https:\/\/www.pressenza.com\/de\/2021\/02\/wegweisendes-urteil-ovg-muenster-stoppt-abschiebungen-nach-griechenland\/\" \/>\n<meta property=\"og:locale\" content=\"de_DE\" \/>\n<meta property=\"og:type\" content=\"article\" \/>\n<meta property=\"og:title\" content=\"Wegweisendes Urteil: OVG M\u00fcnster stoppt Abschiebungen nach Griechenland\" \/>\n<meta property=\"og:description\" content=\"PRO ASYL fordert generellen Abschiebestopp Wie heute bekannt wurde, hat das Oberverwaltungsgericht f\u00fcr das Land Nordrhein-Westfalen entschieden, dass in\" \/>\n<meta property=\"og:url\" content=\"https:\/\/www.pressenza.com\/de\/2021\/02\/wegweisendes-urteil-ovg-muenster-stoppt-abschiebungen-nach-griechenland\/\" \/>\n<meta property=\"og:site_name\" content=\"Pressenza\" \/>\n<meta property=\"article:publisher\" content=\"https:\/\/www.facebook.com\/PressenzaItalia\" \/>\n<meta property=\"article:published_time\" content=\"2021-02-05T10:07:35+00:00\" \/>\n<meta property=\"og:image\" content=\"https:\/\/www.pressenza.com\/wp-content\/uploads\/2021\/02\/D118E1FA-DEF1-42A8-AACF-B9CA3B69B7BD.jpeg\" \/>\n\t<meta property=\"og:image:width\" content=\"1920\" \/>\n\t<meta property=\"og:image:height\" content=\"1284\" \/>\n\t<meta property=\"og:image:type\" content=\"image\/jpeg\" \/>\n<meta name=\"author\" content=\"Pro Asyl\" \/>\n<meta name=\"twitter:card\" content=\"summary_large_image\" \/>\n<meta name=\"twitter:creator\" content=\"@PressenzaIPA\" \/>\n<meta name=\"twitter:site\" content=\"@PressenzaIPA\" \/>\n<meta name=\"twitter:label1\" content=\"Verfasst von\" \/>\n\t<meta name=\"twitter:data1\" content=\"Pro Asyl\" \/>\n\t<meta name=\"twitter:label2\" content=\"Gesch\u00e4tzte Lesezeit\" \/>\n\t<meta name=\"twitter:data2\" content=\"1\u00a0Minute\" \/>\n<script type=\"application\/ld+json\" class=\"yoast-schema-graph\">{\"@context\":\"https:\/\/schema.org\",\"@graph\":[{\"@type\":\"Article\",\"@id\":\"https:\/\/www.pressenza.com\/de\/2021\/02\/wegweisendes-urteil-ovg-muenster-stoppt-abschiebungen-nach-griechenland\/#article\",\"isPartOf\":{\"@id\":\"https:\/\/www.pressenza.com\/de\/2021\/02\/wegweisendes-urteil-ovg-muenster-stoppt-abschiebungen-nach-griechenland\/\"},\"author\":{\"name\":\"Pro Asyl\",\"@id\":\"https:\/\/www.pressenza.com\/de\/#\/schema\/person\/2a2e2e83a39e4cf3cf67ecb1e0760b14\"},\"headline\":\"Wegweisendes Urteil: OVG M\u00fcnster stoppt Abschiebungen nach Griechenland\",\"datePublished\":\"2021-02-05T10:07:35+00:00\",\"mainEntityOfPage\":{\"@id\":\"https:\/\/www.pressenza.com\/de\/2021\/02\/wegweisendes-urteil-ovg-muenster-stoppt-abschiebungen-nach-griechenland\/\"},\"wordCount\":226,\"publisher\":{\"@id\":\"https:\/\/www.pressenza.com\/de\/#organization\"},\"image\":{\"@id\":\"https:\/\/www.pressenza.com\/de\/2021\/02\/wegweisendes-urteil-ovg-muenster-stoppt-abschiebungen-nach-griechenland\/#primaryimage\"},\"thumbnailUrl\":\"https:\/\/www.pressenza.com\/wp-content\/uploads\/2021\/02\/D118E1FA-DEF1-42A8-AACF-B9CA3B69B7BD.jpeg\",\"keywords\":[\"Asyl\",\"Fl\u00fcchtlinge\",\"RSA\"],\"articleSection\":[\"Menschenrechte\",\"Migration\",\"Politik\",\"Pressemitteilungen\"],\"inLanguage\":\"de\"},{\"@type\":\"WebPage\",\"@id\":\"https:\/\/www.pressenza.com\/de\/2021\/02\/wegweisendes-urteil-ovg-muenster-stoppt-abschiebungen-nach-griechenland\/\",\"url\":\"https:\/\/www.pressenza.com\/de\/2021\/02\/wegweisendes-urteil-ovg-muenster-stoppt-abschiebungen-nach-griechenland\/\",\"name\":\"Wegweisendes Urteil: OVG M\u00fcnster stoppt Abschiebungen nach Griechenland\",\"isPartOf\":{\"@id\":\"https:\/\/www.pressenza.com\/de\/#website\"},\"primaryImageOfPage\":{\"@id\":\"https:\/\/www.pressenza.com\/de\/2021\/02\/wegweisendes-urteil-ovg-muenster-stoppt-abschiebungen-nach-griechenland\/#primaryimage\"},\"image\":{\"@id\":\"https:\/\/www.pressenza.com\/de\/2021\/02\/wegweisendes-urteil-ovg-muenster-stoppt-abschiebungen-nach-griechenland\/#primaryimage\"},\"thumbnailUrl\":\"https:\/\/www.pressenza.com\/wp-content\/uploads\/2021\/02\/D118E1FA-DEF1-42A8-AACF-B9CA3B69B7BD.jpeg\",\"datePublished\":\"2021-02-05T10:07:35+00:00\",\"description\":\"PRO ASYL fordert generellen Abschiebestopp Wie heute bekannt wurde, hat das Oberverwaltungsgericht f\u00fcr das Land Nordrhein-Westfalen entschieden, dass in\",\"breadcrumb\":{\"@id\":\"https:\/\/www.pressenza.com\/de\/2021\/02\/wegweisendes-urteil-ovg-muenster-stoppt-abschiebungen-nach-griechenland\/#breadcrumb\"},\"inLanguage\":\"de\",\"potentialAction\":[{\"@type\":\"ReadAction\",\"target\":[\"https:\/\/www.pressenza.com\/de\/2021\/02\/wegweisendes-urteil-ovg-muenster-stoppt-abschiebungen-nach-griechenland\/\"]}]},{\"@type\":\"ImageObject\",\"inLanguage\":\"de\",\"@id\":\"https:\/\/www.pressenza.com\/de\/2021\/02\/wegweisendes-urteil-ovg-muenster-stoppt-abschiebungen-nach-griechenland\/#primaryimage\",\"url\":\"https:\/\/www.pressenza.com\/wp-content\/uploads\/2021\/02\/D118E1FA-DEF1-42A8-AACF-B9CA3B69B7BD.jpeg\",\"contentUrl\":\"https:\/\/www.pressenza.com\/wp-content\/uploads\/2021\/02\/D118E1FA-DEF1-42A8-AACF-B9CA3B69B7BD.jpeg\",\"width\":1920,\"height\":1284},{\"@type\":\"BreadcrumbList\",\"@id\":\"https:\/\/www.pressenza.com\/de\/2021\/02\/wegweisendes-urteil-ovg-muenster-stoppt-abschiebungen-nach-griechenland\/#breadcrumb\",\"itemListElement\":[{\"@type\":\"ListItem\",\"position\":1,\"name\":\"Accueil\",\"item\":\"https:\/\/www.pressenza.com\/de\/\"},{\"@type\":\"ListItem\",\"position\":2,\"name\":\"Wegweisendes Urteil: OVG M\u00fcnster stoppt Abschiebungen nach Griechenland\"}]},{\"@type\":\"WebSite\",\"@id\":\"https:\/\/www.pressenza.com\/de\/#website\",\"url\":\"https:\/\/www.pressenza.com\/de\/\",\"name\":\"Pressenza\",\"description\":\"International Press Agency\",\"publisher\":{\"@id\":\"https:\/\/www.pressenza.com\/de\/#organization\"},\"potentialAction\":[{\"@type\":\"SearchAction\",\"target\":{\"@type\":\"EntryPoint\",\"urlTemplate\":\"https:\/\/www.pressenza.com\/de\/?s={search_term_string}\"},\"query-input\":{\"@type\":\"PropertyValueSpecification\",\"valueRequired\":true,\"valueName\":\"search_term_string\"}}],\"inLanguage\":\"de\"},{\"@type\":\"Organization\",\"@id\":\"https:\/\/www.pressenza.com\/de\/#organization\",\"name\":\"Pressenza\",\"url\":\"https:\/\/www.pressenza.com\/de\/\",\"logo\":{\"@type\":\"ImageObject\",\"inLanguage\":\"de\",\"@id\":\"https:\/\/www.pressenza.com\/de\/#\/schema\/logo\/image\/\",\"url\":\"https:\/\/www.pressenza.com\/wp-content\/uploads\/2022\/10\/pressenza_logo_200x200.jpg\",\"contentUrl\":\"https:\/\/www.pressenza.com\/wp-content\/uploads\/2022\/10\/pressenza_logo_200x200.jpg\",\"width\":200,\"height\":200,\"caption\":\"Pressenza\"},\"image\":{\"@id\":\"https:\/\/www.pressenza.com\/de\/#\/schema\/logo\/image\/\"},\"sameAs\":[\"https:\/\/www.facebook.com\/PressenzaItalia\",\"https:\/\/x.com\/PressenzaIPA\"]},{\"@type\":\"Person\",\"@id\":\"https:\/\/www.pressenza.com\/de\/#\/schema\/person\/2a2e2e83a39e4cf3cf67ecb1e0760b14\",\"name\":\"Pro Asyl\",\"description\":\"Ist die selbstbestimmte und unabh\u00e4ngige Stimme f\u00fcr die Menschenrechte und den Schutz von Fl\u00fcchtlingen in Deutschland und Europa. Es ist ein Verein dessen Arbeit durch Mitgliedsbeitr\u00e4ge, Spenden und Stiftungszuwendungen finanziert wird.\",\"sameAs\":[\"https:\/\/www.proasyl.de\"],\"url\":\"https:\/\/www.pressenza.com\/de\/author\/pro-asyl\/\"}]}<\/script>\n<!-- \/ Yoast SEO plugin. -->","yoast_head_json":{"title":"Wegweisendes Urteil: OVG M\u00fcnster stoppt Abschiebungen nach Griechenland","description":"PRO ASYL fordert generellen Abschiebestopp Wie heute bekannt wurde, hat das Oberverwaltungsgericht f\u00fcr das Land Nordrhein-Westfalen entschieden, dass in","robots":{"index":"index","follow":"follow","max-snippet":"max-snippet:-1","max-image-preview":"max-image-preview:large","max-video-preview":"max-video-preview:-1"},"canonical":"https:\/\/www.pressenza.com\/de\/2021\/02\/wegweisendes-urteil-ovg-muenster-stoppt-abschiebungen-nach-griechenland\/","og_locale":"de_DE","og_type":"article","og_title":"Wegweisendes Urteil: OVG M\u00fcnster stoppt Abschiebungen nach Griechenland","og_description":"PRO ASYL fordert generellen Abschiebestopp Wie heute bekannt wurde, hat das Oberverwaltungsgericht f\u00fcr das Land Nordrhein-Westfalen entschieden, dass in","og_url":"https:\/\/www.pressenza.com\/de\/2021\/02\/wegweisendes-urteil-ovg-muenster-stoppt-abschiebungen-nach-griechenland\/","og_site_name":"Pressenza","article_publisher":"https:\/\/www.facebook.com\/PressenzaItalia","article_published_time":"2021-02-05T10:07:35+00:00","og_image":[{"width":1920,"height":1284,"url":"https:\/\/www.pressenza.com\/wp-content\/uploads\/2021\/02\/D118E1FA-DEF1-42A8-AACF-B9CA3B69B7BD.jpeg","type":"image\/jpeg"}],"author":"Pro Asyl","twitter_card":"summary_large_image","twitter_creator":"@PressenzaIPA","twitter_site":"@PressenzaIPA","twitter_misc":{"Verfasst von":"Pro Asyl","Gesch\u00e4tzte Lesezeit":"1\u00a0Minute"},"schema":{"@context":"https:\/\/schema.org","@graph":[{"@type":"Article","@id":"https:\/\/www.pressenza.com\/de\/2021\/02\/wegweisendes-urteil-ovg-muenster-stoppt-abschiebungen-nach-griechenland\/#article","isPartOf":{"@id":"https:\/\/www.pressenza.com\/de\/2021\/02\/wegweisendes-urteil-ovg-muenster-stoppt-abschiebungen-nach-griechenland\/"},"author":{"name":"Pro Asyl","@id":"https:\/\/www.pressenza.com\/de\/#\/schema\/person\/2a2e2e83a39e4cf3cf67ecb1e0760b14"},"headline":"Wegweisendes Urteil: OVG M\u00fcnster stoppt Abschiebungen nach Griechenland","datePublished":"2021-02-05T10:07:35+00:00","mainEntityOfPage":{"@id":"https:\/\/www.pressenza.com\/de\/2021\/02\/wegweisendes-urteil-ovg-muenster-stoppt-abschiebungen-nach-griechenland\/"},"wordCount":226,"publisher":{"@id":"https:\/\/www.pressenza.com\/de\/#organization"},"image":{"@id":"https:\/\/www.pressenza.com\/de\/2021\/02\/wegweisendes-urteil-ovg-muenster-stoppt-abschiebungen-nach-griechenland\/#primaryimage"},"thumbnailUrl":"https:\/\/www.pressenza.com\/wp-content\/uploads\/2021\/02\/D118E1FA-DEF1-42A8-AACF-B9CA3B69B7BD.jpeg","keywords":["Asyl","Fl\u00fcchtlinge","RSA"],"articleSection":["Menschenrechte","Migration","Politik","Pressemitteilungen"],"inLanguage":"de"},{"@type":"WebPage","@id":"https:\/\/www.pressenza.com\/de\/2021\/02\/wegweisendes-urteil-ovg-muenster-stoppt-abschiebungen-nach-griechenland\/","url":"https:\/\/www.pressenza.com\/de\/2021\/02\/wegweisendes-urteil-ovg-muenster-stoppt-abschiebungen-nach-griechenland\/","name":"Wegweisendes Urteil: OVG M\u00fcnster stoppt Abschiebungen nach Griechenland","isPartOf":{"@id":"https:\/\/www.pressenza.com\/de\/#website"},"primaryImageOfPage":{"@id":"https:\/\/www.pressenza.com\/de\/2021\/02\/wegweisendes-urteil-ovg-muenster-stoppt-abschiebungen-nach-griechenland\/#primaryimage"},"image":{"@id":"https:\/\/www.pressenza.com\/de\/2021\/02\/wegweisendes-urteil-ovg-muenster-stoppt-abschiebungen-nach-griechenland\/#primaryimage"},"thumbnailUrl":"https:\/\/www.pressenza.com\/wp-content\/uploads\/2021\/02\/D118E1FA-DEF1-42A8-AACF-B9CA3B69B7BD.jpeg","datePublished":"2021-02-05T10:07:35+00:00","description":"PRO ASYL fordert generellen Abschiebestopp Wie heute bekannt wurde, hat das Oberverwaltungsgericht f\u00fcr das Land Nordrhein-Westfalen entschieden, dass in","breadcrumb":{"@id":"https:\/\/www.pressenza.com\/de\/2021\/02\/wegweisendes-urteil-ovg-muenster-stoppt-abschiebungen-nach-griechenland\/#breadcrumb"},"inLanguage":"de","potentialAction":[{"@type":"ReadAction","target":["https:\/\/www.pressenza.com\/de\/2021\/02\/wegweisendes-urteil-ovg-muenster-stoppt-abschiebungen-nach-griechenland\/"]}]},{"@type":"ImageObject","inLanguage":"de","@id":"https:\/\/www.pressenza.com\/de\/2021\/02\/wegweisendes-urteil-ovg-muenster-stoppt-abschiebungen-nach-griechenland\/#primaryimage","url":"https:\/\/www.pressenza.com\/wp-content\/uploads\/2021\/02\/D118E1FA-DEF1-42A8-AACF-B9CA3B69B7BD.jpeg","contentUrl":"https:\/\/www.pressenza.com\/wp-content\/uploads\/2021\/02\/D118E1FA-DEF1-42A8-AACF-B9CA3B69B7BD.jpeg","width":1920,"height":1284},{"@type":"BreadcrumbList","@id":"https:\/\/www.pressenza.com\/de\/2021\/02\/wegweisendes-urteil-ovg-muenster-stoppt-abschiebungen-nach-griechenland\/#breadcrumb","itemListElement":[{"@type":"ListItem","position":1,"name":"Accueil","item":"https:\/\/www.pressenza.com\/de\/"},{"@type":"ListItem","position":2,"name":"Wegweisendes Urteil: OVG M\u00fcnster stoppt Abschiebungen nach Griechenland"}]},{"@type":"WebSite","@id":"https:\/\/www.pressenza.com\/de\/#website","url":"https:\/\/www.pressenza.com\/de\/","name":"Pressenza","description":"International Press Agency","publisher":{"@id":"https:\/\/www.pressenza.com\/de\/#organization"},"potentialAction":[{"@type":"SearchAction","target":{"@type":"EntryPoint","urlTemplate":"https:\/\/www.pressenza.com\/de\/?s={search_term_string}"},"query-input":{"@type":"PropertyValueSpecification","valueRequired":true,"valueName":"search_term_string"}}],"inLanguage":"de"},{"@type":"Organization","@id":"https:\/\/www.pressenza.com\/de\/#organization","name":"Pressenza","url":"https:\/\/www.pressenza.com\/de\/","logo":{"@type":"ImageObject","inLanguage":"de","@id":"https:\/\/www.pressenza.com\/de\/#\/schema\/logo\/image\/","url":"https:\/\/www.pressenza.com\/wp-content\/uploads\/2022\/10\/pressenza_logo_200x200.jpg","contentUrl":"https:\/\/www.pressenza.com\/wp-content\/uploads\/2022\/10\/pressenza_logo_200x200.jpg","width":200,"height":200,"caption":"Pressenza"},"image":{"@id":"https:\/\/www.pressenza.com\/de\/#\/schema\/logo\/image\/"},"sameAs":["https:\/\/www.facebook.com\/PressenzaItalia","https:\/\/x.com\/PressenzaIPA"]},{"@type":"Person","@id":"https:\/\/www.pressenza.com\/de\/#\/schema\/person\/2a2e2e83a39e4cf3cf67ecb1e0760b14","name":"Pro Asyl","description":"Ist die selbstbestimmte und unabh\u00e4ngige Stimme f\u00fcr die Menschenrechte und den Schutz von Fl\u00fcchtlingen in Deutschland und Europa. Es ist ein Verein dessen Arbeit durch Mitgliedsbeitr\u00e4ge, Spenden und Stiftungszuwendungen finanziert wird.","sameAs":["https:\/\/www.proasyl.de"],"url":"https:\/\/www.pressenza.com\/de\/author\/pro-asyl\/"}]}},"place":"","original_article_url":"https:\/\/www.proasyl.de\/pressemitteilung\/wegweisendes-urteil-ovg-muenster-stoppt-abschiebungen-nach-griechenland\/","_links":{"self":[{"href":"https:\/\/www.pressenza.com\/de\/wp-json\/wp\/v2\/posts\/1291662","targetHints":{"allow":["GET"]}}],"collection":[{"href":"https:\/\/www.pressenza.com\/de\/wp-json\/wp\/v2\/posts"}],"about":[{"href":"https:\/\/www.pressenza.com\/de\/wp-json\/wp\/v2\/types\/post"}],"author":[{"embeddable":true,"href":"https:\/\/www.pressenza.com\/de\/wp-json\/wp\/v2\/users\/1411"}],"replies":[{"embeddable":true,"href":"https:\/\/www.pressenza.com\/de\/wp-json\/wp\/v2\/comments?post=1291662"}],"version-history":[{"count":0,"href":"https:\/\/www.pressenza.com\/de\/wp-json\/wp\/v2\/posts\/1291662\/revisions"}],"wp:featuredmedia":[{"embeddable":true,"href":"https:\/\/www.pressenza.com\/de\/wp-json\/wp\/v2\/media\/1291689"}],"wp:attachment":[{"href":"https:\/\/www.pressenza.com\/de\/wp-json\/wp\/v2\/media?parent=1291662"}],"wp:term":[{"taxonomy":"category","embeddable":true,"href":"https:\/\/www.pressenza.com\/de\/wp-json\/wp\/v2\/categories?post=1291662"},{"taxonomy":"post_tag","embeddable":true,"href":"https:\/\/www.pressenza.com\/de\/wp-json\/wp\/v2\/tags?post=1291662"}],"curies":[{"name":"wp","href":"https:\/\/api.w.org\/{rel}","templated":true}]}}