{"id":1290372,"date":"2021-02-03T06:06:15","date_gmt":"2021-02-03T06:06:15","guid":{"rendered":"https:\/\/www.pressenza.com\/?p=1290372"},"modified":"2021-02-03T06:06:15","modified_gmt":"2021-02-03T06:06:15","slug":"trotz-lockdown-und-katastrophaler-sicherheitslage-in-afghanistan-naechster-sammelcharter-nach-kabul-geplant","status":"publish","type":"post","link":"https:\/\/www.pressenza.com\/de\/2021\/02\/trotz-lockdown-und-katastrophaler-sicherheitslage-in-afghanistan-naechster-sammelcharter-nach-kabul-geplant\/","title":{"rendered":"Trotz Lockdown und katastrophaler Sicherheitslage in Afghanistan n\u00e4chster Sammelcharter nach Kabul geplant"},"content":{"rendered":"<p><strong>Immer mehr Gerichte halten Abschiebungen f\u00fcr unzumutbar und erteilen Abschiebungsstopps\u00a0<\/strong><\/p>\n<p>Der Lockdown in Deutschland wurde verl\u00e4ngert, auch in Afghanistan breitet sich die Pandemie aus. Derweil w\u00fcten die K\u00e4mpfe im Land weiter. Die Bundesregierung plant davon unber\u00fchrt den n\u00e4chsten Sammelabschiebecharter nach Kabul, diesmal laut <a href=\"https:\/\/twitter.com\/i\/web\/status\/1346111260425920512\" target=\"_blank\" rel=\"noopener noreferrer\">Fl\u00fcchtlingsrat Bayern<\/a> f\u00fcr den 12. Januar, <a href=\"https:\/\/www.facebook.com\/fluechtlingsratberlin\/posts\/3560090727379050\" target=\"_blank\" rel=\"noopener noreferrer\">voraussichtlich vom Flughafen D\u00fcsseldorf aus<\/a>. \u00bbDass inmitten der Pandemie und katastrophaler Sicherheitslage weiter Abschiebungen forciert werden, ist ein Skandal und f\u00fcr die Betroffenen lebensgef\u00e4hrlich\u00ab, kritisiert G\u00fcnter Burkhardt, Gesch\u00e4ftsf\u00fchrer von PRO ASYL und fordert ein Ende der Abschiebungen.<\/p>\n<p>Immer mehr Gerichte halten Abschiebungen nach Afghanistan f\u00fcr unzumutbar und verh\u00e4ngen noch im Eilverfahren Abschiebungsstopps f\u00fcr Betroffene. Doch nicht alle k\u00f6nnen sich vor Gericht gegen eine drohende Abschiebung in das Kriegsland wehren: Oft entscheidet der Zufall, ob Betroffene einen Rechtsbeistand oder Unterst\u00fctzer*innen haben. L\u00e4ngst werden auch Menschen abgeschoben, die weder Straft\u00e4ter, Gef\u00e4hrder noch sogenannte Identit\u00e4tst\u00e4uscher sind, entgegen der Ansage der Bundesl\u00e4nder, nur diese Gruppen abschieben zu wollen.<\/p>\n<p>In zwei F\u00e4llen verhinderten Verwaltungsgerichte in Baden-W\u00fcrttemberg noch in letzter Minute die Abschiebung nach Afghanistan am 16. Dezember 2020. Im Fall von Farhad K. (Name ge\u00e4ndert) erteilte das Verwaltungsgericht (VG) Stuttgart angesichts aktueller pandemiebedingter Verschlechterungen der Lebensverh\u00e4ltnisse in Afghanistan einen Abschiebungsstopp. Unterst\u00fctzt wurde der Betroffene unter anderem vom <a href=\"https:\/\/fluechtlingsrat-bw.de\/\" target=\"_blank\" rel=\"noopener noreferrer\">Fl\u00fcchtlingsrat Baden-W\u00fcrttemberg<\/a>, der Einzelfallberatung und dem Rechtshilfefonds von PRO ASYL. In einem zweiten Fall verh\u00e4ngte das VG Sigmaringen einen weiteren Abschiebungsstopp. \u00c4hnlich wie bei Farhad K. waren die verschlechterte Situation aufgrund des Corona-Virus in Afghanistan und der Wegfall eines unterst\u00fctzenden famili\u00e4ren Netzwerks ausschlaggebend.<\/p>\n<p>Mit Urteil vom 15.12.2020 best\u00e4tigte laut Anwalt der VGH Baden-W\u00fcrttemberg die positiven Entscheidungen der Verwaltungsgerichte und entzog der Entscheidungspraxis des BAMF die rechtliche Grundlage. (Das Urteil und die Presseerkl\u00e4rung des VGH Baden-W\u00fcrttemberg liegen noch nicht schriftlich\u00a0vor.)<\/p>\n<p>Bereits am 24.11.2020 traf das Oberverwaltungsgericht Bremen ebenso die Entscheidung, Abschiebungsverbote zu gew\u00e4hren (<a href=\"https:\/\/www.juris.de\/jportal\/prev\/MWRE200004645\" target=\"_blank\" rel=\"noopener noreferrer\">OVG Bremen, U. v. 24.11.2020 \u2013 1 LB 351\/20\u2011, juris<\/a>). Weitere obergerichtliche Rechtsprechung in anderen Bundesl\u00e4ndern k\u00f6nnte folgen. Diese Entscheidungen ebnen den Weg f\u00fcr Wiederaufgreifensantr\u00e4ge (<a href=\"https:\/\/koelner-fluechtlingsrat.de\/userfiles\/pdfs\/2018_10_Folgeantrag.pdf\" target=\"_blank\" rel=\"noopener noreferrer\">siehe hierzu \u00bbIsolierter Wiederaufgreifensantrag\u00ab ab S.71<\/a>)\u00a0 von afghanischen Antragstellern, die zuvor eine Ablehnung erhalten haben. Angesichts dieser Rechtsprechung m\u00fcssen die L\u00e4nder einlenken und Abschiebungen nach Afghanistan grunds\u00e4tzlich einstellen.<\/p>\n<p><a href=\"https:\/\/www.proasyl.de\/news\/mitten-in-der-pandemie-drohende-wiederaufnahme-von-abschiebungen-nach-afghanistan\/\" target=\"_blank\" rel=\"noopener noreferrer\">PRO ASYL hat immer wieder vor der sich verschlechternden Situation in Afghanistan gewarnt.<\/a> Trotz Pandemie und Sicherheitslage im Land startete am 16. Dezember 2020 der erste Sammelcharter nach Kabul seit M\u00e4rz\u00a02020.<\/p>\n<div id=\"emailskopiertclipboardPopupMail\" class=\"emailskopiertHiddenPopup\" style=\"z-index: 1102;\">\n<div id=\"emailskopiertpopupContentToMail\">\n<div id=\"emailskopiertinfoToPopupClipboard\">E-Mail wurde erfolgreich kopiert<\/div>\n<p>&nbsp;<\/p>\n<\/div>\n<\/div>\n<div><\/div>\n<div id=\"emailskopiertclipboardPopupMail\" class=\"emailskopiertHiddenPopup\" style=\"z-index: 1102;\">\n<div id=\"emailskopiertpopupContentToMail\">\n<div id=\"emailskopiertinfoToPopupClipboard\">E-Mail wurde erfolgreich kopiert<\/div>\n<p><textarea id=\"emailskopierttextSelectAreaClipboard\"><\/textarea><\/div>\n<\/div>\n<div><\/div>\n","protected":false},"excerpt":{"rendered":"<p>Immer mehr Gerichte halten Abschiebungen f\u00fcr unzumutbar und erteilen Abschiebungsstopps\u00a0 Der Lockdown in Deutschland wurde verl\u00e4ngert, auch in Afghanistan breitet sich die Pandemie aus. Derweil w\u00fcten die K\u00e4mpfe im Land weiter. Die Bundesregierung plant davon unber\u00fchrt den n\u00e4chsten Sammelabschiebecharter nach&hellip;<\/p>\n","protected":false},"author":1411,"featured_media":1290375,"comment_status":"closed","ping_status":"closed","sticky":false,"template":"","format":"standard","meta":{"footnotes":""},"categories":[9161,54569,9168,9145],"tags":[39974,10364,10412,9219,86919],"class_list":["post-1290372","post","type-post","status-publish","format-standard","has-post-thumbnail","hentry","category-menschenrechte","category-migration","category-politik","category-pressemitteilungen","tag-abschiebungen","tag-afghanistan-de","tag-asyl","tag-fluchtlinge","tag-kabul-de"],"yoast_head":"<!-- This site is optimized with the Yoast SEO plugin v27.1.1 - https:\/\/yoast.com\/product\/yoast-seo-wordpress\/ -->\n<title>Trotz Lockdown und katastrophaler Sicherheitslage in Afghanistan n\u00e4chster Sammelcharter nach Kabul geplant<\/title>\n<meta name=\"description\" content=\"Immer mehr Gerichte halten Abschiebungen f\u00fcr unzumutbar und erteilen Abschiebungsstopps\u00a0 Der Lockdown in Deutschland wurde verl\u00e4ngert, auch in Afghanistan\" \/>\n<meta name=\"robots\" content=\"index, follow, max-snippet:-1, max-image-preview:large, max-video-preview:-1\" \/>\n<link rel=\"canonical\" href=\"https:\/\/www.pressenza.com\/de\/2021\/02\/trotz-lockdown-und-katastrophaler-sicherheitslage-in-afghanistan-naechster-sammelcharter-nach-kabul-geplant\/\" \/>\n<meta property=\"og:locale\" content=\"de_DE\" \/>\n<meta property=\"og:type\" content=\"article\" \/>\n<meta property=\"og:title\" content=\"Trotz Lockdown und katastrophaler Sicherheitslage in Afghanistan n\u00e4chster Sammelcharter nach Kabul geplant\" \/>\n<meta property=\"og:description\" content=\"Immer mehr Gerichte halten Abschiebungen f\u00fcr unzumutbar und erteilen Abschiebungsstopps\u00a0 Der Lockdown in Deutschland wurde verl\u00e4ngert, auch in Afghanistan\" \/>\n<meta property=\"og:url\" content=\"https:\/\/www.pressenza.com\/de\/2021\/02\/trotz-lockdown-und-katastrophaler-sicherheitslage-in-afghanistan-naechster-sammelcharter-nach-kabul-geplant\/\" \/>\n<meta property=\"og:site_name\" content=\"Pressenza\" \/>\n<meta property=\"article:publisher\" content=\"https:\/\/www.facebook.com\/PressenzaItalia\" \/>\n<meta property=\"article:published_time\" content=\"2021-02-03T06:06:15+00:00\" \/>\n<meta property=\"og:image\" content=\"https:\/\/www.pressenza.com\/wp-content\/uploads\/2021\/02\/CEEFAB4E-9AA9-4A90-B4F8-CDE4AB04AAAE.jpeg\" \/>\n\t<meta property=\"og:image:width\" content=\"1920\" \/>\n\t<meta property=\"og:image:height\" content=\"1077\" \/>\n\t<meta property=\"og:image:type\" content=\"image\/jpeg\" \/>\n<meta name=\"author\" content=\"Pro Asyl\" \/>\n<meta name=\"twitter:card\" content=\"summary_large_image\" \/>\n<meta name=\"twitter:creator\" content=\"@PressenzaIPA\" \/>\n<meta name=\"twitter:site\" content=\"@PressenzaIPA\" \/>\n<meta name=\"twitter:label1\" content=\"Verfasst von\" \/>\n\t<meta name=\"twitter:data1\" content=\"Pro Asyl\" \/>\n\t<meta name=\"twitter:label2\" content=\"Gesch\u00e4tzte Lesezeit\" \/>\n\t<meta name=\"twitter:data2\" content=\"2\u00a0Minuten\" \/>\n<script type=\"application\/ld+json\" class=\"yoast-schema-graph\">{\"@context\":\"https:\/\/schema.org\",\"@graph\":[{\"@type\":\"Article\",\"@id\":\"https:\/\/www.pressenza.com\/de\/2021\/02\/trotz-lockdown-und-katastrophaler-sicherheitslage-in-afghanistan-naechster-sammelcharter-nach-kabul-geplant\/#article\",\"isPartOf\":{\"@id\":\"https:\/\/www.pressenza.com\/de\/2021\/02\/trotz-lockdown-und-katastrophaler-sicherheitslage-in-afghanistan-naechster-sammelcharter-nach-kabul-geplant\/\"},\"author\":{\"name\":\"Pro Asyl\",\"@id\":\"https:\/\/www.pressenza.com\/de\/#\/schema\/person\/2a2e2e83a39e4cf3cf67ecb1e0760b14\"},\"headline\":\"Trotz Lockdown und katastrophaler Sicherheitslage in Afghanistan n\u00e4chster Sammelcharter nach Kabul geplant\",\"datePublished\":\"2021-02-03T06:06:15+00:00\",\"mainEntityOfPage\":{\"@id\":\"https:\/\/www.pressenza.com\/de\/2021\/02\/trotz-lockdown-und-katastrophaler-sicherheitslage-in-afghanistan-naechster-sammelcharter-nach-kabul-geplant\/\"},\"wordCount\":438,\"publisher\":{\"@id\":\"https:\/\/www.pressenza.com\/de\/#organization\"},\"image\":{\"@id\":\"https:\/\/www.pressenza.com\/de\/2021\/02\/trotz-lockdown-und-katastrophaler-sicherheitslage-in-afghanistan-naechster-sammelcharter-nach-kabul-geplant\/#primaryimage\"},\"thumbnailUrl\":\"https:\/\/www.pressenza.com\/wp-content\/uploads\/2021\/02\/CEEFAB4E-9AA9-4A90-B4F8-CDE4AB04AAAE.jpeg\",\"keywords\":[\"Abschiebungen\",\"Afghanistan\",\"Asyl\",\"Fl\u00fcchtlinge\",\"Kabul\"],\"articleSection\":[\"Menschenrechte\",\"Migration\",\"Politik\",\"Pressemitteilungen\"],\"inLanguage\":\"de\"},{\"@type\":\"WebPage\",\"@id\":\"https:\/\/www.pressenza.com\/de\/2021\/02\/trotz-lockdown-und-katastrophaler-sicherheitslage-in-afghanistan-naechster-sammelcharter-nach-kabul-geplant\/\",\"url\":\"https:\/\/www.pressenza.com\/de\/2021\/02\/trotz-lockdown-und-katastrophaler-sicherheitslage-in-afghanistan-naechster-sammelcharter-nach-kabul-geplant\/\",\"name\":\"Trotz Lockdown und katastrophaler Sicherheitslage in Afghanistan n\u00e4chster Sammelcharter nach Kabul geplant\",\"isPartOf\":{\"@id\":\"https:\/\/www.pressenza.com\/de\/#website\"},\"primaryImageOfPage\":{\"@id\":\"https:\/\/www.pressenza.com\/de\/2021\/02\/trotz-lockdown-und-katastrophaler-sicherheitslage-in-afghanistan-naechster-sammelcharter-nach-kabul-geplant\/#primaryimage\"},\"image\":{\"@id\":\"https:\/\/www.pressenza.com\/de\/2021\/02\/trotz-lockdown-und-katastrophaler-sicherheitslage-in-afghanistan-naechster-sammelcharter-nach-kabul-geplant\/#primaryimage\"},\"thumbnailUrl\":\"https:\/\/www.pressenza.com\/wp-content\/uploads\/2021\/02\/CEEFAB4E-9AA9-4A90-B4F8-CDE4AB04AAAE.jpeg\",\"datePublished\":\"2021-02-03T06:06:15+00:00\",\"description\":\"Immer mehr Gerichte halten Abschiebungen f\u00fcr unzumutbar und erteilen Abschiebungsstopps\u00a0 Der Lockdown in Deutschland wurde verl\u00e4ngert, auch in Afghanistan\",\"breadcrumb\":{\"@id\":\"https:\/\/www.pressenza.com\/de\/2021\/02\/trotz-lockdown-und-katastrophaler-sicherheitslage-in-afghanistan-naechster-sammelcharter-nach-kabul-geplant\/#breadcrumb\"},\"inLanguage\":\"de\",\"potentialAction\":[{\"@type\":\"ReadAction\",\"target\":[\"https:\/\/www.pressenza.com\/de\/2021\/02\/trotz-lockdown-und-katastrophaler-sicherheitslage-in-afghanistan-naechster-sammelcharter-nach-kabul-geplant\/\"]}]},{\"@type\":\"ImageObject\",\"inLanguage\":\"de\",\"@id\":\"https:\/\/www.pressenza.com\/de\/2021\/02\/trotz-lockdown-und-katastrophaler-sicherheitslage-in-afghanistan-naechster-sammelcharter-nach-kabul-geplant\/#primaryimage\",\"url\":\"https:\/\/www.pressenza.com\/wp-content\/uploads\/2021\/02\/CEEFAB4E-9AA9-4A90-B4F8-CDE4AB04AAAE.jpeg\",\"contentUrl\":\"https:\/\/www.pressenza.com\/wp-content\/uploads\/2021\/02\/CEEFAB4E-9AA9-4A90-B4F8-CDE4AB04AAAE.jpeg\",\"width\":1920,\"height\":1077},{\"@type\":\"BreadcrumbList\",\"@id\":\"https:\/\/www.pressenza.com\/de\/2021\/02\/trotz-lockdown-und-katastrophaler-sicherheitslage-in-afghanistan-naechster-sammelcharter-nach-kabul-geplant\/#breadcrumb\",\"itemListElement\":[{\"@type\":\"ListItem\",\"position\":1,\"name\":\"Accueil\",\"item\":\"https:\/\/www.pressenza.com\/de\/\"},{\"@type\":\"ListItem\",\"position\":2,\"name\":\"Trotz Lockdown und katastrophaler Sicherheitslage in Afghanistan n\u00e4chster Sammelcharter nach Kabul geplant\"}]},{\"@type\":\"WebSite\",\"@id\":\"https:\/\/www.pressenza.com\/de\/#website\",\"url\":\"https:\/\/www.pressenza.com\/de\/\",\"name\":\"Pressenza\",\"description\":\"International Press Agency\",\"publisher\":{\"@id\":\"https:\/\/www.pressenza.com\/de\/#organization\"},\"potentialAction\":[{\"@type\":\"SearchAction\",\"target\":{\"@type\":\"EntryPoint\",\"urlTemplate\":\"https:\/\/www.pressenza.com\/de\/?s={search_term_string}\"},\"query-input\":{\"@type\":\"PropertyValueSpecification\",\"valueRequired\":true,\"valueName\":\"search_term_string\"}}],\"inLanguage\":\"de\"},{\"@type\":\"Organization\",\"@id\":\"https:\/\/www.pressenza.com\/de\/#organization\",\"name\":\"Pressenza\",\"url\":\"https:\/\/www.pressenza.com\/de\/\",\"logo\":{\"@type\":\"ImageObject\",\"inLanguage\":\"de\",\"@id\":\"https:\/\/www.pressenza.com\/de\/#\/schema\/logo\/image\/\",\"url\":\"https:\/\/www.pressenza.com\/wp-content\/uploads\/2022\/10\/pressenza_logo_200x200.jpg\",\"contentUrl\":\"https:\/\/www.pressenza.com\/wp-content\/uploads\/2022\/10\/pressenza_logo_200x200.jpg\",\"width\":200,\"height\":200,\"caption\":\"Pressenza\"},\"image\":{\"@id\":\"https:\/\/www.pressenza.com\/de\/#\/schema\/logo\/image\/\"},\"sameAs\":[\"https:\/\/www.facebook.com\/PressenzaItalia\",\"https:\/\/x.com\/PressenzaIPA\"]},{\"@type\":\"Person\",\"@id\":\"https:\/\/www.pressenza.com\/de\/#\/schema\/person\/2a2e2e83a39e4cf3cf67ecb1e0760b14\",\"name\":\"Pro Asyl\",\"description\":\"Ist die selbstbestimmte und unabh\u00e4ngige Stimme f\u00fcr die Menschenrechte und den Schutz von Fl\u00fcchtlingen in Deutschland und Europa. Es ist ein Verein dessen Arbeit durch Mitgliedsbeitr\u00e4ge, Spenden und Stiftungszuwendungen finanziert wird.\",\"sameAs\":[\"https:\/\/www.proasyl.de\"],\"url\":\"https:\/\/www.pressenza.com\/de\/author\/pro-asyl\/\"}]}<\/script>\n<!-- \/ Yoast SEO plugin. -->","yoast_head_json":{"title":"Trotz Lockdown und katastrophaler Sicherheitslage in Afghanistan n\u00e4chster Sammelcharter nach Kabul geplant","description":"Immer mehr Gerichte halten Abschiebungen f\u00fcr unzumutbar und erteilen Abschiebungsstopps\u00a0 Der Lockdown in Deutschland wurde verl\u00e4ngert, auch in Afghanistan","robots":{"index":"index","follow":"follow","max-snippet":"max-snippet:-1","max-image-preview":"max-image-preview:large","max-video-preview":"max-video-preview:-1"},"canonical":"https:\/\/www.pressenza.com\/de\/2021\/02\/trotz-lockdown-und-katastrophaler-sicherheitslage-in-afghanistan-naechster-sammelcharter-nach-kabul-geplant\/","og_locale":"de_DE","og_type":"article","og_title":"Trotz Lockdown und katastrophaler Sicherheitslage in Afghanistan n\u00e4chster Sammelcharter nach Kabul geplant","og_description":"Immer mehr Gerichte halten Abschiebungen f\u00fcr unzumutbar und erteilen Abschiebungsstopps\u00a0 Der Lockdown in Deutschland wurde verl\u00e4ngert, auch in Afghanistan","og_url":"https:\/\/www.pressenza.com\/de\/2021\/02\/trotz-lockdown-und-katastrophaler-sicherheitslage-in-afghanistan-naechster-sammelcharter-nach-kabul-geplant\/","og_site_name":"Pressenza","article_publisher":"https:\/\/www.facebook.com\/PressenzaItalia","article_published_time":"2021-02-03T06:06:15+00:00","og_image":[{"width":1920,"height":1077,"url":"https:\/\/www.pressenza.com\/wp-content\/uploads\/2021\/02\/CEEFAB4E-9AA9-4A90-B4F8-CDE4AB04AAAE.jpeg","type":"image\/jpeg"}],"author":"Pro Asyl","twitter_card":"summary_large_image","twitter_creator":"@PressenzaIPA","twitter_site":"@PressenzaIPA","twitter_misc":{"Verfasst von":"Pro Asyl","Gesch\u00e4tzte Lesezeit":"2\u00a0Minuten"},"schema":{"@context":"https:\/\/schema.org","@graph":[{"@type":"Article","@id":"https:\/\/www.pressenza.com\/de\/2021\/02\/trotz-lockdown-und-katastrophaler-sicherheitslage-in-afghanistan-naechster-sammelcharter-nach-kabul-geplant\/#article","isPartOf":{"@id":"https:\/\/www.pressenza.com\/de\/2021\/02\/trotz-lockdown-und-katastrophaler-sicherheitslage-in-afghanistan-naechster-sammelcharter-nach-kabul-geplant\/"},"author":{"name":"Pro Asyl","@id":"https:\/\/www.pressenza.com\/de\/#\/schema\/person\/2a2e2e83a39e4cf3cf67ecb1e0760b14"},"headline":"Trotz Lockdown und katastrophaler Sicherheitslage in Afghanistan n\u00e4chster Sammelcharter nach Kabul geplant","datePublished":"2021-02-03T06:06:15+00:00","mainEntityOfPage":{"@id":"https:\/\/www.pressenza.com\/de\/2021\/02\/trotz-lockdown-und-katastrophaler-sicherheitslage-in-afghanistan-naechster-sammelcharter-nach-kabul-geplant\/"},"wordCount":438,"publisher":{"@id":"https:\/\/www.pressenza.com\/de\/#organization"},"image":{"@id":"https:\/\/www.pressenza.com\/de\/2021\/02\/trotz-lockdown-und-katastrophaler-sicherheitslage-in-afghanistan-naechster-sammelcharter-nach-kabul-geplant\/#primaryimage"},"thumbnailUrl":"https:\/\/www.pressenza.com\/wp-content\/uploads\/2021\/02\/CEEFAB4E-9AA9-4A90-B4F8-CDE4AB04AAAE.jpeg","keywords":["Abschiebungen","Afghanistan","Asyl","Fl\u00fcchtlinge","Kabul"],"articleSection":["Menschenrechte","Migration","Politik","Pressemitteilungen"],"inLanguage":"de"},{"@type":"WebPage","@id":"https:\/\/www.pressenza.com\/de\/2021\/02\/trotz-lockdown-und-katastrophaler-sicherheitslage-in-afghanistan-naechster-sammelcharter-nach-kabul-geplant\/","url":"https:\/\/www.pressenza.com\/de\/2021\/02\/trotz-lockdown-und-katastrophaler-sicherheitslage-in-afghanistan-naechster-sammelcharter-nach-kabul-geplant\/","name":"Trotz Lockdown und katastrophaler Sicherheitslage in Afghanistan n\u00e4chster Sammelcharter nach Kabul geplant","isPartOf":{"@id":"https:\/\/www.pressenza.com\/de\/#website"},"primaryImageOfPage":{"@id":"https:\/\/www.pressenza.com\/de\/2021\/02\/trotz-lockdown-und-katastrophaler-sicherheitslage-in-afghanistan-naechster-sammelcharter-nach-kabul-geplant\/#primaryimage"},"image":{"@id":"https:\/\/www.pressenza.com\/de\/2021\/02\/trotz-lockdown-und-katastrophaler-sicherheitslage-in-afghanistan-naechster-sammelcharter-nach-kabul-geplant\/#primaryimage"},"thumbnailUrl":"https:\/\/www.pressenza.com\/wp-content\/uploads\/2021\/02\/CEEFAB4E-9AA9-4A90-B4F8-CDE4AB04AAAE.jpeg","datePublished":"2021-02-03T06:06:15+00:00","description":"Immer mehr Gerichte halten Abschiebungen f\u00fcr unzumutbar und erteilen Abschiebungsstopps\u00a0 Der Lockdown in Deutschland wurde verl\u00e4ngert, auch in Afghanistan","breadcrumb":{"@id":"https:\/\/www.pressenza.com\/de\/2021\/02\/trotz-lockdown-und-katastrophaler-sicherheitslage-in-afghanistan-naechster-sammelcharter-nach-kabul-geplant\/#breadcrumb"},"inLanguage":"de","potentialAction":[{"@type":"ReadAction","target":["https:\/\/www.pressenza.com\/de\/2021\/02\/trotz-lockdown-und-katastrophaler-sicherheitslage-in-afghanistan-naechster-sammelcharter-nach-kabul-geplant\/"]}]},{"@type":"ImageObject","inLanguage":"de","@id":"https:\/\/www.pressenza.com\/de\/2021\/02\/trotz-lockdown-und-katastrophaler-sicherheitslage-in-afghanistan-naechster-sammelcharter-nach-kabul-geplant\/#primaryimage","url":"https:\/\/www.pressenza.com\/wp-content\/uploads\/2021\/02\/CEEFAB4E-9AA9-4A90-B4F8-CDE4AB04AAAE.jpeg","contentUrl":"https:\/\/www.pressenza.com\/wp-content\/uploads\/2021\/02\/CEEFAB4E-9AA9-4A90-B4F8-CDE4AB04AAAE.jpeg","width":1920,"height":1077},{"@type":"BreadcrumbList","@id":"https:\/\/www.pressenza.com\/de\/2021\/02\/trotz-lockdown-und-katastrophaler-sicherheitslage-in-afghanistan-naechster-sammelcharter-nach-kabul-geplant\/#breadcrumb","itemListElement":[{"@type":"ListItem","position":1,"name":"Accueil","item":"https:\/\/www.pressenza.com\/de\/"},{"@type":"ListItem","position":2,"name":"Trotz Lockdown und katastrophaler Sicherheitslage in Afghanistan n\u00e4chster Sammelcharter nach Kabul geplant"}]},{"@type":"WebSite","@id":"https:\/\/www.pressenza.com\/de\/#website","url":"https:\/\/www.pressenza.com\/de\/","name":"Pressenza","description":"International Press Agency","publisher":{"@id":"https:\/\/www.pressenza.com\/de\/#organization"},"potentialAction":[{"@type":"SearchAction","target":{"@type":"EntryPoint","urlTemplate":"https:\/\/www.pressenza.com\/de\/?s={search_term_string}"},"query-input":{"@type":"PropertyValueSpecification","valueRequired":true,"valueName":"search_term_string"}}],"inLanguage":"de"},{"@type":"Organization","@id":"https:\/\/www.pressenza.com\/de\/#organization","name":"Pressenza","url":"https:\/\/www.pressenza.com\/de\/","logo":{"@type":"ImageObject","inLanguage":"de","@id":"https:\/\/www.pressenza.com\/de\/#\/schema\/logo\/image\/","url":"https:\/\/www.pressenza.com\/wp-content\/uploads\/2022\/10\/pressenza_logo_200x200.jpg","contentUrl":"https:\/\/www.pressenza.com\/wp-content\/uploads\/2022\/10\/pressenza_logo_200x200.jpg","width":200,"height":200,"caption":"Pressenza"},"image":{"@id":"https:\/\/www.pressenza.com\/de\/#\/schema\/logo\/image\/"},"sameAs":["https:\/\/www.facebook.com\/PressenzaItalia","https:\/\/x.com\/PressenzaIPA"]},{"@type":"Person","@id":"https:\/\/www.pressenza.com\/de\/#\/schema\/person\/2a2e2e83a39e4cf3cf67ecb1e0760b14","name":"Pro Asyl","description":"Ist die selbstbestimmte und unabh\u00e4ngige Stimme f\u00fcr die Menschenrechte und den Schutz von Fl\u00fcchtlingen in Deutschland und Europa. Es ist ein Verein dessen Arbeit durch Mitgliedsbeitr\u00e4ge, Spenden und Stiftungszuwendungen finanziert wird.","sameAs":["https:\/\/www.proasyl.de"],"url":"https:\/\/www.pressenza.com\/de\/author\/pro-asyl\/"}]}},"place":"","original_article_url":"https:\/\/www.proasyl.de\/pressemitteilung\/trotz-lockdown-und-katastrophaler-sicherheitslage-in-afghanistan-naechster-sammelcharter-nach-kabul-geplant\/","_links":{"self":[{"href":"https:\/\/www.pressenza.com\/de\/wp-json\/wp\/v2\/posts\/1290372","targetHints":{"allow":["GET"]}}],"collection":[{"href":"https:\/\/www.pressenza.com\/de\/wp-json\/wp\/v2\/posts"}],"about":[{"href":"https:\/\/www.pressenza.com\/de\/wp-json\/wp\/v2\/types\/post"}],"author":[{"embeddable":true,"href":"https:\/\/www.pressenza.com\/de\/wp-json\/wp\/v2\/users\/1411"}],"replies":[{"embeddable":true,"href":"https:\/\/www.pressenza.com\/de\/wp-json\/wp\/v2\/comments?post=1290372"}],"version-history":[{"count":0,"href":"https:\/\/www.pressenza.com\/de\/wp-json\/wp\/v2\/posts\/1290372\/revisions"}],"wp:featuredmedia":[{"embeddable":true,"href":"https:\/\/www.pressenza.com\/de\/wp-json\/wp\/v2\/media\/1290375"}],"wp:attachment":[{"href":"https:\/\/www.pressenza.com\/de\/wp-json\/wp\/v2\/media?parent=1290372"}],"wp:term":[{"taxonomy":"category","embeddable":true,"href":"https:\/\/www.pressenza.com\/de\/wp-json\/wp\/v2\/categories?post=1290372"},{"taxonomy":"post_tag","embeddable":true,"href":"https:\/\/www.pressenza.com\/de\/wp-json\/wp\/v2\/tags?post=1290372"}],"curies":[{"name":"wp","href":"https:\/\/api.w.org\/{rel}","templated":true}]}}