{"id":1289120,"date":"2021-01-31T11:03:43","date_gmt":"2021-01-31T11:03:43","guid":{"rendered":"https:\/\/www.pressenza.com\/?p=1289120"},"modified":"2021-01-31T11:03:43","modified_gmt":"2021-01-31T11:03:43","slug":"schuldenreport-2021-132-laender-kritisch-verschuldet-erlassjahr-de-und-misereor-warnen-vor-verschaerfung-der-schuldenkrise-im-globalen-sueden-durch-corona-rezession","status":"publish","type":"post","link":"https:\/\/www.pressenza.com\/de\/2021\/01\/schuldenreport-2021-132-laender-kritisch-verschuldet-erlassjahr-de-und-misereor-warnen-vor-verschaerfung-der-schuldenkrise-im-globalen-sueden-durch-corona-rezession\/","title":{"rendered":"Schuldenreport 2021: 132 L\u00e4nder kritisch verschuldet  \u2013 Erlassjahr.de und Misereor warnen vor  Versch\u00e4rfung der Schuldenkrise im globalen S\u00fcden durch  CORONA-Rezession"},"content":{"rendered":"<p><strong>Der heute vorgestellte Schuldenreport zeigt: Die Corona-Pandemie treibt L\u00e4nder, die schon vor Ausbruch von COVID-19 hoch verschuldet waren, weiter in die Schuldenfalle. Es droht ein verlorenes Entwicklungsjahrzehnt. <\/strong><\/p>\n<p>132 von 148 untersuchten L\u00e4ndern sind kritisch verschuldet. Zu diesem Ergebnis kommt der Schuldenreport 2021, der heute vom Entschuldungsb\u00fcndnis erlassjahr.de und MISEREOR, dem Werk f\u00fcr Entwicklungszusammenarbeit, vorgestellt wird. Grund f\u00fcr die Versch\u00e4rfung der Schuldenkrise ist die durch die Corona-Pandemie ausgel\u00f6ste globale Rezession, die in vielen L\u00e4ndern zu einem dramatischen Wirtschaftseinbruch gef\u00fchrt hat. \u201eIm Vergleich zum Schuldenreport 2020 sind 8 weitere L\u00e4nder hinzugekommen. Die Lage hat sich damit noch einmal dramatisch versch\u00e4rft\u201c, erkl\u00e4rt Kristina Rehbein, Politische Referentin von erlassjahr.de. \u201eViele arme L\u00e4nder haben wenig Spielraum, um die Folgen der Pandemie zu bek\u00e4mpfen. Die Schuldensituation begrenzt die Handlungsf\u00e4higkeit zus\u00e4tzlich.\u201c<\/p>\n<p><strong>Pandemie versch\u00e4rft \u00dcberschuldungsrisiko<\/strong><\/p>\n<p>\u201eWas wir sehen ist, dass die Corona-Pandemie solche L\u00e4nder weiter schw\u00e4cht, die ohnehin schon wirtschaftlich instabil waren, beispielsweise Angola, Ecuador oder Surinam\u201c, warnt Klaus Schilder, Experte f\u00fcr Entwicklungsfinanzierung bei MISEREOR. 21 L\u00e4nder bef\u00e4nden sich im Zahlungsausfall. \u201eDas sind zwei mehr als im vergangenen Jahr\u201c, so Schilder weiter. \u201eEs ist zu bef\u00fcrchten, dass weitere L\u00e4nder hinzukommen werden.\u201c Besonders betroffen sei der Libanon, aber auch Sambia. Das afrikanische Land ist als erster Staat infolge der Corona-bedingten Rezession zahlungsunf\u00e4hig.<\/p>\n<p><strong>Echte Schuldenerlasse notwendig <\/strong><\/p>\n<p>Deutschland hat 2020 als Gl\u00e4ubiger im Rahmen des von der G20 angesto\u00dfenen Schuldenmoratoriums, der \u201eDebt Service Suspension Initiative\u201c (DSSI), Schulden von etwa 135 Millionen Euro gestundet. \u201eDas ist grunds\u00e4tzlich zu begr\u00fc\u00dfen\u201c, so Kristina Rehbein. Die G20-Staaten h\u00e4tten schnell reagiert und gemeinsam mit dem Moratorium einen ersten Schritt getan. Diese Ma\u00dfnahmen seien aber nicht ausreichend, da damit Zahlungsverpflichtungen nur in die Zukunft verschoben w\u00fcrden. \u201eWas es dringend braucht, sind echte Schuldenerlasse. Nur so l\u00e4sst sich verhindern, dass die Pandemie zu einem verlorenen Entwicklungsjahrzehnt f\u00fcr den Globalen S\u00fcden wird\u201c, so Rehbein.<\/p>\n<p>Das f\u00fcr Schuldenerlassverhandlungen vorgesehene \u201eCommon Framework for Debt Treatments beyond the DSSI\u201c darf nicht nur auf Absichtserkl\u00e4rungen und wenige Einzelf\u00e4lle beschr\u00e4nkt bleiben. Alle hochverschuldeten L\u00e4nder sollten eine Chance auf Schuldenerleichterungen erhalten, um die dadurch freigewordenen Mittel im Kampf gegen die Corona-Pandemie und zum Ausbau der einheimischen Gesundheitssysteme einsetzen zu k\u00f6nnen.<\/p>\n<p>Dazu z\u00e4hlt auch, dass private Gl\u00e4ubiger wie Banken und Fonds in Schuldenerleichterungen mit einbezogen werden. \u201eDeutschland sollte sich im Kreis der G20 daf\u00fcr einsetzen, dass auch private Gl\u00e4ubiger zur Mitwirkung bei der L\u00f6sung von Verschuldungskrisen verpflichtet werden\u201c, fordert Klaus Schilder. \u201eSonst verzichten die \u00f6ffentlichen Gl\u00e4ubiger auf Forderungen, w\u00e4hrend die Anspr\u00fcche privater Gl\u00e4ubiger auf Kosten der Steuerzahler weiter bedient werden.\u201c Dar\u00fcber hinaus sollten sich die G20 auch f\u00fcr die Beteiligung der Weltbank und anderer multilateraler Gl\u00e4ubiger einsetzen.<\/p>\n<p>Aus Sicht von MISEREOR und erlassjahr.de zeigt die erneute Versch\u00e4rfung der Schuldenkrise deutlich, dass langfristige L\u00f6sungen notwendig sind. Deutschland sollte sich w\u00e4hrend der italienischen G20-Pr\u00e4sidentschaft 2021 gemeinsam mit anderen Gl\u00e4ubigerregierungen endlich f\u00fcr die Einrichtung eines fairen und transparenten Staateninsolvenzverfahrens f\u00fcr hochverschuldete Staaten einsetzen, wie es schon seit Jahren gefordert wird.<\/p>\n<p>&nbsp;<\/p>\n<p><strong>Der Report und weitere Materialien stehen zum Download bereit:<\/strong><\/p>\n<ul>\n<li><a href=\"https:\/\/erlassjahr.de\/wordpress\/wp-content\/uploads\/2021\/01\/SR21-online.pdf\" target=\"_blank\" rel=\"noopener noreferrer\">Schuldenreport 2021<\/a><\/li>\n<li><a href=\"https:\/\/erlassjahr.de\/wordpress\/wp-content\/uploads\/2021\/01\/SR21-Karte.png\" target=\"_blank\" rel=\"noopener noreferrer\">Weltkarte \u201c\u00dcberschuldete Staaten weltweit\u201d<\/a>\u00a0(Zum Abdruck, andere Dateiformate auf Anfrage)<\/li>\n<li><a href=\"https:\/\/erlassjahr.de\/wordpress\/wp-content\/uploads\/2021\/01\/SR21-Auf-einen-Blick-und-Forderungen.pdf\" target=\"_blank\" rel=\"noopener noreferrer\">\u00dcbersicht: Die Ergebnisse und Empfehlungen des Schuldenreports auf einen Blick<\/a><\/li>\n<li><a href=\"https:\/\/erlassjahr.de\/wordpress\/wp-content\/uploads\/2021\/01\/210126_PM_Schuldenreport_2021.pdf\" target=\"_blank\" rel=\"noopener noreferrer\">Pressemitteilung als PDF<\/a><\/li>\n<\/ul>\n","protected":false},"excerpt":{"rendered":"<p>Der heute vorgestellte Schuldenreport zeigt: Die Corona-Pandemie treibt L\u00e4nder, die schon vor Ausbruch von COVID-19 hoch verschuldet waren, weiter in die Schuldenfalle. Es droht ein verlorenes Entwicklungsjahrzehnt. 132 von 148 untersuchten L\u00e4ndern sind kritisch verschuldet. Zu diesem Ergebnis kommt der&hellip;<\/p>\n","protected":false},"author":1096,"featured_media":1289133,"comment_status":"closed","ping_status":"closed","sticky":false,"template":"","format":"standard","meta":{"footnotes":""},"categories":[9160,9168,9145,9158],"tags":[72646,73028,73014,76253,86821],"class_list":["post-1289120","post","type-post","status-publish","format-standard","has-post-thumbnail","hentry","category-gesundheit","category-politik","category-pressemitteilungen","category-wirtschaft","tag-covid-19-de","tag-g20-de","tag-pandemie-de","tag-schuldenerlass","tag-schuldenreport"],"yoast_head":"<!-- This site is optimized with the Yoast SEO plugin v27.1.1 - https:\/\/yoast.com\/product\/yoast-seo-wordpress\/ -->\n<title>Schuldenreport 2021: 132 L\u00e4nder kritisch verschuldet \u2013 Erlassjahr.de und Misereor warnen vor Versch\u00e4rfung der Schuldenkrise im globalen S\u00fcden durch CORONA-Rezession<\/title>\n<meta name=\"description\" content=\"Der heute vorgestellte Schuldenreport zeigt: Die Corona-Pandemie treibt L\u00e4nder, die schon vor Ausbruch von COVID-19 hoch verschuldet waren, weiter in die\" \/>\n<meta name=\"robots\" content=\"index, follow, max-snippet:-1, max-image-preview:large, max-video-preview:-1\" \/>\n<link rel=\"canonical\" href=\"https:\/\/www.pressenza.com\/de\/2021\/01\/schuldenreport-2021-132-laender-kritisch-verschuldet-erlassjahr-de-und-misereor-warnen-vor-verschaerfung-der-schuldenkrise-im-globalen-sueden-durch-corona-rezession\/\" \/>\n<meta property=\"og:locale\" content=\"de_DE\" \/>\n<meta property=\"og:type\" content=\"article\" \/>\n<meta property=\"og:title\" content=\"Schuldenreport 2021: 132 L\u00e4nder kritisch verschuldet \u2013 Erlassjahr.de und Misereor warnen vor Versch\u00e4rfung der Schuldenkrise im globalen S\u00fcden durch CORONA-Rezession\" \/>\n<meta property=\"og:description\" content=\"Der heute vorgestellte Schuldenreport zeigt: Die Corona-Pandemie treibt L\u00e4nder, die schon vor Ausbruch von COVID-19 hoch verschuldet waren, weiter in die\" \/>\n<meta property=\"og:url\" content=\"https:\/\/www.pressenza.com\/de\/2021\/01\/schuldenreport-2021-132-laender-kritisch-verschuldet-erlassjahr-de-und-misereor-warnen-vor-verschaerfung-der-schuldenkrise-im-globalen-sueden-durch-corona-rezession\/\" \/>\n<meta property=\"og:site_name\" content=\"Pressenza\" \/>\n<meta property=\"article:publisher\" content=\"https:\/\/www.facebook.com\/PressenzaItalia\" \/>\n<meta property=\"article:published_time\" content=\"2021-01-31T11:03:43+00:00\" \/>\n<meta property=\"og:image\" content=\"https:\/\/www.pressenza.com\/wp-content\/uploads\/2021\/01\/55123FB4-A708-4AC9-9370-86F9D32377D4.jpeg\" \/>\n\t<meta property=\"og:image:width\" content=\"1920\" \/>\n\t<meta property=\"og:image:height\" content=\"931\" \/>\n\t<meta property=\"og:image:type\" content=\"image\/jpeg\" \/>\n<meta name=\"author\" content=\"Pressenza Wien\" \/>\n<meta name=\"twitter:card\" content=\"summary_large_image\" \/>\n<meta name=\"twitter:creator\" content=\"@pressenza_ger\" \/>\n<meta name=\"twitter:site\" content=\"@PressenzaIPA\" \/>\n<meta name=\"twitter:label1\" content=\"Verfasst von\" \/>\n\t<meta name=\"twitter:data1\" content=\"Pressenza Wien\" \/>\n\t<meta name=\"twitter:label2\" content=\"Gesch\u00e4tzte Lesezeit\" \/>\n\t<meta name=\"twitter:data2\" content=\"3\u00a0Minuten\" \/>\n<script type=\"application\/ld+json\" class=\"yoast-schema-graph\">{\"@context\":\"https:\/\/schema.org\",\"@graph\":[{\"@type\":\"Article\",\"@id\":\"https:\/\/www.pressenza.com\/de\/2021\/01\/schuldenreport-2021-132-laender-kritisch-verschuldet-erlassjahr-de-und-misereor-warnen-vor-verschaerfung-der-schuldenkrise-im-globalen-sueden-durch-corona-rezession\/#article\",\"isPartOf\":{\"@id\":\"https:\/\/www.pressenza.com\/de\/2021\/01\/schuldenreport-2021-132-laender-kritisch-verschuldet-erlassjahr-de-und-misereor-warnen-vor-verschaerfung-der-schuldenkrise-im-globalen-sueden-durch-corona-rezession\/\"},\"author\":{\"name\":\"Pressenza Wien\",\"@id\":\"https:\/\/www.pressenza.com\/de\/#\/schema\/person\/3df859e5bf9b19ab936f666e0177e38b\"},\"headline\":\"Schuldenreport 2021: 132 L\u00e4nder kritisch verschuldet \u2013 Erlassjahr.de und Misereor warnen vor Versch\u00e4rfung der Schuldenkrise im globalen S\u00fcden durch CORONA-Rezession\",\"datePublished\":\"2021-01-31T11:03:43+00:00\",\"mainEntityOfPage\":{\"@id\":\"https:\/\/www.pressenza.com\/de\/2021\/01\/schuldenreport-2021-132-laender-kritisch-verschuldet-erlassjahr-de-und-misereor-warnen-vor-verschaerfung-der-schuldenkrise-im-globalen-sueden-durch-corona-rezession\/\"},\"wordCount\":582,\"publisher\":{\"@id\":\"https:\/\/www.pressenza.com\/de\/#organization\"},\"image\":{\"@id\":\"https:\/\/www.pressenza.com\/de\/2021\/01\/schuldenreport-2021-132-laender-kritisch-verschuldet-erlassjahr-de-und-misereor-warnen-vor-verschaerfung-der-schuldenkrise-im-globalen-sueden-durch-corona-rezession\/#primaryimage\"},\"thumbnailUrl\":\"https:\/\/www.pressenza.com\/wp-content\/uploads\/2021\/01\/55123FB4-A708-4AC9-9370-86F9D32377D4.jpeg\",\"keywords\":[\"COVID-19\",\"G20\",\"pandemie\",\"Schuldenerlass\",\"Schuldenreport\"],\"articleSection\":[\"Gesundheit\",\"Politik\",\"Pressemitteilungen\",\"Wirtschaft\"],\"inLanguage\":\"de\"},{\"@type\":\"WebPage\",\"@id\":\"https:\/\/www.pressenza.com\/de\/2021\/01\/schuldenreport-2021-132-laender-kritisch-verschuldet-erlassjahr-de-und-misereor-warnen-vor-verschaerfung-der-schuldenkrise-im-globalen-sueden-durch-corona-rezession\/\",\"url\":\"https:\/\/www.pressenza.com\/de\/2021\/01\/schuldenreport-2021-132-laender-kritisch-verschuldet-erlassjahr-de-und-misereor-warnen-vor-verschaerfung-der-schuldenkrise-im-globalen-sueden-durch-corona-rezession\/\",\"name\":\"Schuldenreport 2021: 132 L\u00e4nder kritisch verschuldet \u2013 Erlassjahr.de und Misereor warnen vor Versch\u00e4rfung der Schuldenkrise im globalen S\u00fcden durch CORONA-Rezession\",\"isPartOf\":{\"@id\":\"https:\/\/www.pressenza.com\/de\/#website\"},\"primaryImageOfPage\":{\"@id\":\"https:\/\/www.pressenza.com\/de\/2021\/01\/schuldenreport-2021-132-laender-kritisch-verschuldet-erlassjahr-de-und-misereor-warnen-vor-verschaerfung-der-schuldenkrise-im-globalen-sueden-durch-corona-rezession\/#primaryimage\"},\"image\":{\"@id\":\"https:\/\/www.pressenza.com\/de\/2021\/01\/schuldenreport-2021-132-laender-kritisch-verschuldet-erlassjahr-de-und-misereor-warnen-vor-verschaerfung-der-schuldenkrise-im-globalen-sueden-durch-corona-rezession\/#primaryimage\"},\"thumbnailUrl\":\"https:\/\/www.pressenza.com\/wp-content\/uploads\/2021\/01\/55123FB4-A708-4AC9-9370-86F9D32377D4.jpeg\",\"datePublished\":\"2021-01-31T11:03:43+00:00\",\"description\":\"Der heute vorgestellte Schuldenreport zeigt: Die Corona-Pandemie treibt L\u00e4nder, die schon vor Ausbruch von COVID-19 hoch verschuldet waren, weiter in die\",\"breadcrumb\":{\"@id\":\"https:\/\/www.pressenza.com\/de\/2021\/01\/schuldenreport-2021-132-laender-kritisch-verschuldet-erlassjahr-de-und-misereor-warnen-vor-verschaerfung-der-schuldenkrise-im-globalen-sueden-durch-corona-rezession\/#breadcrumb\"},\"inLanguage\":\"de\",\"potentialAction\":[{\"@type\":\"ReadAction\",\"target\":[\"https:\/\/www.pressenza.com\/de\/2021\/01\/schuldenreport-2021-132-laender-kritisch-verschuldet-erlassjahr-de-und-misereor-warnen-vor-verschaerfung-der-schuldenkrise-im-globalen-sueden-durch-corona-rezession\/\"]}]},{\"@type\":\"ImageObject\",\"inLanguage\":\"de\",\"@id\":\"https:\/\/www.pressenza.com\/de\/2021\/01\/schuldenreport-2021-132-laender-kritisch-verschuldet-erlassjahr-de-und-misereor-warnen-vor-verschaerfung-der-schuldenkrise-im-globalen-sueden-durch-corona-rezession\/#primaryimage\",\"url\":\"https:\/\/www.pressenza.com\/wp-content\/uploads\/2021\/01\/55123FB4-A708-4AC9-9370-86F9D32377D4.jpeg\",\"contentUrl\":\"https:\/\/www.pressenza.com\/wp-content\/uploads\/2021\/01\/55123FB4-A708-4AC9-9370-86F9D32377D4.jpeg\",\"width\":1920,\"height\":931},{\"@type\":\"BreadcrumbList\",\"@id\":\"https:\/\/www.pressenza.com\/de\/2021\/01\/schuldenreport-2021-132-laender-kritisch-verschuldet-erlassjahr-de-und-misereor-warnen-vor-verschaerfung-der-schuldenkrise-im-globalen-sueden-durch-corona-rezession\/#breadcrumb\",\"itemListElement\":[{\"@type\":\"ListItem\",\"position\":1,\"name\":\"Accueil\",\"item\":\"https:\/\/www.pressenza.com\/de\/\"},{\"@type\":\"ListItem\",\"position\":2,\"name\":\"Schuldenreport 2021: 132 L\u00e4nder kritisch verschuldet \u2013 Erlassjahr.de und Misereor warnen vor Versch\u00e4rfung der Schuldenkrise im globalen S\u00fcden durch CORONA-Rezession\"}]},{\"@type\":\"WebSite\",\"@id\":\"https:\/\/www.pressenza.com\/de\/#website\",\"url\":\"https:\/\/www.pressenza.com\/de\/\",\"name\":\"Pressenza\",\"description\":\"International Press Agency\",\"publisher\":{\"@id\":\"https:\/\/www.pressenza.com\/de\/#organization\"},\"potentialAction\":[{\"@type\":\"SearchAction\",\"target\":{\"@type\":\"EntryPoint\",\"urlTemplate\":\"https:\/\/www.pressenza.com\/de\/?s={search_term_string}\"},\"query-input\":{\"@type\":\"PropertyValueSpecification\",\"valueRequired\":true,\"valueName\":\"search_term_string\"}}],\"inLanguage\":\"de\"},{\"@type\":\"Organization\",\"@id\":\"https:\/\/www.pressenza.com\/de\/#organization\",\"name\":\"Pressenza\",\"url\":\"https:\/\/www.pressenza.com\/de\/\",\"logo\":{\"@type\":\"ImageObject\",\"inLanguage\":\"de\",\"@id\":\"https:\/\/www.pressenza.com\/de\/#\/schema\/logo\/image\/\",\"url\":\"https:\/\/www.pressenza.com\/wp-content\/uploads\/2022\/10\/pressenza_logo_200x200.jpg\",\"contentUrl\":\"https:\/\/www.pressenza.com\/wp-content\/uploads\/2022\/10\/pressenza_logo_200x200.jpg\",\"width\":200,\"height\":200,\"caption\":\"Pressenza\"},\"image\":{\"@id\":\"https:\/\/www.pressenza.com\/de\/#\/schema\/logo\/image\/\"},\"sameAs\":[\"https:\/\/www.facebook.com\/PressenzaItalia\",\"https:\/\/x.com\/PressenzaIPA\"]},{\"@type\":\"Person\",\"@id\":\"https:\/\/www.pressenza.com\/de\/#\/schema\/person\/3df859e5bf9b19ab936f666e0177e38b\",\"name\":\"Pressenza Wien\",\"description\":\"News from the Pressenza Bureau in Vienna, Austria\",\"sameAs\":[\"https:\/\/x.com\/pressenza_ger\"],\"url\":\"https:\/\/www.pressenza.com\/de\/author\/pressenza-wien\/\"}]}<\/script>\n<!-- \/ Yoast SEO plugin. -->","yoast_head_json":{"title":"Schuldenreport 2021: 132 L\u00e4nder kritisch verschuldet \u2013 Erlassjahr.de und Misereor warnen vor Versch\u00e4rfung der Schuldenkrise im globalen S\u00fcden durch CORONA-Rezession","description":"Der heute vorgestellte Schuldenreport zeigt: Die Corona-Pandemie treibt L\u00e4nder, die schon vor Ausbruch von COVID-19 hoch verschuldet waren, weiter in die","robots":{"index":"index","follow":"follow","max-snippet":"max-snippet:-1","max-image-preview":"max-image-preview:large","max-video-preview":"max-video-preview:-1"},"canonical":"https:\/\/www.pressenza.com\/de\/2021\/01\/schuldenreport-2021-132-laender-kritisch-verschuldet-erlassjahr-de-und-misereor-warnen-vor-verschaerfung-der-schuldenkrise-im-globalen-sueden-durch-corona-rezession\/","og_locale":"de_DE","og_type":"article","og_title":"Schuldenreport 2021: 132 L\u00e4nder kritisch verschuldet \u2013 Erlassjahr.de und Misereor warnen vor Versch\u00e4rfung der Schuldenkrise im globalen S\u00fcden durch CORONA-Rezession","og_description":"Der heute vorgestellte Schuldenreport zeigt: Die Corona-Pandemie treibt L\u00e4nder, die schon vor Ausbruch von COVID-19 hoch verschuldet waren, weiter in die","og_url":"https:\/\/www.pressenza.com\/de\/2021\/01\/schuldenreport-2021-132-laender-kritisch-verschuldet-erlassjahr-de-und-misereor-warnen-vor-verschaerfung-der-schuldenkrise-im-globalen-sueden-durch-corona-rezession\/","og_site_name":"Pressenza","article_publisher":"https:\/\/www.facebook.com\/PressenzaItalia","article_published_time":"2021-01-31T11:03:43+00:00","og_image":[{"width":1920,"height":931,"url":"https:\/\/www.pressenza.com\/wp-content\/uploads\/2021\/01\/55123FB4-A708-4AC9-9370-86F9D32377D4.jpeg","type":"image\/jpeg"}],"author":"Pressenza Wien","twitter_card":"summary_large_image","twitter_creator":"@pressenza_ger","twitter_site":"@PressenzaIPA","twitter_misc":{"Verfasst von":"Pressenza Wien","Gesch\u00e4tzte Lesezeit":"3\u00a0Minuten"},"schema":{"@context":"https:\/\/schema.org","@graph":[{"@type":"Article","@id":"https:\/\/www.pressenza.com\/de\/2021\/01\/schuldenreport-2021-132-laender-kritisch-verschuldet-erlassjahr-de-und-misereor-warnen-vor-verschaerfung-der-schuldenkrise-im-globalen-sueden-durch-corona-rezession\/#article","isPartOf":{"@id":"https:\/\/www.pressenza.com\/de\/2021\/01\/schuldenreport-2021-132-laender-kritisch-verschuldet-erlassjahr-de-und-misereor-warnen-vor-verschaerfung-der-schuldenkrise-im-globalen-sueden-durch-corona-rezession\/"},"author":{"name":"Pressenza Wien","@id":"https:\/\/www.pressenza.com\/de\/#\/schema\/person\/3df859e5bf9b19ab936f666e0177e38b"},"headline":"Schuldenreport 2021: 132 L\u00e4nder kritisch verschuldet \u2013 Erlassjahr.de und Misereor warnen vor Versch\u00e4rfung der Schuldenkrise im globalen S\u00fcden durch CORONA-Rezession","datePublished":"2021-01-31T11:03:43+00:00","mainEntityOfPage":{"@id":"https:\/\/www.pressenza.com\/de\/2021\/01\/schuldenreport-2021-132-laender-kritisch-verschuldet-erlassjahr-de-und-misereor-warnen-vor-verschaerfung-der-schuldenkrise-im-globalen-sueden-durch-corona-rezession\/"},"wordCount":582,"publisher":{"@id":"https:\/\/www.pressenza.com\/de\/#organization"},"image":{"@id":"https:\/\/www.pressenza.com\/de\/2021\/01\/schuldenreport-2021-132-laender-kritisch-verschuldet-erlassjahr-de-und-misereor-warnen-vor-verschaerfung-der-schuldenkrise-im-globalen-sueden-durch-corona-rezession\/#primaryimage"},"thumbnailUrl":"https:\/\/www.pressenza.com\/wp-content\/uploads\/2021\/01\/55123FB4-A708-4AC9-9370-86F9D32377D4.jpeg","keywords":["COVID-19","G20","pandemie","Schuldenerlass","Schuldenreport"],"articleSection":["Gesundheit","Politik","Pressemitteilungen","Wirtschaft"],"inLanguage":"de"},{"@type":"WebPage","@id":"https:\/\/www.pressenza.com\/de\/2021\/01\/schuldenreport-2021-132-laender-kritisch-verschuldet-erlassjahr-de-und-misereor-warnen-vor-verschaerfung-der-schuldenkrise-im-globalen-sueden-durch-corona-rezession\/","url":"https:\/\/www.pressenza.com\/de\/2021\/01\/schuldenreport-2021-132-laender-kritisch-verschuldet-erlassjahr-de-und-misereor-warnen-vor-verschaerfung-der-schuldenkrise-im-globalen-sueden-durch-corona-rezession\/","name":"Schuldenreport 2021: 132 L\u00e4nder kritisch verschuldet \u2013 Erlassjahr.de und Misereor warnen vor Versch\u00e4rfung der Schuldenkrise im globalen S\u00fcden durch CORONA-Rezession","isPartOf":{"@id":"https:\/\/www.pressenza.com\/de\/#website"},"primaryImageOfPage":{"@id":"https:\/\/www.pressenza.com\/de\/2021\/01\/schuldenreport-2021-132-laender-kritisch-verschuldet-erlassjahr-de-und-misereor-warnen-vor-verschaerfung-der-schuldenkrise-im-globalen-sueden-durch-corona-rezession\/#primaryimage"},"image":{"@id":"https:\/\/www.pressenza.com\/de\/2021\/01\/schuldenreport-2021-132-laender-kritisch-verschuldet-erlassjahr-de-und-misereor-warnen-vor-verschaerfung-der-schuldenkrise-im-globalen-sueden-durch-corona-rezession\/#primaryimage"},"thumbnailUrl":"https:\/\/www.pressenza.com\/wp-content\/uploads\/2021\/01\/55123FB4-A708-4AC9-9370-86F9D32377D4.jpeg","datePublished":"2021-01-31T11:03:43+00:00","description":"Der heute vorgestellte Schuldenreport zeigt: Die Corona-Pandemie treibt L\u00e4nder, die schon vor Ausbruch von COVID-19 hoch verschuldet waren, weiter in die","breadcrumb":{"@id":"https:\/\/www.pressenza.com\/de\/2021\/01\/schuldenreport-2021-132-laender-kritisch-verschuldet-erlassjahr-de-und-misereor-warnen-vor-verschaerfung-der-schuldenkrise-im-globalen-sueden-durch-corona-rezession\/#breadcrumb"},"inLanguage":"de","potentialAction":[{"@type":"ReadAction","target":["https:\/\/www.pressenza.com\/de\/2021\/01\/schuldenreport-2021-132-laender-kritisch-verschuldet-erlassjahr-de-und-misereor-warnen-vor-verschaerfung-der-schuldenkrise-im-globalen-sueden-durch-corona-rezession\/"]}]},{"@type":"ImageObject","inLanguage":"de","@id":"https:\/\/www.pressenza.com\/de\/2021\/01\/schuldenreport-2021-132-laender-kritisch-verschuldet-erlassjahr-de-und-misereor-warnen-vor-verschaerfung-der-schuldenkrise-im-globalen-sueden-durch-corona-rezession\/#primaryimage","url":"https:\/\/www.pressenza.com\/wp-content\/uploads\/2021\/01\/55123FB4-A708-4AC9-9370-86F9D32377D4.jpeg","contentUrl":"https:\/\/www.pressenza.com\/wp-content\/uploads\/2021\/01\/55123FB4-A708-4AC9-9370-86F9D32377D4.jpeg","width":1920,"height":931},{"@type":"BreadcrumbList","@id":"https:\/\/www.pressenza.com\/de\/2021\/01\/schuldenreport-2021-132-laender-kritisch-verschuldet-erlassjahr-de-und-misereor-warnen-vor-verschaerfung-der-schuldenkrise-im-globalen-sueden-durch-corona-rezession\/#breadcrumb","itemListElement":[{"@type":"ListItem","position":1,"name":"Accueil","item":"https:\/\/www.pressenza.com\/de\/"},{"@type":"ListItem","position":2,"name":"Schuldenreport 2021: 132 L\u00e4nder kritisch verschuldet \u2013 Erlassjahr.de und Misereor warnen vor Versch\u00e4rfung der Schuldenkrise im globalen S\u00fcden durch CORONA-Rezession"}]},{"@type":"WebSite","@id":"https:\/\/www.pressenza.com\/de\/#website","url":"https:\/\/www.pressenza.com\/de\/","name":"Pressenza","description":"International Press Agency","publisher":{"@id":"https:\/\/www.pressenza.com\/de\/#organization"},"potentialAction":[{"@type":"SearchAction","target":{"@type":"EntryPoint","urlTemplate":"https:\/\/www.pressenza.com\/de\/?s={search_term_string}"},"query-input":{"@type":"PropertyValueSpecification","valueRequired":true,"valueName":"search_term_string"}}],"inLanguage":"de"},{"@type":"Organization","@id":"https:\/\/www.pressenza.com\/de\/#organization","name":"Pressenza","url":"https:\/\/www.pressenza.com\/de\/","logo":{"@type":"ImageObject","inLanguage":"de","@id":"https:\/\/www.pressenza.com\/de\/#\/schema\/logo\/image\/","url":"https:\/\/www.pressenza.com\/wp-content\/uploads\/2022\/10\/pressenza_logo_200x200.jpg","contentUrl":"https:\/\/www.pressenza.com\/wp-content\/uploads\/2022\/10\/pressenza_logo_200x200.jpg","width":200,"height":200,"caption":"Pressenza"},"image":{"@id":"https:\/\/www.pressenza.com\/de\/#\/schema\/logo\/image\/"},"sameAs":["https:\/\/www.facebook.com\/PressenzaItalia","https:\/\/x.com\/PressenzaIPA"]},{"@type":"Person","@id":"https:\/\/www.pressenza.com\/de\/#\/schema\/person\/3df859e5bf9b19ab936f666e0177e38b","name":"Pressenza Wien","description":"News from the Pressenza Bureau in Vienna, Austria","sameAs":["https:\/\/x.com\/pressenza_ger"],"url":"https:\/\/www.pressenza.com\/de\/author\/pressenza-wien\/"}]}},"place":"Erlassjahr.de","original_article_url":"","_links":{"self":[{"href":"https:\/\/www.pressenza.com\/de\/wp-json\/wp\/v2\/posts\/1289120","targetHints":{"allow":["GET"]}}],"collection":[{"href":"https:\/\/www.pressenza.com\/de\/wp-json\/wp\/v2\/posts"}],"about":[{"href":"https:\/\/www.pressenza.com\/de\/wp-json\/wp\/v2\/types\/post"}],"author":[{"embeddable":true,"href":"https:\/\/www.pressenza.com\/de\/wp-json\/wp\/v2\/users\/1096"}],"replies":[{"embeddable":true,"href":"https:\/\/www.pressenza.com\/de\/wp-json\/wp\/v2\/comments?post=1289120"}],"version-history":[{"count":0,"href":"https:\/\/www.pressenza.com\/de\/wp-json\/wp\/v2\/posts\/1289120\/revisions"}],"wp:featuredmedia":[{"embeddable":true,"href":"https:\/\/www.pressenza.com\/de\/wp-json\/wp\/v2\/media\/1289133"}],"wp:attachment":[{"href":"https:\/\/www.pressenza.com\/de\/wp-json\/wp\/v2\/media?parent=1289120"}],"wp:term":[{"taxonomy":"category","embeddable":true,"href":"https:\/\/www.pressenza.com\/de\/wp-json\/wp\/v2\/categories?post=1289120"},{"taxonomy":"post_tag","embeddable":true,"href":"https:\/\/www.pressenza.com\/de\/wp-json\/wp\/v2\/tags?post=1289120"}],"curies":[{"name":"wp","href":"https:\/\/api.w.org\/{rel}","templated":true}]}}