{"id":127814,"date":"2014-08-23T10:29:02","date_gmt":"2014-08-23T09:29:02","guid":{"rendered":"http:\/\/www.pressenza.com\/?p=127814"},"modified":"2014-08-23T10:49:56","modified_gmt":"2014-08-23T09:49:56","slug":"wessen-strasse-ist-die-strasse","status":"publish","type":"post","link":"https:\/\/www.pressenza.com\/de\/2014\/08\/wessen-strasse-ist-die-strasse\/","title":{"rendered":"Wessen Strasse ist die Strasse?"},"content":{"rendered":"<p><strong>Eine Fotoausstellung von Yusuf Beyazit<\/strong><\/p>\n<p>Wem geh\u00f6rt die Welt? Wessen Strasse ist die Strasse? &#8211; Diese Frage, revolution\u00e4r damals gestellt von Bertolt Brecht, steht am Anfang der Fotoserie, die Yusuf Beyazit in den letzten drei Jahren auf den Strassen gemacht hat: Bei den Fl\u00fcchtlingsprotesten, den Emp\u00f6rten, Occupy, der Pflege am Boden und vielen anderen Gelegenheiten, bei denen Menschen es schafften, den \u00f6ffentlichen Raum, die Strassen, f\u00fcr sich zur\u00fcck zu erobern, um auf vielf\u00e4ltigste Art auszudr\u00fccken, dass dies nicht die beste aller m\u00f6glichen Welten ist und sie eine andere Vision haben.<\/p>\n<p>Gabriele Senft, eine Fotografie-Kollegin und Freundin, erinnert sich in einer bewegend pers\u00f6nlichen Rede zur Vernissage, wie sie Yusuf kennenlernte. Im August 2011, im Zuge der Indignados Proteste in Spanien, des arabischen Fr\u00fchlings, Occupy lag noch in der Wiege, setzten sich ein paar junge Emp\u00f6rte auf den Alexanderplatz, um dort ihr Protestcamp zu errichten. Die Polizei kam sofort mit harschen Auflagen: keine Zelte, keine Matten zum Sitzen, keine Schirme gegen Regen, nicht sitzen, nur stehen, keine Schilder \u2013 jede Form von Meinungs\u00e4usserung oder Strasseneroberung sollte unm\u00f6glich gemacht werden. Pressenza berichtete dar\u00fcber: <a href=\"http:\/\/www.pressenza.com\/2011\/08\/wherex-if-not-herex-on-berlin-alexanderplatzx\/\">Where if not here, on Berlin Alexanderplatz<\/a><br \/>\n<a href=\"http:\/\/www.pressenza.com\/wp-content\/uploads\/2014\/08\/JPGDSC_8448.jpg\"><img loading=\"lazy\" decoding=\"async\" class=\"aligncenter\" alt=\"JPGDSC_8448\" src=\"http:\/\/www.pressenza.com\/wp-content\/uploads\/2014\/08\/JPGDSC_8448.jpg\" width=\"800\" height=\"533\" \/><\/a><br \/>\nDiese Verbote hatten ein kreatives Feuerwerk zur Folge und so sah man an diesem Tag Menschen, die kleine Zelte als M\u00fctzen auf dem Kopf trugen, oder tragbare Zelte quasi als Kleidung an ihrem K\u00f6rper befestigt hatten, mit denen sie stehen und laufen konnten. Die Polizei zeigte keinen Humor und entfernte die Demonstranten mit verh\u00e4ltnisloser Gewalt, w\u00e4hrend Yusuf Fotos machte, die er danach im Internet ver\u00f6ffentlichte und die einen Sturm der Entr\u00fcstung zur Folge hatten. Hier sp\u00fcrte Yusuf seinen inneren Auftrag: Er wollte die Menschen auf ihren Protesten begleiten und ihre Anliegen sichtbar machen.<\/p>\n<p>Ein Jahre sp\u00e4ter gr\u00fcndete er mit einigen anderen Fotografen zusammen \u201e<a title=\"photographers-in-solidarity\" href=\"http:\/\/www.photographers-in-solidarity.org\/\">Photographers in solidarity<\/a>\u201c als Unterst\u00fctzung der Fl\u00fcchtlingsprotest, die sich im Jahr 2012 pl\u00f6tzlich entfalteten. Fl\u00fcchtlinge verschiedener deutscher Asylantenheime hatten sich zusammengefunden, um einen Protestmarsch von W\u00fcrzburg nach Berlin zu machen, um gegen die Isolation, gegen die Residenzpflicht und f\u00fcr schnelle und faire Asylverfahren zu protestieren. Sie landeten auf dem Pariser Platz in Berlin, wo die Fotografen innerhalb von acht Stunden eine \u00f6ffentliche Ausstellung ihrer Bilder organisierten, was zu einem durchschlagenden Erfolg wurde.<br \/>\n<a href=\"http:\/\/www.pressenza.com\/wp-content\/uploads\/2014\/08\/JPGDSC_01431.jpg\"><img loading=\"lazy\" decoding=\"async\" class=\"aligncenter\" alt=\"JPGDSC_0143\" src=\"http:\/\/www.pressenza.com\/wp-content\/uploads\/2014\/08\/JPGDSC_01431.jpg\" width=\"800\" height=\"533\" \/><\/a><br \/>\nYusuf stammt aus der T\u00fcrkei aus einer Arbeiterfamilie in Bursa, einem Industriestandort. Seine Eltern gingen in den sechziger Jahren nach Deutschland als sogenannte Gastarbeiter. Er folgte ihnen als Grundsch\u00fcler, weil er als hochbegabt eingestuft worden war. In Deutschland allerdings machte er so massive Erfahrungen mit Ausl\u00e4nderfeindlichkeit und Mobbing in der Schule, dass er bald zur\u00fcckging. Als 14j\u00e4hriger bet\u00e4tigte er sich in vielerlei Hinsicht kreativ und besorgte sich seine erste Kamera. Als junger Mann gr\u00fcndete er eine Surfschule. In dieser Zeit liegt seine erste mutige Friedensaktion \u2013 ein Surfturn \u00fcbers Meer bis nach Zypern!<\/p>\n<p>\u2026 Gabriele Senft erz\u00e4hlte noch viel, sehr viele Ereignisse, die Yusuf Beyazit zu dem einf\u00fchlsamen, aufmerksamen Fotografen gemacht haben, mit dem Blick f\u00fcr die Menschen und ihre Lebenssituationen. Dabei hat er sich seine Vision einer anderen Welt im Kreis von solidarischen Fotografen und Demonstranten oder Alternativen-Suchenden verwirklicht. Auf der Vernissage in der Ladengalerie der jungen Welt war diese zu sp\u00fcren durch die vielen Besucher, die man nicht selten auch auf seinen Fotos erblickt.<\/p>\n<p>Die Ausstellung ist noch bis zum 10.11.2014\u00a0\u00a0zu sehen in der Ladengalerie der jungen Welt, Torstr. 6, Berlin Mitte<br \/>\n<a href=\"http:\/\/www.pressenza.com\/wp-content\/uploads\/2014\/08\/JPG_DSC0821.jpg\"><img loading=\"lazy\" decoding=\"async\" class=\"aligncenter\" alt=\"JPG_DSC0821\" src=\"http:\/\/www.pressenza.com\/wp-content\/uploads\/2014\/08\/JPG_DSC0821.jpg\" width=\"800\" height=\"533\" \/><\/a><\/p>\n","protected":false},"excerpt":{"rendered":"<p>Eine Fotoausstellung von Yusuf Beyazit Wem geh\u00f6rt die Welt? Wessen Strasse ist die Strasse? &#8211; Diese Frage, revolution\u00e4r damals gestellt von Bertolt Brecht, steht am Anfang der Fotoserie, die Yusuf Beyazit in den letzten drei Jahren auf den Strassen gemacht&hellip;<\/p>\n","protected":false},"author":1091,"featured_media":127841,"comment_status":"closed","ping_status":"open","sticky":false,"template":"","format":"standard","meta":{"footnotes":""},"categories":[9150,9144,9156,9161,11387],"tags":[9228,11986],"class_list":["post-127814","post","type-post","status-publish","format-standard","has-post-thumbnail","hentry","category-europa-de","category-fotoreportagen","category-kultur-und-medien","category-menschenrechte","category-originalinhalt","tag-fotografie","tag-protestbewegungen"],"yoast_head":"<!-- This site is optimized with the Yoast SEO plugin v27.1.1 - https:\/\/yoast.com\/product\/yoast-seo-wordpress\/ -->\n<title>Wessen Strasse ist die Strasse?<\/title>\n<meta name=\"description\" content=\"Eine Fotoausstellung von Yusuf Beyazit Wem geh\u00f6rt die Welt? Wessen Strasse ist die Strasse? - Diese Frage, revolution\u00e4r damals gestellt von Bertolt\" \/>\n<meta name=\"robots\" content=\"index, follow, max-snippet:-1, max-image-preview:large, max-video-preview:-1\" \/>\n<link rel=\"canonical\" href=\"https:\/\/www.pressenza.com\/de\/2014\/08\/wessen-strasse-ist-die-strasse\/\" \/>\n<meta property=\"og:locale\" content=\"de_DE\" \/>\n<meta property=\"og:type\" content=\"article\" \/>\n<meta property=\"og:title\" content=\"Wessen Strasse ist die Strasse?\" \/>\n<meta property=\"og:description\" content=\"Eine Fotoausstellung von Yusuf Beyazit Wem geh\u00f6rt die Welt? Wessen Strasse ist die Strasse? - Diese Frage, revolution\u00e4r damals gestellt von Bertolt\" \/>\n<meta property=\"og:url\" content=\"https:\/\/www.pressenza.com\/de\/2014\/08\/wessen-strasse-ist-die-strasse\/\" \/>\n<meta property=\"og:site_name\" content=\"Pressenza\" \/>\n<meta property=\"article:publisher\" content=\"https:\/\/www.facebook.com\/PressenzaItalia\" \/>\n<meta property=\"article:published_time\" content=\"2014-08-23T09:29:02+00:00\" \/>\n<meta property=\"article:modified_time\" content=\"2014-08-23T09:49:56+00:00\" \/>\n<meta property=\"og:image\" content=\"https:\/\/www.pressenza.com\/wp-content\/uploads\/2014\/08\/10557036_510352019109836_1627471137590931369_o.jpg\" \/>\n\t<meta property=\"og:image:width\" content=\"2048\" \/>\n\t<meta property=\"og:image:height\" content=\"1309\" \/>\n\t<meta property=\"og:image:type\" content=\"image\/jpeg\" \/>\n<meta name=\"author\" content=\"Johanna Heuveling\" \/>\n<meta name=\"twitter:card\" content=\"summary_large_image\" \/>\n<meta name=\"twitter:creator\" content=\"@PressenzaIPA\" \/>\n<meta name=\"twitter:site\" content=\"@PressenzaIPA\" \/>\n<meta name=\"twitter:label1\" content=\"Verfasst von\" \/>\n\t<meta name=\"twitter:data1\" content=\"Johanna Heuveling\" \/>\n\t<meta name=\"twitter:label2\" content=\"Gesch\u00e4tzte Lesezeit\" \/>\n\t<meta name=\"twitter:data2\" content=\"3\u00a0Minuten\" \/>\n<script type=\"application\/ld+json\" class=\"yoast-schema-graph\">{\"@context\":\"https:\/\/schema.org\",\"@graph\":[{\"@type\":\"Article\",\"@id\":\"https:\/\/www.pressenza.com\/de\/2014\/08\/wessen-strasse-ist-die-strasse\/#article\",\"isPartOf\":{\"@id\":\"https:\/\/www.pressenza.com\/de\/2014\/08\/wessen-strasse-ist-die-strasse\/\"},\"author\":{\"name\":\"Johanna Heuveling\",\"@id\":\"https:\/\/www.pressenza.com\/de\/#\/schema\/person\/dc5d249e1ad384095a92ed36392872fc\"},\"headline\":\"Wessen Strasse ist die Strasse?\",\"datePublished\":\"2014-08-23T09:29:02+00:00\",\"dateModified\":\"2014-08-23T09:49:56+00:00\",\"mainEntityOfPage\":{\"@id\":\"https:\/\/www.pressenza.com\/de\/2014\/08\/wessen-strasse-ist-die-strasse\/\"},\"wordCount\":586,\"publisher\":{\"@id\":\"https:\/\/www.pressenza.com\/de\/#organization\"},\"image\":{\"@id\":\"https:\/\/www.pressenza.com\/de\/2014\/08\/wessen-strasse-ist-die-strasse\/#primaryimage\"},\"thumbnailUrl\":\"https:\/\/www.pressenza.com\/wp-content\/uploads\/2014\/08\/10557036_510352019109836_1627471137590931369_o.jpg\",\"keywords\":[\"Fotografie\",\"Protestbewegungen\"],\"articleSection\":[\"Europa\",\"Fotoreportagen\",\"Kultur und Medien\",\"Menschenrechte\",\"Originalinhalt\"],\"inLanguage\":\"de\"},{\"@type\":\"WebPage\",\"@id\":\"https:\/\/www.pressenza.com\/de\/2014\/08\/wessen-strasse-ist-die-strasse\/\",\"url\":\"https:\/\/www.pressenza.com\/de\/2014\/08\/wessen-strasse-ist-die-strasse\/\",\"name\":\"Wessen Strasse ist die Strasse?\",\"isPartOf\":{\"@id\":\"https:\/\/www.pressenza.com\/de\/#website\"},\"primaryImageOfPage\":{\"@id\":\"https:\/\/www.pressenza.com\/de\/2014\/08\/wessen-strasse-ist-die-strasse\/#primaryimage\"},\"image\":{\"@id\":\"https:\/\/www.pressenza.com\/de\/2014\/08\/wessen-strasse-ist-die-strasse\/#primaryimage\"},\"thumbnailUrl\":\"https:\/\/www.pressenza.com\/wp-content\/uploads\/2014\/08\/10557036_510352019109836_1627471137590931369_o.jpg\",\"datePublished\":\"2014-08-23T09:29:02+00:00\",\"dateModified\":\"2014-08-23T09:49:56+00:00\",\"description\":\"Eine Fotoausstellung von Yusuf Beyazit Wem geh\u00f6rt die Welt? Wessen Strasse ist die Strasse? - Diese Frage, revolution\u00e4r damals gestellt von Bertolt\",\"breadcrumb\":{\"@id\":\"https:\/\/www.pressenza.com\/de\/2014\/08\/wessen-strasse-ist-die-strasse\/#breadcrumb\"},\"inLanguage\":\"de\",\"potentialAction\":[{\"@type\":\"ReadAction\",\"target\":[\"https:\/\/www.pressenza.com\/de\/2014\/08\/wessen-strasse-ist-die-strasse\/\"]}]},{\"@type\":\"ImageObject\",\"inLanguage\":\"de\",\"@id\":\"https:\/\/www.pressenza.com\/de\/2014\/08\/wessen-strasse-ist-die-strasse\/#primaryimage\",\"url\":\"https:\/\/www.pressenza.com\/wp-content\/uploads\/2014\/08\/10557036_510352019109836_1627471137590931369_o.jpg\",\"contentUrl\":\"https:\/\/www.pressenza.com\/wp-content\/uploads\/2014\/08\/10557036_510352019109836_1627471137590931369_o.jpg\",\"width\":2048,\"height\":1309},{\"@type\":\"BreadcrumbList\",\"@id\":\"https:\/\/www.pressenza.com\/de\/2014\/08\/wessen-strasse-ist-die-strasse\/#breadcrumb\",\"itemListElement\":[{\"@type\":\"ListItem\",\"position\":1,\"name\":\"Accueil\",\"item\":\"https:\/\/www.pressenza.com\/de\/\"},{\"@type\":\"ListItem\",\"position\":2,\"name\":\"Wessen Strasse ist die Strasse?\"}]},{\"@type\":\"WebSite\",\"@id\":\"https:\/\/www.pressenza.com\/de\/#website\",\"url\":\"https:\/\/www.pressenza.com\/de\/\",\"name\":\"Pressenza\",\"description\":\"International Press Agency\",\"publisher\":{\"@id\":\"https:\/\/www.pressenza.com\/de\/#organization\"},\"potentialAction\":[{\"@type\":\"SearchAction\",\"target\":{\"@type\":\"EntryPoint\",\"urlTemplate\":\"https:\/\/www.pressenza.com\/de\/?s={search_term_string}\"},\"query-input\":{\"@type\":\"PropertyValueSpecification\",\"valueRequired\":true,\"valueName\":\"search_term_string\"}}],\"inLanguage\":\"de\"},{\"@type\":\"Organization\",\"@id\":\"https:\/\/www.pressenza.com\/de\/#organization\",\"name\":\"Pressenza\",\"url\":\"https:\/\/www.pressenza.com\/de\/\",\"logo\":{\"@type\":\"ImageObject\",\"inLanguage\":\"de\",\"@id\":\"https:\/\/www.pressenza.com\/de\/#\/schema\/logo\/image\/\",\"url\":\"https:\/\/www.pressenza.com\/wp-content\/uploads\/2022\/10\/pressenza_logo_200x200.jpg\",\"contentUrl\":\"https:\/\/www.pressenza.com\/wp-content\/uploads\/2022\/10\/pressenza_logo_200x200.jpg\",\"width\":200,\"height\":200,\"caption\":\"Pressenza\"},\"image\":{\"@id\":\"https:\/\/www.pressenza.com\/de\/#\/schema\/logo\/image\/\"},\"sameAs\":[\"https:\/\/www.facebook.com\/PressenzaItalia\",\"https:\/\/x.com\/PressenzaIPA\"]},{\"@type\":\"Person\",\"@id\":\"https:\/\/www.pressenza.com\/de\/#\/schema\/person\/dc5d249e1ad384095a92ed36392872fc\",\"name\":\"Johanna Heuveling\",\"description\":\"lives in Berlin and works as a scientist and science communicator. She is also active in \\\"World without Wars and Violence\\\" and Pressenza. As a journalist she is most interested in refugee politics, weapon trade, Africa, Arts and News from Sciences.\",\"url\":\"https:\/\/www.pressenza.com\/de\/author\/johanna-heuveling\/\"}]}<\/script>\n<!-- \/ Yoast SEO plugin. -->","yoast_head_json":{"title":"Wessen Strasse ist die Strasse?","description":"Eine Fotoausstellung von Yusuf Beyazit Wem geh\u00f6rt die Welt? Wessen Strasse ist die Strasse? - Diese Frage, revolution\u00e4r damals gestellt von Bertolt","robots":{"index":"index","follow":"follow","max-snippet":"max-snippet:-1","max-image-preview":"max-image-preview:large","max-video-preview":"max-video-preview:-1"},"canonical":"https:\/\/www.pressenza.com\/de\/2014\/08\/wessen-strasse-ist-die-strasse\/","og_locale":"de_DE","og_type":"article","og_title":"Wessen Strasse ist die Strasse?","og_description":"Eine Fotoausstellung von Yusuf Beyazit Wem geh\u00f6rt die Welt? Wessen Strasse ist die Strasse? - Diese Frage, revolution\u00e4r damals gestellt von Bertolt","og_url":"https:\/\/www.pressenza.com\/de\/2014\/08\/wessen-strasse-ist-die-strasse\/","og_site_name":"Pressenza","article_publisher":"https:\/\/www.facebook.com\/PressenzaItalia","article_published_time":"2014-08-23T09:29:02+00:00","article_modified_time":"2014-08-23T09:49:56+00:00","og_image":[{"width":2048,"height":1309,"url":"https:\/\/www.pressenza.com\/wp-content\/uploads\/2014\/08\/10557036_510352019109836_1627471137590931369_o.jpg","type":"image\/jpeg"}],"author":"Johanna Heuveling","twitter_card":"summary_large_image","twitter_creator":"@PressenzaIPA","twitter_site":"@PressenzaIPA","twitter_misc":{"Verfasst von":"Johanna Heuveling","Gesch\u00e4tzte Lesezeit":"3\u00a0Minuten"},"schema":{"@context":"https:\/\/schema.org","@graph":[{"@type":"Article","@id":"https:\/\/www.pressenza.com\/de\/2014\/08\/wessen-strasse-ist-die-strasse\/#article","isPartOf":{"@id":"https:\/\/www.pressenza.com\/de\/2014\/08\/wessen-strasse-ist-die-strasse\/"},"author":{"name":"Johanna Heuveling","@id":"https:\/\/www.pressenza.com\/de\/#\/schema\/person\/dc5d249e1ad384095a92ed36392872fc"},"headline":"Wessen Strasse ist die Strasse?","datePublished":"2014-08-23T09:29:02+00:00","dateModified":"2014-08-23T09:49:56+00:00","mainEntityOfPage":{"@id":"https:\/\/www.pressenza.com\/de\/2014\/08\/wessen-strasse-ist-die-strasse\/"},"wordCount":586,"publisher":{"@id":"https:\/\/www.pressenza.com\/de\/#organization"},"image":{"@id":"https:\/\/www.pressenza.com\/de\/2014\/08\/wessen-strasse-ist-die-strasse\/#primaryimage"},"thumbnailUrl":"https:\/\/www.pressenza.com\/wp-content\/uploads\/2014\/08\/10557036_510352019109836_1627471137590931369_o.jpg","keywords":["Fotografie","Protestbewegungen"],"articleSection":["Europa","Fotoreportagen","Kultur und Medien","Menschenrechte","Originalinhalt"],"inLanguage":"de"},{"@type":"WebPage","@id":"https:\/\/www.pressenza.com\/de\/2014\/08\/wessen-strasse-ist-die-strasse\/","url":"https:\/\/www.pressenza.com\/de\/2014\/08\/wessen-strasse-ist-die-strasse\/","name":"Wessen Strasse ist die Strasse?","isPartOf":{"@id":"https:\/\/www.pressenza.com\/de\/#website"},"primaryImageOfPage":{"@id":"https:\/\/www.pressenza.com\/de\/2014\/08\/wessen-strasse-ist-die-strasse\/#primaryimage"},"image":{"@id":"https:\/\/www.pressenza.com\/de\/2014\/08\/wessen-strasse-ist-die-strasse\/#primaryimage"},"thumbnailUrl":"https:\/\/www.pressenza.com\/wp-content\/uploads\/2014\/08\/10557036_510352019109836_1627471137590931369_o.jpg","datePublished":"2014-08-23T09:29:02+00:00","dateModified":"2014-08-23T09:49:56+00:00","description":"Eine Fotoausstellung von Yusuf Beyazit Wem geh\u00f6rt die Welt? Wessen Strasse ist die Strasse? - Diese Frage, revolution\u00e4r damals gestellt von Bertolt","breadcrumb":{"@id":"https:\/\/www.pressenza.com\/de\/2014\/08\/wessen-strasse-ist-die-strasse\/#breadcrumb"},"inLanguage":"de","potentialAction":[{"@type":"ReadAction","target":["https:\/\/www.pressenza.com\/de\/2014\/08\/wessen-strasse-ist-die-strasse\/"]}]},{"@type":"ImageObject","inLanguage":"de","@id":"https:\/\/www.pressenza.com\/de\/2014\/08\/wessen-strasse-ist-die-strasse\/#primaryimage","url":"https:\/\/www.pressenza.com\/wp-content\/uploads\/2014\/08\/10557036_510352019109836_1627471137590931369_o.jpg","contentUrl":"https:\/\/www.pressenza.com\/wp-content\/uploads\/2014\/08\/10557036_510352019109836_1627471137590931369_o.jpg","width":2048,"height":1309},{"@type":"BreadcrumbList","@id":"https:\/\/www.pressenza.com\/de\/2014\/08\/wessen-strasse-ist-die-strasse\/#breadcrumb","itemListElement":[{"@type":"ListItem","position":1,"name":"Accueil","item":"https:\/\/www.pressenza.com\/de\/"},{"@type":"ListItem","position":2,"name":"Wessen Strasse ist die Strasse?"}]},{"@type":"WebSite","@id":"https:\/\/www.pressenza.com\/de\/#website","url":"https:\/\/www.pressenza.com\/de\/","name":"Pressenza","description":"International Press Agency","publisher":{"@id":"https:\/\/www.pressenza.com\/de\/#organization"},"potentialAction":[{"@type":"SearchAction","target":{"@type":"EntryPoint","urlTemplate":"https:\/\/www.pressenza.com\/de\/?s={search_term_string}"},"query-input":{"@type":"PropertyValueSpecification","valueRequired":true,"valueName":"search_term_string"}}],"inLanguage":"de"},{"@type":"Organization","@id":"https:\/\/www.pressenza.com\/de\/#organization","name":"Pressenza","url":"https:\/\/www.pressenza.com\/de\/","logo":{"@type":"ImageObject","inLanguage":"de","@id":"https:\/\/www.pressenza.com\/de\/#\/schema\/logo\/image\/","url":"https:\/\/www.pressenza.com\/wp-content\/uploads\/2022\/10\/pressenza_logo_200x200.jpg","contentUrl":"https:\/\/www.pressenza.com\/wp-content\/uploads\/2022\/10\/pressenza_logo_200x200.jpg","width":200,"height":200,"caption":"Pressenza"},"image":{"@id":"https:\/\/www.pressenza.com\/de\/#\/schema\/logo\/image\/"},"sameAs":["https:\/\/www.facebook.com\/PressenzaItalia","https:\/\/x.com\/PressenzaIPA"]},{"@type":"Person","@id":"https:\/\/www.pressenza.com\/de\/#\/schema\/person\/dc5d249e1ad384095a92ed36392872fc","name":"Johanna Heuveling","description":"lives in Berlin and works as a scientist and science communicator. She is also active in \"World without Wars and Violence\" and Pressenza. As a journalist she is most interested in refugee politics, weapon trade, Africa, Arts and News from Sciences.","url":"https:\/\/www.pressenza.com\/de\/author\/johanna-heuveling\/"}]}},"place":"","original_article_url":"","_links":{"self":[{"href":"https:\/\/www.pressenza.com\/de\/wp-json\/wp\/v2\/posts\/127814","targetHints":{"allow":["GET"]}}],"collection":[{"href":"https:\/\/www.pressenza.com\/de\/wp-json\/wp\/v2\/posts"}],"about":[{"href":"https:\/\/www.pressenza.com\/de\/wp-json\/wp\/v2\/types\/post"}],"author":[{"embeddable":true,"href":"https:\/\/www.pressenza.com\/de\/wp-json\/wp\/v2\/users\/1091"}],"replies":[{"embeddable":true,"href":"https:\/\/www.pressenza.com\/de\/wp-json\/wp\/v2\/comments?post=127814"}],"version-history":[{"count":0,"href":"https:\/\/www.pressenza.com\/de\/wp-json\/wp\/v2\/posts\/127814\/revisions"}],"wp:featuredmedia":[{"embeddable":true,"href":"https:\/\/www.pressenza.com\/de\/wp-json\/wp\/v2\/media\/127841"}],"wp:attachment":[{"href":"https:\/\/www.pressenza.com\/de\/wp-json\/wp\/v2\/media?parent=127814"}],"wp:term":[{"taxonomy":"category","embeddable":true,"href":"https:\/\/www.pressenza.com\/de\/wp-json\/wp\/v2\/categories?post=127814"},{"taxonomy":"post_tag","embeddable":true,"href":"https:\/\/www.pressenza.com\/de\/wp-json\/wp\/v2\/tags?post=127814"}],"curies":[{"name":"wp","href":"https:\/\/api.w.org\/{rel}","templated":true}]}}