{"id":1277833,"date":"2021-01-14T18:15:19","date_gmt":"2021-01-14T18:15:19","guid":{"rendered":"https:\/\/www.pressenza.com\/?p=1277833"},"modified":"2021-01-14T18:15:19","modified_gmt":"2021-01-14T18:15:19","slug":"unsere-geschichte-die-geschichte-der-frauen","status":"publish","type":"post","link":"https:\/\/www.pressenza.com\/de\/2021\/01\/unsere-geschichte-die-geschichte-der-frauen\/","title":{"rendered":"Unsere Geschichte \u2013 die Geschichte der Frauen"},"content":{"rendered":"<p><strong>Alles ver\u00e4ndert sich sehr schnell und es wird immer schneller. Es sind nicht nur \u00e4u\u00dfere Ereignisse, die auf uns einwirken, oder die unbestreitbare technologische Entwicklung, die sich beschleunigt hat. Zus\u00e4tzlich werden unsere Ansichten durch die Umst\u00e4nde ver\u00e4ndert und neue Erkenntnisse tauchen auf, so dass das, was wir bis vor kurzem sagten, in der heutigen Zeit ernsthaft angezweifelt werden muss. Wir befinden uns in einer Zeit, in der eine Lebensweise, ein Stil, eine Art, sich in der Welt zu bewegen, zu Ende geht. Eine Form der Zivilisation geht zu Ende, w\u00e4hrend die neue gerade geboren wird.<\/strong><\/p>\n<p>Wir fangen an, uns dessen bewusst zu werden, was wir vorher nicht gesehen haben, obwohl es vor unseren Augen lag. Diese Umw\u00e4lzung der \u00dcberzeugungen l\u00e4sst neue Bilder entstehen und f\u00fchrt zu Einstellungen und Verhaltensweisen, die besser an die Zeit angepasst sind.<\/p>\n<p>In fast allen Bereichen k\u00f6nnen wir diese reale Ver\u00e4nderung beobachten, die zuerst in uns stattfindet, dann nach au\u00dfen getragen und schlie\u00dflich in der Welt wirksam wird.<\/p>\n<p>Manchmal schmerzt diese Erkenntnis, sie ist vergleichbar mit einer Desillusionierung oder dem Verlust der Naivit\u00e4t. Aber sie wird auch von einem Gef\u00fchl der Befreiung, der Verbundenheit und des Wachstums begleitet.<\/p>\n<p>Dies geschieht zum Beispiel dann, wenn das \u00fcbliche patriarchalische Verhalten, die Macho-Kr\u00e4fte, die Gesten, mit denen wir so oft lieber der Kritik ausweichen, um wegzuschauen und vorw\u00e4rts zu kommen, auf widerspr\u00fcchliche und sogar heuchlerische Weise unertr\u00e4glich werden. Heute sind wir der Meinung, dass wir Gewalt, wo immer sie herkommt, nicht mehr l\u00e4nger verheimlichen k\u00f6nnen, vor allem dann nicht, wenn sie Leidensgenoss*innen betrifft. Jetzt muss es Konsequenzen geben.<\/p>\n<p>Dank des Aufkommens feministischer Bewegungen in der ganzen Welt, der wiederholten K\u00e4mpfe und ihrer Anprangerungen ist nach und nach etwas Undenkbares entstanden: die Schwesternschaft, jene Beziehung der gegenseitigen Unterst\u00fctzung und Zusammenarbeit zwischen Frauen, die eine Basis des gegenseitigen Vertrauens schafft.<\/p>\n<p>&#8222;Ich glaube dir&#8220; war der Slogan f\u00fcr eine Kampagne, um die erneute Viktimisierung und Gewalt, die eine Frau erlitten hat, sichtbar zu machen und ins Bewusstsein zu r\u00fccken&#8230; und es war nur ein Titel f\u00fcr eine interessante Kampagne, der uns unter die Haut ging und unsere Mentalit\u00e4t ver\u00e4nderte, bis wir selbst von unserer eigenen Courage \u00fcberrascht wurden, zu ihr zu gehen und sie zu verteidigen, eine andere Frau, die missbraucht wurde.<\/p>\n<p>Die Flucht in die Gleichg\u00fcltigkeit ist nicht mehr bequem, denn wir wurden zu Komplizinnen, jetzt ziehen wir es vor, zu reagieren.<\/p>\n<p>Das Patriarchat ist in den Hintergrund getreten, wir wollen es nicht mehr unterst\u00fctzen und es scheint m\u00f6glich, dass es in unseren K\u00f6pfen nicht mehr existiert. Infolgedessen haben sich unsere Verhaltensweisen ge\u00e4ndert und wir nehmen neue Optionen wahr. Wir tolerieren keine Gewalt gegen Frauen, keinen Missbrauch, keine Bel\u00e4stigung oder gar Vergewaltigung mehr. Ganz zu schweigen von Femizid. Ganz einfach, weil wir unsere Abscheu gegen\u00fcber denen, die diese Art von Aggression begehen, nicht verbergen k\u00f6nnen.<\/p>\n<p>Wir verstehen nat\u00fcrlich, dass wir alle, in mehr als einer Hinsicht, Opfer der patriarchalen Kultur sind. Deshalb urteilen wir nicht \u00fcber die Verbrechen des m\u00e4nnlichen Chauvinismus; das m\u00fcssen die Richter*innen tun. Es ist ihre Aufgabe, die Verfahren zu f\u00fchren, die F\u00e4lle zu untersuchen und ihre Urteile zu f\u00e4llen. Hoffen wir, dass sie ihre Arbeit machen.<\/p>\n<p>Wir m\u00f6chten nicht, dass sich Menschen schuldig f\u00fchlen: Wir wissen, dass Schuldgef\u00fchle zu Ressentiments und Rache f\u00fchren. Wir verstehen aber auch, dass jeder Mensch eine Absicht hat und f\u00fcr die Folgen seines Handelns verantwortlich ist, egal ob diese \u00f6ffentlich bekannt sind oder nicht. Wir f\u00fchlen uns bereit, die Opfer zu verteidigen, ihnen Schutz zu geben. Wir sind bereit, ihnen zu glauben, weil wir auch von einer ganzen kollektiven Geschichte der Unterwerfung und des Missbrauchs gest\u00fctzt werden, die wir heute nicht mehr leugnen werden.<\/p>\n<p>Wir wollen mit einer doppelten Wiedergutmachung f\u00fcr das erlittene Leid beginnen: Wir werden Gewalt nicht mehr rechtfertigen und wir werden weiterhin aufkl\u00e4ren, informieren, sensibilisieren, erm\u00e4chtigen und humanisieren. Es geht darum, dass Frauen und M\u00e4nner am Aufbau einer neuen Kultur, in der Gleichberechtigung herrscht, mitwirken k\u00f6nnen. Wir werden weitere Fortschritte machen, wir werden die Forderungen der \u00f6ffentlichen Politik des Schutzes, der Vorbeugung und der Wiedergutmachung weiter verst\u00e4rken, die bereits jetzt beginnen, umgesetzt zu werden.<\/p>\n<blockquote><p><strong>Wenn wir bei uns selbst einen Perspektivwechsel erlebt haben, dann wird es m\u00f6glich sein, diesen Wandel bei vielen, vielen anderen zu begleiten, die dadurch ermutigt werden, sich entschieden gewaltfreie Verhaltensweisen anzueignen, sich in Richtung f\u00fcrsorglicher Beziehungen und wahrer Gro\u00dfz\u00fcgigkeit zu bewegen und hoffentlich eines Tages in der Lage zu sein, andere so zu behandeln, wie sie behandelt werden m\u00f6chten.<\/strong><\/p><\/blockquote>\n<p><em><strong>Die \u00dcbersetzung aus dem Englischen wurde von Elena Heim vom ehrenamtlichen Pressenza-\u00dcbersetzungsteam erstellt.<\/strong> <a href=\"https:\/\/www.pressenza.com\/de\/mitarbeiten\/\" target=\"_blank\" rel=\"noopener noreferrer\">Wir suchen Freiwillige!<\/a><\/em><\/p>\n","protected":false},"excerpt":{"rendered":"<p>Alles ver\u00e4ndert sich sehr schnell und es wird immer schneller. Es sind nicht nur \u00e4u\u00dfere Ereignisse, die auf uns einwirken, oder die unbestreitbare technologische Entwicklung, die sich beschleunigt hat. Zus\u00e4tzlich werden unsere Ansichten durch die Umst\u00e4nde ver\u00e4ndert und neue Erkenntnisse&hellip;<\/p>\n","protected":false},"author":22,"featured_media":1274837,"comment_status":"closed","ping_status":"closed","sticky":false,"template":"","format":"standard","meta":{"footnotes":""},"categories":[54510,7835,9143,11387],"tags":[20375,40184,82690,11711,86175,29053,83772],"class_list":["post-1277833","post","type-post","status-publish","format-standard","has-post-thumbnail","hentry","category-gender-und-feminismen","category-international-de","category-meinungen","category-originalinhalt","tag-emanzipation","tag-femizid","tag-geschlechtergerechtigkeit","tag-gewalt-gegen-frauen","tag-kohaerenz","tag-patriarchat","tag-schwesternschaft"],"yoast_head":"<!-- This site is optimized with the Yoast SEO plugin v27.1.1 - https:\/\/yoast.com\/product\/yoast-seo-wordpress\/ -->\n<title>Unsere Geschichte \u2013 die Geschichte der Frauen<\/title>\n<meta name=\"description\" content=\"Alles ver\u00e4ndert sich sehr schnell und es wird immer schneller. Es sind nicht nur \u00e4u\u00dfere Ereignisse, die auf uns einwirken, oder die unbestreitbare\" \/>\n<meta name=\"robots\" content=\"index, follow, max-snippet:-1, max-image-preview:large, max-video-preview:-1\" \/>\n<link rel=\"canonical\" href=\"https:\/\/www.pressenza.com\/de\/2021\/01\/unsere-geschichte-die-geschichte-der-frauen\/\" \/>\n<meta property=\"og:locale\" content=\"de_DE\" \/>\n<meta property=\"og:type\" content=\"article\" \/>\n<meta property=\"og:title\" content=\"Unsere Geschichte \u2013 die Geschichte der Frauen\" \/>\n<meta property=\"og:description\" content=\"Alles ver\u00e4ndert sich sehr schnell und es wird immer schneller. Es sind nicht nur \u00e4u\u00dfere Ereignisse, die auf uns einwirken, oder die unbestreitbare\" \/>\n<meta property=\"og:url\" content=\"https:\/\/www.pressenza.com\/de\/2021\/01\/unsere-geschichte-die-geschichte-der-frauen\/\" \/>\n<meta property=\"og:site_name\" content=\"Pressenza\" \/>\n<meta property=\"article:publisher\" content=\"https:\/\/www.facebook.com\/PressenzaItalia\" \/>\n<meta property=\"article:author\" content=\"https:\/\/www.facebook.com\/pia.figueroa?ref=tn_tnmn\" \/>\n<meta property=\"article:published_time\" content=\"2021-01-14T18:15:19+00:00\" \/>\n<meta property=\"og:image\" content=\"https:\/\/www.pressenza.com\/wp-content\/uploads\/2021\/01\/lazos.jpg\" \/>\n\t<meta property=\"og:image:width\" content=\"680\" \/>\n\t<meta property=\"og:image:height\" content=\"552\" \/>\n\t<meta property=\"og:image:type\" content=\"image\/jpeg\" \/>\n<meta name=\"author\" content=\"P\u00eda Figueroa\" \/>\n<meta name=\"twitter:card\" content=\"summary_large_image\" \/>\n<meta name=\"twitter:creator\" content=\"@piafigueroa\" \/>\n<meta name=\"twitter:site\" content=\"@PressenzaIPA\" \/>\n<meta name=\"twitter:label1\" content=\"Verfasst von\" \/>\n\t<meta name=\"twitter:data1\" content=\"P\u00eda Figueroa\" \/>\n\t<meta name=\"twitter:label2\" content=\"Gesch\u00e4tzte Lesezeit\" \/>\n\t<meta name=\"twitter:data2\" content=\"4\u00a0Minuten\" \/>\n<script type=\"application\/ld+json\" class=\"yoast-schema-graph\">{\"@context\":\"https:\/\/schema.org\",\"@graph\":[{\"@type\":\"Article\",\"@id\":\"https:\/\/www.pressenza.com\/de\/2021\/01\/unsere-geschichte-die-geschichte-der-frauen\/#article\",\"isPartOf\":{\"@id\":\"https:\/\/www.pressenza.com\/de\/2021\/01\/unsere-geschichte-die-geschichte-der-frauen\/\"},\"author\":{\"name\":\"P\u00eda Figueroa\",\"@id\":\"https:\/\/www.pressenza.com\/de\/#\/schema\/person\/8bb53ec73ef39ceec36ca0128a0ccd41\"},\"headline\":\"Unsere Geschichte \u2013 die Geschichte der Frauen\",\"datePublished\":\"2021-01-14T18:15:19+00:00\",\"mainEntityOfPage\":{\"@id\":\"https:\/\/www.pressenza.com\/de\/2021\/01\/unsere-geschichte-die-geschichte-der-frauen\/\"},\"wordCount\":819,\"publisher\":{\"@id\":\"https:\/\/www.pressenza.com\/de\/#organization\"},\"image\":{\"@id\":\"https:\/\/www.pressenza.com\/de\/2021\/01\/unsere-geschichte-die-geschichte-der-frauen\/#primaryimage\"},\"thumbnailUrl\":\"https:\/\/www.pressenza.com\/wp-content\/uploads\/2021\/01\/lazos.jpg\",\"keywords\":[\"Emanzipation\",\"Femizid\",\"Geschlechtergerechtigkeit\",\"Gewalt gegen Frauen\",\"Koh\u00e4renz\",\"Patriarchat\",\"Schwesternschaft\"],\"articleSection\":[\"Gender und Feminismen\",\"International\",\"Meinungen\",\"Originalinhalt\"],\"inLanguage\":\"de\"},{\"@type\":\"WebPage\",\"@id\":\"https:\/\/www.pressenza.com\/de\/2021\/01\/unsere-geschichte-die-geschichte-der-frauen\/\",\"url\":\"https:\/\/www.pressenza.com\/de\/2021\/01\/unsere-geschichte-die-geschichte-der-frauen\/\",\"name\":\"Unsere Geschichte \u2013 die Geschichte der Frauen\",\"isPartOf\":{\"@id\":\"https:\/\/www.pressenza.com\/de\/#website\"},\"primaryImageOfPage\":{\"@id\":\"https:\/\/www.pressenza.com\/de\/2021\/01\/unsere-geschichte-die-geschichte-der-frauen\/#primaryimage\"},\"image\":{\"@id\":\"https:\/\/www.pressenza.com\/de\/2021\/01\/unsere-geschichte-die-geschichte-der-frauen\/#primaryimage\"},\"thumbnailUrl\":\"https:\/\/www.pressenza.com\/wp-content\/uploads\/2021\/01\/lazos.jpg\",\"datePublished\":\"2021-01-14T18:15:19+00:00\",\"description\":\"Alles ver\u00e4ndert sich sehr schnell und es wird immer schneller. Es sind nicht nur \u00e4u\u00dfere Ereignisse, die auf uns einwirken, oder die unbestreitbare\",\"breadcrumb\":{\"@id\":\"https:\/\/www.pressenza.com\/de\/2021\/01\/unsere-geschichte-die-geschichte-der-frauen\/#breadcrumb\"},\"inLanguage\":\"de\",\"potentialAction\":[{\"@type\":\"ReadAction\",\"target\":[\"https:\/\/www.pressenza.com\/de\/2021\/01\/unsere-geschichte-die-geschichte-der-frauen\/\"]}]},{\"@type\":\"ImageObject\",\"inLanguage\":\"de\",\"@id\":\"https:\/\/www.pressenza.com\/de\/2021\/01\/unsere-geschichte-die-geschichte-der-frauen\/#primaryimage\",\"url\":\"https:\/\/www.pressenza.com\/wp-content\/uploads\/2021\/01\/lazos.jpg\",\"contentUrl\":\"https:\/\/www.pressenza.com\/wp-content\/uploads\/2021\/01\/lazos.jpg\",\"width\":680,\"height\":552,\"caption\":\"Unsere Geschichte \u2013 die GeschicUnsere Geschichte \u2013 die Geschichte der Frauenhte der FrauenUnsere Geschichte \u2013 die Geschichte der Frauen\"},{\"@type\":\"BreadcrumbList\",\"@id\":\"https:\/\/www.pressenza.com\/de\/2021\/01\/unsere-geschichte-die-geschichte-der-frauen\/#breadcrumb\",\"itemListElement\":[{\"@type\":\"ListItem\",\"position\":1,\"name\":\"Accueil\",\"item\":\"https:\/\/www.pressenza.com\/de\/\"},{\"@type\":\"ListItem\",\"position\":2,\"name\":\"Unsere Geschichte \u2013 die Geschichte der Frauen\"}]},{\"@type\":\"WebSite\",\"@id\":\"https:\/\/www.pressenza.com\/de\/#website\",\"url\":\"https:\/\/www.pressenza.com\/de\/\",\"name\":\"Pressenza\",\"description\":\"International Press Agency\",\"publisher\":{\"@id\":\"https:\/\/www.pressenza.com\/de\/#organization\"},\"potentialAction\":[{\"@type\":\"SearchAction\",\"target\":{\"@type\":\"EntryPoint\",\"urlTemplate\":\"https:\/\/www.pressenza.com\/de\/?s={search_term_string}\"},\"query-input\":{\"@type\":\"PropertyValueSpecification\",\"valueRequired\":true,\"valueName\":\"search_term_string\"}}],\"inLanguage\":\"de\"},{\"@type\":\"Organization\",\"@id\":\"https:\/\/www.pressenza.com\/de\/#organization\",\"name\":\"Pressenza\",\"url\":\"https:\/\/www.pressenza.com\/de\/\",\"logo\":{\"@type\":\"ImageObject\",\"inLanguage\":\"de\",\"@id\":\"https:\/\/www.pressenza.com\/de\/#\/schema\/logo\/image\/\",\"url\":\"https:\/\/www.pressenza.com\/wp-content\/uploads\/2022\/10\/pressenza_logo_200x200.jpg\",\"contentUrl\":\"https:\/\/www.pressenza.com\/wp-content\/uploads\/2022\/10\/pressenza_logo_200x200.jpg\",\"width\":200,\"height\":200,\"caption\":\"Pressenza\"},\"image\":{\"@id\":\"https:\/\/www.pressenza.com\/de\/#\/schema\/logo\/image\/\"},\"sameAs\":[\"https:\/\/www.facebook.com\/PressenzaItalia\",\"https:\/\/x.com\/PressenzaIPA\"]},{\"@type\":\"Person\",\"@id\":\"https:\/\/www.pressenza.com\/de\/#\/schema\/person\/8bb53ec73ef39ceec36ca0128a0ccd41\",\"name\":\"P\u00eda Figueroa\",\"description\":\"Founder of Pressenza, life-long humanist, author of several monographs and books.\",\"sameAs\":[\"https:\/\/www.facebook.com\/pia.figueroa?ref=tn_tnmn\",\"https:\/\/x.com\/piafigueroa\"],\"url\":\"https:\/\/www.pressenza.com\/de\/author\/pia-figueroa\/\"}]}<\/script>\n<!-- \/ Yoast SEO plugin. -->","yoast_head_json":{"title":"Unsere Geschichte \u2013 die Geschichte der Frauen","description":"Alles ver\u00e4ndert sich sehr schnell und es wird immer schneller. Es sind nicht nur \u00e4u\u00dfere Ereignisse, die auf uns einwirken, oder die unbestreitbare","robots":{"index":"index","follow":"follow","max-snippet":"max-snippet:-1","max-image-preview":"max-image-preview:large","max-video-preview":"max-video-preview:-1"},"canonical":"https:\/\/www.pressenza.com\/de\/2021\/01\/unsere-geschichte-die-geschichte-der-frauen\/","og_locale":"de_DE","og_type":"article","og_title":"Unsere Geschichte \u2013 die Geschichte der Frauen","og_description":"Alles ver\u00e4ndert sich sehr schnell und es wird immer schneller. Es sind nicht nur \u00e4u\u00dfere Ereignisse, die auf uns einwirken, oder die unbestreitbare","og_url":"https:\/\/www.pressenza.com\/de\/2021\/01\/unsere-geschichte-die-geschichte-der-frauen\/","og_site_name":"Pressenza","article_publisher":"https:\/\/www.facebook.com\/PressenzaItalia","article_author":"https:\/\/www.facebook.com\/pia.figueroa?ref=tn_tnmn","article_published_time":"2021-01-14T18:15:19+00:00","og_image":[{"width":680,"height":552,"url":"https:\/\/www.pressenza.com\/wp-content\/uploads\/2021\/01\/lazos.jpg","type":"image\/jpeg"}],"author":"P\u00eda Figueroa","twitter_card":"summary_large_image","twitter_creator":"@piafigueroa","twitter_site":"@PressenzaIPA","twitter_misc":{"Verfasst von":"P\u00eda Figueroa","Gesch\u00e4tzte Lesezeit":"4\u00a0Minuten"},"schema":{"@context":"https:\/\/schema.org","@graph":[{"@type":"Article","@id":"https:\/\/www.pressenza.com\/de\/2021\/01\/unsere-geschichte-die-geschichte-der-frauen\/#article","isPartOf":{"@id":"https:\/\/www.pressenza.com\/de\/2021\/01\/unsere-geschichte-die-geschichte-der-frauen\/"},"author":{"name":"P\u00eda Figueroa","@id":"https:\/\/www.pressenza.com\/de\/#\/schema\/person\/8bb53ec73ef39ceec36ca0128a0ccd41"},"headline":"Unsere Geschichte \u2013 die Geschichte der Frauen","datePublished":"2021-01-14T18:15:19+00:00","mainEntityOfPage":{"@id":"https:\/\/www.pressenza.com\/de\/2021\/01\/unsere-geschichte-die-geschichte-der-frauen\/"},"wordCount":819,"publisher":{"@id":"https:\/\/www.pressenza.com\/de\/#organization"},"image":{"@id":"https:\/\/www.pressenza.com\/de\/2021\/01\/unsere-geschichte-die-geschichte-der-frauen\/#primaryimage"},"thumbnailUrl":"https:\/\/www.pressenza.com\/wp-content\/uploads\/2021\/01\/lazos.jpg","keywords":["Emanzipation","Femizid","Geschlechtergerechtigkeit","Gewalt gegen Frauen","Koh\u00e4renz","Patriarchat","Schwesternschaft"],"articleSection":["Gender und Feminismen","International","Meinungen","Originalinhalt"],"inLanguage":"de"},{"@type":"WebPage","@id":"https:\/\/www.pressenza.com\/de\/2021\/01\/unsere-geschichte-die-geschichte-der-frauen\/","url":"https:\/\/www.pressenza.com\/de\/2021\/01\/unsere-geschichte-die-geschichte-der-frauen\/","name":"Unsere Geschichte \u2013 die Geschichte der Frauen","isPartOf":{"@id":"https:\/\/www.pressenza.com\/de\/#website"},"primaryImageOfPage":{"@id":"https:\/\/www.pressenza.com\/de\/2021\/01\/unsere-geschichte-die-geschichte-der-frauen\/#primaryimage"},"image":{"@id":"https:\/\/www.pressenza.com\/de\/2021\/01\/unsere-geschichte-die-geschichte-der-frauen\/#primaryimage"},"thumbnailUrl":"https:\/\/www.pressenza.com\/wp-content\/uploads\/2021\/01\/lazos.jpg","datePublished":"2021-01-14T18:15:19+00:00","description":"Alles ver\u00e4ndert sich sehr schnell und es wird immer schneller. Es sind nicht nur \u00e4u\u00dfere Ereignisse, die auf uns einwirken, oder die unbestreitbare","breadcrumb":{"@id":"https:\/\/www.pressenza.com\/de\/2021\/01\/unsere-geschichte-die-geschichte-der-frauen\/#breadcrumb"},"inLanguage":"de","potentialAction":[{"@type":"ReadAction","target":["https:\/\/www.pressenza.com\/de\/2021\/01\/unsere-geschichte-die-geschichte-der-frauen\/"]}]},{"@type":"ImageObject","inLanguage":"de","@id":"https:\/\/www.pressenza.com\/de\/2021\/01\/unsere-geschichte-die-geschichte-der-frauen\/#primaryimage","url":"https:\/\/www.pressenza.com\/wp-content\/uploads\/2021\/01\/lazos.jpg","contentUrl":"https:\/\/www.pressenza.com\/wp-content\/uploads\/2021\/01\/lazos.jpg","width":680,"height":552,"caption":"Unsere Geschichte \u2013 die GeschicUnsere Geschichte \u2013 die Geschichte der Frauenhte der FrauenUnsere Geschichte \u2013 die Geschichte der Frauen"},{"@type":"BreadcrumbList","@id":"https:\/\/www.pressenza.com\/de\/2021\/01\/unsere-geschichte-die-geschichte-der-frauen\/#breadcrumb","itemListElement":[{"@type":"ListItem","position":1,"name":"Accueil","item":"https:\/\/www.pressenza.com\/de\/"},{"@type":"ListItem","position":2,"name":"Unsere Geschichte \u2013 die Geschichte der Frauen"}]},{"@type":"WebSite","@id":"https:\/\/www.pressenza.com\/de\/#website","url":"https:\/\/www.pressenza.com\/de\/","name":"Pressenza","description":"International Press Agency","publisher":{"@id":"https:\/\/www.pressenza.com\/de\/#organization"},"potentialAction":[{"@type":"SearchAction","target":{"@type":"EntryPoint","urlTemplate":"https:\/\/www.pressenza.com\/de\/?s={search_term_string}"},"query-input":{"@type":"PropertyValueSpecification","valueRequired":true,"valueName":"search_term_string"}}],"inLanguage":"de"},{"@type":"Organization","@id":"https:\/\/www.pressenza.com\/de\/#organization","name":"Pressenza","url":"https:\/\/www.pressenza.com\/de\/","logo":{"@type":"ImageObject","inLanguage":"de","@id":"https:\/\/www.pressenza.com\/de\/#\/schema\/logo\/image\/","url":"https:\/\/www.pressenza.com\/wp-content\/uploads\/2022\/10\/pressenza_logo_200x200.jpg","contentUrl":"https:\/\/www.pressenza.com\/wp-content\/uploads\/2022\/10\/pressenza_logo_200x200.jpg","width":200,"height":200,"caption":"Pressenza"},"image":{"@id":"https:\/\/www.pressenza.com\/de\/#\/schema\/logo\/image\/"},"sameAs":["https:\/\/www.facebook.com\/PressenzaItalia","https:\/\/x.com\/PressenzaIPA"]},{"@type":"Person","@id":"https:\/\/www.pressenza.com\/de\/#\/schema\/person\/8bb53ec73ef39ceec36ca0128a0ccd41","name":"P\u00eda Figueroa","description":"Founder of Pressenza, life-long humanist, author of several monographs and books.","sameAs":["https:\/\/www.facebook.com\/pia.figueroa?ref=tn_tnmn","https:\/\/x.com\/piafigueroa"],"url":"https:\/\/www.pressenza.com\/de\/author\/pia-figueroa\/"}]}},"place":"Santiago de Chile","original_article_url":"","_links":{"self":[{"href":"https:\/\/www.pressenza.com\/de\/wp-json\/wp\/v2\/posts\/1277833","targetHints":{"allow":["GET"]}}],"collection":[{"href":"https:\/\/www.pressenza.com\/de\/wp-json\/wp\/v2\/posts"}],"about":[{"href":"https:\/\/www.pressenza.com\/de\/wp-json\/wp\/v2\/types\/post"}],"author":[{"embeddable":true,"href":"https:\/\/www.pressenza.com\/de\/wp-json\/wp\/v2\/users\/22"}],"replies":[{"embeddable":true,"href":"https:\/\/www.pressenza.com\/de\/wp-json\/wp\/v2\/comments?post=1277833"}],"version-history":[{"count":0,"href":"https:\/\/www.pressenza.com\/de\/wp-json\/wp\/v2\/posts\/1277833\/revisions"}],"wp:featuredmedia":[{"embeddable":true,"href":"https:\/\/www.pressenza.com\/de\/wp-json\/wp\/v2\/media\/1274837"}],"wp:attachment":[{"href":"https:\/\/www.pressenza.com\/de\/wp-json\/wp\/v2\/media?parent=1277833"}],"wp:term":[{"taxonomy":"category","embeddable":true,"href":"https:\/\/www.pressenza.com\/de\/wp-json\/wp\/v2\/categories?post=1277833"},{"taxonomy":"post_tag","embeddable":true,"href":"https:\/\/www.pressenza.com\/de\/wp-json\/wp\/v2\/tags?post=1277833"}],"curies":[{"name":"wp","href":"https:\/\/api.w.org\/{rel}","templated":true}]}}