{"id":1277510,"date":"2021-01-15T12:26:05","date_gmt":"2021-01-15T12:26:05","guid":{"rendered":"https:\/\/www.pressenza.com\/?p=1277510"},"modified":"2021-01-15T12:26:05","modified_gmt":"2021-01-15T12:26:05","slug":"asylzahlen-2020-zeigen-deutschland-hat-platz","status":"publish","type":"post","link":"https:\/\/www.pressenza.com\/de\/2021\/01\/asylzahlen-2020-zeigen-deutschland-hat-platz\/","title":{"rendered":"Asylzahlen 2020 zeigen: Deutschland hat Platz!"},"content":{"rendered":"<div>\n<p><b><strong>Pro Asyl fordert Evakuierung und Aufnahme aus den Elendslagern vor und an der EU-Grenze<\/strong><\/b><\/p>\n<p>Mit Blick auf die ver\u00f6ffentlichten Asylzahlen f\u00fcr 2020 stellt PRO ASYL fest, dass die Zugangszahlen nach Deutschland seit 2012 auf einen Tiefstand gesunken sind. Die Zahl der grenz\u00fcberschreitenden Asylerstantr\u00e4ge lag im Jahr 2020 bei 76.061 und damit um 31,5 % niedriger als im Vorjahr (Quelle: <a href=\"https:\/\/proasyl.gu-marketingsuite.com\/Prod\/link-tracker?redirectUrl=aHR0cHMlM0ElMkYlMkZ3d3cuYm1pLmJ1bmQuZGUlMkZTaGFyZWREb2NzJTJGcHJlc3NlbWl0dGVpbHVuZ2VuJTJGREUlMkYyMDIxJTJGMDElMkZhc3lsemFobGVuLWphaHItMjAyMC5odG1sJTNCanNlc3Npb25pZCUzRDFERDJBMUQ1RTY3NTY0QzZGRDIwODE2MzgwOEM5MDBELjJfY2lkMzcz&amp;a=1000402738&amp;account=proasylde%2Eactivehosted%2Ecom&amp;email=F5SFoHV9fYaWYQD3EzknA5Mq9%2FijNC4HvKea94OQk18%3D&amp;s=09420557f3553fd86d8d305947fad5f1&amp;i=170A307A8A2120\" target=\"_blank\" rel=\"noopener noreferrer\" data-ac-default-color=\"1\">BMI<\/a>).<\/p>\n<p>\u201eDeutschland hat Platz, die Bundesregierung muss sich ihrer humanit\u00e4ren und menschenrechtlichen Verantwortung stellen. Wir fordern Initiativen zur sofortigen Beendigung der illegalen Pusbacks durch Kroatien und Griechenland an der EU- Au\u00dfengrenze. Das Totschweigen und die Tolerierung dieses Menschenrechtsbruchs m\u00fcssen aufh\u00f6ren. Weder vor den Toren Europas in Bosnien noch in den Elendslagern in der EU wie auf Lesbos und anderen griechischen Inseln gibt es eine Perspektive auf Schutz und Asyl. Deutschland muss mit der portugiesischen Ratspr\u00e4sidentschaft aktiv werden und selbst vorangehen: Evakuierung, Aufnahme\u00a0 und Gew\u00e4hrleistung des Zugangs zum Asylverfahren in der EU ist das Gebot der Stunde. Die Bundesregierung muss handeln\u201c,\u00a0 fordert G\u00fcnter Burkhardt, Gesch\u00e4ftsf\u00fchrer von PRO\u00a0ASYL.<\/p>\n<p>Es ist deutlich, dass in Deutschland erhebliche Aufnahmekapazit\u00e4ten frei sind. PRO ASYL fordert die Bundesregierung auf, angesichts <a href=\"https:\/\/proasyl.gu-marketingsuite.com\/Prod\/link-tracker?redirectUrl=aHR0cHMlM0ElMkYlMkZ3d3cudW5oY3Iub3JnJTJGcmVmdWdlZS1zdGF0aXN0aWNzJTJG&amp;a=1000402738&amp;account=proasylde%2Eactivehosted%2Ecom&amp;email=F5SFoHV9fYaWYQD3EzknA5Mq9%2FijNC4HvKea94OQk18%3D&amp;s=09420557f3553fd86d8d305947fad5f1&amp;i=170A307A8A2121\" target=\"_blank\" rel=\"noopener noreferrer\" data-ac-default-color=\"1\">steigender Fl\u00fcchtlingszahlen auf mittlerweile \u00fcber 80 Millionen Menschen weltweit,<\/a> diese Kapazit\u00e4ten auch zu nutzen.<\/p>\n<p>Die geringen Zugangszahlen nach Deutschland sind eine Folge der rigorosen Grenzabriegelung Europas. Die griechisch-t\u00fcrkische Landgrenze, die ungarische und die kroatische EU-Au\u00dfengrenzen sind systematisch abgeriegelt; Schutzsuchende sitzen in Bosnien im Elend und Winter unter Lebensgefahr fest, ohne die Perspektive auf Schutz. In \u00e4hnlicher Weise wird die Seegrenze von\u00a0 Griechenland zur T\u00fcrkei abgeriegelt, auch <a href=\"https:\/\/proasyl.gu-marketingsuite.com\/Prod\/link-tracker?redirectUrl=aHR0cHMlM0ElMkYlMkZkYXRhMi51bmhjci5vcmclMkZlbiUyRnNpdHVhdGlvbnMlMkZtZWRpdGVycmFuZWFuJTJGbG9jYXRpb24lMkY1MTc5&amp;a=1000402738&amp;account=proasylde%2Eactivehosted%2Ecom&amp;email=F5SFoHV9fYaWYQD3EzknA5Mq9%2FijNC4HvKea94OQk18%3D&amp;s=09420557f3553fd86d8d305947fad5f1&amp;i=170A307A8A2122\" target=\"_blank\" rel=\"noopener noreferrer\" data-ac-default-color=\"1\">hier sinken die Zugangszahlen<\/a> dramatisch. Kamen 2019 noch 60.000 Schutzsuchende mit Booten an, so waren es 2020 nur noch 9.687, die Gesamtzahl der Ank\u00fcnfte in Griechenland (Land und See) sank von 75.000 in 2019 auf 15.533 in\u00a02020.<\/p>\n<p><strong>Widerrufsverfahren beim\u00a0BAMF<br \/>\n<\/strong><br \/>\nPRO ASYL stellt fest, dass die Zahl der Widerrufsentscheidungen des Bundesamts f\u00fcr Migration und Fl\u00fcchtlinge (BAMF) drastisch auf 252.940 gestiegen ist. Zudem waren 148.873 Widerrufspr\u00fcfungen anh\u00e4ngig. Das BAMF entwickelt sich zunehmend zur Widerrufspr\u00fcfungsbeh\u00f6rde. Widerrufsverfahren machen mittlerweile rund zwei Drittel aller Entscheidungen aus. Entscheidungen \u00fcber Asyl betreffen nur noch rund ein Drittel aller BAMF-Entscheidungen (145.071). Zum Jahresende waren zudem mehr als 150.000 Widerrufsverfahren anh\u00e4ngig (Quelle: <a href=\"https:\/\/proasyl.gu-marketingsuite.com\/Prod\/link-tracker?redirectUrl=aHR0cHMlM0ElMkYlMkZ3d3cuYmFtZi5kZSUyRlNoYXJlZERvY3MlMkZBbmxhZ2VuJTJGREUlMkZTdGF0aXN0aWslMkZBc3lsaW5aYWhsZW4lMkZha3R1ZWxsZS16YWhsZW4tZGV6ZW1iZXItMjAyMC5wZGYlM0ZfX2Jsb2IlM0RwdWJsaWNhdGlvbkZpbGUlMjZ2JTNENQ==&amp;a=1000402738&amp;account=proasylde%2Eactivehosted%2Ecom&amp;email=F5SFoHV9fYaWYQD3EzknA5Mq9%2FijNC4HvKea94OQk18%3D&amp;s=09420557f3553fd86d8d305947fad5f1&amp;i=170A307A8A2123\" target=\"_blank\" rel=\"noopener noreferrer\" data-ac-default-color=\"1\">BAMF, Seite 14<\/a>).<\/p>\n<p>Die Beh\u00f6rde hat Hunderttausende Widerrufsverfahren eingeleitet, zahlreiche Menschen wurden dieses Jahr im Rahmen der Widerrufspr\u00fcfung zu pers\u00f6nlichen Befragungen vorgeladen, die unter Betroffenen Angst und Schrecken verbreiten. Doch die Lage in den Hauptherkunftsl\u00e4ndern hat sich kaum zum Besseren gewendet, die Widerrufsquote ist mit etwas mehr als 3,4% gering (Quelle: <a href=\"https:\/\/proasyl.gu-marketingsuite.com\/Prod\/link-tracker?redirectUrl=aHR0cHMlM0ElMkYlMkZ3d3cuYmFtZi5kZSUyRlNoYXJlZERvY3MlMkZBbmxhZ2VuJTJGREUlMkZTdGF0aXN0aWslMkZBc3lsaW5aYWhsZW4lMkZha3R1ZWxsZS16YWhsZW4tZGV6ZW1iZXItMjAyMC5wZGYlM0ZfX2Jsb2IlM0RwdWJsaWNhdGlvbkZpbGUlMjZ2JTNENQ==&amp;a=1000402738&amp;account=proasylde%2Eactivehosted%2Ecom&amp;email=F5SFoHV9fYaWYQD3EzknA5Mq9%2FijNC4HvKea94OQk18%3D&amp;s=09420557f3553fd86d8d305947fad5f1&amp;i=170A307A8A2123\" target=\"_blank\" rel=\"noopener noreferrer\" data-ac-default-color=\"1\">BAMF, Seite 14<\/a>). Diese Fehlleitung von Personalressourcen ist verursacht durch eine falsch ausgerichtete Gesetzgebung.<\/p>\n<p>Das BAMF muss die M\u00f6glichkeit erhalten, seine Ressourcen statt f\u00fcr aufw\u00e4ndige Widerrufspr\u00fcfungen \u2013 die zumeist die urspr\u00fcngliche Entscheidung best\u00e4tigen \u2013 besser daf\u00fcr einsetzen, die eigene Fehlerquote bei Asylbescheiden zu senken. Auch 2020 wurden zu Tausenden Ablehnungsbescheide des BAMF durch Gerichte korrigiert. Gerade bei den Herkunftsl\u00e4ndern mit besonders hoher Korrekturquote wie beispielsweise Afghanistan (ca. 60% aller inhaltlich von Gerichten gepr\u00fcfter F\u00e4lle, Quelle: <a href=\"https:\/\/proasyl.gu-marketingsuite.com\/Prod\/link-tracker?redirectUrl=aHR0cCUzQSUyRiUyRmRpcGJ0LmJ1bmRlc3RhZy5kZSUyRmRpcDIxJTJGYnRkJTJGMTklMkYyNDclMkYxOTI0Nzc5LnBkZg==&amp;a=1000402738&amp;account=proasylde%2Eactivehosted%2Ecom&amp;email=F5SFoHV9fYaWYQD3EzknA5Mq9%2FijNC4HvKea94OQk18%3D&amp;s=09420557f3553fd86d8d305947fad5f1&amp;i=170A307A8A2124\" target=\"_blank\" rel=\"noopener noreferrer\" data-ac-default-color=\"1\">Bundesregierung, Frage 24, Seite 15<\/a>) sollte das Bundesamt in die Lage versetzt werden, sein Personal daf\u00fcr einzusetzen, die Zahl fehlerhafter Ablehnungen drastisch zu senken.<\/p>\n<\/div>\n","protected":false},"excerpt":{"rendered":"<p>Pro Asyl fordert Evakuierung und Aufnahme aus den Elendslagern vor und an der EU-Grenze Mit Blick auf die ver\u00f6ffentlichten Asylzahlen f\u00fcr 2020 stellt PRO ASYL fest, dass die Zugangszahlen nach Deutschland seit 2012 auf einen Tiefstand gesunken sind. Die Zahl&hellip;<\/p>\n","protected":false},"author":1411,"featured_media":1278348,"comment_status":"closed","ping_status":"closed","sticky":false,"template":"","format":"standard","meta":{"footnotes":""},"categories":[9161,54569,9168,9145],"tags":[10412,9219,22228],"class_list":["post-1277510","post","type-post","status-publish","format-standard","has-post-thumbnail","hentry","category-menschenrechte","category-migration","category-politik","category-pressemitteilungen","tag-asyl","tag-fluchtlinge","tag-menschenrechte"],"yoast_head":"<!-- This site is optimized with the Yoast SEO plugin v27.1.1 - https:\/\/yoast.com\/product\/yoast-seo-wordpress\/ -->\n<title>Asylzahlen 2020 zeigen: Deutschland hat Platz!<\/title>\n<meta name=\"description\" content=\"Pro Asyl fordert Evakuierung und Aufnahme aus den Elendslagern vor und an der EU-Grenze Mit Blick auf die ver\u00f6ffentlichten Asylzahlen f\u00fcr 2020 stellt PRO\" \/>\n<meta name=\"robots\" content=\"index, follow, max-snippet:-1, max-image-preview:large, max-video-preview:-1\" \/>\n<link rel=\"canonical\" href=\"https:\/\/www.pressenza.com\/de\/2021\/01\/asylzahlen-2020-zeigen-deutschland-hat-platz\/\" \/>\n<meta property=\"og:locale\" content=\"de_DE\" \/>\n<meta property=\"og:type\" content=\"article\" \/>\n<meta property=\"og:title\" content=\"Asylzahlen 2020 zeigen: Deutschland hat Platz!\" \/>\n<meta property=\"og:description\" content=\"Pro Asyl fordert Evakuierung und Aufnahme aus den Elendslagern vor und an der EU-Grenze Mit Blick auf die ver\u00f6ffentlichten Asylzahlen f\u00fcr 2020 stellt PRO\" \/>\n<meta property=\"og:url\" content=\"https:\/\/www.pressenza.com\/de\/2021\/01\/asylzahlen-2020-zeigen-deutschland-hat-platz\/\" \/>\n<meta property=\"og:site_name\" content=\"Pressenza\" \/>\n<meta property=\"article:publisher\" content=\"https:\/\/www.facebook.com\/PressenzaItalia\" \/>\n<meta property=\"article:published_time\" content=\"2021-01-15T12:26:05+00:00\" \/>\n<meta property=\"og:image\" content=\"https:\/\/www.pressenza.com\/wp-content\/uploads\/2021\/01\/67C15F09-1C3B-44FF-A565-95A4A412FBB1.jpeg\" \/>\n\t<meta property=\"og:image:width\" content=\"1920\" \/>\n\t<meta property=\"og:image:height\" content=\"1282\" \/>\n\t<meta property=\"og:image:type\" content=\"image\/jpeg\" \/>\n<meta name=\"author\" content=\"Pro Asyl\" \/>\n<meta name=\"twitter:card\" content=\"summary_large_image\" \/>\n<meta name=\"twitter:creator\" content=\"@PressenzaIPA\" \/>\n<meta name=\"twitter:site\" content=\"@PressenzaIPA\" \/>\n<meta name=\"twitter:label1\" content=\"Verfasst von\" \/>\n\t<meta name=\"twitter:data1\" content=\"Pro Asyl\" \/>\n\t<meta name=\"twitter:label2\" content=\"Gesch\u00e4tzte Lesezeit\" \/>\n\t<meta name=\"twitter:data2\" content=\"3\u00a0Minuten\" \/>\n<script type=\"application\/ld+json\" class=\"yoast-schema-graph\">{\"@context\":\"https:\/\/schema.org\",\"@graph\":[{\"@type\":\"Article\",\"@id\":\"https:\/\/www.pressenza.com\/de\/2021\/01\/asylzahlen-2020-zeigen-deutschland-hat-platz\/#article\",\"isPartOf\":{\"@id\":\"https:\/\/www.pressenza.com\/de\/2021\/01\/asylzahlen-2020-zeigen-deutschland-hat-platz\/\"},\"author\":{\"name\":\"Pro Asyl\",\"@id\":\"https:\/\/www.pressenza.com\/de\/#\/schema\/person\/2a2e2e83a39e4cf3cf67ecb1e0760b14\"},\"headline\":\"Asylzahlen 2020 zeigen: Deutschland hat Platz!\",\"datePublished\":\"2021-01-15T12:26:05+00:00\",\"mainEntityOfPage\":{\"@id\":\"https:\/\/www.pressenza.com\/de\/2021\/01\/asylzahlen-2020-zeigen-deutschland-hat-platz\/\"},\"wordCount\":523,\"publisher\":{\"@id\":\"https:\/\/www.pressenza.com\/de\/#organization\"},\"image\":{\"@id\":\"https:\/\/www.pressenza.com\/de\/2021\/01\/asylzahlen-2020-zeigen-deutschland-hat-platz\/#primaryimage\"},\"thumbnailUrl\":\"https:\/\/www.pressenza.com\/wp-content\/uploads\/2021\/01\/67C15F09-1C3B-44FF-A565-95A4A412FBB1.jpeg\",\"keywords\":[\"Asyl\",\"Fl\u00fcchtlinge\",\"Menschenrechte\"],\"articleSection\":[\"Menschenrechte\",\"Migration\",\"Politik\",\"Pressemitteilungen\"],\"inLanguage\":\"de\"},{\"@type\":\"WebPage\",\"@id\":\"https:\/\/www.pressenza.com\/de\/2021\/01\/asylzahlen-2020-zeigen-deutschland-hat-platz\/\",\"url\":\"https:\/\/www.pressenza.com\/de\/2021\/01\/asylzahlen-2020-zeigen-deutschland-hat-platz\/\",\"name\":\"Asylzahlen 2020 zeigen: Deutschland hat Platz!\",\"isPartOf\":{\"@id\":\"https:\/\/www.pressenza.com\/de\/#website\"},\"primaryImageOfPage\":{\"@id\":\"https:\/\/www.pressenza.com\/de\/2021\/01\/asylzahlen-2020-zeigen-deutschland-hat-platz\/#primaryimage\"},\"image\":{\"@id\":\"https:\/\/www.pressenza.com\/de\/2021\/01\/asylzahlen-2020-zeigen-deutschland-hat-platz\/#primaryimage\"},\"thumbnailUrl\":\"https:\/\/www.pressenza.com\/wp-content\/uploads\/2021\/01\/67C15F09-1C3B-44FF-A565-95A4A412FBB1.jpeg\",\"datePublished\":\"2021-01-15T12:26:05+00:00\",\"description\":\"Pro Asyl fordert Evakuierung und Aufnahme aus den Elendslagern vor und an der EU-Grenze Mit Blick auf die ver\u00f6ffentlichten Asylzahlen f\u00fcr 2020 stellt PRO\",\"breadcrumb\":{\"@id\":\"https:\/\/www.pressenza.com\/de\/2021\/01\/asylzahlen-2020-zeigen-deutschland-hat-platz\/#breadcrumb\"},\"inLanguage\":\"de\",\"potentialAction\":[{\"@type\":\"ReadAction\",\"target\":[\"https:\/\/www.pressenza.com\/de\/2021\/01\/asylzahlen-2020-zeigen-deutschland-hat-platz\/\"]}]},{\"@type\":\"ImageObject\",\"inLanguage\":\"de\",\"@id\":\"https:\/\/www.pressenza.com\/de\/2021\/01\/asylzahlen-2020-zeigen-deutschland-hat-platz\/#primaryimage\",\"url\":\"https:\/\/www.pressenza.com\/wp-content\/uploads\/2021\/01\/67C15F09-1C3B-44FF-A565-95A4A412FBB1.jpeg\",\"contentUrl\":\"https:\/\/www.pressenza.com\/wp-content\/uploads\/2021\/01\/67C15F09-1C3B-44FF-A565-95A4A412FBB1.jpeg\",\"width\":1920,\"height\":1282},{\"@type\":\"BreadcrumbList\",\"@id\":\"https:\/\/www.pressenza.com\/de\/2021\/01\/asylzahlen-2020-zeigen-deutschland-hat-platz\/#breadcrumb\",\"itemListElement\":[{\"@type\":\"ListItem\",\"position\":1,\"name\":\"Accueil\",\"item\":\"https:\/\/www.pressenza.com\/de\/\"},{\"@type\":\"ListItem\",\"position\":2,\"name\":\"Asylzahlen 2020 zeigen: Deutschland hat Platz!\"}]},{\"@type\":\"WebSite\",\"@id\":\"https:\/\/www.pressenza.com\/de\/#website\",\"url\":\"https:\/\/www.pressenza.com\/de\/\",\"name\":\"Pressenza\",\"description\":\"International Press Agency\",\"publisher\":{\"@id\":\"https:\/\/www.pressenza.com\/de\/#organization\"},\"potentialAction\":[{\"@type\":\"SearchAction\",\"target\":{\"@type\":\"EntryPoint\",\"urlTemplate\":\"https:\/\/www.pressenza.com\/de\/?s={search_term_string}\"},\"query-input\":{\"@type\":\"PropertyValueSpecification\",\"valueRequired\":true,\"valueName\":\"search_term_string\"}}],\"inLanguage\":\"de\"},{\"@type\":\"Organization\",\"@id\":\"https:\/\/www.pressenza.com\/de\/#organization\",\"name\":\"Pressenza\",\"url\":\"https:\/\/www.pressenza.com\/de\/\",\"logo\":{\"@type\":\"ImageObject\",\"inLanguage\":\"de\",\"@id\":\"https:\/\/www.pressenza.com\/de\/#\/schema\/logo\/image\/\",\"url\":\"https:\/\/www.pressenza.com\/wp-content\/uploads\/2022\/10\/pressenza_logo_200x200.jpg\",\"contentUrl\":\"https:\/\/www.pressenza.com\/wp-content\/uploads\/2022\/10\/pressenza_logo_200x200.jpg\",\"width\":200,\"height\":200,\"caption\":\"Pressenza\"},\"image\":{\"@id\":\"https:\/\/www.pressenza.com\/de\/#\/schema\/logo\/image\/\"},\"sameAs\":[\"https:\/\/www.facebook.com\/PressenzaItalia\",\"https:\/\/x.com\/PressenzaIPA\"]},{\"@type\":\"Person\",\"@id\":\"https:\/\/www.pressenza.com\/de\/#\/schema\/person\/2a2e2e83a39e4cf3cf67ecb1e0760b14\",\"name\":\"Pro Asyl\",\"description\":\"Ist die selbstbestimmte und unabh\u00e4ngige Stimme f\u00fcr die Menschenrechte und den Schutz von Fl\u00fcchtlingen in Deutschland und Europa. Es ist ein Verein dessen Arbeit durch Mitgliedsbeitr\u00e4ge, Spenden und Stiftungszuwendungen finanziert wird.\",\"sameAs\":[\"https:\/\/www.proasyl.de\"],\"url\":\"https:\/\/www.pressenza.com\/de\/author\/pro-asyl\/\"}]}<\/script>\n<!-- \/ Yoast SEO plugin. -->","yoast_head_json":{"title":"Asylzahlen 2020 zeigen: Deutschland hat Platz!","description":"Pro Asyl fordert Evakuierung und Aufnahme aus den Elendslagern vor und an der EU-Grenze Mit Blick auf die ver\u00f6ffentlichten Asylzahlen f\u00fcr 2020 stellt PRO","robots":{"index":"index","follow":"follow","max-snippet":"max-snippet:-1","max-image-preview":"max-image-preview:large","max-video-preview":"max-video-preview:-1"},"canonical":"https:\/\/www.pressenza.com\/de\/2021\/01\/asylzahlen-2020-zeigen-deutschland-hat-platz\/","og_locale":"de_DE","og_type":"article","og_title":"Asylzahlen 2020 zeigen: Deutschland hat Platz!","og_description":"Pro Asyl fordert Evakuierung und Aufnahme aus den Elendslagern vor und an der EU-Grenze Mit Blick auf die ver\u00f6ffentlichten Asylzahlen f\u00fcr 2020 stellt PRO","og_url":"https:\/\/www.pressenza.com\/de\/2021\/01\/asylzahlen-2020-zeigen-deutschland-hat-platz\/","og_site_name":"Pressenza","article_publisher":"https:\/\/www.facebook.com\/PressenzaItalia","article_published_time":"2021-01-15T12:26:05+00:00","og_image":[{"width":1920,"height":1282,"url":"https:\/\/www.pressenza.com\/wp-content\/uploads\/2021\/01\/67C15F09-1C3B-44FF-A565-95A4A412FBB1.jpeg","type":"image\/jpeg"}],"author":"Pro Asyl","twitter_card":"summary_large_image","twitter_creator":"@PressenzaIPA","twitter_site":"@PressenzaIPA","twitter_misc":{"Verfasst von":"Pro Asyl","Gesch\u00e4tzte Lesezeit":"3\u00a0Minuten"},"schema":{"@context":"https:\/\/schema.org","@graph":[{"@type":"Article","@id":"https:\/\/www.pressenza.com\/de\/2021\/01\/asylzahlen-2020-zeigen-deutschland-hat-platz\/#article","isPartOf":{"@id":"https:\/\/www.pressenza.com\/de\/2021\/01\/asylzahlen-2020-zeigen-deutschland-hat-platz\/"},"author":{"name":"Pro Asyl","@id":"https:\/\/www.pressenza.com\/de\/#\/schema\/person\/2a2e2e83a39e4cf3cf67ecb1e0760b14"},"headline":"Asylzahlen 2020 zeigen: Deutschland hat Platz!","datePublished":"2021-01-15T12:26:05+00:00","mainEntityOfPage":{"@id":"https:\/\/www.pressenza.com\/de\/2021\/01\/asylzahlen-2020-zeigen-deutschland-hat-platz\/"},"wordCount":523,"publisher":{"@id":"https:\/\/www.pressenza.com\/de\/#organization"},"image":{"@id":"https:\/\/www.pressenza.com\/de\/2021\/01\/asylzahlen-2020-zeigen-deutschland-hat-platz\/#primaryimage"},"thumbnailUrl":"https:\/\/www.pressenza.com\/wp-content\/uploads\/2021\/01\/67C15F09-1C3B-44FF-A565-95A4A412FBB1.jpeg","keywords":["Asyl","Fl\u00fcchtlinge","Menschenrechte"],"articleSection":["Menschenrechte","Migration","Politik","Pressemitteilungen"],"inLanguage":"de"},{"@type":"WebPage","@id":"https:\/\/www.pressenza.com\/de\/2021\/01\/asylzahlen-2020-zeigen-deutschland-hat-platz\/","url":"https:\/\/www.pressenza.com\/de\/2021\/01\/asylzahlen-2020-zeigen-deutschland-hat-platz\/","name":"Asylzahlen 2020 zeigen: Deutschland hat Platz!","isPartOf":{"@id":"https:\/\/www.pressenza.com\/de\/#website"},"primaryImageOfPage":{"@id":"https:\/\/www.pressenza.com\/de\/2021\/01\/asylzahlen-2020-zeigen-deutschland-hat-platz\/#primaryimage"},"image":{"@id":"https:\/\/www.pressenza.com\/de\/2021\/01\/asylzahlen-2020-zeigen-deutschland-hat-platz\/#primaryimage"},"thumbnailUrl":"https:\/\/www.pressenza.com\/wp-content\/uploads\/2021\/01\/67C15F09-1C3B-44FF-A565-95A4A412FBB1.jpeg","datePublished":"2021-01-15T12:26:05+00:00","description":"Pro Asyl fordert Evakuierung und Aufnahme aus den Elendslagern vor und an der EU-Grenze Mit Blick auf die ver\u00f6ffentlichten Asylzahlen f\u00fcr 2020 stellt PRO","breadcrumb":{"@id":"https:\/\/www.pressenza.com\/de\/2021\/01\/asylzahlen-2020-zeigen-deutschland-hat-platz\/#breadcrumb"},"inLanguage":"de","potentialAction":[{"@type":"ReadAction","target":["https:\/\/www.pressenza.com\/de\/2021\/01\/asylzahlen-2020-zeigen-deutschland-hat-platz\/"]}]},{"@type":"ImageObject","inLanguage":"de","@id":"https:\/\/www.pressenza.com\/de\/2021\/01\/asylzahlen-2020-zeigen-deutschland-hat-platz\/#primaryimage","url":"https:\/\/www.pressenza.com\/wp-content\/uploads\/2021\/01\/67C15F09-1C3B-44FF-A565-95A4A412FBB1.jpeg","contentUrl":"https:\/\/www.pressenza.com\/wp-content\/uploads\/2021\/01\/67C15F09-1C3B-44FF-A565-95A4A412FBB1.jpeg","width":1920,"height":1282},{"@type":"BreadcrumbList","@id":"https:\/\/www.pressenza.com\/de\/2021\/01\/asylzahlen-2020-zeigen-deutschland-hat-platz\/#breadcrumb","itemListElement":[{"@type":"ListItem","position":1,"name":"Accueil","item":"https:\/\/www.pressenza.com\/de\/"},{"@type":"ListItem","position":2,"name":"Asylzahlen 2020 zeigen: Deutschland hat Platz!"}]},{"@type":"WebSite","@id":"https:\/\/www.pressenza.com\/de\/#website","url":"https:\/\/www.pressenza.com\/de\/","name":"Pressenza","description":"International Press Agency","publisher":{"@id":"https:\/\/www.pressenza.com\/de\/#organization"},"potentialAction":[{"@type":"SearchAction","target":{"@type":"EntryPoint","urlTemplate":"https:\/\/www.pressenza.com\/de\/?s={search_term_string}"},"query-input":{"@type":"PropertyValueSpecification","valueRequired":true,"valueName":"search_term_string"}}],"inLanguage":"de"},{"@type":"Organization","@id":"https:\/\/www.pressenza.com\/de\/#organization","name":"Pressenza","url":"https:\/\/www.pressenza.com\/de\/","logo":{"@type":"ImageObject","inLanguage":"de","@id":"https:\/\/www.pressenza.com\/de\/#\/schema\/logo\/image\/","url":"https:\/\/www.pressenza.com\/wp-content\/uploads\/2022\/10\/pressenza_logo_200x200.jpg","contentUrl":"https:\/\/www.pressenza.com\/wp-content\/uploads\/2022\/10\/pressenza_logo_200x200.jpg","width":200,"height":200,"caption":"Pressenza"},"image":{"@id":"https:\/\/www.pressenza.com\/de\/#\/schema\/logo\/image\/"},"sameAs":["https:\/\/www.facebook.com\/PressenzaItalia","https:\/\/x.com\/PressenzaIPA"]},{"@type":"Person","@id":"https:\/\/www.pressenza.com\/de\/#\/schema\/person\/2a2e2e83a39e4cf3cf67ecb1e0760b14","name":"Pro Asyl","description":"Ist die selbstbestimmte und unabh\u00e4ngige Stimme f\u00fcr die Menschenrechte und den Schutz von Fl\u00fcchtlingen in Deutschland und Europa. Es ist ein Verein dessen Arbeit durch Mitgliedsbeitr\u00e4ge, Spenden und Stiftungszuwendungen finanziert wird.","sameAs":["https:\/\/www.proasyl.de"],"url":"https:\/\/www.pressenza.com\/de\/author\/pro-asyl\/"}]}},"place":"","original_article_url":"https:\/\/www.proasyl.de\/pressemitteilung\/asylzahlen-2020-zeigen-deutschland-hat-platz\/","_links":{"self":[{"href":"https:\/\/www.pressenza.com\/de\/wp-json\/wp\/v2\/posts\/1277510","targetHints":{"allow":["GET"]}}],"collection":[{"href":"https:\/\/www.pressenza.com\/de\/wp-json\/wp\/v2\/posts"}],"about":[{"href":"https:\/\/www.pressenza.com\/de\/wp-json\/wp\/v2\/types\/post"}],"author":[{"embeddable":true,"href":"https:\/\/www.pressenza.com\/de\/wp-json\/wp\/v2\/users\/1411"}],"replies":[{"embeddable":true,"href":"https:\/\/www.pressenza.com\/de\/wp-json\/wp\/v2\/comments?post=1277510"}],"version-history":[{"count":0,"href":"https:\/\/www.pressenza.com\/de\/wp-json\/wp\/v2\/posts\/1277510\/revisions"}],"wp:featuredmedia":[{"embeddable":true,"href":"https:\/\/www.pressenza.com\/de\/wp-json\/wp\/v2\/media\/1278348"}],"wp:attachment":[{"href":"https:\/\/www.pressenza.com\/de\/wp-json\/wp\/v2\/media?parent=1277510"}],"wp:term":[{"taxonomy":"category","embeddable":true,"href":"https:\/\/www.pressenza.com\/de\/wp-json\/wp\/v2\/categories?post=1277510"},{"taxonomy":"post_tag","embeddable":true,"href":"https:\/\/www.pressenza.com\/de\/wp-json\/wp\/v2\/tags?post=1277510"}],"curies":[{"name":"wp","href":"https:\/\/api.w.org\/{rel}","templated":true}]}}