{"id":1273821,"date":"2021-01-07T14:52:41","date_gmt":"2021-01-07T14:52:41","guid":{"rendered":"https:\/\/www.pressenza.com\/?p=1273821"},"modified":"2021-01-07T14:52:41","modified_gmt":"2021-01-07T14:52:41","slug":"assange-urteil-statements-von-wikileaks-assanges-partnerin-reporter-ohne-grenzen","status":"publish","type":"post","link":"https:\/\/www.pressenza.com\/de\/2021\/01\/assange-urteil-statements-von-wikileaks-assanges-partnerin-reporter-ohne-grenzen\/","title":{"rendered":"Assange-Urteil: Statements von WikiLeaks, Assanges Partnerin, Reporter ohne Grenzen"},"content":{"rendered":"<p>Diese Aussagen wurden von der \u201cDon\u2019t Extradite Assange\u201d-Kampagne am 4. Januar 2021 aufgezeichnet, kurz nachdem das Gericht entschieden hatte, dass Julian Assange nicht an die USA ausgeliefert wird. acTVism Munich hat sie ins Deutsche \u00fcbersetzt und heute wieder ver\u00f6ffentlicht, weil diese Aussagen in der hiesigen Medienlandschaft zu kurz gekommen sind, aber auch um das Verst\u00e4ndnis f\u00fcr den Fall Julian Assange zu f\u00f6rdern.<\/p>\n<ul>\n<li>Um die Abschrift dieses Videos zu lesen: <a href=\"https:\/\/www.actvism.org\/wp-content\/uploads\/2021\/01\/Assange-Urteil_-Statements-von-WikiLeaks-Assanges-Partnerin-Reporter-ohne-Grenzen-mehr.pdf\" target=\"_blank\" rel=\"noopener noreferrer\">Assange-Urteil: Statements von WikiLeaks, Assanges Partnerin, Reporter ohne Grenzen &amp; mehr<\/a><\/li>\n<li>Unsere\u00a0<a href=\"https:\/\/www.youtube.com\/playlist?list=PLhxITUni9OWes4XXblfTGR0RcbKgoGGKB\" target=\"_blank\" rel=\"noopener noreferrer\">bisherigen Video-Updates zu diesem Fall finden Sie hier<\/a>.<\/li>\n<\/ul>\n<p><iframe loading=\"lazy\" src=\"https:\/\/www.youtube.com\/embed\/t7LS1NUsXO4\" width=\"648\" height=\"365\" frameborder=\"0\" allowfullscreen=\"allowfullscreen\"><\/iframe><\/p>\n","protected":false},"excerpt":{"rendered":"<p>Diese Aussagen wurden von der \u201cDon\u2019t Extradite Assange\u201d-Kampagne am 4. Januar 2021 aufgezeichnet, kurz nachdem das Gericht entschieden hatte, dass Julian Assange nicht an die USA ausgeliefert wird. acTVism Munich hat sie ins Deutsche \u00fcbersetzt und heute wieder ver\u00f6ffentlicht, weil&hellip;<\/p>\n","protected":false},"author":1188,"featured_media":1273832,"comment_status":"closed","ping_status":"closed","sticky":false,"template":"","format":"standard","meta":{"footnotes":""},"categories":[7835,9161,9168,27991],"tags":[62723,85094,71510,85927,71511,11998,73327,61346,10332,15338,57679,73764,10853,11997],"class_list":["post-1273821","post","type-post","status-publish","format-standard","has-post-thumbnail","hentry","category-international-de","category-menschenrechte","category-politik","category-video-de","tag-freeassange-de","tag-belmarsh","tag-dontextraditeassange-de","tag-fidel-narvaez-de","tag-freejulianassange-de","tag-julian-assange-de","tag-kristinn-hrafnsson-de","tag-nils-melzer-de","tag-pressefreiheit","tag-reporter-ohne-grenzen","tag-sevim-dagdelen","tag-stella-morris","tag-whistleblower","tag-wikileaks-de"],"yoast_head":"<!-- This site is optimized with the Yoast SEO plugin v27.1.1 - https:\/\/yoast.com\/product\/yoast-seo-wordpress\/ -->\n<title>Assange-Urteil: Statements von WikiLeaks, Assanges Partnerin, Reporter ohne Grenzen<\/title>\n<meta name=\"description\" content=\"Diese Aussagen wurden von der \u201cDon\u2019t Extradite Assange\u201d-Kampagne am 4. Januar 2021 aufgezeichnet, kurz nachdem das Gericht entschieden hatte, dass Julian\" \/>\n<meta name=\"robots\" content=\"index, follow, max-snippet:-1, max-image-preview:large, max-video-preview:-1\" \/>\n<link rel=\"canonical\" href=\"https:\/\/www.pressenza.com\/de\/2021\/01\/assange-urteil-statements-von-wikileaks-assanges-partnerin-reporter-ohne-grenzen\/\" \/>\n<meta property=\"og:locale\" content=\"de_DE\" \/>\n<meta property=\"og:type\" content=\"article\" \/>\n<meta property=\"og:title\" content=\"Assange-Urteil: Statements von WikiLeaks, Assanges Partnerin, Reporter ohne Grenzen\" \/>\n<meta property=\"og:description\" content=\"Diese Aussagen wurden von der \u201cDon\u2019t Extradite Assange\u201d-Kampagne am 4. Januar 2021 aufgezeichnet, kurz nachdem das Gericht entschieden hatte, dass Julian\" \/>\n<meta property=\"og:url\" content=\"https:\/\/www.pressenza.com\/de\/2021\/01\/assange-urteil-statements-von-wikileaks-assanges-partnerin-reporter-ohne-grenzen\/\" \/>\n<meta property=\"og:site_name\" content=\"Pressenza\" \/>\n<meta property=\"article:publisher\" content=\"https:\/\/www.facebook.com\/PressenzaItalia\" \/>\n<meta property=\"article:author\" content=\"http:\/\/www.facebook.com\/acTVism\" \/>\n<meta property=\"article:published_time\" content=\"2021-01-07T14:52:41+00:00\" \/>\n<meta property=\"og:image\" content=\"https:\/\/www.pressenza.com\/wp-content\/uploads\/2021\/01\/Statements-WikiLeaks-_Urteil_Assange.jpg\" \/>\n\t<meta property=\"og:image:width\" content=\"750\" \/>\n\t<meta property=\"og:image:height\" content=\"422\" \/>\n\t<meta property=\"og:image:type\" content=\"image\/jpeg\" \/>\n<meta name=\"author\" content=\"acTVism Munich\" \/>\n<meta name=\"twitter:card\" content=\"summary_large_image\" \/>\n<meta name=\"twitter:creator\" content=\"@acTVismMunich\" \/>\n<meta name=\"twitter:site\" content=\"@PressenzaIPA\" \/>\n<meta name=\"twitter:label1\" content=\"Verfasst von\" \/>\n\t<meta name=\"twitter:data1\" content=\"acTVism Munich\" \/>\n<script type=\"application\/ld+json\" class=\"yoast-schema-graph\">{\"@context\":\"https:\/\/schema.org\",\"@graph\":[{\"@type\":\"Article\",\"@id\":\"https:\/\/www.pressenza.com\/de\/2021\/01\/assange-urteil-statements-von-wikileaks-assanges-partnerin-reporter-ohne-grenzen\/#article\",\"isPartOf\":{\"@id\":\"https:\/\/www.pressenza.com\/de\/2021\/01\/assange-urteil-statements-von-wikileaks-assanges-partnerin-reporter-ohne-grenzen\/\"},\"author\":{\"name\":\"acTVism Munich\",\"@id\":\"https:\/\/www.pressenza.com\/de\/#\/schema\/person\/99a6415b6c343de2778fc2d410396913\"},\"headline\":\"Assange-Urteil: Statements von WikiLeaks, Assanges Partnerin, Reporter ohne Grenzen\",\"datePublished\":\"2021-01-07T14:52:41+00:00\",\"mainEntityOfPage\":{\"@id\":\"https:\/\/www.pressenza.com\/de\/2021\/01\/assange-urteil-statements-von-wikileaks-assanges-partnerin-reporter-ohne-grenzen\/\"},\"wordCount\":102,\"publisher\":{\"@id\":\"https:\/\/www.pressenza.com\/de\/#organization\"},\"image\":{\"@id\":\"https:\/\/www.pressenza.com\/de\/2021\/01\/assange-urteil-statements-von-wikileaks-assanges-partnerin-reporter-ohne-grenzen\/#primaryimage\"},\"thumbnailUrl\":\"https:\/\/www.pressenza.com\/wp-content\/uploads\/2021\/01\/Statements-WikiLeaks-_Urteil_Assange.jpg\",\"keywords\":[\"#FreeAssange\",\"Belmarsh\",\"DontExtraditeAssange\",\"Fidel Narv\u00e1ez\",\"FreeJulianAssange\",\"Julian Assange\",\"Kristinn Hrafnsson\",\"Nils Melzer\",\"Pressefreiheit\",\"Reporter ohne Grenzen\",\"Sevim Dagdelen\",\"Stella Morris\",\"Whistleblower\",\"Wikileaks\"],\"articleSection\":[\"International\",\"Menschenrechte\",\"Politik\",\"Video\"],\"inLanguage\":\"de\"},{\"@type\":\"WebPage\",\"@id\":\"https:\/\/www.pressenza.com\/de\/2021\/01\/assange-urteil-statements-von-wikileaks-assanges-partnerin-reporter-ohne-grenzen\/\",\"url\":\"https:\/\/www.pressenza.com\/de\/2021\/01\/assange-urteil-statements-von-wikileaks-assanges-partnerin-reporter-ohne-grenzen\/\",\"name\":\"Assange-Urteil: Statements von WikiLeaks, Assanges Partnerin, Reporter ohne Grenzen\",\"isPartOf\":{\"@id\":\"https:\/\/www.pressenza.com\/de\/#website\"},\"primaryImageOfPage\":{\"@id\":\"https:\/\/www.pressenza.com\/de\/2021\/01\/assange-urteil-statements-von-wikileaks-assanges-partnerin-reporter-ohne-grenzen\/#primaryimage\"},\"image\":{\"@id\":\"https:\/\/www.pressenza.com\/de\/2021\/01\/assange-urteil-statements-von-wikileaks-assanges-partnerin-reporter-ohne-grenzen\/#primaryimage\"},\"thumbnailUrl\":\"https:\/\/www.pressenza.com\/wp-content\/uploads\/2021\/01\/Statements-WikiLeaks-_Urteil_Assange.jpg\",\"datePublished\":\"2021-01-07T14:52:41+00:00\",\"description\":\"Diese Aussagen wurden von der \u201cDon\u2019t Extradite Assange\u201d-Kampagne am 4. Januar 2021 aufgezeichnet, kurz nachdem das Gericht entschieden hatte, dass Julian\",\"breadcrumb\":{\"@id\":\"https:\/\/www.pressenza.com\/de\/2021\/01\/assange-urteil-statements-von-wikileaks-assanges-partnerin-reporter-ohne-grenzen\/#breadcrumb\"},\"inLanguage\":\"de\",\"potentialAction\":[{\"@type\":\"ReadAction\",\"target\":[\"https:\/\/www.pressenza.com\/de\/2021\/01\/assange-urteil-statements-von-wikileaks-assanges-partnerin-reporter-ohne-grenzen\/\"]}]},{\"@type\":\"ImageObject\",\"inLanguage\":\"de\",\"@id\":\"https:\/\/www.pressenza.com\/de\/2021\/01\/assange-urteil-statements-von-wikileaks-assanges-partnerin-reporter-ohne-grenzen\/#primaryimage\",\"url\":\"https:\/\/www.pressenza.com\/wp-content\/uploads\/2021\/01\/Statements-WikiLeaks-_Urteil_Assange.jpg\",\"contentUrl\":\"https:\/\/www.pressenza.com\/wp-content\/uploads\/2021\/01\/Statements-WikiLeaks-_Urteil_Assange.jpg\",\"width\":750,\"height\":422,\"caption\":\"Assange-Urteil: Statements von WikiLeaks, Assanges Partnerin, Reporter ohne Grenzen\"},{\"@type\":\"BreadcrumbList\",\"@id\":\"https:\/\/www.pressenza.com\/de\/2021\/01\/assange-urteil-statements-von-wikileaks-assanges-partnerin-reporter-ohne-grenzen\/#breadcrumb\",\"itemListElement\":[{\"@type\":\"ListItem\",\"position\":1,\"name\":\"Accueil\",\"item\":\"https:\/\/www.pressenza.com\/de\/\"},{\"@type\":\"ListItem\",\"position\":2,\"name\":\"Assange-Urteil: Statements von WikiLeaks, Assanges Partnerin, Reporter ohne Grenzen\"}]},{\"@type\":\"WebSite\",\"@id\":\"https:\/\/www.pressenza.com\/de\/#website\",\"url\":\"https:\/\/www.pressenza.com\/de\/\",\"name\":\"Pressenza\",\"description\":\"International Press Agency\",\"publisher\":{\"@id\":\"https:\/\/www.pressenza.com\/de\/#organization\"},\"potentialAction\":[{\"@type\":\"SearchAction\",\"target\":{\"@type\":\"EntryPoint\",\"urlTemplate\":\"https:\/\/www.pressenza.com\/de\/?s={search_term_string}\"},\"query-input\":{\"@type\":\"PropertyValueSpecification\",\"valueRequired\":true,\"valueName\":\"search_term_string\"}}],\"inLanguage\":\"de\"},{\"@type\":\"Organization\",\"@id\":\"https:\/\/www.pressenza.com\/de\/#organization\",\"name\":\"Pressenza\",\"url\":\"https:\/\/www.pressenza.com\/de\/\",\"logo\":{\"@type\":\"ImageObject\",\"inLanguage\":\"de\",\"@id\":\"https:\/\/www.pressenza.com\/de\/#\/schema\/logo\/image\/\",\"url\":\"https:\/\/www.pressenza.com\/wp-content\/uploads\/2022\/10\/pressenza_logo_200x200.jpg\",\"contentUrl\":\"https:\/\/www.pressenza.com\/wp-content\/uploads\/2022\/10\/pressenza_logo_200x200.jpg\",\"width\":200,\"height\":200,\"caption\":\"Pressenza\"},\"image\":{\"@id\":\"https:\/\/www.pressenza.com\/de\/#\/schema\/logo\/image\/\"},\"sameAs\":[\"https:\/\/www.facebook.com\/PressenzaItalia\",\"https:\/\/x.com\/PressenzaIPA\"]},{\"@type\":\"Person\",\"@id\":\"https:\/\/www.pressenza.com\/de\/#\/schema\/person\/99a6415b6c343de2778fc2d410396913\",\"name\":\"acTVism Munich\",\"description\":\"acTVism Munich is an independent and non-profit global online media network that broadcasts regularly from Munich. Our goal is to surface those issues that are neglected by mainstream media through investigative journalism while remaining as objective as possible. In addition, to attain this goal, acTVism Munich lays great emphasis on arts and culture. To stay in line with this philosophy, we finance ourselves solely through people\u2019s donations. We do not accept any advertisements, governmental or corporate financing. www.actvism.org\/en\/\",\"sameAs\":[\"http:\/\/www.facebook.com\/acTVism\",\"https:\/\/x.com\/acTVismMunich\"],\"url\":\"https:\/\/www.pressenza.com\/de\/author\/actvism-munich\/\"}]}<\/script>\n<!-- \/ Yoast SEO plugin. -->","yoast_head_json":{"title":"Assange-Urteil: Statements von WikiLeaks, Assanges Partnerin, Reporter ohne Grenzen","description":"Diese Aussagen wurden von der \u201cDon\u2019t Extradite Assange\u201d-Kampagne am 4. Januar 2021 aufgezeichnet, kurz nachdem das Gericht entschieden hatte, dass Julian","robots":{"index":"index","follow":"follow","max-snippet":"max-snippet:-1","max-image-preview":"max-image-preview:large","max-video-preview":"max-video-preview:-1"},"canonical":"https:\/\/www.pressenza.com\/de\/2021\/01\/assange-urteil-statements-von-wikileaks-assanges-partnerin-reporter-ohne-grenzen\/","og_locale":"de_DE","og_type":"article","og_title":"Assange-Urteil: Statements von WikiLeaks, Assanges Partnerin, Reporter ohne Grenzen","og_description":"Diese Aussagen wurden von der \u201cDon\u2019t Extradite Assange\u201d-Kampagne am 4. Januar 2021 aufgezeichnet, kurz nachdem das Gericht entschieden hatte, dass Julian","og_url":"https:\/\/www.pressenza.com\/de\/2021\/01\/assange-urteil-statements-von-wikileaks-assanges-partnerin-reporter-ohne-grenzen\/","og_site_name":"Pressenza","article_publisher":"https:\/\/www.facebook.com\/PressenzaItalia","article_author":"http:\/\/www.facebook.com\/acTVism","article_published_time":"2021-01-07T14:52:41+00:00","og_image":[{"width":750,"height":422,"url":"https:\/\/www.pressenza.com\/wp-content\/uploads\/2021\/01\/Statements-WikiLeaks-_Urteil_Assange.jpg","type":"image\/jpeg"}],"author":"acTVism Munich","twitter_card":"summary_large_image","twitter_creator":"@acTVismMunich","twitter_site":"@PressenzaIPA","twitter_misc":{"Verfasst von":"acTVism Munich"},"schema":{"@context":"https:\/\/schema.org","@graph":[{"@type":"Article","@id":"https:\/\/www.pressenza.com\/de\/2021\/01\/assange-urteil-statements-von-wikileaks-assanges-partnerin-reporter-ohne-grenzen\/#article","isPartOf":{"@id":"https:\/\/www.pressenza.com\/de\/2021\/01\/assange-urteil-statements-von-wikileaks-assanges-partnerin-reporter-ohne-grenzen\/"},"author":{"name":"acTVism Munich","@id":"https:\/\/www.pressenza.com\/de\/#\/schema\/person\/99a6415b6c343de2778fc2d410396913"},"headline":"Assange-Urteil: Statements von WikiLeaks, Assanges Partnerin, Reporter ohne Grenzen","datePublished":"2021-01-07T14:52:41+00:00","mainEntityOfPage":{"@id":"https:\/\/www.pressenza.com\/de\/2021\/01\/assange-urteil-statements-von-wikileaks-assanges-partnerin-reporter-ohne-grenzen\/"},"wordCount":102,"publisher":{"@id":"https:\/\/www.pressenza.com\/de\/#organization"},"image":{"@id":"https:\/\/www.pressenza.com\/de\/2021\/01\/assange-urteil-statements-von-wikileaks-assanges-partnerin-reporter-ohne-grenzen\/#primaryimage"},"thumbnailUrl":"https:\/\/www.pressenza.com\/wp-content\/uploads\/2021\/01\/Statements-WikiLeaks-_Urteil_Assange.jpg","keywords":["#FreeAssange","Belmarsh","DontExtraditeAssange","Fidel Narv\u00e1ez","FreeJulianAssange","Julian Assange","Kristinn Hrafnsson","Nils Melzer","Pressefreiheit","Reporter ohne Grenzen","Sevim Dagdelen","Stella Morris","Whistleblower","Wikileaks"],"articleSection":["International","Menschenrechte","Politik","Video"],"inLanguage":"de"},{"@type":"WebPage","@id":"https:\/\/www.pressenza.com\/de\/2021\/01\/assange-urteil-statements-von-wikileaks-assanges-partnerin-reporter-ohne-grenzen\/","url":"https:\/\/www.pressenza.com\/de\/2021\/01\/assange-urteil-statements-von-wikileaks-assanges-partnerin-reporter-ohne-grenzen\/","name":"Assange-Urteil: Statements von WikiLeaks, Assanges Partnerin, Reporter ohne Grenzen","isPartOf":{"@id":"https:\/\/www.pressenza.com\/de\/#website"},"primaryImageOfPage":{"@id":"https:\/\/www.pressenza.com\/de\/2021\/01\/assange-urteil-statements-von-wikileaks-assanges-partnerin-reporter-ohne-grenzen\/#primaryimage"},"image":{"@id":"https:\/\/www.pressenza.com\/de\/2021\/01\/assange-urteil-statements-von-wikileaks-assanges-partnerin-reporter-ohne-grenzen\/#primaryimage"},"thumbnailUrl":"https:\/\/www.pressenza.com\/wp-content\/uploads\/2021\/01\/Statements-WikiLeaks-_Urteil_Assange.jpg","datePublished":"2021-01-07T14:52:41+00:00","description":"Diese Aussagen wurden von der \u201cDon\u2019t Extradite Assange\u201d-Kampagne am 4. Januar 2021 aufgezeichnet, kurz nachdem das Gericht entschieden hatte, dass Julian","breadcrumb":{"@id":"https:\/\/www.pressenza.com\/de\/2021\/01\/assange-urteil-statements-von-wikileaks-assanges-partnerin-reporter-ohne-grenzen\/#breadcrumb"},"inLanguage":"de","potentialAction":[{"@type":"ReadAction","target":["https:\/\/www.pressenza.com\/de\/2021\/01\/assange-urteil-statements-von-wikileaks-assanges-partnerin-reporter-ohne-grenzen\/"]}]},{"@type":"ImageObject","inLanguage":"de","@id":"https:\/\/www.pressenza.com\/de\/2021\/01\/assange-urteil-statements-von-wikileaks-assanges-partnerin-reporter-ohne-grenzen\/#primaryimage","url":"https:\/\/www.pressenza.com\/wp-content\/uploads\/2021\/01\/Statements-WikiLeaks-_Urteil_Assange.jpg","contentUrl":"https:\/\/www.pressenza.com\/wp-content\/uploads\/2021\/01\/Statements-WikiLeaks-_Urteil_Assange.jpg","width":750,"height":422,"caption":"Assange-Urteil: Statements von WikiLeaks, Assanges Partnerin, Reporter ohne Grenzen"},{"@type":"BreadcrumbList","@id":"https:\/\/www.pressenza.com\/de\/2021\/01\/assange-urteil-statements-von-wikileaks-assanges-partnerin-reporter-ohne-grenzen\/#breadcrumb","itemListElement":[{"@type":"ListItem","position":1,"name":"Accueil","item":"https:\/\/www.pressenza.com\/de\/"},{"@type":"ListItem","position":2,"name":"Assange-Urteil: Statements von WikiLeaks, Assanges Partnerin, Reporter ohne Grenzen"}]},{"@type":"WebSite","@id":"https:\/\/www.pressenza.com\/de\/#website","url":"https:\/\/www.pressenza.com\/de\/","name":"Pressenza","description":"International Press Agency","publisher":{"@id":"https:\/\/www.pressenza.com\/de\/#organization"},"potentialAction":[{"@type":"SearchAction","target":{"@type":"EntryPoint","urlTemplate":"https:\/\/www.pressenza.com\/de\/?s={search_term_string}"},"query-input":{"@type":"PropertyValueSpecification","valueRequired":true,"valueName":"search_term_string"}}],"inLanguage":"de"},{"@type":"Organization","@id":"https:\/\/www.pressenza.com\/de\/#organization","name":"Pressenza","url":"https:\/\/www.pressenza.com\/de\/","logo":{"@type":"ImageObject","inLanguage":"de","@id":"https:\/\/www.pressenza.com\/de\/#\/schema\/logo\/image\/","url":"https:\/\/www.pressenza.com\/wp-content\/uploads\/2022\/10\/pressenza_logo_200x200.jpg","contentUrl":"https:\/\/www.pressenza.com\/wp-content\/uploads\/2022\/10\/pressenza_logo_200x200.jpg","width":200,"height":200,"caption":"Pressenza"},"image":{"@id":"https:\/\/www.pressenza.com\/de\/#\/schema\/logo\/image\/"},"sameAs":["https:\/\/www.facebook.com\/PressenzaItalia","https:\/\/x.com\/PressenzaIPA"]},{"@type":"Person","@id":"https:\/\/www.pressenza.com\/de\/#\/schema\/person\/99a6415b6c343de2778fc2d410396913","name":"acTVism Munich","description":"acTVism Munich is an independent and non-profit global online media network that broadcasts regularly from Munich. Our goal is to surface those issues that are neglected by mainstream media through investigative journalism while remaining as objective as possible. In addition, to attain this goal, acTVism Munich lays great emphasis on arts and culture. To stay in line with this philosophy, we finance ourselves solely through people\u2019s donations. We do not accept any advertisements, governmental or corporate financing. www.actvism.org\/en\/","sameAs":["http:\/\/www.facebook.com\/acTVism","https:\/\/x.com\/acTVismMunich"],"url":"https:\/\/www.pressenza.com\/de\/author\/actvism-munich\/"}]}},"place":"","original_article_url":"https:\/\/www.actvism.org\/opinions\/julian-assange-urteil-wikileaks-rsf\/","_links":{"self":[{"href":"https:\/\/www.pressenza.com\/de\/wp-json\/wp\/v2\/posts\/1273821","targetHints":{"allow":["GET"]}}],"collection":[{"href":"https:\/\/www.pressenza.com\/de\/wp-json\/wp\/v2\/posts"}],"about":[{"href":"https:\/\/www.pressenza.com\/de\/wp-json\/wp\/v2\/types\/post"}],"author":[{"embeddable":true,"href":"https:\/\/www.pressenza.com\/de\/wp-json\/wp\/v2\/users\/1188"}],"replies":[{"embeddable":true,"href":"https:\/\/www.pressenza.com\/de\/wp-json\/wp\/v2\/comments?post=1273821"}],"version-history":[{"count":0,"href":"https:\/\/www.pressenza.com\/de\/wp-json\/wp\/v2\/posts\/1273821\/revisions"}],"wp:featuredmedia":[{"embeddable":true,"href":"https:\/\/www.pressenza.com\/de\/wp-json\/wp\/v2\/media\/1273832"}],"wp:attachment":[{"href":"https:\/\/www.pressenza.com\/de\/wp-json\/wp\/v2\/media?parent=1273821"}],"wp:term":[{"taxonomy":"category","embeddable":true,"href":"https:\/\/www.pressenza.com\/de\/wp-json\/wp\/v2\/categories?post=1273821"},{"taxonomy":"post_tag","embeddable":true,"href":"https:\/\/www.pressenza.com\/de\/wp-json\/wp\/v2\/tags?post=1273821"}],"curies":[{"name":"wp","href":"https:\/\/api.w.org\/{rel}","templated":true}]}}