{"id":1273806,"date":"2021-01-07T14:37:44","date_gmt":"2021-01-07T14:37:44","guid":{"rendered":"https:\/\/www.pressenza.com\/?p=1273806"},"modified":"2021-01-07T14:37:44","modified_gmt":"2021-01-07T14:37:44","slug":"die-demokratie-ruft","status":"publish","type":"post","link":"https:\/\/www.pressenza.com\/de\/2021\/01\/die-demokratie-ruft\/","title":{"rendered":"Die Demokratie ruft!"},"content":{"rendered":"<p><strong>In Deutschland l\u00e4dt sie 2021 gleich 9-mal zur Neubesetzung wichtiger Gremien per Wahl ein. Das Wahlgesetz bestimmt die Durchf\u00fchrung von 2 Kommunalwahlen im M\u00e4rz in Hessen und im September in Niedersachsen. 6 Landtage erhalten im M\u00e4rz in Rheinland-Pfalz und Baden-W\u00fcrttemberg, im April in Th\u00fcringen, im Juni in Sachsen-Anhalt und im September in Berlin und Mecklenburg-Vorpommern neue Abgeordnete. Die Mandatstr\u00e4ger des Bundestages werden im September dieses Jahres vom Volk gew\u00e4hlt.<\/strong><\/p>\n<p>Im wirtschaftlich und milit\u00e4risch st\u00e4rksten Land der Welt, den USA, wurde gerade die Wahl, wer die k\u00fcnftige Macht aus\u00fcbt, durchgef\u00fchrt. Ein guter Vergleich, wie Wahldemokratien gestaltbar sind und kommerzialisiert werden k\u00f6nnen. Vernunft und Toleranz scheinen abhanden gekommen zu sein. Diese Wahl machte die politische Spaltung in den USA zwischen der Unter- und Oberschicht sowie innerhalb der M\u00e4chtigen sichtbar. Die USA Demokratie ist ein Lernbeispiel, wie Wahlergebnisse zurechtgebogen werden k\u00f6nnen, meint das Svenske Dagbladet und die Financial Times schreibt von Mechanismen, die einem Staatsstreich \u00e4hneln.<\/p>\n<p>Der bundesdeutsche Wahlb\u00fcrger erh\u00e4lt nach demokratischen Regeln zu den festgelegten Terminen die Gelegenheit, seine politischen F\u00fchrungskr\u00e4fte zu bestimmen, die in ihrer Mandatszeit die gro\u00dfen Probleme der Gemeinschaft einer L\u00f6sung zuf\u00fchren sollen. Nach Meinung der Medien ist das gegenw\u00e4rtig erstens die <strong>Beherrschung der Corona-Pandemie<\/strong>, damit ein risikofreies Leben in den Bereichen der Wirtschaft, der Bildung, der Kultur und des zivilen Umfeldes wieder m\u00f6glich wird. Zweitens tragen die politischen F\u00fchrungskr\u00e4fte Verantwortung, dass mindestens <strong>die Ziele des Pariser Klimaabkommens<\/strong> f\u00fcr Deutschland real erreicht werden. Drittens erfordert das humanit\u00e4re Gewissen aller Parteien <strong>die Fl\u00fcchtlingsdramen zu beenden und die Fluchtursachen einzud\u00e4mmen<\/strong>. Die vierte Aufgabe besteht im 21. Jahrhundert dem <strong>Krieg als Option zur Probleml\u00f6sung keine Chance mehr zu geben<\/strong> und die Losung der Franz\u00f6sischen Revolution nach Gleichheit und sozialer Br\u00fcderlichkeit Realit\u00e4t werden zu lassen. Schlie\u00dflich haben die neugew\u00e4hlten Abgeordneten noch die nichterf\u00fcllten Aufgaben der GROKO zu erledigen.<\/p>\n<p>Die zu w\u00e4hlenden Mandatstr\u00e4ger haben nach Ma\u00dfgabe der griechischen V\u00e4ter der Demokratie die Bed\u00fcrfnisse des Landes und nicht die ihrer Parteien in den Mittelpunkt ihrer Arbeit zu stellen. Homo Sapiens hat von Beginn an den Pfad des sicheren Lebens und \u00dcberlebens beschritten und sowohl die kurzfristigen als auch die langfristigen Probleme im Auge behalten m\u00fcssen. Die Frage nach Sein oder Nichtsein war f\u00fcr die Spezies Mensch immer pr\u00e4sent. Seine Lebensgrundlagen entwickelte er mit der Arbeit in der Landwirtschaft, mit den zunehmenden Gewerken und den Regeln der Wissenschaften. <strong>Die Demokratie wurde als wichtigstes Prinzip f\u00fcr das Zusammenleben der unterschiedlichen Gruppen in der Gemeinschaft erkannt<\/strong>. Sie gibt der Gesellschaft ein Elixier zum \u00dcberleben, mit dem Ziel, die Bed\u00fcrfnisse nach Nahrung, Wohnung, Erholung, friedlichem Zusammenleben, Kommunikation angemessen zu erf\u00fcllen. In der Gegenwart und in der Zukunft.<\/p>\n<p>Die heute in Deutschland herrschende Ordnung deckt in groben Rastern die Bed\u00fcrfnisse der Bev\u00f6lkerung ab, wohl aber nicht nach den Prinzipien der Gleichheit und Br\u00fcderlichkeit. Konservative F\u00fchrungskr\u00e4fte in den zu w\u00e4hlenden Gremien setzen auf Privateigentum an materiellen und finanziellen Produktionsmitteln als Nonplusultra. Eintretende Probleme werden von der unsichtbaren Hand des Marktes geregelt, wird irrigerweise verbreitet. Die Zukunftsvorsorge ist nicht so sehr ihre Sache. Klima- und Kriegsrisiken werden fahrl\u00e4ssig behandelt. Die gegenw\u00e4rtige Ordnung kann sich auf etwa 500 Jahre wirtschaftlicher und 330 Jahre politischer Erfahrungen st\u00fctzen. Die schlie\u00dfen gro\u00dfe Kriegskatastrophen, mehrere t\u00f6dliche Viren-Pandemien und eine Vielzahl von Wirtschaftskrisen ein. Sie hat nicht immer die notwendigen und m\u00f6glichen Lehren gezogen. <strong>Stolz kann sie auf die Charta der Menschenrechte von 1947 sein, die 1956 mit den sozialen Rechten erg\u00e4nzt wurden.<\/strong> Die Bildung der UNO mit ihrem Sicherheitsrat ist Teil der Erfolgsgeschichte. Das wurde erst m\u00f6glich durch den Einfluss neuer Ideen alternativer Gesellschaftsordnungen.<\/p>\n<p>Die betraten 1917 die B\u00fchne der Welt, mit dem Willen, die nicht erf\u00fcllten Visionen der Franz\u00f6sischen Revolution zur Realit\u00e4t zu f\u00fchren. Wirtschaftliche Erfahrungen der Kapitalordnung wurden vor allem in den Betriebswirtschaften weitergef\u00fchrt, wenn sie ihrer Logik nicht widersprachen. Politisch sollte die R\u00e4te-Demokratie (Sowjets) und der demokratische Sozialismus das gesellschaftliche Zusammenspiel der Demokratie nach dem Vorbild der griechischen Polis- Demokratie bestimmen. Die in der \u201ePoliteia\u201c nachzulesende Suche Platons nach der besten Staatsform war in den Lernpl\u00e4nen der Universit\u00e4ten der DDR enthalten (Platon Der Staat, Reclam, Leipzig, DDR, 1984), ebenso die Hinweise Aristoteles zu pr\u00fcfen, wie die Staatsverh\u00e4ltnisse sind (Aristoteles und der Ausgang der antiken Philosophie, Dietzverlag, DDR 1984).<\/p>\n<p>Die Bedingungen zur Einf\u00fchrung der partizipativen Form der Demokratie waren zu keinem Zeitpunkt f\u00fcr die sozialistische Ordnung g\u00fcnstig. Nach der Konterrevolution der Anfangsjahre, den katastrophalen 2. Weltkrieg und sich anschlie\u00dfenden 40 Jahren Kalten Krieges, dessen Ausl\u00e4ufer mit Sanktionen, Boykotten, Fake News noch praktiziert werden, bewegte sich die Kompassnadel der alternativen Ordnung im Bereich \u201eSein oder Nichtsein\u201c. Auf der Konsultationsebene der Demokratie in wirtschaftlichen und Gemeinschaftsbereichen der Kultur, des Sports, der Bildung, des Gesundheitswesens etc. der gesetzlichen Mitbestimmung wurde eine per Gesetz bestimmte Interaktion gepflegt.<\/p>\n<p>F\u00fcr die Wahlprozesse aber auch grunds\u00e4tzlich zur Ausbildung der nachwachsenden Generationen, w\u00e4re eine andauernde Aufkl\u00e4rung \u00fcber die Rolle und Spielr\u00e4ume der Demokratie erforderlich. Allein die Spannbreiten der Wahldemokratie in den USA und in Deutschland geben zu denken.<\/p>\n<p>Der wissende B\u00fcrger ist f\u00fcr die Weiterentwicklung der Lebensgrundlagen der Menschen, f\u00fcr den richtigen Pfad, den der Homo Sapiens erfolgreich gehen kann, unabdingbar. Die W\u00e4hlerschaft m\u00f6chte aber auch Wissen, auf welcher Grundlage die hohen Milliardensummen, die von den Parteien vor den Wahlen versprochen werden, stehen, und welche Folgen die Summen bei ihrer Tilgung haben werden.<\/p>\n<p>Das Amt eines Abgeordneten ist mit hohen Verantwortungen und Erwartungen der Wahlberechtigten verbunden. <strong>Die T\u00e4tigkeit der beratenden Lobby aber widerspricht in der gegenw\u00e4rtigen Form den Regeln der Demokratie.<\/strong><\/p>\n<p>Die Erfahrungswerte aus allen Regionen der Welt werden f\u00fcr die Zukunftsgestaltung gebraucht; aus Asien, Lateinamerika und Afrika. <strong>Die Werte Europas, sind weiterhin wertvoll, aber sie sind nicht der Weisheit letzter Schluss.<\/strong><\/p>\n<blockquote>\n<p style=\"text-align: center;\"><strong>\u00a0Wahlzeiten sind Nachdenkzeiten; \u00fcber die Gegenwart und die Zukunft!<\/strong><\/p>\n<\/blockquote>\n<hr \/>\n<p><em>Der Autor beschreibt in seinem neuen Buch <a href=\"https:\/\/www.eulenspiegel.com\/verlage\/verlag-am-park\/titel\/hat-die-welt-eine-zukunft.html\" target=\"_blank\" rel=\"noopener noreferrer\">\u201eHat die Welt eine Zukunft?\u201c Verlag am Park, ISBN 978-3-947094-79-0<\/a>, Alternativen der Planung, in einer humanen Welt.<\/em><\/p>\n","protected":false},"excerpt":{"rendered":"<p>In Deutschland l\u00e4dt sie 2021 gleich 9-mal zur Neubesetzung wichtiger Gremien per Wahl ein. Das Wahlgesetz bestimmt die Durchf\u00fchrung von 2 Kommunalwahlen im M\u00e4rz in Hessen und im September in Niedersachsen. 6 Landtage erhalten im M\u00e4rz in Rheinland-Pfalz und Baden-W\u00fcrttemberg,&hellip;<\/p>\n","protected":false},"author":1463,"featured_media":1273808,"comment_status":"closed","ping_status":"closed","sticky":false,"template":"","format":"standard","meta":{"footnotes":""},"categories":[9150,11387,9168],"tags":[85926,9821,81644,31900,11668,32512],"class_list":["post-1273806","post","type-post","status-publish","format-standard","has-post-thumbnail","hentry","category-europa-de","category-originalinhalt","category-politik","tag-bundeswahl-2021","tag-demokratie","tag-formale-demokratie","tag-lobbyimus","tag-medienmanipulation","tag-repraesentative-demokratie"],"yoast_head":"<!-- This site is optimized with the Yoast SEO plugin v27.1.1 - https:\/\/yoast.com\/product\/yoast-seo-wordpress\/ -->\n<title>Die Demokratie ruft!<\/title>\n<meta name=\"description\" content=\"In Deutschland l\u00e4dt sie 2021 gleich 9-mal zur Neubesetzung wichtiger Gremien per Wahl ein. Das Wahlgesetz bestimmt die Durchf\u00fchrung von 2 Kommunalwahlen\" \/>\n<meta name=\"robots\" content=\"index, follow, max-snippet:-1, max-image-preview:large, max-video-preview:-1\" \/>\n<link rel=\"canonical\" href=\"https:\/\/www.pressenza.com\/de\/2021\/01\/die-demokratie-ruft\/\" \/>\n<meta property=\"og:locale\" content=\"de_DE\" \/>\n<meta property=\"og:type\" content=\"article\" \/>\n<meta property=\"og:title\" content=\"Die Demokratie ruft!\" \/>\n<meta property=\"og:description\" content=\"In Deutschland l\u00e4dt sie 2021 gleich 9-mal zur Neubesetzung wichtiger Gremien per Wahl ein. Das Wahlgesetz bestimmt die Durchf\u00fchrung von 2 Kommunalwahlen\" \/>\n<meta property=\"og:url\" content=\"https:\/\/www.pressenza.com\/de\/2021\/01\/die-demokratie-ruft\/\" \/>\n<meta property=\"og:site_name\" content=\"Pressenza\" \/>\n<meta property=\"article:publisher\" content=\"https:\/\/www.facebook.com\/PressenzaItalia\" \/>\n<meta property=\"article:published_time\" content=\"2021-01-07T14:37:44+00:00\" \/>\n<meta property=\"og:image\" content=\"https:\/\/www.pressenza.com\/wp-content\/uploads\/2021\/01\/patrick-fore-5YU0uZh43Bk-unsplash.jpg\" \/>\n\t<meta property=\"og:image:width\" content=\"1920\" \/>\n\t<meta property=\"og:image:height\" content=\"1280\" \/>\n\t<meta property=\"og:image:type\" content=\"image\/jpeg\" \/>\n<meta name=\"author\" content=\"G\u00fcnter Buhlke\" \/>\n<meta name=\"twitter:card\" content=\"summary_large_image\" \/>\n<meta name=\"twitter:creator\" content=\"@PressenzaIPA\" \/>\n<meta name=\"twitter:site\" content=\"@PressenzaIPA\" \/>\n<meta name=\"twitter:label1\" content=\"Verfasst von\" \/>\n\t<meta name=\"twitter:data1\" content=\"G\u00fcnter Buhlke\" \/>\n\t<meta name=\"twitter:label2\" content=\"Gesch\u00e4tzte Lesezeit\" \/>\n\t<meta name=\"twitter:data2\" content=\"5\u00a0Minuten\" \/>\n<script type=\"application\/ld+json\" class=\"yoast-schema-graph\">{\"@context\":\"https:\/\/schema.org\",\"@graph\":[{\"@type\":\"Article\",\"@id\":\"https:\/\/www.pressenza.com\/de\/2021\/01\/die-demokratie-ruft\/#article\",\"isPartOf\":{\"@id\":\"https:\/\/www.pressenza.com\/de\/2021\/01\/die-demokratie-ruft\/\"},\"author\":{\"name\":\"G\u00fcnter Buhlke\",\"@id\":\"https:\/\/www.pressenza.com\/de\/#\/schema\/person\/e48301baaf10fa4f78dc7566caf225b4\"},\"headline\":\"Die Demokratie ruft!\",\"datePublished\":\"2021-01-07T14:37:44+00:00\",\"mainEntityOfPage\":{\"@id\":\"https:\/\/www.pressenza.com\/de\/2021\/01\/die-demokratie-ruft\/\"},\"wordCount\":1038,\"publisher\":{\"@id\":\"https:\/\/www.pressenza.com\/de\/#organization\"},\"image\":{\"@id\":\"https:\/\/www.pressenza.com\/de\/2021\/01\/die-demokratie-ruft\/#primaryimage\"},\"thumbnailUrl\":\"https:\/\/www.pressenza.com\/wp-content\/uploads\/2021\/01\/patrick-fore-5YU0uZh43Bk-unsplash.jpg\",\"keywords\":[\"Bundeswahl 2021\",\"Demokratie\",\"formale Demokratie\",\"Lobbyimus\",\"Medienmanipulation\",\"repr\u00e4sentative demokratie\"],\"articleSection\":[\"Europa\",\"Originalinhalt\",\"Politik\"],\"inLanguage\":\"de\"},{\"@type\":\"WebPage\",\"@id\":\"https:\/\/www.pressenza.com\/de\/2021\/01\/die-demokratie-ruft\/\",\"url\":\"https:\/\/www.pressenza.com\/de\/2021\/01\/die-demokratie-ruft\/\",\"name\":\"Die Demokratie ruft!\",\"isPartOf\":{\"@id\":\"https:\/\/www.pressenza.com\/de\/#website\"},\"primaryImageOfPage\":{\"@id\":\"https:\/\/www.pressenza.com\/de\/2021\/01\/die-demokratie-ruft\/#primaryimage\"},\"image\":{\"@id\":\"https:\/\/www.pressenza.com\/de\/2021\/01\/die-demokratie-ruft\/#primaryimage\"},\"thumbnailUrl\":\"https:\/\/www.pressenza.com\/wp-content\/uploads\/2021\/01\/patrick-fore-5YU0uZh43Bk-unsplash.jpg\",\"datePublished\":\"2021-01-07T14:37:44+00:00\",\"description\":\"In Deutschland l\u00e4dt sie 2021 gleich 9-mal zur Neubesetzung wichtiger Gremien per Wahl ein. Das Wahlgesetz bestimmt die Durchf\u00fchrung von 2 Kommunalwahlen\",\"breadcrumb\":{\"@id\":\"https:\/\/www.pressenza.com\/de\/2021\/01\/die-demokratie-ruft\/#breadcrumb\"},\"inLanguage\":\"de\",\"potentialAction\":[{\"@type\":\"ReadAction\",\"target\":[\"https:\/\/www.pressenza.com\/de\/2021\/01\/die-demokratie-ruft\/\"]}]},{\"@type\":\"ImageObject\",\"inLanguage\":\"de\",\"@id\":\"https:\/\/www.pressenza.com\/de\/2021\/01\/die-demokratie-ruft\/#primaryimage\",\"url\":\"https:\/\/www.pressenza.com\/wp-content\/uploads\/2021\/01\/patrick-fore-5YU0uZh43Bk-unsplash.jpg\",\"contentUrl\":\"https:\/\/www.pressenza.com\/wp-content\/uploads\/2021\/01\/patrick-fore-5YU0uZh43Bk-unsplash.jpg\",\"width\":1920,\"height\":1280,\"caption\":\"Die Demokratie ruft!\"},{\"@type\":\"BreadcrumbList\",\"@id\":\"https:\/\/www.pressenza.com\/de\/2021\/01\/die-demokratie-ruft\/#breadcrumb\",\"itemListElement\":[{\"@type\":\"ListItem\",\"position\":1,\"name\":\"Accueil\",\"item\":\"https:\/\/www.pressenza.com\/de\/\"},{\"@type\":\"ListItem\",\"position\":2,\"name\":\"Die Demokratie ruft!\"}]},{\"@type\":\"WebSite\",\"@id\":\"https:\/\/www.pressenza.com\/de\/#website\",\"url\":\"https:\/\/www.pressenza.com\/de\/\",\"name\":\"Pressenza\",\"description\":\"International Press Agency\",\"publisher\":{\"@id\":\"https:\/\/www.pressenza.com\/de\/#organization\"},\"potentialAction\":[{\"@type\":\"SearchAction\",\"target\":{\"@type\":\"EntryPoint\",\"urlTemplate\":\"https:\/\/www.pressenza.com\/de\/?s={search_term_string}\"},\"query-input\":{\"@type\":\"PropertyValueSpecification\",\"valueRequired\":true,\"valueName\":\"search_term_string\"}}],\"inLanguage\":\"de\"},{\"@type\":\"Organization\",\"@id\":\"https:\/\/www.pressenza.com\/de\/#organization\",\"name\":\"Pressenza\",\"url\":\"https:\/\/www.pressenza.com\/de\/\",\"logo\":{\"@type\":\"ImageObject\",\"inLanguage\":\"de\",\"@id\":\"https:\/\/www.pressenza.com\/de\/#\/schema\/logo\/image\/\",\"url\":\"https:\/\/www.pressenza.com\/wp-content\/uploads\/2022\/10\/pressenza_logo_200x200.jpg\",\"contentUrl\":\"https:\/\/www.pressenza.com\/wp-content\/uploads\/2022\/10\/pressenza_logo_200x200.jpg\",\"width\":200,\"height\":200,\"caption\":\"Pressenza\"},\"image\":{\"@id\":\"https:\/\/www.pressenza.com\/de\/#\/schema\/logo\/image\/\"},\"sameAs\":[\"https:\/\/www.facebook.com\/PressenzaItalia\",\"https:\/\/x.com\/PressenzaIPA\"]},{\"@type\":\"Person\",\"@id\":\"https:\/\/www.pressenza.com\/de\/#\/schema\/person\/e48301baaf10fa4f78dc7566caf225b4\",\"name\":\"G\u00fcnter Buhlke\",\"description\":\"Geboren 1934, Studium an der Humboldtuniversit\u00e4t und der Hochschule f\u00fcr \u00d6konomie Berlin, dipl. Volkswirtschaftler. Internationale Arbeit als Handelsrat in Mexiko und Venezuela. Koordinator f\u00fcr die Wirtschaftsbeziehungen der DDR zu Lateinamerika. Wirtschaftserfahrungen als\u00a0langj\u00e4hriger Leiter des Schweizerischen Instituts f\u00fcr Betriebswirtschaft in Berlin, Vorstand einer Wohnungsgenossenschaft und Referent im Haushaltsausschuss der Volkskammer und des Bundestages. Gegenw\u00e4rtig ehrenamtliche T\u00e4tigkeiten.\",\"url\":\"https:\/\/www.pressenza.com\/de\/author\/guenter-buhlke\/\"}]}<\/script>\n<!-- \/ Yoast SEO plugin. -->","yoast_head_json":{"title":"Die Demokratie ruft!","description":"In Deutschland l\u00e4dt sie 2021 gleich 9-mal zur Neubesetzung wichtiger Gremien per Wahl ein. Das Wahlgesetz bestimmt die Durchf\u00fchrung von 2 Kommunalwahlen","robots":{"index":"index","follow":"follow","max-snippet":"max-snippet:-1","max-image-preview":"max-image-preview:large","max-video-preview":"max-video-preview:-1"},"canonical":"https:\/\/www.pressenza.com\/de\/2021\/01\/die-demokratie-ruft\/","og_locale":"de_DE","og_type":"article","og_title":"Die Demokratie ruft!","og_description":"In Deutschland l\u00e4dt sie 2021 gleich 9-mal zur Neubesetzung wichtiger Gremien per Wahl ein. Das Wahlgesetz bestimmt die Durchf\u00fchrung von 2 Kommunalwahlen","og_url":"https:\/\/www.pressenza.com\/de\/2021\/01\/die-demokratie-ruft\/","og_site_name":"Pressenza","article_publisher":"https:\/\/www.facebook.com\/PressenzaItalia","article_published_time":"2021-01-07T14:37:44+00:00","og_image":[{"width":1920,"height":1280,"url":"https:\/\/www.pressenza.com\/wp-content\/uploads\/2021\/01\/patrick-fore-5YU0uZh43Bk-unsplash.jpg","type":"image\/jpeg"}],"author":"G\u00fcnter Buhlke","twitter_card":"summary_large_image","twitter_creator":"@PressenzaIPA","twitter_site":"@PressenzaIPA","twitter_misc":{"Verfasst von":"G\u00fcnter Buhlke","Gesch\u00e4tzte Lesezeit":"5\u00a0Minuten"},"schema":{"@context":"https:\/\/schema.org","@graph":[{"@type":"Article","@id":"https:\/\/www.pressenza.com\/de\/2021\/01\/die-demokratie-ruft\/#article","isPartOf":{"@id":"https:\/\/www.pressenza.com\/de\/2021\/01\/die-demokratie-ruft\/"},"author":{"name":"G\u00fcnter Buhlke","@id":"https:\/\/www.pressenza.com\/de\/#\/schema\/person\/e48301baaf10fa4f78dc7566caf225b4"},"headline":"Die Demokratie ruft!","datePublished":"2021-01-07T14:37:44+00:00","mainEntityOfPage":{"@id":"https:\/\/www.pressenza.com\/de\/2021\/01\/die-demokratie-ruft\/"},"wordCount":1038,"publisher":{"@id":"https:\/\/www.pressenza.com\/de\/#organization"},"image":{"@id":"https:\/\/www.pressenza.com\/de\/2021\/01\/die-demokratie-ruft\/#primaryimage"},"thumbnailUrl":"https:\/\/www.pressenza.com\/wp-content\/uploads\/2021\/01\/patrick-fore-5YU0uZh43Bk-unsplash.jpg","keywords":["Bundeswahl 2021","Demokratie","formale Demokratie","Lobbyimus","Medienmanipulation","repr\u00e4sentative demokratie"],"articleSection":["Europa","Originalinhalt","Politik"],"inLanguage":"de"},{"@type":"WebPage","@id":"https:\/\/www.pressenza.com\/de\/2021\/01\/die-demokratie-ruft\/","url":"https:\/\/www.pressenza.com\/de\/2021\/01\/die-demokratie-ruft\/","name":"Die Demokratie ruft!","isPartOf":{"@id":"https:\/\/www.pressenza.com\/de\/#website"},"primaryImageOfPage":{"@id":"https:\/\/www.pressenza.com\/de\/2021\/01\/die-demokratie-ruft\/#primaryimage"},"image":{"@id":"https:\/\/www.pressenza.com\/de\/2021\/01\/die-demokratie-ruft\/#primaryimage"},"thumbnailUrl":"https:\/\/www.pressenza.com\/wp-content\/uploads\/2021\/01\/patrick-fore-5YU0uZh43Bk-unsplash.jpg","datePublished":"2021-01-07T14:37:44+00:00","description":"In Deutschland l\u00e4dt sie 2021 gleich 9-mal zur Neubesetzung wichtiger Gremien per Wahl ein. Das Wahlgesetz bestimmt die Durchf\u00fchrung von 2 Kommunalwahlen","breadcrumb":{"@id":"https:\/\/www.pressenza.com\/de\/2021\/01\/die-demokratie-ruft\/#breadcrumb"},"inLanguage":"de","potentialAction":[{"@type":"ReadAction","target":["https:\/\/www.pressenza.com\/de\/2021\/01\/die-demokratie-ruft\/"]}]},{"@type":"ImageObject","inLanguage":"de","@id":"https:\/\/www.pressenza.com\/de\/2021\/01\/die-demokratie-ruft\/#primaryimage","url":"https:\/\/www.pressenza.com\/wp-content\/uploads\/2021\/01\/patrick-fore-5YU0uZh43Bk-unsplash.jpg","contentUrl":"https:\/\/www.pressenza.com\/wp-content\/uploads\/2021\/01\/patrick-fore-5YU0uZh43Bk-unsplash.jpg","width":1920,"height":1280,"caption":"Die Demokratie ruft!"},{"@type":"BreadcrumbList","@id":"https:\/\/www.pressenza.com\/de\/2021\/01\/die-demokratie-ruft\/#breadcrumb","itemListElement":[{"@type":"ListItem","position":1,"name":"Accueil","item":"https:\/\/www.pressenza.com\/de\/"},{"@type":"ListItem","position":2,"name":"Die Demokratie ruft!"}]},{"@type":"WebSite","@id":"https:\/\/www.pressenza.com\/de\/#website","url":"https:\/\/www.pressenza.com\/de\/","name":"Pressenza","description":"International Press Agency","publisher":{"@id":"https:\/\/www.pressenza.com\/de\/#organization"},"potentialAction":[{"@type":"SearchAction","target":{"@type":"EntryPoint","urlTemplate":"https:\/\/www.pressenza.com\/de\/?s={search_term_string}"},"query-input":{"@type":"PropertyValueSpecification","valueRequired":true,"valueName":"search_term_string"}}],"inLanguage":"de"},{"@type":"Organization","@id":"https:\/\/www.pressenza.com\/de\/#organization","name":"Pressenza","url":"https:\/\/www.pressenza.com\/de\/","logo":{"@type":"ImageObject","inLanguage":"de","@id":"https:\/\/www.pressenza.com\/de\/#\/schema\/logo\/image\/","url":"https:\/\/www.pressenza.com\/wp-content\/uploads\/2022\/10\/pressenza_logo_200x200.jpg","contentUrl":"https:\/\/www.pressenza.com\/wp-content\/uploads\/2022\/10\/pressenza_logo_200x200.jpg","width":200,"height":200,"caption":"Pressenza"},"image":{"@id":"https:\/\/www.pressenza.com\/de\/#\/schema\/logo\/image\/"},"sameAs":["https:\/\/www.facebook.com\/PressenzaItalia","https:\/\/x.com\/PressenzaIPA"]},{"@type":"Person","@id":"https:\/\/www.pressenza.com\/de\/#\/schema\/person\/e48301baaf10fa4f78dc7566caf225b4","name":"G\u00fcnter Buhlke","description":"Geboren 1934, Studium an der Humboldtuniversit\u00e4t und der Hochschule f\u00fcr \u00d6konomie Berlin, dipl. Volkswirtschaftler. Internationale Arbeit als Handelsrat in Mexiko und Venezuela. Koordinator f\u00fcr die Wirtschaftsbeziehungen der DDR zu Lateinamerika. Wirtschaftserfahrungen als\u00a0langj\u00e4hriger Leiter des Schweizerischen Instituts f\u00fcr Betriebswirtschaft in Berlin, Vorstand einer Wohnungsgenossenschaft und Referent im Haushaltsausschuss der Volkskammer und des Bundestages. Gegenw\u00e4rtig ehrenamtliche T\u00e4tigkeiten.","url":"https:\/\/www.pressenza.com\/de\/author\/guenter-buhlke\/"}]}},"place":"","original_article_url":"","_links":{"self":[{"href":"https:\/\/www.pressenza.com\/de\/wp-json\/wp\/v2\/posts\/1273806","targetHints":{"allow":["GET"]}}],"collection":[{"href":"https:\/\/www.pressenza.com\/de\/wp-json\/wp\/v2\/posts"}],"about":[{"href":"https:\/\/www.pressenza.com\/de\/wp-json\/wp\/v2\/types\/post"}],"author":[{"embeddable":true,"href":"https:\/\/www.pressenza.com\/de\/wp-json\/wp\/v2\/users\/1463"}],"replies":[{"embeddable":true,"href":"https:\/\/www.pressenza.com\/de\/wp-json\/wp\/v2\/comments?post=1273806"}],"version-history":[{"count":0,"href":"https:\/\/www.pressenza.com\/de\/wp-json\/wp\/v2\/posts\/1273806\/revisions"}],"wp:featuredmedia":[{"embeddable":true,"href":"https:\/\/www.pressenza.com\/de\/wp-json\/wp\/v2\/media\/1273808"}],"wp:attachment":[{"href":"https:\/\/www.pressenza.com\/de\/wp-json\/wp\/v2\/media?parent=1273806"}],"wp:term":[{"taxonomy":"category","embeddable":true,"href":"https:\/\/www.pressenza.com\/de\/wp-json\/wp\/v2\/categories?post=1273806"},{"taxonomy":"post_tag","embeddable":true,"href":"https:\/\/www.pressenza.com\/de\/wp-json\/wp\/v2\/tags?post=1273806"}],"curies":[{"name":"wp","href":"https:\/\/api.w.org\/{rel}","templated":true}]}}