{"id":1263000,"date":"2020-12-17T14:03:44","date_gmt":"2020-12-17T14:03:44","guid":{"rendered":"https:\/\/www.pressenza.com\/?p=1263000"},"modified":"2020-12-19T08:18:55","modified_gmt":"2020-12-19T08:18:55","slug":"wir-schreiben-einen-neuen-gesellschaftsfairtrag","status":"publish","type":"post","link":"https:\/\/www.pressenza.com\/de\/2020\/12\/wir-schreiben-einen-neuen-gesellschaftsfairtrag\/","title":{"rendered":"Wir schreiben einen neuen GesellschaftsFAIRtrag"},"content":{"rendered":"<p><strong>Die Verfassunggebende Versammlung konstituiert sich.<\/strong><\/p>\n<p><strong>Deutschland ist kein Vorbild:<\/strong> Gegen die Bundesrepublik laufen 76 EU-Vertragsverletzungsverfahren, insbesondere im Bereich Energie und Umwelt. Trotz dieser Tatsache ermahnen deutsche Politiker gern andere L\u00e4nder, sich an europ\u00e4isches Recht zu halten. Die Qualit\u00e4t des Grundwassers in Deutschland geh\u00f6rt zu den schlechtesten in Europa. In unserem Land sind bereits \u00fcber 30.000 km\u00b2 Boden degradiert, dies sind mehr als neun Prozent der Gesamtfl\u00e4che. Die W\u00e4lder werden durch falsche Bewirtschaftung f\u00f6rmlich vernichtet. Drei Millionen Kinder leben in Deutschland in Armut, etwa 678.000 Menschen sind obdachlos. Die Spaltung der Gesellschaft wird von Tag zu Tag gr\u00f6\u00dfer. Wie lange soll das noch so weitergehen?<\/p>\n<p>Unsere Gesellschaft braucht dringend neue Rahmenbedingungen und deshalb eine neue Hausordnung! Nur wenn die Grundrechte der Einzelnen gesichert sind und eingehalten werden und gleichzeitig der Schutz unserer nat\u00fcrlichen Lebensgrundlagen gew\u00e4hrleistet ist, kann Gemeinwohl f\u00fcr alle gelingen. Politische Entscheidungen m\u00fcssten sich daran ausrichten, das ist heutzutage jedoch nicht der Fall. Deshalb wurde eine Verfassungsgebung durch das ganze deutsche Volk am 24. November 2020 offiziell u. a. beim deutschen Bundestagspr\u00e4sidenten und dem EU-Parlament angemeldet. Der EU-Parlamentspr\u00e4sident Sassoli hat die Benachrichtigung zur Verfassungsgebung in Deutschland freundlich best\u00e4tigt. Er \u00e4u\u00dferte dazu keine Einw\u00e4nde. Es gibt drei M\u00f6glichkeiten zur Bildung einer Verfassunggebenden Versammlung:<\/p>\n<ul>\n<li>Die Mitglieder werden dazu berufen<\/li>\n<li>Die Mitglieder werden dazu gew\u00e4hlt<\/li>\n<li>Die Versammlung bildet sich selbst aus dem Volk<\/li>\n<\/ul>\n<p>Da eine Verfassungsgebung ausschlie\u00dflich durch das deutsche Volk offiziell angemeldet wurde, wird der dritte Weg praktiziert. Dadurch haben alle Wahlberechtigten die M\u00f6glichkeit zur Mitgliedschaft in der Verfassunggebenden Versammlung und k\u00f6nnen im weiteren Prozess mit abstimmen. Seit dem 10. Dezember 2020 k\u00f6nnen sich alle Wahlberechtigten zum Deutschen Bundestag zur offiziellen Mitgliedschaft in der Verfassunggebenden Versammlung eintragen unter: <a href=\"https:\/\/www.gemeinwohllobby.de\/mitgliedschaft\" target=\"_blank\" rel=\"noopener\">https:\/\/www.gemeinwohllobby.de\/mitgliedschaft<\/a>.<\/p>\n<p>In den letzten 9 Monaten haben viele B\u00fcrger*innen ihre Ideen zusammengetragen und im November 2020 haben ca. 1.700 Menschen \u00fcber den letzten Teil des jetzigen Entwurfs abgestimmt, der die Grundlage f\u00fcr einen neuen GesellschaftsFAIRtrag bildet. Auf dieser Basis k\u00f6nnen alle interessierten Menschen jeden Alters ab sofort ihre eigenen Verbesserungsvorschl\u00e4ge einbringen unter: <a href=\"http:\/\/www.gemeinwohllobby.de\/fairtrag-entwurf\/\" target=\"_blank\" rel=\"noopener\">http:\/\/www.gemeinwohllobby.de\/fairtrag-entwurf\/<\/a>.<\/p>\n<p>Nach dem Prinzip der Volkssouver\u00e4nit\u00e4t erh\u00e4lt jedes Mitglied einer Verfassunggebenden Versammlung einen besonderen rechtlichen Status: Es ist von Vorgaben der amtierenden Staatsgewalten unabh\u00e4ngig und auch nicht an Regelungen einer schon bestehenden Verfassung und Gesetzgebung gebunden, sondern nur an die universalen Menschenrechte (z.B. Allgemeine Erkl\u00e4rung der Menschenrechte\/UN, europ\u00e4ische Menschenrechtskonvention, Charta der Grundrechte der Europ\u00e4ischen Union, etc.). Eine Verfassunggebende Versammlung hat grunds\u00e4tzlich einen h\u00f6heren Rang als die auf Grund der erlassenen Verfassung gew\u00e4hlte Volksvertretung (s. <a href=\"https:\/\/de.wikipedia.org\/wiki\/Verfassunggebende_Versammlung\" target=\"_blank\" rel=\"noopener\">https:\/\/de.wikipedia.org\/wiki\/Verfassunggebende_Versammlung<\/a>). Das wird auch im folgenden Urteil des Bundesverfassungsgerichts bekr\u00e4ftigt:<\/p>\n<p>\u201eEine Verfassunggebende Versammlung hat einen h\u00f6heren Rang als die auf Grund der erlassenen Verfassung gew\u00e4hlte Volksvertretung. Sie ist im Besitz des pouvoir constituant (verfassunggebende Gewalt)<strong>.<\/strong> Mit dieser besonderen Stellung ist unvertr\u00e4glich, dass ihr von au\u00dfen Beschr\u00e4nkungen auferlegt werden. [\u2026] Ihre Unabh\u00e4ngigkeit bei der Erf\u00fcllung dieses Auftrages besteht nicht nur hinsichtlich der Entscheidung \u00fcber den Inhalt der k\u00fcnftigen Verfassung, sondern auch hinsichtlich des Verfahrens, in dem die Verfassung erarbeitet wird.\u201c (Urteil des Bundesverfassungsgerichts vom 23. Oktober 1951, II. Senat, Leitsatz 21 und 21c)<\/p>\n<p>Nach dem UN-Zivilpakt (Internationaler Pakt \u00fcber b\u00fcrgerliche und politische Rechte\/IPbpR), der am 23.03.1976 in Kraft trat und seit dem auch f\u00fcr die Bundesrepublik Deutschland sogar als zwingendes Recht g\u00fcltig ist, ist der Gesetzgeber sogar verpflichtet, die Verwirklichung des Rechts auf Selbstbestimmung der Menschen zu f\u00f6rdern und dieses Recht zu achten.<\/p>\n<p>Ein guter Interessenausgleich und eine gute Zukunft f\u00fcr die Menschen braucht ALLE am Verhandlungstisch. Tun wir uns zusammen als starke Lobby f\u00fcr das Gemeinwohl!<\/p>\n<blockquote><p><strong>Werden Sie offizielles Mitglied! Tragen Sie sich ein!<\/strong><\/p><\/blockquote>\n<p>Marianne Grimmenstein<br \/>\nEmail: loesungsideen@web.de<\/p>\n","protected":false},"excerpt":{"rendered":"<p>Die Verfassunggebende Versammlung konstituiert sich. Deutschland ist kein Vorbild: Gegen die Bundesrepublik laufen 76 EU-Vertragsverletzungsverfahren, insbesondere im Bereich Energie und Umwelt. Trotz dieser Tatsache ermahnen deutsche Politiker gern andere L\u00e4nder, sich an europ\u00e4isches Recht zu halten. Die Qualit\u00e4t des Grundwassers&hellip;<\/p>\n","protected":false},"author":1095,"featured_media":1263003,"comment_status":"closed","ping_status":"closed","sticky":false,"template":"","format":"standard","meta":{"footnotes":""},"categories":[9150,9157,9168,9145],"tags":[73502,85317,81114],"class_list":["post-1263000","post","type-post","status-publish","format-standard","has-post-thumbnail","hentry","category-europa-de","category-oekologie-und-umwelt","category-politik","category-pressemitteilungen","tag-gemeinwohllobby","tag-gesellschaftsfairtrag","tag-verfassunggebende-versammlung"],"yoast_head":"<!-- This site is optimized with the Yoast SEO plugin v27.1.1 - https:\/\/yoast.com\/product\/yoast-seo-wordpress\/ -->\n<title>Wir schreiben einen neuen GesellschaftsFAIRtrag<\/title>\n<meta name=\"description\" content=\"Die Verfassunggebende Versammlung konstituiert sich. Deutschland ist kein Vorbild: Gegen die Bundesrepublik laufen 76 EU-Vertragsverletzungsverfahren,\" \/>\n<meta name=\"robots\" content=\"index, follow, max-snippet:-1, max-image-preview:large, max-video-preview:-1\" \/>\n<link rel=\"canonical\" href=\"https:\/\/www.pressenza.com\/de\/2020\/12\/wir-schreiben-einen-neuen-gesellschaftsfairtrag\/\" \/>\n<meta property=\"og:locale\" content=\"de_DE\" \/>\n<meta property=\"og:type\" content=\"article\" \/>\n<meta property=\"og:title\" content=\"Wir schreiben einen neuen GesellschaftsFAIRtrag\" \/>\n<meta property=\"og:description\" content=\"Die Verfassunggebende Versammlung konstituiert sich. Deutschland ist kein Vorbild: Gegen die Bundesrepublik laufen 76 EU-Vertragsverletzungsverfahren,\" \/>\n<meta property=\"og:url\" content=\"https:\/\/www.pressenza.com\/de\/2020\/12\/wir-schreiben-einen-neuen-gesellschaftsfairtrag\/\" \/>\n<meta property=\"og:site_name\" content=\"Pressenza\" \/>\n<meta property=\"article:publisher\" content=\"https:\/\/www.facebook.com\/PressenzaItalia\" \/>\n<meta property=\"article:author\" content=\"https:\/\/www.facebook.com\/Pressenza-Deutschland-sterreich-Schweiz-281675388658060\/timeline\/\" \/>\n<meta property=\"article:published_time\" content=\"2020-12-17T14:03:44+00:00\" \/>\n<meta property=\"article:modified_time\" content=\"2020-12-19T08:18:55+00:00\" \/>\n<meta property=\"og:image\" content=\"https:\/\/www.pressenza.com\/wp-content\/uploads\/2020\/12\/GemeinwohlLobby-720x398-1.jpg\" \/>\n\t<meta property=\"og:image:width\" content=\"720\" \/>\n\t<meta property=\"og:image:height\" content=\"398\" \/>\n\t<meta property=\"og:image:type\" content=\"image\/jpeg\" \/>\n<meta name=\"author\" content=\"Pressenza Berlin\" \/>\n<meta name=\"twitter:card\" content=\"summary_large_image\" \/>\n<meta name=\"twitter:creator\" content=\"@pressenza_ger\" \/>\n<meta name=\"twitter:site\" content=\"@PressenzaIPA\" \/>\n<meta name=\"twitter:label1\" content=\"Verfasst von\" \/>\n\t<meta name=\"twitter:data1\" content=\"Pressenza Berlin\" \/>\n\t<meta name=\"twitter:label2\" content=\"Gesch\u00e4tzte Lesezeit\" \/>\n\t<meta name=\"twitter:data2\" content=\"3\u00a0Minuten\" \/>\n<script type=\"application\/ld+json\" class=\"yoast-schema-graph\">{\"@context\":\"https:\/\/schema.org\",\"@graph\":[{\"@type\":\"Article\",\"@id\":\"https:\/\/www.pressenza.com\/de\/2020\/12\/wir-schreiben-einen-neuen-gesellschaftsfairtrag\/#article\",\"isPartOf\":{\"@id\":\"https:\/\/www.pressenza.com\/de\/2020\/12\/wir-schreiben-einen-neuen-gesellschaftsfairtrag\/\"},\"author\":{\"name\":\"Pressenza Berlin\",\"@id\":\"https:\/\/www.pressenza.com\/de\/#\/schema\/person\/57bb5480943a496a7722b0248e4b658a\"},\"headline\":\"Wir schreiben einen neuen GesellschaftsFAIRtrag\",\"datePublished\":\"2020-12-17T14:03:44+00:00\",\"dateModified\":\"2020-12-19T08:18:55+00:00\",\"mainEntityOfPage\":{\"@id\":\"https:\/\/www.pressenza.com\/de\/2020\/12\/wir-schreiben-einen-neuen-gesellschaftsfairtrag\/\"},\"wordCount\":642,\"publisher\":{\"@id\":\"https:\/\/www.pressenza.com\/de\/#organization\"},\"image\":{\"@id\":\"https:\/\/www.pressenza.com\/de\/2020\/12\/wir-schreiben-einen-neuen-gesellschaftsfairtrag\/#primaryimage\"},\"thumbnailUrl\":\"https:\/\/www.pressenza.com\/wp-content\/uploads\/2020\/12\/GemeinwohlLobby-720x398-1.jpg\",\"keywords\":[\"GemeinwohlLobby\",\"GesellschaftsFAIRtrag\",\"Verfassunggebende Versammlung\"],\"articleSection\":[\"Europa\",\"\u00d6kologie und Umwelt\",\"Politik\",\"Pressemitteilungen\"],\"inLanguage\":\"de\"},{\"@type\":\"WebPage\",\"@id\":\"https:\/\/www.pressenza.com\/de\/2020\/12\/wir-schreiben-einen-neuen-gesellschaftsfairtrag\/\",\"url\":\"https:\/\/www.pressenza.com\/de\/2020\/12\/wir-schreiben-einen-neuen-gesellschaftsfairtrag\/\",\"name\":\"Wir schreiben einen neuen GesellschaftsFAIRtrag\",\"isPartOf\":{\"@id\":\"https:\/\/www.pressenza.com\/de\/#website\"},\"primaryImageOfPage\":{\"@id\":\"https:\/\/www.pressenza.com\/de\/2020\/12\/wir-schreiben-einen-neuen-gesellschaftsfairtrag\/#primaryimage\"},\"image\":{\"@id\":\"https:\/\/www.pressenza.com\/de\/2020\/12\/wir-schreiben-einen-neuen-gesellschaftsfairtrag\/#primaryimage\"},\"thumbnailUrl\":\"https:\/\/www.pressenza.com\/wp-content\/uploads\/2020\/12\/GemeinwohlLobby-720x398-1.jpg\",\"datePublished\":\"2020-12-17T14:03:44+00:00\",\"dateModified\":\"2020-12-19T08:18:55+00:00\",\"description\":\"Die Verfassunggebende Versammlung konstituiert sich. Deutschland ist kein Vorbild: Gegen die Bundesrepublik laufen 76 EU-Vertragsverletzungsverfahren,\",\"breadcrumb\":{\"@id\":\"https:\/\/www.pressenza.com\/de\/2020\/12\/wir-schreiben-einen-neuen-gesellschaftsfairtrag\/#breadcrumb\"},\"inLanguage\":\"de\",\"potentialAction\":[{\"@type\":\"ReadAction\",\"target\":[\"https:\/\/www.pressenza.com\/de\/2020\/12\/wir-schreiben-einen-neuen-gesellschaftsfairtrag\/\"]}]},{\"@type\":\"ImageObject\",\"inLanguage\":\"de\",\"@id\":\"https:\/\/www.pressenza.com\/de\/2020\/12\/wir-schreiben-einen-neuen-gesellschaftsfairtrag\/#primaryimage\",\"url\":\"https:\/\/www.pressenza.com\/wp-content\/uploads\/2020\/12\/GemeinwohlLobby-720x398-1.jpg\",\"contentUrl\":\"https:\/\/www.pressenza.com\/wp-content\/uploads\/2020\/12\/GemeinwohlLobby-720x398-1.jpg\",\"width\":720,\"height\":398,\"caption\":\"Wir schreiben einen neuen GesellschaftsFAIRtrag\"},{\"@type\":\"BreadcrumbList\",\"@id\":\"https:\/\/www.pressenza.com\/de\/2020\/12\/wir-schreiben-einen-neuen-gesellschaftsfairtrag\/#breadcrumb\",\"itemListElement\":[{\"@type\":\"ListItem\",\"position\":1,\"name\":\"Accueil\",\"item\":\"https:\/\/www.pressenza.com\/de\/\"},{\"@type\":\"ListItem\",\"position\":2,\"name\":\"Wir schreiben einen neuen GesellschaftsFAIRtrag\"}]},{\"@type\":\"WebSite\",\"@id\":\"https:\/\/www.pressenza.com\/de\/#website\",\"url\":\"https:\/\/www.pressenza.com\/de\/\",\"name\":\"Pressenza\",\"description\":\"International Press Agency\",\"publisher\":{\"@id\":\"https:\/\/www.pressenza.com\/de\/#organization\"},\"potentialAction\":[{\"@type\":\"SearchAction\",\"target\":{\"@type\":\"EntryPoint\",\"urlTemplate\":\"https:\/\/www.pressenza.com\/de\/?s={search_term_string}\"},\"query-input\":{\"@type\":\"PropertyValueSpecification\",\"valueRequired\":true,\"valueName\":\"search_term_string\"}}],\"inLanguage\":\"de\"},{\"@type\":\"Organization\",\"@id\":\"https:\/\/www.pressenza.com\/de\/#organization\",\"name\":\"Pressenza\",\"url\":\"https:\/\/www.pressenza.com\/de\/\",\"logo\":{\"@type\":\"ImageObject\",\"inLanguage\":\"de\",\"@id\":\"https:\/\/www.pressenza.com\/de\/#\/schema\/logo\/image\/\",\"url\":\"https:\/\/www.pressenza.com\/wp-content\/uploads\/2022\/10\/pressenza_logo_200x200.jpg\",\"contentUrl\":\"https:\/\/www.pressenza.com\/wp-content\/uploads\/2022\/10\/pressenza_logo_200x200.jpg\",\"width\":200,\"height\":200,\"caption\":\"Pressenza\"},\"image\":{\"@id\":\"https:\/\/www.pressenza.com\/de\/#\/schema\/logo\/image\/\"},\"sameAs\":[\"https:\/\/www.facebook.com\/PressenzaItalia\",\"https:\/\/x.com\/PressenzaIPA\"]},{\"@type\":\"Person\",\"@id\":\"https:\/\/www.pressenza.com\/de\/#\/schema\/person\/57bb5480943a496a7722b0248e4b658a\",\"name\":\"Pressenza Berlin\",\"description\":\"News from the Pressenza Bureau in Berlin, Germany\",\"sameAs\":[\"https:\/\/www.facebook.com\/Pressenza-Deutschland-sterreich-Schweiz-281675388658060\/timeline\/\",\"https:\/\/x.com\/pressenza_ger\"],\"url\":\"https:\/\/www.pressenza.com\/de\/author\/pressenza-berlin\/\"}]}<\/script>\n<!-- \/ Yoast SEO plugin. -->","yoast_head_json":{"title":"Wir schreiben einen neuen GesellschaftsFAIRtrag","description":"Die Verfassunggebende Versammlung konstituiert sich. Deutschland ist kein Vorbild: Gegen die Bundesrepublik laufen 76 EU-Vertragsverletzungsverfahren,","robots":{"index":"index","follow":"follow","max-snippet":"max-snippet:-1","max-image-preview":"max-image-preview:large","max-video-preview":"max-video-preview:-1"},"canonical":"https:\/\/www.pressenza.com\/de\/2020\/12\/wir-schreiben-einen-neuen-gesellschaftsfairtrag\/","og_locale":"de_DE","og_type":"article","og_title":"Wir schreiben einen neuen GesellschaftsFAIRtrag","og_description":"Die Verfassunggebende Versammlung konstituiert sich. Deutschland ist kein Vorbild: Gegen die Bundesrepublik laufen 76 EU-Vertragsverletzungsverfahren,","og_url":"https:\/\/www.pressenza.com\/de\/2020\/12\/wir-schreiben-einen-neuen-gesellschaftsfairtrag\/","og_site_name":"Pressenza","article_publisher":"https:\/\/www.facebook.com\/PressenzaItalia","article_author":"https:\/\/www.facebook.com\/Pressenza-Deutschland-sterreich-Schweiz-281675388658060\/timeline\/","article_published_time":"2020-12-17T14:03:44+00:00","article_modified_time":"2020-12-19T08:18:55+00:00","og_image":[{"width":720,"height":398,"url":"https:\/\/www.pressenza.com\/wp-content\/uploads\/2020\/12\/GemeinwohlLobby-720x398-1.jpg","type":"image\/jpeg"}],"author":"Pressenza Berlin","twitter_card":"summary_large_image","twitter_creator":"@pressenza_ger","twitter_site":"@PressenzaIPA","twitter_misc":{"Verfasst von":"Pressenza Berlin","Gesch\u00e4tzte Lesezeit":"3\u00a0Minuten"},"schema":{"@context":"https:\/\/schema.org","@graph":[{"@type":"Article","@id":"https:\/\/www.pressenza.com\/de\/2020\/12\/wir-schreiben-einen-neuen-gesellschaftsfairtrag\/#article","isPartOf":{"@id":"https:\/\/www.pressenza.com\/de\/2020\/12\/wir-schreiben-einen-neuen-gesellschaftsfairtrag\/"},"author":{"name":"Pressenza Berlin","@id":"https:\/\/www.pressenza.com\/de\/#\/schema\/person\/57bb5480943a496a7722b0248e4b658a"},"headline":"Wir schreiben einen neuen GesellschaftsFAIRtrag","datePublished":"2020-12-17T14:03:44+00:00","dateModified":"2020-12-19T08:18:55+00:00","mainEntityOfPage":{"@id":"https:\/\/www.pressenza.com\/de\/2020\/12\/wir-schreiben-einen-neuen-gesellschaftsfairtrag\/"},"wordCount":642,"publisher":{"@id":"https:\/\/www.pressenza.com\/de\/#organization"},"image":{"@id":"https:\/\/www.pressenza.com\/de\/2020\/12\/wir-schreiben-einen-neuen-gesellschaftsfairtrag\/#primaryimage"},"thumbnailUrl":"https:\/\/www.pressenza.com\/wp-content\/uploads\/2020\/12\/GemeinwohlLobby-720x398-1.jpg","keywords":["GemeinwohlLobby","GesellschaftsFAIRtrag","Verfassunggebende Versammlung"],"articleSection":["Europa","\u00d6kologie und Umwelt","Politik","Pressemitteilungen"],"inLanguage":"de"},{"@type":"WebPage","@id":"https:\/\/www.pressenza.com\/de\/2020\/12\/wir-schreiben-einen-neuen-gesellschaftsfairtrag\/","url":"https:\/\/www.pressenza.com\/de\/2020\/12\/wir-schreiben-einen-neuen-gesellschaftsfairtrag\/","name":"Wir schreiben einen neuen GesellschaftsFAIRtrag","isPartOf":{"@id":"https:\/\/www.pressenza.com\/de\/#website"},"primaryImageOfPage":{"@id":"https:\/\/www.pressenza.com\/de\/2020\/12\/wir-schreiben-einen-neuen-gesellschaftsfairtrag\/#primaryimage"},"image":{"@id":"https:\/\/www.pressenza.com\/de\/2020\/12\/wir-schreiben-einen-neuen-gesellschaftsfairtrag\/#primaryimage"},"thumbnailUrl":"https:\/\/www.pressenza.com\/wp-content\/uploads\/2020\/12\/GemeinwohlLobby-720x398-1.jpg","datePublished":"2020-12-17T14:03:44+00:00","dateModified":"2020-12-19T08:18:55+00:00","description":"Die Verfassunggebende Versammlung konstituiert sich. Deutschland ist kein Vorbild: Gegen die Bundesrepublik laufen 76 EU-Vertragsverletzungsverfahren,","breadcrumb":{"@id":"https:\/\/www.pressenza.com\/de\/2020\/12\/wir-schreiben-einen-neuen-gesellschaftsfairtrag\/#breadcrumb"},"inLanguage":"de","potentialAction":[{"@type":"ReadAction","target":["https:\/\/www.pressenza.com\/de\/2020\/12\/wir-schreiben-einen-neuen-gesellschaftsfairtrag\/"]}]},{"@type":"ImageObject","inLanguage":"de","@id":"https:\/\/www.pressenza.com\/de\/2020\/12\/wir-schreiben-einen-neuen-gesellschaftsfairtrag\/#primaryimage","url":"https:\/\/www.pressenza.com\/wp-content\/uploads\/2020\/12\/GemeinwohlLobby-720x398-1.jpg","contentUrl":"https:\/\/www.pressenza.com\/wp-content\/uploads\/2020\/12\/GemeinwohlLobby-720x398-1.jpg","width":720,"height":398,"caption":"Wir schreiben einen neuen GesellschaftsFAIRtrag"},{"@type":"BreadcrumbList","@id":"https:\/\/www.pressenza.com\/de\/2020\/12\/wir-schreiben-einen-neuen-gesellschaftsfairtrag\/#breadcrumb","itemListElement":[{"@type":"ListItem","position":1,"name":"Accueil","item":"https:\/\/www.pressenza.com\/de\/"},{"@type":"ListItem","position":2,"name":"Wir schreiben einen neuen GesellschaftsFAIRtrag"}]},{"@type":"WebSite","@id":"https:\/\/www.pressenza.com\/de\/#website","url":"https:\/\/www.pressenza.com\/de\/","name":"Pressenza","description":"International Press Agency","publisher":{"@id":"https:\/\/www.pressenza.com\/de\/#organization"},"potentialAction":[{"@type":"SearchAction","target":{"@type":"EntryPoint","urlTemplate":"https:\/\/www.pressenza.com\/de\/?s={search_term_string}"},"query-input":{"@type":"PropertyValueSpecification","valueRequired":true,"valueName":"search_term_string"}}],"inLanguage":"de"},{"@type":"Organization","@id":"https:\/\/www.pressenza.com\/de\/#organization","name":"Pressenza","url":"https:\/\/www.pressenza.com\/de\/","logo":{"@type":"ImageObject","inLanguage":"de","@id":"https:\/\/www.pressenza.com\/de\/#\/schema\/logo\/image\/","url":"https:\/\/www.pressenza.com\/wp-content\/uploads\/2022\/10\/pressenza_logo_200x200.jpg","contentUrl":"https:\/\/www.pressenza.com\/wp-content\/uploads\/2022\/10\/pressenza_logo_200x200.jpg","width":200,"height":200,"caption":"Pressenza"},"image":{"@id":"https:\/\/www.pressenza.com\/de\/#\/schema\/logo\/image\/"},"sameAs":["https:\/\/www.facebook.com\/PressenzaItalia","https:\/\/x.com\/PressenzaIPA"]},{"@type":"Person","@id":"https:\/\/www.pressenza.com\/de\/#\/schema\/person\/57bb5480943a496a7722b0248e4b658a","name":"Pressenza Berlin","description":"News from the Pressenza Bureau in Berlin, Germany","sameAs":["https:\/\/www.facebook.com\/Pressenza-Deutschland-sterreich-Schweiz-281675388658060\/timeline\/","https:\/\/x.com\/pressenza_ger"],"url":"https:\/\/www.pressenza.com\/de\/author\/pressenza-berlin\/"}]}},"place":"","original_article_url":"","_links":{"self":[{"href":"https:\/\/www.pressenza.com\/de\/wp-json\/wp\/v2\/posts\/1263000","targetHints":{"allow":["GET"]}}],"collection":[{"href":"https:\/\/www.pressenza.com\/de\/wp-json\/wp\/v2\/posts"}],"about":[{"href":"https:\/\/www.pressenza.com\/de\/wp-json\/wp\/v2\/types\/post"}],"author":[{"embeddable":true,"href":"https:\/\/www.pressenza.com\/de\/wp-json\/wp\/v2\/users\/1095"}],"replies":[{"embeddable":true,"href":"https:\/\/www.pressenza.com\/de\/wp-json\/wp\/v2\/comments?post=1263000"}],"version-history":[{"count":0,"href":"https:\/\/www.pressenza.com\/de\/wp-json\/wp\/v2\/posts\/1263000\/revisions"}],"wp:featuredmedia":[{"embeddable":true,"href":"https:\/\/www.pressenza.com\/de\/wp-json\/wp\/v2\/media\/1263003"}],"wp:attachment":[{"href":"https:\/\/www.pressenza.com\/de\/wp-json\/wp\/v2\/media?parent=1263000"}],"wp:term":[{"taxonomy":"category","embeddable":true,"href":"https:\/\/www.pressenza.com\/de\/wp-json\/wp\/v2\/categories?post=1263000"},{"taxonomy":"post_tag","embeddable":true,"href":"https:\/\/www.pressenza.com\/de\/wp-json\/wp\/v2\/tags?post=1263000"}],"curies":[{"name":"wp","href":"https:\/\/api.w.org\/{rel}","templated":true}]}}