{"id":1256491,"date":"2020-12-07T15:44:54","date_gmt":"2020-12-07T15:44:54","guid":{"rendered":"https:\/\/www.pressenza.com\/?p=1256491"},"modified":"2020-12-07T15:44:54","modified_gmt":"2020-12-07T15:44:54","slug":"hacklerpension-45-jahre-sind-genug","status":"publish","type":"post","link":"https:\/\/www.pressenza.com\/de\/2020\/12\/hacklerpension-45-jahre-sind-genug\/","title":{"rendered":"Hacklerpension: 45 Jahre sind genug!"},"content":{"rendered":"<p><em><strong>Die Solidarwerkstatt \u00d6sterreich lehnt die Abschaffung der abschlagsfreien Hacklerpension entschieden ab. Den sog. Fr\u00fchstarter-Bonus gegen die Hacklerpension auszuspielen, ist ein billiges Ablenkungsman\u00f6ver, um weiteren Sozialabbau durchzusetzen.<\/strong><br \/>\n<\/em><\/p>\n<p>Bei\u00a0Nationalratssitzung\u00a0im November hatdie t\u00fcrkis-gr\u00fcne Regierung die abschlagsfreie Hacklerpension abgeschafft. Die Hacklerregelung, die im koalitionsfreien Raum Mitte 2019 wieder eingef\u00fchrt wurde, bedeutet, dass es m\u00f6glich ist, ab dem 62. Lebensjahr bei 45 Beitragsjahren (also \u00fcber der Geringf\u00fcgigkeit) abschlagsfrei in Pension zu gehen. Davor gab es kr\u00e4ftige Abschl\u00e4ge: 4,2 Prozent pro Jahr, bei 3 Jahren vor dem 65. Lebensjahr sind es insgesamt 12,6 Prozent (1).<\/p>\n<p>Finanzminister Bl\u00fcmel hat bei der der Budgetrede im Oktober bereits angek\u00fcndigt, dass die Regierung bald wieder in Richtung Austerit\u00e4t und Sozialabbau umschwenken wolle:\u00a0<em>\u201eKurzfristig Keynes, langfristig Hayek\u201c<\/em>\u00a0(2), so das Credo des t\u00fcrkisen Finanzministers. Auch die EU-Kommission hat Anfang im September in einem <a href=\"https:\/\/www.solidarwerkstatt.at\/arbeit-wirtschaft\/die-krise-nutzen\">technischen Papier<\/a> die Regierungen der EU-Staaten gebrieft, wie sie unter Ausnutzung des \u201eEU-Wiederaufbaufonds\u201c m\u00f6glichst effizient neoliberale \u201eReformen\u201c durchzusetzen k\u00f6nnen \u2013 insbesondere im Pensionsbereich. Gerade die \u201eHacklerpension\u201c war wiederholt von der EU-Kommission im Rahmen des\u00a0<a href=\"https:\/\/www.solidarwerkstatt.at\/soziales-bildung\/neue-studie-bestaetigt-eu-kommission-als-motor-des-gesundheits-und-sozialabbaus\">\u201eeurop\u00e4ischen Semesters\u201c<\/a>\u00a0kritisiert worden.<\/p>\n<h5><strong>Fadenscheinige Begr\u00fcndung<\/strong><\/h5>\n<p>Bundeskanzler Kurz und die gr\u00fcne Klubobfrau Sigrid Maurer begr\u00fcndeten den Angriff auf die Hacklerpension damit, dass diese frauenfeindlich sei, weil Frauen aufgrund des niedrigeren Pensionsantrittsalters derzeit die Hacklerregelung nicht in Anspruch nehmen k\u00f6nnen. Das ist fadenscheinig. Aufgrund der Angleichung des Pensionsantrittsalters f\u00fcr Frauen an das der M\u00e4nner, w\u00fcrden in einigen Jahre auch Frauen voll von der Hacklerregelung profitieren k\u00f6nnen. Konkret betrifft das alle Frauen, die ab dem 2.6.1968 geboren sind. F\u00fcr Frauen sind 40 Arbeitsjahre erforderlich, 60 Monate Kindererziehungszeiten k\u00f6nnen angerechnet werden.<\/p>\n<p>Wenn Kurz und Maurer tats\u00e4chlich eine frauenfreundliche Reform des Pensionssystem ein Anliegen ist, dann k\u00f6nnten sie das sofort tun, indem sie jene Verschlechterungen der VP-FP-Pensionsreformen zur\u00fcckzunehmen, durch die Frauen besonders unter die R\u00e4der kommen; insbesondere betrifft das die Ausdehnung des Durchrechnungszeitraums auf das gesamte Arbeitsleben.\u00a0Die Folgen dieses Pensionsraubs : Unter den gleichen Voraussetzungen wird ein Mann in 20 Jahren rund 17% weniger Pension erhalten, eine Frau dagegen 36% weniger (3).<\/p>\n<h5><strong>Ablenkungsman\u00f6ver Fr\u00fchstarter-Bonus\u00a0<\/strong><\/h5>\n<p>Doch davon, dieses unselige Erbe der schwarz-blauen Regierung abzusch\u00fctteln, will t\u00fcrkis-gr\u00fcn nichts wissen. Stattdessen soll ein sog. \u201eFr\u00fchstarter-Bonus\u201c kommen. D.h. all jene, die zwischen dem 15. und 20. Lebensjahr zumindest 12 Monate sozialversichert besch\u00e4ftigt waren und zumindest 25 Jahre Versicherungsbeitr\u00e4ge geleistet haben, sollen bis zu maximal 60 Euro zus\u00e4tzlich im Monat an Pension bekommen (1 Euro pro Beitragsmonat zwischen 15 und 20). Dagegen spricht grunds\u00e4tzlich nichts, es ist aber ein billiges Ablenkungsman\u00f6ver, das gegen die Hacklerpension auszuspielen. Hier handelt es sich um zwei v\u00f6llig unterschiedliche Regelungen. Die abschlagsfreie Hacklerpension mit 62 geb\u00fchrt Menschen, die 45 Jahre gearbeitet und Sozialversicherungsbeitr\u00e4ge einbezahlt haben. Viele von ihnen sind am Ende ihrer Leistungsf\u00e4higkeit. Diese Menschen, die soviel f\u00fcr die Gesellschaft erbracht haben, sollen nun vor die Alternative gestellt werden: Entweder 12,6% Abschl\u00e4ge hinzunehmen &#8211; was<a href=\"https:\/\/www.proge.at\/cms\/P01\/P01_0.a\/1342639646328\/home\/abschaffung-der-hacklerregelung-neu-ist-nichts-anderes-als-pensionsraub\"> laut PROGE<\/a> ein Vielfaches des Fr\u00fchstarterbonus ausmacht\u00a0 &#8211; oder weiterzuhackeln und dann wahrscheinlich erst recht um viel Pension &#8211; im wahrsten Sinn des Wortes &#8211; zu sterben, denn nach einem derart langem, oftmals auszehrenden Arbeitsleben \u00fcberleben viele nicht mehr lange den Pensionsantritt mit 65 Jahren.<\/p>\n<p>Es bleibt daher dabei: <strong>45 Jahre sind genug!<\/strong>\u00a0Menschen, die so lange gearbeitet haben, jetzt auch noch mit saftigen Abschl\u00e4gen zu bestrafen, ist schlicht und einfach sch\u00e4big.<\/p>\n<p><a href=\"https:\/\/www.solidarwerkstatt.at\/soziales-bildung\/hacklerpension-45-jahre-sind-genug\"><em>Original-Pressemitteilung<\/em><\/a><\/p>\n<p><em>&gt;&gt;&gt; Petition der Gewerkschaft PROGE \u201e45 Jahre sind genug!\u201c \u00dcber 110.000 Menschen haben diese Forderung bereits unterst\u00fctzt. Hier <a href=\"https:\/\/45-jahre-sind-genug.at\/\">online unterschreiben!<\/a><\/em><\/p>\n<p>Quellen:<\/p>\n<ol>\n<li>N\u00e4here Informationen:\u00a0<a href=\"https:\/\/kompetenz-online.at\/2019\/09\/26\/faktencheck-nach-45-jahren-abschlagsfrei-in-pension\/\">https:\/\/kompetenz-online.at\/2019\/09\/26\/faktencheck-nach-45-jahren-abschlagsfrei-in-pension\/<\/a><\/li>\n<li>Friedrich August von Hayek ist einer der S\u00e4ulenheiligen des Neoliberalismus. Der in \u00d6sterreich geborene \u00d6konom war getrieben vom Hass auf Sozialstaat und Gewerkschaften. Daher unterst\u00fctzten Hayek und seine \u201eChicago Boys\u201c auch den faschistischen Diktator Pinochet in Chile, der mit Terror die neoliberalen Ideen Hayeks verwirklichte.<\/li>\n<li>Quelle:\u00a0<a href=\"https:\/\/www.derstandard.at\/story\/2000054237952\/schuessel-reform-der-pensionsschock-kommt-auf-jeden-fall\">https:\/\/www.derstandard.at\/story\/2000054237952\/schuessel-reform-der-pensionsschock-kommt-auf-jeden-fall<\/a>).<\/li>\n<\/ol>\n","protected":false},"excerpt":{"rendered":"<p>Die Solidarwerkstatt \u00d6sterreich lehnt die Abschaffung der abschlagsfreien Hacklerpension entschieden ab. Den sog. Fr\u00fchstarter-Bonus gegen die Hacklerpension auszuspielen, ist ein billiges Ablenkungsman\u00f6ver, um weiteren Sozialabbau durchzusetzen. Bei\u00a0Nationalratssitzung\u00a0im November hatdie t\u00fcrkis-gr\u00fcne Regierung die abschlagsfreie Hacklerpension abgeschafft. Die Hacklerregelung, die im koalitionsfreien&hellip;<\/p>\n","protected":false},"author":1096,"featured_media":1256494,"comment_status":"closed","ping_status":"closed","sticky":false,"template":"","format":"standard","meta":{"footnotes":""},"categories":[9168,9145],"tags":[84866,84867,31347],"class_list":["post-1256491","post","type-post","status-publish","format-standard","has-post-thumbnail","hentry","category-politik","category-pressemitteilungen","tag-hacklerregelung","tag-pensionen","tag-sozialabbau"],"yoast_head":"<!-- This site is optimized with the Yoast SEO plugin v27.1.1 - https:\/\/yoast.com\/product\/yoast-seo-wordpress\/ -->\n<title>Hacklerpension: 45 Jahre sind genug!<\/title>\n<meta name=\"description\" content=\"Die Solidarwerkstatt \u00d6sterreich lehnt die Abschaffung der abschlagsfreien Hacklerpension entschieden ab. Den sog. Fr\u00fchstarter-Bonus gegen die\" \/>\n<meta name=\"robots\" content=\"index, follow, max-snippet:-1, max-image-preview:large, max-video-preview:-1\" \/>\n<link rel=\"canonical\" href=\"https:\/\/www.pressenza.com\/de\/2020\/12\/hacklerpension-45-jahre-sind-genug\/\" \/>\n<meta property=\"og:locale\" content=\"de_DE\" \/>\n<meta property=\"og:type\" content=\"article\" \/>\n<meta property=\"og:title\" content=\"Hacklerpension: 45 Jahre sind genug!\" \/>\n<meta property=\"og:description\" content=\"Die Solidarwerkstatt \u00d6sterreich lehnt die Abschaffung der abschlagsfreien Hacklerpension entschieden ab. Den sog. Fr\u00fchstarter-Bonus gegen die\" \/>\n<meta property=\"og:url\" content=\"https:\/\/www.pressenza.com\/de\/2020\/12\/hacklerpension-45-jahre-sind-genug\/\" \/>\n<meta property=\"og:site_name\" content=\"Pressenza\" \/>\n<meta property=\"article:publisher\" content=\"https:\/\/www.facebook.com\/PressenzaItalia\" \/>\n<meta property=\"article:published_time\" content=\"2020-12-07T15:44:54+00:00\" \/>\n<meta property=\"og:image\" content=\"https:\/\/www.pressenza.com\/wp-content\/uploads\/2020\/12\/343D63FC-F76A-47F0-B68C-C1BC0B8DE1B3.jpeg\" \/>\n\t<meta property=\"og:image:width\" content=\"1920\" \/>\n\t<meta property=\"og:image:height\" content=\"930\" \/>\n\t<meta property=\"og:image:type\" content=\"image\/jpeg\" \/>\n<meta name=\"author\" content=\"Pressenza Wien\" \/>\n<meta name=\"twitter:card\" content=\"summary_large_image\" \/>\n<meta name=\"twitter:creator\" content=\"@pressenza_ger\" \/>\n<meta name=\"twitter:site\" content=\"@PressenzaIPA\" \/>\n<meta name=\"twitter:label1\" content=\"Verfasst von\" \/>\n\t<meta name=\"twitter:data1\" content=\"Pressenza Wien\" \/>\n\t<meta name=\"twitter:label2\" content=\"Gesch\u00e4tzte Lesezeit\" \/>\n\t<meta name=\"twitter:data2\" content=\"3\u00a0Minuten\" \/>\n<script type=\"application\/ld+json\" class=\"yoast-schema-graph\">{\"@context\":\"https:\/\/schema.org\",\"@graph\":[{\"@type\":\"Article\",\"@id\":\"https:\/\/www.pressenza.com\/de\/2020\/12\/hacklerpension-45-jahre-sind-genug\/#article\",\"isPartOf\":{\"@id\":\"https:\/\/www.pressenza.com\/de\/2020\/12\/hacklerpension-45-jahre-sind-genug\/\"},\"author\":{\"name\":\"Pressenza Wien\",\"@id\":\"https:\/\/www.pressenza.com\/de\/#\/schema\/person\/3df859e5bf9b19ab936f666e0177e38b\"},\"headline\":\"Hacklerpension: 45 Jahre sind genug!\",\"datePublished\":\"2020-12-07T15:44:54+00:00\",\"mainEntityOfPage\":{\"@id\":\"https:\/\/www.pressenza.com\/de\/2020\/12\/hacklerpension-45-jahre-sind-genug\/\"},\"wordCount\":641,\"publisher\":{\"@id\":\"https:\/\/www.pressenza.com\/de\/#organization\"},\"image\":{\"@id\":\"https:\/\/www.pressenza.com\/de\/2020\/12\/hacklerpension-45-jahre-sind-genug\/#primaryimage\"},\"thumbnailUrl\":\"https:\/\/www.pressenza.com\/wp-content\/uploads\/2020\/12\/343D63FC-F76A-47F0-B68C-C1BC0B8DE1B3.jpeg\",\"keywords\":[\"Hacklerregelung\",\"Pensionen\",\"Sozialabbau\"],\"articleSection\":[\"Politik\",\"Pressemitteilungen\"],\"inLanguage\":\"de\"},{\"@type\":\"WebPage\",\"@id\":\"https:\/\/www.pressenza.com\/de\/2020\/12\/hacklerpension-45-jahre-sind-genug\/\",\"url\":\"https:\/\/www.pressenza.com\/de\/2020\/12\/hacklerpension-45-jahre-sind-genug\/\",\"name\":\"Hacklerpension: 45 Jahre sind genug!\",\"isPartOf\":{\"@id\":\"https:\/\/www.pressenza.com\/de\/#website\"},\"primaryImageOfPage\":{\"@id\":\"https:\/\/www.pressenza.com\/de\/2020\/12\/hacklerpension-45-jahre-sind-genug\/#primaryimage\"},\"image\":{\"@id\":\"https:\/\/www.pressenza.com\/de\/2020\/12\/hacklerpension-45-jahre-sind-genug\/#primaryimage\"},\"thumbnailUrl\":\"https:\/\/www.pressenza.com\/wp-content\/uploads\/2020\/12\/343D63FC-F76A-47F0-B68C-C1BC0B8DE1B3.jpeg\",\"datePublished\":\"2020-12-07T15:44:54+00:00\",\"description\":\"Die Solidarwerkstatt \u00d6sterreich lehnt die Abschaffung der abschlagsfreien Hacklerpension entschieden ab. Den sog. Fr\u00fchstarter-Bonus gegen die\",\"breadcrumb\":{\"@id\":\"https:\/\/www.pressenza.com\/de\/2020\/12\/hacklerpension-45-jahre-sind-genug\/#breadcrumb\"},\"inLanguage\":\"de\",\"potentialAction\":[{\"@type\":\"ReadAction\",\"target\":[\"https:\/\/www.pressenza.com\/de\/2020\/12\/hacklerpension-45-jahre-sind-genug\/\"]}]},{\"@type\":\"ImageObject\",\"inLanguage\":\"de\",\"@id\":\"https:\/\/www.pressenza.com\/de\/2020\/12\/hacklerpension-45-jahre-sind-genug\/#primaryimage\",\"url\":\"https:\/\/www.pressenza.com\/wp-content\/uploads\/2020\/12\/343D63FC-F76A-47F0-B68C-C1BC0B8DE1B3.jpeg\",\"contentUrl\":\"https:\/\/www.pressenza.com\/wp-content\/uploads\/2020\/12\/343D63FC-F76A-47F0-B68C-C1BC0B8DE1B3.jpeg\",\"width\":1920,\"height\":930},{\"@type\":\"BreadcrumbList\",\"@id\":\"https:\/\/www.pressenza.com\/de\/2020\/12\/hacklerpension-45-jahre-sind-genug\/#breadcrumb\",\"itemListElement\":[{\"@type\":\"ListItem\",\"position\":1,\"name\":\"Accueil\",\"item\":\"https:\/\/www.pressenza.com\/de\/\"},{\"@type\":\"ListItem\",\"position\":2,\"name\":\"Hacklerpension: 45 Jahre sind genug!\"}]},{\"@type\":\"WebSite\",\"@id\":\"https:\/\/www.pressenza.com\/de\/#website\",\"url\":\"https:\/\/www.pressenza.com\/de\/\",\"name\":\"Pressenza\",\"description\":\"International Press Agency\",\"publisher\":{\"@id\":\"https:\/\/www.pressenza.com\/de\/#organization\"},\"potentialAction\":[{\"@type\":\"SearchAction\",\"target\":{\"@type\":\"EntryPoint\",\"urlTemplate\":\"https:\/\/www.pressenza.com\/de\/?s={search_term_string}\"},\"query-input\":{\"@type\":\"PropertyValueSpecification\",\"valueRequired\":true,\"valueName\":\"search_term_string\"}}],\"inLanguage\":\"de\"},{\"@type\":\"Organization\",\"@id\":\"https:\/\/www.pressenza.com\/de\/#organization\",\"name\":\"Pressenza\",\"url\":\"https:\/\/www.pressenza.com\/de\/\",\"logo\":{\"@type\":\"ImageObject\",\"inLanguage\":\"de\",\"@id\":\"https:\/\/www.pressenza.com\/de\/#\/schema\/logo\/image\/\",\"url\":\"https:\/\/www.pressenza.com\/wp-content\/uploads\/2022\/10\/pressenza_logo_200x200.jpg\",\"contentUrl\":\"https:\/\/www.pressenza.com\/wp-content\/uploads\/2022\/10\/pressenza_logo_200x200.jpg\",\"width\":200,\"height\":200,\"caption\":\"Pressenza\"},\"image\":{\"@id\":\"https:\/\/www.pressenza.com\/de\/#\/schema\/logo\/image\/\"},\"sameAs\":[\"https:\/\/www.facebook.com\/PressenzaItalia\",\"https:\/\/x.com\/PressenzaIPA\"]},{\"@type\":\"Person\",\"@id\":\"https:\/\/www.pressenza.com\/de\/#\/schema\/person\/3df859e5bf9b19ab936f666e0177e38b\",\"name\":\"Pressenza Wien\",\"description\":\"News from the Pressenza Bureau in Vienna, Austria\",\"sameAs\":[\"https:\/\/x.com\/pressenza_ger\"],\"url\":\"https:\/\/www.pressenza.com\/de\/author\/pressenza-wien\/\"}]}<\/script>\n<!-- \/ Yoast SEO plugin. -->","yoast_head_json":{"title":"Hacklerpension: 45 Jahre sind genug!","description":"Die Solidarwerkstatt \u00d6sterreich lehnt die Abschaffung der abschlagsfreien Hacklerpension entschieden ab. Den sog. Fr\u00fchstarter-Bonus gegen die","robots":{"index":"index","follow":"follow","max-snippet":"max-snippet:-1","max-image-preview":"max-image-preview:large","max-video-preview":"max-video-preview:-1"},"canonical":"https:\/\/www.pressenza.com\/de\/2020\/12\/hacklerpension-45-jahre-sind-genug\/","og_locale":"de_DE","og_type":"article","og_title":"Hacklerpension: 45 Jahre sind genug!","og_description":"Die Solidarwerkstatt \u00d6sterreich lehnt die Abschaffung der abschlagsfreien Hacklerpension entschieden ab. Den sog. Fr\u00fchstarter-Bonus gegen die","og_url":"https:\/\/www.pressenza.com\/de\/2020\/12\/hacklerpension-45-jahre-sind-genug\/","og_site_name":"Pressenza","article_publisher":"https:\/\/www.facebook.com\/PressenzaItalia","article_published_time":"2020-12-07T15:44:54+00:00","og_image":[{"width":1920,"height":930,"url":"https:\/\/www.pressenza.com\/wp-content\/uploads\/2020\/12\/343D63FC-F76A-47F0-B68C-C1BC0B8DE1B3.jpeg","type":"image\/jpeg"}],"author":"Pressenza Wien","twitter_card":"summary_large_image","twitter_creator":"@pressenza_ger","twitter_site":"@PressenzaIPA","twitter_misc":{"Verfasst von":"Pressenza Wien","Gesch\u00e4tzte Lesezeit":"3\u00a0Minuten"},"schema":{"@context":"https:\/\/schema.org","@graph":[{"@type":"Article","@id":"https:\/\/www.pressenza.com\/de\/2020\/12\/hacklerpension-45-jahre-sind-genug\/#article","isPartOf":{"@id":"https:\/\/www.pressenza.com\/de\/2020\/12\/hacklerpension-45-jahre-sind-genug\/"},"author":{"name":"Pressenza Wien","@id":"https:\/\/www.pressenza.com\/de\/#\/schema\/person\/3df859e5bf9b19ab936f666e0177e38b"},"headline":"Hacklerpension: 45 Jahre sind genug!","datePublished":"2020-12-07T15:44:54+00:00","mainEntityOfPage":{"@id":"https:\/\/www.pressenza.com\/de\/2020\/12\/hacklerpension-45-jahre-sind-genug\/"},"wordCount":641,"publisher":{"@id":"https:\/\/www.pressenza.com\/de\/#organization"},"image":{"@id":"https:\/\/www.pressenza.com\/de\/2020\/12\/hacklerpension-45-jahre-sind-genug\/#primaryimage"},"thumbnailUrl":"https:\/\/www.pressenza.com\/wp-content\/uploads\/2020\/12\/343D63FC-F76A-47F0-B68C-C1BC0B8DE1B3.jpeg","keywords":["Hacklerregelung","Pensionen","Sozialabbau"],"articleSection":["Politik","Pressemitteilungen"],"inLanguage":"de"},{"@type":"WebPage","@id":"https:\/\/www.pressenza.com\/de\/2020\/12\/hacklerpension-45-jahre-sind-genug\/","url":"https:\/\/www.pressenza.com\/de\/2020\/12\/hacklerpension-45-jahre-sind-genug\/","name":"Hacklerpension: 45 Jahre sind genug!","isPartOf":{"@id":"https:\/\/www.pressenza.com\/de\/#website"},"primaryImageOfPage":{"@id":"https:\/\/www.pressenza.com\/de\/2020\/12\/hacklerpension-45-jahre-sind-genug\/#primaryimage"},"image":{"@id":"https:\/\/www.pressenza.com\/de\/2020\/12\/hacklerpension-45-jahre-sind-genug\/#primaryimage"},"thumbnailUrl":"https:\/\/www.pressenza.com\/wp-content\/uploads\/2020\/12\/343D63FC-F76A-47F0-B68C-C1BC0B8DE1B3.jpeg","datePublished":"2020-12-07T15:44:54+00:00","description":"Die Solidarwerkstatt \u00d6sterreich lehnt die Abschaffung der abschlagsfreien Hacklerpension entschieden ab. Den sog. Fr\u00fchstarter-Bonus gegen die","breadcrumb":{"@id":"https:\/\/www.pressenza.com\/de\/2020\/12\/hacklerpension-45-jahre-sind-genug\/#breadcrumb"},"inLanguage":"de","potentialAction":[{"@type":"ReadAction","target":["https:\/\/www.pressenza.com\/de\/2020\/12\/hacklerpension-45-jahre-sind-genug\/"]}]},{"@type":"ImageObject","inLanguage":"de","@id":"https:\/\/www.pressenza.com\/de\/2020\/12\/hacklerpension-45-jahre-sind-genug\/#primaryimage","url":"https:\/\/www.pressenza.com\/wp-content\/uploads\/2020\/12\/343D63FC-F76A-47F0-B68C-C1BC0B8DE1B3.jpeg","contentUrl":"https:\/\/www.pressenza.com\/wp-content\/uploads\/2020\/12\/343D63FC-F76A-47F0-B68C-C1BC0B8DE1B3.jpeg","width":1920,"height":930},{"@type":"BreadcrumbList","@id":"https:\/\/www.pressenza.com\/de\/2020\/12\/hacklerpension-45-jahre-sind-genug\/#breadcrumb","itemListElement":[{"@type":"ListItem","position":1,"name":"Accueil","item":"https:\/\/www.pressenza.com\/de\/"},{"@type":"ListItem","position":2,"name":"Hacklerpension: 45 Jahre sind genug!"}]},{"@type":"WebSite","@id":"https:\/\/www.pressenza.com\/de\/#website","url":"https:\/\/www.pressenza.com\/de\/","name":"Pressenza","description":"International Press Agency","publisher":{"@id":"https:\/\/www.pressenza.com\/de\/#organization"},"potentialAction":[{"@type":"SearchAction","target":{"@type":"EntryPoint","urlTemplate":"https:\/\/www.pressenza.com\/de\/?s={search_term_string}"},"query-input":{"@type":"PropertyValueSpecification","valueRequired":true,"valueName":"search_term_string"}}],"inLanguage":"de"},{"@type":"Organization","@id":"https:\/\/www.pressenza.com\/de\/#organization","name":"Pressenza","url":"https:\/\/www.pressenza.com\/de\/","logo":{"@type":"ImageObject","inLanguage":"de","@id":"https:\/\/www.pressenza.com\/de\/#\/schema\/logo\/image\/","url":"https:\/\/www.pressenza.com\/wp-content\/uploads\/2022\/10\/pressenza_logo_200x200.jpg","contentUrl":"https:\/\/www.pressenza.com\/wp-content\/uploads\/2022\/10\/pressenza_logo_200x200.jpg","width":200,"height":200,"caption":"Pressenza"},"image":{"@id":"https:\/\/www.pressenza.com\/de\/#\/schema\/logo\/image\/"},"sameAs":["https:\/\/www.facebook.com\/PressenzaItalia","https:\/\/x.com\/PressenzaIPA"]},{"@type":"Person","@id":"https:\/\/www.pressenza.com\/de\/#\/schema\/person\/3df859e5bf9b19ab936f666e0177e38b","name":"Pressenza Wien","description":"News from the Pressenza Bureau in Vienna, Austria","sameAs":["https:\/\/x.com\/pressenza_ger"],"url":"https:\/\/www.pressenza.com\/de\/author\/pressenza-wien\/"}]}},"place":"Solidarwerkstatt","original_article_url":"","_links":{"self":[{"href":"https:\/\/www.pressenza.com\/de\/wp-json\/wp\/v2\/posts\/1256491","targetHints":{"allow":["GET"]}}],"collection":[{"href":"https:\/\/www.pressenza.com\/de\/wp-json\/wp\/v2\/posts"}],"about":[{"href":"https:\/\/www.pressenza.com\/de\/wp-json\/wp\/v2\/types\/post"}],"author":[{"embeddable":true,"href":"https:\/\/www.pressenza.com\/de\/wp-json\/wp\/v2\/users\/1096"}],"replies":[{"embeddable":true,"href":"https:\/\/www.pressenza.com\/de\/wp-json\/wp\/v2\/comments?post=1256491"}],"version-history":[{"count":0,"href":"https:\/\/www.pressenza.com\/de\/wp-json\/wp\/v2\/posts\/1256491\/revisions"}],"wp:featuredmedia":[{"embeddable":true,"href":"https:\/\/www.pressenza.com\/de\/wp-json\/wp\/v2\/media\/1256494"}],"wp:attachment":[{"href":"https:\/\/www.pressenza.com\/de\/wp-json\/wp\/v2\/media?parent=1256491"}],"wp:term":[{"taxonomy":"category","embeddable":true,"href":"https:\/\/www.pressenza.com\/de\/wp-json\/wp\/v2\/categories?post=1256491"},{"taxonomy":"post_tag","embeddable":true,"href":"https:\/\/www.pressenza.com\/de\/wp-json\/wp\/v2\/tags?post=1256491"}],"curies":[{"name":"wp","href":"https:\/\/api.w.org\/{rel}","templated":true}]}}