{"id":1251124,"date":"2020-12-02T06:55:49","date_gmt":"2020-12-02T06:55:49","guid":{"rendered":"https:\/\/www.pressenza.com\/?p=1251124"},"modified":"2020-12-02T06:55:49","modified_gmt":"2020-12-02T06:55:49","slug":"die-bausteine-fuer-soziales-verstaendnis","status":"publish","type":"post","link":"https:\/\/www.pressenza.com\/de\/2020\/12\/die-bausteine-fuer-soziales-verstaendnis\/","title":{"rendered":"Die Bausteine f\u00fcr soziales Verst\u00e4ndnis"},"content":{"rendered":"<p><b>Empathie und Perspektiv\u00fcbernahme im menschlichen Gehirn.<\/b><\/p>\n<p><b>Empathie und die Perspektive anderer einnehmen k\u00f6nnen \u2013 durch diese zwei F\u00e4higkeiten sind wir in der Lage nachzuvollziehen, was im Kopf von anderen vor sich geht. Obwohl beide Begriffe st\u00e4ndig im Umlauf sind, ist noch immer unklar, was sie genau beschreiben und was beide Fertigkeiten ausmacht. Wissenschaftler des <i>Max-Planck-Instituts f\u00fcr Kognitions- und Neurowissenschaften<\/i> in Leipzig haben nun gemeinsam mit Kollegen der <i>Oxford University<\/i> und anderer Institutionen eine Vielzahl der bisherigen Studien ausgewertet und ein Erkl\u00e4rungsmodell entwickelt, das zeigt: Es ist nicht eine konkrete Kompetenz, die uns dazu bef\u00e4higt, uns in eine andere Person hineinzuversetzen. Beide F\u00e4higkeiten setzen sich aus vielen Einzelfaktoren zusammen, die sich je nach Situation unterscheiden.<\/b><\/p>\n<p>Zu verstehen, was andere Menschen wollen, wie sie sich f\u00fchlen und wie sie die Welt sehen, wird in unserer komplexen, globalisierten Gesellschaft immer wichtiger. Soziale Kompetenzen erm\u00f6glichen es uns, Freundschaften zu schlie\u00dfen und ein Netzwerk von Menschen zu schaffen, die uns unterst\u00fctzen. Doch nicht jedem f\u00e4llt der Umgang mit anderen Menschen leicht. Ein wesentlicher Grund: Die beiden wichtigsten sozialen Kompetenzen Empathie, also sich in die Emotionen des anderen hineinf\u00fchlen zu k\u00f6nnen, sowie die F\u00e4higkeit zur Perspektiv\u00fcbernahme, also die Pl\u00e4ne und Absichten eines anderen nachvollziehen zu k\u00f6nnen, sind unterschiedlich stark ausgepr\u00e4gt.<\/p>\n<p>Forscher versuchen daher seit langem herauszufinden, was einem dabei hilft, andere zu verstehen. Je mehr man dar\u00fcber wei\u00df, so die Idee, desto besser kann man Menschen helfen, soziale Beziehungen einzugehen. Bislang war es jedoch sehr schwierig genau zu wissen, was das eigentlich ist, Empathie und Perspektiv\u00fcbernahme. Die Emotionen einer Person an ihren Augen ablesen, eine lustige Geschichte verstehen oder die Handlungen einer anderen Person nachvollziehen zu k\u00f6nnen \u2013 im Alltag ergeben sich st\u00e4ndig andere soziale Herausforderungen, die alle diese beiden gro\u00dfen Gesamtkompetenzen erfordern. Im Detail ben\u00f6tigen sie aber jeweils eine Kombination verschiedener einzelner untergeordneter Fertigkeiten. Ist es f\u00fcr die eine Situation notwendig, Blicke und Mimik zu interpretieren, ist es in der anderen eher von N\u00f6ten, den kulturellen Hintergrund des Erz\u00e4hlers mitzudenken oder seine aktuellen Bed\u00fcrfnisse zu kennen.<\/p>\n<p>Bis heute entstanden daher unz\u00e4hlige Studien, die zwar Empathie und Perspektiv\u00fcbernahme jeweils als Ganzes untersuchten. Bislang ungekl\u00e4rt blieb jedoch, was beide Kompetenzen trotz jeweils verschiedener Anforderungen im Kern ausmacht und wo im Gehirn ihre Basis liegt. Philipp Kanske und ein Team internationaler Wissenschaftler haben nun Abhilfe geschaffen und ein umfassendes Erkl\u00e4rungsmodell entwickelt.<\/p>\n<p>&#8222;Das Gehirn besitzt zwei allgemeine F\u00e4higkeiten f\u00fcr das Man\u00f6vrieren in der sozialen Welt. Die Empathie ist gef\u00fchlsbasiert und hilft uns, an den Emotionen des anderen teilzunehmen. Die zweite, die F\u00e4higkeit zum Perspektivwechsel, ist ein komplexer Denkprozess, der dazu dient, sich die Umst\u00e4nde des anderen vorzustellen und dar\u00fcber nachzudenken, was diese Person denken k\u00f6nnte&#8220;, erkl\u00e4rt Philipp Kanske, fr\u00fcher Forschungsgruppenleiter, heute Research Associate am Leipziger <i>Max-Planck-Institut<\/i> sowie Professor an der TU Dresden. Gemeinsam mit Matthias Schurz vom <i>Donders Institut<\/i> in Nijmegen, Niederlande, leitete er die Studie, die aktuell im Fachmagazin <i>Psychological Bulletin<\/i> erschienen ist. &#8222;Diese beiden abstrakten F\u00e4higkeiten zum Hineindenken und Einf\u00fchlen in andere setzen sich wiederum aus verschiedenen Bausteinen zusammen.&#8220;<\/p>\n<p>&#8222;Beide Gesamtkompetenzen werden jeweils von einem auf Empathie oder Perspektivwechsel spezialisierten &#8218;Hauptnetzwerk&#8216;\u00a0im Gehirn verarbeitet, die in jeder sozialen Situation aktiviert werden, ziehen aber je nach Situation zus\u00e4tzliche Netzwerke hinzu&#8220;, so Kanske weiter. Lesen wir die Gedanken und Gef\u00fchle anderer beispielsweise von deren Augen ab, sind andere Zusatzregionen beteiligt, als wenn wir sie aus deren Handlungen oder aus einer Erz\u00e4hlung erschlie\u00dfen m\u00fcssen. &#8222;Das Gehirn kann so sehr flexibel auf die einzelnen Anforderungen reagieren.&#8220;<\/p>\n<p>F\u00fcr Empathie arbeitet ein Hauptnetzwerk, das akut bedeutsame Situationen erkennen kann, indem es etwa Angst verarbeitet, mit spezialisierten zus\u00e4tzlichen Regionen, beispielsweise f\u00fcr Gesichts- oder Spracherkennung zusammen. Beim Wechseln der Perspektive sind als Kernnetzwerk die Regionen aktiv, die auch beim Erinnern an Vergangenes oder dem Fantasieren \u00fcber Zuk\u00fcnftiges zum Einsatz kommen, also bei Gedanken, die sich mit aktuell nicht beobachtbaren Dingen befassen. Auch hier schalten sich in den konkreten Situationen jeweils zus\u00e4tzliche Hirnregionen hinzu.<\/p>\n<p><strong>Komplexe soziale Probleme erfordern Zusammenspiel beider F\u00e4higkeiten<\/strong><\/p>\n<p>Durch ihre Auswertungen haben die Forscher au\u00dferdem herausgefunden: Gerade die besonders komplexen sozialen Probleme erfordern eine Kombination aus Empathie und Perspektivwechsel. Personen, die besonders sozial kompetent sind, scheinen demnach andere Menschen auf beide Arten zu betrachten, also auf der Grundlage von Gef\u00fchlen und auf der von Gedanken. In ihrem Urteilsverm\u00f6gen finden sie dann die richtige Balance aus beidem.<\/p>\n<p>&#8222;Unsere Analyse zeigt aber auch, dass Mangel an einer der beiden Sozialkompetenzen auch bedeuten kann, dass nicht die Kompetenz als Ganzes begrenzt ist. Wom\u00f6glich ist nur ein bestimmter Teilfaktor betroffen, etwa das Verst\u00e4ndnis von Mimik oder Sprachmelodie&#8220;, erg\u00e4nzt Kanske. Ein einzelner Test reiche daher nicht aus, um einer Person mangelnde soziale F\u00e4higkeiten zu bescheinigen. Vielmehr m\u00fcsse es eine ganze Reihe an Testverfahren geben, um sie tats\u00e4chlich als wenig empathisch einzusch\u00e4tzen \u2013 oder als unf\u00e4hig, die Sichtweise von anderen einzunehmen.<\/p>\n<p>Untersucht haben die Wissenschaftler diese Zusammenh\u00e4nge durch eine gro\u00dfangelegte Meta-Analyse. Darin identifizierten sie zum einen, welche Gemeinsamkeiten sich bei den 188 untersuchten Einzelstudien im MRT-Muster zeigten, wenn sich die Teilnehmer ihrer Empathie oder Perspektiv\u00fcbernahme bedienten \u2013 um so f\u00fcr jede der beiden sozialen Kompetenzen die Kernregionen im Gehirn zu lokalisieren. Sie kennzeichneten aber auch, worin sich die MRT-Muster je nach konkreter Aufgabe unterschieden und welche demzufolge jeweils zus\u00e4tzlich herangezogene Hirnregionen sind. (<i><a title=\"https:\/\/www.mpg.de\/16022689\/1113-nepf-x-empathie-und-perspektivuebernahme-wie-soziale-faehigkeiten-aufgebaut-sind-149575?c=2191&amp;fbclid=IwAR3vb6lRNzTyO2k6p8TafsAS1Pux2ukLrq14TFzI8z7_-d-XehMvWirGBno\" href=\"https:\/\/www.mpg.de\/16022689\/1113-nepf-x-empathie-und-perspektivuebernahme-wie-soziale-faehigkeiten-aufgebaut-sind-149575?c=2191&amp;fbclid=IwAR3vb6lRNzTyO2k6p8TafsAS1Pux2ukLrq14TFzI8z7_-d-XehMvWirGBno\">mpg<\/a><\/i><\/p>\n<div id=\"emailskopiertclipboardPopupMail\" class=\"emailskopiertHiddenPopup\" style=\"z-index: 1102;\">\n<div id=\"emailskopiertpopupContentToMail\">\n<p>&nbsp;<\/p>\n<\/div>\n<\/div>\n<div><img \/><\/div>\n<div id=\"emailskopiertclipboardPopupMail\" class=\"emailskopiertHiddenPopup\" style=\"z-index: 1102;\">\n<div id=\"emailskopiertpopupContentToMail\">\n<div id=\"emailskopiertinfoToPopupClipboard\">E-Mail wurde erfolgreich kopiert<\/div>\n<p>&nbsp;<\/p>\n<\/div>\n<\/div>\n<div><img \/><\/div>\n<div id=\"emailskopiertclipboardPopupMail\" class=\"emailskopiertHiddenPopup\" style=\"z-index: 1102;\">\n<div id=\"emailskopiertpopupContentToMail\">\n<div id=\"emailskopiertinfoToPopupClipboard\">E-Mail wurde erfolgreich kopiert<\/div>\n<p><textarea id=\"emailskopierttextSelectAreaClipboard\"><\/textarea><\/div>\n<\/div>\n<div><img \/><\/div>\n","protected":false},"excerpt":{"rendered":"<p>Empathie und Perspektiv\u00fcbernahme im menschlichen Gehirn. Empathie und die Perspektive anderer einnehmen k\u00f6nnen \u2013 durch diese zwei F\u00e4higkeiten sind wir in der Lage nachzuvollziehen, was im Kopf von anderen vor sich geht. Obwohl beide Begriffe st\u00e4ndig im Umlauf sind, ist&hellip;<\/p>\n","protected":false},"author":1163,"featured_media":1251125,"comment_status":"closed","ping_status":"closed","sticky":false,"template":"","format":"standard","meta":{"footnotes":""},"categories":[9169],"tags":[57730,30455,33043,26702],"class_list":["post-1251124","post","type-post","status-publish","format-standard","has-post-thumbnail","hentry","category-wissenschaft-und-technologie","tag-empathie-de","tag-gesellschaft","tag-max-planck-institut","tag-wissenschaft"],"yoast_head":"<!-- This site is optimized with the Yoast SEO plugin v27.1.1 - https:\/\/yoast.com\/product\/yoast-seo-wordpress\/ -->\n<title>Die Bausteine f\u00fcr soziales Verst\u00e4ndnis<\/title>\n<meta name=\"description\" content=\"Empathie und Perspektiv\u00fcbernahme im menschlichen Gehirn. Empathie und die Perspektive anderer einnehmen k\u00f6nnen \u2013 durch diese zwei F\u00e4higkeiten sind wir in\" \/>\n<meta name=\"robots\" content=\"index, follow, max-snippet:-1, max-image-preview:large, max-video-preview:-1\" \/>\n<link rel=\"canonical\" href=\"https:\/\/www.pressenza.com\/de\/2020\/12\/die-bausteine-fuer-soziales-verstaendnis\/\" \/>\n<meta property=\"og:locale\" content=\"de_DE\" \/>\n<meta property=\"og:type\" content=\"article\" \/>\n<meta property=\"og:title\" content=\"Die Bausteine f\u00fcr soziales Verst\u00e4ndnis\" \/>\n<meta property=\"og:description\" content=\"Empathie und Perspektiv\u00fcbernahme im menschlichen Gehirn. Empathie und die Perspektive anderer einnehmen k\u00f6nnen \u2013 durch diese zwei F\u00e4higkeiten sind wir in\" \/>\n<meta property=\"og:url\" content=\"https:\/\/www.pressenza.com\/de\/2020\/12\/die-bausteine-fuer-soziales-verstaendnis\/\" \/>\n<meta property=\"og:site_name\" content=\"Pressenza\" \/>\n<meta property=\"article:publisher\" content=\"https:\/\/www.facebook.com\/PressenzaItalia\" \/>\n<meta property=\"article:author\" content=\"https:\/\/www.facebook.com\/hpd.de\" \/>\n<meta property=\"article:published_time\" content=\"2020-12-02T06:55:49+00:00\" \/>\n<meta property=\"og:image\" content=\"https:\/\/www.pressenza.com\/wp-content\/uploads\/2020\/11\/8208BD37-B01E-4A19-AE2C-AA5C2683CCAA.png\" \/>\n\t<meta property=\"og:image:width\" content=\"1920\" \/>\n\t<meta property=\"og:image:height\" content=\"1279\" \/>\n\t<meta property=\"og:image:type\" content=\"image\/png\" \/>\n<meta name=\"author\" content=\"Humanistischer Pressedienst\" \/>\n<meta name=\"twitter:card\" content=\"summary_large_image\" \/>\n<meta name=\"twitter:creator\" content=\"@hpdticker\" \/>\n<meta name=\"twitter:site\" content=\"@PressenzaIPA\" \/>\n<meta name=\"twitter:label1\" content=\"Verfasst von\" \/>\n\t<meta name=\"twitter:data1\" content=\"Humanistischer Pressedienst\" \/>\n\t<meta name=\"twitter:label2\" content=\"Gesch\u00e4tzte Lesezeit\" \/>\n\t<meta name=\"twitter:data2\" content=\"5\u00a0Minuten\" \/>\n<script type=\"application\/ld+json\" class=\"yoast-schema-graph\">{\"@context\":\"https:\/\/schema.org\",\"@graph\":[{\"@type\":\"Article\",\"@id\":\"https:\/\/www.pressenza.com\/de\/2020\/12\/die-bausteine-fuer-soziales-verstaendnis\/#article\",\"isPartOf\":{\"@id\":\"https:\/\/www.pressenza.com\/de\/2020\/12\/die-bausteine-fuer-soziales-verstaendnis\/\"},\"author\":{\"name\":\"Humanistischer Pressedienst\",\"@id\":\"https:\/\/www.pressenza.com\/de\/#\/schema\/person\/38b1bb4060cd67df380552dfe740ee1c\"},\"headline\":\"Die Bausteine f\u00fcr soziales Verst\u00e4ndnis\",\"datePublished\":\"2020-12-02T06:55:49+00:00\",\"mainEntityOfPage\":{\"@id\":\"https:\/\/www.pressenza.com\/de\/2020\/12\/die-bausteine-fuer-soziales-verstaendnis\/\"},\"wordCount\":939,\"publisher\":{\"@id\":\"https:\/\/www.pressenza.com\/de\/#organization\"},\"image\":{\"@id\":\"https:\/\/www.pressenza.com\/de\/2020\/12\/die-bausteine-fuer-soziales-verstaendnis\/#primaryimage\"},\"thumbnailUrl\":\"https:\/\/www.pressenza.com\/wp-content\/uploads\/2020\/11\/8208BD37-B01E-4A19-AE2C-AA5C2683CCAA.png\",\"keywords\":[\"empathie\",\"Gesellschaft\",\"Max Planck Institut\",\"Wissenschaft\"],\"articleSection\":[\"Wissenschaft und Technologie\"],\"inLanguage\":\"de\"},{\"@type\":\"WebPage\",\"@id\":\"https:\/\/www.pressenza.com\/de\/2020\/12\/die-bausteine-fuer-soziales-verstaendnis\/\",\"url\":\"https:\/\/www.pressenza.com\/de\/2020\/12\/die-bausteine-fuer-soziales-verstaendnis\/\",\"name\":\"Die Bausteine f\u00fcr soziales Verst\u00e4ndnis\",\"isPartOf\":{\"@id\":\"https:\/\/www.pressenza.com\/de\/#website\"},\"primaryImageOfPage\":{\"@id\":\"https:\/\/www.pressenza.com\/de\/2020\/12\/die-bausteine-fuer-soziales-verstaendnis\/#primaryimage\"},\"image\":{\"@id\":\"https:\/\/www.pressenza.com\/de\/2020\/12\/die-bausteine-fuer-soziales-verstaendnis\/#primaryimage\"},\"thumbnailUrl\":\"https:\/\/www.pressenza.com\/wp-content\/uploads\/2020\/11\/8208BD37-B01E-4A19-AE2C-AA5C2683CCAA.png\",\"datePublished\":\"2020-12-02T06:55:49+00:00\",\"description\":\"Empathie und Perspektiv\u00fcbernahme im menschlichen Gehirn. Empathie und die Perspektive anderer einnehmen k\u00f6nnen \u2013 durch diese zwei F\u00e4higkeiten sind wir in\",\"breadcrumb\":{\"@id\":\"https:\/\/www.pressenza.com\/de\/2020\/12\/die-bausteine-fuer-soziales-verstaendnis\/#breadcrumb\"},\"inLanguage\":\"de\",\"potentialAction\":[{\"@type\":\"ReadAction\",\"target\":[\"https:\/\/www.pressenza.com\/de\/2020\/12\/die-bausteine-fuer-soziales-verstaendnis\/\"]}]},{\"@type\":\"ImageObject\",\"inLanguage\":\"de\",\"@id\":\"https:\/\/www.pressenza.com\/de\/2020\/12\/die-bausteine-fuer-soziales-verstaendnis\/#primaryimage\",\"url\":\"https:\/\/www.pressenza.com\/wp-content\/uploads\/2020\/11\/8208BD37-B01E-4A19-AE2C-AA5C2683CCAA.png\",\"contentUrl\":\"https:\/\/www.pressenza.com\/wp-content\/uploads\/2020\/11\/8208BD37-B01E-4A19-AE2C-AA5C2683CCAA.png\",\"width\":1920,\"height\":1279},{\"@type\":\"BreadcrumbList\",\"@id\":\"https:\/\/www.pressenza.com\/de\/2020\/12\/die-bausteine-fuer-soziales-verstaendnis\/#breadcrumb\",\"itemListElement\":[{\"@type\":\"ListItem\",\"position\":1,\"name\":\"Accueil\",\"item\":\"https:\/\/www.pressenza.com\/de\/\"},{\"@type\":\"ListItem\",\"position\":2,\"name\":\"Die Bausteine f\u00fcr soziales Verst\u00e4ndnis\"}]},{\"@type\":\"WebSite\",\"@id\":\"https:\/\/www.pressenza.com\/de\/#website\",\"url\":\"https:\/\/www.pressenza.com\/de\/\",\"name\":\"Pressenza\",\"description\":\"International Press Agency\",\"publisher\":{\"@id\":\"https:\/\/www.pressenza.com\/de\/#organization\"},\"potentialAction\":[{\"@type\":\"SearchAction\",\"target\":{\"@type\":\"EntryPoint\",\"urlTemplate\":\"https:\/\/www.pressenza.com\/de\/?s={search_term_string}\"},\"query-input\":{\"@type\":\"PropertyValueSpecification\",\"valueRequired\":true,\"valueName\":\"search_term_string\"}}],\"inLanguage\":\"de\"},{\"@type\":\"Organization\",\"@id\":\"https:\/\/www.pressenza.com\/de\/#organization\",\"name\":\"Pressenza\",\"url\":\"https:\/\/www.pressenza.com\/de\/\",\"logo\":{\"@type\":\"ImageObject\",\"inLanguage\":\"de\",\"@id\":\"https:\/\/www.pressenza.com\/de\/#\/schema\/logo\/image\/\",\"url\":\"https:\/\/www.pressenza.com\/wp-content\/uploads\/2022\/10\/pressenza_logo_200x200.jpg\",\"contentUrl\":\"https:\/\/www.pressenza.com\/wp-content\/uploads\/2022\/10\/pressenza_logo_200x200.jpg\",\"width\":200,\"height\":200,\"caption\":\"Pressenza\"},\"image\":{\"@id\":\"https:\/\/www.pressenza.com\/de\/#\/schema\/logo\/image\/\"},\"sameAs\":[\"https:\/\/www.facebook.com\/PressenzaItalia\",\"https:\/\/x.com\/PressenzaIPA\"]},{\"@type\":\"Person\",\"@id\":\"https:\/\/www.pressenza.com\/de\/#\/schema\/person\/38b1bb4060cd67df380552dfe740ee1c\",\"name\":\"Humanistischer Pressedienst\",\"description\":\"Der Humanistische Pressedienst (hpd) pr\u00e4sentiert aufkl\u00e4rerische, humanistische und freigeistige Positionen zu aktuellen Ereignissen. Das Internetportal will konfessionsfreien Menschen \u2013 in Deutschland ein Drittel der Bev\u00f6lkerung \u2013 eine Stimme geben. Der hpd versteht sich als Plattform f\u00fcr das breite Spektrum s\u00e4kularer Bestrebungen, mit deren Akteuren er bestens vernetzt ist und zu deren Meinungsbildung er beitragen m\u00f6chte. Artikel des Humanistischen Pressdienst auf Pressenza fallen nicht unter die Creative-Commons-Lizenz und d\u00fcrfen nur mit ausdr\u00fccklicher Zustimmung der Redaktion von hpd.de \u00fcbernommen werden.\",\"sameAs\":[\"https:\/\/www.facebook.com\/hpd.de\",\"https:\/\/x.com\/hpdticker\"],\"url\":\"https:\/\/www.pressenza.com\/de\/author\/humanistischer-pressedienst\/\"}]}<\/script>\n<!-- \/ Yoast SEO plugin. -->","yoast_head_json":{"title":"Die Bausteine f\u00fcr soziales Verst\u00e4ndnis","description":"Empathie und Perspektiv\u00fcbernahme im menschlichen Gehirn. Empathie und die Perspektive anderer einnehmen k\u00f6nnen \u2013 durch diese zwei F\u00e4higkeiten sind wir in","robots":{"index":"index","follow":"follow","max-snippet":"max-snippet:-1","max-image-preview":"max-image-preview:large","max-video-preview":"max-video-preview:-1"},"canonical":"https:\/\/www.pressenza.com\/de\/2020\/12\/die-bausteine-fuer-soziales-verstaendnis\/","og_locale":"de_DE","og_type":"article","og_title":"Die Bausteine f\u00fcr soziales Verst\u00e4ndnis","og_description":"Empathie und Perspektiv\u00fcbernahme im menschlichen Gehirn. Empathie und die Perspektive anderer einnehmen k\u00f6nnen \u2013 durch diese zwei F\u00e4higkeiten sind wir in","og_url":"https:\/\/www.pressenza.com\/de\/2020\/12\/die-bausteine-fuer-soziales-verstaendnis\/","og_site_name":"Pressenza","article_publisher":"https:\/\/www.facebook.com\/PressenzaItalia","article_author":"https:\/\/www.facebook.com\/hpd.de","article_published_time":"2020-12-02T06:55:49+00:00","og_image":[{"width":1920,"height":1279,"url":"https:\/\/www.pressenza.com\/wp-content\/uploads\/2020\/11\/8208BD37-B01E-4A19-AE2C-AA5C2683CCAA.png","type":"image\/png"}],"author":"Humanistischer Pressedienst","twitter_card":"summary_large_image","twitter_creator":"@hpdticker","twitter_site":"@PressenzaIPA","twitter_misc":{"Verfasst von":"Humanistischer Pressedienst","Gesch\u00e4tzte Lesezeit":"5\u00a0Minuten"},"schema":{"@context":"https:\/\/schema.org","@graph":[{"@type":"Article","@id":"https:\/\/www.pressenza.com\/de\/2020\/12\/die-bausteine-fuer-soziales-verstaendnis\/#article","isPartOf":{"@id":"https:\/\/www.pressenza.com\/de\/2020\/12\/die-bausteine-fuer-soziales-verstaendnis\/"},"author":{"name":"Humanistischer Pressedienst","@id":"https:\/\/www.pressenza.com\/de\/#\/schema\/person\/38b1bb4060cd67df380552dfe740ee1c"},"headline":"Die Bausteine f\u00fcr soziales Verst\u00e4ndnis","datePublished":"2020-12-02T06:55:49+00:00","mainEntityOfPage":{"@id":"https:\/\/www.pressenza.com\/de\/2020\/12\/die-bausteine-fuer-soziales-verstaendnis\/"},"wordCount":939,"publisher":{"@id":"https:\/\/www.pressenza.com\/de\/#organization"},"image":{"@id":"https:\/\/www.pressenza.com\/de\/2020\/12\/die-bausteine-fuer-soziales-verstaendnis\/#primaryimage"},"thumbnailUrl":"https:\/\/www.pressenza.com\/wp-content\/uploads\/2020\/11\/8208BD37-B01E-4A19-AE2C-AA5C2683CCAA.png","keywords":["empathie","Gesellschaft","Max Planck Institut","Wissenschaft"],"articleSection":["Wissenschaft und Technologie"],"inLanguage":"de"},{"@type":"WebPage","@id":"https:\/\/www.pressenza.com\/de\/2020\/12\/die-bausteine-fuer-soziales-verstaendnis\/","url":"https:\/\/www.pressenza.com\/de\/2020\/12\/die-bausteine-fuer-soziales-verstaendnis\/","name":"Die Bausteine f\u00fcr soziales Verst\u00e4ndnis","isPartOf":{"@id":"https:\/\/www.pressenza.com\/de\/#website"},"primaryImageOfPage":{"@id":"https:\/\/www.pressenza.com\/de\/2020\/12\/die-bausteine-fuer-soziales-verstaendnis\/#primaryimage"},"image":{"@id":"https:\/\/www.pressenza.com\/de\/2020\/12\/die-bausteine-fuer-soziales-verstaendnis\/#primaryimage"},"thumbnailUrl":"https:\/\/www.pressenza.com\/wp-content\/uploads\/2020\/11\/8208BD37-B01E-4A19-AE2C-AA5C2683CCAA.png","datePublished":"2020-12-02T06:55:49+00:00","description":"Empathie und Perspektiv\u00fcbernahme im menschlichen Gehirn. Empathie und die Perspektive anderer einnehmen k\u00f6nnen \u2013 durch diese zwei F\u00e4higkeiten sind wir in","breadcrumb":{"@id":"https:\/\/www.pressenza.com\/de\/2020\/12\/die-bausteine-fuer-soziales-verstaendnis\/#breadcrumb"},"inLanguage":"de","potentialAction":[{"@type":"ReadAction","target":["https:\/\/www.pressenza.com\/de\/2020\/12\/die-bausteine-fuer-soziales-verstaendnis\/"]}]},{"@type":"ImageObject","inLanguage":"de","@id":"https:\/\/www.pressenza.com\/de\/2020\/12\/die-bausteine-fuer-soziales-verstaendnis\/#primaryimage","url":"https:\/\/www.pressenza.com\/wp-content\/uploads\/2020\/11\/8208BD37-B01E-4A19-AE2C-AA5C2683CCAA.png","contentUrl":"https:\/\/www.pressenza.com\/wp-content\/uploads\/2020\/11\/8208BD37-B01E-4A19-AE2C-AA5C2683CCAA.png","width":1920,"height":1279},{"@type":"BreadcrumbList","@id":"https:\/\/www.pressenza.com\/de\/2020\/12\/die-bausteine-fuer-soziales-verstaendnis\/#breadcrumb","itemListElement":[{"@type":"ListItem","position":1,"name":"Accueil","item":"https:\/\/www.pressenza.com\/de\/"},{"@type":"ListItem","position":2,"name":"Die Bausteine f\u00fcr soziales Verst\u00e4ndnis"}]},{"@type":"WebSite","@id":"https:\/\/www.pressenza.com\/de\/#website","url":"https:\/\/www.pressenza.com\/de\/","name":"Pressenza","description":"International Press Agency","publisher":{"@id":"https:\/\/www.pressenza.com\/de\/#organization"},"potentialAction":[{"@type":"SearchAction","target":{"@type":"EntryPoint","urlTemplate":"https:\/\/www.pressenza.com\/de\/?s={search_term_string}"},"query-input":{"@type":"PropertyValueSpecification","valueRequired":true,"valueName":"search_term_string"}}],"inLanguage":"de"},{"@type":"Organization","@id":"https:\/\/www.pressenza.com\/de\/#organization","name":"Pressenza","url":"https:\/\/www.pressenza.com\/de\/","logo":{"@type":"ImageObject","inLanguage":"de","@id":"https:\/\/www.pressenza.com\/de\/#\/schema\/logo\/image\/","url":"https:\/\/www.pressenza.com\/wp-content\/uploads\/2022\/10\/pressenza_logo_200x200.jpg","contentUrl":"https:\/\/www.pressenza.com\/wp-content\/uploads\/2022\/10\/pressenza_logo_200x200.jpg","width":200,"height":200,"caption":"Pressenza"},"image":{"@id":"https:\/\/www.pressenza.com\/de\/#\/schema\/logo\/image\/"},"sameAs":["https:\/\/www.facebook.com\/PressenzaItalia","https:\/\/x.com\/PressenzaIPA"]},{"@type":"Person","@id":"https:\/\/www.pressenza.com\/de\/#\/schema\/person\/38b1bb4060cd67df380552dfe740ee1c","name":"Humanistischer Pressedienst","description":"Der Humanistische Pressedienst (hpd) pr\u00e4sentiert aufkl\u00e4rerische, humanistische und freigeistige Positionen zu aktuellen Ereignissen. Das Internetportal will konfessionsfreien Menschen \u2013 in Deutschland ein Drittel der Bev\u00f6lkerung \u2013 eine Stimme geben. Der hpd versteht sich als Plattform f\u00fcr das breite Spektrum s\u00e4kularer Bestrebungen, mit deren Akteuren er bestens vernetzt ist und zu deren Meinungsbildung er beitragen m\u00f6chte. Artikel des Humanistischen Pressdienst auf Pressenza fallen nicht unter die Creative-Commons-Lizenz und d\u00fcrfen nur mit ausdr\u00fccklicher Zustimmung der Redaktion von hpd.de \u00fcbernommen werden.","sameAs":["https:\/\/www.facebook.com\/hpd.de","https:\/\/x.com\/hpdticker"],"url":"https:\/\/www.pressenza.com\/de\/author\/humanistischer-pressedienst\/"}]}},"place":"","original_article_url":"https:\/\/hpd.de\/artikel\/bausteine-fuer-soziales-verstaendnis-18719","_links":{"self":[{"href":"https:\/\/www.pressenza.com\/de\/wp-json\/wp\/v2\/posts\/1251124","targetHints":{"allow":["GET"]}}],"collection":[{"href":"https:\/\/www.pressenza.com\/de\/wp-json\/wp\/v2\/posts"}],"about":[{"href":"https:\/\/www.pressenza.com\/de\/wp-json\/wp\/v2\/types\/post"}],"author":[{"embeddable":true,"href":"https:\/\/www.pressenza.com\/de\/wp-json\/wp\/v2\/users\/1163"}],"replies":[{"embeddable":true,"href":"https:\/\/www.pressenza.com\/de\/wp-json\/wp\/v2\/comments?post=1251124"}],"version-history":[{"count":0,"href":"https:\/\/www.pressenza.com\/de\/wp-json\/wp\/v2\/posts\/1251124\/revisions"}],"wp:featuredmedia":[{"embeddable":true,"href":"https:\/\/www.pressenza.com\/de\/wp-json\/wp\/v2\/media\/1251125"}],"wp:attachment":[{"href":"https:\/\/www.pressenza.com\/de\/wp-json\/wp\/v2\/media?parent=1251124"}],"wp:term":[{"taxonomy":"category","embeddable":true,"href":"https:\/\/www.pressenza.com\/de\/wp-json\/wp\/v2\/categories?post=1251124"},{"taxonomy":"post_tag","embeddable":true,"href":"https:\/\/www.pressenza.com\/de\/wp-json\/wp\/v2\/tags?post=1251124"}],"curies":[{"name":"wp","href":"https:\/\/api.w.org\/{rel}","templated":true}]}}