{"id":1250766,"date":"2020-11-30T09:45:51","date_gmt":"2020-11-30T09:45:51","guid":{"rendered":"https:\/\/www.pressenza.com\/?p=1250766"},"modified":"2020-11-29T13:50:09","modified_gmt":"2020-11-29T13:50:09","slug":"verfassungsgebung-wurde-offiziell-eingeleitet","status":"publish","type":"post","link":"https:\/\/www.pressenza.com\/de\/2020\/11\/verfassungsgebung-wurde-offiziell-eingeleitet\/","title":{"rendered":"Verfassungsgebung wurde offiziell eingeleitet"},"content":{"rendered":"<p><strong>Gemeinwohllobby teilt in ihrer Pressemitteilung mit, dass ab sofort offiziell eine Verfassungsgebung ausschlie\u00dflich durch das deutsche Volk stattfindet. <\/strong><\/p>\n<p>Ab dem 24. November 2020 ist das ganze deutsche Volk eine Verfassungsgebende Versammlung. Das ist ein weltweit anerkannter v\u00f6lkerrechtlicher Akt und hat einen h\u00f6heren rechtlichen Rang als die auf Grund der erlassenen Verfassung gew\u00e4hlte Volksvertretung. \u00dcber die eingeleitete Verfassungsgebung wurden der Bundestagspr\u00e4sident, der Bundesinnenminister, der Bundes-wahlleiter, die 16 Bundesl\u00e4nder, die EU-Kommission, das EU-Parlament und die 26 EU-Mitgliedsstaaten am 25. November 2020 schriftlich benachrichtigt.<\/p>\n<p>\u201eAls B\u00fcrgerin bin ich jederzeit berechtigt, die Initiative zu einer Verfassungsgebung zu ergreifen, ohne dass es hierzu einer besonderen konstitutionellen Erm\u00e4chtigung bedarf. Dies wurde mir <a href=\"https:\/\/gemeinwohllobby.de\/rails\/active_storage\/blobs\/eyJfcmFpbHMiOnsibWVzc2FnZSI6IkJBaHBBcEVCIiwiZXhwIjpudWxsLCJwdXIiOiJibG9iX2lkIn19--28d38adf4d680c3af32fdd7a15f00a33c0a29c22\/SchreibenBuTagPraes.pdf\" target=\"_blank\" rel=\"noopener noreferrer\">durch den deutschen Bundestag schriftlich best\u00e4tigt<\/a>. In den letzten 8 Monaten haben 1700 B\u00fcrgerinnen und B\u00fcrger unter meiner Koordination als Zusammenschluss in der B\u00fcrger*inneninitiative \u201eGemeinwohllobby\u201c mit ihren Ideen in einem gr\u00fcndlich dokumentierten, demokratischen Prozess eine Diskussionsvorlage zur Verfassungsgebung erarbeitet. Damit sind die Vorbereitungen zu einer Verfassungsgebung ausschlie\u00dflich durch das deutsche Volk gegeben.\u201c, erkl\u00e4rt Marianne Grimmenstein, Initiatorin der CETA-Klage und seit Jahrzehnten aktiv f\u00fcr den Schutz des Gemeinwohls und der Demokratie.<\/p>\n<p>Jedes Mitglied unserer Gesellschaft kann ab sofort anonym seine Ideen in die Verfassungsgebung einbringen. Die Diskussionsvorlage und Beteiligungsm\u00f6glichkeit sind unter <a href=\"https:\/\/macshot.de\/umfrage-gesellschaftsfairtrag\/\" target=\"_blank\" rel=\"noopener noreferrer\">https:\/\/macshot.de\/ umfrage-gesellschaftsfairtrag\/<\/a>\u00a0 und die Dokumentation der bisherigen Bearbeitungsschritte zur bestehenden Diskussionsvorlage unter <a href=\"https:\/\/gemeinwohllobby.de\/\" target=\"_blank\" rel=\"noopener noreferrer\">https:\/\/gemeinwohllobby.de\/<\/a> zu finden. Au\u00dferdem kann man sich auf dieser <a href=\"https:\/\/gemeinwohllobby.de\/backings\" target=\"_blank\" rel=\"noopener noreferrer\">Webseite<\/a> sowohl Einzelpersonen als auch Institutionen oder Initiativen als namentliche, ideelle Unterst\u00fctzer*innen eintragen.<\/p>\n<h4><strong>Begr\u00fcndung der Ma\u00dfnahme<\/strong><\/h4>\n<p>Der Schutzauftrag des Art. 191 AEUV (Vertrag \u00fcber die Arbeitsweise der Europ\u00e4ischen Union) umfasst das Vorsorgeprinzip als rechtsverbindliche Handlungsmaxime der europ\u00e4ischen Umweltpolitik, und das gilt auch f\u00fcr den deutschen Staat. Trotz dieser rechtsverbindlichen Verpflichtung und trotz des dringenden Appells zahlreicher Wissenschaftler*innen und B\u00fcrger*innen wegen der enormen Klima- und Umweltzerst\u00f6rungen ist Deutschland seit Jahren nicht in der Lage, die f\u00fcr die Gesellschaft lebensnotwendigen Ma\u00dfnahmen durchzuf\u00fchren, obwohl hierdurch das Leben unserer ganzen Gesellschaft und somit auch das \u00dcberleben der gesamten Menschheit bedroht ist. Bestehende Umweltgesetze werden nicht ausreichend vollzogen und international vereinbarte wie auch national beschlossene Ziele und Vereinbarungen nicht erreicht. Zur aktuellen Pandemie: Es liegen zahlreiche naturwissenschaftliche Studien \u00fcber den Zusammenhang zwischen der \u00f6konomischen Landnahme und der Entstehung und Ausbreitung t\u00f6dlicher Viren vor. Epidemien und Pandemien wie SARS-Covid 2, Ebola, etc. sind auf das Engste mit dem Biodiversit\u00e4tsverlust und dem Klimawandel verkn\u00fcpft.[19<\/p>\n<p>Gegen Deutschland laufen aktuell 76 EU-Vertragsverletzungsverfahren.[2] Noch dazu werden die staatlichen Subventionen zu 90 % immer noch umweltsch\u00e4dlich eingesetzt.[3]<\/p>\n<p><strong>Angesichts des sich beschleunigenden Artensterbens und Klimawandels, der rasanten Naturzerst\u00f6rung, des ungebremsten Raubbaus an unseren Ressourcen, der immer skandal\u00f6seren Spaltung zwischen Arm und Reich und seit 2020 auch der Bew\u00e4ltigung der Folgen der Corona-Krise, befindet sich unsere Gesellschaft in einer noch nie dagewesenen, existentiellen Notlage.<\/strong><\/p>\n<p>Die Umweltpolitik und das zust\u00e4ndige Ressort m\u00fcssen durch ver\u00e4nderte Rahmenbedingungen in die Lage versetzt werden, sich st\u00e4rker als bislang im Themenwettbewerb gegen\u00fcber kurzfristigen \u00f6konomischen Interessen durchzusetzen. Dazu ist eine umfassende Ver\u00e4nderung in Wirtschaft und Gesellschaft notwendig. Dies wurde durch den Sachverst\u00e4ndigenrat der Bundesregierung in einem Sondergutachten im Juli 2019 festgestellt.[4] F\u00fcr diese Ver\u00e4nderungen sind Innovationen im Rechtswesen unerl\u00e4sslich, wie von Mariana Mazzucato, Wirtschaftswissenschaftlerin f\u00fcr Innovations\u00f6konomie, auf dem Weltwirtschaftsforums 2019 gefordert.[5]<\/p>\n<p><strong>Durch die momentane Handlungsunf\u00e4higkeit der Entscheidungstr\u00e4ger*innen ist eine Verfassungsgebung inzwischen f\u00fcr unsere Gesellschaft von existenzieller Bedeutung.<\/strong><\/p>\n<p>Eine ausf\u00fchrliche Begr\u00fcndung der Notwendigkeit sowie die rechtliche Grundlage f\u00fcr eine Verfassungsgebung sind in den schriftlichen Benachrichtigungen an die Politiker*innen dargestellt, das Schreiben an Wolfgang Sch\u00e4uble kann hier eingesehen werden: <a href=\"https:\/\/gemeinwohllobby.de\/material\" target=\"_blank\" rel=\"noopener noreferrer\"><u>https:\/\/gemeinwohllobby.de\/material<\/u><\/a>.<\/p>\n<p>Damit die freie Meinungs\u00e4u\u00dferung w\u00e4hrend der Verfassungsgebung durchgehend gew\u00e4hrleistet ist, bedarf der Entwicklungsprozess der Verfassungsgebung eines hochgradig juristischen Schutzes. Deshalb wurde die Verfassungsgebung unter die Obhut von 200 Juristen und drei ehemaligen Verfassungsrichtern gestellt. Damit der demokratische Ablauf der Verfassungsgebung nach den Vorgaben des Bundesverfassungsgerichts \u201eihre Unabh\u00e4ngigkeit\u201c bewahrt und die Bev\u00f6lkerung ihre Entscheidungen stets \u201efrei von \u00e4u\u00dferem und innerem Zwang\u201c treffen kann, wurde der Entwicklungsprozess der Verfassungsgebung unter die Aufsicht von 60 Organisationen, EU- Parlament, EU-Kommission und 26 EU-Mitgliedsstaaten gestellt. Sie wurden beauftragt, durch eine Vertreterin oder einen Vertreter als Prozessbegleiter und sp\u00e4ter bei der Abstimmung als Wahlbeobachter zu fungieren. Au\u00dferdem werden ab sofort verschiedene Fachkommissionen eingerichtet, welche die Verfassungsgebung begleiten sollen, damit die richtigen Rahmenbedingungen geschaffen werden, um zuk\u00fcnftigen Katastrophen besser vorzubeugen.<\/p>\n<p>[1] <a href=\"https:\/\/www.arte.tv\/de\/videos\/096140-000-A\/umweltzerstoerung-beeinflusst-epidemien\/?its_url_id=16877\" target=\"_blank\" rel=\"noopener noreferrer\">https:\/\/www.arte.tv\/de\/videos\/096140-000-A\/umweltzerstoerung-beeinflusst-epidemien\/?its_url_id=16877<\/a>; Beitrag von Christian Felber: <a href=\"https:\/\/www.youtube.com\/watch?v=yrb8gSAw8_M&amp;feature=emb_title\" target=\"_blank\" rel=\"noopener noreferrer\">https:\/\/www.youtube.com\/watch?v=yrb8gSAw8_M&amp;feature=emb_title<\/a><br \/>\n[2] <a href=\"https:\/\/www.bundestag.de\/presse\/hib\/693458-693458\" target=\"_blank\" rel=\"noopener noreferrer\">https:\/\/www.bundestag.de\/presse\/hib\/693458-693458<\/a><br \/>\n[3] <a href=\"https:\/\/www.umweltbundesamt.de\/themen\/wirtschaft-konsum\/wirtschaft-umwelt\/umweltschaedliche-subventionen#direkte-und-indirekte-subventionen\" target=\"_blank\" rel=\"noopener noreferrer\">https:\/\/www.umweltbundesamt.de\/themen\/wirtschaft-konsum\/wirtschaft-umwelt\/umweltschaedliche- subventionen#direkte-und-indirekte-subventionen<\/a><br \/>\n[4] <a href=\"https:\/\/www.sachverstaendigenrat-wirtschaft.de\/sondergutachten-2019.html\" target=\"_blank\" rel=\"noopener noreferrer\">https:\/\/www.sachverstaendigenrat-wirtschaft.de\/sondergutachten-2019.html<\/a><br \/>\n[5] <a href=\"https:\/\/www.weforum.org\/events\/world-economic-forum-annual-meeting-2020\/sessions\/solving-the-green-growth-equation\" target=\"_blank\" rel=\"noopener noreferrer\">https:\/\/www.weforum.org\/events\/world-economic-forum-annual-meeting-2020\/sessions\/solving-the-green-growth-equation<\/a><\/p>\n","protected":false},"excerpt":{"rendered":"<p>Gemeinwohllobby teilt in ihrer Pressemitteilung mit, dass ab sofort offiziell eine Verfassungsgebung ausschlie\u00dflich durch das deutsche Volk stattfindet. Ab dem 24. November 2020 ist das ganze deutsche Volk eine Verfassungsgebende Versammlung. Das ist ein weltweit anerkannter v\u00f6lkerrechtlicher Akt und hat&hellip;<\/p>\n","protected":false},"author":1095,"featured_media":1250775,"comment_status":"closed","ping_status":"closed","sticky":false,"template":"","format":"standard","meta":{"footnotes":""},"categories":[9150,9168,9145],"tags":[9821,9182,73502,29877,49175,84544],"class_list":["post-1250766","post","type-post","status-publish","format-standard","has-post-thumbnail","hentry","category-europa-de","category-politik","category-pressemitteilungen","tag-demokratie","tag-deutschland","tag-gemeinwohllobby","tag-grundgesetz","tag-verfassung","tag-verfassungsgebende-versammlung"],"yoast_head":"<!-- This site is optimized with the Yoast SEO plugin v27.1.1 - https:\/\/yoast.com\/product\/yoast-seo-wordpress\/ -->\n<title>Verfassungsgebung wurde offiziell eingeleitet<\/title>\n<meta name=\"description\" content=\"Gemeinwohllobby teilt in ihrer Pressemitteilung mit, dass ab sofort offiziell eine Verfassungsgebung ausschlie\u00dflich durch das deutsche Volk stattfindet.\" \/>\n<meta name=\"robots\" content=\"index, follow, max-snippet:-1, max-image-preview:large, max-video-preview:-1\" \/>\n<link rel=\"canonical\" href=\"https:\/\/www.pressenza.com\/de\/2020\/11\/verfassungsgebung-wurde-offiziell-eingeleitet\/\" \/>\n<meta property=\"og:locale\" content=\"de_DE\" \/>\n<meta property=\"og:type\" content=\"article\" \/>\n<meta property=\"og:title\" content=\"Verfassungsgebung wurde offiziell eingeleitet\" \/>\n<meta property=\"og:description\" content=\"Gemeinwohllobby teilt in ihrer Pressemitteilung mit, dass ab sofort offiziell eine Verfassungsgebung ausschlie\u00dflich durch das deutsche Volk stattfindet.\" \/>\n<meta property=\"og:url\" content=\"https:\/\/www.pressenza.com\/de\/2020\/11\/verfassungsgebung-wurde-offiziell-eingeleitet\/\" \/>\n<meta property=\"og:site_name\" content=\"Pressenza\" \/>\n<meta property=\"article:publisher\" content=\"https:\/\/www.facebook.com\/PressenzaItalia\" \/>\n<meta property=\"article:author\" content=\"https:\/\/www.facebook.com\/Pressenza-Deutschland-sterreich-Schweiz-281675388658060\/timeline\/\" \/>\n<meta property=\"article:published_time\" content=\"2020-11-30T09:45:51+00:00\" \/>\n<meta property=\"og:image\" content=\"https:\/\/www.pressenza.com\/wp-content\/uploads\/2020\/11\/glasstele-in-berlin-mit-artikeln-des-grundgesetzes-foto-ralph-boes-720x480-1.jpg\" \/>\n\t<meta property=\"og:image:width\" content=\"720\" \/>\n\t<meta property=\"og:image:height\" content=\"480\" \/>\n\t<meta property=\"og:image:type\" content=\"image\/jpeg\" \/>\n<meta name=\"author\" content=\"Pressenza Berlin\" \/>\n<meta name=\"twitter:card\" content=\"summary_large_image\" \/>\n<meta name=\"twitter:creator\" content=\"@pressenza_ger\" \/>\n<meta name=\"twitter:site\" content=\"@PressenzaIPA\" \/>\n<meta name=\"twitter:label1\" content=\"Verfasst von\" \/>\n\t<meta name=\"twitter:data1\" content=\"Pressenza Berlin\" \/>\n\t<meta name=\"twitter:label2\" content=\"Gesch\u00e4tzte Lesezeit\" \/>\n\t<meta name=\"twitter:data2\" content=\"4\u00a0Minuten\" \/>\n<script type=\"application\/ld+json\" class=\"yoast-schema-graph\">{\"@context\":\"https:\/\/schema.org\",\"@graph\":[{\"@type\":\"Article\",\"@id\":\"https:\/\/www.pressenza.com\/de\/2020\/11\/verfassungsgebung-wurde-offiziell-eingeleitet\/#article\",\"isPartOf\":{\"@id\":\"https:\/\/www.pressenza.com\/de\/2020\/11\/verfassungsgebung-wurde-offiziell-eingeleitet\/\"},\"author\":{\"name\":\"Pressenza Berlin\",\"@id\":\"https:\/\/www.pressenza.com\/de\/#\/schema\/person\/57bb5480943a496a7722b0248e4b658a\"},\"headline\":\"Verfassungsgebung wurde offiziell eingeleitet\",\"datePublished\":\"2020-11-30T09:45:51+00:00\",\"mainEntityOfPage\":{\"@id\":\"https:\/\/www.pressenza.com\/de\/2020\/11\/verfassungsgebung-wurde-offiziell-eingeleitet\/\"},\"wordCount\":801,\"publisher\":{\"@id\":\"https:\/\/www.pressenza.com\/de\/#organization\"},\"image\":{\"@id\":\"https:\/\/www.pressenza.com\/de\/2020\/11\/verfassungsgebung-wurde-offiziell-eingeleitet\/#primaryimage\"},\"thumbnailUrl\":\"https:\/\/www.pressenza.com\/wp-content\/uploads\/2020\/11\/glasstele-in-berlin-mit-artikeln-des-grundgesetzes-foto-ralph-boes-720x480-1.jpg\",\"keywords\":[\"Demokratie\",\"Deutschland\",\"GemeinwohlLobby\",\"Grundgesetz\",\"Verfassung\",\"Verfassungsgebende Versammlung\"],\"articleSection\":[\"Europa\",\"Politik\",\"Pressemitteilungen\"],\"inLanguage\":\"de\"},{\"@type\":\"WebPage\",\"@id\":\"https:\/\/www.pressenza.com\/de\/2020\/11\/verfassungsgebung-wurde-offiziell-eingeleitet\/\",\"url\":\"https:\/\/www.pressenza.com\/de\/2020\/11\/verfassungsgebung-wurde-offiziell-eingeleitet\/\",\"name\":\"Verfassungsgebung wurde offiziell eingeleitet\",\"isPartOf\":{\"@id\":\"https:\/\/www.pressenza.com\/de\/#website\"},\"primaryImageOfPage\":{\"@id\":\"https:\/\/www.pressenza.com\/de\/2020\/11\/verfassungsgebung-wurde-offiziell-eingeleitet\/#primaryimage\"},\"image\":{\"@id\":\"https:\/\/www.pressenza.com\/de\/2020\/11\/verfassungsgebung-wurde-offiziell-eingeleitet\/#primaryimage\"},\"thumbnailUrl\":\"https:\/\/www.pressenza.com\/wp-content\/uploads\/2020\/11\/glasstele-in-berlin-mit-artikeln-des-grundgesetzes-foto-ralph-boes-720x480-1.jpg\",\"datePublished\":\"2020-11-30T09:45:51+00:00\",\"description\":\"Gemeinwohllobby teilt in ihrer Pressemitteilung mit, dass ab sofort offiziell eine Verfassungsgebung ausschlie\u00dflich durch das deutsche Volk stattfindet.\",\"breadcrumb\":{\"@id\":\"https:\/\/www.pressenza.com\/de\/2020\/11\/verfassungsgebung-wurde-offiziell-eingeleitet\/#breadcrumb\"},\"inLanguage\":\"de\",\"potentialAction\":[{\"@type\":\"ReadAction\",\"target\":[\"https:\/\/www.pressenza.com\/de\/2020\/11\/verfassungsgebung-wurde-offiziell-eingeleitet\/\"]}]},{\"@type\":\"ImageObject\",\"inLanguage\":\"de\",\"@id\":\"https:\/\/www.pressenza.com\/de\/2020\/11\/verfassungsgebung-wurde-offiziell-eingeleitet\/#primaryimage\",\"url\":\"https:\/\/www.pressenza.com\/wp-content\/uploads\/2020\/11\/glasstele-in-berlin-mit-artikeln-des-grundgesetzes-foto-ralph-boes-720x480-1.jpg\",\"contentUrl\":\"https:\/\/www.pressenza.com\/wp-content\/uploads\/2020\/11\/glasstele-in-berlin-mit-artikeln-des-grundgesetzes-foto-ralph-boes-720x480-1.jpg\",\"width\":720,\"height\":480,\"caption\":\"Verfassungsgebung wurde offiziell eingeleitet\"},{\"@type\":\"BreadcrumbList\",\"@id\":\"https:\/\/www.pressenza.com\/de\/2020\/11\/verfassungsgebung-wurde-offiziell-eingeleitet\/#breadcrumb\",\"itemListElement\":[{\"@type\":\"ListItem\",\"position\":1,\"name\":\"Accueil\",\"item\":\"https:\/\/www.pressenza.com\/de\/\"},{\"@type\":\"ListItem\",\"position\":2,\"name\":\"Verfassungsgebung wurde offiziell eingeleitet\"}]},{\"@type\":\"WebSite\",\"@id\":\"https:\/\/www.pressenza.com\/de\/#website\",\"url\":\"https:\/\/www.pressenza.com\/de\/\",\"name\":\"Pressenza\",\"description\":\"International Press Agency\",\"publisher\":{\"@id\":\"https:\/\/www.pressenza.com\/de\/#organization\"},\"potentialAction\":[{\"@type\":\"SearchAction\",\"target\":{\"@type\":\"EntryPoint\",\"urlTemplate\":\"https:\/\/www.pressenza.com\/de\/?s={search_term_string}\"},\"query-input\":{\"@type\":\"PropertyValueSpecification\",\"valueRequired\":true,\"valueName\":\"search_term_string\"}}],\"inLanguage\":\"de\"},{\"@type\":\"Organization\",\"@id\":\"https:\/\/www.pressenza.com\/de\/#organization\",\"name\":\"Pressenza\",\"url\":\"https:\/\/www.pressenza.com\/de\/\",\"logo\":{\"@type\":\"ImageObject\",\"inLanguage\":\"de\",\"@id\":\"https:\/\/www.pressenza.com\/de\/#\/schema\/logo\/image\/\",\"url\":\"https:\/\/www.pressenza.com\/wp-content\/uploads\/2022\/10\/pressenza_logo_200x200.jpg\",\"contentUrl\":\"https:\/\/www.pressenza.com\/wp-content\/uploads\/2022\/10\/pressenza_logo_200x200.jpg\",\"width\":200,\"height\":200,\"caption\":\"Pressenza\"},\"image\":{\"@id\":\"https:\/\/www.pressenza.com\/de\/#\/schema\/logo\/image\/\"},\"sameAs\":[\"https:\/\/www.facebook.com\/PressenzaItalia\",\"https:\/\/x.com\/PressenzaIPA\"]},{\"@type\":\"Person\",\"@id\":\"https:\/\/www.pressenza.com\/de\/#\/schema\/person\/57bb5480943a496a7722b0248e4b658a\",\"name\":\"Pressenza Berlin\",\"description\":\"News from the Pressenza Bureau in Berlin, Germany\",\"sameAs\":[\"https:\/\/www.facebook.com\/Pressenza-Deutschland-sterreich-Schweiz-281675388658060\/timeline\/\",\"https:\/\/x.com\/pressenza_ger\"],\"url\":\"https:\/\/www.pressenza.com\/de\/author\/pressenza-berlin\/\"}]}<\/script>\n<!-- \/ Yoast SEO plugin. -->","yoast_head_json":{"title":"Verfassungsgebung wurde offiziell eingeleitet","description":"Gemeinwohllobby teilt in ihrer Pressemitteilung mit, dass ab sofort offiziell eine Verfassungsgebung ausschlie\u00dflich durch das deutsche Volk stattfindet.","robots":{"index":"index","follow":"follow","max-snippet":"max-snippet:-1","max-image-preview":"max-image-preview:large","max-video-preview":"max-video-preview:-1"},"canonical":"https:\/\/www.pressenza.com\/de\/2020\/11\/verfassungsgebung-wurde-offiziell-eingeleitet\/","og_locale":"de_DE","og_type":"article","og_title":"Verfassungsgebung wurde offiziell eingeleitet","og_description":"Gemeinwohllobby teilt in ihrer Pressemitteilung mit, dass ab sofort offiziell eine Verfassungsgebung ausschlie\u00dflich durch das deutsche Volk stattfindet.","og_url":"https:\/\/www.pressenza.com\/de\/2020\/11\/verfassungsgebung-wurde-offiziell-eingeleitet\/","og_site_name":"Pressenza","article_publisher":"https:\/\/www.facebook.com\/PressenzaItalia","article_author":"https:\/\/www.facebook.com\/Pressenza-Deutschland-sterreich-Schweiz-281675388658060\/timeline\/","article_published_time":"2020-11-30T09:45:51+00:00","og_image":[{"width":720,"height":480,"url":"https:\/\/www.pressenza.com\/wp-content\/uploads\/2020\/11\/glasstele-in-berlin-mit-artikeln-des-grundgesetzes-foto-ralph-boes-720x480-1.jpg","type":"image\/jpeg"}],"author":"Pressenza Berlin","twitter_card":"summary_large_image","twitter_creator":"@pressenza_ger","twitter_site":"@PressenzaIPA","twitter_misc":{"Verfasst von":"Pressenza Berlin","Gesch\u00e4tzte Lesezeit":"4\u00a0Minuten"},"schema":{"@context":"https:\/\/schema.org","@graph":[{"@type":"Article","@id":"https:\/\/www.pressenza.com\/de\/2020\/11\/verfassungsgebung-wurde-offiziell-eingeleitet\/#article","isPartOf":{"@id":"https:\/\/www.pressenza.com\/de\/2020\/11\/verfassungsgebung-wurde-offiziell-eingeleitet\/"},"author":{"name":"Pressenza Berlin","@id":"https:\/\/www.pressenza.com\/de\/#\/schema\/person\/57bb5480943a496a7722b0248e4b658a"},"headline":"Verfassungsgebung wurde offiziell eingeleitet","datePublished":"2020-11-30T09:45:51+00:00","mainEntityOfPage":{"@id":"https:\/\/www.pressenza.com\/de\/2020\/11\/verfassungsgebung-wurde-offiziell-eingeleitet\/"},"wordCount":801,"publisher":{"@id":"https:\/\/www.pressenza.com\/de\/#organization"},"image":{"@id":"https:\/\/www.pressenza.com\/de\/2020\/11\/verfassungsgebung-wurde-offiziell-eingeleitet\/#primaryimage"},"thumbnailUrl":"https:\/\/www.pressenza.com\/wp-content\/uploads\/2020\/11\/glasstele-in-berlin-mit-artikeln-des-grundgesetzes-foto-ralph-boes-720x480-1.jpg","keywords":["Demokratie","Deutschland","GemeinwohlLobby","Grundgesetz","Verfassung","Verfassungsgebende Versammlung"],"articleSection":["Europa","Politik","Pressemitteilungen"],"inLanguage":"de"},{"@type":"WebPage","@id":"https:\/\/www.pressenza.com\/de\/2020\/11\/verfassungsgebung-wurde-offiziell-eingeleitet\/","url":"https:\/\/www.pressenza.com\/de\/2020\/11\/verfassungsgebung-wurde-offiziell-eingeleitet\/","name":"Verfassungsgebung wurde offiziell eingeleitet","isPartOf":{"@id":"https:\/\/www.pressenza.com\/de\/#website"},"primaryImageOfPage":{"@id":"https:\/\/www.pressenza.com\/de\/2020\/11\/verfassungsgebung-wurde-offiziell-eingeleitet\/#primaryimage"},"image":{"@id":"https:\/\/www.pressenza.com\/de\/2020\/11\/verfassungsgebung-wurde-offiziell-eingeleitet\/#primaryimage"},"thumbnailUrl":"https:\/\/www.pressenza.com\/wp-content\/uploads\/2020\/11\/glasstele-in-berlin-mit-artikeln-des-grundgesetzes-foto-ralph-boes-720x480-1.jpg","datePublished":"2020-11-30T09:45:51+00:00","description":"Gemeinwohllobby teilt in ihrer Pressemitteilung mit, dass ab sofort offiziell eine Verfassungsgebung ausschlie\u00dflich durch das deutsche Volk stattfindet.","breadcrumb":{"@id":"https:\/\/www.pressenza.com\/de\/2020\/11\/verfassungsgebung-wurde-offiziell-eingeleitet\/#breadcrumb"},"inLanguage":"de","potentialAction":[{"@type":"ReadAction","target":["https:\/\/www.pressenza.com\/de\/2020\/11\/verfassungsgebung-wurde-offiziell-eingeleitet\/"]}]},{"@type":"ImageObject","inLanguage":"de","@id":"https:\/\/www.pressenza.com\/de\/2020\/11\/verfassungsgebung-wurde-offiziell-eingeleitet\/#primaryimage","url":"https:\/\/www.pressenza.com\/wp-content\/uploads\/2020\/11\/glasstele-in-berlin-mit-artikeln-des-grundgesetzes-foto-ralph-boes-720x480-1.jpg","contentUrl":"https:\/\/www.pressenza.com\/wp-content\/uploads\/2020\/11\/glasstele-in-berlin-mit-artikeln-des-grundgesetzes-foto-ralph-boes-720x480-1.jpg","width":720,"height":480,"caption":"Verfassungsgebung wurde offiziell eingeleitet"},{"@type":"BreadcrumbList","@id":"https:\/\/www.pressenza.com\/de\/2020\/11\/verfassungsgebung-wurde-offiziell-eingeleitet\/#breadcrumb","itemListElement":[{"@type":"ListItem","position":1,"name":"Accueil","item":"https:\/\/www.pressenza.com\/de\/"},{"@type":"ListItem","position":2,"name":"Verfassungsgebung wurde offiziell eingeleitet"}]},{"@type":"WebSite","@id":"https:\/\/www.pressenza.com\/de\/#website","url":"https:\/\/www.pressenza.com\/de\/","name":"Pressenza","description":"International Press Agency","publisher":{"@id":"https:\/\/www.pressenza.com\/de\/#organization"},"potentialAction":[{"@type":"SearchAction","target":{"@type":"EntryPoint","urlTemplate":"https:\/\/www.pressenza.com\/de\/?s={search_term_string}"},"query-input":{"@type":"PropertyValueSpecification","valueRequired":true,"valueName":"search_term_string"}}],"inLanguage":"de"},{"@type":"Organization","@id":"https:\/\/www.pressenza.com\/de\/#organization","name":"Pressenza","url":"https:\/\/www.pressenza.com\/de\/","logo":{"@type":"ImageObject","inLanguage":"de","@id":"https:\/\/www.pressenza.com\/de\/#\/schema\/logo\/image\/","url":"https:\/\/www.pressenza.com\/wp-content\/uploads\/2022\/10\/pressenza_logo_200x200.jpg","contentUrl":"https:\/\/www.pressenza.com\/wp-content\/uploads\/2022\/10\/pressenza_logo_200x200.jpg","width":200,"height":200,"caption":"Pressenza"},"image":{"@id":"https:\/\/www.pressenza.com\/de\/#\/schema\/logo\/image\/"},"sameAs":["https:\/\/www.facebook.com\/PressenzaItalia","https:\/\/x.com\/PressenzaIPA"]},{"@type":"Person","@id":"https:\/\/www.pressenza.com\/de\/#\/schema\/person\/57bb5480943a496a7722b0248e4b658a","name":"Pressenza Berlin","description":"News from the Pressenza Bureau in Berlin, Germany","sameAs":["https:\/\/www.facebook.com\/Pressenza-Deutschland-sterreich-Schweiz-281675388658060\/timeline\/","https:\/\/x.com\/pressenza_ger"],"url":"https:\/\/www.pressenza.com\/de\/author\/pressenza-berlin\/"}]}},"place":"Gemeinwohllobby","original_article_url":"","_links":{"self":[{"href":"https:\/\/www.pressenza.com\/de\/wp-json\/wp\/v2\/posts\/1250766","targetHints":{"allow":["GET"]}}],"collection":[{"href":"https:\/\/www.pressenza.com\/de\/wp-json\/wp\/v2\/posts"}],"about":[{"href":"https:\/\/www.pressenza.com\/de\/wp-json\/wp\/v2\/types\/post"}],"author":[{"embeddable":true,"href":"https:\/\/www.pressenza.com\/de\/wp-json\/wp\/v2\/users\/1095"}],"replies":[{"embeddable":true,"href":"https:\/\/www.pressenza.com\/de\/wp-json\/wp\/v2\/comments?post=1250766"}],"version-history":[{"count":0,"href":"https:\/\/www.pressenza.com\/de\/wp-json\/wp\/v2\/posts\/1250766\/revisions"}],"wp:featuredmedia":[{"embeddable":true,"href":"https:\/\/www.pressenza.com\/de\/wp-json\/wp\/v2\/media\/1250775"}],"wp:attachment":[{"href":"https:\/\/www.pressenza.com\/de\/wp-json\/wp\/v2\/media?parent=1250766"}],"wp:term":[{"taxonomy":"category","embeddable":true,"href":"https:\/\/www.pressenza.com\/de\/wp-json\/wp\/v2\/categories?post=1250766"},{"taxonomy":"post_tag","embeddable":true,"href":"https:\/\/www.pressenza.com\/de\/wp-json\/wp\/v2\/tags?post=1250766"}],"curies":[{"name":"wp","href":"https:\/\/api.w.org\/{rel}","templated":true}]}}