{"id":1245716,"date":"2020-11-23T06:50:46","date_gmt":"2020-11-23T06:50:46","guid":{"rendered":"https:\/\/www.pressenza.com\/?p=1245716"},"modified":"2020-11-23T06:50:46","modified_gmt":"2020-11-23T06:50:46","slug":"erschuetternde-gewalt-an-den-eu-aussengrenzen-durch-illegale-pushbacks","status":"publish","type":"post","link":"https:\/\/www.pressenza.com\/de\/2020\/11\/erschuetternde-gewalt-an-den-eu-aussengrenzen-durch-illegale-pushbacks\/","title":{"rendered":"Ersch\u00fctternde Gewalt an den EU-Au\u00dfengrenzen durch illegale Pushbacks"},"content":{"rendered":"<p>PRO ASYL fordert die EU-Kommission, das Europaparlament und die Staatschef*innen der EU eindringlich auf, die illegalen Praktiken Kroatiens und anderer EU-Staaten zu beenden. Das <a href=\"https:\/\/www.spiegel.de\/politik\/ausland\/kroatien-gewalt-gegen-fluechtlinge-video-zeigt-illegale-pushbacks-a-51023a82-3366-48f4-9cd1-8a6d43ee7508\">Video<\/a> (siehe auch <a href=\"https:\/\/www.youtube.com\/watch?v=rtEDbuDbqzU\" target=\"_blank\" rel=\"noopener noreferrer\">hier<\/a>) zeigt brutalste Pushbacks von Kroatien nach Bosnien und Herzegowina. \u00c4hnliche Vorf\u00e4lle sind von Seiten Griechenlands in die T\u00fcrkei ebenfalls dokumentiert. \u201eEmp\u00f6rung und dann wieder abtauchen reicht nicht aus. Wir fordern ein unabh\u00e4ngiges Monitoring an der EU-Grenze, das seitens der EU politisch gewollt und durch unabh\u00e4ngige Pers\u00f6nlichkeiten und Organisationen durchgef\u00fchrt wird. Das Abtauchen und zum business as usual \u00fcbergehen und \u00fcber den Pakt zu Migration und Flucht reden, darf nicht passieren.\u201c<\/p>\n<p>PRO ASYL beklagt ein Schweigen und damit Abdecken solcher auch von Griechenland ausge\u00fcbten Praktiken durch die EU-Kommission. PRO ASYL fordert anl\u00e4sslich der heutigen hochrangigen <a href=\"https:\/\/www.europarl.europa.eu\/news\/de\/press-room\/20201113IPR91599\/interparlamentarische-konferenz-uber-migration-und-asyl-in-europa\">Interparlamentarischen Konferenz \u00fcber Migration und Asyl in Europa<\/a> klare Aussagen von EU-Kommissionspr\u00e4sidentin von der Leyen, der zust\u00e4ndigen EU-Kommissarin Johansson und des deutschen Innenministers Seehofer. Deutschland muss sicherstellen, dass deutsche Grenzsch\u00fctzer*innen weder durch aktive Beteiligung, noch durch Zeugenschaft involviert sind. Wir fordern Sanktionen gegen Kroatien und Griechenland, aber auch die aktive Beteiligung und das Decken solcher Operationen durch Frontex muss aufh\u00f6ren. Frontex hat die technischen Mittel, um Grenzen zu \u00fcberwachen und sieht als EU-Agentur keine Verantwortung f\u00fcr Menschenrechte an Europas Grenzen einzutreten. Auf jeden Fall muss Kroatien angesichts solcher Praktiken der Beitritt zum Schengener Abkommen verweigert werden\u201c, so G\u00fcnter Burkhardt, Gesch\u00e4ftsf\u00fchrer von PRO\u00a0ASYL.<\/p>\n","protected":false},"excerpt":{"rendered":"<p>PRO ASYL fordert die EU-Kommission, das Europaparlament und die Staatschef*innen der EU eindringlich auf, die illegalen Praktiken Kroatiens und anderer EU-Staaten zu beenden. Das Video (siehe auch hier) zeigt brutalste Pushbacks von Kroatien nach Bosnien und Herzegowina. \u00c4hnliche Vorf\u00e4lle sind&hellip;<\/p>\n","protected":false},"author":1411,"featured_media":1245717,"comment_status":"closed","ping_status":"closed","sticky":false,"template":"","format":"standard","meta":{"footnotes":""},"categories":[9166,9161,54569,9168,9145],"tags":[18081,9219,10654,10656],"class_list":["post-1245716","post","type-post","status-publish","format-standard","has-post-thumbnail","hentry","category-gewaltfreiheit","category-menschenrechte","category-migration","category-politik","category-pressemitteilungen","tag-eu-ausengrenzen","tag-fluchtlinge","tag-frontex-de","tag-migranten"],"yoast_head":"<!-- This site is optimized with the Yoast SEO plugin v27.1.1 - https:\/\/yoast.com\/product\/yoast-seo-wordpress\/ -->\n<title>Ersch\u00fctternde Gewalt an den EU-Au\u00dfengrenzen durch illegale Pushbacks<\/title>\n<meta name=\"description\" content=\"PRO ASYL fordert die EU-Kommission, das Europaparlament und die Staatschef*innen der EU eindringlich auf, die illegalen Praktiken Kroatiens und anderer\" \/>\n<meta name=\"robots\" content=\"index, follow, max-snippet:-1, max-image-preview:large, max-video-preview:-1\" \/>\n<link rel=\"canonical\" href=\"https:\/\/www.pressenza.com\/de\/2020\/11\/erschuetternde-gewalt-an-den-eu-aussengrenzen-durch-illegale-pushbacks\/\" \/>\n<meta property=\"og:locale\" content=\"de_DE\" \/>\n<meta property=\"og:type\" content=\"article\" \/>\n<meta property=\"og:title\" content=\"Ersch\u00fctternde Gewalt an den EU-Au\u00dfengrenzen durch illegale Pushbacks\" \/>\n<meta property=\"og:description\" content=\"PRO ASYL fordert die EU-Kommission, das Europaparlament und die Staatschef*innen der EU eindringlich auf, die illegalen Praktiken Kroatiens und anderer\" \/>\n<meta property=\"og:url\" content=\"https:\/\/www.pressenza.com\/de\/2020\/11\/erschuetternde-gewalt-an-den-eu-aussengrenzen-durch-illegale-pushbacks\/\" \/>\n<meta property=\"og:site_name\" content=\"Pressenza\" \/>\n<meta property=\"article:publisher\" content=\"https:\/\/www.facebook.com\/PressenzaItalia\" \/>\n<meta property=\"article:published_time\" content=\"2020-11-23T06:50:46+00:00\" \/>\n<meta property=\"og:image\" content=\"https:\/\/www.pressenza.com\/wp-content\/uploads\/2020\/11\/003F8B95-B1FD-4882-9373-6D25F9462D4B.jpeg\" \/>\n\t<meta property=\"og:image:width\" content=\"1920\" \/>\n\t<meta property=\"og:image:height\" content=\"1093\" \/>\n\t<meta property=\"og:image:type\" content=\"image\/jpeg\" \/>\n<meta name=\"author\" content=\"Pro Asyl\" \/>\n<meta name=\"twitter:card\" content=\"summary_large_image\" \/>\n<meta name=\"twitter:creator\" content=\"@PressenzaIPA\" \/>\n<meta name=\"twitter:site\" content=\"@PressenzaIPA\" \/>\n<meta name=\"twitter:label1\" content=\"Verfasst von\" \/>\n\t<meta name=\"twitter:data1\" content=\"Pro Asyl\" \/>\n\t<meta name=\"twitter:label2\" content=\"Gesch\u00e4tzte Lesezeit\" \/>\n\t<meta name=\"twitter:data2\" content=\"1\u00a0Minute\" \/>\n<script type=\"application\/ld+json\" class=\"yoast-schema-graph\">{\"@context\":\"https:\/\/schema.org\",\"@graph\":[{\"@type\":\"Article\",\"@id\":\"https:\/\/www.pressenza.com\/de\/2020\/11\/erschuetternde-gewalt-an-den-eu-aussengrenzen-durch-illegale-pushbacks\/#article\",\"isPartOf\":{\"@id\":\"https:\/\/www.pressenza.com\/de\/2020\/11\/erschuetternde-gewalt-an-den-eu-aussengrenzen-durch-illegale-pushbacks\/\"},\"author\":{\"name\":\"Pro Asyl\",\"@id\":\"https:\/\/www.pressenza.com\/de\/#\/schema\/person\/2a2e2e83a39e4cf3cf67ecb1e0760b14\"},\"headline\":\"Ersch\u00fctternde Gewalt an den EU-Au\u00dfengrenzen durch illegale Pushbacks\",\"datePublished\":\"2020-11-23T06:50:46+00:00\",\"mainEntityOfPage\":{\"@id\":\"https:\/\/www.pressenza.com\/de\/2020\/11\/erschuetternde-gewalt-an-den-eu-aussengrenzen-durch-illegale-pushbacks\/\"},\"wordCount\":254,\"publisher\":{\"@id\":\"https:\/\/www.pressenza.com\/de\/#organization\"},\"image\":{\"@id\":\"https:\/\/www.pressenza.com\/de\/2020\/11\/erschuetternde-gewalt-an-den-eu-aussengrenzen-durch-illegale-pushbacks\/#primaryimage\"},\"thumbnailUrl\":\"https:\/\/www.pressenza.com\/wp-content\/uploads\/2020\/11\/003F8B95-B1FD-4882-9373-6D25F9462D4B.jpeg\",\"keywords\":[\"EU-Au\u00dfengrenzen\",\"Fl\u00fcchtlinge\",\"Frontex\",\"Migranten\"],\"articleSection\":[\"Gewaltfreiheit\",\"Menschenrechte\",\"Migration\",\"Politik\",\"Pressemitteilungen\"],\"inLanguage\":\"de\"},{\"@type\":\"WebPage\",\"@id\":\"https:\/\/www.pressenza.com\/de\/2020\/11\/erschuetternde-gewalt-an-den-eu-aussengrenzen-durch-illegale-pushbacks\/\",\"url\":\"https:\/\/www.pressenza.com\/de\/2020\/11\/erschuetternde-gewalt-an-den-eu-aussengrenzen-durch-illegale-pushbacks\/\",\"name\":\"Ersch\u00fctternde Gewalt an den EU-Au\u00dfengrenzen durch illegale Pushbacks\",\"isPartOf\":{\"@id\":\"https:\/\/www.pressenza.com\/de\/#website\"},\"primaryImageOfPage\":{\"@id\":\"https:\/\/www.pressenza.com\/de\/2020\/11\/erschuetternde-gewalt-an-den-eu-aussengrenzen-durch-illegale-pushbacks\/#primaryimage\"},\"image\":{\"@id\":\"https:\/\/www.pressenza.com\/de\/2020\/11\/erschuetternde-gewalt-an-den-eu-aussengrenzen-durch-illegale-pushbacks\/#primaryimage\"},\"thumbnailUrl\":\"https:\/\/www.pressenza.com\/wp-content\/uploads\/2020\/11\/003F8B95-B1FD-4882-9373-6D25F9462D4B.jpeg\",\"datePublished\":\"2020-11-23T06:50:46+00:00\",\"description\":\"PRO ASYL fordert die EU-Kommission, das Europaparlament und die Staatschef*innen der EU eindringlich auf, die illegalen Praktiken Kroatiens und anderer\",\"breadcrumb\":{\"@id\":\"https:\/\/www.pressenza.com\/de\/2020\/11\/erschuetternde-gewalt-an-den-eu-aussengrenzen-durch-illegale-pushbacks\/#breadcrumb\"},\"inLanguage\":\"de\",\"potentialAction\":[{\"@type\":\"ReadAction\",\"target\":[\"https:\/\/www.pressenza.com\/de\/2020\/11\/erschuetternde-gewalt-an-den-eu-aussengrenzen-durch-illegale-pushbacks\/\"]}]},{\"@type\":\"ImageObject\",\"inLanguage\":\"de\",\"@id\":\"https:\/\/www.pressenza.com\/de\/2020\/11\/erschuetternde-gewalt-an-den-eu-aussengrenzen-durch-illegale-pushbacks\/#primaryimage\",\"url\":\"https:\/\/www.pressenza.com\/wp-content\/uploads\/2020\/11\/003F8B95-B1FD-4882-9373-6D25F9462D4B.jpeg\",\"contentUrl\":\"https:\/\/www.pressenza.com\/wp-content\/uploads\/2020\/11\/003F8B95-B1FD-4882-9373-6D25F9462D4B.jpeg\",\"width\":1920,\"height\":1093},{\"@type\":\"BreadcrumbList\",\"@id\":\"https:\/\/www.pressenza.com\/de\/2020\/11\/erschuetternde-gewalt-an-den-eu-aussengrenzen-durch-illegale-pushbacks\/#breadcrumb\",\"itemListElement\":[{\"@type\":\"ListItem\",\"position\":1,\"name\":\"Accueil\",\"item\":\"https:\/\/www.pressenza.com\/de\/\"},{\"@type\":\"ListItem\",\"position\":2,\"name\":\"Ersch\u00fctternde Gewalt an den EU-Au\u00dfengrenzen durch illegale Pushbacks\"}]},{\"@type\":\"WebSite\",\"@id\":\"https:\/\/www.pressenza.com\/de\/#website\",\"url\":\"https:\/\/www.pressenza.com\/de\/\",\"name\":\"Pressenza\",\"description\":\"International Press Agency\",\"publisher\":{\"@id\":\"https:\/\/www.pressenza.com\/de\/#organization\"},\"potentialAction\":[{\"@type\":\"SearchAction\",\"target\":{\"@type\":\"EntryPoint\",\"urlTemplate\":\"https:\/\/www.pressenza.com\/de\/?s={search_term_string}\"},\"query-input\":{\"@type\":\"PropertyValueSpecification\",\"valueRequired\":true,\"valueName\":\"search_term_string\"}}],\"inLanguage\":\"de\"},{\"@type\":\"Organization\",\"@id\":\"https:\/\/www.pressenza.com\/de\/#organization\",\"name\":\"Pressenza\",\"url\":\"https:\/\/www.pressenza.com\/de\/\",\"logo\":{\"@type\":\"ImageObject\",\"inLanguage\":\"de\",\"@id\":\"https:\/\/www.pressenza.com\/de\/#\/schema\/logo\/image\/\",\"url\":\"https:\/\/www.pressenza.com\/wp-content\/uploads\/2022\/10\/pressenza_logo_200x200.jpg\",\"contentUrl\":\"https:\/\/www.pressenza.com\/wp-content\/uploads\/2022\/10\/pressenza_logo_200x200.jpg\",\"width\":200,\"height\":200,\"caption\":\"Pressenza\"},\"image\":{\"@id\":\"https:\/\/www.pressenza.com\/de\/#\/schema\/logo\/image\/\"},\"sameAs\":[\"https:\/\/www.facebook.com\/PressenzaItalia\",\"https:\/\/x.com\/PressenzaIPA\"]},{\"@type\":\"Person\",\"@id\":\"https:\/\/www.pressenza.com\/de\/#\/schema\/person\/2a2e2e83a39e4cf3cf67ecb1e0760b14\",\"name\":\"Pro Asyl\",\"description\":\"Ist die selbstbestimmte und unabh\u00e4ngige Stimme f\u00fcr die Menschenrechte und den Schutz von Fl\u00fcchtlingen in Deutschland und Europa. Es ist ein Verein dessen Arbeit durch Mitgliedsbeitr\u00e4ge, Spenden und Stiftungszuwendungen finanziert wird.\",\"sameAs\":[\"https:\/\/www.proasyl.de\"],\"url\":\"https:\/\/www.pressenza.com\/de\/author\/pro-asyl\/\"}]}<\/script>\n<!-- \/ Yoast SEO plugin. -->","yoast_head_json":{"title":"Ersch\u00fctternde Gewalt an den EU-Au\u00dfengrenzen durch illegale Pushbacks","description":"PRO ASYL fordert die EU-Kommission, das Europaparlament und die Staatschef*innen der EU eindringlich auf, die illegalen Praktiken Kroatiens und anderer","robots":{"index":"index","follow":"follow","max-snippet":"max-snippet:-1","max-image-preview":"max-image-preview:large","max-video-preview":"max-video-preview:-1"},"canonical":"https:\/\/www.pressenza.com\/de\/2020\/11\/erschuetternde-gewalt-an-den-eu-aussengrenzen-durch-illegale-pushbacks\/","og_locale":"de_DE","og_type":"article","og_title":"Ersch\u00fctternde Gewalt an den EU-Au\u00dfengrenzen durch illegale Pushbacks","og_description":"PRO ASYL fordert die EU-Kommission, das Europaparlament und die Staatschef*innen der EU eindringlich auf, die illegalen Praktiken Kroatiens und anderer","og_url":"https:\/\/www.pressenza.com\/de\/2020\/11\/erschuetternde-gewalt-an-den-eu-aussengrenzen-durch-illegale-pushbacks\/","og_site_name":"Pressenza","article_publisher":"https:\/\/www.facebook.com\/PressenzaItalia","article_published_time":"2020-11-23T06:50:46+00:00","og_image":[{"width":1920,"height":1093,"url":"https:\/\/www.pressenza.com\/wp-content\/uploads\/2020\/11\/003F8B95-B1FD-4882-9373-6D25F9462D4B.jpeg","type":"image\/jpeg"}],"author":"Pro Asyl","twitter_card":"summary_large_image","twitter_creator":"@PressenzaIPA","twitter_site":"@PressenzaIPA","twitter_misc":{"Verfasst von":"Pro Asyl","Gesch\u00e4tzte Lesezeit":"1\u00a0Minute"},"schema":{"@context":"https:\/\/schema.org","@graph":[{"@type":"Article","@id":"https:\/\/www.pressenza.com\/de\/2020\/11\/erschuetternde-gewalt-an-den-eu-aussengrenzen-durch-illegale-pushbacks\/#article","isPartOf":{"@id":"https:\/\/www.pressenza.com\/de\/2020\/11\/erschuetternde-gewalt-an-den-eu-aussengrenzen-durch-illegale-pushbacks\/"},"author":{"name":"Pro Asyl","@id":"https:\/\/www.pressenza.com\/de\/#\/schema\/person\/2a2e2e83a39e4cf3cf67ecb1e0760b14"},"headline":"Ersch\u00fctternde Gewalt an den EU-Au\u00dfengrenzen durch illegale Pushbacks","datePublished":"2020-11-23T06:50:46+00:00","mainEntityOfPage":{"@id":"https:\/\/www.pressenza.com\/de\/2020\/11\/erschuetternde-gewalt-an-den-eu-aussengrenzen-durch-illegale-pushbacks\/"},"wordCount":254,"publisher":{"@id":"https:\/\/www.pressenza.com\/de\/#organization"},"image":{"@id":"https:\/\/www.pressenza.com\/de\/2020\/11\/erschuetternde-gewalt-an-den-eu-aussengrenzen-durch-illegale-pushbacks\/#primaryimage"},"thumbnailUrl":"https:\/\/www.pressenza.com\/wp-content\/uploads\/2020\/11\/003F8B95-B1FD-4882-9373-6D25F9462D4B.jpeg","keywords":["EU-Au\u00dfengrenzen","Fl\u00fcchtlinge","Frontex","Migranten"],"articleSection":["Gewaltfreiheit","Menschenrechte","Migration","Politik","Pressemitteilungen"],"inLanguage":"de"},{"@type":"WebPage","@id":"https:\/\/www.pressenza.com\/de\/2020\/11\/erschuetternde-gewalt-an-den-eu-aussengrenzen-durch-illegale-pushbacks\/","url":"https:\/\/www.pressenza.com\/de\/2020\/11\/erschuetternde-gewalt-an-den-eu-aussengrenzen-durch-illegale-pushbacks\/","name":"Ersch\u00fctternde Gewalt an den EU-Au\u00dfengrenzen durch illegale Pushbacks","isPartOf":{"@id":"https:\/\/www.pressenza.com\/de\/#website"},"primaryImageOfPage":{"@id":"https:\/\/www.pressenza.com\/de\/2020\/11\/erschuetternde-gewalt-an-den-eu-aussengrenzen-durch-illegale-pushbacks\/#primaryimage"},"image":{"@id":"https:\/\/www.pressenza.com\/de\/2020\/11\/erschuetternde-gewalt-an-den-eu-aussengrenzen-durch-illegale-pushbacks\/#primaryimage"},"thumbnailUrl":"https:\/\/www.pressenza.com\/wp-content\/uploads\/2020\/11\/003F8B95-B1FD-4882-9373-6D25F9462D4B.jpeg","datePublished":"2020-11-23T06:50:46+00:00","description":"PRO ASYL fordert die EU-Kommission, das Europaparlament und die Staatschef*innen der EU eindringlich auf, die illegalen Praktiken Kroatiens und anderer","breadcrumb":{"@id":"https:\/\/www.pressenza.com\/de\/2020\/11\/erschuetternde-gewalt-an-den-eu-aussengrenzen-durch-illegale-pushbacks\/#breadcrumb"},"inLanguage":"de","potentialAction":[{"@type":"ReadAction","target":["https:\/\/www.pressenza.com\/de\/2020\/11\/erschuetternde-gewalt-an-den-eu-aussengrenzen-durch-illegale-pushbacks\/"]}]},{"@type":"ImageObject","inLanguage":"de","@id":"https:\/\/www.pressenza.com\/de\/2020\/11\/erschuetternde-gewalt-an-den-eu-aussengrenzen-durch-illegale-pushbacks\/#primaryimage","url":"https:\/\/www.pressenza.com\/wp-content\/uploads\/2020\/11\/003F8B95-B1FD-4882-9373-6D25F9462D4B.jpeg","contentUrl":"https:\/\/www.pressenza.com\/wp-content\/uploads\/2020\/11\/003F8B95-B1FD-4882-9373-6D25F9462D4B.jpeg","width":1920,"height":1093},{"@type":"BreadcrumbList","@id":"https:\/\/www.pressenza.com\/de\/2020\/11\/erschuetternde-gewalt-an-den-eu-aussengrenzen-durch-illegale-pushbacks\/#breadcrumb","itemListElement":[{"@type":"ListItem","position":1,"name":"Accueil","item":"https:\/\/www.pressenza.com\/de\/"},{"@type":"ListItem","position":2,"name":"Ersch\u00fctternde Gewalt an den EU-Au\u00dfengrenzen durch illegale Pushbacks"}]},{"@type":"WebSite","@id":"https:\/\/www.pressenza.com\/de\/#website","url":"https:\/\/www.pressenza.com\/de\/","name":"Pressenza","description":"International Press Agency","publisher":{"@id":"https:\/\/www.pressenza.com\/de\/#organization"},"potentialAction":[{"@type":"SearchAction","target":{"@type":"EntryPoint","urlTemplate":"https:\/\/www.pressenza.com\/de\/?s={search_term_string}"},"query-input":{"@type":"PropertyValueSpecification","valueRequired":true,"valueName":"search_term_string"}}],"inLanguage":"de"},{"@type":"Organization","@id":"https:\/\/www.pressenza.com\/de\/#organization","name":"Pressenza","url":"https:\/\/www.pressenza.com\/de\/","logo":{"@type":"ImageObject","inLanguage":"de","@id":"https:\/\/www.pressenza.com\/de\/#\/schema\/logo\/image\/","url":"https:\/\/www.pressenza.com\/wp-content\/uploads\/2022\/10\/pressenza_logo_200x200.jpg","contentUrl":"https:\/\/www.pressenza.com\/wp-content\/uploads\/2022\/10\/pressenza_logo_200x200.jpg","width":200,"height":200,"caption":"Pressenza"},"image":{"@id":"https:\/\/www.pressenza.com\/de\/#\/schema\/logo\/image\/"},"sameAs":["https:\/\/www.facebook.com\/PressenzaItalia","https:\/\/x.com\/PressenzaIPA"]},{"@type":"Person","@id":"https:\/\/www.pressenza.com\/de\/#\/schema\/person\/2a2e2e83a39e4cf3cf67ecb1e0760b14","name":"Pro Asyl","description":"Ist die selbstbestimmte und unabh\u00e4ngige Stimme f\u00fcr die Menschenrechte und den Schutz von Fl\u00fcchtlingen in Deutschland und Europa. Es ist ein Verein dessen Arbeit durch Mitgliedsbeitr\u00e4ge, Spenden und Stiftungszuwendungen finanziert wird.","sameAs":["https:\/\/www.proasyl.de"],"url":"https:\/\/www.pressenza.com\/de\/author\/pro-asyl\/"}]}},"place":"","original_article_url":"https:\/\/www.proasyl.de\/pressemitteilung\/erschuetternde-gewalt-an-den-eu-aussengrenzen-durch-illegale-pushbacks\/","_links":{"self":[{"href":"https:\/\/www.pressenza.com\/de\/wp-json\/wp\/v2\/posts\/1245716","targetHints":{"allow":["GET"]}}],"collection":[{"href":"https:\/\/www.pressenza.com\/de\/wp-json\/wp\/v2\/posts"}],"about":[{"href":"https:\/\/www.pressenza.com\/de\/wp-json\/wp\/v2\/types\/post"}],"author":[{"embeddable":true,"href":"https:\/\/www.pressenza.com\/de\/wp-json\/wp\/v2\/users\/1411"}],"replies":[{"embeddable":true,"href":"https:\/\/www.pressenza.com\/de\/wp-json\/wp\/v2\/comments?post=1245716"}],"version-history":[{"count":0,"href":"https:\/\/www.pressenza.com\/de\/wp-json\/wp\/v2\/posts\/1245716\/revisions"}],"wp:featuredmedia":[{"embeddable":true,"href":"https:\/\/www.pressenza.com\/de\/wp-json\/wp\/v2\/media\/1245717"}],"wp:attachment":[{"href":"https:\/\/www.pressenza.com\/de\/wp-json\/wp\/v2\/media?parent=1245716"}],"wp:term":[{"taxonomy":"category","embeddable":true,"href":"https:\/\/www.pressenza.com\/de\/wp-json\/wp\/v2\/categories?post=1245716"},{"taxonomy":"post_tag","embeddable":true,"href":"https:\/\/www.pressenza.com\/de\/wp-json\/wp\/v2\/tags?post=1245716"}],"curies":[{"name":"wp","href":"https:\/\/api.w.org\/{rel}","templated":true}]}}