{"id":1243021,"date":"2020-11-19T14:21:16","date_gmt":"2020-11-19T14:21:16","guid":{"rendered":"https:\/\/www.pressenza.com\/?p=1243021"},"modified":"2020-11-19T14:21:16","modified_gmt":"2020-11-19T14:21:16","slug":"corona-symptomatik-im-bundestag-gesetzgebung-im-eilverfahren","status":"publish","type":"post","link":"https:\/\/www.pressenza.com\/de\/2020\/11\/corona-symptomatik-im-bundestag-gesetzgebung-im-eilverfahren\/","title":{"rendered":"Corona-Symptomatik im Bundestag &#8211; Gesetzgebung im Eilverfahren"},"content":{"rendered":"<p><strong>Die Gro\u00dfe Koalition hat ihre Corona-Ma\u00dfnahmen mit einer neuen Grundlage im Infektionsschutzgesetz (IfSG) rechtlich abgesichert und im Eiltempo eine entsprechende Gesetzes\u00e4nderung durch das Parlament gebracht. Das Institut f\u00fcr soziale Gegenwartsfragen kritisiert Tempo und Prozedere, mit dem das &#8222;Dritte Gesetz zum Schutz der Bev\u00f6lkerung bei einer epidemischen Lage von nationaler Tragweite&#8220; am 18.11. im Bundestag beschlossen worden ist.<\/strong><\/p>\n<p>Seit Monaten h\u00e4lt die Corona-Krise unsere Demokratie in Atem. Aber die Dringlichkeit zu treffender Ma\u00dfnahmen kann nicht rechtfertigen, dass Bundestag und Landtage eine Novelle des Infektionsschutzgesetzes in einem Tour de\u00a0Force-Verfahren beschlie\u00dfen und somit letztlich einfach durchwinken. Die von der Bundeskanzlerin und den Ministerpr\u00e4sidenten beabsichtigten Gesetzes\u00e4nderungen h\u00e4tten vielmehr gr\u00fcndlich in den Parlamenten beraten, Experten unterschiedlicher Disziplinen und die \u00d6ffentlichkeit in die Debatte umfassend einbezogen werden m\u00fcssen.<\/p>\n<p>Dazu erkl\u00e4rt Ulrike von Wiesenau, im Vorstand des Freiburger <a href=\"http:\/\/www.institut-fuer-soziale-gegenwartsfragen.de\/Veroeffentlichungen.html\" target=\"_blank\" rel=\"noopener noreferrer\">Instituts f\u00fcr soziale Gegenwartsfragen<\/a>:<\/p>\n<blockquote><p><em>\u201eDie Bundesregierung hat, obwohl sie eine zweite Corona-Welle f\u00fcr m\u00f6glich halten musste, die entspannteren Monate nicht genutzt, um einen nachhaltigen und verfassungskonformen Gesetzgebungsprozess zu organisieren und eine umsichtige und l\u00e4ngerfristig tragf\u00e4hige Strategie zu erarbeiten. Nun hat sie eine schnell gezimmerte Gesetzes\u00e4nderung durch das Parlament gebracht, die die Grundrechte der B\u00fcrger umfassend einschr\u00e4nken und alle Macht im Bundesgesundheitsministerium konzentrieren wird. Angesichts der weitreichenden Folgen der Gesetzesbeschl\u00fcsse \u2013 die ja nicht nur in der gegenw\u00e4rtigen Krisenlage gelten &#8211; untergraben Eilverfahren und mangelnde Transparenz einmal mehr unsere Demokratie. Eingriffe in die Grundrechte d\u00fcrfen, zumal wenn sie auf Dauer angelegt sind, nur vom Parlament in einer sorgsamen G\u00fcterabw\u00e4gung getroffen werden. Doch die Regierung, deren Aufgabe als Exekutive darin besteht, das auszuf\u00fchren, was die Legislative des gesetzgebenden Parlaments ihr auftr\u00e4gt, wird in Zeiten der Krise mit einer bedenklichen Macht ausgestattet. Die Rolle der demokratischen Kontrollinstanzen dagegen beschr\u00e4nkt sich immer h\u00e4ufiger auf das formale Beglaubigen dessen, was in Koalitionsrunden oder anderen Kontexten abseits \u00f6ffentlicher Debatten beschlossen wurde, zum Schaden unserer Demokratie.&#8220;<\/em><\/p><\/blockquote>\n","protected":false},"excerpt":{"rendered":"<p>Die Gro\u00dfe Koalition hat ihre Corona-Ma\u00dfnahmen mit einer neuen Grundlage im Infektionsschutzgesetz (IfSG) rechtlich abgesichert und im Eiltempo eine entsprechende Gesetzes\u00e4nderung durch das Parlament gebracht. Das Institut f\u00fcr soziale Gegenwartsfragen kritisiert Tempo und Prozedere, mit dem das &#8222;Dritte Gesetz zum&hellip;<\/p>\n","protected":false},"author":1095,"featured_media":1243095,"comment_status":"closed","ping_status":"closed","sticky":false,"template":"","format":"standard","meta":{"footnotes":""},"categories":[9150,9160,9168,9145],"tags":[12132,72725,9821,84152,84151,16822],"class_list":["post-1243021","post","type-post","status-publish","format-standard","has-post-thumbnail","hentry","category-europa-de","category-gesundheit","category-politik","category-pressemitteilungen","tag-bundesregierung","tag-coronakrise","tag-demokratie","tag-eilverfahren","tag-infektionsschutzgesetz-ifsg","tag-transparenz"],"yoast_head":"<!-- This site is optimized with the Yoast SEO plugin v27.1.1 - https:\/\/yoast.com\/product\/yoast-seo-wordpress\/ -->\n<title>Corona-Symptomatik im Bundestag - Gesetzgebung im Eilverfahren<\/title>\n<meta name=\"description\" content=\"Die Gro\u00dfe Koalition hat ihre Corona-Ma\u00dfnahmen mit einer neuen Grundlage im Infektionsschutzgesetz (IfSG) rechtlich abgesichert und im Eiltempo eine\" \/>\n<meta name=\"robots\" content=\"index, follow, max-snippet:-1, max-image-preview:large, max-video-preview:-1\" \/>\n<link rel=\"canonical\" href=\"https:\/\/www.pressenza.com\/de\/2020\/11\/corona-symptomatik-im-bundestag-gesetzgebung-im-eilverfahren\/\" \/>\n<meta property=\"og:locale\" content=\"de_DE\" \/>\n<meta property=\"og:type\" content=\"article\" \/>\n<meta property=\"og:title\" content=\"Corona-Symptomatik im Bundestag - Gesetzgebung im Eilverfahren\" \/>\n<meta property=\"og:description\" content=\"Die Gro\u00dfe Koalition hat ihre Corona-Ma\u00dfnahmen mit einer neuen Grundlage im Infektionsschutzgesetz (IfSG) rechtlich abgesichert und im Eiltempo eine\" \/>\n<meta property=\"og:url\" content=\"https:\/\/www.pressenza.com\/de\/2020\/11\/corona-symptomatik-im-bundestag-gesetzgebung-im-eilverfahren\/\" \/>\n<meta property=\"og:site_name\" content=\"Pressenza\" \/>\n<meta property=\"article:publisher\" content=\"https:\/\/www.facebook.com\/PressenzaItalia\" \/>\n<meta property=\"article:author\" content=\"https:\/\/www.facebook.com\/Pressenza-Deutschland-sterreich-Schweiz-281675388658060\/timeline\/\" \/>\n<meta property=\"article:published_time\" content=\"2020-11-19T14:21:16+00:00\" \/>\n<meta property=\"og:image\" content=\"https:\/\/www.pressenza.com\/wp-content\/uploads\/2020\/11\/Neues_IfSG.jpg\" \/>\n\t<meta property=\"og:image:width\" content=\"750\" \/>\n\t<meta property=\"og:image:height\" content=\"415\" \/>\n\t<meta property=\"og:image:type\" content=\"image\/jpeg\" \/>\n<meta name=\"author\" content=\"Pressenza Berlin\" \/>\n<meta name=\"twitter:card\" content=\"summary_large_image\" \/>\n<meta name=\"twitter:creator\" content=\"@pressenza_ger\" \/>\n<meta name=\"twitter:site\" content=\"@PressenzaIPA\" \/>\n<meta name=\"twitter:label1\" content=\"Verfasst von\" \/>\n\t<meta name=\"twitter:data1\" content=\"Pressenza Berlin\" \/>\n\t<meta name=\"twitter:label2\" content=\"Gesch\u00e4tzte Lesezeit\" \/>\n\t<meta name=\"twitter:data2\" content=\"2\u00a0Minuten\" \/>\n<script type=\"application\/ld+json\" class=\"yoast-schema-graph\">{\"@context\":\"https:\/\/schema.org\",\"@graph\":[{\"@type\":\"Article\",\"@id\":\"https:\/\/www.pressenza.com\/de\/2020\/11\/corona-symptomatik-im-bundestag-gesetzgebung-im-eilverfahren\/#article\",\"isPartOf\":{\"@id\":\"https:\/\/www.pressenza.com\/de\/2020\/11\/corona-symptomatik-im-bundestag-gesetzgebung-im-eilverfahren\/\"},\"author\":{\"name\":\"Pressenza Berlin\",\"@id\":\"https:\/\/www.pressenza.com\/de\/#\/schema\/person\/57bb5480943a496a7722b0248e4b658a\"},\"headline\":\"Corona-Symptomatik im Bundestag &#8211; Gesetzgebung im Eilverfahren\",\"datePublished\":\"2020-11-19T14:21:16+00:00\",\"mainEntityOfPage\":{\"@id\":\"https:\/\/www.pressenza.com\/de\/2020\/11\/corona-symptomatik-im-bundestag-gesetzgebung-im-eilverfahren\/\"},\"wordCount\":337,\"publisher\":{\"@id\":\"https:\/\/www.pressenza.com\/de\/#organization\"},\"image\":{\"@id\":\"https:\/\/www.pressenza.com\/de\/2020\/11\/corona-symptomatik-im-bundestag-gesetzgebung-im-eilverfahren\/#primaryimage\"},\"thumbnailUrl\":\"https:\/\/www.pressenza.com\/wp-content\/uploads\/2020\/11\/Neues_IfSG.jpg\",\"keywords\":[\"Bundesregierung\",\"Coronakrise\",\"Demokratie\",\"Eilverfahren\",\"Infektionsschutzgesetz (IfSG)\",\"Transparenz\"],\"articleSection\":[\"Europa\",\"Gesundheit\",\"Politik\",\"Pressemitteilungen\"],\"inLanguage\":\"de\"},{\"@type\":\"WebPage\",\"@id\":\"https:\/\/www.pressenza.com\/de\/2020\/11\/corona-symptomatik-im-bundestag-gesetzgebung-im-eilverfahren\/\",\"url\":\"https:\/\/www.pressenza.com\/de\/2020\/11\/corona-symptomatik-im-bundestag-gesetzgebung-im-eilverfahren\/\",\"name\":\"Corona-Symptomatik im Bundestag - Gesetzgebung im Eilverfahren\",\"isPartOf\":{\"@id\":\"https:\/\/www.pressenza.com\/de\/#website\"},\"primaryImageOfPage\":{\"@id\":\"https:\/\/www.pressenza.com\/de\/2020\/11\/corona-symptomatik-im-bundestag-gesetzgebung-im-eilverfahren\/#primaryimage\"},\"image\":{\"@id\":\"https:\/\/www.pressenza.com\/de\/2020\/11\/corona-symptomatik-im-bundestag-gesetzgebung-im-eilverfahren\/#primaryimage\"},\"thumbnailUrl\":\"https:\/\/www.pressenza.com\/wp-content\/uploads\/2020\/11\/Neues_IfSG.jpg\",\"datePublished\":\"2020-11-19T14:21:16+00:00\",\"description\":\"Die Gro\u00dfe Koalition hat ihre Corona-Ma\u00dfnahmen mit einer neuen Grundlage im Infektionsschutzgesetz (IfSG) rechtlich abgesichert und im Eiltempo eine\",\"breadcrumb\":{\"@id\":\"https:\/\/www.pressenza.com\/de\/2020\/11\/corona-symptomatik-im-bundestag-gesetzgebung-im-eilverfahren\/#breadcrumb\"},\"inLanguage\":\"de\",\"potentialAction\":[{\"@type\":\"ReadAction\",\"target\":[\"https:\/\/www.pressenza.com\/de\/2020\/11\/corona-symptomatik-im-bundestag-gesetzgebung-im-eilverfahren\/\"]}]},{\"@type\":\"ImageObject\",\"inLanguage\":\"de\",\"@id\":\"https:\/\/www.pressenza.com\/de\/2020\/11\/corona-symptomatik-im-bundestag-gesetzgebung-im-eilverfahren\/#primaryimage\",\"url\":\"https:\/\/www.pressenza.com\/wp-content\/uploads\/2020\/11\/Neues_IfSG.jpg\",\"contentUrl\":\"https:\/\/www.pressenza.com\/wp-content\/uploads\/2020\/11\/Neues_IfSG.jpg\",\"width\":750,\"height\":415},{\"@type\":\"BreadcrumbList\",\"@id\":\"https:\/\/www.pressenza.com\/de\/2020\/11\/corona-symptomatik-im-bundestag-gesetzgebung-im-eilverfahren\/#breadcrumb\",\"itemListElement\":[{\"@type\":\"ListItem\",\"position\":1,\"name\":\"Accueil\",\"item\":\"https:\/\/www.pressenza.com\/de\/\"},{\"@type\":\"ListItem\",\"position\":2,\"name\":\"Corona-Symptomatik im Bundestag &#8211; Gesetzgebung im Eilverfahren\"}]},{\"@type\":\"WebSite\",\"@id\":\"https:\/\/www.pressenza.com\/de\/#website\",\"url\":\"https:\/\/www.pressenza.com\/de\/\",\"name\":\"Pressenza\",\"description\":\"International Press Agency\",\"publisher\":{\"@id\":\"https:\/\/www.pressenza.com\/de\/#organization\"},\"potentialAction\":[{\"@type\":\"SearchAction\",\"target\":{\"@type\":\"EntryPoint\",\"urlTemplate\":\"https:\/\/www.pressenza.com\/de\/?s={search_term_string}\"},\"query-input\":{\"@type\":\"PropertyValueSpecification\",\"valueRequired\":true,\"valueName\":\"search_term_string\"}}],\"inLanguage\":\"de\"},{\"@type\":\"Organization\",\"@id\":\"https:\/\/www.pressenza.com\/de\/#organization\",\"name\":\"Pressenza\",\"url\":\"https:\/\/www.pressenza.com\/de\/\",\"logo\":{\"@type\":\"ImageObject\",\"inLanguage\":\"de\",\"@id\":\"https:\/\/www.pressenza.com\/de\/#\/schema\/logo\/image\/\",\"url\":\"https:\/\/www.pressenza.com\/wp-content\/uploads\/2022\/10\/pressenza_logo_200x200.jpg\",\"contentUrl\":\"https:\/\/www.pressenza.com\/wp-content\/uploads\/2022\/10\/pressenza_logo_200x200.jpg\",\"width\":200,\"height\":200,\"caption\":\"Pressenza\"},\"image\":{\"@id\":\"https:\/\/www.pressenza.com\/de\/#\/schema\/logo\/image\/\"},\"sameAs\":[\"https:\/\/www.facebook.com\/PressenzaItalia\",\"https:\/\/x.com\/PressenzaIPA\"]},{\"@type\":\"Person\",\"@id\":\"https:\/\/www.pressenza.com\/de\/#\/schema\/person\/57bb5480943a496a7722b0248e4b658a\",\"name\":\"Pressenza Berlin\",\"description\":\"News from the Pressenza Bureau in Berlin, Germany\",\"sameAs\":[\"https:\/\/www.facebook.com\/Pressenza-Deutschland-sterreich-Schweiz-281675388658060\/timeline\/\",\"https:\/\/x.com\/pressenza_ger\"],\"url\":\"https:\/\/www.pressenza.com\/de\/author\/pressenza-berlin\/\"}]}<\/script>\n<!-- \/ Yoast SEO plugin. -->","yoast_head_json":{"title":"Corona-Symptomatik im Bundestag - Gesetzgebung im Eilverfahren","description":"Die Gro\u00dfe Koalition hat ihre Corona-Ma\u00dfnahmen mit einer neuen Grundlage im Infektionsschutzgesetz (IfSG) rechtlich abgesichert und im Eiltempo eine","robots":{"index":"index","follow":"follow","max-snippet":"max-snippet:-1","max-image-preview":"max-image-preview:large","max-video-preview":"max-video-preview:-1"},"canonical":"https:\/\/www.pressenza.com\/de\/2020\/11\/corona-symptomatik-im-bundestag-gesetzgebung-im-eilverfahren\/","og_locale":"de_DE","og_type":"article","og_title":"Corona-Symptomatik im Bundestag - Gesetzgebung im Eilverfahren","og_description":"Die Gro\u00dfe Koalition hat ihre Corona-Ma\u00dfnahmen mit einer neuen Grundlage im Infektionsschutzgesetz (IfSG) rechtlich abgesichert und im Eiltempo eine","og_url":"https:\/\/www.pressenza.com\/de\/2020\/11\/corona-symptomatik-im-bundestag-gesetzgebung-im-eilverfahren\/","og_site_name":"Pressenza","article_publisher":"https:\/\/www.facebook.com\/PressenzaItalia","article_author":"https:\/\/www.facebook.com\/Pressenza-Deutschland-sterreich-Schweiz-281675388658060\/timeline\/","article_published_time":"2020-11-19T14:21:16+00:00","og_image":[{"width":750,"height":415,"url":"https:\/\/www.pressenza.com\/wp-content\/uploads\/2020\/11\/Neues_IfSG.jpg","type":"image\/jpeg"}],"author":"Pressenza Berlin","twitter_card":"summary_large_image","twitter_creator":"@pressenza_ger","twitter_site":"@PressenzaIPA","twitter_misc":{"Verfasst von":"Pressenza Berlin","Gesch\u00e4tzte Lesezeit":"2\u00a0Minuten"},"schema":{"@context":"https:\/\/schema.org","@graph":[{"@type":"Article","@id":"https:\/\/www.pressenza.com\/de\/2020\/11\/corona-symptomatik-im-bundestag-gesetzgebung-im-eilverfahren\/#article","isPartOf":{"@id":"https:\/\/www.pressenza.com\/de\/2020\/11\/corona-symptomatik-im-bundestag-gesetzgebung-im-eilverfahren\/"},"author":{"name":"Pressenza Berlin","@id":"https:\/\/www.pressenza.com\/de\/#\/schema\/person\/57bb5480943a496a7722b0248e4b658a"},"headline":"Corona-Symptomatik im Bundestag &#8211; Gesetzgebung im Eilverfahren","datePublished":"2020-11-19T14:21:16+00:00","mainEntityOfPage":{"@id":"https:\/\/www.pressenza.com\/de\/2020\/11\/corona-symptomatik-im-bundestag-gesetzgebung-im-eilverfahren\/"},"wordCount":337,"publisher":{"@id":"https:\/\/www.pressenza.com\/de\/#organization"},"image":{"@id":"https:\/\/www.pressenza.com\/de\/2020\/11\/corona-symptomatik-im-bundestag-gesetzgebung-im-eilverfahren\/#primaryimage"},"thumbnailUrl":"https:\/\/www.pressenza.com\/wp-content\/uploads\/2020\/11\/Neues_IfSG.jpg","keywords":["Bundesregierung","Coronakrise","Demokratie","Eilverfahren","Infektionsschutzgesetz (IfSG)","Transparenz"],"articleSection":["Europa","Gesundheit","Politik","Pressemitteilungen"],"inLanguage":"de"},{"@type":"WebPage","@id":"https:\/\/www.pressenza.com\/de\/2020\/11\/corona-symptomatik-im-bundestag-gesetzgebung-im-eilverfahren\/","url":"https:\/\/www.pressenza.com\/de\/2020\/11\/corona-symptomatik-im-bundestag-gesetzgebung-im-eilverfahren\/","name":"Corona-Symptomatik im Bundestag - Gesetzgebung im Eilverfahren","isPartOf":{"@id":"https:\/\/www.pressenza.com\/de\/#website"},"primaryImageOfPage":{"@id":"https:\/\/www.pressenza.com\/de\/2020\/11\/corona-symptomatik-im-bundestag-gesetzgebung-im-eilverfahren\/#primaryimage"},"image":{"@id":"https:\/\/www.pressenza.com\/de\/2020\/11\/corona-symptomatik-im-bundestag-gesetzgebung-im-eilverfahren\/#primaryimage"},"thumbnailUrl":"https:\/\/www.pressenza.com\/wp-content\/uploads\/2020\/11\/Neues_IfSG.jpg","datePublished":"2020-11-19T14:21:16+00:00","description":"Die Gro\u00dfe Koalition hat ihre Corona-Ma\u00dfnahmen mit einer neuen Grundlage im Infektionsschutzgesetz (IfSG) rechtlich abgesichert und im Eiltempo eine","breadcrumb":{"@id":"https:\/\/www.pressenza.com\/de\/2020\/11\/corona-symptomatik-im-bundestag-gesetzgebung-im-eilverfahren\/#breadcrumb"},"inLanguage":"de","potentialAction":[{"@type":"ReadAction","target":["https:\/\/www.pressenza.com\/de\/2020\/11\/corona-symptomatik-im-bundestag-gesetzgebung-im-eilverfahren\/"]}]},{"@type":"ImageObject","inLanguage":"de","@id":"https:\/\/www.pressenza.com\/de\/2020\/11\/corona-symptomatik-im-bundestag-gesetzgebung-im-eilverfahren\/#primaryimage","url":"https:\/\/www.pressenza.com\/wp-content\/uploads\/2020\/11\/Neues_IfSG.jpg","contentUrl":"https:\/\/www.pressenza.com\/wp-content\/uploads\/2020\/11\/Neues_IfSG.jpg","width":750,"height":415},{"@type":"BreadcrumbList","@id":"https:\/\/www.pressenza.com\/de\/2020\/11\/corona-symptomatik-im-bundestag-gesetzgebung-im-eilverfahren\/#breadcrumb","itemListElement":[{"@type":"ListItem","position":1,"name":"Accueil","item":"https:\/\/www.pressenza.com\/de\/"},{"@type":"ListItem","position":2,"name":"Corona-Symptomatik im Bundestag &#8211; Gesetzgebung im Eilverfahren"}]},{"@type":"WebSite","@id":"https:\/\/www.pressenza.com\/de\/#website","url":"https:\/\/www.pressenza.com\/de\/","name":"Pressenza","description":"International Press Agency","publisher":{"@id":"https:\/\/www.pressenza.com\/de\/#organization"},"potentialAction":[{"@type":"SearchAction","target":{"@type":"EntryPoint","urlTemplate":"https:\/\/www.pressenza.com\/de\/?s={search_term_string}"},"query-input":{"@type":"PropertyValueSpecification","valueRequired":true,"valueName":"search_term_string"}}],"inLanguage":"de"},{"@type":"Organization","@id":"https:\/\/www.pressenza.com\/de\/#organization","name":"Pressenza","url":"https:\/\/www.pressenza.com\/de\/","logo":{"@type":"ImageObject","inLanguage":"de","@id":"https:\/\/www.pressenza.com\/de\/#\/schema\/logo\/image\/","url":"https:\/\/www.pressenza.com\/wp-content\/uploads\/2022\/10\/pressenza_logo_200x200.jpg","contentUrl":"https:\/\/www.pressenza.com\/wp-content\/uploads\/2022\/10\/pressenza_logo_200x200.jpg","width":200,"height":200,"caption":"Pressenza"},"image":{"@id":"https:\/\/www.pressenza.com\/de\/#\/schema\/logo\/image\/"},"sameAs":["https:\/\/www.facebook.com\/PressenzaItalia","https:\/\/x.com\/PressenzaIPA"]},{"@type":"Person","@id":"https:\/\/www.pressenza.com\/de\/#\/schema\/person\/57bb5480943a496a7722b0248e4b658a","name":"Pressenza Berlin","description":"News from the Pressenza Bureau in Berlin, Germany","sameAs":["https:\/\/www.facebook.com\/Pressenza-Deutschland-sterreich-Schweiz-281675388658060\/timeline\/","https:\/\/x.com\/pressenza_ger"],"url":"https:\/\/www.pressenza.com\/de\/author\/pressenza-berlin\/"}]}},"place":"Institut f\u00fcr soziale Gegenwartsfragen","original_article_url":"","_links":{"self":[{"href":"https:\/\/www.pressenza.com\/de\/wp-json\/wp\/v2\/posts\/1243021","targetHints":{"allow":["GET"]}}],"collection":[{"href":"https:\/\/www.pressenza.com\/de\/wp-json\/wp\/v2\/posts"}],"about":[{"href":"https:\/\/www.pressenza.com\/de\/wp-json\/wp\/v2\/types\/post"}],"author":[{"embeddable":true,"href":"https:\/\/www.pressenza.com\/de\/wp-json\/wp\/v2\/users\/1095"}],"replies":[{"embeddable":true,"href":"https:\/\/www.pressenza.com\/de\/wp-json\/wp\/v2\/comments?post=1243021"}],"version-history":[{"count":0,"href":"https:\/\/www.pressenza.com\/de\/wp-json\/wp\/v2\/posts\/1243021\/revisions"}],"wp:featuredmedia":[{"embeddable":true,"href":"https:\/\/www.pressenza.com\/de\/wp-json\/wp\/v2\/media\/1243095"}],"wp:attachment":[{"href":"https:\/\/www.pressenza.com\/de\/wp-json\/wp\/v2\/media?parent=1243021"}],"wp:term":[{"taxonomy":"category","embeddable":true,"href":"https:\/\/www.pressenza.com\/de\/wp-json\/wp\/v2\/categories?post=1243021"},{"taxonomy":"post_tag","embeddable":true,"href":"https:\/\/www.pressenza.com\/de\/wp-json\/wp\/v2\/tags?post=1243021"}],"curies":[{"name":"wp","href":"https:\/\/api.w.org\/{rel}","templated":true}]}}