{"id":1236662,"date":"2020-11-11T06:32:48","date_gmt":"2020-11-11T06:32:48","guid":{"rendered":"https:\/\/www.pressenza.com\/?p=1236662"},"modified":"2020-11-11T06:32:48","modified_gmt":"2020-11-11T06:32:48","slug":"gemeinnuetzigkeit-buendnis-stellt-forderungskatalog-vor","status":"publish","type":"post","link":"https:\/\/www.pressenza.com\/de\/2020\/11\/gemeinnuetzigkeit-buendnis-stellt-forderungskatalog-vor\/","title":{"rendered":"Gemeinn\u00fctzigkeit: B\u00fcndnis stellt Forderungskatalog vor"},"content":{"rendered":"<div class=\"detail__teaser detail__teaser--below\">\n<p><strong>Entscheidende Woche im Bundestag f\u00fcr Zivilgesellschaft<\/strong><\/p>\n<\/div>\n<div class=\"detail__content\">\n<div class=\"detail__content-body\">\n<p>Diese Woche fallen wichtige Entscheidungen zur Zukunft gemeinn\u00fctziger Organisationen und Vereine: Am Mittwoch steht das Jahressteuergesetz auf der Tagesordnung des Finanzausschusses, am Freitag wird es im Bundestag beraten.\u00a0 Zusammen mit einem breiten B\u00fcndnis aus zw\u00f6lf weiteren zivilgesellschaftlichen Akteuren von Amnesty International \u00fcber Campact bis zum Deutschen Tierschutzbund hat Attac daher heute einen aktuellen<a href=\"https:\/\/www.attac.de\/fileadmin\/user_upload\/bundesebene\/Pressegruppe\/Verbaendepapier.pdf\"> Forderungskatalog zur Reform des Gemeinn\u00fctzigkeitsrechts<\/a> vorgestellt. Die Kernforderungen sollen dringend in das Jahressteuergesetz einflie\u00dfen.<\/p>\n<p>Die 13 Organisationen sind sich einig, dass die Abgabenordnung (AO) und\u00a0der dazugeh\u00f6rige Anwendungserlass, mit dessen Hilfe die Finanz\u00e4mter das Gemeinn\u00fctzigkeitsrecht auslegen, dringend nachgebessert werden m\u00fcssen.\u00a0Ihre gemeinsamen Kernforderungen lauten:<\/p>\n<ol>\n<li>Erg\u00e4nzung fehlender gemeinn\u00fctziger Zwecke<\/li>\n<li>Neuauslegung des bestehenden gemeinn\u00fctzigen Zwecks \u201epolitische Bildung\u201d<\/li>\n<li>Rechtssicherheit f\u00fcr politische Bet\u00e4tigung zur Verfolgung des eigenen Zwecks<\/li>\n<li>Engagement \u00fcber die eigenen Satzungszwecke hinaus<\/li>\n<li>Streichung der Beweislastumkehr<\/li>\n<\/ol>\n<p>Dar\u00fcber hinaus kritisiert das B\u00fcndnis \u00dcberlegungen von Bund und L\u00e4ndern, eine neue politische K\u00f6rperschaft au\u00dferhalb des Gemeinn\u00fctzigkeitsrechts zu schaffen, mit der die emanzipatorische Zivilgesellschaft gespalten w\u00fcrde in einen angeblich unpolitischen gemeinn\u00fctzigen Teil und einen angeblich nicht gemeinn\u00fctzigen politischen Teil.<\/p>\n<p>&#8222;Zivilgesellschaftliche Organisationen sind eine gro\u00dfe St\u00fctze unserer Gesellschaft. Wie<br \/>\nrelevant das Engagement der gemeinn\u00fctzigen Zivilgesellschaft ist, hat die Corona-Pandemie erneut in drastischer Weise gezeigt. Aber auch als W\u00e4chterin \u00fcber eine funktionierende Demokratie, Teilnehmerin an der politischen Willensbildung und nicht zuletzt zur Bildung von Gemeinschaft und Gemeinsinn leistet die Zivilgesellschaft einen unsch\u00e4tzbaren Dienst&#8220;, hei\u00dft es in dem B\u00fcndnispapier.\u00a0 Das Urteil des Bundesfinanzhofes (BFH) gegen Attac aus dem Januar 2019 habe das Verst\u00e4ndnis vieler gemeinn\u00fctziger Organisationen ersch\u00fcttert, gestaltender Teil dieser Gesellschaft zu sein. Seitdem sei die Unsicherheit dar\u00fcber, wie sehr sie sich auch politisch engagieren d\u00fcrfen, ohne den Verlust ihrer Gemeinn\u00fctzigkeit zu riskieren, noch gr\u00f6\u00dfer geworden. &#8222;Betroffen von dieser Rechtsunsicherheit sind jedoch nicht nur prim\u00e4r politisch aktive Organisationen. Regelungsbedarf besteht f\u00fcr Akteur*innen aus der Breite der Gesellschaft: f\u00fcr Sportvereine, Musikvereine, B\u00fcrger*innenvereine wie auch f\u00fcr Umweltorganisationen oder Initiativen, die sich gegen Rassismus, Antisemitismus und f\u00fcr soziale Gerechtigkeit einsetzen&#8220;, schreiben die Verfasser*innen weiter.<\/p>\n<p>Das Papier wird getragen von Amnesty International, Attac, dem BUND, Campact, dem Deutschen Tierschutzbund, Foodwatch, der Gesellschaft f\u00fcr Freiheitsrechte, Greenpeace, Lobby Control, Mehr Demokratie, den Naturfreunde Deutschlands, Oxfam und\u00a0Transparency International.<\/p>\n<p><a href=\"https:\/\/www.attac.de\/startseite\/teaser-detailansicht\/news\/gemeinnuetzigkeit-buendnis-stellt-forderungskatalog-vor\/\"><em>Originalartikel<\/em><\/a><\/p>\n<\/div>\n<\/div>\n","protected":false},"excerpt":{"rendered":"<p>Entscheidende Woche im Bundestag f\u00fcr Zivilgesellschaft Diese Woche fallen wichtige Entscheidungen zur Zukunft gemeinn\u00fctziger Organisationen und Vereine: Am Mittwoch steht das Jahressteuergesetz auf der Tagesordnung des Finanzausschusses, am Freitag wird es im Bundestag beraten.\u00a0 Zusammen mit einem breiten B\u00fcndnis aus&hellip;<\/p>\n","protected":false},"author":1096,"featured_media":1236663,"comment_status":"closed","ping_status":"closed","sticky":false,"template":"","format":"standard","meta":{"footnotes":""},"categories":[9161,9157,9168,9145],"tags":[83756,55684,42283],"class_list":["post-1236662","post","type-post","status-publish","format-standard","has-post-thumbnail","hentry","category-menschenrechte","category-oekologie-und-umwelt","category-politik","category-pressemitteilungen","tag-abgabenordnung","tag-gemeinnuetzigkeit","tag-zivilgesellschaft"],"yoast_head":"<!-- This site is optimized with the Yoast SEO plugin v27.1.1 - https:\/\/yoast.com\/product\/yoast-seo-wordpress\/ -->\n<title>Gemeinn\u00fctzigkeit: B\u00fcndnis stellt Forderungskatalog vor<\/title>\n<meta name=\"description\" content=\"Entscheidende Woche im Bundestag f\u00fcr Zivilgesellschaft Diese Woche fallen wichtige Entscheidungen zur Zukunft gemeinn\u00fctziger Organisationen und Vereine:\" \/>\n<meta name=\"robots\" content=\"index, follow, max-snippet:-1, max-image-preview:large, max-video-preview:-1\" \/>\n<link rel=\"canonical\" href=\"https:\/\/www.pressenza.com\/de\/2020\/11\/gemeinnuetzigkeit-buendnis-stellt-forderungskatalog-vor\/\" \/>\n<meta property=\"og:locale\" content=\"de_DE\" \/>\n<meta property=\"og:type\" content=\"article\" \/>\n<meta property=\"og:title\" content=\"Gemeinn\u00fctzigkeit: B\u00fcndnis stellt Forderungskatalog vor\" \/>\n<meta property=\"og:description\" content=\"Entscheidende Woche im Bundestag f\u00fcr Zivilgesellschaft Diese Woche fallen wichtige Entscheidungen zur Zukunft gemeinn\u00fctziger Organisationen und Vereine:\" \/>\n<meta property=\"og:url\" content=\"https:\/\/www.pressenza.com\/de\/2020\/11\/gemeinnuetzigkeit-buendnis-stellt-forderungskatalog-vor\/\" \/>\n<meta property=\"og:site_name\" content=\"Pressenza\" \/>\n<meta property=\"article:publisher\" content=\"https:\/\/www.facebook.com\/PressenzaItalia\" \/>\n<meta property=\"article:published_time\" content=\"2020-11-11T06:32:48+00:00\" \/>\n<meta property=\"og:image\" content=\"https:\/\/www.pressenza.com\/wp-content\/uploads\/2020\/11\/csm_photo_2020-11-02_12-25-10_3b5e827837.v1.jpg\" \/>\n\t<meta property=\"og:image:width\" content=\"1920\" \/>\n\t<meta property=\"og:image:height\" content=\"1280\" \/>\n\t<meta property=\"og:image:type\" content=\"image\/jpeg\" \/>\n<meta name=\"author\" content=\"Pressenza Wien\" \/>\n<meta name=\"twitter:card\" content=\"summary_large_image\" \/>\n<meta name=\"twitter:creator\" content=\"@pressenza_ger\" \/>\n<meta name=\"twitter:site\" content=\"@PressenzaIPA\" \/>\n<meta name=\"twitter:label1\" content=\"Verfasst von\" \/>\n\t<meta name=\"twitter:data1\" content=\"Pressenza Wien\" \/>\n\t<meta name=\"twitter:label2\" content=\"Gesch\u00e4tzte Lesezeit\" \/>\n\t<meta name=\"twitter:data2\" content=\"2\u00a0Minuten\" \/>\n<script type=\"application\/ld+json\" class=\"yoast-schema-graph\">{\"@context\":\"https:\/\/schema.org\",\"@graph\":[{\"@type\":\"Article\",\"@id\":\"https:\/\/www.pressenza.com\/de\/2020\/11\/gemeinnuetzigkeit-buendnis-stellt-forderungskatalog-vor\/#article\",\"isPartOf\":{\"@id\":\"https:\/\/www.pressenza.com\/de\/2020\/11\/gemeinnuetzigkeit-buendnis-stellt-forderungskatalog-vor\/\"},\"author\":{\"name\":\"Pressenza Wien\",\"@id\":\"https:\/\/www.pressenza.com\/de\/#\/schema\/person\/3df859e5bf9b19ab936f666e0177e38b\"},\"headline\":\"Gemeinn\u00fctzigkeit: B\u00fcndnis stellt Forderungskatalog vor\",\"datePublished\":\"2020-11-11T06:32:48+00:00\",\"mainEntityOfPage\":{\"@id\":\"https:\/\/www.pressenza.com\/de\/2020\/11\/gemeinnuetzigkeit-buendnis-stellt-forderungskatalog-vor\/\"},\"wordCount\":405,\"publisher\":{\"@id\":\"https:\/\/www.pressenza.com\/de\/#organization\"},\"image\":{\"@id\":\"https:\/\/www.pressenza.com\/de\/2020\/11\/gemeinnuetzigkeit-buendnis-stellt-forderungskatalog-vor\/#primaryimage\"},\"thumbnailUrl\":\"https:\/\/www.pressenza.com\/wp-content\/uploads\/2020\/11\/csm_photo_2020-11-02_12-25-10_3b5e827837.v1.jpg\",\"keywords\":[\"Abgabenordnung\",\"Gemeinn\u00fctzigkeit\",\"Zivilgesellschaft\"],\"articleSection\":[\"Menschenrechte\",\"\u00d6kologie und Umwelt\",\"Politik\",\"Pressemitteilungen\"],\"inLanguage\":\"de\"},{\"@type\":\"WebPage\",\"@id\":\"https:\/\/www.pressenza.com\/de\/2020\/11\/gemeinnuetzigkeit-buendnis-stellt-forderungskatalog-vor\/\",\"url\":\"https:\/\/www.pressenza.com\/de\/2020\/11\/gemeinnuetzigkeit-buendnis-stellt-forderungskatalog-vor\/\",\"name\":\"Gemeinn\u00fctzigkeit: B\u00fcndnis stellt Forderungskatalog vor\",\"isPartOf\":{\"@id\":\"https:\/\/www.pressenza.com\/de\/#website\"},\"primaryImageOfPage\":{\"@id\":\"https:\/\/www.pressenza.com\/de\/2020\/11\/gemeinnuetzigkeit-buendnis-stellt-forderungskatalog-vor\/#primaryimage\"},\"image\":{\"@id\":\"https:\/\/www.pressenza.com\/de\/2020\/11\/gemeinnuetzigkeit-buendnis-stellt-forderungskatalog-vor\/#primaryimage\"},\"thumbnailUrl\":\"https:\/\/www.pressenza.com\/wp-content\/uploads\/2020\/11\/csm_photo_2020-11-02_12-25-10_3b5e827837.v1.jpg\",\"datePublished\":\"2020-11-11T06:32:48+00:00\",\"description\":\"Entscheidende Woche im Bundestag f\u00fcr Zivilgesellschaft Diese Woche fallen wichtige Entscheidungen zur Zukunft gemeinn\u00fctziger Organisationen und Vereine:\",\"breadcrumb\":{\"@id\":\"https:\/\/www.pressenza.com\/de\/2020\/11\/gemeinnuetzigkeit-buendnis-stellt-forderungskatalog-vor\/#breadcrumb\"},\"inLanguage\":\"de\",\"potentialAction\":[{\"@type\":\"ReadAction\",\"target\":[\"https:\/\/www.pressenza.com\/de\/2020\/11\/gemeinnuetzigkeit-buendnis-stellt-forderungskatalog-vor\/\"]}]},{\"@type\":\"ImageObject\",\"inLanguage\":\"de\",\"@id\":\"https:\/\/www.pressenza.com\/de\/2020\/11\/gemeinnuetzigkeit-buendnis-stellt-forderungskatalog-vor\/#primaryimage\",\"url\":\"https:\/\/www.pressenza.com\/wp-content\/uploads\/2020\/11\/csm_photo_2020-11-02_12-25-10_3b5e827837.v1.jpg\",\"contentUrl\":\"https:\/\/www.pressenza.com\/wp-content\/uploads\/2020\/11\/csm_photo_2020-11-02_12-25-10_3b5e827837.v1.jpg\",\"width\":1920,\"height\":1280},{\"@type\":\"BreadcrumbList\",\"@id\":\"https:\/\/www.pressenza.com\/de\/2020\/11\/gemeinnuetzigkeit-buendnis-stellt-forderungskatalog-vor\/#breadcrumb\",\"itemListElement\":[{\"@type\":\"ListItem\",\"position\":1,\"name\":\"Accueil\",\"item\":\"https:\/\/www.pressenza.com\/de\/\"},{\"@type\":\"ListItem\",\"position\":2,\"name\":\"Gemeinn\u00fctzigkeit: B\u00fcndnis stellt Forderungskatalog vor\"}]},{\"@type\":\"WebSite\",\"@id\":\"https:\/\/www.pressenza.com\/de\/#website\",\"url\":\"https:\/\/www.pressenza.com\/de\/\",\"name\":\"Pressenza\",\"description\":\"International Press Agency\",\"publisher\":{\"@id\":\"https:\/\/www.pressenza.com\/de\/#organization\"},\"potentialAction\":[{\"@type\":\"SearchAction\",\"target\":{\"@type\":\"EntryPoint\",\"urlTemplate\":\"https:\/\/www.pressenza.com\/de\/?s={search_term_string}\"},\"query-input\":{\"@type\":\"PropertyValueSpecification\",\"valueRequired\":true,\"valueName\":\"search_term_string\"}}],\"inLanguage\":\"de\"},{\"@type\":\"Organization\",\"@id\":\"https:\/\/www.pressenza.com\/de\/#organization\",\"name\":\"Pressenza\",\"url\":\"https:\/\/www.pressenza.com\/de\/\",\"logo\":{\"@type\":\"ImageObject\",\"inLanguage\":\"de\",\"@id\":\"https:\/\/www.pressenza.com\/de\/#\/schema\/logo\/image\/\",\"url\":\"https:\/\/www.pressenza.com\/wp-content\/uploads\/2022\/10\/pressenza_logo_200x200.jpg\",\"contentUrl\":\"https:\/\/www.pressenza.com\/wp-content\/uploads\/2022\/10\/pressenza_logo_200x200.jpg\",\"width\":200,\"height\":200,\"caption\":\"Pressenza\"},\"image\":{\"@id\":\"https:\/\/www.pressenza.com\/de\/#\/schema\/logo\/image\/\"},\"sameAs\":[\"https:\/\/www.facebook.com\/PressenzaItalia\",\"https:\/\/x.com\/PressenzaIPA\"]},{\"@type\":\"Person\",\"@id\":\"https:\/\/www.pressenza.com\/de\/#\/schema\/person\/3df859e5bf9b19ab936f666e0177e38b\",\"name\":\"Pressenza Wien\",\"description\":\"News from the Pressenza Bureau in Vienna, Austria\",\"sameAs\":[\"https:\/\/x.com\/pressenza_ger\"],\"url\":\"https:\/\/www.pressenza.com\/de\/author\/pressenza-wien\/\"}]}<\/script>\n<!-- \/ Yoast SEO plugin. -->","yoast_head_json":{"title":"Gemeinn\u00fctzigkeit: B\u00fcndnis stellt Forderungskatalog vor","description":"Entscheidende Woche im Bundestag f\u00fcr Zivilgesellschaft Diese Woche fallen wichtige Entscheidungen zur Zukunft gemeinn\u00fctziger Organisationen und Vereine:","robots":{"index":"index","follow":"follow","max-snippet":"max-snippet:-1","max-image-preview":"max-image-preview:large","max-video-preview":"max-video-preview:-1"},"canonical":"https:\/\/www.pressenza.com\/de\/2020\/11\/gemeinnuetzigkeit-buendnis-stellt-forderungskatalog-vor\/","og_locale":"de_DE","og_type":"article","og_title":"Gemeinn\u00fctzigkeit: B\u00fcndnis stellt Forderungskatalog vor","og_description":"Entscheidende Woche im Bundestag f\u00fcr Zivilgesellschaft Diese Woche fallen wichtige Entscheidungen zur Zukunft gemeinn\u00fctziger Organisationen und Vereine:","og_url":"https:\/\/www.pressenza.com\/de\/2020\/11\/gemeinnuetzigkeit-buendnis-stellt-forderungskatalog-vor\/","og_site_name":"Pressenza","article_publisher":"https:\/\/www.facebook.com\/PressenzaItalia","article_published_time":"2020-11-11T06:32:48+00:00","og_image":[{"width":1920,"height":1280,"url":"https:\/\/www.pressenza.com\/wp-content\/uploads\/2020\/11\/csm_photo_2020-11-02_12-25-10_3b5e827837.v1.jpg","type":"image\/jpeg"}],"author":"Pressenza Wien","twitter_card":"summary_large_image","twitter_creator":"@pressenza_ger","twitter_site":"@PressenzaIPA","twitter_misc":{"Verfasst von":"Pressenza Wien","Gesch\u00e4tzte Lesezeit":"2\u00a0Minuten"},"schema":{"@context":"https:\/\/schema.org","@graph":[{"@type":"Article","@id":"https:\/\/www.pressenza.com\/de\/2020\/11\/gemeinnuetzigkeit-buendnis-stellt-forderungskatalog-vor\/#article","isPartOf":{"@id":"https:\/\/www.pressenza.com\/de\/2020\/11\/gemeinnuetzigkeit-buendnis-stellt-forderungskatalog-vor\/"},"author":{"name":"Pressenza Wien","@id":"https:\/\/www.pressenza.com\/de\/#\/schema\/person\/3df859e5bf9b19ab936f666e0177e38b"},"headline":"Gemeinn\u00fctzigkeit: B\u00fcndnis stellt Forderungskatalog vor","datePublished":"2020-11-11T06:32:48+00:00","mainEntityOfPage":{"@id":"https:\/\/www.pressenza.com\/de\/2020\/11\/gemeinnuetzigkeit-buendnis-stellt-forderungskatalog-vor\/"},"wordCount":405,"publisher":{"@id":"https:\/\/www.pressenza.com\/de\/#organization"},"image":{"@id":"https:\/\/www.pressenza.com\/de\/2020\/11\/gemeinnuetzigkeit-buendnis-stellt-forderungskatalog-vor\/#primaryimage"},"thumbnailUrl":"https:\/\/www.pressenza.com\/wp-content\/uploads\/2020\/11\/csm_photo_2020-11-02_12-25-10_3b5e827837.v1.jpg","keywords":["Abgabenordnung","Gemeinn\u00fctzigkeit","Zivilgesellschaft"],"articleSection":["Menschenrechte","\u00d6kologie und Umwelt","Politik","Pressemitteilungen"],"inLanguage":"de"},{"@type":"WebPage","@id":"https:\/\/www.pressenza.com\/de\/2020\/11\/gemeinnuetzigkeit-buendnis-stellt-forderungskatalog-vor\/","url":"https:\/\/www.pressenza.com\/de\/2020\/11\/gemeinnuetzigkeit-buendnis-stellt-forderungskatalog-vor\/","name":"Gemeinn\u00fctzigkeit: B\u00fcndnis stellt Forderungskatalog vor","isPartOf":{"@id":"https:\/\/www.pressenza.com\/de\/#website"},"primaryImageOfPage":{"@id":"https:\/\/www.pressenza.com\/de\/2020\/11\/gemeinnuetzigkeit-buendnis-stellt-forderungskatalog-vor\/#primaryimage"},"image":{"@id":"https:\/\/www.pressenza.com\/de\/2020\/11\/gemeinnuetzigkeit-buendnis-stellt-forderungskatalog-vor\/#primaryimage"},"thumbnailUrl":"https:\/\/www.pressenza.com\/wp-content\/uploads\/2020\/11\/csm_photo_2020-11-02_12-25-10_3b5e827837.v1.jpg","datePublished":"2020-11-11T06:32:48+00:00","description":"Entscheidende Woche im Bundestag f\u00fcr Zivilgesellschaft Diese Woche fallen wichtige Entscheidungen zur Zukunft gemeinn\u00fctziger Organisationen und Vereine:","breadcrumb":{"@id":"https:\/\/www.pressenza.com\/de\/2020\/11\/gemeinnuetzigkeit-buendnis-stellt-forderungskatalog-vor\/#breadcrumb"},"inLanguage":"de","potentialAction":[{"@type":"ReadAction","target":["https:\/\/www.pressenza.com\/de\/2020\/11\/gemeinnuetzigkeit-buendnis-stellt-forderungskatalog-vor\/"]}]},{"@type":"ImageObject","inLanguage":"de","@id":"https:\/\/www.pressenza.com\/de\/2020\/11\/gemeinnuetzigkeit-buendnis-stellt-forderungskatalog-vor\/#primaryimage","url":"https:\/\/www.pressenza.com\/wp-content\/uploads\/2020\/11\/csm_photo_2020-11-02_12-25-10_3b5e827837.v1.jpg","contentUrl":"https:\/\/www.pressenza.com\/wp-content\/uploads\/2020\/11\/csm_photo_2020-11-02_12-25-10_3b5e827837.v1.jpg","width":1920,"height":1280},{"@type":"BreadcrumbList","@id":"https:\/\/www.pressenza.com\/de\/2020\/11\/gemeinnuetzigkeit-buendnis-stellt-forderungskatalog-vor\/#breadcrumb","itemListElement":[{"@type":"ListItem","position":1,"name":"Accueil","item":"https:\/\/www.pressenza.com\/de\/"},{"@type":"ListItem","position":2,"name":"Gemeinn\u00fctzigkeit: B\u00fcndnis stellt Forderungskatalog vor"}]},{"@type":"WebSite","@id":"https:\/\/www.pressenza.com\/de\/#website","url":"https:\/\/www.pressenza.com\/de\/","name":"Pressenza","description":"International Press Agency","publisher":{"@id":"https:\/\/www.pressenza.com\/de\/#organization"},"potentialAction":[{"@type":"SearchAction","target":{"@type":"EntryPoint","urlTemplate":"https:\/\/www.pressenza.com\/de\/?s={search_term_string}"},"query-input":{"@type":"PropertyValueSpecification","valueRequired":true,"valueName":"search_term_string"}}],"inLanguage":"de"},{"@type":"Organization","@id":"https:\/\/www.pressenza.com\/de\/#organization","name":"Pressenza","url":"https:\/\/www.pressenza.com\/de\/","logo":{"@type":"ImageObject","inLanguage":"de","@id":"https:\/\/www.pressenza.com\/de\/#\/schema\/logo\/image\/","url":"https:\/\/www.pressenza.com\/wp-content\/uploads\/2022\/10\/pressenza_logo_200x200.jpg","contentUrl":"https:\/\/www.pressenza.com\/wp-content\/uploads\/2022\/10\/pressenza_logo_200x200.jpg","width":200,"height":200,"caption":"Pressenza"},"image":{"@id":"https:\/\/www.pressenza.com\/de\/#\/schema\/logo\/image\/"},"sameAs":["https:\/\/www.facebook.com\/PressenzaItalia","https:\/\/x.com\/PressenzaIPA"]},{"@type":"Person","@id":"https:\/\/www.pressenza.com\/de\/#\/schema\/person\/3df859e5bf9b19ab936f666e0177e38b","name":"Pressenza Wien","description":"News from the Pressenza Bureau in Vienna, Austria","sameAs":["https:\/\/x.com\/pressenza_ger"],"url":"https:\/\/www.pressenza.com\/de\/author\/pressenza-wien\/"}]}},"place":"Attac","original_article_url":"","_links":{"self":[{"href":"https:\/\/www.pressenza.com\/de\/wp-json\/wp\/v2\/posts\/1236662","targetHints":{"allow":["GET"]}}],"collection":[{"href":"https:\/\/www.pressenza.com\/de\/wp-json\/wp\/v2\/posts"}],"about":[{"href":"https:\/\/www.pressenza.com\/de\/wp-json\/wp\/v2\/types\/post"}],"author":[{"embeddable":true,"href":"https:\/\/www.pressenza.com\/de\/wp-json\/wp\/v2\/users\/1096"}],"replies":[{"embeddable":true,"href":"https:\/\/www.pressenza.com\/de\/wp-json\/wp\/v2\/comments?post=1236662"}],"version-history":[{"count":0,"href":"https:\/\/www.pressenza.com\/de\/wp-json\/wp\/v2\/posts\/1236662\/revisions"}],"wp:featuredmedia":[{"embeddable":true,"href":"https:\/\/www.pressenza.com\/de\/wp-json\/wp\/v2\/media\/1236663"}],"wp:attachment":[{"href":"https:\/\/www.pressenza.com\/de\/wp-json\/wp\/v2\/media?parent=1236662"}],"wp:term":[{"taxonomy":"category","embeddable":true,"href":"https:\/\/www.pressenza.com\/de\/wp-json\/wp\/v2\/categories?post=1236662"},{"taxonomy":"post_tag","embeddable":true,"href":"https:\/\/www.pressenza.com\/de\/wp-json\/wp\/v2\/tags?post=1236662"}],"curies":[{"name":"wp","href":"https:\/\/api.w.org\/{rel}","templated":true}]}}