{"id":1228914,"date":"2020-10-31T11:55:17","date_gmt":"2020-10-31T11:55:17","guid":{"rendered":"https:\/\/www.pressenza.com\/?p=1228914"},"modified":"2020-10-31T11:55:17","modified_gmt":"2020-10-31T11:55:17","slug":"jenseits-von-demokratie-und-rechtsstaat","status":"publish","type":"post","link":"https:\/\/www.pressenza.com\/de\/2020\/10\/jenseits-von-demokratie-und-rechtsstaat\/","title":{"rendered":"Jenseits von Demokratie und Rechtsstaat"},"content":{"rendered":"<p><strong>In der Corona-Pandemie schl\u00e4gt wieder die Stunde der Exekutive. Die Parlamente werden \u00fcbergangen, die Gesetze zurechtgebogen. Dies sei ein Angriff auf\u00a0<a class=\"st_tag internal_tag\" title=\"Posts tagged with Demokratie\" href=\"https:\/\/lostineu.eu\/tag\/demokratie\/\" target=\"_blank\" rel=\"noopener tag noreferrer\" data-wpel-link=\"internal\">Demokratie<\/a>\u00a0und\u00a0<a class=\"st_tag internal_tag\" title=\"Posts tagged with Rechtsstaat\" href=\"https:\/\/lostineu.eu\/tag\/rechtsstaat\/\" target=\"_blank\" rel=\"noopener tag noreferrer\" data-wpel-link=\"internal\">Rechtsstaat<\/a>, hei\u00dft es in Deutschland, Frankreich und nun auch in der EU.<\/strong><\/p>\n<p>Jede Krise ist eine Bew\u00e4hrungsprobe f\u00fcr Demokratie und Rechtsstaat. Die\u00a0<a class=\"st_tag internal_tag\" title=\"Posts tagged with Coronakrise\" href=\"https:\/\/lostineu.eu\/tag\/coronakrise\/\" target=\"_blank\" rel=\"noopener tag noreferrer\" data-wpel-link=\"internal\">Coronakrise<\/a>\u00a0macht da keine Ausnahme. Die erste Welle im Fr\u00fchjahr hat bereits zu bedenklichen Problemen gef\u00fchrt,\u00a0<a class=\"rank-math-link\" href=\"https:\/\/lostineu.eu\/wie-die-europaeische-demokratie-unter-die-raeder-kam\/\" target=\"_blank\" rel=\"noopener noreferrer\" data-wpel-link=\"internal\">die wir in diesem Blog beschrieben haben.<\/a><\/p>\n<p>Die zweite Welle hat die Probleme noch versch\u00e4rft. Wieder ma\u00dft sich Kanzlerin Merkel gesundheitspolitische Befugnisse an, die sie laut Grundgesetz gar nicht hat. Wieder wird der Bundestag \u00fcbergangen; Verwaltungsgerichte m\u00fcssen nachbessern.<\/p>\n<p>Immerhin sind die Gesetzgeber \u2013 also die Abgeordneten \u2013 nun endlich aufgewacht, wie die Debatte im Bundestag am 29. Oktober gezeigt hat. \u201cDer Ort der Entscheidung muss das Parlament sein\u201d, forderte FDP-Chef\u00a0<a class=\"st_tag internal_tag\" title=\"Posts tagged with Lindner\" href=\"https:\/\/lostineu.eu\/tag\/lindner\/\" target=\"_blank\" rel=\"noopener tag noreferrer\" data-wpel-link=\"internal\">Lindner<\/a>.<\/p>\n<p>Wenn das Parlament die Beschl\u00fcsse nur nachtr\u00e4glich absegnen k\u00f6nne, gef\u00e4hrde das nicht nur die Akzeptanz der Ma\u00dfnahmen. Dies h\u00e4tte auch \u201cerhebliche rechtliche Risiken und drohen unsere parlamentarische Demokratie zu deformieren\u201d.<\/p>\n<p>Lindner ist keineswegs so allein, wie es die deutschen Medien gern darstellen. Auch in Paris und Br\u00fcssel regt sich Widerstand gegen den Angriff der Exekutive auf Demokratie und Rechtsstaat.<\/p>\n<p>So publizierte \u201cLib\u00e9ration\u201d einen Appell gegen die neuen Notstands-Ma\u00dfnahmen, die Pr\u00e4sident Macron \u00fcber Frankreich verh\u00e4ngt hat. Zitat:<\/p>\n<blockquote class=\"wp-block-quote\"><p>&#8222;Face \u00e0 la progression de l\u2019\u00e9pid\u00e9mie de Covid-19, Emmanuel Macron a annonc\u00e9, mercredi 14 octobre, un nouveau train de mesures restrictives visant \u00e0 ralentir la circulation du virus. Particuli\u00e8rement attentatoires aux libert\u00e9s publiques, ces mesures ont \u00e9t\u00e9 \u00e9dict\u00e9es \u2013 comme le permet l\u2019\u00e9tat d\u2019urgence \u2013 sans d\u00e9lib\u00e9ration ni vote du Parlement. Jusqu\u2019o\u00f9 faut-il admettre cette \u00e9rosion d\u00e9mocratique, qui accompagne une telle atteinte aux libert\u00e9s de tous ?&#8220;<\/p>\n<p><em>&#8222;Angesichts des Fortschreitens der Covid-19-Epidemie k\u00fcndigte Emmanuel Macron am Mittwoch, 14. Oktober, eine neue Reihe restriktiver Ma\u00dfnahmen an, die die Zirkulation des Virus verlangsamen sollen. Diese Ma\u00dfnahmen, die die \u00f6ffentlichen Freiheiten in besonderem Ma\u00dfe beeintr\u00e4chtigen, wurden &#8211; wie im Ausnahmezustand erlaubt &#8211; ohne jegliche Beratung oder Abstimmung im Parlament erlassen. Inwieweit m\u00fcssen wir diese Aush\u00f6hlung der Demokratie akzeptieren, die mit einem solchen Angriff auf die Freiheiten aller einhergeht?&#8220;<\/em><\/p>\n<p><cite>Quelle:\u00a0<a class=\"rank-math-link\" href=\"https:\/\/www.liberation.fr\/amphtml\/debats\/2020\/10\/27\/en-finir-avec-l-etat-d-urgence-et-d-exception_1803657?__twitter_impression=true\" target=\"_blank\" rel=\"noopener nofollow external noreferrer\" data-wpel-link=\"external\">Lib\u00e9ration<\/a><\/cite><\/p><\/blockquote>\n<p>Die Unterzeichner kritisieren, dass Macron am Parlament vorbei agiere und tief in die Grundfreiheiten eingreife. Der Lockdown in Frankreich geht in der Tat noch viel weiter als der \u201cLockdown light\u201d in Deutschland.<\/p>\n<p>Auch im Europaparlament gibt es erste, wenn auch zaghafte Proteste. Sie kommen \u2013 \u00e4hnlich wie im deutschen Bundestag \u2013 von den Liberalen. Zitat aus einem Gastbeitrag der EU-Abgeordneten Sophie in \u2019t Veld:<\/p>\n<blockquote class=\"wp-block-quote\"><p>&#8222;Dans l\u2019UE aussi, la d\u00e9mocratie est inad\u00e9quate. Le Parlement europ\u00e9en est tr\u00e8s actif, mais le Conseil europ\u00e9en est devenu une sorte de gare terminale ces derni\u00e8res ann\u00e9es, puisque des changements n\u00e9cessaires et des mesures \u00e9videntes y prennent de la poussi\u00e8re.&#8220;<\/p>\n<p><em>&#8222;Auch in der EU ist die Demokratie unzureichend. Das Europ\u00e4ische Parlament ist sehr aktiv, aber der Europ\u00e4ische Rat ist in den letzten Jahren zu einer Art Endstation geworden, da notwendige Ver\u00e4nderungen und offensichtliche Ma\u00dfnahmen dort verstauben.&#8220;<\/em><\/p>\n<p><cite>Quelle:\u00a0<a class=\"rank-math-link\" href=\"https:\/\/plus.lesoir.be\/334136\/article\/2020-10-27\/carte-blanche-leurope-est-en-train-dabandonner-la-democratie-tout-comme-les\" target=\"_blank\" rel=\"noopener nofollow external noreferrer\" data-wpel-link=\"external\">Le Soir<\/a><\/cite><\/p><\/blockquote>\n<p>Die Niederl\u00e4nderin bezieht sich zwar nicht auf den neuen Notstand wg. COVID-19, sondern auf andere Problemf\u00e4lle. Angesichts des anstehenden Coronoa-Krisengipfels der Staats- und Regierungschefs trifft ihre Kritik aber ins Schwarze.<\/p>\n<p>Der Europ\u00e4ische Rat ist in der Tat eine \u201cEndstation\u201d und Sackgasse der Demokratie geworden \u2013 er f\u00e4llt Beschl\u00fcsse \u00fcber die K\u00f6pfe der B\u00fcrger hinweg, in der Coronakrise spielt er sich sogar zum \u201calternativlosen\u201d Retter auf.<\/p>\n<p>Parlamentspr\u00e4sident Sassoli darf an den EU-Gipfeln zwar teilnehmen \u2013 aber nur als Zaungast. Wenn die kritischen Beschl\u00fcsse fallen, mu\u00df er leider drau\u00dfen bleiben\u2026<\/p>\n<p><em>Siehe auch\u00a0<a class=\"rank-math-link\" href=\"https:\/\/lostineu.eu\/die-europaeische-demokratie-verkuemmert-oder\/\" target=\"_blank\" rel=\"noopener noreferrer\" data-wpel-link=\"internal\">\u201cDie europ\u00e4ische Demokratie erodiert, oder?\u201d<\/a><\/em><\/p>\n<p>&nbsp;<\/p>\n<p><strong><em>Der Original-Artikel erschien erstmals auf <a href=\"https:\/\/lostineu.eu\/angriff-auf-demokratie-und-rechtsstaat\/\" target=\"_blank\" rel=\"noopener noreferrer\">Lost in EUrope &#8211; Der unabh\u00e4ngige EU-Blog aus Br\u00fcssel<\/a>.<\/em><\/strong><br \/>\n<strong><em>Wir bedanken uns f\u00fcr die freundliche Genehmigung zur Publikation.<\/em><\/strong><\/p>\n","protected":false},"excerpt":{"rendered":"<p>In der Corona-Pandemie schl\u00e4gt wieder die Stunde der Exekutive. Die Parlamente werden \u00fcbergangen, die Gesetze zurechtgebogen. Dies sei ein Angriff auf\u00a0Demokratie\u00a0und\u00a0Rechtsstaat, hei\u00dft es in Deutschland, Frankreich und nun auch in der EU. Jede Krise ist eine Bew\u00e4hrungsprobe f\u00fcr Demokratie und&hellip;<\/p>\n","protected":false},"author":1097,"featured_media":1229261,"comment_status":"closed","ping_status":"closed","sticky":false,"template":"","format":"standard","meta":{"footnotes":""},"categories":[9150,7835,9143,9168],"tags":[72728,74815,9821,9182,9481,83398,81278,40965,15291,68602,55721,74278,81927],"class_list":["post-1228914","post","type-post","status-publish","format-standard","has-post-thumbnail","hentry","category-europa-de","category-international-de","category-meinungen","category-politik","tag-corona-krise","tag-corona-pandemie","tag-demokratie","tag-deutschland","tag-eu-de","tag-europaeischer-rat","tag-europaparlamente","tag-fdp","tag-frankreich","tag-gewaltentrennung","tag-grundrechte","tag-lockdown-de","tag-rechtsstaat"],"yoast_head":"<!-- This site is optimized with the Yoast SEO plugin v27.1.1 - https:\/\/yoast.com\/product\/yoast-seo-wordpress\/ -->\n<title>Jenseits von Demokratie und Rechtsstaat<\/title>\n<meta name=\"description\" content=\"In der Corona-Pandemie schl\u00e4gt wieder die Stunde der Exekutive. Die Parlamente werden \u00fcbergangen, die Gesetze zurechtgebogen. Dies sei ein Angriff\" \/>\n<meta name=\"robots\" content=\"index, follow, max-snippet:-1, max-image-preview:large, max-video-preview:-1\" \/>\n<link rel=\"canonical\" href=\"https:\/\/www.pressenza.com\/de\/2020\/10\/jenseits-von-demokratie-und-rechtsstaat\/\" \/>\n<meta property=\"og:locale\" content=\"de_DE\" \/>\n<meta property=\"og:type\" content=\"article\" \/>\n<meta property=\"og:title\" content=\"Jenseits von Demokratie und Rechtsstaat\" \/>\n<meta property=\"og:description\" content=\"In der Corona-Pandemie schl\u00e4gt wieder die Stunde der Exekutive. Die Parlamente werden \u00fcbergangen, die Gesetze zurechtgebogen. Dies sei ein Angriff\" \/>\n<meta property=\"og:url\" content=\"https:\/\/www.pressenza.com\/de\/2020\/10\/jenseits-von-demokratie-und-rechtsstaat\/\" \/>\n<meta property=\"og:site_name\" content=\"Pressenza\" \/>\n<meta property=\"article:publisher\" content=\"https:\/\/www.facebook.com\/PressenzaItalia\" \/>\n<meta property=\"article:author\" content=\"https:\/\/www.facebook.com\/Pressenza-Deutschland-sterreich-Schweiz-281675388658060\/timeline\/\" \/>\n<meta property=\"article:published_time\" content=\"2020-10-31T11:55:17+00:00\" \/>\n<meta property=\"og:image\" content=\"https:\/\/www.pressenza.com\/wp-content\/uploads\/2020\/10\/Jenseits-Demokratie-Rechtsstaat-Frankreich-Deutschland-EU-Corona-Krise-Grundrechte-Parlamente.png\" \/>\n\t<meta property=\"og:image:width\" content=\"1030\" \/>\n\t<meta property=\"og:image:height\" content=\"713\" \/>\n\t<meta property=\"og:image:type\" content=\"image\/png\" \/>\n<meta name=\"author\" content=\"Pressenza Muenchen\" \/>\n<meta name=\"twitter:card\" content=\"summary_large_image\" \/>\n<meta name=\"twitter:creator\" content=\"@pressenza_ger\" \/>\n<meta name=\"twitter:site\" content=\"@PressenzaIPA\" \/>\n<meta name=\"twitter:label1\" content=\"Verfasst von\" \/>\n\t<meta name=\"twitter:data1\" content=\"Pressenza Muenchen\" \/>\n\t<meta name=\"twitter:label2\" content=\"Gesch\u00e4tzte Lesezeit\" \/>\n\t<meta name=\"twitter:data2\" content=\"3\u00a0Minuten\" \/>\n<script type=\"application\/ld+json\" class=\"yoast-schema-graph\">{\"@context\":\"https:\/\/schema.org\",\"@graph\":[{\"@type\":\"Article\",\"@id\":\"https:\/\/www.pressenza.com\/de\/2020\/10\/jenseits-von-demokratie-und-rechtsstaat\/#article\",\"isPartOf\":{\"@id\":\"https:\/\/www.pressenza.com\/de\/2020\/10\/jenseits-von-demokratie-und-rechtsstaat\/\"},\"author\":{\"name\":\"Pressenza Muenchen\",\"@id\":\"https:\/\/www.pressenza.com\/de\/#\/schema\/person\/0069724cfb2cb9785368a167d0d900b7\"},\"headline\":\"Jenseits von Demokratie und Rechtsstaat\",\"datePublished\":\"2020-10-31T11:55:17+00:00\",\"mainEntityOfPage\":{\"@id\":\"https:\/\/www.pressenza.com\/de\/2020\/10\/jenseits-von-demokratie-und-rechtsstaat\/\"},\"wordCount\":667,\"publisher\":{\"@id\":\"https:\/\/www.pressenza.com\/de\/#organization\"},\"image\":{\"@id\":\"https:\/\/www.pressenza.com\/de\/2020\/10\/jenseits-von-demokratie-und-rechtsstaat\/#primaryimage\"},\"thumbnailUrl\":\"https:\/\/www.pressenza.com\/wp-content\/uploads\/2020\/10\/Jenseits-Demokratie-Rechtsstaat-Frankreich-Deutschland-EU-Corona-Krise-Grundrechte-Parlamente.png\",\"keywords\":[\"Corona-Krise\",\"Corona-Pandemie\",\"Demokratie\",\"Deutschland\",\"EU\",\"Europ\u00e4ischer Rat\",\"Europaparlamente\",\"FDP\",\"Frankreich\",\"Gewaltentrennung\",\"Grundrechte\",\"lockdown\",\"Rechtsstaat\"],\"articleSection\":[\"Europa\",\"International\",\"Meinungen\",\"Politik\"],\"inLanguage\":\"de\"},{\"@type\":\"WebPage\",\"@id\":\"https:\/\/www.pressenza.com\/de\/2020\/10\/jenseits-von-demokratie-und-rechtsstaat\/\",\"url\":\"https:\/\/www.pressenza.com\/de\/2020\/10\/jenseits-von-demokratie-und-rechtsstaat\/\",\"name\":\"Jenseits von Demokratie und Rechtsstaat\",\"isPartOf\":{\"@id\":\"https:\/\/www.pressenza.com\/de\/#website\"},\"primaryImageOfPage\":{\"@id\":\"https:\/\/www.pressenza.com\/de\/2020\/10\/jenseits-von-demokratie-und-rechtsstaat\/#primaryimage\"},\"image\":{\"@id\":\"https:\/\/www.pressenza.com\/de\/2020\/10\/jenseits-von-demokratie-und-rechtsstaat\/#primaryimage\"},\"thumbnailUrl\":\"https:\/\/www.pressenza.com\/wp-content\/uploads\/2020\/10\/Jenseits-Demokratie-Rechtsstaat-Frankreich-Deutschland-EU-Corona-Krise-Grundrechte-Parlamente.png\",\"datePublished\":\"2020-10-31T11:55:17+00:00\",\"description\":\"In der Corona-Pandemie schl\u00e4gt wieder die Stunde der Exekutive. Die Parlamente werden \u00fcbergangen, die Gesetze zurechtgebogen. Dies sei ein Angriff\",\"breadcrumb\":{\"@id\":\"https:\/\/www.pressenza.com\/de\/2020\/10\/jenseits-von-demokratie-und-rechtsstaat\/#breadcrumb\"},\"inLanguage\":\"de\",\"potentialAction\":[{\"@type\":\"ReadAction\",\"target\":[\"https:\/\/www.pressenza.com\/de\/2020\/10\/jenseits-von-demokratie-und-rechtsstaat\/\"]}]},{\"@type\":\"ImageObject\",\"inLanguage\":\"de\",\"@id\":\"https:\/\/www.pressenza.com\/de\/2020\/10\/jenseits-von-demokratie-und-rechtsstaat\/#primaryimage\",\"url\":\"https:\/\/www.pressenza.com\/wp-content\/uploads\/2020\/10\/Jenseits-Demokratie-Rechtsstaat-Frankreich-Deutschland-EU-Corona-Krise-Grundrechte-Parlamente.png\",\"contentUrl\":\"https:\/\/www.pressenza.com\/wp-content\/uploads\/2020\/10\/Jenseits-Demokratie-Rechtsstaat-Frankreich-Deutschland-EU-Corona-Krise-Grundrechte-Parlamente.png\",\"width\":1030,\"height\":713,\"caption\":\"Jenseits von Demokratie und Rechtsstaat\"},{\"@type\":\"BreadcrumbList\",\"@id\":\"https:\/\/www.pressenza.com\/de\/2020\/10\/jenseits-von-demokratie-und-rechtsstaat\/#breadcrumb\",\"itemListElement\":[{\"@type\":\"ListItem\",\"position\":1,\"name\":\"Accueil\",\"item\":\"https:\/\/www.pressenza.com\/de\/\"},{\"@type\":\"ListItem\",\"position\":2,\"name\":\"Jenseits von Demokratie und Rechtsstaat\"}]},{\"@type\":\"WebSite\",\"@id\":\"https:\/\/www.pressenza.com\/de\/#website\",\"url\":\"https:\/\/www.pressenza.com\/de\/\",\"name\":\"Pressenza\",\"description\":\"International Press Agency\",\"publisher\":{\"@id\":\"https:\/\/www.pressenza.com\/de\/#organization\"},\"potentialAction\":[{\"@type\":\"SearchAction\",\"target\":{\"@type\":\"EntryPoint\",\"urlTemplate\":\"https:\/\/www.pressenza.com\/de\/?s={search_term_string}\"},\"query-input\":{\"@type\":\"PropertyValueSpecification\",\"valueRequired\":true,\"valueName\":\"search_term_string\"}}],\"inLanguage\":\"de\"},{\"@type\":\"Organization\",\"@id\":\"https:\/\/www.pressenza.com\/de\/#organization\",\"name\":\"Pressenza\",\"url\":\"https:\/\/www.pressenza.com\/de\/\",\"logo\":{\"@type\":\"ImageObject\",\"inLanguage\":\"de\",\"@id\":\"https:\/\/www.pressenza.com\/de\/#\/schema\/logo\/image\/\",\"url\":\"https:\/\/www.pressenza.com\/wp-content\/uploads\/2022\/10\/pressenza_logo_200x200.jpg\",\"contentUrl\":\"https:\/\/www.pressenza.com\/wp-content\/uploads\/2022\/10\/pressenza_logo_200x200.jpg\",\"width\":200,\"height\":200,\"caption\":\"Pressenza\"},\"image\":{\"@id\":\"https:\/\/www.pressenza.com\/de\/#\/schema\/logo\/image\/\"},\"sameAs\":[\"https:\/\/www.facebook.com\/PressenzaItalia\",\"https:\/\/x.com\/PressenzaIPA\"]},{\"@type\":\"Person\",\"@id\":\"https:\/\/www.pressenza.com\/de\/#\/schema\/person\/0069724cfb2cb9785368a167d0d900b7\",\"name\":\"Pressenza Muenchen\",\"description\":\"News from the Pressenza bureau in Munich, Germany\",\"sameAs\":[\"https:\/\/www.facebook.com\/Pressenza-Deutschland-sterreich-Schweiz-281675388658060\/timeline\/\",\"https:\/\/x.com\/pressenza_ger\"],\"url\":\"https:\/\/www.pressenza.com\/de\/author\/pressenza-muenchen\/\"}]}<\/script>\n<!-- \/ Yoast SEO plugin. -->","yoast_head_json":{"title":"Jenseits von Demokratie und Rechtsstaat","description":"In der Corona-Pandemie schl\u00e4gt wieder die Stunde der Exekutive. Die Parlamente werden \u00fcbergangen, die Gesetze zurechtgebogen. Dies sei ein Angriff","robots":{"index":"index","follow":"follow","max-snippet":"max-snippet:-1","max-image-preview":"max-image-preview:large","max-video-preview":"max-video-preview:-1"},"canonical":"https:\/\/www.pressenza.com\/de\/2020\/10\/jenseits-von-demokratie-und-rechtsstaat\/","og_locale":"de_DE","og_type":"article","og_title":"Jenseits von Demokratie und Rechtsstaat","og_description":"In der Corona-Pandemie schl\u00e4gt wieder die Stunde der Exekutive. Die Parlamente werden \u00fcbergangen, die Gesetze zurechtgebogen. Dies sei ein Angriff","og_url":"https:\/\/www.pressenza.com\/de\/2020\/10\/jenseits-von-demokratie-und-rechtsstaat\/","og_site_name":"Pressenza","article_publisher":"https:\/\/www.facebook.com\/PressenzaItalia","article_author":"https:\/\/www.facebook.com\/Pressenza-Deutschland-sterreich-Schweiz-281675388658060\/timeline\/","article_published_time":"2020-10-31T11:55:17+00:00","og_image":[{"width":1030,"height":713,"url":"https:\/\/www.pressenza.com\/wp-content\/uploads\/2020\/10\/Jenseits-Demokratie-Rechtsstaat-Frankreich-Deutschland-EU-Corona-Krise-Grundrechte-Parlamente.png","type":"image\/png"}],"author":"Pressenza Muenchen","twitter_card":"summary_large_image","twitter_creator":"@pressenza_ger","twitter_site":"@PressenzaIPA","twitter_misc":{"Verfasst von":"Pressenza Muenchen","Gesch\u00e4tzte Lesezeit":"3\u00a0Minuten"},"schema":{"@context":"https:\/\/schema.org","@graph":[{"@type":"Article","@id":"https:\/\/www.pressenza.com\/de\/2020\/10\/jenseits-von-demokratie-und-rechtsstaat\/#article","isPartOf":{"@id":"https:\/\/www.pressenza.com\/de\/2020\/10\/jenseits-von-demokratie-und-rechtsstaat\/"},"author":{"name":"Pressenza Muenchen","@id":"https:\/\/www.pressenza.com\/de\/#\/schema\/person\/0069724cfb2cb9785368a167d0d900b7"},"headline":"Jenseits von Demokratie und Rechtsstaat","datePublished":"2020-10-31T11:55:17+00:00","mainEntityOfPage":{"@id":"https:\/\/www.pressenza.com\/de\/2020\/10\/jenseits-von-demokratie-und-rechtsstaat\/"},"wordCount":667,"publisher":{"@id":"https:\/\/www.pressenza.com\/de\/#organization"},"image":{"@id":"https:\/\/www.pressenza.com\/de\/2020\/10\/jenseits-von-demokratie-und-rechtsstaat\/#primaryimage"},"thumbnailUrl":"https:\/\/www.pressenza.com\/wp-content\/uploads\/2020\/10\/Jenseits-Demokratie-Rechtsstaat-Frankreich-Deutschland-EU-Corona-Krise-Grundrechte-Parlamente.png","keywords":["Corona-Krise","Corona-Pandemie","Demokratie","Deutschland","EU","Europ\u00e4ischer Rat","Europaparlamente","FDP","Frankreich","Gewaltentrennung","Grundrechte","lockdown","Rechtsstaat"],"articleSection":["Europa","International","Meinungen","Politik"],"inLanguage":"de"},{"@type":"WebPage","@id":"https:\/\/www.pressenza.com\/de\/2020\/10\/jenseits-von-demokratie-und-rechtsstaat\/","url":"https:\/\/www.pressenza.com\/de\/2020\/10\/jenseits-von-demokratie-und-rechtsstaat\/","name":"Jenseits von Demokratie und Rechtsstaat","isPartOf":{"@id":"https:\/\/www.pressenza.com\/de\/#website"},"primaryImageOfPage":{"@id":"https:\/\/www.pressenza.com\/de\/2020\/10\/jenseits-von-demokratie-und-rechtsstaat\/#primaryimage"},"image":{"@id":"https:\/\/www.pressenza.com\/de\/2020\/10\/jenseits-von-demokratie-und-rechtsstaat\/#primaryimage"},"thumbnailUrl":"https:\/\/www.pressenza.com\/wp-content\/uploads\/2020\/10\/Jenseits-Demokratie-Rechtsstaat-Frankreich-Deutschland-EU-Corona-Krise-Grundrechte-Parlamente.png","datePublished":"2020-10-31T11:55:17+00:00","description":"In der Corona-Pandemie schl\u00e4gt wieder die Stunde der Exekutive. Die Parlamente werden \u00fcbergangen, die Gesetze zurechtgebogen. Dies sei ein Angriff","breadcrumb":{"@id":"https:\/\/www.pressenza.com\/de\/2020\/10\/jenseits-von-demokratie-und-rechtsstaat\/#breadcrumb"},"inLanguage":"de","potentialAction":[{"@type":"ReadAction","target":["https:\/\/www.pressenza.com\/de\/2020\/10\/jenseits-von-demokratie-und-rechtsstaat\/"]}]},{"@type":"ImageObject","inLanguage":"de","@id":"https:\/\/www.pressenza.com\/de\/2020\/10\/jenseits-von-demokratie-und-rechtsstaat\/#primaryimage","url":"https:\/\/www.pressenza.com\/wp-content\/uploads\/2020\/10\/Jenseits-Demokratie-Rechtsstaat-Frankreich-Deutschland-EU-Corona-Krise-Grundrechte-Parlamente.png","contentUrl":"https:\/\/www.pressenza.com\/wp-content\/uploads\/2020\/10\/Jenseits-Demokratie-Rechtsstaat-Frankreich-Deutschland-EU-Corona-Krise-Grundrechte-Parlamente.png","width":1030,"height":713,"caption":"Jenseits von Demokratie und Rechtsstaat"},{"@type":"BreadcrumbList","@id":"https:\/\/www.pressenza.com\/de\/2020\/10\/jenseits-von-demokratie-und-rechtsstaat\/#breadcrumb","itemListElement":[{"@type":"ListItem","position":1,"name":"Accueil","item":"https:\/\/www.pressenza.com\/de\/"},{"@type":"ListItem","position":2,"name":"Jenseits von Demokratie und Rechtsstaat"}]},{"@type":"WebSite","@id":"https:\/\/www.pressenza.com\/de\/#website","url":"https:\/\/www.pressenza.com\/de\/","name":"Pressenza","description":"International Press Agency","publisher":{"@id":"https:\/\/www.pressenza.com\/de\/#organization"},"potentialAction":[{"@type":"SearchAction","target":{"@type":"EntryPoint","urlTemplate":"https:\/\/www.pressenza.com\/de\/?s={search_term_string}"},"query-input":{"@type":"PropertyValueSpecification","valueRequired":true,"valueName":"search_term_string"}}],"inLanguage":"de"},{"@type":"Organization","@id":"https:\/\/www.pressenza.com\/de\/#organization","name":"Pressenza","url":"https:\/\/www.pressenza.com\/de\/","logo":{"@type":"ImageObject","inLanguage":"de","@id":"https:\/\/www.pressenza.com\/de\/#\/schema\/logo\/image\/","url":"https:\/\/www.pressenza.com\/wp-content\/uploads\/2022\/10\/pressenza_logo_200x200.jpg","contentUrl":"https:\/\/www.pressenza.com\/wp-content\/uploads\/2022\/10\/pressenza_logo_200x200.jpg","width":200,"height":200,"caption":"Pressenza"},"image":{"@id":"https:\/\/www.pressenza.com\/de\/#\/schema\/logo\/image\/"},"sameAs":["https:\/\/www.facebook.com\/PressenzaItalia","https:\/\/x.com\/PressenzaIPA"]},{"@type":"Person","@id":"https:\/\/www.pressenza.com\/de\/#\/schema\/person\/0069724cfb2cb9785368a167d0d900b7","name":"Pressenza Muenchen","description":"News from the Pressenza bureau in Munich, Germany","sameAs":["https:\/\/www.facebook.com\/Pressenza-Deutschland-sterreich-Schweiz-281675388658060\/timeline\/","https:\/\/x.com\/pressenza_ger"],"url":"https:\/\/www.pressenza.com\/de\/author\/pressenza-muenchen\/"}]}},"place":"Lost in EUrope","original_article_url":"","_links":{"self":[{"href":"https:\/\/www.pressenza.com\/de\/wp-json\/wp\/v2\/posts\/1228914","targetHints":{"allow":["GET"]}}],"collection":[{"href":"https:\/\/www.pressenza.com\/de\/wp-json\/wp\/v2\/posts"}],"about":[{"href":"https:\/\/www.pressenza.com\/de\/wp-json\/wp\/v2\/types\/post"}],"author":[{"embeddable":true,"href":"https:\/\/www.pressenza.com\/de\/wp-json\/wp\/v2\/users\/1097"}],"replies":[{"embeddable":true,"href":"https:\/\/www.pressenza.com\/de\/wp-json\/wp\/v2\/comments?post=1228914"}],"version-history":[{"count":0,"href":"https:\/\/www.pressenza.com\/de\/wp-json\/wp\/v2\/posts\/1228914\/revisions"}],"wp:featuredmedia":[{"embeddable":true,"href":"https:\/\/www.pressenza.com\/de\/wp-json\/wp\/v2\/media\/1229261"}],"wp:attachment":[{"href":"https:\/\/www.pressenza.com\/de\/wp-json\/wp\/v2\/media?parent=1228914"}],"wp:term":[{"taxonomy":"category","embeddable":true,"href":"https:\/\/www.pressenza.com\/de\/wp-json\/wp\/v2\/categories?post=1228914"},{"taxonomy":"post_tag","embeddable":true,"href":"https:\/\/www.pressenza.com\/de\/wp-json\/wp\/v2\/tags?post=1228914"}],"curies":[{"name":"wp","href":"https:\/\/api.w.org\/{rel}","templated":true}]}}