{"id":1226228,"date":"2020-10-26T16:09:57","date_gmt":"2020-10-26T16:09:57","guid":{"rendered":"https:\/\/www.pressenza.com\/?p=1226228"},"modified":"2020-10-26T16:11:58","modified_gmt":"2020-10-26T16:11:58","slug":"humanisierende-feminismen","status":"publish","type":"post","link":"https:\/\/www.pressenza.com\/de\/2020\/10\/humanisierende-feminismen\/","title":{"rendered":"Humanisierende Feminismen"},"content":{"rendered":"<p><strong>Mit diesem ersten Interview l\u00e4utet REHUNO Salud die Reihe \u201cHumanisierende Feminismen\u201d ein &#8211; eine Folge von Interviews, in denen Fachleute aus verschiedenen Gesundheitsbereichen erz\u00e4hlen, wie Feminismus sowohl ihre Ansichten als auch die Art, anderen zu helfen, ver\u00e4ndert hat. Diese Serie beabsichtigt, \u00dcberlegungen \u00fcber Geschlecht, Feminismus und Gesundheit durch die Stimmen derer hervorzuheben, die diese Themen studieren und in diesen Bereichen t\u00e4tig sind.<\/strong><\/p>\n<p>Heute beginnen wir mit Nidia Kreig aus Argentinien, einer pensionierten Dozentin, Geschichtsprofessorin und feministischen Aktivistin. In den Jahren 1979-84 war sie Mitglied des <i>Centro de Integraci\u00f3n y Actualizaci\u00f3n de la Mujer, <\/i>in den 80er und 90er Jahren im <i>Sindicato de Amas de Casa Provincia de Santa Fe<\/i> und des <i>Centro de Estudios Pol\u00edticos y Sociales sobre g\u00e9nero. <\/i>Sie nahm im Jahr 2000 an der ersten multisektoralen Aktion von Frauen in Sana Fe teil und ist momentan Mitglied des Frauenkollektivs <i>La Verdecita<\/i>. Zudem setzt sie sich f\u00fcr \u00d6kofeminismus und die Abschaffung der Prostitution ein.<\/p>\n<p><em><b><strong>REHUNO:<\/strong> Betrachtest du dich als Feministin? Was bedeutet Feminismus f\u00fcr dich?<\/b><\/em><\/p>\n<p><b>Nidia Kreig: <\/b>Ich bin Feministin. Es gibt viele Feminismen: unter anderem den der Gleichheit, der Differenz, den Transfeminismus, den radikalen Feminismus, den postkolonialen Feminismus\u2026 und noch einige mehr. Ich selbst identifiziere mich mit dem \u00d6kofeminismus. Ich bin Feministin, weil ich glaube, dass es keine Menschheit mit Gerechtigkeit und Gleichheit geben kann, wenn die eine H\u00e4lfte der Menschheit von der anderen durch ungleiche Machtverh\u00e4ltnisse unterworfen wird und somit in ihren Rechten und Freiheiten eingeschr\u00e4nkt wird. Das ist die wohl \u00e4lteste Form von Ungerechtigkeit und Gewalt.<\/p>\n<p><em><b>Bist du in deiner akademischen Ausbildung mit dem Thema Feminismus in Ber\u00fchrung gekommen?<\/b><\/em><b><br \/>\n<\/b><b><br \/>\n<\/b><b><\/b>Ich habe zwischen 1975 und 1980 studiert, sozusagen w\u00e4hrend der gesamten letzten Diktatur. Geschlechterstudien haben zu der Zeit nicht existiert. Erst mit der R\u00fcckkehr der Demokratie und einiger Professorinnen wie Teresa Su\u00e1rez wurden an der Fakult\u00e4t Zentren f\u00fcr Geschlechterstudien errichtet.<\/p>\n<p><em><b>Was hat dich dazu bewegt, Feministin zu werden oder wie hast du von diese Thematik erfahren?<\/b><\/em><\/p>\n<p><b><\/b>Ich bin 63 Jahre alt. In den 70ern, als ich noch sehr jung war, bin ich in einer linken Partei aktiv gewesen. Als die UNO 1975 das <i>Internationale Jahr der Frau <\/i>ausrief, entstand ein besonderes Interesse am Feminismus innerhalb unserer Partei. Wir Frauen schufen und f\u00f6rderten Frauenstudienzentren und trieben den Kampf um gemeinsames Sorgerecht weiter an.<\/p>\n<p><em><b>Inwieweit hat sich dein Leben als Feministin ver\u00e4ndert?<\/b><\/em><\/p>\n<p><b><\/b>Wir sagen, dass Feminismus eine Einbahnstra\u00dfe ist. Es ist ein absolut kopernikanischer Umschwung in deinem Leben und deiner Vision von Realit\u00e4t. Der Blick auf die Welt und die Realit\u00e4t ist ein androzentrischer, eine wei\u00df und westlich gepr\u00e4gte Ansicht.<\/p>\n<p>Eine kopernikanische Wendung bedeutet, dass jede Tatsache argw\u00f6hnisch betrachtet wird. Im Prinzip genau aufgrund dessen, worauf ich soeben hingewiesen habe.<\/p>\n<p>Ein paar Kolleginnen haben darauf hingewiesen, dass es so ist als w\u00fcrde man eine violette Brille tragen (spanisch <i>gafas violetas <\/i>= ein kritischer Weltblick mit stetigem Bewusstsein \u00fcber die Geschlechterungleichheit in der Gesellschaft).<\/p>\n<p>Nehmen wir an, du liest Nachrichten und fragst dich, ob wir sie auf diese Art schreiben w\u00fcrden. Es geht nicht nur um inklusive Sprache, die nat\u00fcrlich notwendig ist, sondern darum, Dinge auf eine andere Weise und zwar vom Feminismus als analytischen Realit\u00e4tsrahmen aus zu betrachten.<\/p>\n<p>Weil sich Machtverh\u00e4ltnisse zwischen den Geschlechtern, aus sozialen, wirtschaftlichen und politische Beziehungen, den Zugang zu Allgemeing\u00fctern, Rechten, Kunst, Wissenschaften usw. ergeben.<\/p>\n<p>Ein Arbeiter zu sein ist nicht das gleiche wie eine Arbeiterin oder ein Transvestit zu sein.<\/p>\n<p>Wenn Politik \u00fcber Wohnraum, \u00f6ffentliche Arbeit sowie Sicherheit und Ern\u00e4hrungssicherheit betrieben wird, ist sie unter Aspekten der Geschlechtergleichheit nicht immer fair und gerecht.<\/p>\n<p><em><b>Ist dir der Begriff der Frauenvereinigung bekannt?<\/b><\/em><\/p>\n<p><b><\/b>Nat\u00fcrlich, durch Marcela Lagarde, eine mexikanische Anthropologin. Sie erkl\u00e4rt, dass die Frauenvereinigung ein B\u00fcndnis zwischen uns ist, um im Kampf f\u00fcr unsere Rechte gemeinsame Ziele zu verfolgen. Das hei\u00dft jedoch nicht, dass wir uns nur \u201clieben\u201d und dass es keine verschiedenen Meinungen gibt. Eher, dass diese Frauenvereinigung durch einen Konsens entstand, der eine Zusammenarbeit m\u00f6glich macht. Denn das Patriarchat zielt darauf ab, uns weiter zu teilen und fragmentieren.<\/p>\n<p><em><b>Auf welche Art und Weise k\u00f6nnte sich der feministische Blick weiter verbreiten?<\/b><\/em><\/p>\n<p><b><\/b>W\u00e4hrend der Bewegung <i>ni una menos<\/i> im Jahr 2015 in Argentinien gab es einen Aufbruch in Form von massiver und kollektiver Reaktion auf Femizide und sp\u00e4ter eine beeindruckende Welle zugunsten der Genehmigung der Gesetze zur legalen und freien Abtreibung.<\/p>\n<p>Heute werden junge Frauen geboren, ohne dass sie f\u00fcr ihr Wahlrecht, Scheidung, gemeinsames Sorgerecht und Gesetze gegen Gewalt k\u00e4mpfen m\u00fcssen. Es gibt eine Genealogie der Frauenbewegung, die gerettet und sichtbar gemacht werden muss.<\/p>\n<p>Es gab gro\u00dfe Fortschritte, weil das Thema seit Jahrzehnten adressiert wurde. Heute gibt es Ministerien und Staatssekretariate f\u00fcr Frauen und Geschlecht. Bis vor kurzem waren wir entweder Teil von Direktionen, die f\u00fcr Frauen, Kinder und \u00e4ltere Menschen berufen wurden, oder ganz vom Ministerium f\u00fcr soziale Entwicklung abh\u00e4ngig.<\/p>\n<p>Vom Quotengesetz in den 90er Jahren hin bis heute, von der Parit\u00e4t in Wahlpositionen und dem Ley Micaela, welche die obligatorische Natur zur Geschlechterbildung in den \u00f6ffentlichen Gewalten und der Verwaltung festlegt.<\/p>\n<p>Dies sind wichtige Fortschritte, wenn wir \u00fcber Vielfalt, Unsichtbarkeit und Exklusion reden und dar\u00fcber, dass wir als krankhaft bezeichnet werden, wenn es darum geht, dass wir Personen mit Rechten sind.<\/p>\n<p>Aber weder im Fall der Frauen noch des Transvestitenkollektivs gab es Zugest\u00e4ndnisse , sondern es war das Ergebnis von \u00dcberzeugung und Kampf.<\/p>\n<p><em><b>Glaubst du, Feminismus sei reine Frauensache?<\/b><\/em><\/p>\n<p>Der Feminismus ist nicht biologisch. Nur mit Hilfe harter Diskussionen setzt sich die Bewegung heute im Gro\u00dfteil des Landes aus Frauen, Lesben, Transvestiten, Trans- und nicht-bin\u00e4ren Menschen zusammen, jede*r einzelne ein vom Patriarchat unterdr\u00fccktes Individuum. Genauso wenig ist Feminismus ein Kampf gegen M\u00e4nner, sondern gegen ein System, welches sich nur durch unsere Unterdr\u00fcckung und Ausbeutung erhebt. Und in diesem Kampf k\u00f6nnen M\u00e4nner uns begleiten, indem sie auf diese Privilegien verzichten.<\/p>\n<p>Es reicht auch nicht, sich als Feminist zu deklarieren, f\u00fcr Abtreibung zu stimmen oder Geschirr zu waschen. Es impliziert eine \u00dcberarbeitung der hegemonialen M\u00e4nnlichkeit und die Bereitschaft, Teil einer Gemeinschaft unter Gleichen zu sein.<\/p>\n<p><b>Nidia, vielen Dank f\u00fcr dieses Interview und f\u00fcr deine Arbeit im Dienste der Frauen.<\/b><\/p>\n<p><b><\/b>Vielen Dank.<\/p>\n<p><strong><em>Das Interview wurde ge\u00fcfhrt von Laura Hern\u00e1ndez Garc\u00eda. Die \u00dcbersetzung aus dem Spanischen von Tina Nguyen und lektoriert von Susanne Gr\u00f6nsfeld, beide vom ehrenamtlichen Pressenza-\u00dcbersetzungsteam. <a href=\"https:\/\/www.pressenza.com\/de\/mitarbeiten\/\">Wir suchen Freiwillige!\u00a0<\/a><\/em><\/strong><\/p>\n","protected":false},"excerpt":{"rendered":"<p>Mit diesem ersten Interview l\u00e4utet REHUNO Salud die Reihe \u201cHumanisierende Feminismen\u201d ein &#8211; eine Folge von Interviews, in denen Fachleute aus verschiedenen Gesundheitsbereichen erz\u00e4hlen, wie Feminismus sowohl ihre Ansichten als auch die Art, anderen zu helfen, ver\u00e4ndert hat. Diese Serie&hellip;<\/p>\n","protected":false},"author":1680,"featured_media":1209028,"comment_status":"closed","ping_status":"closed","sticky":false,"template":"","format":"standard","meta":{"footnotes":""},"categories":[54510,9142,11387,9154],"tags":[16099,40184,46772,9934,22228,83191,55787,29053],"class_list":["post-1226228","post","type-post","status-publish","format-standard","has-post-thumbnail","hentry","category-gender-und-feminismen","category-interviews-de","category-originalinhalt","category-suedamerika","tag-feminismus","tag-femizid","tag-frauenbewegung","tag-frauenrechte","tag-menschenrechte","tag-nicht-eine-weniger","tag-nicht-binaere-menschen","tag-patriarchat"],"yoast_head":"<!-- This site is optimized with the Yoast SEO plugin v27.1.1 - https:\/\/yoast.com\/product\/yoast-seo-wordpress\/ -->\n<title>Humanisierende Feminismen<\/title>\n<meta name=\"description\" content=\"Mit diesem ersten Interview l\u00e4utet REHUNO Salud die Reihe \u201cHumanisierende Feminismen\u201d ein - eine Folge von Interviews, in denen Fachleute aus\" \/>\n<meta name=\"robots\" content=\"index, follow, max-snippet:-1, max-image-preview:large, max-video-preview:-1\" \/>\n<link rel=\"canonical\" href=\"https:\/\/www.pressenza.com\/de\/2020\/10\/humanisierende-feminismen\/\" \/>\n<meta property=\"og:locale\" content=\"de_DE\" \/>\n<meta property=\"og:type\" content=\"article\" \/>\n<meta property=\"og:title\" content=\"Humanisierende Feminismen\" \/>\n<meta property=\"og:description\" content=\"Mit diesem ersten Interview l\u00e4utet REHUNO Salud die Reihe \u201cHumanisierende Feminismen\u201d ein - eine Folge von Interviews, in denen Fachleute aus\" \/>\n<meta property=\"og:url\" content=\"https:\/\/www.pressenza.com\/de\/2020\/10\/humanisierende-feminismen\/\" \/>\n<meta property=\"og:site_name\" content=\"Pressenza\" \/>\n<meta property=\"article:publisher\" content=\"https:\/\/www.facebook.com\/PressenzaItalia\" \/>\n<meta property=\"article:author\" content=\"https:\/\/www.facebook.com\/rehunosalud\/\" \/>\n<meta property=\"article:published_time\" content=\"2020-10-26T16:09:57+00:00\" \/>\n<meta property=\"article:modified_time\" content=\"2020-10-26T16:11:58+00:00\" \/>\n<meta property=\"og:image\" content=\"https:\/\/www.pressenza.com\/wp-content\/uploads\/2020\/10\/capa-da-s\u00e9rie_FQH.jpg\" \/>\n\t<meta property=\"og:image:width\" content=\"750\" \/>\n\t<meta property=\"og:image:height\" content=\"450\" \/>\n\t<meta property=\"og:image:type\" content=\"image\/jpeg\" \/>\n<meta name=\"author\" content=\"REHUNO - Red Humanista de Noticias en Salud\" \/>\n<meta name=\"twitter:card\" content=\"summary_large_image\" \/>\n<meta name=\"twitter:creator\" content=\"@PressenzaIPA\" \/>\n<meta name=\"twitter:site\" content=\"@PressenzaIPA\" \/>\n<meta name=\"twitter:label1\" content=\"Verfasst von\" \/>\n\t<meta name=\"twitter:data1\" content=\"REHUNO - Red Humanista de Noticias en Salud\" \/>\n\t<meta name=\"twitter:label2\" content=\"Gesch\u00e4tzte Lesezeit\" \/>\n\t<meta name=\"twitter:data2\" content=\"5\u00a0Minuten\" \/>\n<script type=\"application\/ld+json\" class=\"yoast-schema-graph\">{\"@context\":\"https:\/\/schema.org\",\"@graph\":[{\"@type\":\"Article\",\"@id\":\"https:\/\/www.pressenza.com\/de\/2020\/10\/humanisierende-feminismen\/#article\",\"isPartOf\":{\"@id\":\"https:\/\/www.pressenza.com\/de\/2020\/10\/humanisierende-feminismen\/\"},\"author\":{\"name\":\"REHUNO - Red Humanista de Noticias en Salud\",\"@id\":\"https:\/\/www.pressenza.com\/de\/#\/schema\/person\/5162be2bf75419d7e91acfc2c50c3870\"},\"headline\":\"Humanisierende Feminismen\",\"datePublished\":\"2020-10-26T16:09:57+00:00\",\"dateModified\":\"2020-10-26T16:11:58+00:00\",\"mainEntityOfPage\":{\"@id\":\"https:\/\/www.pressenza.com\/de\/2020\/10\/humanisierende-feminismen\/\"},\"wordCount\":1087,\"publisher\":{\"@id\":\"https:\/\/www.pressenza.com\/de\/#organization\"},\"image\":{\"@id\":\"https:\/\/www.pressenza.com\/de\/2020\/10\/humanisierende-feminismen\/#primaryimage\"},\"thumbnailUrl\":\"https:\/\/www.pressenza.com\/wp-content\/uploads\/2020\/10\/capa-da-s\u00e9rie_FQH.jpg\",\"keywords\":[\"Feminismus\",\"Femizid\",\"Frauenbewegung\",\"Frauenrechte\",\"Menschenrechte\",\"Nicht eine weniger\",\"nicht-bin\u00e4re Menschen\",\"Patriarchat\"],\"articleSection\":[\"Gender und Feminismen\",\"Interviews\",\"Originalinhalt\",\"S\u00fcdamerika\"],\"inLanguage\":\"de\"},{\"@type\":\"WebPage\",\"@id\":\"https:\/\/www.pressenza.com\/de\/2020\/10\/humanisierende-feminismen\/\",\"url\":\"https:\/\/www.pressenza.com\/de\/2020\/10\/humanisierende-feminismen\/\",\"name\":\"Humanisierende Feminismen\",\"isPartOf\":{\"@id\":\"https:\/\/www.pressenza.com\/de\/#website\"},\"primaryImageOfPage\":{\"@id\":\"https:\/\/www.pressenza.com\/de\/2020\/10\/humanisierende-feminismen\/#primaryimage\"},\"image\":{\"@id\":\"https:\/\/www.pressenza.com\/de\/2020\/10\/humanisierende-feminismen\/#primaryimage\"},\"thumbnailUrl\":\"https:\/\/www.pressenza.com\/wp-content\/uploads\/2020\/10\/capa-da-s\u00e9rie_FQH.jpg\",\"datePublished\":\"2020-10-26T16:09:57+00:00\",\"dateModified\":\"2020-10-26T16:11:58+00:00\",\"description\":\"Mit diesem ersten Interview l\u00e4utet REHUNO Salud die Reihe \u201cHumanisierende Feminismen\u201d ein - eine Folge von Interviews, in denen Fachleute aus\",\"breadcrumb\":{\"@id\":\"https:\/\/www.pressenza.com\/de\/2020\/10\/humanisierende-feminismen\/#breadcrumb\"},\"inLanguage\":\"de\",\"potentialAction\":[{\"@type\":\"ReadAction\",\"target\":[\"https:\/\/www.pressenza.com\/de\/2020\/10\/humanisierende-feminismen\/\"]}]},{\"@type\":\"ImageObject\",\"inLanguage\":\"de\",\"@id\":\"https:\/\/www.pressenza.com\/de\/2020\/10\/humanisierende-feminismen\/#primaryimage\",\"url\":\"https:\/\/www.pressenza.com\/wp-content\/uploads\/2020\/10\/capa-da-s\u00e9rie_FQH.jpg\",\"contentUrl\":\"https:\/\/www.pressenza.com\/wp-content\/uploads\/2020\/10\/capa-da-s\u00e9rie_FQH.jpg\",\"width\":750,\"height\":450,\"caption\":\"Humanisierende Feminismen\"},{\"@type\":\"BreadcrumbList\",\"@id\":\"https:\/\/www.pressenza.com\/de\/2020\/10\/humanisierende-feminismen\/#breadcrumb\",\"itemListElement\":[{\"@type\":\"ListItem\",\"position\":1,\"name\":\"Accueil\",\"item\":\"https:\/\/www.pressenza.com\/de\/\"},{\"@type\":\"ListItem\",\"position\":2,\"name\":\"Humanisierende Feminismen\"}]},{\"@type\":\"WebSite\",\"@id\":\"https:\/\/www.pressenza.com\/de\/#website\",\"url\":\"https:\/\/www.pressenza.com\/de\/\",\"name\":\"Pressenza\",\"description\":\"International Press Agency\",\"publisher\":{\"@id\":\"https:\/\/www.pressenza.com\/de\/#organization\"},\"potentialAction\":[{\"@type\":\"SearchAction\",\"target\":{\"@type\":\"EntryPoint\",\"urlTemplate\":\"https:\/\/www.pressenza.com\/de\/?s={search_term_string}\"},\"query-input\":{\"@type\":\"PropertyValueSpecification\",\"valueRequired\":true,\"valueName\":\"search_term_string\"}}],\"inLanguage\":\"de\"},{\"@type\":\"Organization\",\"@id\":\"https:\/\/www.pressenza.com\/de\/#organization\",\"name\":\"Pressenza\",\"url\":\"https:\/\/www.pressenza.com\/de\/\",\"logo\":{\"@type\":\"ImageObject\",\"inLanguage\":\"de\",\"@id\":\"https:\/\/www.pressenza.com\/de\/#\/schema\/logo\/image\/\",\"url\":\"https:\/\/www.pressenza.com\/wp-content\/uploads\/2022\/10\/pressenza_logo_200x200.jpg\",\"contentUrl\":\"https:\/\/www.pressenza.com\/wp-content\/uploads\/2022\/10\/pressenza_logo_200x200.jpg\",\"width\":200,\"height\":200,\"caption\":\"Pressenza\"},\"image\":{\"@id\":\"https:\/\/www.pressenza.com\/de\/#\/schema\/logo\/image\/\"},\"sameAs\":[\"https:\/\/www.facebook.com\/PressenzaItalia\",\"https:\/\/x.com\/PressenzaIPA\"]},{\"@type\":\"Person\",\"@id\":\"https:\/\/www.pressenza.com\/de\/#\/schema\/person\/5162be2bf75419d7e91acfc2c50c3870\",\"name\":\"REHUNO - Red Humanista de Noticias en Salud\",\"description\":\"REHUNO is a group of volunteers from different countries, health professionals and\/or users of health services, who want to give voice to a \\\"humanizing view\\\" of health systems from a broad and comprehensive perspective. REHUNO wants to put into words and images the positive news that needs to be highlighted and the negative news that needs to be denounced and happening on a daily basis.http:\/\/rehunosalud.org\/\",\"sameAs\":[\"http:\/\/rehunosalud.org\/\",\"https:\/\/www.facebook.com\/rehunosalud\/\"],\"url\":\"https:\/\/www.pressenza.com\/de\/author\/rehuno\/\"}]}<\/script>\n<!-- \/ Yoast SEO plugin. -->","yoast_head_json":{"title":"Humanisierende Feminismen","description":"Mit diesem ersten Interview l\u00e4utet REHUNO Salud die Reihe \u201cHumanisierende Feminismen\u201d ein - eine Folge von Interviews, in denen Fachleute aus","robots":{"index":"index","follow":"follow","max-snippet":"max-snippet:-1","max-image-preview":"max-image-preview:large","max-video-preview":"max-video-preview:-1"},"canonical":"https:\/\/www.pressenza.com\/de\/2020\/10\/humanisierende-feminismen\/","og_locale":"de_DE","og_type":"article","og_title":"Humanisierende Feminismen","og_description":"Mit diesem ersten Interview l\u00e4utet REHUNO Salud die Reihe \u201cHumanisierende Feminismen\u201d ein - eine Folge von Interviews, in denen Fachleute aus","og_url":"https:\/\/www.pressenza.com\/de\/2020\/10\/humanisierende-feminismen\/","og_site_name":"Pressenza","article_publisher":"https:\/\/www.facebook.com\/PressenzaItalia","article_author":"https:\/\/www.facebook.com\/rehunosalud\/","article_published_time":"2020-10-26T16:09:57+00:00","article_modified_time":"2020-10-26T16:11:58+00:00","og_image":[{"width":750,"height":450,"url":"https:\/\/www.pressenza.com\/wp-content\/uploads\/2020\/10\/capa-da-s\u00e9rie_FQH.jpg","type":"image\/jpeg"}],"author":"REHUNO - Red Humanista de Noticias en Salud","twitter_card":"summary_large_image","twitter_creator":"@PressenzaIPA","twitter_site":"@PressenzaIPA","twitter_misc":{"Verfasst von":"REHUNO - Red Humanista de Noticias en Salud","Gesch\u00e4tzte Lesezeit":"5\u00a0Minuten"},"schema":{"@context":"https:\/\/schema.org","@graph":[{"@type":"Article","@id":"https:\/\/www.pressenza.com\/de\/2020\/10\/humanisierende-feminismen\/#article","isPartOf":{"@id":"https:\/\/www.pressenza.com\/de\/2020\/10\/humanisierende-feminismen\/"},"author":{"name":"REHUNO - Red Humanista de Noticias en Salud","@id":"https:\/\/www.pressenza.com\/de\/#\/schema\/person\/5162be2bf75419d7e91acfc2c50c3870"},"headline":"Humanisierende Feminismen","datePublished":"2020-10-26T16:09:57+00:00","dateModified":"2020-10-26T16:11:58+00:00","mainEntityOfPage":{"@id":"https:\/\/www.pressenza.com\/de\/2020\/10\/humanisierende-feminismen\/"},"wordCount":1087,"publisher":{"@id":"https:\/\/www.pressenza.com\/de\/#organization"},"image":{"@id":"https:\/\/www.pressenza.com\/de\/2020\/10\/humanisierende-feminismen\/#primaryimage"},"thumbnailUrl":"https:\/\/www.pressenza.com\/wp-content\/uploads\/2020\/10\/capa-da-s\u00e9rie_FQH.jpg","keywords":["Feminismus","Femizid","Frauenbewegung","Frauenrechte","Menschenrechte","Nicht eine weniger","nicht-bin\u00e4re Menschen","Patriarchat"],"articleSection":["Gender und Feminismen","Interviews","Originalinhalt","S\u00fcdamerika"],"inLanguage":"de"},{"@type":"WebPage","@id":"https:\/\/www.pressenza.com\/de\/2020\/10\/humanisierende-feminismen\/","url":"https:\/\/www.pressenza.com\/de\/2020\/10\/humanisierende-feminismen\/","name":"Humanisierende Feminismen","isPartOf":{"@id":"https:\/\/www.pressenza.com\/de\/#website"},"primaryImageOfPage":{"@id":"https:\/\/www.pressenza.com\/de\/2020\/10\/humanisierende-feminismen\/#primaryimage"},"image":{"@id":"https:\/\/www.pressenza.com\/de\/2020\/10\/humanisierende-feminismen\/#primaryimage"},"thumbnailUrl":"https:\/\/www.pressenza.com\/wp-content\/uploads\/2020\/10\/capa-da-s\u00e9rie_FQH.jpg","datePublished":"2020-10-26T16:09:57+00:00","dateModified":"2020-10-26T16:11:58+00:00","description":"Mit diesem ersten Interview l\u00e4utet REHUNO Salud die Reihe \u201cHumanisierende Feminismen\u201d ein - eine Folge von Interviews, in denen Fachleute aus","breadcrumb":{"@id":"https:\/\/www.pressenza.com\/de\/2020\/10\/humanisierende-feminismen\/#breadcrumb"},"inLanguage":"de","potentialAction":[{"@type":"ReadAction","target":["https:\/\/www.pressenza.com\/de\/2020\/10\/humanisierende-feminismen\/"]}]},{"@type":"ImageObject","inLanguage":"de","@id":"https:\/\/www.pressenza.com\/de\/2020\/10\/humanisierende-feminismen\/#primaryimage","url":"https:\/\/www.pressenza.com\/wp-content\/uploads\/2020\/10\/capa-da-s\u00e9rie_FQH.jpg","contentUrl":"https:\/\/www.pressenza.com\/wp-content\/uploads\/2020\/10\/capa-da-s\u00e9rie_FQH.jpg","width":750,"height":450,"caption":"Humanisierende Feminismen"},{"@type":"BreadcrumbList","@id":"https:\/\/www.pressenza.com\/de\/2020\/10\/humanisierende-feminismen\/#breadcrumb","itemListElement":[{"@type":"ListItem","position":1,"name":"Accueil","item":"https:\/\/www.pressenza.com\/de\/"},{"@type":"ListItem","position":2,"name":"Humanisierende Feminismen"}]},{"@type":"WebSite","@id":"https:\/\/www.pressenza.com\/de\/#website","url":"https:\/\/www.pressenza.com\/de\/","name":"Pressenza","description":"International Press Agency","publisher":{"@id":"https:\/\/www.pressenza.com\/de\/#organization"},"potentialAction":[{"@type":"SearchAction","target":{"@type":"EntryPoint","urlTemplate":"https:\/\/www.pressenza.com\/de\/?s={search_term_string}"},"query-input":{"@type":"PropertyValueSpecification","valueRequired":true,"valueName":"search_term_string"}}],"inLanguage":"de"},{"@type":"Organization","@id":"https:\/\/www.pressenza.com\/de\/#organization","name":"Pressenza","url":"https:\/\/www.pressenza.com\/de\/","logo":{"@type":"ImageObject","inLanguage":"de","@id":"https:\/\/www.pressenza.com\/de\/#\/schema\/logo\/image\/","url":"https:\/\/www.pressenza.com\/wp-content\/uploads\/2022\/10\/pressenza_logo_200x200.jpg","contentUrl":"https:\/\/www.pressenza.com\/wp-content\/uploads\/2022\/10\/pressenza_logo_200x200.jpg","width":200,"height":200,"caption":"Pressenza"},"image":{"@id":"https:\/\/www.pressenza.com\/de\/#\/schema\/logo\/image\/"},"sameAs":["https:\/\/www.facebook.com\/PressenzaItalia","https:\/\/x.com\/PressenzaIPA"]},{"@type":"Person","@id":"https:\/\/www.pressenza.com\/de\/#\/schema\/person\/5162be2bf75419d7e91acfc2c50c3870","name":"REHUNO - Red Humanista de Noticias en Salud","description":"REHUNO is a group of volunteers from different countries, health professionals and\/or users of health services, who want to give voice to a \"humanizing view\" of health systems from a broad and comprehensive perspective. REHUNO wants to put into words and images the positive news that needs to be highlighted and the negative news that needs to be denounced and happening on a daily basis.http:\/\/rehunosalud.org\/","sameAs":["http:\/\/rehunosalud.org\/","https:\/\/www.facebook.com\/rehunosalud\/"],"url":"https:\/\/www.pressenza.com\/de\/author\/rehuno\/"}]}},"place":"","original_article_url":"","_links":{"self":[{"href":"https:\/\/www.pressenza.com\/de\/wp-json\/wp\/v2\/posts\/1226228","targetHints":{"allow":["GET"]}}],"collection":[{"href":"https:\/\/www.pressenza.com\/de\/wp-json\/wp\/v2\/posts"}],"about":[{"href":"https:\/\/www.pressenza.com\/de\/wp-json\/wp\/v2\/types\/post"}],"author":[{"embeddable":true,"href":"https:\/\/www.pressenza.com\/de\/wp-json\/wp\/v2\/users\/1680"}],"replies":[{"embeddable":true,"href":"https:\/\/www.pressenza.com\/de\/wp-json\/wp\/v2\/comments?post=1226228"}],"version-history":[{"count":0,"href":"https:\/\/www.pressenza.com\/de\/wp-json\/wp\/v2\/posts\/1226228\/revisions"}],"wp:featuredmedia":[{"embeddable":true,"href":"https:\/\/www.pressenza.com\/de\/wp-json\/wp\/v2\/media\/1209028"}],"wp:attachment":[{"href":"https:\/\/www.pressenza.com\/de\/wp-json\/wp\/v2\/media?parent=1226228"}],"wp:term":[{"taxonomy":"category","embeddable":true,"href":"https:\/\/www.pressenza.com\/de\/wp-json\/wp\/v2\/categories?post=1226228"},{"taxonomy":"post_tag","embeddable":true,"href":"https:\/\/www.pressenza.com\/de\/wp-json\/wp\/v2\/tags?post=1226228"}],"curies":[{"name":"wp","href":"https:\/\/api.w.org\/{rel}","templated":true}]}}