{"id":1225055,"date":"2020-10-25T17:53:11","date_gmt":"2020-10-25T17:53:11","guid":{"rendered":"https:\/\/www.pressenza.com\/?p=1225055"},"modified":"2020-10-25T17:53:11","modified_gmt":"2020-10-25T17:53:11","slug":"ein-genbasierter-impfstoff-solls-richten","status":"publish","type":"post","link":"https:\/\/www.pressenza.com\/de\/2020\/10\/ein-genbasierter-impfstoff-solls-richten\/","title":{"rendered":"Ein genbasierter Impfstoff soll\u2019s richten"},"content":{"rendered":"<p><strong>Der Bund vertraut im Kampf gegen das Coronavirus auf einen mRNA-Impfstoff der Firma Moderna \u2013 er geht ein ziemliches Risiko ein.<\/strong><\/p>\n<p><em>Rafael Lutz f\u00fcr die Online-Zeitung <a href=\"https:\/\/www.infosperber.ch\/Artikel\/Politik\/Corona--Ein-genbasierter-Impfstoff-solls-richten\">INFOsperber<\/a><\/em><\/p>\n<div class=\"content\">\n<p class=\"paragraph\">Anfang August machte das Bundesamt f\u00fcr Gesundheit (BAG) <a href=\"https:\/\/www.bag.admin.ch\/bag\/de\/home\/das-bag\/aktuell\/medienmitteilungen.msg-id-80005.html\" target=\"_blank\" rel=\"noopener noreferrer\">publik<\/a>, dass der Bund einen Vertrag mit dem US-Biotech-Unternehmen Moderna abgeschlossen hat. Die Schweiz soll 4,5 Millionen Impfdosen des Impfstoffes <em>mRNA-1273<\/em> erhalten. Produziert werden sollen sie unter anderem in neuen Anlagen der Lonza in Visp.<\/p>\n<p class=\"paragraph\"><strong>Vorteile dieses neuartigen Impfstoffs<\/strong><\/p>\n<p class=\"paragraph\">Beim vorbestellten Impfstoff handelt es sich um einen sogenannten mRNA-Impfstoff, mit dem fremdes und genver\u00e4ndertes Material in die Zellen einer Person eingebracht wird. Ein solcher Impfstoff wurde bis heute noch nie am Menschen angewendet. Genetische Ans\u00e4tze werden laut der <a href=\"https:\/\/saez.ch\/article\/doi\/saez.2020.18982\" target=\"_blank\" rel=\"noopener noreferrer\">\u00abSchweizerischen \u00c4rztezeitung\u00bb<\/a> unter anderem von Bill Gates und dem deutschen Virologen Christian Drosten favorisiert. Fast die H\u00e4lfte der Impfstoffe, die gegen Sars-Cov-2 entwickelt werden, st\u00fctzen sich auf diese neue Technologie.<\/p>\n<p class=\"paragraph\">Mit diesem genbasierten Impfstoff wird die mRNA als Botenstoff von Zellen im K\u00f6rper aufgenommen. Dort setzt das k\u00f6rpereigene Eiweiss das Protein frei und erzeugt Antigene, die dem eindringenden Coronavirus Paroli bieten sollen. Dieser Impfstoff hat den Vorteil, dass er nicht mehr aufw\u00e4ndig herangez\u00fcchtet werden muss, sondern er kann mittels sogenannter RNA-Drucker produziert werden. Leicht transportierbare und lokal stationierte Produktionseinheiten k\u00f6nnen die konservierte mRNA in hunderttausende Impfdosen umwandeln. Bei der Entwicklung von genbasierten Impfstoffen ist das US-Unternehmen Moderna f\u00fchrend.<\/p>\n<p class=\"section5\"><strong>Bisher war Moderna wenig erfolgreich<\/strong><\/p>\n<p class=\"paragraph\">Doch sind die Chancen, dass der neuartige, von der Schweiz und anderen L\u00e4ndern bereits bestellte Impfstoff von Moderna je zugelassen wird, nur mittelpr\u00e4chtig. Erstens ist das Vertrauen in das Unternehmen wenig gerechtfertigt, denn Moderna versuchte seit der Gr\u00fcndung im Jahr 2010 schon mehrere Male, einen Impfstoff auf den Markt zu bringen, jedoch jedes Mal <a href=\"https:\/\/www.freitag.de\/autoren\/ulrike-baureithel\/der-heilige-impfstoff\" target=\"_blank\" rel=\"noopener noreferrer\">ohne Erfolg<\/a>. Der Optimismus aber war stets sehr gross. Moderna gelang es, bei Investoren und Regierungen immer wieder Gelder lockerzumachen.<\/p>\n<p class=\"paragraph\">Zweitens ist das Risiko bei einer neuen, noch nie an Menschen erprobten Art von Impfstoff gr\u00f6sser, dass unerwartete Nebenwirkungen auftreten. Trotzdem haben die US-Zulassungsbeh\u00f6rden dem Unternehmen ein beschleunigtes Zulassungsverfahren erlaubt. Die den klinischen Studien vorangehenden Tierversuche beispielsweise konnte Moderna <a href=\"https:\/\/www.freitag.de\/autoren\/ulrike-baureithel\/der-heilige-impfstoff\" target=\"_blank\" rel=\"noopener noreferrer\">\u00fcberspringen<\/a>. L\u00e4uft alles nach Plan, soll der Impfstoff bereits n\u00e4chsten Fr\u00fchling zugelassen werden, <a href=\"https:\/\/www.forbes.com\/sites\/forbes-personal-shopper\/2020\/10\/09\/amazon-prime-day-150-upcoming-prime-day-deals\/#706050ed19ca\" target=\"_blank\" rel=\"noopener noreferrer\">erkl\u00e4rte<\/a> Moderna-CEO St\u00e9phane Bancel. Nach <a href=\"https:\/\/www.modernatx.com\/cove-study\" target=\"_blank\" rel=\"noopener noreferrer\">eigenen Angaben<\/a> haben bereits \u00fcber 22\u2019000\u00a0Probanden in der sogenannten Phase 3-Studie eine notwendige zweite Impfdosis erhalten.<\/p>\n<p class=\"paragraph\"><strong>Bund erlaubt rasche Zulassungsverfahren<\/strong><\/p>\n<p class=\"paragraph\">Auf Anfrage von Infosperber best\u00e4tigt Swissmedic, dass die Zulassungsverfahren auch in der Schweiz verk\u00fcrzt werden, um den Impfstoff m\u00f6glichst rasch auf den Markt zu bringen. \u00abSwissmedic ist bereit, mehrere m\u00f6gliche regulatorische Optionen f\u00fcr die Zulassung des Covid-19-Impfstoffes anzuwenden\u00bb, schreibt die Zulassungs- und Kontrollbeh\u00f6rde f\u00fcr Heilmittel in der Schweiz. In ihrer Antwort verweist sie unter anderem auf die \u00abRolling Submission\u00bb.<\/p>\n<p class=\"paragraph\">Diese stellt eine Sonderform eines Erstzulassungsverfahrens dar, welche es der Gesuchstellerin erlaubt, auch eine unvollst\u00e4ndige Dokumentation \u00fcber das beantragte Arzneimittel einzureichen. Dies unter der Bedingung, dass die Dokumentation vom Pharmaunternehmen laufend nachgereicht wird, sobald die Daten vorliegen.<\/p>\n<p class=\"paragraph\">Die Sonderzulassungen st\u00fctzen sich auf <a href=\"https:\/\/www.admin.ch\/opc\/de\/classified-compilation\/20201773\/index.html\" target=\"_blank\" rel=\"noopener noreferrer\">Artikel 21<\/a> der Covid-19-Verordnung des Bundes, welche Swissmedic die M\u00f6glichkeit gibt, auf der Grundlage einer Nutzen-Risiko-Analyse \u00abAbweichungen von dem im Rahmen der Zulassung genehmigten Herstellungsprozess\u00bb zu bewilligen. Die Verordnung erlaubt es Swissmedic, \u00abeine vorzeitige Marktfreigabe f\u00fcr Arzneimittel\u00bb zu erteilen. Auf Nachfrage erkl\u00e4rt Swissmedic, dass eine rasche Zulassung nur unter der Bedingung zum Zuge kommt, wenn \u00abgen\u00fcgend Unterlagen zur Sicherheit\/Wirksamkeit zur Verf\u00fcgung stehen\u00bb.<\/p>\n<p class=\"paragraph\"><strong>Nebenwirkungen bei Tests<\/strong><\/p>\n<p class=\"paragraph\">In den USA zeigten sich bei einzelnen Testpersonen Nebenwirkungen. In der 45 Personen umfassenden Phase-1-Studie, in der die richtige Dosis des Impfstoffes gefunden werden soll, erlebten vier Teilnehmer so genannte starke, pflegebed\u00fcrftige Nebenwirkungen (\u00abGrad 3\u00bb). Moderna <a href=\"https:\/\/www.statnews.com\/2020\/05\/26\/moderna-vaccine-candidate-trial-participant-severe-reaction\/\" target=\"_blank\" rel=\"noopener noreferrer\">erkl\u00e4rte<\/a>, dass drei der Probanden die h\u00f6chste Dosis des getesteten Impfstoffes gegeben wurde. Eine vierte Person bekam eine niedrigere Dosis und hatte lediglich an der Injektionsstelle einen Ausschlag.<\/p>\n<p class=\"paragraph\">Einer der vier Testpersonen mit starken Nebenwirkungen war <em>Ian Haydon<\/em>, ein 29-j\u00e4hriger Mann aus Seattle. Gegen\u00fcber <a href=\"https:\/\/edition.cnn.com\/world\/live-news\/coronavirus-pandemic-05-07-20-intl\/h_22fb7011bb1ca15c3087b9ace5061c13\" target=\"_blank\" rel=\"noopener noreferrer\">CNN<\/a> und <a href=\"https:\/\/www.cnbc.com\/video\/2020\/05\/18\/vaccine-volunteer-on-modernas-phase-one-trial.html\" target=\"_blank\" rel=\"noopener noreferrer\">CNBC<\/a> erkl\u00e4re er, zw\u00f6lf Stunden nach Erhalt der zweiten Dosis Fieber von 40 Grad entwickelt zu haben. Er ben\u00f6tigte \u00e4rztliche Hilfe und wurde nach der Entlassung aus der Notaufnahme zu Hause ohnm\u00e4chtig. Eigentlich mussten die Testpersonen eine Schweigepflicht gegen\u00fcber der \u00d6ffentlichkeit unterschreiben. Doch Haydon entschied sich zu sprechen. \u00abIch hoffe, dass dadurch keine Feindseligkeit gegen Impfstoffe im Allgemeinen oder gegen diesen Impfstoff im Speziellen gesch\u00fcrt wird\u00bb, sagte Haydon. Er betonte aber auch, dass er mit seiner Geschichte Menschen sensibilisieren m\u00f6chte, die ungeachtet der Folgen so schnell wie m\u00f6glich einen Impfstoff auf den Markt bringen wollen.<\/p>\n<p class=\"paragraph\"><strong>Daten seien vielversprechend<\/strong><\/p>\n<p class=\"paragraph\">Vom BAG wollte Infosperber wissen, wieso sich der Bund bei seiner ersten Bestellung ausgerechnet f\u00fcr den mRNA-Impfstoff von Moderna entschied \u2013 obwohl eine solche Art Impfstoff noch nie zugelassen wurde und Testpersonen in der Phase 1 bereits starke Nebenwirkungen zeigten.<\/p>\n<p class=\"paragraph\">Das BAG zeigte sich zuversichtlich: \u00abDie ersten Daten sind vielversprechend. Nat\u00fcrlich besteht immer das Risiko, dass ein Impfstoff-Kandidat, der vielversprechend gestartet ist, sp\u00e4ter aus Gr\u00fcnden der Sicherheit oder Wirksamkeit nicht mehr in Frage kommt.\u00bb Weiter schrieb das BAG: \u00abDie klinischen Studien laufen noch; eine Beurteilung ist erst am Schluss m\u00f6glich. Die Studien erf\u00fcllen die g\u00e4ngigen und hohen Anforderungen, die international an solche Projekte gestellt werden.\u00bb<\/p>\n<p class=\"paragraph\">Infosperber wollte von BAG ebenfalls in Erfahrung bringen, ob im Zuge der Vorbestellungen des Bundes bereits Geld an Moderna floss und ob dieses zur\u00fcckgezahlt w\u00fcrde, wenn der Impfstoff nicht zugelassen werden sollte. Dazu schreibt das BAG: \u00abZu den Vertragsbestimmungen k\u00f6nnen wir uns nicht \u00e4ussern.\u00bb \u00dcber das finanzielle Risiko, welches der Bund bei dieser Bestellung eingegangen ist, herrscht Stillschweigen.<\/p>\n<p class=\"paragraph\"><strong>Zu Haftungsfragen halten sich BAG und Swissmedic bedeckt<\/strong><\/p>\n<p class=\"paragraph\">Zur Frage, wer bei m\u00f6glichen Impfsch\u00e4den haften wird, verwies Swissmedic auf die <a href=\"https:\/\/www.parlament.ch\/de\/ratsbetrieb\/suche-curia-vista\/geschaeft?AffairId=20205696\" target=\"_blank\" rel=\"noopener noreferrer\">Antwort<\/a> des Bundesrats auf eine Anfrage des Thurgauer CVP-Nationalrats Christian Lohr. Darin heisst es nur vage, dass die Haftpflicht \u00abprim\u00e4r den \u00fcblichen Haftungsregelungen\u00bb folgt.<\/p>\n<p class=\"paragraph\">Das BAG seinerseits berief sich zuerst auf die Antwort der Swissmedic. Auf erneute Nachfrage seitens Infosperber, ob letztlich der Bund f\u00fcr m\u00f6gliche Impfsch\u00e4den aufkommen m\u00fcsse, schreibt das BAG: \u00abEin Unternehmen ist in der Schweiz bei allf\u00e4lligen Impfsch\u00e4den einklagbar und im Falle einer Verurteilung auch haftbar.\u00a0Vertragliche Verpflichtungen zur \u2039Schadloshaltung\u203a sind grunds\u00e4tzlich m\u00f6glich, wobei wir aber allf\u00e4llige Verpflichtungen nicht offenlegen.\u00bb Moderna reagierte nicht auf eine entsprechende Anfrage von Infosperber.<\/p>\n<div>\n<p><strong>Weg gefunden, um Zellen \u00abumzuprogrammieren\u00bb<\/strong><\/p>\n<p class=\"paragraph\">Der Erfinder der mRNA-Impfstoffe ist der emeritierte kanadische Professor f\u00fcr Stammzellenforschung und Mitgr\u00fcnder des US-Biotechunternehmens Moderna <em>Derek Rossi<\/em>. Der Stammzellenforscher sagt, er habe mit den mRNA-Impfstoffen einen Weg gefunden, Zellen \u00abumzuprogrammieren\u00bb. \u00abDie wirklich wichtige Entdeckung war, dass man jetzt mRNA tats\u00e4chlich verwenden konnte. Wenn man sie in die Zellen brachte, dann konnte man die mRNA dazu bringen, jedes beliebige Protein in den Zellen zu exprimieren. Das war die grosse Sache\u00bb, sagte Rossi im Mai gegen\u00fcber der <a href=\"https:\/\/nationalpost.com\/news\/canada\/heroes-of-the-pandemic-meet-the-canadian-hockey-dad-behind-covid-19-vaccine-developer-moderna\" target=\"_blank\" rel=\"noopener noreferrer\">\u00abNational-Post\u00bb<\/a>. Theoretisch k\u00f6nnten mit mRNA-Impfstoffen unz\u00e4hlige schwere genetische St\u00f6rungen behandelt werden, indem die schlechten Gene und Mutationen einfach umprogrammiert werden, erkl\u00e4rte Rossi.<\/p>\n<p class=\"paragraph\"><strong>Impfstoff k\u00f6nnte infektionsverst\u00e4rkende Antik\u00f6rper hervorrufen<\/strong><\/p>\n<p class=\"paragraph\">In der Vergangenheit haben sich die bisherigen am Menschen getesteten mRNA-Impfstoffe stets als Flopp erwiesen \u2013 so unter anderem gegen das \u00abSchwere akute Atemwegssyndrom\u00bb (SARS) sowie auch gegen das \u00abMiddle East respiratory syndrome-related coronavirus\u00bb (MERS). Pr\u00e4klinische Studien dagegen haben das Risiko schwerwiegender entz\u00fcndlicher Ver\u00e4nderungen des Lungengewebes <a href=\"https:\/\/www.nejm.org\/doi\/pdf\/10.1056\/NEJMp2005630?articleTools=true\" target=\"_blank\" rel=\"noopener noreferrer\">offengelegt<\/a>, die \u00fcber eine \u00dcberreaktion der Th2-Lymphozyten vermittelt wurden.<\/p>\n<p class=\"paragraph\">Der Genetiker <em>William A. Haseltine<\/em> warnte in der Zeitschrift <a href=\"https:\/\/www.scientificamerican.com\/article\/the-risks-of-rushing-a-covid-19-vaccine\/\" target=\"_blank\" rel=\"noopener noreferrer\">\u00abScientific American\u00bb<\/a>davor, verk\u00fcrzte Zulassungsverfahren zu gew\u00e4hren. Er machte auf Beispiele aufmerksam, in denen mRNA-Impfstoffe angewendet wurden. Haseltine sagte, dass es gute Gr\u00fcnde gebe gerade bei COVID-19 besonders vorsichtig zu sein. Er schrieb: \u00abEinige Impfstoffe verschlimmern eher die Folgen einer Infektion als zu sch\u00fctzen, ein Ph\u00e4nomen, das dazu f\u00fchrt, dass infektionsverst\u00e4rkende Antik\u00f6rper (Antibody dependent enhancement, ADE) gebildet werden. Solche Antik\u00f6rper wurden bei fr\u00fcheren Versuchen zur Entwicklung von Coronavirus-Impfstoffen beobachtet.\u00bb<\/p>\n<p class=\"paragraph\">Gleiches geschah auch im Zuge der Impfungen gegen das Denguefieber. 2016 mussten Kinder, welche dagegen den mRNA-Impfstoff Dengvaxia verabreicht bekamen, hospitalisiert werden, schreibt Haseltine weiter. Auf die Gefahr weisen auch Forscher in der Fachzeitschrift <a href=\"https:\/\/www.nature.com\/articles\/s41577-020-0321-6\" target=\"_blank\" rel=\"noopener noreferrer\">\u00abNature\u00bb<\/a> hin. Infektionsverst\u00e4rkenden Antik\u00f6rpern m\u00fcsse bei der Evaluation des Covid-19-Impfstoffs gr\u00f6sste Aufmerksamkeit geschenkt werden, schreiben die Forscher.<\/p>\n<\/div>\n<\/div>\n","protected":false},"excerpt":{"rendered":"<p>Der Bund vertraut im Kampf gegen das Coronavirus auf einen mRNA-Impfstoff der Firma Moderna \u2013 er geht ein ziemliches Risiko ein. Rafael Lutz f\u00fcr die Online-Zeitung INFOsperber Anfang August machte das Bundesamt f\u00fcr Gesundheit (BAG) publik, dass der Bund einen&hellip;<\/p>\n","protected":false},"author":1855,"featured_media":1225372,"comment_status":"closed","ping_status":"closed","sticky":false,"template":"","format":"standard","meta":{"footnotes":""},"categories":[9160,9169],"tags":[17120,72646,83148,75359],"class_list":["post-1225055","post","type-post","status-publish","format-standard","has-post-thumbnail","hentry","category-gesundheit","category-wissenschaft-und-technologie","tag-bag","tag-covid-19-de","tag-impfschaeden","tag-impfstoff"],"yoast_head":"<!-- This site is optimized with the Yoast SEO plugin v27.1.1 - https:\/\/yoast.com\/product\/yoast-seo-wordpress\/ -->\n<title>Ein genbasierter Impfstoff soll\u2019s richten<\/title>\n<meta name=\"description\" content=\"Der Bund vertraut im Kampf gegen das Coronavirus auf einen mRNA-Impfstoff der Firma Moderna \u2013 er geht ein ziemliches Risiko ein. Rafael Lutz f\u00fcr die\" \/>\n<meta name=\"robots\" content=\"index, follow, max-snippet:-1, max-image-preview:large, max-video-preview:-1\" \/>\n<link rel=\"canonical\" href=\"https:\/\/www.pressenza.com\/de\/2020\/10\/ein-genbasierter-impfstoff-solls-richten\/\" \/>\n<meta property=\"og:locale\" content=\"de_DE\" \/>\n<meta property=\"og:type\" content=\"article\" \/>\n<meta property=\"og:title\" content=\"Ein genbasierter Impfstoff soll\u2019s richten\" \/>\n<meta property=\"og:description\" content=\"Der Bund vertraut im Kampf gegen das Coronavirus auf einen mRNA-Impfstoff der Firma Moderna \u2013 er geht ein ziemliches Risiko ein. Rafael Lutz f\u00fcr die\" \/>\n<meta property=\"og:url\" content=\"https:\/\/www.pressenza.com\/de\/2020\/10\/ein-genbasierter-impfstoff-solls-richten\/\" \/>\n<meta property=\"og:site_name\" content=\"Pressenza\" \/>\n<meta property=\"article:publisher\" content=\"https:\/\/www.facebook.com\/PressenzaItalia\" \/>\n<meta property=\"article:published_time\" content=\"2020-10-25T17:53:11+00:00\" \/>\n<meta property=\"og:image\" content=\"https:\/\/www.pressenza.com\/wp-content\/uploads\/2020\/10\/690B898D-3670-43BB-AA5B-61A895F3101A.png\" \/>\n\t<meta property=\"og:image:width\" content=\"1920\" \/>\n\t<meta property=\"og:image:height\" content=\"958\" \/>\n\t<meta property=\"og:image:type\" content=\"image\/png\" \/>\n<meta name=\"author\" content=\"INFOsperber\" \/>\n<meta name=\"twitter:card\" content=\"summary_large_image\" \/>\n<meta name=\"twitter:creator\" content=\"@PressenzaIPA\" \/>\n<meta name=\"twitter:site\" content=\"@PressenzaIPA\" \/>\n<meta name=\"twitter:label1\" content=\"Verfasst von\" \/>\n\t<meta name=\"twitter:data1\" content=\"INFOsperber\" \/>\n\t<meta name=\"twitter:label2\" content=\"Gesch\u00e4tzte Lesezeit\" \/>\n\t<meta name=\"twitter:data2\" content=\"7\u00a0Minuten\" \/>\n<script type=\"application\/ld+json\" class=\"yoast-schema-graph\">{\"@context\":\"https:\/\/schema.org\",\"@graph\":[{\"@type\":\"Article\",\"@id\":\"https:\/\/www.pressenza.com\/de\/2020\/10\/ein-genbasierter-impfstoff-solls-richten\/#article\",\"isPartOf\":{\"@id\":\"https:\/\/www.pressenza.com\/de\/2020\/10\/ein-genbasierter-impfstoff-solls-richten\/\"},\"author\":{\"name\":\"INFOsperber\",\"@id\":\"https:\/\/www.pressenza.com\/de\/#\/schema\/person\/77735f6583e3041b31ebc7b93a284357\"},\"headline\":\"Ein genbasierter Impfstoff soll\u2019s richten\",\"datePublished\":\"2020-10-25T17:53:11+00:00\",\"mainEntityOfPage\":{\"@id\":\"https:\/\/www.pressenza.com\/de\/2020\/10\/ein-genbasierter-impfstoff-solls-richten\/\"},\"wordCount\":1390,\"publisher\":{\"@id\":\"https:\/\/www.pressenza.com\/de\/#organization\"},\"image\":{\"@id\":\"https:\/\/www.pressenza.com\/de\/2020\/10\/ein-genbasierter-impfstoff-solls-richten\/#primaryimage\"},\"thumbnailUrl\":\"https:\/\/www.pressenza.com\/wp-content\/uploads\/2020\/10\/690B898D-3670-43BB-AA5B-61A895F3101A.png\",\"keywords\":[\"BAG\",\"COVID-19\",\"Impfsch\u00e4den\",\"Impfstoff\"],\"articleSection\":[\"Gesundheit\",\"Wissenschaft und Technologie\"],\"inLanguage\":\"de\"},{\"@type\":\"WebPage\",\"@id\":\"https:\/\/www.pressenza.com\/de\/2020\/10\/ein-genbasierter-impfstoff-solls-richten\/\",\"url\":\"https:\/\/www.pressenza.com\/de\/2020\/10\/ein-genbasierter-impfstoff-solls-richten\/\",\"name\":\"Ein genbasierter Impfstoff soll\u2019s richten\",\"isPartOf\":{\"@id\":\"https:\/\/www.pressenza.com\/de\/#website\"},\"primaryImageOfPage\":{\"@id\":\"https:\/\/www.pressenza.com\/de\/2020\/10\/ein-genbasierter-impfstoff-solls-richten\/#primaryimage\"},\"image\":{\"@id\":\"https:\/\/www.pressenza.com\/de\/2020\/10\/ein-genbasierter-impfstoff-solls-richten\/#primaryimage\"},\"thumbnailUrl\":\"https:\/\/www.pressenza.com\/wp-content\/uploads\/2020\/10\/690B898D-3670-43BB-AA5B-61A895F3101A.png\",\"datePublished\":\"2020-10-25T17:53:11+00:00\",\"description\":\"Der Bund vertraut im Kampf gegen das Coronavirus auf einen mRNA-Impfstoff der Firma Moderna \u2013 er geht ein ziemliches Risiko ein. Rafael Lutz f\u00fcr die\",\"breadcrumb\":{\"@id\":\"https:\/\/www.pressenza.com\/de\/2020\/10\/ein-genbasierter-impfstoff-solls-richten\/#breadcrumb\"},\"inLanguage\":\"de\",\"potentialAction\":[{\"@type\":\"ReadAction\",\"target\":[\"https:\/\/www.pressenza.com\/de\/2020\/10\/ein-genbasierter-impfstoff-solls-richten\/\"]}]},{\"@type\":\"ImageObject\",\"inLanguage\":\"de\",\"@id\":\"https:\/\/www.pressenza.com\/de\/2020\/10\/ein-genbasierter-impfstoff-solls-richten\/#primaryimage\",\"url\":\"https:\/\/www.pressenza.com\/wp-content\/uploads\/2020\/10\/690B898D-3670-43BB-AA5B-61A895F3101A.png\",\"contentUrl\":\"https:\/\/www.pressenza.com\/wp-content\/uploads\/2020\/10\/690B898D-3670-43BB-AA5B-61A895F3101A.png\",\"width\":1920,\"height\":958},{\"@type\":\"BreadcrumbList\",\"@id\":\"https:\/\/www.pressenza.com\/de\/2020\/10\/ein-genbasierter-impfstoff-solls-richten\/#breadcrumb\",\"itemListElement\":[{\"@type\":\"ListItem\",\"position\":1,\"name\":\"Accueil\",\"item\":\"https:\/\/www.pressenza.com\/de\/\"},{\"@type\":\"ListItem\",\"position\":2,\"name\":\"Ein genbasierter Impfstoff soll\u2019s richten\"}]},{\"@type\":\"WebSite\",\"@id\":\"https:\/\/www.pressenza.com\/de\/#website\",\"url\":\"https:\/\/www.pressenza.com\/de\/\",\"name\":\"Pressenza\",\"description\":\"International Press Agency\",\"publisher\":{\"@id\":\"https:\/\/www.pressenza.com\/de\/#organization\"},\"potentialAction\":[{\"@type\":\"SearchAction\",\"target\":{\"@type\":\"EntryPoint\",\"urlTemplate\":\"https:\/\/www.pressenza.com\/de\/?s={search_term_string}\"},\"query-input\":{\"@type\":\"PropertyValueSpecification\",\"valueRequired\":true,\"valueName\":\"search_term_string\"}}],\"inLanguage\":\"de\"},{\"@type\":\"Organization\",\"@id\":\"https:\/\/www.pressenza.com\/de\/#organization\",\"name\":\"Pressenza\",\"url\":\"https:\/\/www.pressenza.com\/de\/\",\"logo\":{\"@type\":\"ImageObject\",\"inLanguage\":\"de\",\"@id\":\"https:\/\/www.pressenza.com\/de\/#\/schema\/logo\/image\/\",\"url\":\"https:\/\/www.pressenza.com\/wp-content\/uploads\/2022\/10\/pressenza_logo_200x200.jpg\",\"contentUrl\":\"https:\/\/www.pressenza.com\/wp-content\/uploads\/2022\/10\/pressenza_logo_200x200.jpg\",\"width\":200,\"height\":200,\"caption\":\"Pressenza\"},\"image\":{\"@id\":\"https:\/\/www.pressenza.com\/de\/#\/schema\/logo\/image\/\"},\"sameAs\":[\"https:\/\/www.facebook.com\/PressenzaItalia\",\"https:\/\/x.com\/PressenzaIPA\"]},{\"@type\":\"Person\",\"@id\":\"https:\/\/www.pressenza.com\/de\/#\/schema\/person\/77735f6583e3041b31ebc7b93a284357\",\"name\":\"INFOsperber\",\"description\":\"Infosperber.ch - sieht, was andere \u00fcbersehen Die Schweizer Internet-Zeitung richtet sich an Entscheidungstr\u00e4ger in Gesellschaft, Wirtschaft und Politik sowie alle, die erg\u00e4nzende Informationen zu den grossen Medien suchen. Infosperber will die grossen Informations-Medien nicht konkurrenzieren, sondern diese erg\u00e4nzen. \u00a9 Das Weiterverbreiten s\u00e4mtlicher auf dem gemeinn\u00fctzigen Portal www.infosperber.ch enthaltenen Texte ist ohne Kostenfolge erlaubt, sofern die Texte integral ohne K\u00fcrzung und mit Quellenangaben (Autor und \u00abInfosperber\u00bb) verbreitet werden. Bei einer Online-Nutzung ist die Quellenangabe m\u00f6glichst schon am Anfang des Artikels mit einem Link auf infosperber.ch zu versehen. F\u00fcr das Verbreiten von gek\u00fcrzten oder abge\u00e4nderten Texten ist das schriftliche Einverst\u00e4ndnis der AutorInnen erforderlich.\",\"sameAs\":[\"https:\/\/www.infosperber.ch\/\"],\"url\":\"https:\/\/www.pressenza.com\/de\/author\/infosperber\/\"}]}<\/script>\n<!-- \/ Yoast SEO plugin. -->","yoast_head_json":{"title":"Ein genbasierter Impfstoff soll\u2019s richten","description":"Der Bund vertraut im Kampf gegen das Coronavirus auf einen mRNA-Impfstoff der Firma Moderna \u2013 er geht ein ziemliches Risiko ein. Rafael Lutz f\u00fcr die","robots":{"index":"index","follow":"follow","max-snippet":"max-snippet:-1","max-image-preview":"max-image-preview:large","max-video-preview":"max-video-preview:-1"},"canonical":"https:\/\/www.pressenza.com\/de\/2020\/10\/ein-genbasierter-impfstoff-solls-richten\/","og_locale":"de_DE","og_type":"article","og_title":"Ein genbasierter Impfstoff soll\u2019s richten","og_description":"Der Bund vertraut im Kampf gegen das Coronavirus auf einen mRNA-Impfstoff der Firma Moderna \u2013 er geht ein ziemliches Risiko ein. Rafael Lutz f\u00fcr die","og_url":"https:\/\/www.pressenza.com\/de\/2020\/10\/ein-genbasierter-impfstoff-solls-richten\/","og_site_name":"Pressenza","article_publisher":"https:\/\/www.facebook.com\/PressenzaItalia","article_published_time":"2020-10-25T17:53:11+00:00","og_image":[{"width":1920,"height":958,"url":"https:\/\/www.pressenza.com\/wp-content\/uploads\/2020\/10\/690B898D-3670-43BB-AA5B-61A895F3101A.png","type":"image\/png"}],"author":"INFOsperber","twitter_card":"summary_large_image","twitter_creator":"@PressenzaIPA","twitter_site":"@PressenzaIPA","twitter_misc":{"Verfasst von":"INFOsperber","Gesch\u00e4tzte Lesezeit":"7\u00a0Minuten"},"schema":{"@context":"https:\/\/schema.org","@graph":[{"@type":"Article","@id":"https:\/\/www.pressenza.com\/de\/2020\/10\/ein-genbasierter-impfstoff-solls-richten\/#article","isPartOf":{"@id":"https:\/\/www.pressenza.com\/de\/2020\/10\/ein-genbasierter-impfstoff-solls-richten\/"},"author":{"name":"INFOsperber","@id":"https:\/\/www.pressenza.com\/de\/#\/schema\/person\/77735f6583e3041b31ebc7b93a284357"},"headline":"Ein genbasierter Impfstoff soll\u2019s richten","datePublished":"2020-10-25T17:53:11+00:00","mainEntityOfPage":{"@id":"https:\/\/www.pressenza.com\/de\/2020\/10\/ein-genbasierter-impfstoff-solls-richten\/"},"wordCount":1390,"publisher":{"@id":"https:\/\/www.pressenza.com\/de\/#organization"},"image":{"@id":"https:\/\/www.pressenza.com\/de\/2020\/10\/ein-genbasierter-impfstoff-solls-richten\/#primaryimage"},"thumbnailUrl":"https:\/\/www.pressenza.com\/wp-content\/uploads\/2020\/10\/690B898D-3670-43BB-AA5B-61A895F3101A.png","keywords":["BAG","COVID-19","Impfsch\u00e4den","Impfstoff"],"articleSection":["Gesundheit","Wissenschaft und Technologie"],"inLanguage":"de"},{"@type":"WebPage","@id":"https:\/\/www.pressenza.com\/de\/2020\/10\/ein-genbasierter-impfstoff-solls-richten\/","url":"https:\/\/www.pressenza.com\/de\/2020\/10\/ein-genbasierter-impfstoff-solls-richten\/","name":"Ein genbasierter Impfstoff soll\u2019s richten","isPartOf":{"@id":"https:\/\/www.pressenza.com\/de\/#website"},"primaryImageOfPage":{"@id":"https:\/\/www.pressenza.com\/de\/2020\/10\/ein-genbasierter-impfstoff-solls-richten\/#primaryimage"},"image":{"@id":"https:\/\/www.pressenza.com\/de\/2020\/10\/ein-genbasierter-impfstoff-solls-richten\/#primaryimage"},"thumbnailUrl":"https:\/\/www.pressenza.com\/wp-content\/uploads\/2020\/10\/690B898D-3670-43BB-AA5B-61A895F3101A.png","datePublished":"2020-10-25T17:53:11+00:00","description":"Der Bund vertraut im Kampf gegen das Coronavirus auf einen mRNA-Impfstoff der Firma Moderna \u2013 er geht ein ziemliches Risiko ein. Rafael Lutz f\u00fcr die","breadcrumb":{"@id":"https:\/\/www.pressenza.com\/de\/2020\/10\/ein-genbasierter-impfstoff-solls-richten\/#breadcrumb"},"inLanguage":"de","potentialAction":[{"@type":"ReadAction","target":["https:\/\/www.pressenza.com\/de\/2020\/10\/ein-genbasierter-impfstoff-solls-richten\/"]}]},{"@type":"ImageObject","inLanguage":"de","@id":"https:\/\/www.pressenza.com\/de\/2020\/10\/ein-genbasierter-impfstoff-solls-richten\/#primaryimage","url":"https:\/\/www.pressenza.com\/wp-content\/uploads\/2020\/10\/690B898D-3670-43BB-AA5B-61A895F3101A.png","contentUrl":"https:\/\/www.pressenza.com\/wp-content\/uploads\/2020\/10\/690B898D-3670-43BB-AA5B-61A895F3101A.png","width":1920,"height":958},{"@type":"BreadcrumbList","@id":"https:\/\/www.pressenza.com\/de\/2020\/10\/ein-genbasierter-impfstoff-solls-richten\/#breadcrumb","itemListElement":[{"@type":"ListItem","position":1,"name":"Accueil","item":"https:\/\/www.pressenza.com\/de\/"},{"@type":"ListItem","position":2,"name":"Ein genbasierter Impfstoff soll\u2019s richten"}]},{"@type":"WebSite","@id":"https:\/\/www.pressenza.com\/de\/#website","url":"https:\/\/www.pressenza.com\/de\/","name":"Pressenza","description":"International Press Agency","publisher":{"@id":"https:\/\/www.pressenza.com\/de\/#organization"},"potentialAction":[{"@type":"SearchAction","target":{"@type":"EntryPoint","urlTemplate":"https:\/\/www.pressenza.com\/de\/?s={search_term_string}"},"query-input":{"@type":"PropertyValueSpecification","valueRequired":true,"valueName":"search_term_string"}}],"inLanguage":"de"},{"@type":"Organization","@id":"https:\/\/www.pressenza.com\/de\/#organization","name":"Pressenza","url":"https:\/\/www.pressenza.com\/de\/","logo":{"@type":"ImageObject","inLanguage":"de","@id":"https:\/\/www.pressenza.com\/de\/#\/schema\/logo\/image\/","url":"https:\/\/www.pressenza.com\/wp-content\/uploads\/2022\/10\/pressenza_logo_200x200.jpg","contentUrl":"https:\/\/www.pressenza.com\/wp-content\/uploads\/2022\/10\/pressenza_logo_200x200.jpg","width":200,"height":200,"caption":"Pressenza"},"image":{"@id":"https:\/\/www.pressenza.com\/de\/#\/schema\/logo\/image\/"},"sameAs":["https:\/\/www.facebook.com\/PressenzaItalia","https:\/\/x.com\/PressenzaIPA"]},{"@type":"Person","@id":"https:\/\/www.pressenza.com\/de\/#\/schema\/person\/77735f6583e3041b31ebc7b93a284357","name":"INFOsperber","description":"Infosperber.ch - sieht, was andere \u00fcbersehen Die Schweizer Internet-Zeitung richtet sich an Entscheidungstr\u00e4ger in Gesellschaft, Wirtschaft und Politik sowie alle, die erg\u00e4nzende Informationen zu den grossen Medien suchen. Infosperber will die grossen Informations-Medien nicht konkurrenzieren, sondern diese erg\u00e4nzen. \u00a9 Das Weiterverbreiten s\u00e4mtlicher auf dem gemeinn\u00fctzigen Portal www.infosperber.ch enthaltenen Texte ist ohne Kostenfolge erlaubt, sofern die Texte integral ohne K\u00fcrzung und mit Quellenangaben (Autor und \u00abInfosperber\u00bb) verbreitet werden. Bei einer Online-Nutzung ist die Quellenangabe m\u00f6glichst schon am Anfang des Artikels mit einem Link auf infosperber.ch zu versehen. F\u00fcr das Verbreiten von gek\u00fcrzten oder abge\u00e4nderten Texten ist das schriftliche Einverst\u00e4ndnis der AutorInnen erforderlich.","sameAs":["https:\/\/www.infosperber.ch\/"],"url":"https:\/\/www.pressenza.com\/de\/author\/infosperber\/"}]}},"place":"","original_article_url":"","_links":{"self":[{"href":"https:\/\/www.pressenza.com\/de\/wp-json\/wp\/v2\/posts\/1225055","targetHints":{"allow":["GET"]}}],"collection":[{"href":"https:\/\/www.pressenza.com\/de\/wp-json\/wp\/v2\/posts"}],"about":[{"href":"https:\/\/www.pressenza.com\/de\/wp-json\/wp\/v2\/types\/post"}],"author":[{"embeddable":true,"href":"https:\/\/www.pressenza.com\/de\/wp-json\/wp\/v2\/users\/1855"}],"replies":[{"embeddable":true,"href":"https:\/\/www.pressenza.com\/de\/wp-json\/wp\/v2\/comments?post=1225055"}],"version-history":[{"count":0,"href":"https:\/\/www.pressenza.com\/de\/wp-json\/wp\/v2\/posts\/1225055\/revisions"}],"wp:featuredmedia":[{"embeddable":true,"href":"https:\/\/www.pressenza.com\/de\/wp-json\/wp\/v2\/media\/1225372"}],"wp:attachment":[{"href":"https:\/\/www.pressenza.com\/de\/wp-json\/wp\/v2\/media?parent=1225055"}],"wp:term":[{"taxonomy":"category","embeddable":true,"href":"https:\/\/www.pressenza.com\/de\/wp-json\/wp\/v2\/categories?post=1225055"},{"taxonomy":"post_tag","embeddable":true,"href":"https:\/\/www.pressenza.com\/de\/wp-json\/wp\/v2\/tags?post=1225055"}],"curies":[{"name":"wp","href":"https:\/\/api.w.org\/{rel}","templated":true}]}}