{"id":1220318,"date":"2020-10-19T19:07:41","date_gmt":"2020-10-19T18:07:41","guid":{"rendered":"https:\/\/www.pressenza.com\/?p=1220318"},"modified":"2020-10-19T21:34:51","modified_gmt":"2020-10-19T20:34:51","slug":"human-voice-podcast-steht-der-schamanismus-dem-humanismus-entgegen","status":"publish","type":"post","link":"https:\/\/www.pressenza.com\/de\/2020\/10\/human-voice-podcast-steht-der-schamanismus-dem-humanismus-entgegen\/","title":{"rendered":"HUMAN VOICE &#8211; Podcast:  \u201eSteht der Schamanismus dem Humanismus entgegen?\u201c"},"content":{"rendered":"<p><strong><img loading=\"lazy\" decoding=\"async\" class=\"size-full wp-image-1220343 alignright\" src=\"https:\/\/www.pressenza.com\/wp-content\/uploads\/2020\/10\/D73E1929-D0C3-4683-9FA1-94B4B6173415.jpeg\" alt=\"\" width=\"210\" height=\"151\" \/><br \/>\nHuman Voice ist ein humanistischer Podcast von Menschen f\u00fcr Menschen. Der Podcast wird von Freiwilligen gemacht. Es soll ein offener Raum sein und sich f\u00fcr Frieden und Gewaltfreiheit einsetzen.<\/strong><\/p>\n<p>&nbsp;<\/p>\n<p>Anl\u00e4sslich der Ver\u00f6ffentlichung einer Abhandlung zum Thema \u201eSteht der Schamanismus dem Humanismus entgegen?\u201c haben wir Monica und Harald Freyer aus M\u00fcnchen eingeladen, die gemeinsam eine Analyse von Erfahrungen auf Basis einer Feldstudie, die \u00fcber neun Jahre lief, durchgef\u00fchrt <a href=\"https:\/\/youtu.be\/FANebdxROfk\">haben.<\/a><\/p>\n<p>&nbsp;<\/p>\n<p><iframe loading=\"lazy\" title=\"Schamanismus Podcast Teil 1\" width=\"500\" height=\"281\" src=\"https:\/\/www.youtube.com\/embed\/fxYTLhOM1bA?feature=oembed\" frameborder=\"0\" allow=\"accelerometer; autoplay; clipboard-write; encrypted-media; gyroscope; picture-in-picture; web-share\" referrerpolicy=\"strict-origin-when-cross-origin\" allowfullscreen><\/iframe><\/p>\n<p>&nbsp;<\/p>\n<p><iframe loading=\"lazy\" title=\"Schamanismus Podcast Teil 2\" width=\"500\" height=\"281\" src=\"https:\/\/www.youtube.com\/embed\/kCgF7urXWHY?feature=oembed\" frameborder=\"0\" allow=\"accelerometer; autoplay; clipboard-write; encrypted-media; gyroscope; picture-in-picture; web-share\" referrerpolicy=\"strict-origin-when-cross-origin\" allowfullscreen><\/iframe><\/p>\n<p><iframe loading=\"lazy\" title=\"Schamanismus Podcast Teil 3\" width=\"500\" height=\"281\" src=\"https:\/\/www.youtube.com\/embed\/FANebdxROfk?feature=oembed\" frameborder=\"0\" allow=\"accelerometer; autoplay; clipboard-write; encrypted-media; gyroscope; picture-in-picture; web-share\" referrerpolicy=\"strict-origin-when-cross-origin\" allowfullscreen><\/iframe><\/p>\n<p>&nbsp;<\/p>\n","protected":false},"excerpt":{"rendered":"<p>Human Voice ist ein humanistischer Podcast von Menschen f\u00fcr Menschen. Der Podcast wird von Freiwilligen gemacht. Es soll ein offener Raum sein und sich f\u00fcr Frieden und Gewaltfreiheit einsetzen. &nbsp; Anl\u00e4sslich der Ver\u00f6ffentlichung einer Abhandlung zum Thema \u201eSteht der Schamanismus&hellip;<\/p>\n","protected":false},"author":1090,"featured_media":1220319,"comment_status":"closed","ping_status":"closed","sticky":false,"template":"","format":"standard","meta":{"footnotes":""},"categories":[9156,9143,11387,27991],"tags":[66040,9425,66041,82911],"class_list":["post-1220318","post","type-post","status-publish","format-standard","has-post-thumbnail","hentry","category-kultur-und-medien","category-meinungen","category-originalinhalt","category-video-de","tag-human-voice","tag-humanismus","tag-podcast-de","tag-schamanismus"],"yoast_head":"<!-- This site is optimized with the Yoast SEO plugin v27.1.1 - https:\/\/yoast.com\/product\/yoast-seo-wordpress\/ -->\n<title>HUMAN VOICE - Podcast: \u201eSteht der Schamanismus dem Humanismus entgegen?\u201c<\/title>\n<meta name=\"description\" content=\"Human Voice ist ein humanistischer Podcast von Menschen f\u00fcr Menschen. Der Podcast wird von Freiwilligen gemacht. Es soll ein offener Raum sein und sich\" \/>\n<meta name=\"robots\" content=\"index, follow, max-snippet:-1, max-image-preview:large, max-video-preview:-1\" \/>\n<link rel=\"canonical\" href=\"https:\/\/www.pressenza.com\/de\/2020\/10\/human-voice-podcast-steht-der-schamanismus-dem-humanismus-entgegen\/\" \/>\n<meta property=\"og:locale\" content=\"de_DE\" \/>\n<meta property=\"og:type\" content=\"article\" \/>\n<meta property=\"og:title\" content=\"HUMAN VOICE - Podcast: \u201eSteht der Schamanismus dem Humanismus entgegen?\u201c\" \/>\n<meta property=\"og:description\" content=\"Human Voice ist ein humanistischer Podcast von Menschen f\u00fcr Menschen. Der Podcast wird von Freiwilligen gemacht. Es soll ein offener Raum sein und sich\" \/>\n<meta property=\"og:url\" content=\"https:\/\/www.pressenza.com\/de\/2020\/10\/human-voice-podcast-steht-der-schamanismus-dem-humanismus-entgegen\/\" \/>\n<meta property=\"og:site_name\" content=\"Pressenza\" \/>\n<meta property=\"article:publisher\" content=\"https:\/\/www.facebook.com\/PressenzaItalia\" \/>\n<meta property=\"article:published_time\" content=\"2020-10-19T18:07:41+00:00\" \/>\n<meta property=\"article:modified_time\" content=\"2020-10-19T20:34:51+00:00\" \/>\n<meta property=\"og:image\" content=\"https:\/\/www.pressenza.com\/wp-content\/uploads\/2020\/10\/7EC90CB9-C7DD-4819-ABD3-A8D5D13C0554.jpeg\" \/>\n\t<meta property=\"og:image:width\" content=\"1920\" \/>\n\t<meta property=\"og:image:height\" content=\"1440\" \/>\n\t<meta property=\"og:image:type\" content=\"image\/jpeg\" \/>\n<meta name=\"author\" content=\"Sabine Schmitz\" \/>\n<meta name=\"twitter:card\" content=\"summary_large_image\" \/>\n<meta name=\"twitter:creator\" content=\"@PressenzaIPA\" \/>\n<meta name=\"twitter:site\" content=\"@PressenzaIPA\" \/>\n<meta name=\"twitter:label1\" content=\"Verfasst von\" \/>\n\t<meta name=\"twitter:data1\" content=\"Sabine Schmitz\" \/>\n<script type=\"application\/ld+json\" class=\"yoast-schema-graph\">{\"@context\":\"https:\/\/schema.org\",\"@graph\":[{\"@type\":\"Article\",\"@id\":\"https:\/\/www.pressenza.com\/de\/2020\/10\/human-voice-podcast-steht-der-schamanismus-dem-humanismus-entgegen\/#article\",\"isPartOf\":{\"@id\":\"https:\/\/www.pressenza.com\/de\/2020\/10\/human-voice-podcast-steht-der-schamanismus-dem-humanismus-entgegen\/\"},\"author\":{\"name\":\"Sabine Schmitz\",\"@id\":\"https:\/\/www.pressenza.com\/de\/#\/schema\/person\/c58ad4d6610e5f63ca1e6639de615c90\"},\"headline\":\"HUMAN VOICE &#8211; Podcast: \u201eSteht der Schamanismus dem Humanismus entgegen?\u201c\",\"datePublished\":\"2020-10-19T18:07:41+00:00\",\"dateModified\":\"2020-10-19T20:34:51+00:00\",\"mainEntityOfPage\":{\"@id\":\"https:\/\/www.pressenza.com\/de\/2020\/10\/human-voice-podcast-steht-der-schamanismus-dem-humanismus-entgegen\/\"},\"wordCount\":105,\"publisher\":{\"@id\":\"https:\/\/www.pressenza.com\/de\/#organization\"},\"image\":{\"@id\":\"https:\/\/www.pressenza.com\/de\/2020\/10\/human-voice-podcast-steht-der-schamanismus-dem-humanismus-entgegen\/#primaryimage\"},\"thumbnailUrl\":\"https:\/\/www.pressenza.com\/wp-content\/uploads\/2020\/10\/7EC90CB9-C7DD-4819-ABD3-A8D5D13C0554.jpeg\",\"keywords\":[\"Human Voice\",\"Humanismus\",\"podcast\",\"Schamanismus\"],\"articleSection\":[\"Kultur und Medien\",\"Meinungen\",\"Originalinhalt\",\"Video\"],\"inLanguage\":\"de\"},{\"@type\":\"WebPage\",\"@id\":\"https:\/\/www.pressenza.com\/de\/2020\/10\/human-voice-podcast-steht-der-schamanismus-dem-humanismus-entgegen\/\",\"url\":\"https:\/\/www.pressenza.com\/de\/2020\/10\/human-voice-podcast-steht-der-schamanismus-dem-humanismus-entgegen\/\",\"name\":\"HUMAN VOICE - Podcast: \u201eSteht der Schamanismus dem Humanismus entgegen?\u201c\",\"isPartOf\":{\"@id\":\"https:\/\/www.pressenza.com\/de\/#website\"},\"primaryImageOfPage\":{\"@id\":\"https:\/\/www.pressenza.com\/de\/2020\/10\/human-voice-podcast-steht-der-schamanismus-dem-humanismus-entgegen\/#primaryimage\"},\"image\":{\"@id\":\"https:\/\/www.pressenza.com\/de\/2020\/10\/human-voice-podcast-steht-der-schamanismus-dem-humanismus-entgegen\/#primaryimage\"},\"thumbnailUrl\":\"https:\/\/www.pressenza.com\/wp-content\/uploads\/2020\/10\/7EC90CB9-C7DD-4819-ABD3-A8D5D13C0554.jpeg\",\"datePublished\":\"2020-10-19T18:07:41+00:00\",\"dateModified\":\"2020-10-19T20:34:51+00:00\",\"description\":\"Human Voice ist ein humanistischer Podcast von Menschen f\u00fcr Menschen. Der Podcast wird von Freiwilligen gemacht. Es soll ein offener Raum sein und sich\",\"breadcrumb\":{\"@id\":\"https:\/\/www.pressenza.com\/de\/2020\/10\/human-voice-podcast-steht-der-schamanismus-dem-humanismus-entgegen\/#breadcrumb\"},\"inLanguage\":\"de\",\"potentialAction\":[{\"@type\":\"ReadAction\",\"target\":[\"https:\/\/www.pressenza.com\/de\/2020\/10\/human-voice-podcast-steht-der-schamanismus-dem-humanismus-entgegen\/\"]}]},{\"@type\":\"ImageObject\",\"inLanguage\":\"de\",\"@id\":\"https:\/\/www.pressenza.com\/de\/2020\/10\/human-voice-podcast-steht-der-schamanismus-dem-humanismus-entgegen\/#primaryimage\",\"url\":\"https:\/\/www.pressenza.com\/wp-content\/uploads\/2020\/10\/7EC90CB9-C7DD-4819-ABD3-A8D5D13C0554.jpeg\",\"contentUrl\":\"https:\/\/www.pressenza.com\/wp-content\/uploads\/2020\/10\/7EC90CB9-C7DD-4819-ABD3-A8D5D13C0554.jpeg\",\"width\":1920,\"height\":1440},{\"@type\":\"BreadcrumbList\",\"@id\":\"https:\/\/www.pressenza.com\/de\/2020\/10\/human-voice-podcast-steht-der-schamanismus-dem-humanismus-entgegen\/#breadcrumb\",\"itemListElement\":[{\"@type\":\"ListItem\",\"position\":1,\"name\":\"Accueil\",\"item\":\"https:\/\/www.pressenza.com\/de\/\"},{\"@type\":\"ListItem\",\"position\":2,\"name\":\"HUMAN VOICE &#8211; Podcast: \u201eSteht der Schamanismus dem Humanismus entgegen?\u201c\"}]},{\"@type\":\"WebSite\",\"@id\":\"https:\/\/www.pressenza.com\/de\/#website\",\"url\":\"https:\/\/www.pressenza.com\/de\/\",\"name\":\"Pressenza\",\"description\":\"International Press Agency\",\"publisher\":{\"@id\":\"https:\/\/www.pressenza.com\/de\/#organization\"},\"potentialAction\":[{\"@type\":\"SearchAction\",\"target\":{\"@type\":\"EntryPoint\",\"urlTemplate\":\"https:\/\/www.pressenza.com\/de\/?s={search_term_string}\"},\"query-input\":{\"@type\":\"PropertyValueSpecification\",\"valueRequired\":true,\"valueName\":\"search_term_string\"}}],\"inLanguage\":\"de\"},{\"@type\":\"Organization\",\"@id\":\"https:\/\/www.pressenza.com\/de\/#organization\",\"name\":\"Pressenza\",\"url\":\"https:\/\/www.pressenza.com\/de\/\",\"logo\":{\"@type\":\"ImageObject\",\"inLanguage\":\"de\",\"@id\":\"https:\/\/www.pressenza.com\/de\/#\/schema\/logo\/image\/\",\"url\":\"https:\/\/www.pressenza.com\/wp-content\/uploads\/2022\/10\/pressenza_logo_200x200.jpg\",\"contentUrl\":\"https:\/\/www.pressenza.com\/wp-content\/uploads\/2022\/10\/pressenza_logo_200x200.jpg\",\"width\":200,\"height\":200,\"caption\":\"Pressenza\"},\"image\":{\"@id\":\"https:\/\/www.pressenza.com\/de\/#\/schema\/logo\/image\/\"},\"sameAs\":[\"https:\/\/www.facebook.com\/PressenzaItalia\",\"https:\/\/x.com\/PressenzaIPA\"]},{\"@type\":\"Person\",\"@id\":\"https:\/\/www.pressenza.com\/de\/#\/schema\/person\/c58ad4d6610e5f63ca1e6639de615c90\",\"name\":\"Sabine Schmitz\",\"description\":\"Born in 1968, lives in Vienna and has been actively involved in humanist projects in Germany, Africa and Austria since 1990. As an editor at Pressenza, she wants to help promote positive social change through reporting that focuses on peace and non-violence.\",\"url\":\"https:\/\/www.pressenza.com\/de\/author\/sabine-kroesen\/\"}]}<\/script>\n<!-- \/ Yoast SEO plugin. -->","yoast_head_json":{"title":"HUMAN VOICE - Podcast: \u201eSteht der Schamanismus dem Humanismus entgegen?\u201c","description":"Human Voice ist ein humanistischer Podcast von Menschen f\u00fcr Menschen. Der Podcast wird von Freiwilligen gemacht. Es soll ein offener Raum sein und sich","robots":{"index":"index","follow":"follow","max-snippet":"max-snippet:-1","max-image-preview":"max-image-preview:large","max-video-preview":"max-video-preview:-1"},"canonical":"https:\/\/www.pressenza.com\/de\/2020\/10\/human-voice-podcast-steht-der-schamanismus-dem-humanismus-entgegen\/","og_locale":"de_DE","og_type":"article","og_title":"HUMAN VOICE - Podcast: \u201eSteht der Schamanismus dem Humanismus entgegen?\u201c","og_description":"Human Voice ist ein humanistischer Podcast von Menschen f\u00fcr Menschen. Der Podcast wird von Freiwilligen gemacht. Es soll ein offener Raum sein und sich","og_url":"https:\/\/www.pressenza.com\/de\/2020\/10\/human-voice-podcast-steht-der-schamanismus-dem-humanismus-entgegen\/","og_site_name":"Pressenza","article_publisher":"https:\/\/www.facebook.com\/PressenzaItalia","article_published_time":"2020-10-19T18:07:41+00:00","article_modified_time":"2020-10-19T20:34:51+00:00","og_image":[{"width":1920,"height":1440,"url":"https:\/\/www.pressenza.com\/wp-content\/uploads\/2020\/10\/7EC90CB9-C7DD-4819-ABD3-A8D5D13C0554.jpeg","type":"image\/jpeg"}],"author":"Sabine Schmitz","twitter_card":"summary_large_image","twitter_creator":"@PressenzaIPA","twitter_site":"@PressenzaIPA","twitter_misc":{"Verfasst von":"Sabine Schmitz"},"schema":{"@context":"https:\/\/schema.org","@graph":[{"@type":"Article","@id":"https:\/\/www.pressenza.com\/de\/2020\/10\/human-voice-podcast-steht-der-schamanismus-dem-humanismus-entgegen\/#article","isPartOf":{"@id":"https:\/\/www.pressenza.com\/de\/2020\/10\/human-voice-podcast-steht-der-schamanismus-dem-humanismus-entgegen\/"},"author":{"name":"Sabine Schmitz","@id":"https:\/\/www.pressenza.com\/de\/#\/schema\/person\/c58ad4d6610e5f63ca1e6639de615c90"},"headline":"HUMAN VOICE &#8211; Podcast: \u201eSteht der Schamanismus dem Humanismus entgegen?\u201c","datePublished":"2020-10-19T18:07:41+00:00","dateModified":"2020-10-19T20:34:51+00:00","mainEntityOfPage":{"@id":"https:\/\/www.pressenza.com\/de\/2020\/10\/human-voice-podcast-steht-der-schamanismus-dem-humanismus-entgegen\/"},"wordCount":105,"publisher":{"@id":"https:\/\/www.pressenza.com\/de\/#organization"},"image":{"@id":"https:\/\/www.pressenza.com\/de\/2020\/10\/human-voice-podcast-steht-der-schamanismus-dem-humanismus-entgegen\/#primaryimage"},"thumbnailUrl":"https:\/\/www.pressenza.com\/wp-content\/uploads\/2020\/10\/7EC90CB9-C7DD-4819-ABD3-A8D5D13C0554.jpeg","keywords":["Human Voice","Humanismus","podcast","Schamanismus"],"articleSection":["Kultur und Medien","Meinungen","Originalinhalt","Video"],"inLanguage":"de"},{"@type":"WebPage","@id":"https:\/\/www.pressenza.com\/de\/2020\/10\/human-voice-podcast-steht-der-schamanismus-dem-humanismus-entgegen\/","url":"https:\/\/www.pressenza.com\/de\/2020\/10\/human-voice-podcast-steht-der-schamanismus-dem-humanismus-entgegen\/","name":"HUMAN VOICE - Podcast: \u201eSteht der Schamanismus dem Humanismus entgegen?\u201c","isPartOf":{"@id":"https:\/\/www.pressenza.com\/de\/#website"},"primaryImageOfPage":{"@id":"https:\/\/www.pressenza.com\/de\/2020\/10\/human-voice-podcast-steht-der-schamanismus-dem-humanismus-entgegen\/#primaryimage"},"image":{"@id":"https:\/\/www.pressenza.com\/de\/2020\/10\/human-voice-podcast-steht-der-schamanismus-dem-humanismus-entgegen\/#primaryimage"},"thumbnailUrl":"https:\/\/www.pressenza.com\/wp-content\/uploads\/2020\/10\/7EC90CB9-C7DD-4819-ABD3-A8D5D13C0554.jpeg","datePublished":"2020-10-19T18:07:41+00:00","dateModified":"2020-10-19T20:34:51+00:00","description":"Human Voice ist ein humanistischer Podcast von Menschen f\u00fcr Menschen. Der Podcast wird von Freiwilligen gemacht. Es soll ein offener Raum sein und sich","breadcrumb":{"@id":"https:\/\/www.pressenza.com\/de\/2020\/10\/human-voice-podcast-steht-der-schamanismus-dem-humanismus-entgegen\/#breadcrumb"},"inLanguage":"de","potentialAction":[{"@type":"ReadAction","target":["https:\/\/www.pressenza.com\/de\/2020\/10\/human-voice-podcast-steht-der-schamanismus-dem-humanismus-entgegen\/"]}]},{"@type":"ImageObject","inLanguage":"de","@id":"https:\/\/www.pressenza.com\/de\/2020\/10\/human-voice-podcast-steht-der-schamanismus-dem-humanismus-entgegen\/#primaryimage","url":"https:\/\/www.pressenza.com\/wp-content\/uploads\/2020\/10\/7EC90CB9-C7DD-4819-ABD3-A8D5D13C0554.jpeg","contentUrl":"https:\/\/www.pressenza.com\/wp-content\/uploads\/2020\/10\/7EC90CB9-C7DD-4819-ABD3-A8D5D13C0554.jpeg","width":1920,"height":1440},{"@type":"BreadcrumbList","@id":"https:\/\/www.pressenza.com\/de\/2020\/10\/human-voice-podcast-steht-der-schamanismus-dem-humanismus-entgegen\/#breadcrumb","itemListElement":[{"@type":"ListItem","position":1,"name":"Accueil","item":"https:\/\/www.pressenza.com\/de\/"},{"@type":"ListItem","position":2,"name":"HUMAN VOICE &#8211; Podcast: \u201eSteht der Schamanismus dem Humanismus entgegen?\u201c"}]},{"@type":"WebSite","@id":"https:\/\/www.pressenza.com\/de\/#website","url":"https:\/\/www.pressenza.com\/de\/","name":"Pressenza","description":"International Press Agency","publisher":{"@id":"https:\/\/www.pressenza.com\/de\/#organization"},"potentialAction":[{"@type":"SearchAction","target":{"@type":"EntryPoint","urlTemplate":"https:\/\/www.pressenza.com\/de\/?s={search_term_string}"},"query-input":{"@type":"PropertyValueSpecification","valueRequired":true,"valueName":"search_term_string"}}],"inLanguage":"de"},{"@type":"Organization","@id":"https:\/\/www.pressenza.com\/de\/#organization","name":"Pressenza","url":"https:\/\/www.pressenza.com\/de\/","logo":{"@type":"ImageObject","inLanguage":"de","@id":"https:\/\/www.pressenza.com\/de\/#\/schema\/logo\/image\/","url":"https:\/\/www.pressenza.com\/wp-content\/uploads\/2022\/10\/pressenza_logo_200x200.jpg","contentUrl":"https:\/\/www.pressenza.com\/wp-content\/uploads\/2022\/10\/pressenza_logo_200x200.jpg","width":200,"height":200,"caption":"Pressenza"},"image":{"@id":"https:\/\/www.pressenza.com\/de\/#\/schema\/logo\/image\/"},"sameAs":["https:\/\/www.facebook.com\/PressenzaItalia","https:\/\/x.com\/PressenzaIPA"]},{"@type":"Person","@id":"https:\/\/www.pressenza.com\/de\/#\/schema\/person\/c58ad4d6610e5f63ca1e6639de615c90","name":"Sabine Schmitz","description":"Born in 1968, lives in Vienna and has been actively involved in humanist projects in Germany, Africa and Austria since 1990. As an editor at Pressenza, she wants to help promote positive social change through reporting that focuses on peace and non-violence.","url":"https:\/\/www.pressenza.com\/de\/author\/sabine-kroesen\/"}]}},"place":"","original_article_url":"","_links":{"self":[{"href":"https:\/\/www.pressenza.com\/de\/wp-json\/wp\/v2\/posts\/1220318","targetHints":{"allow":["GET"]}}],"collection":[{"href":"https:\/\/www.pressenza.com\/de\/wp-json\/wp\/v2\/posts"}],"about":[{"href":"https:\/\/www.pressenza.com\/de\/wp-json\/wp\/v2\/types\/post"}],"author":[{"embeddable":true,"href":"https:\/\/www.pressenza.com\/de\/wp-json\/wp\/v2\/users\/1090"}],"replies":[{"embeddable":true,"href":"https:\/\/www.pressenza.com\/de\/wp-json\/wp\/v2\/comments?post=1220318"}],"version-history":[{"count":0,"href":"https:\/\/www.pressenza.com\/de\/wp-json\/wp\/v2\/posts\/1220318\/revisions"}],"wp:featuredmedia":[{"embeddable":true,"href":"https:\/\/www.pressenza.com\/de\/wp-json\/wp\/v2\/media\/1220319"}],"wp:attachment":[{"href":"https:\/\/www.pressenza.com\/de\/wp-json\/wp\/v2\/media?parent=1220318"}],"wp:term":[{"taxonomy":"category","embeddable":true,"href":"https:\/\/www.pressenza.com\/de\/wp-json\/wp\/v2\/categories?post=1220318"},{"taxonomy":"post_tag","embeddable":true,"href":"https:\/\/www.pressenza.com\/de\/wp-json\/wp\/v2\/tags?post=1220318"}],"curies":[{"name":"wp","href":"https:\/\/api.w.org\/{rel}","templated":true}]}}