{"id":1204569,"date":"2020-09-26T19:13:42","date_gmt":"2020-09-26T18:13:42","guid":{"rendered":"https:\/\/www.pressenza.com\/?p=1204569"},"modified":"2020-09-26T19:15:21","modified_gmt":"2020-09-26T18:15:21","slug":"earth-strike-im-regen-fuer-den-klimaschutz","status":"publish","type":"post","link":"https:\/\/www.pressenza.com\/de\/2020\/09\/earth-strike-im-regen-fuer-den-klimaschutz\/","title":{"rendered":"Earth Strike: Im Regen f\u00fcr den Klimaschutz"},"content":{"rendered":"<p><strong>Tausende Menschen sind heute in Wien im Rahmen des 6. weltweiten Klimastreiks auf die Stra\u00dfe gegangen, um f\u00fcr mehr Klimaschutz zu demonstrieren. Wir haben f\u00fcr euch die besten Fotos von der regnerischen Demo zusammengestellt.\u00a0<\/strong><\/p>\n<div id=\"gallery-1\" class=\"gallery galleryid-18876 gallery-columns-3 gallery-size-full\">\n<figure class=\"gallery-item\">\n<div class=\"gallery-icon portrait\"><a href=\"https:\/\/www.unsere-zeitung.at\/2020\/09\/25\/earth-strike-im-regen-fuer-den-klimaschutz\/whatsapp-image-2020-09-25-at-15-53\/\"><img loading=\"lazy\" decoding=\"async\" class=\"attachment-full size-full\" src=\"https:\/\/www.unsere-zeitung.at\/wp-content\/uploads\/2020\/09\/WhatsApp-Image-2020-09-25-at-15.53.jpg\" sizes=\"auto, (max-width: 682px) 100vw, 682px\" srcset=\"https:\/\/www.unsere-zeitung.at\/wp-content\/uploads\/2020\/09\/WhatsApp-Image-2020-09-25-at-15.53.jpg 682w, https:\/\/www.unsere-zeitung.at\/wp-content\/uploads\/2020\/09\/WhatsApp-Image-2020-09-25-at-15.53-200x300.jpg 200w\" alt=\"\u00a9 Michael W\u00f6gerer\" width=\"682\" height=\"1024\" aria-describedby=\"gallery-1-18904\" \/><\/a><\/div><figcaption id=\"gallery-1-18904\" class=\"wp-caption-text gallery-caption\">Absolut uncool.<\/figcaption><\/figure>\n<figure class=\"gallery-item\">\n<div class=\"gallery-icon portrait\"><a href=\"https:\/\/www.unsere-zeitung.at\/2020\/09\/25\/earth-strike-im-regen-fuer-den-klimaschutz\/dsc04979\/\"><img loading=\"lazy\" decoding=\"async\" class=\"attachment-full size-full\" src=\"https:\/\/www.unsere-zeitung.at\/wp-content\/uploads\/2020\/09\/DSC04979-scaled.jpg\" sizes=\"auto, (max-width: 1707px) 100vw, 1707px\" srcset=\"https:\/\/www.unsere-zeitung.at\/wp-content\/uploads\/2020\/09\/DSC04979-scaled.jpg 1707w, https:\/\/www.unsere-zeitung.at\/wp-content\/uploads\/2020\/09\/DSC04979-200x300.jpg 200w, https:\/\/www.unsere-zeitung.at\/wp-content\/uploads\/2020\/09\/DSC04979-683x1024.jpg 683w, https:\/\/www.unsere-zeitung.at\/wp-content\/uploads\/2020\/09\/DSC04979-768x1152.jpg 768w, https:\/\/www.unsere-zeitung.at\/wp-content\/uploads\/2020\/09\/DSC04979-1024x1536.jpg 1024w, https:\/\/www.unsere-zeitung.at\/wp-content\/uploads\/2020\/09\/DSC04979-1365x2048.jpg 1365w, https:\/\/www.unsere-zeitung.at\/wp-content\/uploads\/2020\/09\/DSC04979-1320x1980.jpg 1320w\" alt=\"\u00a9 Moritz Ettlinger\" width=\"1707\" height=\"2560\" aria-describedby=\"gallery-1-18878\" \/><\/a><\/div><figcaption id=\"gallery-1-18878\" class=\"wp-caption-text gallery-caption\">Es gibt nicht nur Corona.<\/figcaption><\/figure>\n<figure class=\"gallery-item\">\n<div class=\"gallery-icon portrait\"><a href=\"https:\/\/www.unsere-zeitung.at\/2020\/09\/25\/earth-strike-im-regen-fuer-den-klimaschutz\/img_20200925_140140\/\"><img loading=\"lazy\" decoding=\"async\" class=\"attachment-full size-full\" src=\"https:\/\/www.unsere-zeitung.at\/wp-content\/uploads\/2020\/09\/IMG_20200925_140140.jpg\" sizes=\"auto, (max-width: 1333px) 100vw, 1333px\" srcset=\"https:\/\/www.unsere-zeitung.at\/wp-content\/uploads\/2020\/09\/IMG_20200925_140140.jpg 1333w, https:\/\/www.unsere-zeitung.at\/wp-content\/uploads\/2020\/09\/IMG_20200925_140140-200x300.jpg 200w, https:\/\/www.unsere-zeitung.at\/wp-content\/uploads\/2020\/09\/IMG_20200925_140140-682x1024.jpg 682w, https:\/\/www.unsere-zeitung.at\/wp-content\/uploads\/2020\/09\/IMG_20200925_140140-768x1153.jpg 768w, https:\/\/www.unsere-zeitung.at\/wp-content\/uploads\/2020\/09\/IMG_20200925_140140-1023x1536.jpg 1023w, https:\/\/www.unsere-zeitung.at\/wp-content\/uploads\/2020\/09\/IMG_20200925_140140-1320x1981.jpg 1320w\" alt=\"\u00a9 Moritz Ettlinger\" width=\"1333\" height=\"2001\" aria-describedby=\"gallery-1-18899\" \/><\/a><\/div><figcaption id=\"gallery-1-18899\" class=\"wp-caption-text gallery-caption\">Global 2000 mit einem speziellen \u201eDemoschild.\u201c<\/figcaption><\/figure>\n<figure class=\"gallery-item\">\n<div class=\"gallery-icon landscape\"><a href=\"https:\/\/www.unsere-zeitung.at\/2020\/09\/25\/earth-strike-im-regen-fuer-den-klimaschutz\/dsc05021\/\"><img loading=\"lazy\" decoding=\"async\" class=\"attachment-full size-full\" src=\"https:\/\/www.unsere-zeitung.at\/wp-content\/uploads\/2020\/09\/DSC05021.jpg\" sizes=\"auto, (max-width: 2000px) 100vw, 2000px\" srcset=\"https:\/\/www.unsere-zeitung.at\/wp-content\/uploads\/2020\/09\/DSC05021.jpg 2000w, https:\/\/www.unsere-zeitung.at\/wp-content\/uploads\/2020\/09\/DSC05021-300x200.jpg 300w, https:\/\/www.unsere-zeitung.at\/wp-content\/uploads\/2020\/09\/DSC05021-1024x682.jpg 1024w, https:\/\/www.unsere-zeitung.at\/wp-content\/uploads\/2020\/09\/DSC05021-768x512.jpg 768w, https:\/\/www.unsere-zeitung.at\/wp-content\/uploads\/2020\/09\/DSC05021-1536x1024.jpg 1536w, https:\/\/www.unsere-zeitung.at\/wp-content\/uploads\/2020\/09\/DSC05021-1320x880.jpg 1320w\" alt=\"\u00a9 Moritz Ettlinger\" width=\"2000\" height=\"1333\" aria-describedby=\"gallery-1-18884\" \/><\/a><\/div><figcaption id=\"gallery-1-18884\" class=\"wp-caption-text gallery-caption\">Links a Schritt, rechts a Schritt, geht scho\u2026<\/figcaption><\/figure>\n<figure class=\"gallery-item\">\n<div class=\"gallery-icon landscape\"><a href=\"https:\/\/www.unsere-zeitung.at\/2020\/09\/25\/earth-strike-im-regen-fuer-den-klimaschutz\/img_20200925_122640\/\"><img loading=\"lazy\" decoding=\"async\" class=\"attachment-full size-full\" src=\"https:\/\/www.unsere-zeitung.at\/wp-content\/uploads\/2020\/09\/IMG_20200925_122640.jpg\" sizes=\"auto, (max-width: 2000px) 100vw, 2000px\" srcset=\"https:\/\/www.unsere-zeitung.at\/wp-content\/uploads\/2020\/09\/IMG_20200925_122640.jpg 2000w, https:\/\/www.unsere-zeitung.at\/wp-content\/uploads\/2020\/09\/IMG_20200925_122640-300x200.jpg 300w, https:\/\/www.unsere-zeitung.at\/wp-content\/uploads\/2020\/09\/IMG_20200925_122640-1024x682.jpg 1024w, https:\/\/www.unsere-zeitung.at\/wp-content\/uploads\/2020\/09\/IMG_20200925_122640-768x512.jpg 768w, https:\/\/www.unsere-zeitung.at\/wp-content\/uploads\/2020\/09\/IMG_20200925_122640-1536x1024.jpg 1536w, https:\/\/www.unsere-zeitung.at\/wp-content\/uploads\/2020\/09\/IMG_20200925_122640-1320x880.jpg 1320w\" alt=\"\u00a9 Moritz Ettlinger\" width=\"2000\" height=\"1333\" aria-describedby=\"gallery-1-18894\" \/><\/a><\/div><figcaption id=\"gallery-1-18894\" class=\"wp-caption-text gallery-caption\">Liebe statt CO2. Ein guter Deal.<\/figcaption><\/figure>\n<figure class=\"gallery-item\">\n<div class=\"gallery-icon landscape\"><a href=\"https:\/\/www.unsere-zeitung.at\/2020\/09\/25\/earth-strike-im-regen-fuer-den-klimaschutz\/dsc05022\/\"><img loading=\"lazy\" decoding=\"async\" class=\"attachment-full size-full\" src=\"https:\/\/www.unsere-zeitung.at\/wp-content\/uploads\/2020\/09\/DSC05022.jpg\" sizes=\"auto, (max-width: 2000px) 100vw, 2000px\" srcset=\"https:\/\/www.unsere-zeitung.at\/wp-content\/uploads\/2020\/09\/DSC05022.jpg 2000w, https:\/\/www.unsere-zeitung.at\/wp-content\/uploads\/2020\/09\/DSC05022-300x200.jpg 300w, https:\/\/www.unsere-zeitung.at\/wp-content\/uploads\/2020\/09\/DSC05022-1024x682.jpg 1024w, https:\/\/www.unsere-zeitung.at\/wp-content\/uploads\/2020\/09\/DSC05022-768x512.jpg 768w, https:\/\/www.unsere-zeitung.at\/wp-content\/uploads\/2020\/09\/DSC05022-1536x1024.jpg 1536w, https:\/\/www.unsere-zeitung.at\/wp-content\/uploads\/2020\/09\/DSC05022-1320x880.jpg 1320w\" alt=\"\u00a9 Moritz Ettlinger\" width=\"2000\" height=\"1333\" aria-describedby=\"gallery-1-18885\" \/><\/a><\/div><figcaption id=\"gallery-1-18885\" class=\"wp-caption-text gallery-caption\">Ob das Klima auch auf uns steht?<\/figcaption><\/figure>\n<figure class=\"gallery-item\">\n<div class=\"gallery-icon landscape\"><a href=\"https:\/\/www.unsere-zeitung.at\/2020\/09\/25\/earth-strike-im-regen-fuer-den-klimaschutz\/dsc04976\/\"><img loading=\"lazy\" decoding=\"async\" class=\"attachment-full size-full\" src=\"https:\/\/www.unsere-zeitung.at\/wp-content\/uploads\/2020\/09\/DSC04976-scaled.jpg\" sizes=\"auto, (max-width: 2560px) 100vw, 2560px\" srcset=\"https:\/\/www.unsere-zeitung.at\/wp-content\/uploads\/2020\/09\/DSC04976-scaled.jpg 2560w, https:\/\/www.unsere-zeitung.at\/wp-content\/uploads\/2020\/09\/DSC04976-300x200.jpg 300w, https:\/\/www.unsere-zeitung.at\/wp-content\/uploads\/2020\/09\/DSC04976-1024x683.jpg 1024w, https:\/\/www.unsere-zeitung.at\/wp-content\/uploads\/2020\/09\/DSC04976-768x512.jpg 768w, https:\/\/www.unsere-zeitung.at\/wp-content\/uploads\/2020\/09\/DSC04976-1536x1024.jpg 1536w, https:\/\/www.unsere-zeitung.at\/wp-content\/uploads\/2020\/09\/DSC04976-2048x1365.jpg 2048w, https:\/\/www.unsere-zeitung.at\/wp-content\/uploads\/2020\/09\/DSC04976-1320x880.jpg 1320w\" alt=\"\u00a9 Moritz Ettlinger\" width=\"2560\" height=\"1707\" aria-describedby=\"gallery-1-18877\" \/><\/a><\/div><figcaption id=\"gallery-1-18877\" class=\"wp-caption-text gallery-caption\">Dringende Nachricht an alle Studierenden:<\/figcaption><\/figure>\n<figure class=\"gallery-item\">\n<div class=\"gallery-icon landscape\"><a href=\"https:\/\/www.unsere-zeitung.at\/2020\/09\/25\/earth-strike-im-regen-fuer-den-klimaschutz\/dsc05007\/\"><img loading=\"lazy\" decoding=\"async\" class=\"attachment-full size-full\" src=\"https:\/\/www.unsere-zeitung.at\/wp-content\/uploads\/2020\/09\/DSC05007.jpg\" sizes=\"auto, (max-width: 2000px) 100vw, 2000px\" srcset=\"https:\/\/www.unsere-zeitung.at\/wp-content\/uploads\/2020\/09\/DSC05007.jpg 2000w, https:\/\/www.unsere-zeitung.at\/wp-content\/uploads\/2020\/09\/DSC05007-300x200.jpg 300w, https:\/\/www.unsere-zeitung.at\/wp-content\/uploads\/2020\/09\/DSC05007-1024x682.jpg 1024w, https:\/\/www.unsere-zeitung.at\/wp-content\/uploads\/2020\/09\/DSC05007-768x512.jpg 768w, https:\/\/www.unsere-zeitung.at\/wp-content\/uploads\/2020\/09\/DSC05007-1536x1024.jpg 1536w, https:\/\/www.unsere-zeitung.at\/wp-content\/uploads\/2020\/09\/DSC05007-1320x880.jpg 1320w\" alt=\"\u00a9 Moritz Ettlinger\" width=\"2000\" height=\"1333\" aria-describedby=\"gallery-1-18880\" \/><\/a><\/div><figcaption id=\"gallery-1-18880\" class=\"wp-caption-text gallery-caption\">Gute Musik durfte nicht fehlen.<\/figcaption><\/figure>\n<figure class=\"gallery-item\">\n<div class=\"gallery-icon landscape\"><a href=\"https:\/\/www.unsere-zeitung.at\/2020\/09\/25\/earth-strike-im-regen-fuer-den-klimaschutz\/dsc05014\/\"><img loading=\"lazy\" decoding=\"async\" class=\"attachment-full size-full\" src=\"https:\/\/www.unsere-zeitung.at\/wp-content\/uploads\/2020\/09\/DSC05014.jpg\" sizes=\"auto, (max-width: 2000px) 100vw, 2000px\" srcset=\"https:\/\/www.unsere-zeitung.at\/wp-content\/uploads\/2020\/09\/DSC05014.jpg 2000w, https:\/\/www.unsere-zeitung.at\/wp-content\/uploads\/2020\/09\/DSC05014-300x200.jpg 300w, https:\/\/www.unsere-zeitung.at\/wp-content\/uploads\/2020\/09\/DSC05014-1024x682.jpg 1024w, https:\/\/www.unsere-zeitung.at\/wp-content\/uploads\/2020\/09\/DSC05014-768x512.jpg 768w, https:\/\/www.unsere-zeitung.at\/wp-content\/uploads\/2020\/09\/DSC05014-1536x1024.jpg 1536w, https:\/\/www.unsere-zeitung.at\/wp-content\/uploads\/2020\/09\/DSC05014-1320x880.jpg 1320w\" alt=\"\u00a9 Moritz Ettlinger\" width=\"2000\" height=\"1333\" aria-describedby=\"gallery-1-18881\" \/><\/a><\/div><figcaption id=\"gallery-1-18881\" class=\"wp-caption-text gallery-caption\">Auch Trommeler*innen sorgten f\u00fcr Stimmung.<\/figcaption><\/figure>\n<figure class=\"gallery-item\">\n<div class=\"gallery-icon landscape\"><a href=\"https:\/\/www.unsere-zeitung.at\/2020\/09\/25\/earth-strike-im-regen-fuer-den-klimaschutz\/dsc05016\/\"><img loading=\"lazy\" decoding=\"async\" class=\"attachment-full size-full\" src=\"https:\/\/www.unsere-zeitung.at\/wp-content\/uploads\/2020\/09\/DSC05016.jpg\" sizes=\"auto, (max-width: 2000px) 100vw, 2000px\" srcset=\"https:\/\/www.unsere-zeitung.at\/wp-content\/uploads\/2020\/09\/DSC05016.jpg 2000w, https:\/\/www.unsere-zeitung.at\/wp-content\/uploads\/2020\/09\/DSC05016-300x200.jpg 300w, https:\/\/www.unsere-zeitung.at\/wp-content\/uploads\/2020\/09\/DSC05016-1024x682.jpg 1024w, https:\/\/www.unsere-zeitung.at\/wp-content\/uploads\/2020\/09\/DSC05016-768x512.jpg 768w, https:\/\/www.unsere-zeitung.at\/wp-content\/uploads\/2020\/09\/DSC05016-1536x1024.jpg 1536w, https:\/\/www.unsere-zeitung.at\/wp-content\/uploads\/2020\/09\/DSC05016-1320x880.jpg 1320w\" alt=\"\u00a9 Moritz Ettlinger\" width=\"2000\" height=\"1333\" aria-describedby=\"gallery-1-18882\" \/><\/a><\/div><figcaption id=\"gallery-1-18882\" class=\"wp-caption-text gallery-caption\">Gute Idee.<\/figcaption><\/figure>\n<figure class=\"gallery-item\">\n<div class=\"gallery-icon landscape\"><a href=\"https:\/\/www.unsere-zeitung.at\/2020\/09\/25\/earth-strike-im-regen-fuer-den-klimaschutz\/dsc05020\/\"><img loading=\"lazy\" decoding=\"async\" class=\"attachment-full size-full\" src=\"https:\/\/www.unsere-zeitung.at\/wp-content\/uploads\/2020\/09\/DSC05020.jpg\" sizes=\"auto, (max-width: 2000px) 100vw, 2000px\" srcset=\"https:\/\/www.unsere-zeitung.at\/wp-content\/uploads\/2020\/09\/DSC05020.jpg 2000w, https:\/\/www.unsere-zeitung.at\/wp-content\/uploads\/2020\/09\/DSC05020-300x200.jpg 300w, https:\/\/www.unsere-zeitung.at\/wp-content\/uploads\/2020\/09\/DSC05020-1024x682.jpg 1024w, https:\/\/www.unsere-zeitung.at\/wp-content\/uploads\/2020\/09\/DSC05020-768x512.jpg 768w, https:\/\/www.unsere-zeitung.at\/wp-content\/uploads\/2020\/09\/DSC05020-1536x1024.jpg 1536w, https:\/\/www.unsere-zeitung.at\/wp-content\/uploads\/2020\/09\/DSC05020-1320x880.jpg 1320w\" alt=\"\u00a9 Moritz Ettlinger\" width=\"2000\" height=\"1333\" aria-describedby=\"gallery-1-18883\" \/><\/a><\/div><figcaption id=\"gallery-1-18883\" class=\"wp-caption-text gallery-caption\">Absolut richtig. (Wer m\u00f6chte, kann Unsere Zeitung trotzdem auf Facebook liken)<\/figcaption><\/figure>\n<figure class=\"gallery-item\">\n<div class=\"gallery-icon landscape\"><a href=\"https:\/\/www.unsere-zeitung.at\/2020\/09\/25\/earth-strike-im-regen-fuer-den-klimaschutz\/dsc05023\/\"><img loading=\"lazy\" decoding=\"async\" class=\"attachment-full size-full\" src=\"https:\/\/www.unsere-zeitung.at\/wp-content\/uploads\/2020\/09\/DSC05023.jpg\" sizes=\"auto, (max-width: 2000px) 100vw, 2000px\" srcset=\"https:\/\/www.unsere-zeitung.at\/wp-content\/uploads\/2020\/09\/DSC05023.jpg 2000w, https:\/\/www.unsere-zeitung.at\/wp-content\/uploads\/2020\/09\/DSC05023-300x200.jpg 300w, https:\/\/www.unsere-zeitung.at\/wp-content\/uploads\/2020\/09\/DSC05023-1024x682.jpg 1024w, https:\/\/www.unsere-zeitung.at\/wp-content\/uploads\/2020\/09\/DSC05023-768x512.jpg 768w, https:\/\/www.unsere-zeitung.at\/wp-content\/uploads\/2020\/09\/DSC05023-1536x1024.jpg 1536w, https:\/\/www.unsere-zeitung.at\/wp-content\/uploads\/2020\/09\/DSC05023-1320x880.jpg 1320w\" alt=\"\u00a9 Moritz Ettlinger\" width=\"2000\" height=\"1333\" aria-describedby=\"gallery-1-18886\" \/><\/a><\/div><figcaption id=\"gallery-1-18886\" class=\"wp-caption-text gallery-caption\">Auch wenn es das Demo-Wetter nicht verriet: Es ist zu hei\u00df!<\/figcaption><\/figure>\n<figure class=\"gallery-item\">\n<div class=\"gallery-icon landscape\"><a href=\"https:\/\/www.unsere-zeitung.at\/2020\/09\/25\/earth-strike-im-regen-fuer-den-klimaschutz\/dsc05026\/\"><img loading=\"lazy\" decoding=\"async\" class=\"attachment-full size-full\" src=\"https:\/\/www.unsere-zeitung.at\/wp-content\/uploads\/2020\/09\/DSC05026.jpg\" sizes=\"auto, (max-width: 2000px) 100vw, 2000px\" srcset=\"https:\/\/www.unsere-zeitung.at\/wp-content\/uploads\/2020\/09\/DSC05026.jpg 2000w, https:\/\/www.unsere-zeitung.at\/wp-content\/uploads\/2020\/09\/DSC05026-300x200.jpg 300w, https:\/\/www.unsere-zeitung.at\/wp-content\/uploads\/2020\/09\/DSC05026-1024x682.jpg 1024w, https:\/\/www.unsere-zeitung.at\/wp-content\/uploads\/2020\/09\/DSC05026-768x512.jpg 768w, https:\/\/www.unsere-zeitung.at\/wp-content\/uploads\/2020\/09\/DSC05026-1536x1024.jpg 1536w, https:\/\/www.unsere-zeitung.at\/wp-content\/uploads\/2020\/09\/DSC05026-1320x880.jpg 1320w\" alt=\"\u00a9 Moritz Ettlinger\" width=\"2000\" height=\"1333\" aria-describedby=\"gallery-1-18887\" \/><\/a><\/div><figcaption id=\"gallery-1-18887\" class=\"wp-caption-text gallery-caption\">What do we want?<\/figcaption><\/figure>\n<figure class=\"gallery-item\">\n<div class=\"gallery-icon landscape\"><a href=\"https:\/\/www.unsere-zeitung.at\/2020\/09\/25\/earth-strike-im-regen-fuer-den-klimaschutz\/dsc05027\/\"><img loading=\"lazy\" decoding=\"async\" class=\"attachment-full size-full\" src=\"https:\/\/www.unsere-zeitung.at\/wp-content\/uploads\/2020\/09\/DSC05027.jpg\" sizes=\"auto, (max-width: 2000px) 100vw, 2000px\" srcset=\"https:\/\/www.unsere-zeitung.at\/wp-content\/uploads\/2020\/09\/DSC05027.jpg 2000w, https:\/\/www.unsere-zeitung.at\/wp-content\/uploads\/2020\/09\/DSC05027-300x200.jpg 300w, https:\/\/www.unsere-zeitung.at\/wp-content\/uploads\/2020\/09\/DSC05027-1024x682.jpg 1024w, https:\/\/www.unsere-zeitung.at\/wp-content\/uploads\/2020\/09\/DSC05027-768x512.jpg 768w, https:\/\/www.unsere-zeitung.at\/wp-content\/uploads\/2020\/09\/DSC05027-1536x1024.jpg 1536w, https:\/\/www.unsere-zeitung.at\/wp-content\/uploads\/2020\/09\/DSC05027-1320x880.jpg 1320w\" alt=\"\u00a9 Moritz Ettlinger\" width=\"2000\" height=\"1333\" aria-describedby=\"gallery-1-18888\" \/><\/a><\/div><figcaption id=\"gallery-1-18888\" class=\"wp-caption-text gallery-caption\">Climate Justice!<\/figcaption><\/figure>\n<figure class=\"gallery-item\">\n<div class=\"gallery-icon landscape\"><a href=\"https:\/\/www.unsere-zeitung.at\/2020\/09\/25\/earth-strike-im-regen-fuer-den-klimaschutz\/dsc05044\/\"><img loading=\"lazy\" decoding=\"async\" class=\"attachment-full size-full\" src=\"https:\/\/www.unsere-zeitung.at\/wp-content\/uploads\/2020\/09\/DSC05044.jpg\" sizes=\"auto, (max-width: 2000px) 100vw, 2000px\" srcset=\"https:\/\/www.unsere-zeitung.at\/wp-content\/uploads\/2020\/09\/DSC05044.jpg 2000w, https:\/\/www.unsere-zeitung.at\/wp-content\/uploads\/2020\/09\/DSC05044-300x200.jpg 300w, https:\/\/www.unsere-zeitung.at\/wp-content\/uploads\/2020\/09\/DSC05044-1024x682.jpg 1024w, https:\/\/www.unsere-zeitung.at\/wp-content\/uploads\/2020\/09\/DSC05044-768x512.jpg 768w, https:\/\/www.unsere-zeitung.at\/wp-content\/uploads\/2020\/09\/DSC05044-1536x1024.jpg 1536w, https:\/\/www.unsere-zeitung.at\/wp-content\/uploads\/2020\/09\/DSC05044-1320x880.jpg 1320w\" alt=\"\u00a9 Moritz Ettlinger\" width=\"2000\" height=\"1333\" aria-describedby=\"gallery-1-18889\" \/><\/a><\/div><figcaption id=\"gallery-1-18889\" class=\"wp-caption-text gallery-caption\">When do we want it?<\/figcaption><\/figure>\n<figure class=\"gallery-item\">\n<div class=\"gallery-icon portrait\"><a href=\"https:\/\/www.unsere-zeitung.at\/2020\/09\/25\/earth-strike-im-regen-fuer-den-klimaschutz\/img_20200925_133922\/\"><img loading=\"lazy\" decoding=\"async\" class=\"attachment-full size-full\" src=\"https:\/\/www.unsere-zeitung.at\/wp-content\/uploads\/2020\/09\/IMG_20200925_133922.jpg\" sizes=\"auto, (max-width: 1333px) 100vw, 1333px\" srcset=\"https:\/\/www.unsere-zeitung.at\/wp-content\/uploads\/2020\/09\/IMG_20200925_133922.jpg 1333w, https:\/\/www.unsere-zeitung.at\/wp-content\/uploads\/2020\/09\/IMG_20200925_133922-200x300.jpg 200w, https:\/\/www.unsere-zeitung.at\/wp-content\/uploads\/2020\/09\/IMG_20200925_133922-682x1024.jpg 682w, https:\/\/www.unsere-zeitung.at\/wp-content\/uploads\/2020\/09\/IMG_20200925_133922-768x1152.jpg 768w, https:\/\/www.unsere-zeitung.at\/wp-content\/uploads\/2020\/09\/IMG_20200925_133922-1024x1536.jpg 1024w, https:\/\/www.unsere-zeitung.at\/wp-content\/uploads\/2020\/09\/IMG_20200925_133922-1320x1980.jpg 1320w\" alt=\"\u00a9 Moritz Ettlinger\" width=\"1333\" height=\"2000\" aria-describedby=\"gallery-1-18897\" \/><\/a><\/div><figcaption id=\"gallery-1-18897\" class=\"wp-caption-text gallery-caption\">Now!<\/figcaption><\/figure>\n<figure class=\"gallery-item\">\n<div class=\"gallery-icon portrait\"><a href=\"https:\/\/www.unsere-zeitung.at\/2020\/09\/25\/earth-strike-im-regen-fuer-den-klimaschutz\/dsc04997\/\"><img loading=\"lazy\" decoding=\"async\" class=\"attachment-full size-full\" src=\"https:\/\/www.unsere-zeitung.at\/wp-content\/uploads\/2020\/09\/DSC04997-scaled.jpg\" sizes=\"auto, (max-width: 1707px) 100vw, 1707px\" srcset=\"https:\/\/www.unsere-zeitung.at\/wp-content\/uploads\/2020\/09\/DSC04997-scaled.jpg 1707w, https:\/\/www.unsere-zeitung.at\/wp-content\/uploads\/2020\/09\/DSC04997-200x300.jpg 200w, https:\/\/www.unsere-zeitung.at\/wp-content\/uploads\/2020\/09\/DSC04997-683x1024.jpg 683w, https:\/\/www.unsere-zeitung.at\/wp-content\/uploads\/2020\/09\/DSC04997-768x1152.jpg 768w, https:\/\/www.unsere-zeitung.at\/wp-content\/uploads\/2020\/09\/DSC04997-1024x1536.jpg 1024w, https:\/\/www.unsere-zeitung.at\/wp-content\/uploads\/2020\/09\/DSC04997-1365x2048.jpg 1365w, https:\/\/www.unsere-zeitung.at\/wp-content\/uploads\/2020\/09\/DSC04997-1320x1980.jpg 1320w\" alt=\"\u00a9 Moritz Ettlinger\" width=\"1707\" height=\"2560\" aria-describedby=\"gallery-1-18879\" \/><\/a><\/div><figcaption id=\"gallery-1-18879\" class=\"wp-caption-text gallery-caption\">Geh\u00f6ren einfach dazu: Die Omas gegen rechts.<\/figcaption><\/figure>\n<figure class=\"gallery-item\">\n<div class=\"gallery-icon portrait\"><a href=\"https:\/\/www.unsere-zeitung.at\/2020\/09\/25\/earth-strike-im-regen-fuer-den-klimaschutz\/img_20200925_142141\/\"><img loading=\"lazy\" decoding=\"async\" class=\"attachment-full size-full\" src=\"https:\/\/www.unsere-zeitung.at\/wp-content\/uploads\/2020\/09\/IMG_20200925_142141.jpg\" sizes=\"auto, (max-width: 1333px) 100vw, 1333px\" srcset=\"https:\/\/www.unsere-zeitung.at\/wp-content\/uploads\/2020\/09\/IMG_20200925_142141.jpg 1333w, https:\/\/www.unsere-zeitung.at\/wp-content\/uploads\/2020\/09\/IMG_20200925_142141-200x300.jpg 200w, https:\/\/www.unsere-zeitung.at\/wp-content\/uploads\/2020\/09\/IMG_20200925_142141-682x1024.jpg 682w, https:\/\/www.unsere-zeitung.at\/wp-content\/uploads\/2020\/09\/IMG_20200925_142141-768x1152.jpg 768w, https:\/\/www.unsere-zeitung.at\/wp-content\/uploads\/2020\/09\/IMG_20200925_142141-1024x1536.jpg 1024w, https:\/\/www.unsere-zeitung.at\/wp-content\/uploads\/2020\/09\/IMG_20200925_142141-1320x1980.jpg 1320w\" alt=\"\u00a9 Moritz Ettlinger\" width=\"1333\" height=\"2000\" aria-describedby=\"gallery-1-18901\" \/><\/a><\/div><figcaption id=\"gallery-1-18901\" class=\"wp-caption-text gallery-caption\">Sollte nicht mehr dazu geh\u00f6ren: Das Patriarchat<\/figcaption><\/figure>\n<figure class=\"gallery-item\">\n<div class=\"gallery-icon portrait\"><a href=\"https:\/\/www.unsere-zeitung.at\/2020\/09\/25\/earth-strike-im-regen-fuer-den-klimaschutz\/dsc05050\/\"><img loading=\"lazy\" decoding=\"async\" class=\"attachment-full size-full\" src=\"https:\/\/www.unsere-zeitung.at\/wp-content\/uploads\/2020\/09\/DSC05050.jpg\" sizes=\"auto, (max-width: 1333px) 100vw, 1333px\" srcset=\"https:\/\/www.unsere-zeitung.at\/wp-content\/uploads\/2020\/09\/DSC05050.jpg 1333w, https:\/\/www.unsere-zeitung.at\/wp-content\/uploads\/2020\/09\/DSC05050-200x300.jpg 200w, https:\/\/www.unsere-zeitung.at\/wp-content\/uploads\/2020\/09\/DSC05050-682x1024.jpg 682w, https:\/\/www.unsere-zeitung.at\/wp-content\/uploads\/2020\/09\/DSC05050-768x1152.jpg 768w, https:\/\/www.unsere-zeitung.at\/wp-content\/uploads\/2020\/09\/DSC05050-1024x1536.jpg 1024w, https:\/\/www.unsere-zeitung.at\/wp-content\/uploads\/2020\/09\/DSC05050-1320x1980.jpg 1320w\" alt=\"\u00a9 Moritz Ettlinger\" width=\"1333\" height=\"2000\" aria-describedby=\"gallery-1-18890\" \/><\/a><\/div><figcaption id=\"gallery-1-18890\" class=\"wp-caption-text gallery-caption\">Dem ist nichts hinzuzf\u00fcgen.<\/figcaption><\/figure>\n<figure class=\"gallery-item\">\n<div class=\"gallery-icon portrait\"><a href=\"https:\/\/www.unsere-zeitung.at\/2020\/09\/25\/earth-strike-im-regen-fuer-den-klimaschutz\/dsc05052\/\"><img loading=\"lazy\" decoding=\"async\" class=\"attachment-full size-full\" src=\"https:\/\/www.unsere-zeitung.at\/wp-content\/uploads\/2020\/09\/DSC05052.jpg\" sizes=\"auto, (max-width: 1333px) 100vw, 1333px\" srcset=\"https:\/\/www.unsere-zeitung.at\/wp-content\/uploads\/2020\/09\/DSC05052.jpg 1333w, https:\/\/www.unsere-zeitung.at\/wp-content\/uploads\/2020\/09\/DSC05052-200x300.jpg 200w, https:\/\/www.unsere-zeitung.at\/wp-content\/uploads\/2020\/09\/DSC05052-682x1024.jpg 682w, https:\/\/www.unsere-zeitung.at\/wp-content\/uploads\/2020\/09\/DSC05052-768x1152.jpg 768w, https:\/\/www.unsere-zeitung.at\/wp-content\/uploads\/2020\/09\/DSC05052-1024x1536.jpg 1024w, https:\/\/www.unsere-zeitung.at\/wp-content\/uploads\/2020\/09\/DSC05052-1320x1980.jpg 1320w\" alt=\"\u00a9 Moritz Ettlinger\" width=\"1333\" height=\"2000\" aria-describedby=\"gallery-1-18891\" \/><\/a><\/div><figcaption id=\"gallery-1-18891\" class=\"wp-caption-text gallery-caption\">Greenpeace mit dringendem Appell an die OMV.<\/figcaption><\/figure>\n<figure class=\"gallery-item\">\n<div class=\"gallery-icon portrait\"><a href=\"https:\/\/www.unsere-zeitung.at\/2020\/09\/25\/earth-strike-im-regen-fuer-den-klimaschutz\/dsc05053\/\"><img loading=\"lazy\" decoding=\"async\" class=\"attachment-full size-full\" src=\"https:\/\/www.unsere-zeitung.at\/wp-content\/uploads\/2020\/09\/DSC05053.jpg\" sizes=\"auto, (max-width: 1333px) 100vw, 1333px\" srcset=\"https:\/\/www.unsere-zeitung.at\/wp-content\/uploads\/2020\/09\/DSC05053.jpg 1333w, https:\/\/www.unsere-zeitung.at\/wp-content\/uploads\/2020\/09\/DSC05053-200x300.jpg 200w, https:\/\/www.unsere-zeitung.at\/wp-content\/uploads\/2020\/09\/DSC05053-682x1024.jpg 682w, https:\/\/www.unsere-zeitung.at\/wp-content\/uploads\/2020\/09\/DSC05053-768x1152.jpg 768w, https:\/\/www.unsere-zeitung.at\/wp-content\/uploads\/2020\/09\/DSC05053-1024x1536.jpg 1024w, https:\/\/www.unsere-zeitung.at\/wp-content\/uploads\/2020\/09\/DSC05053-1320x1980.jpg 1320w\" alt=\"\u00a9 Moritz Ettlinger\" width=\"1333\" height=\"2000\" aria-describedby=\"gallery-1-18892\" \/><\/a><\/div><figcaption id=\"gallery-1-18892\" class=\"wp-caption-text gallery-caption\">Na, Herr Seele?<\/figcaption><\/figure>\n<figure class=\"gallery-item\">\n<div class=\"gallery-icon landscape\"><a href=\"https:\/\/www.unsere-zeitung.at\/2020\/09\/25\/earth-strike-im-regen-fuer-den-klimaschutz\/img_20200925_124841\/\"><img loading=\"lazy\" decoding=\"async\" class=\"attachment-full size-full alignnone\" src=\"https:\/\/www.unsere-zeitung.at\/wp-content\/uploads\/2020\/09\/IMG_20200925_124841.jpg\" sizes=\"auto, (max-width: 2000px) 100vw, 2000px\" srcset=\"https:\/\/www.unsere-zeitung.at\/wp-content\/uploads\/2020\/09\/IMG_20200925_124841.jpg 2000w, https:\/\/www.unsere-zeitung.at\/wp-content\/uploads\/2020\/09\/IMG_20200925_124841-300x200.jpg 300w, https:\/\/www.unsere-zeitung.at\/wp-content\/uploads\/2020\/09\/IMG_20200925_124841-1024x682.jpg 1024w, https:\/\/www.unsere-zeitung.at\/wp-content\/uploads\/2020\/09\/IMG_20200925_124841-768x512.jpg 768w, https:\/\/www.unsere-zeitung.at\/wp-content\/uploads\/2020\/09\/IMG_20200925_124841-1536x1024.jpg 1536w, https:\/\/www.unsere-zeitung.at\/wp-content\/uploads\/2020\/09\/IMG_20200925_124841-1320x880.jpg 1320w\" alt=\"\u00a9 Moritz Ettlinger\" width=\"2000\" height=\"1333\" aria-describedby=\"gallery-1-18895\" \/><\/a><\/div><figcaption id=\"gallery-1-18895\" class=\"wp-caption-text gallery-caption\">Auch dieses Thema geh\u00f6rt auf eine Klima-Demo.<\/figcaption><\/figure>\n<figure class=\"gallery-item\">\n<div class=\"gallery-icon landscape\"><a href=\"https:\/\/www.unsere-zeitung.at\/2020\/09\/25\/earth-strike-im-regen-fuer-den-klimaschutz\/img_20200925_130311\/\"><img loading=\"lazy\" decoding=\"async\" class=\"attachment-full size-full\" src=\"https:\/\/www.unsere-zeitung.at\/wp-content\/uploads\/2020\/09\/IMG_20200925_130311.jpg\" sizes=\"auto, (max-width: 2000px) 100vw, 2000px\" srcset=\"https:\/\/www.unsere-zeitung.at\/wp-content\/uploads\/2020\/09\/IMG_20200925_130311.jpg 2000w, https:\/\/www.unsere-zeitung.at\/wp-content\/uploads\/2020\/09\/IMG_20200925_130311-300x200.jpg 300w, https:\/\/www.unsere-zeitung.at\/wp-content\/uploads\/2020\/09\/IMG_20200925_130311-1024x682.jpg 1024w, https:\/\/www.unsere-zeitung.at\/wp-content\/uploads\/2020\/09\/IMG_20200925_130311-768x512.jpg 768w, https:\/\/www.unsere-zeitung.at\/wp-content\/uploads\/2020\/09\/IMG_20200925_130311-1536x1024.jpg 1536w, https:\/\/www.unsere-zeitung.at\/wp-content\/uploads\/2020\/09\/IMG_20200925_130311-1320x880.jpg 1320w\" alt=\"\u00a9 Moritz Ettlinger\" width=\"2000\" height=\"1333\" aria-describedby=\"gallery-1-18896\" \/><\/a><\/div><figcaption id=\"gallery-1-18896\" class=\"wp-caption-text gallery-caption\">Together, together, together everyone!<\/figcaption><\/figure>\n<figure class=\"gallery-item\">\n<div class=\"gallery-icon landscape\"><a href=\"https:\/\/www.unsere-zeitung.at\/2020\/09\/25\/earth-strike-im-regen-fuer-den-klimaschutz\/img_20200925_141333\/\"><img loading=\"lazy\" decoding=\"async\" class=\"attachment-full size-full\" src=\"https:\/\/www.unsere-zeitung.at\/wp-content\/uploads\/2020\/09\/IMG_20200925_141333.jpg\" sizes=\"auto, (max-width: 2000px) 100vw, 2000px\" srcset=\"https:\/\/www.unsere-zeitung.at\/wp-content\/uploads\/2020\/09\/IMG_20200925_141333.jpg 2000w, https:\/\/www.unsere-zeitung.at\/wp-content\/uploads\/2020\/09\/IMG_20200925_141333-300x200.jpg 300w, https:\/\/www.unsere-zeitung.at\/wp-content\/uploads\/2020\/09\/IMG_20200925_141333-1024x682.jpg 1024w, https:\/\/www.unsere-zeitung.at\/wp-content\/uploads\/2020\/09\/IMG_20200925_141333-768x512.jpg 768w, https:\/\/www.unsere-zeitung.at\/wp-content\/uploads\/2020\/09\/IMG_20200925_141333-1536x1024.jpg 1536w, https:\/\/www.unsere-zeitung.at\/wp-content\/uploads\/2020\/09\/IMG_20200925_141333-1320x880.jpg 1320w\" alt=\"\u00a9 Moritz Ettlinger\" width=\"2000\" height=\"1333\" aria-describedby=\"gallery-1-18900\" \/><\/a><\/div><figcaption id=\"gallery-1-18900\" class=\"wp-caption-text gallery-caption\">Rettet den Amazonas!<\/figcaption><\/figure>\n<figure class=\"gallery-item\">\n<div class=\"gallery-icon landscape\"><a href=\"https:\/\/www.unsere-zeitung.at\/2020\/09\/25\/earth-strike-im-regen-fuer-den-klimaschutz\/img_20200925_142744\/\"><img loading=\"lazy\" decoding=\"async\" class=\"attachment-full size-full\" src=\"https:\/\/www.unsere-zeitung.at\/wp-content\/uploads\/2020\/09\/IMG_20200925_142744.jpg\" sizes=\"auto, (max-width: 2000px) 100vw, 2000px\" srcset=\"https:\/\/www.unsere-zeitung.at\/wp-content\/uploads\/2020\/09\/IMG_20200925_142744.jpg 2000w, https:\/\/www.unsere-zeitung.at\/wp-content\/uploads\/2020\/09\/IMG_20200925_142744-300x200.jpg 300w, https:\/\/www.unsere-zeitung.at\/wp-content\/uploads\/2020\/09\/IMG_20200925_142744-1024x682.jpg 1024w, https:\/\/www.unsere-zeitung.at\/wp-content\/uploads\/2020\/09\/IMG_20200925_142744-768x512.jpg 768w, https:\/\/www.unsere-zeitung.at\/wp-content\/uploads\/2020\/09\/IMG_20200925_142744-1536x1024.jpg 1536w, https:\/\/www.unsere-zeitung.at\/wp-content\/uploads\/2020\/09\/IMG_20200925_142744-1320x880.jpg 1320w\" alt=\"\u00a9 Moritz Ettlinger\" width=\"2000\" height=\"1333\" aria-describedby=\"gallery-1-18903\" \/><\/a><\/div><figcaption id=\"gallery-1-18903\" class=\"wp-caption-text gallery-caption\">Nicht nur Sch\u00fcler*innen und Studierende waren da.<\/figcaption><\/figure>\n<figure class=\"gallery-item\">\n<div class=\"gallery-icon portrait\"><a href=\"https:\/\/www.unsere-zeitung.at\/2020\/09\/25\/earth-strike-im-regen-fuer-den-klimaschutz\/img_20200925_134956\/\"><img loading=\"lazy\" decoding=\"async\" class=\"attachment-full size-full\" src=\"https:\/\/www.unsere-zeitung.at\/wp-content\/uploads\/2020\/09\/IMG_20200925_134956.jpg\" sizes=\"auto, (max-width: 1333px) 100vw, 1333px\" srcset=\"https:\/\/www.unsere-zeitung.at\/wp-content\/uploads\/2020\/09\/IMG_20200925_134956.jpg 1333w, https:\/\/www.unsere-zeitung.at\/wp-content\/uploads\/2020\/09\/IMG_20200925_134956-200x300.jpg 200w, https:\/\/www.unsere-zeitung.at\/wp-content\/uploads\/2020\/09\/IMG_20200925_134956-682x1024.jpg 682w, https:\/\/www.unsere-zeitung.at\/wp-content\/uploads\/2020\/09\/IMG_20200925_134956-768x1152.jpg 768w, https:\/\/www.unsere-zeitung.at\/wp-content\/uploads\/2020\/09\/IMG_20200925_134956-1024x1536.jpg 1024w, https:\/\/www.unsere-zeitung.at\/wp-content\/uploads\/2020\/09\/IMG_20200925_134956-1320x1980.jpg 1320w\" alt=\"\u00a9 Moritz Ettlinger\" width=\"1333\" height=\"2000\" aria-describedby=\"gallery-1-18898\" \/><\/a><\/div><figcaption id=\"gallery-1-18898\" class=\"wp-caption-text gallery-caption\">Selten so etwas Wahres gelesen.<\/figcaption><\/figure>\n<figure class=\"gallery-item\">\n<div class=\"gallery-icon portrait\"><a href=\"https:\/\/www.unsere-zeitung.at\/2020\/09\/25\/earth-strike-im-regen-fuer-den-klimaschutz\/dsc05055\/\"><img loading=\"lazy\" decoding=\"async\" class=\"attachment-full size-full\" src=\"https:\/\/www.unsere-zeitung.at\/wp-content\/uploads\/2020\/09\/DSC05055.jpg\" sizes=\"auto, (max-width: 1333px) 100vw, 1333px\" srcset=\"https:\/\/www.unsere-zeitung.at\/wp-content\/uploads\/2020\/09\/DSC05055.jpg 1333w, https:\/\/www.unsere-zeitung.at\/wp-content\/uploads\/2020\/09\/DSC05055-200x300.jpg 200w, https:\/\/www.unsere-zeitung.at\/wp-content\/uploads\/2020\/09\/DSC05055-682x1024.jpg 682w, https:\/\/www.unsere-zeitung.at\/wp-content\/uploads\/2020\/09\/DSC05055-768x1152.jpg 768w, https:\/\/www.unsere-zeitung.at\/wp-content\/uploads\/2020\/09\/DSC05055-1024x1536.jpg 1024w, https:\/\/www.unsere-zeitung.at\/wp-content\/uploads\/2020\/09\/DSC05055-1320x1980.jpg 1320w\" alt=\"\u00a9 Moritz Ettlinger\" width=\"1333\" height=\"2000\" aria-describedby=\"gallery-1-18893\" \/><\/a><\/div><figcaption id=\"gallery-1-18893\" class=\"wp-caption-text gallery-caption\">Die Klimaampel ist eindeutig. Im Gegensatz zu anderen Ampeln.<\/figcaption><\/figure>\n<\/div>\n<p>\u00a9Unsere Zeitung\/Moritz Ettlinger\/Michael W\u00f6gerer<\/p>\n<div class=\"addtoany_share_save_container addtoany_content addtoany_content_bottom\"><\/div>\n","protected":false},"excerpt":{"rendered":"<p>Tausende Menschen sind heute in Wien im Rahmen des 6. weltweiten Klimastreiks auf die Stra\u00dfe gegangen, um f\u00fcr mehr Klimaschutz zu demonstrieren. Wir haben f\u00fcr euch die besten Fotos von der regnerischen Demo zusammengestellt.\u00a0 Absolut uncool. Es gibt nicht nur&hellip;<\/p>\n","protected":false},"author":1408,"featured_media":1204572,"comment_status":"closed","ping_status":"closed","sticky":false,"template":"","format":"standard","meta":{"footnotes":""},"categories":[9157,9168],"tags":[52828,30246,52826],"class_list":["post-1204569","post","type-post","status-publish","format-standard","has-post-thumbnail","hentry","category-oekologie-und-umwelt","category-politik","tag-fridaysforfuture","tag-klimaschutz","tag-klimastreik"],"yoast_head":"<!-- This site is optimized with the Yoast SEO plugin v27.1.1 - https:\/\/yoast.com\/product\/yoast-seo-wordpress\/ -->\n<title>Earth Strike: Im Regen f\u00fcr den Klimaschutz<\/title>\n<meta name=\"description\" content=\"Tausende Menschen sind heute in Wien im Rahmen des 6. weltweiten Klimastreiks auf die Stra\u00dfe gegangen, um f\u00fcr mehr Klimaschutz zu demonstrieren. Wir haben\" \/>\n<meta name=\"robots\" content=\"index, follow, max-snippet:-1, max-image-preview:large, max-video-preview:-1\" \/>\n<link rel=\"canonical\" href=\"https:\/\/www.pressenza.com\/de\/2020\/09\/earth-strike-im-regen-fuer-den-klimaschutz\/\" \/>\n<meta property=\"og:locale\" content=\"de_DE\" \/>\n<meta property=\"og:type\" content=\"article\" \/>\n<meta property=\"og:title\" content=\"Earth Strike: Im Regen f\u00fcr den Klimaschutz\" \/>\n<meta property=\"og:description\" content=\"Tausende Menschen sind heute in Wien im Rahmen des 6. weltweiten Klimastreiks auf die Stra\u00dfe gegangen, um f\u00fcr mehr Klimaschutz zu demonstrieren. Wir haben\" \/>\n<meta property=\"og:url\" content=\"https:\/\/www.pressenza.com\/de\/2020\/09\/earth-strike-im-regen-fuer-den-klimaschutz\/\" \/>\n<meta property=\"og:site_name\" content=\"Pressenza\" \/>\n<meta property=\"article:publisher\" content=\"https:\/\/www.facebook.com\/PressenzaItalia\" \/>\n<meta property=\"article:published_time\" content=\"2020-09-26T18:13:42+00:00\" \/>\n<meta property=\"article:modified_time\" content=\"2020-09-26T18:15:21+00:00\" \/>\n<meta property=\"og:image\" content=\"https:\/\/www.pressenza.com\/wp-content\/uploads\/2020\/09\/8DE71F3F-D0DD-4825-8804-B0FCA12982A7.jpeg\" \/>\n\t<meta property=\"og:image:width\" content=\"800\" \/>\n\t<meta property=\"og:image:height\" content=\"445\" \/>\n\t<meta property=\"og:image:type\" content=\"image\/jpeg\" \/>\n<meta name=\"author\" content=\"Unsere Zeitung\" \/>\n<meta name=\"twitter:card\" content=\"summary_large_image\" \/>\n<meta name=\"twitter:creator\" content=\"@PressenzaIPA\" \/>\n<meta name=\"twitter:site\" content=\"@PressenzaIPA\" \/>\n<meta name=\"twitter:label1\" content=\"Verfasst von\" \/>\n\t<meta name=\"twitter:data1\" content=\"Unsere Zeitung\" \/>\n\t<meta name=\"twitter:label2\" content=\"Gesch\u00e4tzte Lesezeit\" \/>\n\t<meta name=\"twitter:data2\" content=\"1\u00a0Minute\" \/>\n<script type=\"application\/ld+json\" class=\"yoast-schema-graph\">{\"@context\":\"https:\/\/schema.org\",\"@graph\":[{\"@type\":\"Article\",\"@id\":\"https:\/\/www.pressenza.com\/de\/2020\/09\/earth-strike-im-regen-fuer-den-klimaschutz\/#article\",\"isPartOf\":{\"@id\":\"https:\/\/www.pressenza.com\/de\/2020\/09\/earth-strike-im-regen-fuer-den-klimaschutz\/\"},\"author\":{\"name\":\"Unsere Zeitung\",\"@id\":\"https:\/\/www.pressenza.com\/de\/#\/schema\/person\/204e67ffc5ecb05d81ec7dbb33ded555\"},\"headline\":\"Earth Strike: Im Regen f\u00fcr den Klimaschutz\",\"datePublished\":\"2020-09-26T18:13:42+00:00\",\"dateModified\":\"2020-09-26T18:15:21+00:00\",\"mainEntityOfPage\":{\"@id\":\"https:\/\/www.pressenza.com\/de\/2020\/09\/earth-strike-im-regen-fuer-den-klimaschutz\/\"},\"wordCount\":207,\"publisher\":{\"@id\":\"https:\/\/www.pressenza.com\/de\/#organization\"},\"image\":{\"@id\":\"https:\/\/www.pressenza.com\/de\/2020\/09\/earth-strike-im-regen-fuer-den-klimaschutz\/#primaryimage\"},\"thumbnailUrl\":\"https:\/\/www.pressenza.com\/wp-content\/uploads\/2020\/09\/8DE71F3F-D0DD-4825-8804-B0FCA12982A7.jpeg\",\"keywords\":[\"#FridaysForFuture\",\"Klimaschutz\",\"Klimastreik\"],\"articleSection\":[\"\u00d6kologie und Umwelt\",\"Politik\"],\"inLanguage\":\"de\"},{\"@type\":\"WebPage\",\"@id\":\"https:\/\/www.pressenza.com\/de\/2020\/09\/earth-strike-im-regen-fuer-den-klimaschutz\/\",\"url\":\"https:\/\/www.pressenza.com\/de\/2020\/09\/earth-strike-im-regen-fuer-den-klimaschutz\/\",\"name\":\"Earth Strike: Im Regen f\u00fcr den Klimaschutz\",\"isPartOf\":{\"@id\":\"https:\/\/www.pressenza.com\/de\/#website\"},\"primaryImageOfPage\":{\"@id\":\"https:\/\/www.pressenza.com\/de\/2020\/09\/earth-strike-im-regen-fuer-den-klimaschutz\/#primaryimage\"},\"image\":{\"@id\":\"https:\/\/www.pressenza.com\/de\/2020\/09\/earth-strike-im-regen-fuer-den-klimaschutz\/#primaryimage\"},\"thumbnailUrl\":\"https:\/\/www.pressenza.com\/wp-content\/uploads\/2020\/09\/8DE71F3F-D0DD-4825-8804-B0FCA12982A7.jpeg\",\"datePublished\":\"2020-09-26T18:13:42+00:00\",\"dateModified\":\"2020-09-26T18:15:21+00:00\",\"description\":\"Tausende Menschen sind heute in Wien im Rahmen des 6. weltweiten Klimastreiks auf die Stra\u00dfe gegangen, um f\u00fcr mehr Klimaschutz zu demonstrieren. Wir haben\",\"breadcrumb\":{\"@id\":\"https:\/\/www.pressenza.com\/de\/2020\/09\/earth-strike-im-regen-fuer-den-klimaschutz\/#breadcrumb\"},\"inLanguage\":\"de\",\"potentialAction\":[{\"@type\":\"ReadAction\",\"target\":[\"https:\/\/www.pressenza.com\/de\/2020\/09\/earth-strike-im-regen-fuer-den-klimaschutz\/\"]}]},{\"@type\":\"ImageObject\",\"inLanguage\":\"de\",\"@id\":\"https:\/\/www.pressenza.com\/de\/2020\/09\/earth-strike-im-regen-fuer-den-klimaschutz\/#primaryimage\",\"url\":\"https:\/\/www.pressenza.com\/wp-content\/uploads\/2020\/09\/8DE71F3F-D0DD-4825-8804-B0FCA12982A7.jpeg\",\"contentUrl\":\"https:\/\/www.pressenza.com\/wp-content\/uploads\/2020\/09\/8DE71F3F-D0DD-4825-8804-B0FCA12982A7.jpeg\",\"width\":800,\"height\":445},{\"@type\":\"BreadcrumbList\",\"@id\":\"https:\/\/www.pressenza.com\/de\/2020\/09\/earth-strike-im-regen-fuer-den-klimaschutz\/#breadcrumb\",\"itemListElement\":[{\"@type\":\"ListItem\",\"position\":1,\"name\":\"Accueil\",\"item\":\"https:\/\/www.pressenza.com\/de\/\"},{\"@type\":\"ListItem\",\"position\":2,\"name\":\"Earth Strike: Im Regen f\u00fcr den Klimaschutz\"}]},{\"@type\":\"WebSite\",\"@id\":\"https:\/\/www.pressenza.com\/de\/#website\",\"url\":\"https:\/\/www.pressenza.com\/de\/\",\"name\":\"Pressenza\",\"description\":\"International Press Agency\",\"publisher\":{\"@id\":\"https:\/\/www.pressenza.com\/de\/#organization\"},\"potentialAction\":[{\"@type\":\"SearchAction\",\"target\":{\"@type\":\"EntryPoint\",\"urlTemplate\":\"https:\/\/www.pressenza.com\/de\/?s={search_term_string}\"},\"query-input\":{\"@type\":\"PropertyValueSpecification\",\"valueRequired\":true,\"valueName\":\"search_term_string\"}}],\"inLanguage\":\"de\"},{\"@type\":\"Organization\",\"@id\":\"https:\/\/www.pressenza.com\/de\/#organization\",\"name\":\"Pressenza\",\"url\":\"https:\/\/www.pressenza.com\/de\/\",\"logo\":{\"@type\":\"ImageObject\",\"inLanguage\":\"de\",\"@id\":\"https:\/\/www.pressenza.com\/de\/#\/schema\/logo\/image\/\",\"url\":\"https:\/\/www.pressenza.com\/wp-content\/uploads\/2022\/10\/pressenza_logo_200x200.jpg\",\"contentUrl\":\"https:\/\/www.pressenza.com\/wp-content\/uploads\/2022\/10\/pressenza_logo_200x200.jpg\",\"width\":200,\"height\":200,\"caption\":\"Pressenza\"},\"image\":{\"@id\":\"https:\/\/www.pressenza.com\/de\/#\/schema\/logo\/image\/\"},\"sameAs\":[\"https:\/\/www.facebook.com\/PressenzaItalia\",\"https:\/\/x.com\/PressenzaIPA\"]},{\"@type\":\"Person\",\"@id\":\"https:\/\/www.pressenza.com\/de\/#\/schema\/person\/204e67ffc5ecb05d81ec7dbb33ded555\",\"name\":\"Unsere Zeitung\",\"url\":\"https:\/\/www.pressenza.com\/de\/author\/unsere-zeitung\/\"}]}<\/script>\n<!-- \/ Yoast SEO plugin. -->","yoast_head_json":{"title":"Earth Strike: Im Regen f\u00fcr den Klimaschutz","description":"Tausende Menschen sind heute in Wien im Rahmen des 6. weltweiten Klimastreiks auf die Stra\u00dfe gegangen, um f\u00fcr mehr Klimaschutz zu demonstrieren. Wir haben","robots":{"index":"index","follow":"follow","max-snippet":"max-snippet:-1","max-image-preview":"max-image-preview:large","max-video-preview":"max-video-preview:-1"},"canonical":"https:\/\/www.pressenza.com\/de\/2020\/09\/earth-strike-im-regen-fuer-den-klimaschutz\/","og_locale":"de_DE","og_type":"article","og_title":"Earth Strike: Im Regen f\u00fcr den Klimaschutz","og_description":"Tausende Menschen sind heute in Wien im Rahmen des 6. weltweiten Klimastreiks auf die Stra\u00dfe gegangen, um f\u00fcr mehr Klimaschutz zu demonstrieren. Wir haben","og_url":"https:\/\/www.pressenza.com\/de\/2020\/09\/earth-strike-im-regen-fuer-den-klimaschutz\/","og_site_name":"Pressenza","article_publisher":"https:\/\/www.facebook.com\/PressenzaItalia","article_published_time":"2020-09-26T18:13:42+00:00","article_modified_time":"2020-09-26T18:15:21+00:00","og_image":[{"width":800,"height":445,"url":"https:\/\/www.pressenza.com\/wp-content\/uploads\/2020\/09\/8DE71F3F-D0DD-4825-8804-B0FCA12982A7.jpeg","type":"image\/jpeg"}],"author":"Unsere Zeitung","twitter_card":"summary_large_image","twitter_creator":"@PressenzaIPA","twitter_site":"@PressenzaIPA","twitter_misc":{"Verfasst von":"Unsere Zeitung","Gesch\u00e4tzte Lesezeit":"1\u00a0Minute"},"schema":{"@context":"https:\/\/schema.org","@graph":[{"@type":"Article","@id":"https:\/\/www.pressenza.com\/de\/2020\/09\/earth-strike-im-regen-fuer-den-klimaschutz\/#article","isPartOf":{"@id":"https:\/\/www.pressenza.com\/de\/2020\/09\/earth-strike-im-regen-fuer-den-klimaschutz\/"},"author":{"name":"Unsere Zeitung","@id":"https:\/\/www.pressenza.com\/de\/#\/schema\/person\/204e67ffc5ecb05d81ec7dbb33ded555"},"headline":"Earth Strike: Im Regen f\u00fcr den Klimaschutz","datePublished":"2020-09-26T18:13:42+00:00","dateModified":"2020-09-26T18:15:21+00:00","mainEntityOfPage":{"@id":"https:\/\/www.pressenza.com\/de\/2020\/09\/earth-strike-im-regen-fuer-den-klimaschutz\/"},"wordCount":207,"publisher":{"@id":"https:\/\/www.pressenza.com\/de\/#organization"},"image":{"@id":"https:\/\/www.pressenza.com\/de\/2020\/09\/earth-strike-im-regen-fuer-den-klimaschutz\/#primaryimage"},"thumbnailUrl":"https:\/\/www.pressenza.com\/wp-content\/uploads\/2020\/09\/8DE71F3F-D0DD-4825-8804-B0FCA12982A7.jpeg","keywords":["#FridaysForFuture","Klimaschutz","Klimastreik"],"articleSection":["\u00d6kologie und Umwelt","Politik"],"inLanguage":"de"},{"@type":"WebPage","@id":"https:\/\/www.pressenza.com\/de\/2020\/09\/earth-strike-im-regen-fuer-den-klimaschutz\/","url":"https:\/\/www.pressenza.com\/de\/2020\/09\/earth-strike-im-regen-fuer-den-klimaschutz\/","name":"Earth Strike: Im Regen f\u00fcr den Klimaschutz","isPartOf":{"@id":"https:\/\/www.pressenza.com\/de\/#website"},"primaryImageOfPage":{"@id":"https:\/\/www.pressenza.com\/de\/2020\/09\/earth-strike-im-regen-fuer-den-klimaschutz\/#primaryimage"},"image":{"@id":"https:\/\/www.pressenza.com\/de\/2020\/09\/earth-strike-im-regen-fuer-den-klimaschutz\/#primaryimage"},"thumbnailUrl":"https:\/\/www.pressenza.com\/wp-content\/uploads\/2020\/09\/8DE71F3F-D0DD-4825-8804-B0FCA12982A7.jpeg","datePublished":"2020-09-26T18:13:42+00:00","dateModified":"2020-09-26T18:15:21+00:00","description":"Tausende Menschen sind heute in Wien im Rahmen des 6. weltweiten Klimastreiks auf die Stra\u00dfe gegangen, um f\u00fcr mehr Klimaschutz zu demonstrieren. Wir haben","breadcrumb":{"@id":"https:\/\/www.pressenza.com\/de\/2020\/09\/earth-strike-im-regen-fuer-den-klimaschutz\/#breadcrumb"},"inLanguage":"de","potentialAction":[{"@type":"ReadAction","target":["https:\/\/www.pressenza.com\/de\/2020\/09\/earth-strike-im-regen-fuer-den-klimaschutz\/"]}]},{"@type":"ImageObject","inLanguage":"de","@id":"https:\/\/www.pressenza.com\/de\/2020\/09\/earth-strike-im-regen-fuer-den-klimaschutz\/#primaryimage","url":"https:\/\/www.pressenza.com\/wp-content\/uploads\/2020\/09\/8DE71F3F-D0DD-4825-8804-B0FCA12982A7.jpeg","contentUrl":"https:\/\/www.pressenza.com\/wp-content\/uploads\/2020\/09\/8DE71F3F-D0DD-4825-8804-B0FCA12982A7.jpeg","width":800,"height":445},{"@type":"BreadcrumbList","@id":"https:\/\/www.pressenza.com\/de\/2020\/09\/earth-strike-im-regen-fuer-den-klimaschutz\/#breadcrumb","itemListElement":[{"@type":"ListItem","position":1,"name":"Accueil","item":"https:\/\/www.pressenza.com\/de\/"},{"@type":"ListItem","position":2,"name":"Earth Strike: Im Regen f\u00fcr den Klimaschutz"}]},{"@type":"WebSite","@id":"https:\/\/www.pressenza.com\/de\/#website","url":"https:\/\/www.pressenza.com\/de\/","name":"Pressenza","description":"International Press Agency","publisher":{"@id":"https:\/\/www.pressenza.com\/de\/#organization"},"potentialAction":[{"@type":"SearchAction","target":{"@type":"EntryPoint","urlTemplate":"https:\/\/www.pressenza.com\/de\/?s={search_term_string}"},"query-input":{"@type":"PropertyValueSpecification","valueRequired":true,"valueName":"search_term_string"}}],"inLanguage":"de"},{"@type":"Organization","@id":"https:\/\/www.pressenza.com\/de\/#organization","name":"Pressenza","url":"https:\/\/www.pressenza.com\/de\/","logo":{"@type":"ImageObject","inLanguage":"de","@id":"https:\/\/www.pressenza.com\/de\/#\/schema\/logo\/image\/","url":"https:\/\/www.pressenza.com\/wp-content\/uploads\/2022\/10\/pressenza_logo_200x200.jpg","contentUrl":"https:\/\/www.pressenza.com\/wp-content\/uploads\/2022\/10\/pressenza_logo_200x200.jpg","width":200,"height":200,"caption":"Pressenza"},"image":{"@id":"https:\/\/www.pressenza.com\/de\/#\/schema\/logo\/image\/"},"sameAs":["https:\/\/www.facebook.com\/PressenzaItalia","https:\/\/x.com\/PressenzaIPA"]},{"@type":"Person","@id":"https:\/\/www.pressenza.com\/de\/#\/schema\/person\/204e67ffc5ecb05d81ec7dbb33ded555","name":"Unsere Zeitung","url":"https:\/\/www.pressenza.com\/de\/author\/unsere-zeitung\/"}]}},"place":"","original_article_url":"https:\/\/www.unsere-zeitung.at\/2020\/09\/25\/earth-strike-im-regen-fuer-den-klimaschutz\/","_links":{"self":[{"href":"https:\/\/www.pressenza.com\/de\/wp-json\/wp\/v2\/posts\/1204569","targetHints":{"allow":["GET"]}}],"collection":[{"href":"https:\/\/www.pressenza.com\/de\/wp-json\/wp\/v2\/posts"}],"about":[{"href":"https:\/\/www.pressenza.com\/de\/wp-json\/wp\/v2\/types\/post"}],"author":[{"embeddable":true,"href":"https:\/\/www.pressenza.com\/de\/wp-json\/wp\/v2\/users\/1408"}],"replies":[{"embeddable":true,"href":"https:\/\/www.pressenza.com\/de\/wp-json\/wp\/v2\/comments?post=1204569"}],"version-history":[{"count":0,"href":"https:\/\/www.pressenza.com\/de\/wp-json\/wp\/v2\/posts\/1204569\/revisions"}],"wp:featuredmedia":[{"embeddable":true,"href":"https:\/\/www.pressenza.com\/de\/wp-json\/wp\/v2\/media\/1204572"}],"wp:attachment":[{"href":"https:\/\/www.pressenza.com\/de\/wp-json\/wp\/v2\/media?parent=1204569"}],"wp:term":[{"taxonomy":"category","embeddable":true,"href":"https:\/\/www.pressenza.com\/de\/wp-json\/wp\/v2\/categories?post=1204569"},{"taxonomy":"post_tag","embeddable":true,"href":"https:\/\/www.pressenza.com\/de\/wp-json\/wp\/v2\/tags?post=1204569"}],"curies":[{"name":"wp","href":"https:\/\/api.w.org\/{rel}","templated":true}]}}