{"id":1201451,"date":"2020-09-21T10:06:47","date_gmt":"2020-09-21T09:06:47","guid":{"rendered":"https:\/\/www.pressenza.com\/?p=1201451"},"modified":"2020-09-21T10:06:47","modified_gmt":"2020-09-21T09:06:47","slug":"wer-ein-einziges-leben-rettet-rettet-die-ganze-welt","status":"publish","type":"post","link":"https:\/\/www.pressenza.com\/de\/2020\/09\/wer-ein-einziges-leben-rettet-rettet-die-ganze-welt\/","title":{"rendered":"\u201eWer ein einziges Leben rettet, rettet die ganze Welt.\u201c"},"content":{"rendered":"<p><strong>Video f\u00fcr Menschlichkeit: Enkel von Opfern des Nazi-Terrors erz\u00e4hlen ihre Geschichte und fordern dazu auf fliehenden Kindern zu helfen<\/strong><span id=\"more-18839\"><\/span><\/p>\n<p><em>\u201eWir sind heute nur hier, weil es damals Menschen gegeben hat, die unseren Gro\u00dfeltern geholfen haben\u201c<\/em>, betont Amber Weinber in einem k\u00fcrzlich ver\u00f6ffentlichten Video des <a href=\"https:\/\/www.mkoe.at\/\" target=\"_blank\" rel=\"noopener noreferrer\">Mauthausen Komitee \u00d6sterreichs (MK\u00d6)<\/a>.\u00a0<em>\u201eDiese Menschen haben damals nicht gefragt, ob dann vielleicht noch mehr kommen. Sie haben einfach Menschlichkeit bewiesen\u201c<\/em>, erg\u00e4nzt Rouven Margules.<\/p>\n<p>Amber und Rouven sind die Enkelkinder von\u00a0Gertrude Weinber und Mathilde Margules, die als Jugendliche w\u00e4hrend der Nazi-Zeit aus Wien fl\u00fcchten mussten. Sie konnten damals auf die Hilfe von Menschen z\u00e4hlen, die ihnen bei der Flucht geholfen haben.<\/p>\n<p><iframe loading=\"lazy\" src=\"https:\/\/www.youtube.com\/embed\/tZYlFZlAQaM\" width=\"560\" height=\"315\" frameborder=\"0\" allowfullscreen=\"allowfullscreen\" data-mce-fragment=\"1\"><\/iframe><\/p>\n<p>Passend zum Jahresmotto <i>Menschlichkeit ohne Grenzen <\/i>will das MK\u00d6, das dem Verm\u00e4chtnis der \u00fcberlebenden H\u00e4ftlinge des KZ Mauthausen und seiner Au\u00dfenlager verpflichtet ist, seinem historischen und aktuellen Auftrag gerecht werden. Mit obigen Video sollen im Netz Hunderttausende erreicht werden.<\/p>\n<blockquote><p><i>\u201e\u00d6sterreich ist ein sicheres und wohlhabendes Land\u201c<\/i>, stellt MK\u00d6-Vorsitzender Willi Mernyi dazu fest.<i> \u201eWenn wir uns trotzdem weigern, hungernde und frierende Fl\u00fcchtlinge \u2013 unter ihnen viele Kinder \u2013 aufzunehmen, haben wir aus unserer Geschichte nichts gelernt. Ab 1938 waren Fl\u00fcchtlinge aus \u00d6sterreich darauf angewiesen, dass sie aufgenommen wurden. Heute sind Fl\u00fcchtlinge aus anderen L\u00e4ndern darauf angewiesen, dass \u00d6sterreich sie aufnimmt!\u201c<\/i><\/p><\/blockquote>\n<p>&nbsp;<\/p>\n<p>&nbsp;<\/p>\n<div class=\"addtoany_share_save_container addtoany_content addtoany_content_bottom\"><\/div>\n","protected":false},"excerpt":{"rendered":"<p>Video f\u00fcr Menschlichkeit: Enkel von Opfern des Nazi-Terrors erz\u00e4hlen ihre Geschichte und fordern dazu auf fliehenden Kindern zu helfen \u201eWir sind heute nur hier, weil es damals Menschen gegeben hat, die unseren Gro\u00dfeltern geholfen haben\u201c, betont Amber Weinber in einem&hellip;<\/p>\n","protected":false},"author":1408,"featured_media":1201452,"comment_status":"closed","ping_status":"closed","sticky":false,"template":"","format":"standard","meta":{"footnotes":""},"categories":[9166,9161,9168],"tags":[9219,81671],"class_list":["post-1201451","post","type-post","status-publish","format-standard","has-post-thumbnail","hentry","category-gewaltfreiheit","category-menschenrechte","category-politik","tag-fluchtlinge","tag-mauthausen-komitee-oesterreich"],"yoast_head":"<!-- This site is optimized with the Yoast SEO plugin v27.1.1 - https:\/\/yoast.com\/product\/yoast-seo-wordpress\/ -->\n<title>\u201eWer ein einziges Leben rettet, rettet die ganze Welt.\u201c<\/title>\n<meta name=\"description\" content=\"Video f\u00fcr Menschlichkeit: Enkel von Opfern des Nazi-Terrors erz\u00e4hlen ihre Geschichte und fordern dazu auf fliehenden Kindern zu helfen \u201eWir sind heute nur\" \/>\n<meta name=\"robots\" content=\"index, follow, max-snippet:-1, max-image-preview:large, max-video-preview:-1\" \/>\n<link rel=\"canonical\" href=\"https:\/\/www.pressenza.com\/de\/2020\/09\/wer-ein-einziges-leben-rettet-rettet-die-ganze-welt\/\" \/>\n<meta property=\"og:locale\" content=\"de_DE\" \/>\n<meta property=\"og:type\" content=\"article\" \/>\n<meta property=\"og:title\" content=\"\u201eWer ein einziges Leben rettet, rettet die ganze Welt.\u201c\" \/>\n<meta property=\"og:description\" content=\"Video f\u00fcr Menschlichkeit: Enkel von Opfern des Nazi-Terrors erz\u00e4hlen ihre Geschichte und fordern dazu auf fliehenden Kindern zu helfen \u201eWir sind heute nur\" \/>\n<meta property=\"og:url\" content=\"https:\/\/www.pressenza.com\/de\/2020\/09\/wer-ein-einziges-leben-rettet-rettet-die-ganze-welt\/\" \/>\n<meta property=\"og:site_name\" content=\"Pressenza\" \/>\n<meta property=\"article:publisher\" content=\"https:\/\/www.facebook.com\/PressenzaItalia\" \/>\n<meta property=\"article:published_time\" content=\"2020-09-21T09:06:47+00:00\" \/>\n<meta property=\"og:image\" content=\"https:\/\/www.pressenza.com\/wp-content\/uploads\/2020\/09\/24575679-421A-4BF5-B797-5EE08774C6F5.png\" \/>\n\t<meta property=\"og:image:width\" content=\"800\" \/>\n\t<meta property=\"og:image:height\" content=\"445\" \/>\n\t<meta property=\"og:image:type\" content=\"image\/png\" \/>\n<meta name=\"author\" content=\"Unsere Zeitung\" \/>\n<meta name=\"twitter:card\" content=\"summary_large_image\" \/>\n<meta name=\"twitter:creator\" content=\"@PressenzaIPA\" \/>\n<meta name=\"twitter:site\" content=\"@PressenzaIPA\" \/>\n<meta name=\"twitter:label1\" content=\"Verfasst von\" \/>\n\t<meta name=\"twitter:data1\" content=\"Unsere Zeitung\" \/>\n\t<meta name=\"twitter:label2\" content=\"Gesch\u00e4tzte Lesezeit\" \/>\n\t<meta name=\"twitter:data2\" content=\"1\u00a0Minute\" \/>\n<script type=\"application\/ld+json\" class=\"yoast-schema-graph\">{\"@context\":\"https:\/\/schema.org\",\"@graph\":[{\"@type\":\"Article\",\"@id\":\"https:\/\/www.pressenza.com\/de\/2020\/09\/wer-ein-einziges-leben-rettet-rettet-die-ganze-welt\/#article\",\"isPartOf\":{\"@id\":\"https:\/\/www.pressenza.com\/de\/2020\/09\/wer-ein-einziges-leben-rettet-rettet-die-ganze-welt\/\"},\"author\":{\"name\":\"Unsere Zeitung\",\"@id\":\"https:\/\/www.pressenza.com\/de\/#\/schema\/person\/204e67ffc5ecb05d81ec7dbb33ded555\"},\"headline\":\"\u201eWer ein einziges Leben rettet, rettet die ganze Welt.\u201c\",\"datePublished\":\"2020-09-21T09:06:47+00:00\",\"mainEntityOfPage\":{\"@id\":\"https:\/\/www.pressenza.com\/de\/2020\/09\/wer-ein-einziges-leben-rettet-rettet-die-ganze-welt\/\"},\"wordCount\":230,\"publisher\":{\"@id\":\"https:\/\/www.pressenza.com\/de\/#organization\"},\"image\":{\"@id\":\"https:\/\/www.pressenza.com\/de\/2020\/09\/wer-ein-einziges-leben-rettet-rettet-die-ganze-welt\/#primaryimage\"},\"thumbnailUrl\":\"https:\/\/www.pressenza.com\/wp-content\/uploads\/2020\/09\/24575679-421A-4BF5-B797-5EE08774C6F5.png\",\"keywords\":[\"Fl\u00fcchtlinge\",\"Mauthausen Komitee \u00d6sterreich\"],\"articleSection\":[\"Gewaltfreiheit\",\"Menschenrechte\",\"Politik\"],\"inLanguage\":\"de\"},{\"@type\":\"WebPage\",\"@id\":\"https:\/\/www.pressenza.com\/de\/2020\/09\/wer-ein-einziges-leben-rettet-rettet-die-ganze-welt\/\",\"url\":\"https:\/\/www.pressenza.com\/de\/2020\/09\/wer-ein-einziges-leben-rettet-rettet-die-ganze-welt\/\",\"name\":\"\u201eWer ein einziges Leben rettet, rettet die ganze Welt.\u201c\",\"isPartOf\":{\"@id\":\"https:\/\/www.pressenza.com\/de\/#website\"},\"primaryImageOfPage\":{\"@id\":\"https:\/\/www.pressenza.com\/de\/2020\/09\/wer-ein-einziges-leben-rettet-rettet-die-ganze-welt\/#primaryimage\"},\"image\":{\"@id\":\"https:\/\/www.pressenza.com\/de\/2020\/09\/wer-ein-einziges-leben-rettet-rettet-die-ganze-welt\/#primaryimage\"},\"thumbnailUrl\":\"https:\/\/www.pressenza.com\/wp-content\/uploads\/2020\/09\/24575679-421A-4BF5-B797-5EE08774C6F5.png\",\"datePublished\":\"2020-09-21T09:06:47+00:00\",\"description\":\"Video f\u00fcr Menschlichkeit: Enkel von Opfern des Nazi-Terrors erz\u00e4hlen ihre Geschichte und fordern dazu auf fliehenden Kindern zu helfen \u201eWir sind heute nur\",\"breadcrumb\":{\"@id\":\"https:\/\/www.pressenza.com\/de\/2020\/09\/wer-ein-einziges-leben-rettet-rettet-die-ganze-welt\/#breadcrumb\"},\"inLanguage\":\"de\",\"potentialAction\":[{\"@type\":\"ReadAction\",\"target\":[\"https:\/\/www.pressenza.com\/de\/2020\/09\/wer-ein-einziges-leben-rettet-rettet-die-ganze-welt\/\"]}]},{\"@type\":\"ImageObject\",\"inLanguage\":\"de\",\"@id\":\"https:\/\/www.pressenza.com\/de\/2020\/09\/wer-ein-einziges-leben-rettet-rettet-die-ganze-welt\/#primaryimage\",\"url\":\"https:\/\/www.pressenza.com\/wp-content\/uploads\/2020\/09\/24575679-421A-4BF5-B797-5EE08774C6F5.png\",\"contentUrl\":\"https:\/\/www.pressenza.com\/wp-content\/uploads\/2020\/09\/24575679-421A-4BF5-B797-5EE08774C6F5.png\",\"width\":800,\"height\":445},{\"@type\":\"BreadcrumbList\",\"@id\":\"https:\/\/www.pressenza.com\/de\/2020\/09\/wer-ein-einziges-leben-rettet-rettet-die-ganze-welt\/#breadcrumb\",\"itemListElement\":[{\"@type\":\"ListItem\",\"position\":1,\"name\":\"Accueil\",\"item\":\"https:\/\/www.pressenza.com\/de\/\"},{\"@type\":\"ListItem\",\"position\":2,\"name\":\"\u201eWer ein einziges Leben rettet, rettet die ganze Welt.\u201c\"}]},{\"@type\":\"WebSite\",\"@id\":\"https:\/\/www.pressenza.com\/de\/#website\",\"url\":\"https:\/\/www.pressenza.com\/de\/\",\"name\":\"Pressenza\",\"description\":\"International Press Agency\",\"publisher\":{\"@id\":\"https:\/\/www.pressenza.com\/de\/#organization\"},\"potentialAction\":[{\"@type\":\"SearchAction\",\"target\":{\"@type\":\"EntryPoint\",\"urlTemplate\":\"https:\/\/www.pressenza.com\/de\/?s={search_term_string}\"},\"query-input\":{\"@type\":\"PropertyValueSpecification\",\"valueRequired\":true,\"valueName\":\"search_term_string\"}}],\"inLanguage\":\"de\"},{\"@type\":\"Organization\",\"@id\":\"https:\/\/www.pressenza.com\/de\/#organization\",\"name\":\"Pressenza\",\"url\":\"https:\/\/www.pressenza.com\/de\/\",\"logo\":{\"@type\":\"ImageObject\",\"inLanguage\":\"de\",\"@id\":\"https:\/\/www.pressenza.com\/de\/#\/schema\/logo\/image\/\",\"url\":\"https:\/\/www.pressenza.com\/wp-content\/uploads\/2022\/10\/pressenza_logo_200x200.jpg\",\"contentUrl\":\"https:\/\/www.pressenza.com\/wp-content\/uploads\/2022\/10\/pressenza_logo_200x200.jpg\",\"width\":200,\"height\":200,\"caption\":\"Pressenza\"},\"image\":{\"@id\":\"https:\/\/www.pressenza.com\/de\/#\/schema\/logo\/image\/\"},\"sameAs\":[\"https:\/\/www.facebook.com\/PressenzaItalia\",\"https:\/\/x.com\/PressenzaIPA\"]},{\"@type\":\"Person\",\"@id\":\"https:\/\/www.pressenza.com\/de\/#\/schema\/person\/204e67ffc5ecb05d81ec7dbb33ded555\",\"name\":\"Unsere Zeitung\",\"url\":\"https:\/\/www.pressenza.com\/de\/author\/unsere-zeitung\/\"}]}<\/script>\n<!-- \/ Yoast SEO plugin. -->","yoast_head_json":{"title":"\u201eWer ein einziges Leben rettet, rettet die ganze Welt.\u201c","description":"Video f\u00fcr Menschlichkeit: Enkel von Opfern des Nazi-Terrors erz\u00e4hlen ihre Geschichte und fordern dazu auf fliehenden Kindern zu helfen \u201eWir sind heute nur","robots":{"index":"index","follow":"follow","max-snippet":"max-snippet:-1","max-image-preview":"max-image-preview:large","max-video-preview":"max-video-preview:-1"},"canonical":"https:\/\/www.pressenza.com\/de\/2020\/09\/wer-ein-einziges-leben-rettet-rettet-die-ganze-welt\/","og_locale":"de_DE","og_type":"article","og_title":"\u201eWer ein einziges Leben rettet, rettet die ganze Welt.\u201c","og_description":"Video f\u00fcr Menschlichkeit: Enkel von Opfern des Nazi-Terrors erz\u00e4hlen ihre Geschichte und fordern dazu auf fliehenden Kindern zu helfen \u201eWir sind heute nur","og_url":"https:\/\/www.pressenza.com\/de\/2020\/09\/wer-ein-einziges-leben-rettet-rettet-die-ganze-welt\/","og_site_name":"Pressenza","article_publisher":"https:\/\/www.facebook.com\/PressenzaItalia","article_published_time":"2020-09-21T09:06:47+00:00","og_image":[{"width":800,"height":445,"url":"https:\/\/www.pressenza.com\/wp-content\/uploads\/2020\/09\/24575679-421A-4BF5-B797-5EE08774C6F5.png","type":"image\/png"}],"author":"Unsere Zeitung","twitter_card":"summary_large_image","twitter_creator":"@PressenzaIPA","twitter_site":"@PressenzaIPA","twitter_misc":{"Verfasst von":"Unsere Zeitung","Gesch\u00e4tzte Lesezeit":"1\u00a0Minute"},"schema":{"@context":"https:\/\/schema.org","@graph":[{"@type":"Article","@id":"https:\/\/www.pressenza.com\/de\/2020\/09\/wer-ein-einziges-leben-rettet-rettet-die-ganze-welt\/#article","isPartOf":{"@id":"https:\/\/www.pressenza.com\/de\/2020\/09\/wer-ein-einziges-leben-rettet-rettet-die-ganze-welt\/"},"author":{"name":"Unsere Zeitung","@id":"https:\/\/www.pressenza.com\/de\/#\/schema\/person\/204e67ffc5ecb05d81ec7dbb33ded555"},"headline":"\u201eWer ein einziges Leben rettet, rettet die ganze Welt.\u201c","datePublished":"2020-09-21T09:06:47+00:00","mainEntityOfPage":{"@id":"https:\/\/www.pressenza.com\/de\/2020\/09\/wer-ein-einziges-leben-rettet-rettet-die-ganze-welt\/"},"wordCount":230,"publisher":{"@id":"https:\/\/www.pressenza.com\/de\/#organization"},"image":{"@id":"https:\/\/www.pressenza.com\/de\/2020\/09\/wer-ein-einziges-leben-rettet-rettet-die-ganze-welt\/#primaryimage"},"thumbnailUrl":"https:\/\/www.pressenza.com\/wp-content\/uploads\/2020\/09\/24575679-421A-4BF5-B797-5EE08774C6F5.png","keywords":["Fl\u00fcchtlinge","Mauthausen Komitee \u00d6sterreich"],"articleSection":["Gewaltfreiheit","Menschenrechte","Politik"],"inLanguage":"de"},{"@type":"WebPage","@id":"https:\/\/www.pressenza.com\/de\/2020\/09\/wer-ein-einziges-leben-rettet-rettet-die-ganze-welt\/","url":"https:\/\/www.pressenza.com\/de\/2020\/09\/wer-ein-einziges-leben-rettet-rettet-die-ganze-welt\/","name":"\u201eWer ein einziges Leben rettet, rettet die ganze Welt.\u201c","isPartOf":{"@id":"https:\/\/www.pressenza.com\/de\/#website"},"primaryImageOfPage":{"@id":"https:\/\/www.pressenza.com\/de\/2020\/09\/wer-ein-einziges-leben-rettet-rettet-die-ganze-welt\/#primaryimage"},"image":{"@id":"https:\/\/www.pressenza.com\/de\/2020\/09\/wer-ein-einziges-leben-rettet-rettet-die-ganze-welt\/#primaryimage"},"thumbnailUrl":"https:\/\/www.pressenza.com\/wp-content\/uploads\/2020\/09\/24575679-421A-4BF5-B797-5EE08774C6F5.png","datePublished":"2020-09-21T09:06:47+00:00","description":"Video f\u00fcr Menschlichkeit: Enkel von Opfern des Nazi-Terrors erz\u00e4hlen ihre Geschichte und fordern dazu auf fliehenden Kindern zu helfen \u201eWir sind heute nur","breadcrumb":{"@id":"https:\/\/www.pressenza.com\/de\/2020\/09\/wer-ein-einziges-leben-rettet-rettet-die-ganze-welt\/#breadcrumb"},"inLanguage":"de","potentialAction":[{"@type":"ReadAction","target":["https:\/\/www.pressenza.com\/de\/2020\/09\/wer-ein-einziges-leben-rettet-rettet-die-ganze-welt\/"]}]},{"@type":"ImageObject","inLanguage":"de","@id":"https:\/\/www.pressenza.com\/de\/2020\/09\/wer-ein-einziges-leben-rettet-rettet-die-ganze-welt\/#primaryimage","url":"https:\/\/www.pressenza.com\/wp-content\/uploads\/2020\/09\/24575679-421A-4BF5-B797-5EE08774C6F5.png","contentUrl":"https:\/\/www.pressenza.com\/wp-content\/uploads\/2020\/09\/24575679-421A-4BF5-B797-5EE08774C6F5.png","width":800,"height":445},{"@type":"BreadcrumbList","@id":"https:\/\/www.pressenza.com\/de\/2020\/09\/wer-ein-einziges-leben-rettet-rettet-die-ganze-welt\/#breadcrumb","itemListElement":[{"@type":"ListItem","position":1,"name":"Accueil","item":"https:\/\/www.pressenza.com\/de\/"},{"@type":"ListItem","position":2,"name":"\u201eWer ein einziges Leben rettet, rettet die ganze Welt.\u201c"}]},{"@type":"WebSite","@id":"https:\/\/www.pressenza.com\/de\/#website","url":"https:\/\/www.pressenza.com\/de\/","name":"Pressenza","description":"International Press Agency","publisher":{"@id":"https:\/\/www.pressenza.com\/de\/#organization"},"potentialAction":[{"@type":"SearchAction","target":{"@type":"EntryPoint","urlTemplate":"https:\/\/www.pressenza.com\/de\/?s={search_term_string}"},"query-input":{"@type":"PropertyValueSpecification","valueRequired":true,"valueName":"search_term_string"}}],"inLanguage":"de"},{"@type":"Organization","@id":"https:\/\/www.pressenza.com\/de\/#organization","name":"Pressenza","url":"https:\/\/www.pressenza.com\/de\/","logo":{"@type":"ImageObject","inLanguage":"de","@id":"https:\/\/www.pressenza.com\/de\/#\/schema\/logo\/image\/","url":"https:\/\/www.pressenza.com\/wp-content\/uploads\/2022\/10\/pressenza_logo_200x200.jpg","contentUrl":"https:\/\/www.pressenza.com\/wp-content\/uploads\/2022\/10\/pressenza_logo_200x200.jpg","width":200,"height":200,"caption":"Pressenza"},"image":{"@id":"https:\/\/www.pressenza.com\/de\/#\/schema\/logo\/image\/"},"sameAs":["https:\/\/www.facebook.com\/PressenzaItalia","https:\/\/x.com\/PressenzaIPA"]},{"@type":"Person","@id":"https:\/\/www.pressenza.com\/de\/#\/schema\/person\/204e67ffc5ecb05d81ec7dbb33ded555","name":"Unsere Zeitung","url":"https:\/\/www.pressenza.com\/de\/author\/unsere-zeitung\/"}]}},"place":"","original_article_url":"https:\/\/www.unsere-zeitung.at\/2020\/09\/18\/wer-ein-einziges-leben-rettet-rettet-die-ganze-welt\/?utm_source=mailpoet&utm_medium=email&utm_campaign=uz-aktuell-newsletter-post-title_2","_links":{"self":[{"href":"https:\/\/www.pressenza.com\/de\/wp-json\/wp\/v2\/posts\/1201451","targetHints":{"allow":["GET"]}}],"collection":[{"href":"https:\/\/www.pressenza.com\/de\/wp-json\/wp\/v2\/posts"}],"about":[{"href":"https:\/\/www.pressenza.com\/de\/wp-json\/wp\/v2\/types\/post"}],"author":[{"embeddable":true,"href":"https:\/\/www.pressenza.com\/de\/wp-json\/wp\/v2\/users\/1408"}],"replies":[{"embeddable":true,"href":"https:\/\/www.pressenza.com\/de\/wp-json\/wp\/v2\/comments?post=1201451"}],"version-history":[{"count":0,"href":"https:\/\/www.pressenza.com\/de\/wp-json\/wp\/v2\/posts\/1201451\/revisions"}],"wp:featuredmedia":[{"embeddable":true,"href":"https:\/\/www.pressenza.com\/de\/wp-json\/wp\/v2\/media\/1201452"}],"wp:attachment":[{"href":"https:\/\/www.pressenza.com\/de\/wp-json\/wp\/v2\/media?parent=1201451"}],"wp:term":[{"taxonomy":"category","embeddable":true,"href":"https:\/\/www.pressenza.com\/de\/wp-json\/wp\/v2\/categories?post=1201451"},{"taxonomy":"post_tag","embeddable":true,"href":"https:\/\/www.pressenza.com\/de\/wp-json\/wp\/v2\/tags?post=1201451"}],"curies":[{"name":"wp","href":"https:\/\/api.w.org\/{rel}","templated":true}]}}