{"id":1191879,"date":"2020-09-08T15:39:52","date_gmt":"2020-09-08T14:39:52","guid":{"rendered":"https:\/\/www.pressenza.com\/?p=1191879"},"modified":"2020-09-08T15:41:00","modified_gmt":"2020-09-08T14:41:00","slug":"die-bewegung-accion-humanista-an-vorderster-front-beim-kampf-fuer-ein-wuerdiges-chile","status":"publish","type":"post","link":"https:\/\/www.pressenza.com\/de\/2020\/09\/die-bewegung-accion-humanista-an-vorderster-front-beim-kampf-fuer-ein-wuerdiges-chile\/","title":{"rendered":"Die Bewegung Acci\u00f3n Humanista an vorderster Front beim Kampf f\u00fcr ein w\u00fcrdiges Chile"},"content":{"rendered":"<p><strong>Die politische soziale Bewegung Acci\u00f3n Humanista, angef\u00fchrt vom Abgeordneten Tom\u00e1s Hirsch, tritt dem Kampagnenteam f\u00fcr das Verfassungskonvent \u201eApruebo Chile Digno\u201c, angesichts des Volksentscheids am 25. Oktober bei.<\/strong><\/p>\n<p>Der Abgeordnete von Acci\u00f3n Humanista bekr\u00e4ftigte, zufrieden zu sein, dass die Delegierten und die Bewegung Acci\u00f3n Humanista der Kampagne \u201eApruebo Chile Digno\u201c beigetreten sind, um mit politischen und sozialen Organisationen zusammenzuarbeiten \u2013 f\u00fcr einen durchschlagenden Erfolg des Verfassungskonvents im Hinblick auf den 25. Oktober.\u201c<\/p>\n<p>\u201eWir sind die politischen und sozialen Organisationen, die nicht an der \u00dcbereinkunft des 15. Novembers beteiligt waren, welche hinter dem R\u00fccken der sozialen Bewegung getroffen wurde. Wir alle hier arbeiten intensiv im Geiste eines Kampfes, damit es in Chile eine demokratische Verfassung gibt, die die Ausgeburt der Diktatur beseitigt, mit der wir vor 20 Jahren abgeschlossen haben\u201c, betonte Hirsch.<\/p>\n<p>\u201eApruebo Chile Digno\u201c ist die Forderung, die eine gro\u00dfe Mehrheit sozialer Bewegungen einbezieht. So werden ihre Kr\u00e4fte mit politischen Organisationen und Oppositionsparteien geb\u00fcndelt, die die genannte \u201eFriedensvereinbarung\u201c vom 15. November 2019 kritisierten.<\/p>\n<p>Die Anstrengungen sozialpolitischer Vernetzung werden sich in den verschiedenen Gemeinden des Landes wiederfinden und so den kategorischen Sieg der Zustimmung zu einer neuen Verfassung sichern, sowie zu einem vollst\u00e4ndig frei gew\u00e4hlten Verfassungskonvent, als Instrument f\u00fcr die Ausarbeitung einer demokratischen Verfassung und zur Garantie wahrhaftiger Rechte f\u00fcr die Bev\u00f6lkerung.<\/p>\n<p><strong><em>\u00dcbersetzung aus dem Spanischen von Chiara Pohl vom ehrenamtlichen Pressenza-\u00dcbersetzungsteam. <a href=\"https:\/\/www.pressenza.com\/de\/mitarbeiten\/\">Wir suchen Freiwillige!\u00a0<\/a><\/em><\/strong><\/p>\n","protected":false},"excerpt":{"rendered":"<p>Die politische soziale Bewegung Acci\u00f3n Humanista, angef\u00fchrt vom Abgeordneten Tom\u00e1s Hirsch, tritt dem Kampagnenteam f\u00fcr das Verfassungskonvent \u201eApruebo Chile Digno\u201c, angesichts des Volksentscheids am 25. Oktober bei. Der Abgeordnete von Acci\u00f3n Humanista bekr\u00e4ftigte, zufrieden zu sein, dass die Delegierten und&hellip;<\/p>\n","protected":false},"author":43,"featured_media":1189606,"comment_status":"closed","ping_status":"closed","sticky":false,"template":"","format":"standard","meta":{"footnotes":""},"categories":[11387,9168,9154],"tags":[10608,81115,49822,66082,81114,65785],"class_list":["post-1191879","post","type-post","status-publish","format-standard","has-post-thumbnail","hentry","category-originalinhalt","category-politik","category-suedamerika","tag-chile-de","tag-movimiento-accion-humanista-de","tag-pinochet-diktatur","tag-tomas-hirsch-de","tag-verfassunggebende-versammlung","tag-verfassungsaenderung"],"yoast_head":"<!-- This site is optimized with the Yoast SEO plugin v27.1.1 - https:\/\/yoast.com\/product\/yoast-seo-wordpress\/ -->\n<title>Die Bewegung Acci\u00f3n Humanista an vorderster Front beim Kampf f\u00fcr ein w\u00fcrdiges Chile<\/title>\n<meta name=\"description\" content=\"Die politische soziale Bewegung Acci\u00f3n Humanista, angef\u00fchrt vom Abgeordneten Tom\u00e1s Hirsch, tritt dem Kampagnenteam f\u00fcr das Verfassungskonvent \u201eApruebo\" \/>\n<meta name=\"robots\" content=\"index, follow, max-snippet:-1, max-image-preview:large, max-video-preview:-1\" \/>\n<link rel=\"canonical\" href=\"https:\/\/www.pressenza.com\/de\/2020\/09\/die-bewegung-accion-humanista-an-vorderster-front-beim-kampf-fuer-ein-wuerdiges-chile\/\" \/>\n<meta property=\"og:locale\" content=\"de_DE\" \/>\n<meta property=\"og:type\" content=\"article\" \/>\n<meta property=\"og:title\" content=\"Die Bewegung Acci\u00f3n Humanista an vorderster Front beim Kampf f\u00fcr ein w\u00fcrdiges Chile\" \/>\n<meta property=\"og:description\" content=\"Die politische soziale Bewegung Acci\u00f3n Humanista, angef\u00fchrt vom Abgeordneten Tom\u00e1s Hirsch, tritt dem Kampagnenteam f\u00fcr das Verfassungskonvent \u201eApruebo\" \/>\n<meta property=\"og:url\" content=\"https:\/\/www.pressenza.com\/de\/2020\/09\/die-bewegung-accion-humanista-an-vorderster-front-beim-kampf-fuer-ein-wuerdiges-chile\/\" \/>\n<meta property=\"og:site_name\" content=\"Pressenza\" \/>\n<meta property=\"article:publisher\" content=\"https:\/\/www.facebook.com\/PressenzaItalia\" \/>\n<meta property=\"article:author\" content=\"https:\/\/www.facebook.com\/pressenza\" \/>\n<meta property=\"article:published_time\" content=\"2020-09-08T14:39:52+00:00\" \/>\n<meta property=\"article:modified_time\" content=\"2020-09-08T14:41:00+00:00\" \/>\n<meta property=\"og:image\" content=\"https:\/\/www.pressenza.com\/wp-content\/uploads\/2020\/09\/2018LaReinaTH.jpg\" \/>\n\t<meta property=\"og:image:width\" content=\"1817\" \/>\n\t<meta property=\"og:image:height\" content=\"1212\" \/>\n\t<meta property=\"og:image:type\" content=\"image\/jpeg\" \/>\n<meta name=\"author\" content=\"Redacci\u00f3n Chile\" \/>\n<meta name=\"twitter:card\" content=\"summary_large_image\" \/>\n<meta name=\"twitter:creator\" content=\"@pressenza\" \/>\n<meta name=\"twitter:site\" content=\"@PressenzaIPA\" \/>\n<meta name=\"twitter:label1\" content=\"Verfasst von\" \/>\n\t<meta name=\"twitter:data1\" content=\"Redacci\u00f3n Chile\" \/>\n\t<meta name=\"twitter:label2\" content=\"Gesch\u00e4tzte Lesezeit\" \/>\n\t<meta name=\"twitter:data2\" content=\"1\u00a0Minute\" \/>\n<script type=\"application\/ld+json\" class=\"yoast-schema-graph\">{\"@context\":\"https:\/\/schema.org\",\"@graph\":[{\"@type\":\"Article\",\"@id\":\"https:\/\/www.pressenza.com\/de\/2020\/09\/die-bewegung-accion-humanista-an-vorderster-front-beim-kampf-fuer-ein-wuerdiges-chile\/#article\",\"isPartOf\":{\"@id\":\"https:\/\/www.pressenza.com\/de\/2020\/09\/die-bewegung-accion-humanista-an-vorderster-front-beim-kampf-fuer-ein-wuerdiges-chile\/\"},\"author\":{\"name\":\"Redacci\u00f3n Chile\",\"@id\":\"https:\/\/www.pressenza.com\/de\/#\/schema\/person\/d7db40df35d6698ba69ba9ee260944ed\"},\"headline\":\"Die Bewegung Acci\u00f3n Humanista an vorderster Front beim Kampf f\u00fcr ein w\u00fcrdiges Chile\",\"datePublished\":\"2020-09-08T14:39:52+00:00\",\"dateModified\":\"2020-09-08T14:41:00+00:00\",\"mainEntityOfPage\":{\"@id\":\"https:\/\/www.pressenza.com\/de\/2020\/09\/die-bewegung-accion-humanista-an-vorderster-front-beim-kampf-fuer-ein-wuerdiges-chile\/\"},\"wordCount\":250,\"publisher\":{\"@id\":\"https:\/\/www.pressenza.com\/de\/#organization\"},\"image\":{\"@id\":\"https:\/\/www.pressenza.com\/de\/2020\/09\/die-bewegung-accion-humanista-an-vorderster-front-beim-kampf-fuer-ein-wuerdiges-chile\/#primaryimage\"},\"thumbnailUrl\":\"https:\/\/www.pressenza.com\/wp-content\/uploads\/2020\/09\/2018LaReinaTH.jpg\",\"keywords\":[\"Chile\",\"Movimiento Acci\u00f3n Humanista\",\"Pinochet-Diktatur\",\"Tom\u00e1s Hirsch\",\"Verfassunggebende Versammlung\",\"Verfassungs\u00e4nderung\"],\"articleSection\":[\"Originalinhalt\",\"Politik\",\"S\u00fcdamerika\"],\"inLanguage\":\"de\"},{\"@type\":\"WebPage\",\"@id\":\"https:\/\/www.pressenza.com\/de\/2020\/09\/die-bewegung-accion-humanista-an-vorderster-front-beim-kampf-fuer-ein-wuerdiges-chile\/\",\"url\":\"https:\/\/www.pressenza.com\/de\/2020\/09\/die-bewegung-accion-humanista-an-vorderster-front-beim-kampf-fuer-ein-wuerdiges-chile\/\",\"name\":\"Die Bewegung Acci\u00f3n Humanista an vorderster Front beim Kampf f\u00fcr ein w\u00fcrdiges Chile\",\"isPartOf\":{\"@id\":\"https:\/\/www.pressenza.com\/de\/#website\"},\"primaryImageOfPage\":{\"@id\":\"https:\/\/www.pressenza.com\/de\/2020\/09\/die-bewegung-accion-humanista-an-vorderster-front-beim-kampf-fuer-ein-wuerdiges-chile\/#primaryimage\"},\"image\":{\"@id\":\"https:\/\/www.pressenza.com\/de\/2020\/09\/die-bewegung-accion-humanista-an-vorderster-front-beim-kampf-fuer-ein-wuerdiges-chile\/#primaryimage\"},\"thumbnailUrl\":\"https:\/\/www.pressenza.com\/wp-content\/uploads\/2020\/09\/2018LaReinaTH.jpg\",\"datePublished\":\"2020-09-08T14:39:52+00:00\",\"dateModified\":\"2020-09-08T14:41:00+00:00\",\"description\":\"Die politische soziale Bewegung Acci\u00f3n Humanista, angef\u00fchrt vom Abgeordneten Tom\u00e1s Hirsch, tritt dem Kampagnenteam f\u00fcr das Verfassungskonvent \u201eApruebo\",\"breadcrumb\":{\"@id\":\"https:\/\/www.pressenza.com\/de\/2020\/09\/die-bewegung-accion-humanista-an-vorderster-front-beim-kampf-fuer-ein-wuerdiges-chile\/#breadcrumb\"},\"inLanguage\":\"de\",\"potentialAction\":[{\"@type\":\"ReadAction\",\"target\":[\"https:\/\/www.pressenza.com\/de\/2020\/09\/die-bewegung-accion-humanista-an-vorderster-front-beim-kampf-fuer-ein-wuerdiges-chile\/\"]}]},{\"@type\":\"ImageObject\",\"inLanguage\":\"de\",\"@id\":\"https:\/\/www.pressenza.com\/de\/2020\/09\/die-bewegung-accion-humanista-an-vorderster-front-beim-kampf-fuer-ein-wuerdiges-chile\/#primaryimage\",\"url\":\"https:\/\/www.pressenza.com\/wp-content\/uploads\/2020\/09\/2018LaReinaTH.jpg\",\"contentUrl\":\"https:\/\/www.pressenza.com\/wp-content\/uploads\/2020\/09\/2018LaReinaTH.jpg\",\"width\":1817,\"height\":1212,\"caption\":\"Die Bewegung Acci\u00f3n Humanista an vorderster Front beim Kampf f\u00fcr ein w\u00fcrdiges Chile\"},{\"@type\":\"BreadcrumbList\",\"@id\":\"https:\/\/www.pressenza.com\/de\/2020\/09\/die-bewegung-accion-humanista-an-vorderster-front-beim-kampf-fuer-ein-wuerdiges-chile\/#breadcrumb\",\"itemListElement\":[{\"@type\":\"ListItem\",\"position\":1,\"name\":\"Accueil\",\"item\":\"https:\/\/www.pressenza.com\/de\/\"},{\"@type\":\"ListItem\",\"position\":2,\"name\":\"Die Bewegung Acci\u00f3n Humanista an vorderster Front beim Kampf f\u00fcr ein w\u00fcrdiges Chile\"}]},{\"@type\":\"WebSite\",\"@id\":\"https:\/\/www.pressenza.com\/de\/#website\",\"url\":\"https:\/\/www.pressenza.com\/de\/\",\"name\":\"Pressenza\",\"description\":\"International Press Agency\",\"publisher\":{\"@id\":\"https:\/\/www.pressenza.com\/de\/#organization\"},\"potentialAction\":[{\"@type\":\"SearchAction\",\"target\":{\"@type\":\"EntryPoint\",\"urlTemplate\":\"https:\/\/www.pressenza.com\/de\/?s={search_term_string}\"},\"query-input\":{\"@type\":\"PropertyValueSpecification\",\"valueRequired\":true,\"valueName\":\"search_term_string\"}}],\"inLanguage\":\"de\"},{\"@type\":\"Organization\",\"@id\":\"https:\/\/www.pressenza.com\/de\/#organization\",\"name\":\"Pressenza\",\"url\":\"https:\/\/www.pressenza.com\/de\/\",\"logo\":{\"@type\":\"ImageObject\",\"inLanguage\":\"de\",\"@id\":\"https:\/\/www.pressenza.com\/de\/#\/schema\/logo\/image\/\",\"url\":\"https:\/\/www.pressenza.com\/wp-content\/uploads\/2022\/10\/pressenza_logo_200x200.jpg\",\"contentUrl\":\"https:\/\/www.pressenza.com\/wp-content\/uploads\/2022\/10\/pressenza_logo_200x200.jpg\",\"width\":200,\"height\":200,\"caption\":\"Pressenza\"},\"image\":{\"@id\":\"https:\/\/www.pressenza.com\/de\/#\/schema\/logo\/image\/\"},\"sameAs\":[\"https:\/\/www.facebook.com\/PressenzaItalia\",\"https:\/\/x.com\/PressenzaIPA\"]},{\"@type\":\"Person\",\"@id\":\"https:\/\/www.pressenza.com\/de\/#\/schema\/person\/d7db40df35d6698ba69ba9ee260944ed\",\"name\":\"Redacci\u00f3n Chile\",\"description\":\"News from the Pressenza Bureau in Chile\",\"sameAs\":[\"https:\/\/www.facebook.com\/pressenza\",\"https:\/\/x.com\/pressenza\"],\"url\":\"https:\/\/www.pressenza.com\/de\/author\/redaccion-chile\/\"}]}<\/script>\n<!-- \/ Yoast SEO plugin. -->","yoast_head_json":{"title":"Die Bewegung Acci\u00f3n Humanista an vorderster Front beim Kampf f\u00fcr ein w\u00fcrdiges Chile","description":"Die politische soziale Bewegung Acci\u00f3n Humanista, angef\u00fchrt vom Abgeordneten Tom\u00e1s Hirsch, tritt dem Kampagnenteam f\u00fcr das Verfassungskonvent \u201eApruebo","robots":{"index":"index","follow":"follow","max-snippet":"max-snippet:-1","max-image-preview":"max-image-preview:large","max-video-preview":"max-video-preview:-1"},"canonical":"https:\/\/www.pressenza.com\/de\/2020\/09\/die-bewegung-accion-humanista-an-vorderster-front-beim-kampf-fuer-ein-wuerdiges-chile\/","og_locale":"de_DE","og_type":"article","og_title":"Die Bewegung Acci\u00f3n Humanista an vorderster Front beim Kampf f\u00fcr ein w\u00fcrdiges Chile","og_description":"Die politische soziale Bewegung Acci\u00f3n Humanista, angef\u00fchrt vom Abgeordneten Tom\u00e1s Hirsch, tritt dem Kampagnenteam f\u00fcr das Verfassungskonvent \u201eApruebo","og_url":"https:\/\/www.pressenza.com\/de\/2020\/09\/die-bewegung-accion-humanista-an-vorderster-front-beim-kampf-fuer-ein-wuerdiges-chile\/","og_site_name":"Pressenza","article_publisher":"https:\/\/www.facebook.com\/PressenzaItalia","article_author":"https:\/\/www.facebook.com\/pressenza","article_published_time":"2020-09-08T14:39:52+00:00","article_modified_time":"2020-09-08T14:41:00+00:00","og_image":[{"width":1817,"height":1212,"url":"https:\/\/www.pressenza.com\/wp-content\/uploads\/2020\/09\/2018LaReinaTH.jpg","type":"image\/jpeg"}],"author":"Redacci\u00f3n Chile","twitter_card":"summary_large_image","twitter_creator":"@pressenza","twitter_site":"@PressenzaIPA","twitter_misc":{"Verfasst von":"Redacci\u00f3n Chile","Gesch\u00e4tzte Lesezeit":"1\u00a0Minute"},"schema":{"@context":"https:\/\/schema.org","@graph":[{"@type":"Article","@id":"https:\/\/www.pressenza.com\/de\/2020\/09\/die-bewegung-accion-humanista-an-vorderster-front-beim-kampf-fuer-ein-wuerdiges-chile\/#article","isPartOf":{"@id":"https:\/\/www.pressenza.com\/de\/2020\/09\/die-bewegung-accion-humanista-an-vorderster-front-beim-kampf-fuer-ein-wuerdiges-chile\/"},"author":{"name":"Redacci\u00f3n Chile","@id":"https:\/\/www.pressenza.com\/de\/#\/schema\/person\/d7db40df35d6698ba69ba9ee260944ed"},"headline":"Die Bewegung Acci\u00f3n Humanista an vorderster Front beim Kampf f\u00fcr ein w\u00fcrdiges Chile","datePublished":"2020-09-08T14:39:52+00:00","dateModified":"2020-09-08T14:41:00+00:00","mainEntityOfPage":{"@id":"https:\/\/www.pressenza.com\/de\/2020\/09\/die-bewegung-accion-humanista-an-vorderster-front-beim-kampf-fuer-ein-wuerdiges-chile\/"},"wordCount":250,"publisher":{"@id":"https:\/\/www.pressenza.com\/de\/#organization"},"image":{"@id":"https:\/\/www.pressenza.com\/de\/2020\/09\/die-bewegung-accion-humanista-an-vorderster-front-beim-kampf-fuer-ein-wuerdiges-chile\/#primaryimage"},"thumbnailUrl":"https:\/\/www.pressenza.com\/wp-content\/uploads\/2020\/09\/2018LaReinaTH.jpg","keywords":["Chile","Movimiento Acci\u00f3n Humanista","Pinochet-Diktatur","Tom\u00e1s Hirsch","Verfassunggebende Versammlung","Verfassungs\u00e4nderung"],"articleSection":["Originalinhalt","Politik","S\u00fcdamerika"],"inLanguage":"de"},{"@type":"WebPage","@id":"https:\/\/www.pressenza.com\/de\/2020\/09\/die-bewegung-accion-humanista-an-vorderster-front-beim-kampf-fuer-ein-wuerdiges-chile\/","url":"https:\/\/www.pressenza.com\/de\/2020\/09\/die-bewegung-accion-humanista-an-vorderster-front-beim-kampf-fuer-ein-wuerdiges-chile\/","name":"Die Bewegung Acci\u00f3n Humanista an vorderster Front beim Kampf f\u00fcr ein w\u00fcrdiges Chile","isPartOf":{"@id":"https:\/\/www.pressenza.com\/de\/#website"},"primaryImageOfPage":{"@id":"https:\/\/www.pressenza.com\/de\/2020\/09\/die-bewegung-accion-humanista-an-vorderster-front-beim-kampf-fuer-ein-wuerdiges-chile\/#primaryimage"},"image":{"@id":"https:\/\/www.pressenza.com\/de\/2020\/09\/die-bewegung-accion-humanista-an-vorderster-front-beim-kampf-fuer-ein-wuerdiges-chile\/#primaryimage"},"thumbnailUrl":"https:\/\/www.pressenza.com\/wp-content\/uploads\/2020\/09\/2018LaReinaTH.jpg","datePublished":"2020-09-08T14:39:52+00:00","dateModified":"2020-09-08T14:41:00+00:00","description":"Die politische soziale Bewegung Acci\u00f3n Humanista, angef\u00fchrt vom Abgeordneten Tom\u00e1s Hirsch, tritt dem Kampagnenteam f\u00fcr das Verfassungskonvent \u201eApruebo","breadcrumb":{"@id":"https:\/\/www.pressenza.com\/de\/2020\/09\/die-bewegung-accion-humanista-an-vorderster-front-beim-kampf-fuer-ein-wuerdiges-chile\/#breadcrumb"},"inLanguage":"de","potentialAction":[{"@type":"ReadAction","target":["https:\/\/www.pressenza.com\/de\/2020\/09\/die-bewegung-accion-humanista-an-vorderster-front-beim-kampf-fuer-ein-wuerdiges-chile\/"]}]},{"@type":"ImageObject","inLanguage":"de","@id":"https:\/\/www.pressenza.com\/de\/2020\/09\/die-bewegung-accion-humanista-an-vorderster-front-beim-kampf-fuer-ein-wuerdiges-chile\/#primaryimage","url":"https:\/\/www.pressenza.com\/wp-content\/uploads\/2020\/09\/2018LaReinaTH.jpg","contentUrl":"https:\/\/www.pressenza.com\/wp-content\/uploads\/2020\/09\/2018LaReinaTH.jpg","width":1817,"height":1212,"caption":"Die Bewegung Acci\u00f3n Humanista an vorderster Front beim Kampf f\u00fcr ein w\u00fcrdiges Chile"},{"@type":"BreadcrumbList","@id":"https:\/\/www.pressenza.com\/de\/2020\/09\/die-bewegung-accion-humanista-an-vorderster-front-beim-kampf-fuer-ein-wuerdiges-chile\/#breadcrumb","itemListElement":[{"@type":"ListItem","position":1,"name":"Accueil","item":"https:\/\/www.pressenza.com\/de\/"},{"@type":"ListItem","position":2,"name":"Die Bewegung Acci\u00f3n Humanista an vorderster Front beim Kampf f\u00fcr ein w\u00fcrdiges Chile"}]},{"@type":"WebSite","@id":"https:\/\/www.pressenza.com\/de\/#website","url":"https:\/\/www.pressenza.com\/de\/","name":"Pressenza","description":"International Press Agency","publisher":{"@id":"https:\/\/www.pressenza.com\/de\/#organization"},"potentialAction":[{"@type":"SearchAction","target":{"@type":"EntryPoint","urlTemplate":"https:\/\/www.pressenza.com\/de\/?s={search_term_string}"},"query-input":{"@type":"PropertyValueSpecification","valueRequired":true,"valueName":"search_term_string"}}],"inLanguage":"de"},{"@type":"Organization","@id":"https:\/\/www.pressenza.com\/de\/#organization","name":"Pressenza","url":"https:\/\/www.pressenza.com\/de\/","logo":{"@type":"ImageObject","inLanguage":"de","@id":"https:\/\/www.pressenza.com\/de\/#\/schema\/logo\/image\/","url":"https:\/\/www.pressenza.com\/wp-content\/uploads\/2022\/10\/pressenza_logo_200x200.jpg","contentUrl":"https:\/\/www.pressenza.com\/wp-content\/uploads\/2022\/10\/pressenza_logo_200x200.jpg","width":200,"height":200,"caption":"Pressenza"},"image":{"@id":"https:\/\/www.pressenza.com\/de\/#\/schema\/logo\/image\/"},"sameAs":["https:\/\/www.facebook.com\/PressenzaItalia","https:\/\/x.com\/PressenzaIPA"]},{"@type":"Person","@id":"https:\/\/www.pressenza.com\/de\/#\/schema\/person\/d7db40df35d6698ba69ba9ee260944ed","name":"Redacci\u00f3n Chile","description":"News from the Pressenza Bureau in Chile","sameAs":["https:\/\/www.facebook.com\/pressenza","https:\/\/x.com\/pressenza"],"url":"https:\/\/www.pressenza.com\/de\/author\/redaccion-chile\/"}]}},"place":"","original_article_url":"","_links":{"self":[{"href":"https:\/\/www.pressenza.com\/de\/wp-json\/wp\/v2\/posts\/1191879","targetHints":{"allow":["GET"]}}],"collection":[{"href":"https:\/\/www.pressenza.com\/de\/wp-json\/wp\/v2\/posts"}],"about":[{"href":"https:\/\/www.pressenza.com\/de\/wp-json\/wp\/v2\/types\/post"}],"author":[{"embeddable":true,"href":"https:\/\/www.pressenza.com\/de\/wp-json\/wp\/v2\/users\/43"}],"replies":[{"embeddable":true,"href":"https:\/\/www.pressenza.com\/de\/wp-json\/wp\/v2\/comments?post=1191879"}],"version-history":[{"count":0,"href":"https:\/\/www.pressenza.com\/de\/wp-json\/wp\/v2\/posts\/1191879\/revisions"}],"wp:featuredmedia":[{"embeddable":true,"href":"https:\/\/www.pressenza.com\/de\/wp-json\/wp\/v2\/media\/1189606"}],"wp:attachment":[{"href":"https:\/\/www.pressenza.com\/de\/wp-json\/wp\/v2\/media?parent=1191879"}],"wp:term":[{"taxonomy":"category","embeddable":true,"href":"https:\/\/www.pressenza.com\/de\/wp-json\/wp\/v2\/categories?post=1191879"},{"taxonomy":"post_tag","embeddable":true,"href":"https:\/\/www.pressenza.com\/de\/wp-json\/wp\/v2\/tags?post=1191879"}],"curies":[{"name":"wp","href":"https:\/\/api.w.org\/{rel}","templated":true}]}}