{"id":1191681,"date":"2020-09-08T17:38:34","date_gmt":"2020-09-08T16:38:34","guid":{"rendered":"https:\/\/www.pressenza.com\/?p=1191681"},"modified":"2020-09-08T17:38:34","modified_gmt":"2020-09-08T16:38:34","slug":"keine-zeit-fuer-die-schule","status":"publish","type":"post","link":"https:\/\/www.pressenza.com\/de\/2020\/09\/keine-zeit-fuer-die-schule\/","title":{"rendered":"Keine Zeit f\u00fcr die Schule"},"content":{"rendered":"<p><strong>Sie verkaufen Kaugummis an Ampeln, putzen Schuhe auf B\u00fcrgersteigen, schuften auf Feldern weit im Landesinnern: Millionen von Kindern in Brasilien m\u00fcssen arbeiten. Expert*innen rechnen damit, dass der Anteil der arbeitenden Kinder durch die wirtschaftlichen Auswirkungen der Coronapandemie steigen wird.<\/strong><\/p>\n<p>\u201eWir bef\u00fcrchten, dass viele Kinder die Schule aufgeben werden, weil sie arbeiten m\u00fcssen\u201c, sagt die Aktivistin Marinalva Dantas der taz. Die 66-J\u00e4hrige lebt im nord\u00f6stlichen Bundesstaat Rio Grande do Norte und k\u00e4mpft seit fast drei Jahrzehnten gegen Kinder- und Sklavenarbeit. \u201eFr\u00fcher haben die Kinder vor allem an den Wochenenden gearbeitet. Nun tun viele dies jeden Tag, da die Schulen geschlossen sind.\u201c<\/p>\n<p>Obwohl Pr\u00e4sident Jair Bolsonaro in seinen cholerischen Ansprachen eine Wiederer\u00f6ffnung der Schulen forderte und erkl\u00e4rte, dass Kindern keine Gefahr durch Corona drohe, haben bisher in nur einem Bundesstaat Schulen wieder ge\u00f6ffnet. Einzelne Landesregierungen diskutieren derzeit zwar einen baldigen Schulstart. Doch es ist davon auszugehen, dass die meisten Schulen in diesem Jahr geschlossen bleiben.<\/p>\n<p>In den vergangenen Tagen waren leichte R\u00fcckg\u00e4nge bei den Coronazahlen zu verzeichnen, doch das Virus w\u00fctet immer noch unkontrolliert im gr\u00f6\u00dften Land Lateinamerikas. Mehr als 110.000 Menschen sind bereits an Covid-19 verstorben, fast vier Millionen Menschen haben sich infiziert. Die Pandemie trifft insbesondere arme Familien schwer. Viele informelle Arbeiter*innen haben ihre Jobs verloren, die Armut w\u00e4chst im ganzen Land, mittlerweile hungern viele Menschen. So ist es kaum verwunderlich, dass immer mehr Kinder versuchen, durch Arbeit ihre Familien zu unterst\u00fctzen.<\/p>\n<p><strong>Schon vor Corona arbeiteten in Brasilien 2,4 Millionen Kinder<\/strong><\/p>\n<p>Laut der Verfassung d\u00fcrfen Kinder in Brasilien unter 16 Jahren nicht arbeiten. Bis sie 18 Jahre alt sind, d\u00fcrfen Jugendliche nur mit strengen Auflagen arbeiten und sind von bestimmten T\u00e4tigkeiten komplett ausgeschlossen. Dennoch arbeiteten bereits vor Corona 2,4 Millionen Kinder. Das sind vier Prozent aller Kinder.<\/p>\n<p>Laut einer Studie des Statistikinstituts IGBE ist Kinderarbeit der Hauptgrund, warum Kinder die Schule fr\u00fchzeitig verlassen. Die Regierung der sozialdemokratischen Arbeiterpartei (PT) unter Pr\u00e4sident Luiz In\u00e1cio \u201eLula\u201c da Silva versuchte gegen Kinderarbeit vorzugehen, indem sie Sozialleistungen an den Schulbesuch kn\u00fcpfte. Die Aktivistin Dantas vermutet, dass viele Kinder in der derzeitigen Notsituation trotz m\u00f6glicher Streichung von Sozialleistungen die Schule verlassen werden.<\/p>\n<p><strong>\u201eWir bef\u00fcrchten, dass viele Kinder die Schule aufgeben werden, weil sie arbeiten m\u00fcssen\u201c<\/strong><\/p>\n<p>\u201eDie Arbeit gibt vielen Kindern Anerkennung zu Hause und zudem ein Gef\u00fchl von Freiheit.\u201c Doch Dantas warnt vor den gesundheitlichen und sozialen Risiken. \u201eIch hatte mit einem M\u00e4dchen zu tun, die als junge Erwachsene Invalidin war, weil sie als Kind so hart gearbeitet hat.\u201c Weil es an Bildung fehle, sei es f\u00fcr Kinder sp\u00e4ter unm\u00f6glich, einen regul\u00e4ren Job zu finden.<\/p>\n<p>Dass in der Coronazeit mehr Kinder arbeiten, haben Dantas und ihre Kol\u00adleg*innen bei ihrer allt\u00e4glichen Arbeit festgestellt. Doch ein Anstieg l\u00e4sst sich in Rio Grande do Norte noch nicht mit Zahlen belegen. Das sieht in S\u00e3o Paulo anders aus. Laut einer Studie von Unicef hat die Kinderarbeit in dem Bundesstaat w\u00e4hrend der Pandemie um 21 Prozent zugenommen.<\/p>\n<p><strong>Viele Sch\u00fcler*innen haben keine Smartphones oder Laptops<\/strong><\/p>\n<p>Emerson Szeremeta Ferreira ist Lehrer an einer \u00f6ffentlichen Schule im sozial benachteiligten S\u00fcden der Megametropole S\u00e3o Paulo. Viele seiner Sch\u00fcler*innen, die zwischen acht und 13 Jahren alt sind, arbeiten, um ihre Familien zu unterst\u00fctzen. \u201eAls wir noch Unterricht hatten, schliefen viele Sch\u00fcler im Klassenzimmer ein, weil sie abends Bonbons an Ampeln verkaufen oder Schrott sammeln mussten\u201c, sagt Ferreira der taz. Ob einige seiner Sch\u00fcler*innen wegen der Pandemie die Schule aufgeben werden, sei derzeit noch nicht abzusehen.<\/p>\n<p>Viele Schulen bieten in der Krisenzeit Online-Unterricht \u00fcber spezielle Apps an. Das Problem: Viele arme Sch\u00fcler*innen haben weder Smartphone, noch Tablets oder Laptop. \u201eZahlreiche arme Familien sind der Meinung, dass ihre Kinder den Unterrichtsstoff sowieso nicht mehr aufholen k\u00f6nnen und sie deshalb lieber arbeiten gehen k\u00f6nnen\u201c, sagt Kinderrechtsaktivistin Dantas.<\/p>\n","protected":false},"excerpt":{"rendered":"<p>Sie verkaufen Kaugummis an Ampeln, putzen Schuhe auf B\u00fcrgersteigen, schuften auf Feldern weit im Landesinnern: Millionen von Kindern in Brasilien m\u00fcssen arbeiten. Expert*innen rechnen damit, dass der Anteil der arbeitenden Kinder durch die wirtschaftlichen Auswirkungen der Coronapandemie steigen wird. \u201eWir&hellip;<\/p>\n","protected":false},"author":1631,"featured_media":1191684,"comment_status":"closed","ping_status":"closed","sticky":false,"template":"","format":"standard","meta":{"footnotes":""},"categories":[9159,9160,46978,9161,9168],"tags":[10609,72646,40933,77183],"class_list":["post-1191681","post","type-post","status-publish","format-standard","has-post-thumbnail","hentry","category-bildung","category-gesundheit","category-jugend","category-menschenrechte","category-politik","tag-bildung","tag-covid-19-de","tag-kinderarbeit","tag-unicef-de"],"yoast_head":"<!-- This site is optimized with the Yoast SEO plugin v27.1.1 - https:\/\/yoast.com\/product\/yoast-seo-wordpress\/ -->\n<title>Keine Zeit f\u00fcr die Schule<\/title>\n<meta name=\"description\" content=\"Sie verkaufen Kaugummis an Ampeln, putzen Schuhe auf B\u00fcrgersteigen, schuften auf Feldern weit im Landesinnern: Millionen von Kindern in Brasilien m\u00fcssen\" \/>\n<meta name=\"robots\" content=\"index, follow, max-snippet:-1, max-image-preview:large, max-video-preview:-1\" \/>\n<link rel=\"canonical\" href=\"https:\/\/www.pressenza.com\/de\/2020\/09\/keine-zeit-fuer-die-schule\/\" \/>\n<meta property=\"og:locale\" content=\"de_DE\" \/>\n<meta property=\"og:type\" content=\"article\" \/>\n<meta property=\"og:title\" content=\"Keine Zeit f\u00fcr die Schule\" \/>\n<meta property=\"og:description\" content=\"Sie verkaufen Kaugummis an Ampeln, putzen Schuhe auf B\u00fcrgersteigen, schuften auf Feldern weit im Landesinnern: Millionen von Kindern in Brasilien m\u00fcssen\" \/>\n<meta property=\"og:url\" content=\"https:\/\/www.pressenza.com\/de\/2020\/09\/keine-zeit-fuer-die-schule\/\" \/>\n<meta property=\"og:site_name\" content=\"Pressenza\" \/>\n<meta property=\"article:publisher\" content=\"https:\/\/www.facebook.com\/PressenzaItalia\" \/>\n<meta property=\"article:published_time\" content=\"2020-09-08T16:38:34+00:00\" \/>\n<meta property=\"og:image\" content=\"https:\/\/www.pressenza.com\/wp-content\/uploads\/2020\/09\/brasilien-schule.jpeg\" \/>\n\t<meta property=\"og:image:width\" content=\"800\" \/>\n\t<meta property=\"og:image:height\" content=\"533\" \/>\n\t<meta property=\"og:image:type\" content=\"image\/jpeg\" \/>\n<meta name=\"author\" content=\"Lateinamerika Nachrichten\" \/>\n<meta name=\"twitter:card\" content=\"summary_large_image\" \/>\n<meta name=\"twitter:creator\" content=\"@PressenzaIPA\" \/>\n<meta name=\"twitter:site\" content=\"@PressenzaIPA\" \/>\n<meta name=\"twitter:label1\" content=\"Verfasst von\" \/>\n\t<meta name=\"twitter:data1\" content=\"Lateinamerika Nachrichten\" \/>\n\t<meta name=\"twitter:label2\" content=\"Gesch\u00e4tzte Lesezeit\" \/>\n\t<meta name=\"twitter:data2\" content=\"3\u00a0Minuten\" \/>\n<script type=\"application\/ld+json\" class=\"yoast-schema-graph\">{\"@context\":\"https:\/\/schema.org\",\"@graph\":[{\"@type\":\"Article\",\"@id\":\"https:\/\/www.pressenza.com\/de\/2020\/09\/keine-zeit-fuer-die-schule\/#article\",\"isPartOf\":{\"@id\":\"https:\/\/www.pressenza.com\/de\/2020\/09\/keine-zeit-fuer-die-schule\/\"},\"author\":{\"name\":\"Lateinamerika Nachrichten\",\"@id\":\"https:\/\/www.pressenza.com\/de\/#\/schema\/person\/ca80be2ec1663515ce690c04e8a674af\"},\"headline\":\"Keine Zeit f\u00fcr die Schule\",\"datePublished\":\"2020-09-08T16:38:34+00:00\",\"mainEntityOfPage\":{\"@id\":\"https:\/\/www.pressenza.com\/de\/2020\/09\/keine-zeit-fuer-die-schule\/\"},\"wordCount\":664,\"publisher\":{\"@id\":\"https:\/\/www.pressenza.com\/de\/#organization\"},\"image\":{\"@id\":\"https:\/\/www.pressenza.com\/de\/2020\/09\/keine-zeit-fuer-die-schule\/#primaryimage\"},\"thumbnailUrl\":\"https:\/\/www.pressenza.com\/wp-content\/uploads\/2020\/09\/brasilien-schule.jpeg\",\"keywords\":[\"Bildung\",\"COVID-19\",\"Kinderarbeit\",\"UNICEF\"],\"articleSection\":[\"Bildung\",\"Gesundheit\",\"Jugend\",\"Menschenrechte\",\"Politik\"],\"inLanguage\":\"de\"},{\"@type\":\"WebPage\",\"@id\":\"https:\/\/www.pressenza.com\/de\/2020\/09\/keine-zeit-fuer-die-schule\/\",\"url\":\"https:\/\/www.pressenza.com\/de\/2020\/09\/keine-zeit-fuer-die-schule\/\",\"name\":\"Keine Zeit f\u00fcr die Schule\",\"isPartOf\":{\"@id\":\"https:\/\/www.pressenza.com\/de\/#website\"},\"primaryImageOfPage\":{\"@id\":\"https:\/\/www.pressenza.com\/de\/2020\/09\/keine-zeit-fuer-die-schule\/#primaryimage\"},\"image\":{\"@id\":\"https:\/\/www.pressenza.com\/de\/2020\/09\/keine-zeit-fuer-die-schule\/#primaryimage\"},\"thumbnailUrl\":\"https:\/\/www.pressenza.com\/wp-content\/uploads\/2020\/09\/brasilien-schule.jpeg\",\"datePublished\":\"2020-09-08T16:38:34+00:00\",\"description\":\"Sie verkaufen Kaugummis an Ampeln, putzen Schuhe auf B\u00fcrgersteigen, schuften auf Feldern weit im Landesinnern: Millionen von Kindern in Brasilien m\u00fcssen\",\"breadcrumb\":{\"@id\":\"https:\/\/www.pressenza.com\/de\/2020\/09\/keine-zeit-fuer-die-schule\/#breadcrumb\"},\"inLanguage\":\"de\",\"potentialAction\":[{\"@type\":\"ReadAction\",\"target\":[\"https:\/\/www.pressenza.com\/de\/2020\/09\/keine-zeit-fuer-die-schule\/\"]}]},{\"@type\":\"ImageObject\",\"inLanguage\":\"de\",\"@id\":\"https:\/\/www.pressenza.com\/de\/2020\/09\/keine-zeit-fuer-die-schule\/#primaryimage\",\"url\":\"https:\/\/www.pressenza.com\/wp-content\/uploads\/2020\/09\/brasilien-schule.jpeg\",\"contentUrl\":\"https:\/\/www.pressenza.com\/wp-content\/uploads\/2020\/09\/brasilien-schule.jpeg\",\"width\":800,\"height\":533},{\"@type\":\"BreadcrumbList\",\"@id\":\"https:\/\/www.pressenza.com\/de\/2020\/09\/keine-zeit-fuer-die-schule\/#breadcrumb\",\"itemListElement\":[{\"@type\":\"ListItem\",\"position\":1,\"name\":\"Accueil\",\"item\":\"https:\/\/www.pressenza.com\/de\/\"},{\"@type\":\"ListItem\",\"position\":2,\"name\":\"Keine Zeit f\u00fcr die Schule\"}]},{\"@type\":\"WebSite\",\"@id\":\"https:\/\/www.pressenza.com\/de\/#website\",\"url\":\"https:\/\/www.pressenza.com\/de\/\",\"name\":\"Pressenza\",\"description\":\"International Press Agency\",\"publisher\":{\"@id\":\"https:\/\/www.pressenza.com\/de\/#organization\"},\"potentialAction\":[{\"@type\":\"SearchAction\",\"target\":{\"@type\":\"EntryPoint\",\"urlTemplate\":\"https:\/\/www.pressenza.com\/de\/?s={search_term_string}\"},\"query-input\":{\"@type\":\"PropertyValueSpecification\",\"valueRequired\":true,\"valueName\":\"search_term_string\"}}],\"inLanguage\":\"de\"},{\"@type\":\"Organization\",\"@id\":\"https:\/\/www.pressenza.com\/de\/#organization\",\"name\":\"Pressenza\",\"url\":\"https:\/\/www.pressenza.com\/de\/\",\"logo\":{\"@type\":\"ImageObject\",\"inLanguage\":\"de\",\"@id\":\"https:\/\/www.pressenza.com\/de\/#\/schema\/logo\/image\/\",\"url\":\"https:\/\/www.pressenza.com\/wp-content\/uploads\/2022\/10\/pressenza_logo_200x200.jpg\",\"contentUrl\":\"https:\/\/www.pressenza.com\/wp-content\/uploads\/2022\/10\/pressenza_logo_200x200.jpg\",\"width\":200,\"height\":200,\"caption\":\"Pressenza\"},\"image\":{\"@id\":\"https:\/\/www.pressenza.com\/de\/#\/schema\/logo\/image\/\"},\"sameAs\":[\"https:\/\/www.facebook.com\/PressenzaItalia\",\"https:\/\/x.com\/PressenzaIPA\"]},{\"@type\":\"Person\",\"@id\":\"https:\/\/www.pressenza.com\/de\/#\/schema\/person\/ca80be2ec1663515ce690c04e8a674af\",\"name\":\"Lateinamerika Nachrichten\",\"description\":\"Die Lateinamerika Nachrichten berichten seit 1973 unabh\u00e4ngig, kritisch und solidarisch \u00fcber aktuelle Entwicklungen in Politik, Gesellschaft und Kultur. Ziel ihrer Berichterstattung ist es dabei auch den Konformismus vieler Medien zu \u00fcberwinden und emanzipatorischem Handeln auf der Spur zu sein. Die auf Pressenza ver\u00f6ffentlichten Artikel und Fotografien von Lateinamerika-Nachrichten unterliegen nicht der Creative Commons Lizenz. Wiederver\u00f6ffentlichung ist erw\u00fcnscht unter Angabe der Quelle und nach R\u00fccksprache mit der Lateinamerika-Nachrichten Redaktion.\",\"url\":\"https:\/\/www.pressenza.com\/de\/author\/lateinamerika-nachrichten\/\"}]}<\/script>\n<!-- \/ Yoast SEO plugin. -->","yoast_head_json":{"title":"Keine Zeit f\u00fcr die Schule","description":"Sie verkaufen Kaugummis an Ampeln, putzen Schuhe auf B\u00fcrgersteigen, schuften auf Feldern weit im Landesinnern: Millionen von Kindern in Brasilien m\u00fcssen","robots":{"index":"index","follow":"follow","max-snippet":"max-snippet:-1","max-image-preview":"max-image-preview:large","max-video-preview":"max-video-preview:-1"},"canonical":"https:\/\/www.pressenza.com\/de\/2020\/09\/keine-zeit-fuer-die-schule\/","og_locale":"de_DE","og_type":"article","og_title":"Keine Zeit f\u00fcr die Schule","og_description":"Sie verkaufen Kaugummis an Ampeln, putzen Schuhe auf B\u00fcrgersteigen, schuften auf Feldern weit im Landesinnern: Millionen von Kindern in Brasilien m\u00fcssen","og_url":"https:\/\/www.pressenza.com\/de\/2020\/09\/keine-zeit-fuer-die-schule\/","og_site_name":"Pressenza","article_publisher":"https:\/\/www.facebook.com\/PressenzaItalia","article_published_time":"2020-09-08T16:38:34+00:00","og_image":[{"width":800,"height":533,"url":"https:\/\/www.pressenza.com\/wp-content\/uploads\/2020\/09\/brasilien-schule.jpeg","type":"image\/jpeg"}],"author":"Lateinamerika Nachrichten","twitter_card":"summary_large_image","twitter_creator":"@PressenzaIPA","twitter_site":"@PressenzaIPA","twitter_misc":{"Verfasst von":"Lateinamerika Nachrichten","Gesch\u00e4tzte Lesezeit":"3\u00a0Minuten"},"schema":{"@context":"https:\/\/schema.org","@graph":[{"@type":"Article","@id":"https:\/\/www.pressenza.com\/de\/2020\/09\/keine-zeit-fuer-die-schule\/#article","isPartOf":{"@id":"https:\/\/www.pressenza.com\/de\/2020\/09\/keine-zeit-fuer-die-schule\/"},"author":{"name":"Lateinamerika Nachrichten","@id":"https:\/\/www.pressenza.com\/de\/#\/schema\/person\/ca80be2ec1663515ce690c04e8a674af"},"headline":"Keine Zeit f\u00fcr die Schule","datePublished":"2020-09-08T16:38:34+00:00","mainEntityOfPage":{"@id":"https:\/\/www.pressenza.com\/de\/2020\/09\/keine-zeit-fuer-die-schule\/"},"wordCount":664,"publisher":{"@id":"https:\/\/www.pressenza.com\/de\/#organization"},"image":{"@id":"https:\/\/www.pressenza.com\/de\/2020\/09\/keine-zeit-fuer-die-schule\/#primaryimage"},"thumbnailUrl":"https:\/\/www.pressenza.com\/wp-content\/uploads\/2020\/09\/brasilien-schule.jpeg","keywords":["Bildung","COVID-19","Kinderarbeit","UNICEF"],"articleSection":["Bildung","Gesundheit","Jugend","Menschenrechte","Politik"],"inLanguage":"de"},{"@type":"WebPage","@id":"https:\/\/www.pressenza.com\/de\/2020\/09\/keine-zeit-fuer-die-schule\/","url":"https:\/\/www.pressenza.com\/de\/2020\/09\/keine-zeit-fuer-die-schule\/","name":"Keine Zeit f\u00fcr die Schule","isPartOf":{"@id":"https:\/\/www.pressenza.com\/de\/#website"},"primaryImageOfPage":{"@id":"https:\/\/www.pressenza.com\/de\/2020\/09\/keine-zeit-fuer-die-schule\/#primaryimage"},"image":{"@id":"https:\/\/www.pressenza.com\/de\/2020\/09\/keine-zeit-fuer-die-schule\/#primaryimage"},"thumbnailUrl":"https:\/\/www.pressenza.com\/wp-content\/uploads\/2020\/09\/brasilien-schule.jpeg","datePublished":"2020-09-08T16:38:34+00:00","description":"Sie verkaufen Kaugummis an Ampeln, putzen Schuhe auf B\u00fcrgersteigen, schuften auf Feldern weit im Landesinnern: Millionen von Kindern in Brasilien m\u00fcssen","breadcrumb":{"@id":"https:\/\/www.pressenza.com\/de\/2020\/09\/keine-zeit-fuer-die-schule\/#breadcrumb"},"inLanguage":"de","potentialAction":[{"@type":"ReadAction","target":["https:\/\/www.pressenza.com\/de\/2020\/09\/keine-zeit-fuer-die-schule\/"]}]},{"@type":"ImageObject","inLanguage":"de","@id":"https:\/\/www.pressenza.com\/de\/2020\/09\/keine-zeit-fuer-die-schule\/#primaryimage","url":"https:\/\/www.pressenza.com\/wp-content\/uploads\/2020\/09\/brasilien-schule.jpeg","contentUrl":"https:\/\/www.pressenza.com\/wp-content\/uploads\/2020\/09\/brasilien-schule.jpeg","width":800,"height":533},{"@type":"BreadcrumbList","@id":"https:\/\/www.pressenza.com\/de\/2020\/09\/keine-zeit-fuer-die-schule\/#breadcrumb","itemListElement":[{"@type":"ListItem","position":1,"name":"Accueil","item":"https:\/\/www.pressenza.com\/de\/"},{"@type":"ListItem","position":2,"name":"Keine Zeit f\u00fcr die Schule"}]},{"@type":"WebSite","@id":"https:\/\/www.pressenza.com\/de\/#website","url":"https:\/\/www.pressenza.com\/de\/","name":"Pressenza","description":"International Press Agency","publisher":{"@id":"https:\/\/www.pressenza.com\/de\/#organization"},"potentialAction":[{"@type":"SearchAction","target":{"@type":"EntryPoint","urlTemplate":"https:\/\/www.pressenza.com\/de\/?s={search_term_string}"},"query-input":{"@type":"PropertyValueSpecification","valueRequired":true,"valueName":"search_term_string"}}],"inLanguage":"de"},{"@type":"Organization","@id":"https:\/\/www.pressenza.com\/de\/#organization","name":"Pressenza","url":"https:\/\/www.pressenza.com\/de\/","logo":{"@type":"ImageObject","inLanguage":"de","@id":"https:\/\/www.pressenza.com\/de\/#\/schema\/logo\/image\/","url":"https:\/\/www.pressenza.com\/wp-content\/uploads\/2022\/10\/pressenza_logo_200x200.jpg","contentUrl":"https:\/\/www.pressenza.com\/wp-content\/uploads\/2022\/10\/pressenza_logo_200x200.jpg","width":200,"height":200,"caption":"Pressenza"},"image":{"@id":"https:\/\/www.pressenza.com\/de\/#\/schema\/logo\/image\/"},"sameAs":["https:\/\/www.facebook.com\/PressenzaItalia","https:\/\/x.com\/PressenzaIPA"]},{"@type":"Person","@id":"https:\/\/www.pressenza.com\/de\/#\/schema\/person\/ca80be2ec1663515ce690c04e8a674af","name":"Lateinamerika Nachrichten","description":"Die Lateinamerika Nachrichten berichten seit 1973 unabh\u00e4ngig, kritisch und solidarisch \u00fcber aktuelle Entwicklungen in Politik, Gesellschaft und Kultur. Ziel ihrer Berichterstattung ist es dabei auch den Konformismus vieler Medien zu \u00fcberwinden und emanzipatorischem Handeln auf der Spur zu sein. Die auf Pressenza ver\u00f6ffentlichten Artikel und Fotografien von Lateinamerika-Nachrichten unterliegen nicht der Creative Commons Lizenz. Wiederver\u00f6ffentlichung ist erw\u00fcnscht unter Angabe der Quelle und nach R\u00fccksprache mit der Lateinamerika-Nachrichten Redaktion.","url":"https:\/\/www.pressenza.com\/de\/author\/lateinamerika-nachrichten\/"}]}},"place":"","original_article_url":"https:\/\/www.npla.de\/thema\/arbeit-gesundheit\/keine-zeit-fuer-die-schule\/","_links":{"self":[{"href":"https:\/\/www.pressenza.com\/de\/wp-json\/wp\/v2\/posts\/1191681","targetHints":{"allow":["GET"]}}],"collection":[{"href":"https:\/\/www.pressenza.com\/de\/wp-json\/wp\/v2\/posts"}],"about":[{"href":"https:\/\/www.pressenza.com\/de\/wp-json\/wp\/v2\/types\/post"}],"author":[{"embeddable":true,"href":"https:\/\/www.pressenza.com\/de\/wp-json\/wp\/v2\/users\/1631"}],"replies":[{"embeddable":true,"href":"https:\/\/www.pressenza.com\/de\/wp-json\/wp\/v2\/comments?post=1191681"}],"version-history":[{"count":0,"href":"https:\/\/www.pressenza.com\/de\/wp-json\/wp\/v2\/posts\/1191681\/revisions"}],"wp:featuredmedia":[{"embeddable":true,"href":"https:\/\/www.pressenza.com\/de\/wp-json\/wp\/v2\/media\/1191684"}],"wp:attachment":[{"href":"https:\/\/www.pressenza.com\/de\/wp-json\/wp\/v2\/media?parent=1191681"}],"wp:term":[{"taxonomy":"category","embeddable":true,"href":"https:\/\/www.pressenza.com\/de\/wp-json\/wp\/v2\/categories?post=1191681"},{"taxonomy":"post_tag","embeddable":true,"href":"https:\/\/www.pressenza.com\/de\/wp-json\/wp\/v2\/tags?post=1191681"}],"curies":[{"name":"wp","href":"https:\/\/api.w.org\/{rel}","templated":true}]}}